{"id":79728,"date":"2023-07-05T09:00:10","date_gmt":"2023-07-05T07:00:10","guid":{"rendered":"https:\/\/exaudi.org\/?p=79728"},"modified":"2023-07-04T17:00:39","modified_gmt":"2023-07-04T15:00:39","slug":"la-accion-social-del-empresario","status":"publish","type":"post","link":"https:\/\/exaudi.org\/es\/la-accion-social-del-empresario\/","title":{"rendered":"La acci\u00f3n social del empresario"},"content":{"rendered":"<audio class=\"wp-audio-shortcode\" id=\"audio-79728-1\" preload=\"none\" style=\"width: 100%;\" controls=\"controls\"><source type=\"audio\/mpeg\" src=\"https:\/\/exaudi.org\/wp-content\/uploads\/2023\/07\/La-accion-social-del-empresario-Cuando-nos.mp3?_=1\" \/><a href=\"https:\/\/exaudi.org\/wp-content\/uploads\/2023\/07\/La-accion-social-del-empresario-Cuando-nos.mp3\">https:\/\/exaudi.org\/wp-content\/uploads\/2023\/07\/La-accion-social-del-empresario-Cuando-nos.mp3<\/a><\/audio>\n<p>Cuando nos preguntamos por lo que espera la Iglesia de un profesional, est\u00e1 claro que estamos pensando en todas aquellas facetas que afectan al desarrollo y ejercicio de esa profesi\u00f3n. As\u00ed, mientras no hay diferencias entre lo que espera la Iglesia de un m\u00e9dico y una abogada, o un profesor universitario y un empresario, como padres de familia, s\u00ed existen matices cuando pensamos en estas personas \u201cactuando\u201d como m\u00e9dicos, abogados, profesores o empresarios.<\/p>\n<p>En s\u00edntesis, lo que la Iglesia espera de un profesional es lo mismo que espera la sociedad, pero con un \u201cplus\u201d, que viene marcado por la experiencia de encuentro personal con Jesucristo, por el deseo de transformarse y transformar el mundo a la luz del Evangelio. Si la sociedad espera que seamos \u201cbuenos profesionales\u201d, la Iglesia espera que, adem\u00e1s, seamos \u201cprofesionales buenos\u201d. Es entonces cuando la praxis profesional es aportaci\u00f3n social en su sentido m\u00e1s pleno, ya que contribuimos no s\u00f3lo desde la dimensi\u00f3n t\u00e9cnica, sino tambi\u00e9n desde la dimensi\u00f3n \u00e9tica, moral y espiritual.<\/p>\n<p>\u00bfY c\u00f3mo aplica esto al empresario? Benedicto XVI, en su enc\u00edclica social <em>Caritas in veritate, <\/em>subraya la dimensi\u00f3n humana, social y \u00e9tica de la empresa, facilitando as\u00ed una propuesta de acci\u00f3n social <em>en<\/em> la empresa y <em>de<\/em> la empresa:<\/p>\n<p>\u00abLa Doctrina Social de la Iglesia sostiene que se pueden vivir relaciones aut\u00e9nticamente humanas, de amistad y de sociabilidad, de solidaridad y de reciprocidad, tambi\u00e9n dentro de la actividad econ\u00f3mica y no solamente fuera o \u201cdespu\u00e9s\u201d de ella. El sector econ\u00f3mico no es ni \u00e9ticamente neutro ni inhumano o antisocial por naturaleza. Es una actividad del hombre y, precisamente porque es humana, debe ser articulada e institucionalizada \u00e9ticamente\u00bb (CiV 36)<\/p>\n<p>El Magisterio Social nos da pistas sobre las grandes aportaciones que el empresario puede ofrecer al mundo desde su fe vivida en la Iglesia. Centr\u00e1ndonos en los pontificados de Benedicto XVI y de Francisco, podr\u00edamos subrayar cuatro grandes aspectos llamados a concretarse en la empresa:<\/p>\n<ul>\n<li><strong>La creatividad<\/strong>. En su <a href=\"https:\/\/somosase.es\/mensaje-del-papa-francisco-para-los-amigos-empresarios-de-uniapac\/\" target=\"_blank\" rel=\"noopener\">mensaje a los empresarios de UNIAPAC<\/a>, el papa Francisco comenta que \u00abun emprendedor sin creatividad no es un buen emprendedor\u00bb. Creatividad para generar amistad social, para centrar desde la antropolog\u00eda cristiana el valor y el sentido del trabajo, para desarrollar la noble vocaci\u00f3n de los empresarios.<\/li>\n<li><strong>La gratuidad<\/strong>. Benedicto XVI anima al empresario en <em>Caritas in veritate<\/em> a ir m\u00e1s all\u00e1 de la l\u00f3gica del beneficio sin renunciar a \u00e9l. Este prop\u00f3sito se alcanza desde el amor, que complementa la l\u00f3gica del mercado (propia del intercambio en la actividad empresarial) con la l\u00f3gica del don (propia de la satisfacci\u00f3n que provoca el dar a cambio de nada y que es posible tambi\u00e9n en los contextos profesionales).<\/li>\n<li><strong>La cultura del encuentro<\/strong>. \u00abLa cultura del encuentro expresa la b\u00fasqueda del bien com\u00fan\u00bb, comentaba el papa Francisco <a href=\"https:\/\/www.vatican.va\/content\/francesco\/es\/speeches\/2023\/june\/documents\/20230601-consejo-empresarial.html\" target=\"_blank\" rel=\"noopener\">a los participantes en la asamblea anual del consejo empresarial de Am\u00e9rica Latina<\/a>. Los empresarios y directivos estamos llamados a construir redes sociales en el sentido m\u00e1s profundamente humano del t\u00e9rmino. Y en esta tarea el di\u00e1logo es crucial.<\/li>\n<li><strong>El cuidado<\/strong>. Tanto de \u201ctodas las personas y de toda la persona\u201d como de la madre Tierra. El ser humano se distingue exponencialmente del resto de seres vivos por su capacidad para el cuidado. Comprendernos dentro de la historia implica reconocer lo recibido y entregar a las nuevas generaciones una creaci\u00f3n transformada desde la luz y la esperanza. En la medida en somos cuidadores de la dignidad de la persona que hay detr\u00e1s de los stakeholders, en la medida en que consideramos que la funci\u00f3n social de la empresa implica una funci\u00f3n ecol\u00f3gica, nos expresamos como cuidadores en medio de la actividad econ\u00f3mica. \u00abCuando el Se\u00f1or toca nuestros corazones, ampliamos nuestra mirada y somos capaces de ver a los necesitados, de cuidar la creaci\u00f3n\u00bb, recordaba el papa Francisco <a href=\"https:\/\/www.vatican.va\/content\/francesco\/es\/speeches\/2023\/february\/documents\/20230217-imprenditori-messico.html\" target=\"_blank\" rel=\"noopener\">a un grupo de empresarios mexicanos<\/a>.<\/li>\n<\/ul>\n<p>En definitiva, la Iglesia nos pide que desarrollemos lo genuino que supone ser cristiano en el d\u00eda a d\u00eda de la actividad empresarial.<\/p>\n<p><em><strong>Dionisio Blasco Espa\u00f1a es Delegado Territorial en la Di\u00f3cesis de M\u00e1laga y miembro del Comit\u00e9 Ejecutivo de <a href=\"https:\/\/somosase.es\/\" target=\"_blank\" rel=\"noopener\">Acci\u00f3n Social Empresarial<\/a><\/strong><\/em><\/p>\n<p><img loading=\"lazy\" decoding=\"async\" class=\"size-full wp-image-79736 aligncenter\" src=\"https:\/\/exaudi.org\/wp-content\/uploads\/2023\/07\/Voces-1.jpg\" alt=\"\" width=\"1080\" height=\"1080\" srcset=\"https:\/\/exaudi.org\/wp-content\/uploads\/2023\/07\/Voces-1.jpg 1080w, https:\/\/exaudi.org\/wp-content\/uploads\/2023\/07\/Voces-1-300x300.jpg 300w, https:\/\/exaudi.org\/wp-content\/uploads\/2023\/07\/Voces-1-1024x1024.jpg 1024w, https:\/\/exaudi.org\/wp-content\/uploads\/2023\/07\/Voces-1-100x100.jpg?crop=1 100w, https:\/\/exaudi.org\/wp-content\/uploads\/2023\/07\/Voces-1-770x770.jpg 770w, https:\/\/exaudi.org\/wp-content\/uploads\/2023\/07\/Voces-1-500x500.jpg 500w, https:\/\/exaudi.org\/wp-content\/uploads\/2023\/07\/Voces-1-293x293.jpg 293w, https:\/\/exaudi.org\/wp-content\/uploads\/2023\/07\/Voces-1-390x390.jpg 390w, https:\/\/exaudi.org\/wp-content\/uploads\/2023\/07\/Voces-1-585x585.jpg 585w, https:\/\/exaudi.org\/wp-content\/uploads\/2023\/07\/Voces-1-900x900.jpg 900w\" sizes=\"auto, (max-width: 1080px) 100vw, 1080px\" \/><\/p>\n","protected":false},"excerpt":{"rendered":"<p>Cuando nos preguntamos qu\u00e9 espera la Iglesia de los directivos y empresarios<\/p>\n","protected":false},"author":111,"featured_media":79729,"comment_status":"closed","ping_status":"closed","sticky":false,"template":"","format":"standard","meta":{"_acf_changed":false,"_crdt_document":"","inline_featured_image":false,"footnotes":""},"categories":[130],"tags":[9083,515,8979,9607,8459,440,4953],"class_list":["post-79728","post","type-post","status-publish","format-standard","has-post-thumbnail","hentry","category-voces","tag-accion-social-empresarial-ase","tag-benedicto-xvi","tag-caritas-in-veritate","tag-directivo","tag-empresario","tag-iglesia","tag-trending-es"],"acf":[],"yoast_head":"<!-- This site is optimized with the Yoast SEO plugin v27.4 - https:\/\/yoast.com\/product\/yoast-seo-wordpress\/ -->\n<title>La acci\u00f3n social del empresario &#8211; Exaudi<\/title>\n<meta name=\"robots\" content=\"index, follow, max-snippet:-1, max-image-preview:large, max-video-preview:-1\" \/>\n<link rel=\"canonical\" href=\"https:\/\/exaudi.org\/es\/la-accion-social-del-empresario\/\" \/>\n<meta property=\"og:locale\" content=\"es_ES\" \/>\n<meta property=\"og:type\" content=\"article\" \/>\n<meta property=\"og:title\" content=\"La acci\u00f3n social del empresario &#8211; Exaudi\" \/>\n<meta property=\"og:description\" content=\"Cuando nos preguntamos qu\u00e9 espera la Iglesia de los directivos y empresarios\" \/>\n<meta property=\"og:url\" content=\"https:\/\/exaudi.org\/es\/la-accion-social-del-empresario\/\" \/>\n<meta property=\"og:site_name\" content=\"Exaudi\" \/>\n<meta property=\"article:publisher\" content=\"https:\/\/www.facebook.com\/ExaudiNews\" \/>\n<meta property=\"article:published_time\" content=\"2023-07-05T07:00:10+00:00\" \/>\n<meta property=\"og:image\" content=\"https:\/\/exaudi.org\/wp-content\/uploads\/2023\/07\/pexels-maria-orlova-4947568-scaled-e1688482163497.jpg\" \/>\n\t<meta property=\"og:image:width\" content=\"1702\" \/>\n\t<meta property=\"og:image:height\" content=\"1075\" \/>\n\t<meta property=\"og:image:type\" content=\"image\/jpeg\" \/>\n<meta name=\"author\" content=\"ASE\" \/>\n<meta name=\"twitter:card\" content=\"summary_large_image\" \/>\n<meta name=\"twitter:creator\" content=\"@https:\/\/twitter.com\/somosase\" \/>\n<meta name=\"twitter:site\" content=\"@Exaudi_News\" \/>\n<meta name=\"twitter:label1\" content=\"Escrito por\" \/>\n\t<meta name=\"twitter:data1\" content=\"ASE\" \/>\n\t<meta name=\"twitter:label2\" content=\"Tiempo de lectura\" \/>\n\t<meta name=\"twitter:data2\" content=\"4 minutos\" \/>\n<script type=\"application\/ld+json\" class=\"yoast-schema-graph\">{\"@context\":\"https:\\\/\\\/schema.org\",\"@graph\":[{\"@type\":\"Article\",\"@id\":\"https:\\\/\\\/exaudi.org\\\/es\\\/la-accion-social-del-empresario\\\/#article\",\"isPartOf\":{\"@id\":\"https:\\\/\\\/exaudi.org\\\/es\\\/la-accion-social-del-empresario\\\/\"},\"author\":{\"name\":\"ASE\",\"@id\":\"https:\\\/\\\/exaudi.org\\\/#\\\/schema\\\/person\\\/079f96a619bd2de0fa21cacab25f741e\"},\"headline\":\"La acci\u00f3n social del empresario\",\"datePublished\":\"2023-07-05T07:00:10+00:00\",\"mainEntityOfPage\":{\"@id\":\"https:\\\/\\\/exaudi.org\\\/es\\\/la-accion-social-del-empresario\\\/\"},\"wordCount\":742,\"image\":{\"@id\":\"https:\\\/\\\/exaudi.org\\\/es\\\/la-accion-social-del-empresario\\\/#primaryimage\"},\"thumbnailUrl\":\"https:\\\/\\\/exaudi.org\\\/wp-content\\\/uploads\\\/2023\\\/07\\\/pexels-maria-orlova-4947568-scaled-e1688482163497.jpg\",\"keywords\":[\"Acci\u00f3n Social Empresarial-ASE\",\"Benedicto XVI\",\"Caritas in veritate\",\"directivo\",\"empresario\",\"Iglesia\",\"Trending\"],\"articleSection\":[\"Voces\"],\"inLanguage\":\"es\"},{\"@type\":\"WebPage\",\"@id\":\"https:\\\/\\\/exaudi.org\\\/es\\\/la-accion-social-del-empresario\\\/\",\"url\":\"https:\\\/\\\/exaudi.org\\\/es\\\/la-accion-social-del-empresario\\\/\",\"name\":\"La acci\u00f3n social del empresario &#8211; Exaudi\",\"isPartOf\":{\"@id\":\"https:\\\/\\\/exaudi.org\\\/#website\"},\"primaryImageOfPage\":{\"@id\":\"https:\\\/\\\/exaudi.org\\\/es\\\/la-accion-social-del-empresario\\\/#primaryimage\"},\"image\":{\"@id\":\"https:\\\/\\\/exaudi.org\\\/es\\\/la-accion-social-del-empresario\\\/#primaryimage\"},\"thumbnailUrl\":\"https:\\\/\\\/exaudi.org\\\/wp-content\\\/uploads\\\/2023\\\/07\\\/pexels-maria-orlova-4947568-scaled-e1688482163497.jpg\",\"datePublished\":\"2023-07-05T07:00:10+00:00\",\"author\":{\"@id\":\"https:\\\/\\\/exaudi.org\\\/#\\\/schema\\\/person\\\/079f96a619bd2de0fa21cacab25f741e\"},\"breadcrumb\":{\"@id\":\"https:\\\/\\\/exaudi.org\\\/es\\\/la-accion-social-del-empresario\\\/#breadcrumb\"},\"inLanguage\":\"es\",\"potentialAction\":[{\"@type\":\"ReadAction\",\"target\":[\"https:\\\/\\\/exaudi.org\\\/es\\\/la-accion-social-del-empresario\\\/\"]}]},{\"@type\":\"ImageObject\",\"inLanguage\":\"es\",\"@id\":\"https:\\\/\\\/exaudi.org\\\/es\\\/la-accion-social-del-empresario\\\/#primaryimage\",\"url\":\"https:\\\/\\\/exaudi.org\\\/wp-content\\\/uploads\\\/2023\\\/07\\\/pexels-maria-orlova-4947568-scaled-e1688482163497.jpg\",\"contentUrl\":\"https:\\\/\\\/exaudi.org\\\/wp-content\\\/uploads\\\/2023\\\/07\\\/pexels-maria-orlova-4947568-scaled-e1688482163497.jpg\",\"width\":1702,\"height\":1075,\"caption\":\"\u00a9 Pexels\"},{\"@type\":\"BreadcrumbList\",\"@id\":\"https:\\\/\\\/exaudi.org\\\/es\\\/la-accion-social-del-empresario\\\/#breadcrumb\",\"itemListElement\":[{\"@type\":\"ListItem\",\"position\":1,\"name\":\"Portada\",\"item\":\"https:\\\/\\\/exaudi.org\\\/es\\\/\"},{\"@type\":\"ListItem\",\"position\":2,\"name\":\"La acci\u00f3n social del empresario\"}]},{\"@type\":\"WebSite\",\"@id\":\"https:\\\/\\\/exaudi.org\\\/#website\",\"url\":\"https:\\\/\\\/exaudi.org\\\/\",\"name\":\"Exaudi\",\"description\":\"News\",\"potentialAction\":[{\"@type\":\"SearchAction\",\"target\":{\"@type\":\"EntryPoint\",\"urlTemplate\":\"https:\\\/\\\/exaudi.org\\\/?s={search_term_string}\"},\"query-input\":{\"@type\":\"PropertyValueSpecification\",\"valueRequired\":true,\"valueName\":\"search_term_string\"}}],\"inLanguage\":\"es\"},{\"@type\":\"Person\",\"@id\":\"https:\\\/\\\/exaudi.org\\\/#\\\/schema\\\/person\\\/079f96a619bd2de0fa21cacab25f741e\",\"name\":\"ASE\",\"image\":{\"@type\":\"ImageObject\",\"inLanguage\":\"es\",\"@id\":\"https:\\\/\\\/secure.gravatar.com\\\/avatar\\\/88e2f1318ec4679be125e9e3d76fbe63f85e701cb67566ede2213f3ce5dee074?s=96&d=mm&r=g\",\"url\":\"https:\\\/\\\/secure.gravatar.com\\\/avatar\\\/88e2f1318ec4679be125e9e3d76fbe63f85e701cb67566ede2213f3ce5dee074?s=96&d=mm&r=g\",\"contentUrl\":\"https:\\\/\\\/secure.gravatar.com\\\/avatar\\\/88e2f1318ec4679be125e9e3d76fbe63f85e701cb67566ede2213f3ce5dee074?s=96&d=mm&r=g\",\"caption\":\"ASE\"},\"description\":\"Acci\u00f3n Social Empresarial (ASE) es una asociaci\u00f3n privada de Empresarios, Directivos y profesionales de la Empresa, constituida de acuerdo con las normas del vigente C\u00f3digo de Derecho Can\u00f3nico, y erigida por la Conferencia Episcopal Espa\u00f1ola (CEE) como persona jur\u00eddica. Se rige por estos Estatutos y por las normas can\u00f3nicas que le sean aplicables. Carece de fin de lucro y estar\u00e1 inscrita en el Registro de Entidades Religiosas.\",\"sameAs\":[\"https:\\\/\\\/somosase.es\\\/\",\"https:\\\/\\\/www.instagram.com\\\/somosase\\\/\",\"https:\\\/\\\/www.linkedin.com\\\/in\\\/somosase\\\/\",\"https:\\\/\\\/x.com\\\/https:\\\/\\\/twitter.com\\\/somosase\",\"https:\\\/\\\/www.youtube.com\\\/channel\\\/UCSwPO1wNcCqMnCW7B4BTZIQ\"],\"url\":\"https:\\\/\\\/exaudi.org\\\/es\\\/author\\\/ase\\\/\"}]}<\/script>\n<!-- \/ Yoast SEO plugin. -->","yoast_head_json":{"title":"La acci\u00f3n social del empresario &#8211; Exaudi","robots":{"index":"index","follow":"follow","max-snippet":"max-snippet:-1","max-image-preview":"max-image-preview:large","max-video-preview":"max-video-preview:-1"},"canonical":"https:\/\/exaudi.org\/es\/la-accion-social-del-empresario\/","og_locale":"es_ES","og_type":"article","og_title":"La acci\u00f3n social del empresario &#8211; Exaudi","og_description":"Cuando nos preguntamos qu\u00e9 espera la Iglesia de los directivos y empresarios","og_url":"https:\/\/exaudi.org\/es\/la-accion-social-del-empresario\/","og_site_name":"Exaudi","article_publisher":"https:\/\/www.facebook.com\/ExaudiNews","article_published_time":"2023-07-05T07:00:10+00:00","og_image":[{"width":1702,"height":1075,"url":"https:\/\/exaudi.org\/wp-content\/uploads\/2023\/07\/pexels-maria-orlova-4947568-scaled-e1688482163497.jpg","type":"image\/jpeg"}],"author":"ASE","twitter_card":"summary_large_image","twitter_creator":"@https:\/\/twitter.com\/somosase","twitter_site":"@Exaudi_News","twitter_misc":{"Escrito por":"ASE","Tiempo de lectura":"4 minutos"},"schema":{"@context":"https:\/\/schema.org","@graph":[{"@type":"Article","@id":"https:\/\/exaudi.org\/es\/la-accion-social-del-empresario\/#article","isPartOf":{"@id":"https:\/\/exaudi.org\/es\/la-accion-social-del-empresario\/"},"author":{"name":"ASE","@id":"https:\/\/exaudi.org\/#\/schema\/person\/079f96a619bd2de0fa21cacab25f741e"},"headline":"La acci\u00f3n social del empresario","datePublished":"2023-07-05T07:00:10+00:00","mainEntityOfPage":{"@id":"https:\/\/exaudi.org\/es\/la-accion-social-del-empresario\/"},"wordCount":742,"image":{"@id":"https:\/\/exaudi.org\/es\/la-accion-social-del-empresario\/#primaryimage"},"thumbnailUrl":"https:\/\/exaudi.org\/wp-content\/uploads\/2023\/07\/pexels-maria-orlova-4947568-scaled-e1688482163497.jpg","keywords":["Acci\u00f3n Social Empresarial-ASE","Benedicto XVI","Caritas in veritate","directivo","empresario","Iglesia","Trending"],"articleSection":["Voces"],"inLanguage":"es"},{"@type":"WebPage","@id":"https:\/\/exaudi.org\/es\/la-accion-social-del-empresario\/","url":"https:\/\/exaudi.org\/es\/la-accion-social-del-empresario\/","name":"La acci\u00f3n social del empresario &#8211; Exaudi","isPartOf":{"@id":"https:\/\/exaudi.org\/#website"},"primaryImageOfPage":{"@id":"https:\/\/exaudi.org\/es\/la-accion-social-del-empresario\/#primaryimage"},"image":{"@id":"https:\/\/exaudi.org\/es\/la-accion-social-del-empresario\/#primaryimage"},"thumbnailUrl":"https:\/\/exaudi.org\/wp-content\/uploads\/2023\/07\/pexels-maria-orlova-4947568-scaled-e1688482163497.jpg","datePublished":"2023-07-05T07:00:10+00:00","author":{"@id":"https:\/\/exaudi.org\/#\/schema\/person\/079f96a619bd2de0fa21cacab25f741e"},"breadcrumb":{"@id":"https:\/\/exaudi.org\/es\/la-accion-social-del-empresario\/#breadcrumb"},"inLanguage":"es","potentialAction":[{"@type":"ReadAction","target":["https:\/\/exaudi.org\/es\/la-accion-social-del-empresario\/"]}]},{"@type":"ImageObject","inLanguage":"es","@id":"https:\/\/exaudi.org\/es\/la-accion-social-del-empresario\/#primaryimage","url":"https:\/\/exaudi.org\/wp-content\/uploads\/2023\/07\/pexels-maria-orlova-4947568-scaled-e1688482163497.jpg","contentUrl":"https:\/\/exaudi.org\/wp-content\/uploads\/2023\/07\/pexels-maria-orlova-4947568-scaled-e1688482163497.jpg","width":1702,"height":1075,"caption":"\u00a9 Pexels"},{"@type":"BreadcrumbList","@id":"https:\/\/exaudi.org\/es\/la-accion-social-del-empresario\/#breadcrumb","itemListElement":[{"@type":"ListItem","position":1,"name":"Portada","item":"https:\/\/exaudi.org\/es\/"},{"@type":"ListItem","position":2,"name":"La acci\u00f3n social del empresario"}]},{"@type":"WebSite","@id":"https:\/\/exaudi.org\/#website","url":"https:\/\/exaudi.org\/","name":"Exaudi","description":"News","potentialAction":[{"@type":"SearchAction","target":{"@type":"EntryPoint","urlTemplate":"https:\/\/exaudi.org\/?s={search_term_string}"},"query-input":{"@type":"PropertyValueSpecification","valueRequired":true,"valueName":"search_term_string"}}],"inLanguage":"es"},{"@type":"Person","@id":"https:\/\/exaudi.org\/#\/schema\/person\/079f96a619bd2de0fa21cacab25f741e","name":"ASE","image":{"@type":"ImageObject","inLanguage":"es","@id":"https:\/\/secure.gravatar.com\/avatar\/88e2f1318ec4679be125e9e3d76fbe63f85e701cb67566ede2213f3ce5dee074?s=96&d=mm&r=g","url":"https:\/\/secure.gravatar.com\/avatar\/88e2f1318ec4679be125e9e3d76fbe63f85e701cb67566ede2213f3ce5dee074?s=96&d=mm&r=g","contentUrl":"https:\/\/secure.gravatar.com\/avatar\/88e2f1318ec4679be125e9e3d76fbe63f85e701cb67566ede2213f3ce5dee074?s=96&d=mm&r=g","caption":"ASE"},"description":"Acci\u00f3n Social Empresarial (ASE) es una asociaci\u00f3n privada de Empresarios, Directivos y profesionales de la Empresa, constituida de acuerdo con las normas del vigente C\u00f3digo de Derecho Can\u00f3nico, y erigida por la Conferencia Episcopal Espa\u00f1ola (CEE) como persona jur\u00eddica. Se rige por estos Estatutos y por las normas can\u00f3nicas que le sean aplicables. Carece de fin de lucro y estar\u00e1 inscrita en el Registro de Entidades Religiosas.","sameAs":["https:\/\/somosase.es\/","https:\/\/www.instagram.com\/somosase\/","https:\/\/www.linkedin.com\/in\/somosase\/","https:\/\/x.com\/https:\/\/twitter.com\/somosase","https:\/\/www.youtube.com\/channel\/UCSwPO1wNcCqMnCW7B4BTZIQ"],"url":"https:\/\/exaudi.org\/es\/author\/ase\/"}]}},"jetpack_featured_media_url":"https:\/\/exaudi.org\/wp-content\/uploads\/2023\/07\/pexels-maria-orlova-4947568-scaled-e1688482163497.jpg","jetpack_shortlink":"https:\/\/wp.me\/pgKjF2-kJW","_links":{"self":[{"href":"https:\/\/exaudi.org\/es\/wp-json\/wp\/v2\/posts\/79728","targetHints":{"allow":["GET"]}}],"collection":[{"href":"https:\/\/exaudi.org\/es\/wp-json\/wp\/v2\/posts"}],"about":[{"href":"https:\/\/exaudi.org\/es\/wp-json\/wp\/v2\/types\/post"}],"author":[{"embeddable":true,"href":"https:\/\/exaudi.org\/es\/wp-json\/wp\/v2\/users\/111"}],"replies":[{"embeddable":true,"href":"https:\/\/exaudi.org\/es\/wp-json\/wp\/v2\/comments?post=79728"}],"version-history":[{"count":0,"href":"https:\/\/exaudi.org\/es\/wp-json\/wp\/v2\/posts\/79728\/revisions"}],"wp:featuredmedia":[{"embeddable":true,"href":"https:\/\/exaudi.org\/es\/wp-json\/wp\/v2\/media\/79729"}],"wp:attachment":[{"href":"https:\/\/exaudi.org\/es\/wp-json\/wp\/v2\/media?parent=79728"}],"wp:term":[{"taxonomy":"category","embeddable":true,"href":"https:\/\/exaudi.org\/es\/wp-json\/wp\/v2\/categories?post=79728"},{"taxonomy":"post_tag","embeddable":true,"href":"https:\/\/exaudi.org\/es\/wp-json\/wp\/v2\/tags?post=79728"}],"curies":[{"name":"wp","href":"https:\/\/api.w.org\/{rel}","templated":true}]}}