{"id":79623,"date":"2023-07-03T10:19:13","date_gmt":"2023-07-03T08:19:13","guid":{"rendered":"https:\/\/exaudi.org\/?p=79623"},"modified":"2023-07-04T09:38:54","modified_gmt":"2023-07-04T07:38:54","slug":"libertad-de-culto-vs-derechos-lgtbiq","status":"publish","type":"post","link":"https:\/\/exaudi.org\/es\/libertad-de-culto-vs-derechos-lgtbiq\/","title":{"rendered":"Libertad de Culto vs Derechos LGTBIQ+"},"content":{"rendered":"<audio class=\"wp-audio-shortcode\" id=\"audio-79623-1\" preload=\"none\" style=\"width: 100%;\" controls=\"controls\"><source type=\"audio\/mpeg\" src=\"https:\/\/exaudi.org\/wp-content\/uploads\/2023\/07\/Libertad-de-Culto-vs-Derechos-LGTBIQ-\u00bfPor-que_1.mp3?_=1\" \/><a href=\"https:\/\/exaudi.org\/wp-content\/uploads\/2023\/07\/Libertad-de-Culto-vs-Derechos-LGTBIQ-\u00bfPor-que_1.mp3\">https:\/\/exaudi.org\/wp-content\/uploads\/2023\/07\/Libertad-de-Culto-vs-Derechos-LGTBIQ-\u00bfPor-que_1.mp3<\/a><\/audio>\n<p>Este art\u00edculo podr\u00eda intitularse: \u201cDerechos Humanos vs Derechos Humanos.\u201d Es decir, o hay una contradicci\u00f3n l\u00f3gica entre los diversos derechos humanos, o hay unos derechos humanos reales y otros ficticios o, finalmente existe una preeminencia de algunos derechos humanos sobre otros; es decir, hay una jerarqu\u00eda en cuanto a derechos humanos se refiere.<\/p>\n<p>Recientemente se ha presentado en el Consejo de Derechos Humanos de Ginebra, Suiza el \u201cNuevo informe de las Naciones Unidas sobre libertad de Culto y de Creencias\u201d, cuya redacci\u00f3n estuvo a cargo de V\u00edctor Madrigal-Borloz, <em>Experto independiente sobre la protecci\u00f3n contra la violencia y la discriminaci\u00f3n por motivos de orientaci\u00f3n sexual o identidad de g\u00e9nero<\/em>. El resultado es un curioso \u201cc\u00edrculo cuadrado\u201d, es decir, un texto contradictorio. Porque finalmente propone limitar dr\u00e1sticamente la libertad de culto y de creencias, recurriendo inclusive a la fuerza coercitiva del estado, para ajustar cualquier tipo de creencia y culto a los principios ideol\u00f3gicos de la doctrina LGTBIQ+. Es como encomendarle a Hitler la elaboraci\u00f3n de una normatividad que defienda los derechos de los jud\u00edos. Un absurdo. Pero en la irreal sociedad en que vivimos, los absurdos son frecuentes.<\/p>\n<p>\u00bfPor qu\u00e9 encargarle a un experto en las reivindicaciones del colectivo LGTBIQ+ la elaboraci\u00f3n de un texto \u201csobre la libertad de culto y de creencias? \u00bfPor qu\u00e9 no ped\u00edrselo, por ejemplo, a una persona que haya sufrido vejaciones e injusticias a causa de sus creencias? \u00bfPor qu\u00e9 mezclar ambos \u00e1mbitos, cuando a la vista es como confundir la gimnasia con la magnesia? Se palpa, de forma patente y evidente, el car\u00e1cter tendencioso de la ONU que, en contra de sus propios principios, est\u00e1 dispuesta a sacrificar la libertad religiosa en el altar de los \u201cderechos\u201d LGTBIQ+.<\/p>\n<p>El informe de Madrigal-Borloz no se anda con medias tintas, pues \u201cpide a los gobiernos que amenacen y castiguen a los dirigentes y organizaciones religiosas que no cumplan con la ortodoxia LGTB.\u201d Llega incluso a pedir \u201ca los gobiernos que desestabilicen las religiones desde adentro apoyando a las facciones pro-LGTB que existan en las diversas denominaciones religiosas.\u201d Algo as\u00ed como promover a James Martin S.J. para obispo, cardenal o Papa. Se quejan mucho de los \u201cdiscursos de odio\u201d, pero el informe afirma, como lo m\u00e1s normal, que los ministros religiosos deben ser amenazados para que cumplan con la doctrina LGTBIQ+ o \u201csufrir las consecuencias.\u201d<\/p>\n<p>En resumen, los derechos LGTBIQ+ estar\u00edan por encima de la libertad religiosa, reconocida por la <em>Declaraci\u00f3n Universal de Derechos Humanos<\/em>, promulgada por la misma ONU y con car\u00e1cter vinculante para los pa\u00edses firmantes. Lo curioso, es que los derechos LGTBIQ+ no aparecen por ning\u00fan lado en dicha Carta Magna de los Derechos Humanos. Incluso parecer\u00edan oponerse -seg\u00fan una interpretaci\u00f3n que se ajuste al esp\u00edritu con el que fue escrita la Declaraci\u00f3n, y no la deconstruya servilmente, para favorecer a una ideolog\u00eda posterior a ella- al Art\u00edculo 16 de la declaraci\u00f3n, sobre el Matrimonio y la Familia.<\/p>\n<p>En efecto el \u201cNuevo informe de las Naciones Unidas sobre libertad de Culto y de Creencias\u201d del a\u00f1o 2023 se opone a la <em>Declaraci\u00f3n Universal de Derechos Humanos<\/em> de 1948 en los siguientes puntos: En el mismo <em>Pre\u00e1mbulo<\/em>, donde afirma: \u201cse ha proclamado, como la aspiraci\u00f3n m\u00e1s elevada del hombre, el advenimiento de un mundo en que los seres humanos, liberados del temor y de la miseria, disfruten de la libertad de palabra y de la <em>libertad de creencias<\/em>\u201d. En el Art\u00edculo 12: \u201cNadie ser\u00e1 objeto de injerencias arbitrarias en su vida privada.\u201d Al Art\u00edculo 18: \u201cToda persona tiene derecho a la <em>libertad de<\/em> pensamiento, de conciencia y de <em>religi\u00f3n<\/em>; este derecho incluye la libertad de cambiar de religi\u00f3n o de creencia, as\u00ed como la libertad de manifestar su religi\u00f3n o su creencia, individual y colectivamente, tanto en p\u00fablico como en privado, por la ense\u00f1anza, la pr\u00e1ctica, el culto y la <em>observancia<\/em>.\u201d Finalmente, en su intento de deconstruir los derechos humanos, se opone al Art\u00edculo 30: \u201cNada en esta Declaraci\u00f3n podr\u00e1 interpretarse en el sentido de que confiere derecho alguno al Estado, <em>a un grupo<\/em> o a una persona, para emprender y desarrollar actividades o realizar actos tendientes a la supresi\u00f3n de cualquiera de los derechos y libertades proclamados en esta Declaraci\u00f3n.\u201d<\/p>\n<p><img loading=\"lazy\" decoding=\"async\" class=\"size-full wp-image-79631 aligncenter\" src=\"https:\/\/exaudi.org\/wp-content\/uploads\/2023\/07\/Voces.jpg\" alt=\"\" width=\"1080\" height=\"1080\" srcset=\"https:\/\/exaudi.org\/wp-content\/uploads\/2023\/07\/Voces.jpg 1080w, https:\/\/exaudi.org\/wp-content\/uploads\/2023\/07\/Voces-300x300.jpg 300w, https:\/\/exaudi.org\/wp-content\/uploads\/2023\/07\/Voces-1024x1024.jpg 1024w, https:\/\/exaudi.org\/wp-content\/uploads\/2023\/07\/Voces-100x100.jpg?crop=1 100w, https:\/\/exaudi.org\/wp-content\/uploads\/2023\/07\/Voces-770x770.jpg 770w, https:\/\/exaudi.org\/wp-content\/uploads\/2023\/07\/Voces-500x500.jpg 500w, https:\/\/exaudi.org\/wp-content\/uploads\/2023\/07\/Voces-293x293.jpg 293w, https:\/\/exaudi.org\/wp-content\/uploads\/2023\/07\/Voces-390x390.jpg 390w, https:\/\/exaudi.org\/wp-content\/uploads\/2023\/07\/Voces-585x585.jpg 585w, https:\/\/exaudi.org\/wp-content\/uploads\/2023\/07\/Voces-900x900.jpg 900w\" sizes=\"auto, (max-width: 1080px) 100vw, 1080px\" \/><\/p>\n","protected":false},"excerpt":{"rendered":"<p>\u00bfPor qu\u00e9 encargarle a un experto en las reivindicaciones del colectivo LGTBIQ+ la elaboraci\u00f3n de un texto \u201csobre la libertad de culto y de creencias?<\/p>\n","protected":false},"author":116,"featured_media":79624,"comment_status":"closed","ping_status":"closed","sticky":false,"template":"","format":"standard","meta":{"_acf_changed":false,"_crdt_document":"","inline_featured_image":false,"footnotes":""},"categories":[130],"tags":[925,9596,9595,1542,4953],"class_list":["post-79623","post","type-post","status-publish","format-standard","has-post-thumbnail","hentry","category-voces","tag-culto","tag-derechos","tag-lgtbiq","tag-libertad","tag-trending-es"],"acf":[],"yoast_head":"<!-- This site is optimized with the Yoast SEO plugin v27.4 - https:\/\/yoast.com\/product\/yoast-seo-wordpress\/ -->\n<title>Libertad de Culto vs Derechos LGTBIQ+ &#8211; Exaudi<\/title>\n<meta name=\"robots\" content=\"index, follow, max-snippet:-1, max-image-preview:large, max-video-preview:-1\" \/>\n<link rel=\"canonical\" href=\"https:\/\/exaudi.org\/es\/libertad-de-culto-vs-derechos-lgtbiq\/\" \/>\n<meta property=\"og:locale\" content=\"es_ES\" \/>\n<meta property=\"og:type\" content=\"article\" \/>\n<meta property=\"og:title\" content=\"Libertad de Culto vs Derechos LGTBIQ+ &#8211; Exaudi\" \/>\n<meta property=\"og:description\" content=\"\u00bfPor qu\u00e9 encargarle a un experto en las reivindicaciones del colectivo LGTBIQ+ la elaboraci\u00f3n de un texto \u201csobre la libertad de culto y de creencias?\" \/>\n<meta property=\"og:url\" content=\"https:\/\/exaudi.org\/es\/libertad-de-culto-vs-derechos-lgtbiq\/\" \/>\n<meta property=\"og:site_name\" content=\"Exaudi\" \/>\n<meta property=\"article:publisher\" content=\"https:\/\/www.facebook.com\/ExaudiNews\" \/>\n<meta property=\"article:published_time\" content=\"2023-07-03T08:19:13+00:00\" \/>\n<meta property=\"article:modified_time\" content=\"2023-07-04T07:38:54+00:00\" \/>\n<meta property=\"og:image\" content=\"https:\/\/exaudi.org\/wp-content\/uploads\/2023\/07\/pexels-kourosh-qaffari-1583582-scaled.jpg\" \/>\n\t<meta property=\"og:image:width\" content=\"2560\" \/>\n\t<meta property=\"og:image:height\" content=\"1709\" \/>\n\t<meta property=\"og:image:type\" content=\"image\/jpeg\" \/>\n<meta name=\"author\" content=\"Salvador Fabre\" \/>\n<meta name=\"twitter:card\" content=\"summary_large_image\" \/>\n<meta name=\"twitter:creator\" content=\"@Exaudi_News\" \/>\n<meta name=\"twitter:site\" content=\"@Exaudi_News\" \/>\n<meta name=\"twitter:label1\" content=\"Escrito por\" \/>\n\t<meta name=\"twitter:data1\" content=\"Salvador Fabre\" \/>\n\t<meta name=\"twitter:label2\" content=\"Tiempo de lectura\" \/>\n\t<meta name=\"twitter:data2\" content=\"4 minutos\" \/>\n<script type=\"application\/ld+json\" class=\"yoast-schema-graph\">{\"@context\":\"https:\\\/\\\/schema.org\",\"@graph\":[{\"@type\":\"Article\",\"@id\":\"https:\\\/\\\/exaudi.org\\\/es\\\/libertad-de-culto-vs-derechos-lgtbiq\\\/#article\",\"isPartOf\":{\"@id\":\"https:\\\/\\\/exaudi.org\\\/es\\\/libertad-de-culto-vs-derechos-lgtbiq\\\/\"},\"author\":{\"name\":\"Salvador Fabre\",\"@id\":\"https:\\\/\\\/exaudi.org\\\/#\\\/schema\\\/person\\\/29b1dbd9f3952eecacfc704ca1a473a8\"},\"headline\":\"Libertad de Culto vs Derechos LGTBIQ+\",\"datePublished\":\"2023-07-03T08:19:13+00:00\",\"dateModified\":\"2023-07-04T07:38:54+00:00\",\"mainEntityOfPage\":{\"@id\":\"https:\\\/\\\/exaudi.org\\\/es\\\/libertad-de-culto-vs-derechos-lgtbiq\\\/\"},\"wordCount\":757,\"image\":{\"@id\":\"https:\\\/\\\/exaudi.org\\\/es\\\/libertad-de-culto-vs-derechos-lgtbiq\\\/#primaryimage\"},\"thumbnailUrl\":\"https:\\\/\\\/exaudi.org\\\/wp-content\\\/uploads\\\/2023\\\/07\\\/pexels-kourosh-qaffari-1583582-scaled.jpg\",\"keywords\":[\"Culto\",\"derechos\",\"LGTBIQ+\",\"Libertad\",\"Trending\"],\"articleSection\":[\"Voces\"],\"inLanguage\":\"es\"},{\"@type\":\"WebPage\",\"@id\":\"https:\\\/\\\/exaudi.org\\\/es\\\/libertad-de-culto-vs-derechos-lgtbiq\\\/\",\"url\":\"https:\\\/\\\/exaudi.org\\\/es\\\/libertad-de-culto-vs-derechos-lgtbiq\\\/\",\"name\":\"Libertad de Culto vs Derechos LGTBIQ+ &#8211; Exaudi\",\"isPartOf\":{\"@id\":\"https:\\\/\\\/exaudi.org\\\/#website\"},\"primaryImageOfPage\":{\"@id\":\"https:\\\/\\\/exaudi.org\\\/es\\\/libertad-de-culto-vs-derechos-lgtbiq\\\/#primaryimage\"},\"image\":{\"@id\":\"https:\\\/\\\/exaudi.org\\\/es\\\/libertad-de-culto-vs-derechos-lgtbiq\\\/#primaryimage\"},\"thumbnailUrl\":\"https:\\\/\\\/exaudi.org\\\/wp-content\\\/uploads\\\/2023\\\/07\\\/pexels-kourosh-qaffari-1583582-scaled.jpg\",\"datePublished\":\"2023-07-03T08:19:13+00:00\",\"dateModified\":\"2023-07-04T07:38:54+00:00\",\"author\":{\"@id\":\"https:\\\/\\\/exaudi.org\\\/#\\\/schema\\\/person\\\/29b1dbd9f3952eecacfc704ca1a473a8\"},\"breadcrumb\":{\"@id\":\"https:\\\/\\\/exaudi.org\\\/es\\\/libertad-de-culto-vs-derechos-lgtbiq\\\/#breadcrumb\"},\"inLanguage\":\"es\",\"potentialAction\":[{\"@type\":\"ReadAction\",\"target\":[\"https:\\\/\\\/exaudi.org\\\/es\\\/libertad-de-culto-vs-derechos-lgtbiq\\\/\"]}]},{\"@type\":\"ImageObject\",\"inLanguage\":\"es\",\"@id\":\"https:\\\/\\\/exaudi.org\\\/es\\\/libertad-de-culto-vs-derechos-lgtbiq\\\/#primaryimage\",\"url\":\"https:\\\/\\\/exaudi.org\\\/wp-content\\\/uploads\\\/2023\\\/07\\\/pexels-kourosh-qaffari-1583582-scaled.jpg\",\"contentUrl\":\"https:\\\/\\\/exaudi.org\\\/wp-content\\\/uploads\\\/2023\\\/07\\\/pexels-kourosh-qaffari-1583582-scaled.jpg\",\"width\":2560,\"height\":1709,\"caption\":\"\u00a9 Pexels\"},{\"@type\":\"BreadcrumbList\",\"@id\":\"https:\\\/\\\/exaudi.org\\\/es\\\/libertad-de-culto-vs-derechos-lgtbiq\\\/#breadcrumb\",\"itemListElement\":[{\"@type\":\"ListItem\",\"position\":1,\"name\":\"Portada\",\"item\":\"https:\\\/\\\/exaudi.org\\\/es\\\/\"},{\"@type\":\"ListItem\",\"position\":2,\"name\":\"Libertad de Culto vs Derechos LGTBIQ+\"}]},{\"@type\":\"WebSite\",\"@id\":\"https:\\\/\\\/exaudi.org\\\/#website\",\"url\":\"https:\\\/\\\/exaudi.org\\\/\",\"name\":\"Exaudi\",\"description\":\"News\",\"potentialAction\":[{\"@type\":\"SearchAction\",\"target\":{\"@type\":\"EntryPoint\",\"urlTemplate\":\"https:\\\/\\\/exaudi.org\\\/?s={search_term_string}\"},\"query-input\":{\"@type\":\"PropertyValueSpecification\",\"valueRequired\":true,\"valueName\":\"search_term_string\"}}],\"inLanguage\":\"es\"},{\"@type\":\"Person\",\"@id\":\"https:\\\/\\\/exaudi.org\\\/#\\\/schema\\\/person\\\/29b1dbd9f3952eecacfc704ca1a473a8\",\"name\":\"Salvador Fabre\",\"image\":{\"@type\":\"ImageObject\",\"inLanguage\":\"es\",\"@id\":\"https:\\\/\\\/secure.gravatar.com\\\/avatar\\\/8d1a5a78ba86b9a8255e1c5b454943b9168b1dc31a275487309b73b631a7ac5d?s=96&d=mm&r=g\",\"url\":\"https:\\\/\\\/secure.gravatar.com\\\/avatar\\\/8d1a5a78ba86b9a8255e1c5b454943b9168b1dc31a275487309b73b631a7ac5d?s=96&d=mm&r=g\",\"contentUrl\":\"https:\\\/\\\/secure.gravatar.com\\\/avatar\\\/8d1a5a78ba86b9a8255e1c5b454943b9168b1dc31a275487309b73b631a7ac5d?s=96&d=mm&r=g\",\"caption\":\"Salvador Fabre\"},\"description\":\"Doctor en filosof\u00eda - Pensar en Cristiano\",\"url\":\"https:\\\/\\\/exaudi.org\\\/es\\\/author\\\/dr-salvador-fabre\\\/\"}]}<\/script>\n<!-- \/ Yoast SEO plugin. -->","yoast_head_json":{"title":"Libertad de Culto vs Derechos LGTBIQ+ &#8211; Exaudi","robots":{"index":"index","follow":"follow","max-snippet":"max-snippet:-1","max-image-preview":"max-image-preview:large","max-video-preview":"max-video-preview:-1"},"canonical":"https:\/\/exaudi.org\/es\/libertad-de-culto-vs-derechos-lgtbiq\/","og_locale":"es_ES","og_type":"article","og_title":"Libertad de Culto vs Derechos LGTBIQ+ &#8211; Exaudi","og_description":"\u00bfPor qu\u00e9 encargarle a un experto en las reivindicaciones del colectivo LGTBIQ+ la elaboraci\u00f3n de un texto \u201csobre la libertad de culto y de creencias?","og_url":"https:\/\/exaudi.org\/es\/libertad-de-culto-vs-derechos-lgtbiq\/","og_site_name":"Exaudi","article_publisher":"https:\/\/www.facebook.com\/ExaudiNews","article_published_time":"2023-07-03T08:19:13+00:00","article_modified_time":"2023-07-04T07:38:54+00:00","og_image":[{"width":2560,"height":1709,"url":"https:\/\/exaudi.org\/wp-content\/uploads\/2023\/07\/pexels-kourosh-qaffari-1583582-scaled.jpg","type":"image\/jpeg"}],"author":"Salvador Fabre","twitter_card":"summary_large_image","twitter_creator":"@Exaudi_News","twitter_site":"@Exaudi_News","twitter_misc":{"Escrito por":"Salvador Fabre","Tiempo de lectura":"4 minutos"},"schema":{"@context":"https:\/\/schema.org","@graph":[{"@type":"Article","@id":"https:\/\/exaudi.org\/es\/libertad-de-culto-vs-derechos-lgtbiq\/#article","isPartOf":{"@id":"https:\/\/exaudi.org\/es\/libertad-de-culto-vs-derechos-lgtbiq\/"},"author":{"name":"Salvador Fabre","@id":"https:\/\/exaudi.org\/#\/schema\/person\/29b1dbd9f3952eecacfc704ca1a473a8"},"headline":"Libertad de Culto vs Derechos LGTBIQ+","datePublished":"2023-07-03T08:19:13+00:00","dateModified":"2023-07-04T07:38:54+00:00","mainEntityOfPage":{"@id":"https:\/\/exaudi.org\/es\/libertad-de-culto-vs-derechos-lgtbiq\/"},"wordCount":757,"image":{"@id":"https:\/\/exaudi.org\/es\/libertad-de-culto-vs-derechos-lgtbiq\/#primaryimage"},"thumbnailUrl":"https:\/\/exaudi.org\/wp-content\/uploads\/2023\/07\/pexels-kourosh-qaffari-1583582-scaled.jpg","keywords":["Culto","derechos","LGTBIQ+","Libertad","Trending"],"articleSection":["Voces"],"inLanguage":"es"},{"@type":"WebPage","@id":"https:\/\/exaudi.org\/es\/libertad-de-culto-vs-derechos-lgtbiq\/","url":"https:\/\/exaudi.org\/es\/libertad-de-culto-vs-derechos-lgtbiq\/","name":"Libertad de Culto vs Derechos LGTBIQ+ &#8211; Exaudi","isPartOf":{"@id":"https:\/\/exaudi.org\/#website"},"primaryImageOfPage":{"@id":"https:\/\/exaudi.org\/es\/libertad-de-culto-vs-derechos-lgtbiq\/#primaryimage"},"image":{"@id":"https:\/\/exaudi.org\/es\/libertad-de-culto-vs-derechos-lgtbiq\/#primaryimage"},"thumbnailUrl":"https:\/\/exaudi.org\/wp-content\/uploads\/2023\/07\/pexels-kourosh-qaffari-1583582-scaled.jpg","datePublished":"2023-07-03T08:19:13+00:00","dateModified":"2023-07-04T07:38:54+00:00","author":{"@id":"https:\/\/exaudi.org\/#\/schema\/person\/29b1dbd9f3952eecacfc704ca1a473a8"},"breadcrumb":{"@id":"https:\/\/exaudi.org\/es\/libertad-de-culto-vs-derechos-lgtbiq\/#breadcrumb"},"inLanguage":"es","potentialAction":[{"@type":"ReadAction","target":["https:\/\/exaudi.org\/es\/libertad-de-culto-vs-derechos-lgtbiq\/"]}]},{"@type":"ImageObject","inLanguage":"es","@id":"https:\/\/exaudi.org\/es\/libertad-de-culto-vs-derechos-lgtbiq\/#primaryimage","url":"https:\/\/exaudi.org\/wp-content\/uploads\/2023\/07\/pexels-kourosh-qaffari-1583582-scaled.jpg","contentUrl":"https:\/\/exaudi.org\/wp-content\/uploads\/2023\/07\/pexels-kourosh-qaffari-1583582-scaled.jpg","width":2560,"height":1709,"caption":"\u00a9 Pexels"},{"@type":"BreadcrumbList","@id":"https:\/\/exaudi.org\/es\/libertad-de-culto-vs-derechos-lgtbiq\/#breadcrumb","itemListElement":[{"@type":"ListItem","position":1,"name":"Portada","item":"https:\/\/exaudi.org\/es\/"},{"@type":"ListItem","position":2,"name":"Libertad de Culto vs Derechos LGTBIQ+"}]},{"@type":"WebSite","@id":"https:\/\/exaudi.org\/#website","url":"https:\/\/exaudi.org\/","name":"Exaudi","description":"News","potentialAction":[{"@type":"SearchAction","target":{"@type":"EntryPoint","urlTemplate":"https:\/\/exaudi.org\/?s={search_term_string}"},"query-input":{"@type":"PropertyValueSpecification","valueRequired":true,"valueName":"search_term_string"}}],"inLanguage":"es"},{"@type":"Person","@id":"https:\/\/exaudi.org\/#\/schema\/person\/29b1dbd9f3952eecacfc704ca1a473a8","name":"Salvador Fabre","image":{"@type":"ImageObject","inLanguage":"es","@id":"https:\/\/secure.gravatar.com\/avatar\/8d1a5a78ba86b9a8255e1c5b454943b9168b1dc31a275487309b73b631a7ac5d?s=96&d=mm&r=g","url":"https:\/\/secure.gravatar.com\/avatar\/8d1a5a78ba86b9a8255e1c5b454943b9168b1dc31a275487309b73b631a7ac5d?s=96&d=mm&r=g","contentUrl":"https:\/\/secure.gravatar.com\/avatar\/8d1a5a78ba86b9a8255e1c5b454943b9168b1dc31a275487309b73b631a7ac5d?s=96&d=mm&r=g","caption":"Salvador Fabre"},"description":"Doctor en filosof\u00eda - Pensar en Cristiano","url":"https:\/\/exaudi.org\/es\/author\/dr-salvador-fabre\/"}]}},"jetpack_featured_media_url":"https:\/\/exaudi.org\/wp-content\/uploads\/2023\/07\/pexels-kourosh-qaffari-1583582-scaled.jpg","jetpack_shortlink":"https:\/\/wp.me\/pgKjF2-kIf","_links":{"self":[{"href":"https:\/\/exaudi.org\/es\/wp-json\/wp\/v2\/posts\/79623","targetHints":{"allow":["GET"]}}],"collection":[{"href":"https:\/\/exaudi.org\/es\/wp-json\/wp\/v2\/posts"}],"about":[{"href":"https:\/\/exaudi.org\/es\/wp-json\/wp\/v2\/types\/post"}],"author":[{"embeddable":true,"href":"https:\/\/exaudi.org\/es\/wp-json\/wp\/v2\/users\/116"}],"replies":[{"embeddable":true,"href":"https:\/\/exaudi.org\/es\/wp-json\/wp\/v2\/comments?post=79623"}],"version-history":[{"count":0,"href":"https:\/\/exaudi.org\/es\/wp-json\/wp\/v2\/posts\/79623\/revisions"}],"wp:featuredmedia":[{"embeddable":true,"href":"https:\/\/exaudi.org\/es\/wp-json\/wp\/v2\/media\/79624"}],"wp:attachment":[{"href":"https:\/\/exaudi.org\/es\/wp-json\/wp\/v2\/media?parent=79623"}],"wp:term":[{"taxonomy":"category","embeddable":true,"href":"https:\/\/exaudi.org\/es\/wp-json\/wp\/v2\/categories?post=79623"},{"taxonomy":"post_tag","embeddable":true,"href":"https:\/\/exaudi.org\/es\/wp-json\/wp\/v2\/tags?post=79623"}],"curies":[{"name":"wp","href":"https:\/\/api.w.org\/{rel}","templated":true}]}}