{"id":79370,"date":"2023-06-28T08:41:12","date_gmt":"2023-06-28T06:41:12","guid":{"rendered":"https:\/\/exaudi.org\/?p=79370"},"modified":"2023-06-28T08:41:43","modified_gmt":"2023-06-28T06:41:43","slug":"se-suspenden-todas-las-audiencias-del-papa-por-la-pausa-de-verano","status":"publish","type":"post","link":"https:\/\/exaudi.org\/es\/se-suspenden-todas-las-audiencias-del-papa-por-la-pausa-de-verano\/","title":{"rendered":"Se suspenden todas las audiencias del Papa por la pausa de verano"},"content":{"rendered":"<p>Como es habitual durante el verano, desde el 1 de julio y hasta finales de mes se suspender\u00e1n todas las audiencias del Papa Francisco: las generales de los mi\u00e9rcoles, as\u00ed como las particulares y las especiales. As\u00ed lo ha anunciado la Prefectura de la Casa Pontificia, a trav\u00e9s de una nota difundida por la Oficina de Prensa vaticana, en la que se informa que todas las audiencias se reanudar\u00e1n en agosto, con la primera audiencia general del mi\u00e9rcoles 9 de agosto.<\/p>\n<p>La audiencia general que se celebrar\u00e1 ma\u00f1ana, mi\u00e9rcoles 28 de junio, en la Plaza de San Pedro, ser\u00e1 por tanto la \u00faltima antes de la pausa de verano. Ser\u00e1 tambi\u00e9n la primera despu\u00e9s de la hospitalizaci\u00f3n del Pont\u00edfice en el Policl\u00ednico Gemelli para la operaci\u00f3n del abdomen; la cita del mi\u00e9rcoles pasado, 21 de junio, hab\u00eda sido de hecho cancelada para \u00absalvaguardar la recuperaci\u00f3n postoperatoria del Santo Padre\u00bb, inform\u00f3 el portavoz Matteo Bruni.<\/p>\n","protected":false},"excerpt":{"rendered":"<p>Se reanudar\u00e1n en agosto, con la primera audiencia general del mi\u00e9rcoles 9<\/p>\n","protected":false},"author":15,"featured_media":62951,"comment_status":"closed","ping_status":"closed","sticky":false,"template":"","format":"standard","meta":{"_acf_changed":false,"_crdt_document":"","inline_featured_image":false,"footnotes":""},"categories":[68],"tags":[168,3178,158,4953],"class_list":["post-79370","post","type-post","status-publish","format-standard","has-post-thumbnail","hentry","category-leon-xiv","tag-audiencia","tag-julio","tag-papa-francisco","tag-trending-es"],"acf":[],"yoast_head":"<!-- This site is optimized with the Yoast SEO plugin v27.5 - https:\/\/yoast.com\/product\/yoast-seo-wordpress\/ -->\n<title>Se suspenden todas las audiencias del Papa por la pausa de verano &#8211; Exaudi<\/title>\n<meta name=\"robots\" content=\"index, follow, max-snippet:-1, max-image-preview:large, max-video-preview:-1\" \/>\n<link rel=\"canonical\" href=\"https:\/\/exaudi.org\/es\/se-suspenden-todas-las-audiencias-del-papa-por-la-pausa-de-verano\/\" \/>\n<meta property=\"og:locale\" content=\"es_ES\" \/>\n<meta property=\"og:type\" content=\"article\" \/>\n<meta property=\"og:title\" content=\"Se suspenden todas las audiencias del Papa por la pausa de verano &#8211; Exaudi\" \/>\n<meta property=\"og:description\" content=\"Se reanudar\u00e1n en agosto, con la primera audiencia general del mi\u00e9rcoles 9\" \/>\n<meta property=\"og:url\" content=\"https:\/\/exaudi.org\/es\/se-suspenden-todas-las-audiencias-del-papa-por-la-pausa-de-verano\/\" \/>\n<meta property=\"og:site_name\" content=\"Exaudi\" \/>\n<meta property=\"article:publisher\" content=\"https:\/\/www.facebook.com\/ExaudiNews\" \/>\n<meta property=\"article:author\" content=\"https:\/\/www.facebook.com\/ExaudiNoticias\/\" \/>\n<meta property=\"article:published_time\" content=\"2023-06-28T06:41:12+00:00\" \/>\n<meta property=\"article:modified_time\" content=\"2023-06-28T06:41:43+00:00\" \/>\n<meta property=\"og:image\" content=\"https:\/\/exaudi.org\/wp-content\/uploads\/2022\/09\/DSC8469-scaled.jpg\" \/>\n\t<meta property=\"og:image:width\" content=\"2560\" \/>\n\t<meta property=\"og:image:height\" content=\"1707\" \/>\n\t<meta property=\"og:image:type\" content=\"image\/jpeg\" \/>\n<meta name=\"author\" content=\"Exaudi Redacci\u00f3n\" \/>\n<meta name=\"twitter:card\" content=\"summary_large_image\" \/>\n<meta name=\"twitter:creator\" content=\"@Exaudi_noticias\" \/>\n<meta name=\"twitter:site\" content=\"@Exaudi_News\" \/>\n<meta name=\"twitter:label1\" content=\"Escrito por\" \/>\n\t<meta name=\"twitter:data1\" content=\"Exaudi Redacci\u00f3n\" \/>\n\t<meta name=\"twitter:label2\" content=\"Tiempo de lectura\" \/>\n\t<meta name=\"twitter:data2\" content=\"1 minuto\" \/>\n<script type=\"application\/ld+json\" class=\"yoast-schema-graph\">{\"@context\":\"https:\\\/\\\/schema.org\",\"@graph\":[{\"@type\":\"Article\",\"@id\":\"https:\\\/\\\/exaudi.org\\\/es\\\/se-suspenden-todas-las-audiencias-del-papa-por-la-pausa-de-verano\\\/#article\",\"isPartOf\":{\"@id\":\"https:\\\/\\\/exaudi.org\\\/es\\\/se-suspenden-todas-las-audiencias-del-papa-por-la-pausa-de-verano\\\/\"},\"author\":{\"name\":\"Exaudi Redacci\u00f3n\",\"@id\":\"https:\\\/\\\/exaudi.org\\\/#\\\/schema\\\/person\\\/f5fc8f063065e38742da7afe15f25df7\"},\"headline\":\"Se suspenden todas las audiencias del Papa por la pausa de verano\",\"datePublished\":\"2023-06-28T06:41:12+00:00\",\"dateModified\":\"2023-06-28T06:41:43+00:00\",\"mainEntityOfPage\":{\"@id\":\"https:\\\/\\\/exaudi.org\\\/es\\\/se-suspenden-todas-las-audiencias-del-papa-por-la-pausa-de-verano\\\/\"},\"wordCount\":178,\"image\":{\"@id\":\"https:\\\/\\\/exaudi.org\\\/es\\\/se-suspenden-todas-las-audiencias-del-papa-por-la-pausa-de-verano\\\/#primaryimage\"},\"thumbnailUrl\":\"https:\\\/\\\/exaudi.org\\\/wp-content\\\/uploads\\\/2022\\\/09\\\/DSC8469-scaled.jpg\",\"keywords\":[\"audiencia\",\"Julio\",\"papa francisco\",\"Trending\"],\"articleSection\":[\"Le\u00f3n XIV\"],\"inLanguage\":\"es\"},{\"@type\":\"WebPage\",\"@id\":\"https:\\\/\\\/exaudi.org\\\/es\\\/se-suspenden-todas-las-audiencias-del-papa-por-la-pausa-de-verano\\\/\",\"url\":\"https:\\\/\\\/exaudi.org\\\/es\\\/se-suspenden-todas-las-audiencias-del-papa-por-la-pausa-de-verano\\\/\",\"name\":\"Se suspenden todas las audiencias del Papa por la pausa de verano &#8211; Exaudi\",\"isPartOf\":{\"@id\":\"https:\\\/\\\/exaudi.org\\\/#website\"},\"primaryImageOfPage\":{\"@id\":\"https:\\\/\\\/exaudi.org\\\/es\\\/se-suspenden-todas-las-audiencias-del-papa-por-la-pausa-de-verano\\\/#primaryimage\"},\"image\":{\"@id\":\"https:\\\/\\\/exaudi.org\\\/es\\\/se-suspenden-todas-las-audiencias-del-papa-por-la-pausa-de-verano\\\/#primaryimage\"},\"thumbnailUrl\":\"https:\\\/\\\/exaudi.org\\\/wp-content\\\/uploads\\\/2022\\\/09\\\/DSC8469-scaled.jpg\",\"datePublished\":\"2023-06-28T06:41:12+00:00\",\"dateModified\":\"2023-06-28T06:41:43+00:00\",\"author\":{\"@id\":\"https:\\\/\\\/exaudi.org\\\/#\\\/schema\\\/person\\\/f5fc8f063065e38742da7afe15f25df7\"},\"breadcrumb\":{\"@id\":\"https:\\\/\\\/exaudi.org\\\/es\\\/se-suspenden-todas-las-audiencias-del-papa-por-la-pausa-de-verano\\\/#breadcrumb\"},\"inLanguage\":\"es\",\"potentialAction\":[{\"@type\":\"ReadAction\",\"target\":[\"https:\\\/\\\/exaudi.org\\\/es\\\/se-suspenden-todas-las-audiencias-del-papa-por-la-pausa-de-verano\\\/\"]}]},{\"@type\":\"ImageObject\",\"inLanguage\":\"es\",\"@id\":\"https:\\\/\\\/exaudi.org\\\/es\\\/se-suspenden-todas-las-audiencias-del-papa-por-la-pausa-de-verano\\\/#primaryimage\",\"url\":\"https:\\\/\\\/exaudi.org\\\/wp-content\\\/uploads\\\/2022\\\/09\\\/DSC8469-scaled.jpg\",\"contentUrl\":\"https:\\\/\\\/exaudi.org\\\/wp-content\\\/uploads\\\/2022\\\/09\\\/DSC8469-scaled.jpg\",\"width\":2560,\"height\":1707},{\"@type\":\"BreadcrumbList\",\"@id\":\"https:\\\/\\\/exaudi.org\\\/es\\\/se-suspenden-todas-las-audiencias-del-papa-por-la-pausa-de-verano\\\/#breadcrumb\",\"itemListElement\":[{\"@type\":\"ListItem\",\"position\":1,\"name\":\"Portada\",\"item\":\"https:\\\/\\\/exaudi.org\\\/es\\\/\"},{\"@type\":\"ListItem\",\"position\":2,\"name\":\"Se suspenden todas las audiencias del Papa por la pausa de verano\"}]},{\"@type\":\"WebSite\",\"@id\":\"https:\\\/\\\/exaudi.org\\\/#website\",\"url\":\"https:\\\/\\\/exaudi.org\\\/\",\"name\":\"Exaudi\",\"description\":\"News\",\"potentialAction\":[{\"@type\":\"SearchAction\",\"target\":{\"@type\":\"EntryPoint\",\"urlTemplate\":\"https:\\\/\\\/exaudi.org\\\/?s={search_term_string}\"},\"query-input\":{\"@type\":\"PropertyValueSpecification\",\"valueRequired\":true,\"valueName\":\"search_term_string\"}}],\"inLanguage\":\"es\"},{\"@type\":\"Person\",\"@id\":\"https:\\\/\\\/exaudi.org\\\/#\\\/schema\\\/person\\\/f5fc8f063065e38742da7afe15f25df7\",\"name\":\"Exaudi Redacci\u00f3n\",\"image\":{\"@type\":\"ImageObject\",\"inLanguage\":\"es\",\"@id\":\"https:\\\/\\\/secure.gravatar.com\\\/avatar\\\/fe0f6a059fb68d9b3e11bc5850dd4899b1c7492091a3cb6dd9b01b56ad828be2?s=96&d=mm&r=g\",\"url\":\"https:\\\/\\\/secure.gravatar.com\\\/avatar\\\/fe0f6a059fb68d9b3e11bc5850dd4899b1c7492091a3cb6dd9b01b56ad828be2?s=96&d=mm&r=g\",\"contentUrl\":\"https:\\\/\\\/secure.gravatar.com\\\/avatar\\\/fe0f6a059fb68d9b3e11bc5850dd4899b1c7492091a3cb6dd9b01b56ad828be2?s=96&d=mm&r=g\",\"caption\":\"Exaudi Redacci\u00f3n\"},\"description\":\"\u00bfQu\u00e9 es Exaudi News? Exaudi News es un medio de comunicaci\u00f3n cat\u00f3lico internacional que informa, forma y transforma, diariamente en espa\u00f1ol, ingl\u00e9s e italiano. A trav\u00e9s de noticias, art\u00edculos de an\u00e1lisis y transmisiones en directo de los eventos del Papa, Exaudi busca fortalecer la unidad de los cristianos y contribuir a la evangelizaci\u00f3n del mundo, siempre guiados por la doctrina social de la Iglesia. Trabajamos para acercar la verdad y los valores cristianos a cada rinc\u00f3n del planeta. \u00a1Ay\u00fadanos a transformar el mundo con Exaudi! En Exaudi creemos que la evangelizaci\u00f3n y la informaci\u00f3n de calidad pueden cambiar vidas. Para continuar con nuestra misi\u00f3n y expandir nuestro alcance, necesitamos tu ayuda. Adem\u00e1s, buscamos personas comprometidas que deseen unirse a nuestro equipo. Con tu apoyo, lograremos llegar a m\u00e1s personas, difundir el mensaje de Cristo y reforzar la unidad de los cristianos. \u00bfTe unes a nuestra misi\u00f3n? Para m\u00e1s informaci\u00f3n sobre c\u00f3mo colaborar, visita Exaudi.org\\\/es o cont\u00e1ctanos directamente: info@exaudi.org Exaudi: Informa, forma y transforma.\",\"sameAs\":[\"https:\\\/\\\/www.facebook.com\\\/ExaudiNoticias\\\/\",\"https:\\\/\\\/www.instagram.com\\\/exaudi_noticias\\\/\",\"https:\\\/\\\/x.com\\\/Exaudi_noticias\",\"https:\\\/\\\/www.youtube.com\\\/@exaudicatholicnews\"],\"url\":\"https:\\\/\\\/exaudi.org\\\/es\\\/author\\\/redaccionexaudi\\\/\"}]}<\/script>\n<!-- \/ Yoast SEO plugin. -->","yoast_head_json":{"title":"Se suspenden todas las audiencias del Papa por la pausa de verano &#8211; Exaudi","robots":{"index":"index","follow":"follow","max-snippet":"max-snippet:-1","max-image-preview":"max-image-preview:large","max-video-preview":"max-video-preview:-1"},"canonical":"https:\/\/exaudi.org\/es\/se-suspenden-todas-las-audiencias-del-papa-por-la-pausa-de-verano\/","og_locale":"es_ES","og_type":"article","og_title":"Se suspenden todas las audiencias del Papa por la pausa de verano &#8211; Exaudi","og_description":"Se reanudar\u00e1n en agosto, con la primera audiencia general del mi\u00e9rcoles 9","og_url":"https:\/\/exaudi.org\/es\/se-suspenden-todas-las-audiencias-del-papa-por-la-pausa-de-verano\/","og_site_name":"Exaudi","article_publisher":"https:\/\/www.facebook.com\/ExaudiNews","article_author":"https:\/\/www.facebook.com\/ExaudiNoticias\/","article_published_time":"2023-06-28T06:41:12+00:00","article_modified_time":"2023-06-28T06:41:43+00:00","og_image":[{"width":2560,"height":1707,"url":"https:\/\/exaudi.org\/wp-content\/uploads\/2022\/09\/DSC8469-scaled.jpg","type":"image\/jpeg"}],"author":"Exaudi Redacci\u00f3n","twitter_card":"summary_large_image","twitter_creator":"@Exaudi_noticias","twitter_site":"@Exaudi_News","twitter_misc":{"Escrito por":"Exaudi Redacci\u00f3n","Tiempo de lectura":"1 minuto"},"schema":{"@context":"https:\/\/schema.org","@graph":[{"@type":"Article","@id":"https:\/\/exaudi.org\/es\/se-suspenden-todas-las-audiencias-del-papa-por-la-pausa-de-verano\/#article","isPartOf":{"@id":"https:\/\/exaudi.org\/es\/se-suspenden-todas-las-audiencias-del-papa-por-la-pausa-de-verano\/"},"author":{"name":"Exaudi Redacci\u00f3n","@id":"https:\/\/exaudi.org\/#\/schema\/person\/f5fc8f063065e38742da7afe15f25df7"},"headline":"Se suspenden todas las audiencias del Papa por la pausa de verano","datePublished":"2023-06-28T06:41:12+00:00","dateModified":"2023-06-28T06:41:43+00:00","mainEntityOfPage":{"@id":"https:\/\/exaudi.org\/es\/se-suspenden-todas-las-audiencias-del-papa-por-la-pausa-de-verano\/"},"wordCount":178,"image":{"@id":"https:\/\/exaudi.org\/es\/se-suspenden-todas-las-audiencias-del-papa-por-la-pausa-de-verano\/#primaryimage"},"thumbnailUrl":"https:\/\/exaudi.org\/wp-content\/uploads\/2022\/09\/DSC8469-scaled.jpg","keywords":["audiencia","Julio","papa francisco","Trending"],"articleSection":["Le\u00f3n XIV"],"inLanguage":"es"},{"@type":"WebPage","@id":"https:\/\/exaudi.org\/es\/se-suspenden-todas-las-audiencias-del-papa-por-la-pausa-de-verano\/","url":"https:\/\/exaudi.org\/es\/se-suspenden-todas-las-audiencias-del-papa-por-la-pausa-de-verano\/","name":"Se suspenden todas las audiencias del Papa por la pausa de verano &#8211; Exaudi","isPartOf":{"@id":"https:\/\/exaudi.org\/#website"},"primaryImageOfPage":{"@id":"https:\/\/exaudi.org\/es\/se-suspenden-todas-las-audiencias-del-papa-por-la-pausa-de-verano\/#primaryimage"},"image":{"@id":"https:\/\/exaudi.org\/es\/se-suspenden-todas-las-audiencias-del-papa-por-la-pausa-de-verano\/#primaryimage"},"thumbnailUrl":"https:\/\/exaudi.org\/wp-content\/uploads\/2022\/09\/DSC8469-scaled.jpg","datePublished":"2023-06-28T06:41:12+00:00","dateModified":"2023-06-28T06:41:43+00:00","author":{"@id":"https:\/\/exaudi.org\/#\/schema\/person\/f5fc8f063065e38742da7afe15f25df7"},"breadcrumb":{"@id":"https:\/\/exaudi.org\/es\/se-suspenden-todas-las-audiencias-del-papa-por-la-pausa-de-verano\/#breadcrumb"},"inLanguage":"es","potentialAction":[{"@type":"ReadAction","target":["https:\/\/exaudi.org\/es\/se-suspenden-todas-las-audiencias-del-papa-por-la-pausa-de-verano\/"]}]},{"@type":"ImageObject","inLanguage":"es","@id":"https:\/\/exaudi.org\/es\/se-suspenden-todas-las-audiencias-del-papa-por-la-pausa-de-verano\/#primaryimage","url":"https:\/\/exaudi.org\/wp-content\/uploads\/2022\/09\/DSC8469-scaled.jpg","contentUrl":"https:\/\/exaudi.org\/wp-content\/uploads\/2022\/09\/DSC8469-scaled.jpg","width":2560,"height":1707},{"@type":"BreadcrumbList","@id":"https:\/\/exaudi.org\/es\/se-suspenden-todas-las-audiencias-del-papa-por-la-pausa-de-verano\/#breadcrumb","itemListElement":[{"@type":"ListItem","position":1,"name":"Portada","item":"https:\/\/exaudi.org\/es\/"},{"@type":"ListItem","position":2,"name":"Se suspenden todas las audiencias del Papa por la pausa de verano"}]},{"@type":"WebSite","@id":"https:\/\/exaudi.org\/#website","url":"https:\/\/exaudi.org\/","name":"Exaudi","description":"News","potentialAction":[{"@type":"SearchAction","target":{"@type":"EntryPoint","urlTemplate":"https:\/\/exaudi.org\/?s={search_term_string}"},"query-input":{"@type":"PropertyValueSpecification","valueRequired":true,"valueName":"search_term_string"}}],"inLanguage":"es"},{"@type":"Person","@id":"https:\/\/exaudi.org\/#\/schema\/person\/f5fc8f063065e38742da7afe15f25df7","name":"Exaudi Redacci\u00f3n","image":{"@type":"ImageObject","inLanguage":"es","@id":"https:\/\/secure.gravatar.com\/avatar\/fe0f6a059fb68d9b3e11bc5850dd4899b1c7492091a3cb6dd9b01b56ad828be2?s=96&d=mm&r=g","url":"https:\/\/secure.gravatar.com\/avatar\/fe0f6a059fb68d9b3e11bc5850dd4899b1c7492091a3cb6dd9b01b56ad828be2?s=96&d=mm&r=g","contentUrl":"https:\/\/secure.gravatar.com\/avatar\/fe0f6a059fb68d9b3e11bc5850dd4899b1c7492091a3cb6dd9b01b56ad828be2?s=96&d=mm&r=g","caption":"Exaudi Redacci\u00f3n"},"description":"\u00bfQu\u00e9 es Exaudi News? Exaudi News es un medio de comunicaci\u00f3n cat\u00f3lico internacional que informa, forma y transforma, diariamente en espa\u00f1ol, ingl\u00e9s e italiano. A trav\u00e9s de noticias, art\u00edculos de an\u00e1lisis y transmisiones en directo de los eventos del Papa, Exaudi busca fortalecer la unidad de los cristianos y contribuir a la evangelizaci\u00f3n del mundo, siempre guiados por la doctrina social de la Iglesia. Trabajamos para acercar la verdad y los valores cristianos a cada rinc\u00f3n del planeta. \u00a1Ay\u00fadanos a transformar el mundo con Exaudi! En Exaudi creemos que la evangelizaci\u00f3n y la informaci\u00f3n de calidad pueden cambiar vidas. Para continuar con nuestra misi\u00f3n y expandir nuestro alcance, necesitamos tu ayuda. Adem\u00e1s, buscamos personas comprometidas que deseen unirse a nuestro equipo. Con tu apoyo, lograremos llegar a m\u00e1s personas, difundir el mensaje de Cristo y reforzar la unidad de los cristianos. \u00bfTe unes a nuestra misi\u00f3n? Para m\u00e1s informaci\u00f3n sobre c\u00f3mo colaborar, visita Exaudi.org\/es o cont\u00e1ctanos directamente: info@exaudi.org Exaudi: Informa, forma y transforma.","sameAs":["https:\/\/www.facebook.com\/ExaudiNoticias\/","https:\/\/www.instagram.com\/exaudi_noticias\/","https:\/\/x.com\/Exaudi_noticias","https:\/\/www.youtube.com\/@exaudicatholicnews"],"url":"https:\/\/exaudi.org\/es\/author\/redaccionexaudi\/"}]}},"jetpack_featured_media_url":"https:\/\/exaudi.org\/wp-content\/uploads\/2022\/09\/DSC8469-scaled.jpg","jetpack_shortlink":"https:\/\/wp.me\/pgKjF2-kEa","_links":{"self":[{"href":"https:\/\/exaudi.org\/es\/wp-json\/wp\/v2\/posts\/79370","targetHints":{"allow":["GET"]}}],"collection":[{"href":"https:\/\/exaudi.org\/es\/wp-json\/wp\/v2\/posts"}],"about":[{"href":"https:\/\/exaudi.org\/es\/wp-json\/wp\/v2\/types\/post"}],"author":[{"embeddable":true,"href":"https:\/\/exaudi.org\/es\/wp-json\/wp\/v2\/users\/15"}],"replies":[{"embeddable":true,"href":"https:\/\/exaudi.org\/es\/wp-json\/wp\/v2\/comments?post=79370"}],"version-history":[{"count":0,"href":"https:\/\/exaudi.org\/es\/wp-json\/wp\/v2\/posts\/79370\/revisions"}],"wp:featuredmedia":[{"embeddable":true,"href":"https:\/\/exaudi.org\/es\/wp-json\/wp\/v2\/media\/62951"}],"wp:attachment":[{"href":"https:\/\/exaudi.org\/es\/wp-json\/wp\/v2\/media?parent=79370"}],"wp:term":[{"taxonomy":"category","embeddable":true,"href":"https:\/\/exaudi.org\/es\/wp-json\/wp\/v2\/categories?post=79370"},{"taxonomy":"post_tag","embeddable":true,"href":"https:\/\/exaudi.org\/es\/wp-json\/wp\/v2\/tags?post=79370"}],"curies":[{"name":"wp","href":"https:\/\/api.w.org\/{rel}","templated":true}]}}