{"id":79307,"date":"2023-06-27T09:15:01","date_gmt":"2023-06-27T07:15:01","guid":{"rendered":"https:\/\/exaudi.org\/?p=79307"},"modified":"2023-06-26T12:04:46","modified_gmt":"2023-06-26T10:04:46","slug":"con-la-mirada-en-la-jmj","status":"publish","type":"post","link":"https:\/\/exaudi.org\/es\/con-la-mirada-en-la-jmj\/","title":{"rendered":"Con la mirada en la JMJ"},"content":{"rendered":"<audio class=\"wp-audio-shortcode\" id=\"audio-79307-1\" preload=\"none\" style=\"width: 100%;\" controls=\"controls\"><source type=\"audio\/mpeg\" src=\"https:\/\/exaudi.org\/wp-content\/uploads\/2023\/06\/Con-la-mirada-en-la-JMJ-Pedir-por-los-jovenes.mp3?_=1\" \/><a href=\"https:\/\/exaudi.org\/wp-content\/uploads\/2023\/06\/Con-la-mirada-en-la-JMJ-Pedir-por-los-jovenes.mp3\">https:\/\/exaudi.org\/wp-content\/uploads\/2023\/06\/Con-la-mirada-en-la-JMJ-Pedir-por-los-jovenes.mp3<\/a><\/audio>\n<p>\u201cLuz para ver, fuerza para creer\u201d, as\u00ed resum\u00eda Mons. Fernando Oc\u00e1riz, Prelado del Opus Dei, la actitud de aquella persona que est\u00e1 en b\u00fasqueda de su vocaci\u00f3n, de su camino divino en la Tierra. Cabe suponer que muchos de los miles de j\u00f3venes que participar\u00e1n en la pr\u00f3xima <em>Jornada Mundial de la Juventud<\/em> en Lisboa, tengan el tema rondando su cabeza y su coraz\u00f3n.<\/p>\n<p>Pienso que la Iglesia es algo muy grande. Las <em>JMJ<\/em> son una muestra de lo que afirmaba Benedicto XVI reci\u00e9n elegido, al rememorar la muchedumbre de j\u00f3venes que acudi\u00f3 a venerar los sagrados restos de san Juan Pablo II: \u201cLa Iglesia est\u00e1 viva y es joven.\u201d Resulta algo realmente admirable, que me atrever\u00eda a calificar de sobrenatural: a pesar de los m\u00faltiples esc\u00e1ndalos en los que se ha visto inmiscuida la jerarqu\u00eda de la Iglesia recientemente, la gente tiene fe, los j\u00f3venes tienen fe, acudir\u00e1n una muchedumbre de ellos a Lisboa y a F\u00e1tima para estar con el Papa y visitar a la Virgen. Es una muestra palmaria de que la persona humana, en su interior, tiene sed de Dios, hambre de Dios, necesidad de trascendencia, instinto de lo sobrenatural.<\/p>\n<p>Las <em>JMJ<\/em> se suceden con regular cadencia, desde que san Juan Pablo II tuviera esa divina inspiraci\u00f3n -curiosamente gracias a la ONU, que proclam\u00f3 1985 como <em>A\u00f1o Internacional de la Juventud<\/em>&#8211; y fue precisamente Buenos Aires 1987 la primera que tuvo esa entra\u00f1a universal. Como su nombre lo indica, son para j\u00f3venes -enti\u00e9ndase, personas con menos de 30 a\u00f1os-, sin embargo, como Iglesia estamos todos involucrados. \u00bfPor qu\u00e9? Porque, como dice san Ambrosio: \u201cUbi Petrus, ibi Ecclesia, ibi Deus\u201d (Donde est\u00e1 Pedro -el Papa- ah\u00ed est\u00e1 la Iglesia y ah\u00ed est\u00e1 Dios). Y en las <em>JMJ<\/em> est\u00e1 el Papa y con \u00e9l la esperanza de la Iglesia.<\/p>\n<p>No podemos dudar de que los j\u00f3venes son el futuro de la humanidad, y los j\u00f3venes cat\u00f3licos son el futuro de la Iglesia. Tampoco podemos ignorar las matem\u00e1ticas, y es un dato que la pr\u00e1ctica de la fe en los j\u00f3venes ha disminuido dr\u00e1sticamente desde la muerte de san Juan Pablo II. Sin embargo, en las <em>JMJ<\/em> el Esp\u00edritu Santo nos ofrece una bocanada de ox\u00edgeno y nos muestra, a pesar de las estad\u00edsticas, que \u201cla Iglesia est\u00e1 viva y es joven.\u201d Ahora bien, las <em>JMJ<\/em> tienen un punto d\u00e9bil, o un efecto perverso no buscado. Quiz\u00e1 exagero con la palabra \u201cperverso\u201d porque simplemente se trata de convertirse en la ocasi\u00f3n de realizar \u201cturismo espiritual.\u201d Es decir, pueden vivirse s\u00ed, cristianamente, pero con una profunda superficialidad: como una ocasi\u00f3n de viajar y, si tienes suerte y eres capaz de colarte -toda una aventura- tomarte un <em>selfie<\/em> con el Papa. Para muchos j\u00f3venes \u00e9sta es la meta, de modo que la <em>JMJ<\/em> pase en su vida como el agua sobre las rocas, sin dejar rastro, como un c\u00famulo de gratos recuerdos.<\/p>\n<p>Por eso, insisto, la <em>JMJ<\/em> nos compete a toda la Iglesia -militante, purgante y triunfante-, para que unidos en torno al Papa y en nombre de Cristo, le pidamos a Dios que haya multitud de decisiones de entrega a Dios. La Iglesia lo necesita. Es un dato objetivo que han disminuido dr\u00e1sticamente el n\u00famero de vocaciones sacerdotales y, sobre todo, las religiosas. Puede verse en el Anuario Pontificio, los n\u00fameros no mienten. Es verdad que todos ponemos nuestro granito de arena en la Iglesia, desde ayudar con ropa vieja, a participar en una misi\u00f3n o colaborar con una catequesis semanal. Pero para que la Iglesia, la gran familia de Dios con los hombres, subsista, no son suficientes las ayudas \u201cpart time\u201d, se requiere vivir como los primeros cristianos, como los ap\u00f3stoles, que sent\u00edan el llamado de Jes\u00fas y le segu\u00edan, le daban toda su vida, no las sobras. En este sentido, no podemos olvidar que \u201cla Eucarist\u00eda hace la Iglesia y que la Iglesia hace la Eucarist\u00eda.\u201d Para que haya Eucarist\u00eda y por lo tanto Iglesia, se necesitan sacerdotes. Personas que le dan a Dios a trav\u00e9s de la Iglesia, toda su vida, normalmente desde la juventud.<\/p>\n<p>Pedir por los j\u00f3venes que asistir\u00e1n, o por los que la ver\u00e1n a trav\u00e9s de los medios de comunicaci\u00f3n, para que el Esp\u00edritu Santo encuentre el camino para tocar sus corazones y les de \u201cluz para ver y fuerza para querer\u201d de modo que m\u00e1s all\u00e1 del \u201cturismo cat\u00f3lico\u201d haya abundantes decisiones de entrega a Dios. La juventud es, en efecto, el momento preclaro para sentir el llamado de Dios y de seguirlo. La oportunidad de comenzar una gran aventura divina y humana, donde el amor une la libertad de Jes\u00fas que elige con la de la persona que corresponde a su amor.<\/p>\n<p><img loading=\"lazy\" decoding=\"async\" class=\"size-full wp-image-79316 aligncenter\" src=\"https:\/\/exaudi.org\/wp-content\/uploads\/2023\/06\/Voces-2-3.jpg\" alt=\"\" width=\"1080\" height=\"1080\" srcset=\"https:\/\/exaudi.org\/wp-content\/uploads\/2023\/06\/Voces-2-3.jpg 1080w, https:\/\/exaudi.org\/wp-content\/uploads\/2023\/06\/Voces-2-3-300x300.jpg 300w, https:\/\/exaudi.org\/wp-content\/uploads\/2023\/06\/Voces-2-3-1024x1024.jpg 1024w, https:\/\/exaudi.org\/wp-content\/uploads\/2023\/06\/Voces-2-3-100x100.jpg?crop=1 100w, https:\/\/exaudi.org\/wp-content\/uploads\/2023\/06\/Voces-2-3-770x770.jpg 770w, https:\/\/exaudi.org\/wp-content\/uploads\/2023\/06\/Voces-2-3-500x500.jpg 500w, https:\/\/exaudi.org\/wp-content\/uploads\/2023\/06\/Voces-2-3-293x293.jpg 293w, https:\/\/exaudi.org\/wp-content\/uploads\/2023\/06\/Voces-2-3-390x390.jpg 390w, https:\/\/exaudi.org\/wp-content\/uploads\/2023\/06\/Voces-2-3-585x585.jpg 585w, https:\/\/exaudi.org\/wp-content\/uploads\/2023\/06\/Voces-2-3-900x900.jpg 900w\" sizes=\"auto, (max-width: 1080px) 100vw, 1080px\" \/><\/p>\n","protected":false},"excerpt":{"rendered":"<p>Pedir por los j\u00f3venes para que el Esp\u00edritu Santo encuentre el camino para tocar sus corazones y les de \u201cluz para ver y fuerza para querer\u201d de modo que haya abundantes decisiones de entrega a Dios<\/p>\n","protected":false},"author":116,"featured_media":60931,"comment_status":"closed","ping_status":"closed","sticky":false,"template":"","format":"standard","meta":{"_acf_changed":false,"_crdt_document":"","inline_featured_image":false,"footnotes":""},"categories":[130],"tags":[7351,9380,5060,4953],"class_list":["post-79307","post","type-post","status-publish","format-standard","has-post-thumbnail","hentry","category-voces","tag-jmj","tag-jmj-lisboa","tag-monsenor-fernando-ocariz","tag-trending-es"],"acf":[],"yoast_head":"<!-- This site is optimized with the Yoast SEO plugin v27.4 - https:\/\/yoast.com\/product\/yoast-seo-wordpress\/ -->\n<title>Con la mirada en la JMJ &#8211; Exaudi<\/title>\n<meta name=\"robots\" content=\"index, follow, max-snippet:-1, max-image-preview:large, max-video-preview:-1\" \/>\n<link rel=\"canonical\" href=\"https:\/\/exaudi.org\/es\/con-la-mirada-en-la-jmj\/\" \/>\n<meta property=\"og:locale\" content=\"es_ES\" \/>\n<meta property=\"og:type\" content=\"article\" \/>\n<meta property=\"og:title\" content=\"Con la mirada en la JMJ &#8211; Exaudi\" \/>\n<meta property=\"og:description\" content=\"Pedir por los j\u00f3venes para que el Esp\u00edritu Santo encuentre el camino para tocar sus corazones y les de \u201cluz para ver y fuerza para querer\u201d de modo que haya abundantes decisiones de entrega a Dios\" \/>\n<meta property=\"og:url\" content=\"https:\/\/exaudi.org\/es\/con-la-mirada-en-la-jmj\/\" \/>\n<meta property=\"og:site_name\" content=\"Exaudi\" \/>\n<meta property=\"article:publisher\" content=\"https:\/\/www.facebook.com\/ExaudiNews\" \/>\n<meta property=\"article:published_time\" content=\"2023-06-27T07:15:01+00:00\" \/>\n<meta property=\"og:image\" content=\"https:\/\/exaudi.org\/wp-content\/uploads\/2022\/08\/JMJ-Panama-2017-scaled.jpg\" \/>\n\t<meta property=\"og:image:width\" content=\"2560\" \/>\n\t<meta property=\"og:image:height\" content=\"1707\" \/>\n\t<meta property=\"og:image:type\" content=\"image\/jpeg\" \/>\n<meta name=\"author\" content=\"Salvador Fabre\" \/>\n<meta name=\"twitter:card\" content=\"summary_large_image\" \/>\n<meta name=\"twitter:creator\" content=\"@Exaudi_News\" \/>\n<meta name=\"twitter:site\" content=\"@Exaudi_News\" \/>\n<meta name=\"twitter:label1\" content=\"Escrito por\" \/>\n\t<meta name=\"twitter:data1\" content=\"Salvador Fabre\" \/>\n\t<meta name=\"twitter:label2\" content=\"Tiempo de lectura\" \/>\n\t<meta name=\"twitter:data2\" content=\"4 minutos\" \/>\n<script type=\"application\/ld+json\" class=\"yoast-schema-graph\">{\"@context\":\"https:\\\/\\\/schema.org\",\"@graph\":[{\"@type\":\"Article\",\"@id\":\"https:\\\/\\\/exaudi.org\\\/es\\\/con-la-mirada-en-la-jmj\\\/#article\",\"isPartOf\":{\"@id\":\"https:\\\/\\\/exaudi.org\\\/es\\\/con-la-mirada-en-la-jmj\\\/\"},\"author\":{\"name\":\"Salvador Fabre\",\"@id\":\"https:\\\/\\\/exaudi.org\\\/#\\\/schema\\\/person\\\/29b1dbd9f3952eecacfc704ca1a473a8\"},\"headline\":\"Con la mirada en la JMJ\",\"datePublished\":\"2023-06-27T07:15:01+00:00\",\"mainEntityOfPage\":{\"@id\":\"https:\\\/\\\/exaudi.org\\\/es\\\/con-la-mirada-en-la-jmj\\\/\"},\"wordCount\":853,\"image\":{\"@id\":\"https:\\\/\\\/exaudi.org\\\/es\\\/con-la-mirada-en-la-jmj\\\/#primaryimage\"},\"thumbnailUrl\":\"https:\\\/\\\/exaudi.org\\\/wp-content\\\/uploads\\\/2022\\\/08\\\/JMJ-Panama-2017-scaled.jpg\",\"keywords\":[\"JMJ\",\"JMJ LISBOA\",\"Monse\u00f1or Fernando Oc\u00e1riz\",\"Trending\"],\"articleSection\":[\"Voces\"],\"inLanguage\":\"es\"},{\"@type\":\"WebPage\",\"@id\":\"https:\\\/\\\/exaudi.org\\\/es\\\/con-la-mirada-en-la-jmj\\\/\",\"url\":\"https:\\\/\\\/exaudi.org\\\/es\\\/con-la-mirada-en-la-jmj\\\/\",\"name\":\"Con la mirada en la JMJ &#8211; Exaudi\",\"isPartOf\":{\"@id\":\"https:\\\/\\\/exaudi.org\\\/#website\"},\"primaryImageOfPage\":{\"@id\":\"https:\\\/\\\/exaudi.org\\\/es\\\/con-la-mirada-en-la-jmj\\\/#primaryimage\"},\"image\":{\"@id\":\"https:\\\/\\\/exaudi.org\\\/es\\\/con-la-mirada-en-la-jmj\\\/#primaryimage\"},\"thumbnailUrl\":\"https:\\\/\\\/exaudi.org\\\/wp-content\\\/uploads\\\/2022\\\/08\\\/JMJ-Panama-2017-scaled.jpg\",\"datePublished\":\"2023-06-27T07:15:01+00:00\",\"author\":{\"@id\":\"https:\\\/\\\/exaudi.org\\\/#\\\/schema\\\/person\\\/29b1dbd9f3952eecacfc704ca1a473a8\"},\"breadcrumb\":{\"@id\":\"https:\\\/\\\/exaudi.org\\\/es\\\/con-la-mirada-en-la-jmj\\\/#breadcrumb\"},\"inLanguage\":\"es\",\"potentialAction\":[{\"@type\":\"ReadAction\",\"target\":[\"https:\\\/\\\/exaudi.org\\\/es\\\/con-la-mirada-en-la-jmj\\\/\"]}]},{\"@type\":\"ImageObject\",\"inLanguage\":\"es\",\"@id\":\"https:\\\/\\\/exaudi.org\\\/es\\\/con-la-mirada-en-la-jmj\\\/#primaryimage\",\"url\":\"https:\\\/\\\/exaudi.org\\\/wp-content\\\/uploads\\\/2022\\\/08\\\/JMJ-Panama-2017-scaled.jpg\",\"contentUrl\":\"https:\\\/\\\/exaudi.org\\\/wp-content\\\/uploads\\\/2022\\\/08\\\/JMJ-Panama-2017-scaled.jpg\",\"width\":2560,\"height\":1707,\"caption\":\"JMJ Panam\u00e1 2019 \u00a9 Cathopic\"},{\"@type\":\"BreadcrumbList\",\"@id\":\"https:\\\/\\\/exaudi.org\\\/es\\\/con-la-mirada-en-la-jmj\\\/#breadcrumb\",\"itemListElement\":[{\"@type\":\"ListItem\",\"position\":1,\"name\":\"Portada\",\"item\":\"https:\\\/\\\/exaudi.org\\\/es\\\/\"},{\"@type\":\"ListItem\",\"position\":2,\"name\":\"Con la mirada en la JMJ\"}]},{\"@type\":\"WebSite\",\"@id\":\"https:\\\/\\\/exaudi.org\\\/#website\",\"url\":\"https:\\\/\\\/exaudi.org\\\/\",\"name\":\"Exaudi\",\"description\":\"News\",\"potentialAction\":[{\"@type\":\"SearchAction\",\"target\":{\"@type\":\"EntryPoint\",\"urlTemplate\":\"https:\\\/\\\/exaudi.org\\\/?s={search_term_string}\"},\"query-input\":{\"@type\":\"PropertyValueSpecification\",\"valueRequired\":true,\"valueName\":\"search_term_string\"}}],\"inLanguage\":\"es\"},{\"@type\":\"Person\",\"@id\":\"https:\\\/\\\/exaudi.org\\\/#\\\/schema\\\/person\\\/29b1dbd9f3952eecacfc704ca1a473a8\",\"name\":\"Salvador Fabre\",\"image\":{\"@type\":\"ImageObject\",\"inLanguage\":\"es\",\"@id\":\"https:\\\/\\\/secure.gravatar.com\\\/avatar\\\/8d1a5a78ba86b9a8255e1c5b454943b9168b1dc31a275487309b73b631a7ac5d?s=96&d=mm&r=g\",\"url\":\"https:\\\/\\\/secure.gravatar.com\\\/avatar\\\/8d1a5a78ba86b9a8255e1c5b454943b9168b1dc31a275487309b73b631a7ac5d?s=96&d=mm&r=g\",\"contentUrl\":\"https:\\\/\\\/secure.gravatar.com\\\/avatar\\\/8d1a5a78ba86b9a8255e1c5b454943b9168b1dc31a275487309b73b631a7ac5d?s=96&d=mm&r=g\",\"caption\":\"Salvador Fabre\"},\"description\":\"Doctor en filosof\u00eda - Pensar en Cristiano\",\"url\":\"https:\\\/\\\/exaudi.org\\\/es\\\/author\\\/dr-salvador-fabre\\\/\"}]}<\/script>\n<!-- \/ Yoast SEO plugin. -->","yoast_head_json":{"title":"Con la mirada en la JMJ &#8211; Exaudi","robots":{"index":"index","follow":"follow","max-snippet":"max-snippet:-1","max-image-preview":"max-image-preview:large","max-video-preview":"max-video-preview:-1"},"canonical":"https:\/\/exaudi.org\/es\/con-la-mirada-en-la-jmj\/","og_locale":"es_ES","og_type":"article","og_title":"Con la mirada en la JMJ &#8211; Exaudi","og_description":"Pedir por los j\u00f3venes para que el Esp\u00edritu Santo encuentre el camino para tocar sus corazones y les de \u201cluz para ver y fuerza para querer\u201d de modo que haya abundantes decisiones de entrega a Dios","og_url":"https:\/\/exaudi.org\/es\/con-la-mirada-en-la-jmj\/","og_site_name":"Exaudi","article_publisher":"https:\/\/www.facebook.com\/ExaudiNews","article_published_time":"2023-06-27T07:15:01+00:00","og_image":[{"width":2560,"height":1707,"url":"https:\/\/exaudi.org\/wp-content\/uploads\/2022\/08\/JMJ-Panama-2017-scaled.jpg","type":"image\/jpeg"}],"author":"Salvador Fabre","twitter_card":"summary_large_image","twitter_creator":"@Exaudi_News","twitter_site":"@Exaudi_News","twitter_misc":{"Escrito por":"Salvador Fabre","Tiempo de lectura":"4 minutos"},"schema":{"@context":"https:\/\/schema.org","@graph":[{"@type":"Article","@id":"https:\/\/exaudi.org\/es\/con-la-mirada-en-la-jmj\/#article","isPartOf":{"@id":"https:\/\/exaudi.org\/es\/con-la-mirada-en-la-jmj\/"},"author":{"name":"Salvador Fabre","@id":"https:\/\/exaudi.org\/#\/schema\/person\/29b1dbd9f3952eecacfc704ca1a473a8"},"headline":"Con la mirada en la JMJ","datePublished":"2023-06-27T07:15:01+00:00","mainEntityOfPage":{"@id":"https:\/\/exaudi.org\/es\/con-la-mirada-en-la-jmj\/"},"wordCount":853,"image":{"@id":"https:\/\/exaudi.org\/es\/con-la-mirada-en-la-jmj\/#primaryimage"},"thumbnailUrl":"https:\/\/exaudi.org\/wp-content\/uploads\/2022\/08\/JMJ-Panama-2017-scaled.jpg","keywords":["JMJ","JMJ LISBOA","Monse\u00f1or Fernando Oc\u00e1riz","Trending"],"articleSection":["Voces"],"inLanguage":"es"},{"@type":"WebPage","@id":"https:\/\/exaudi.org\/es\/con-la-mirada-en-la-jmj\/","url":"https:\/\/exaudi.org\/es\/con-la-mirada-en-la-jmj\/","name":"Con la mirada en la JMJ &#8211; Exaudi","isPartOf":{"@id":"https:\/\/exaudi.org\/#website"},"primaryImageOfPage":{"@id":"https:\/\/exaudi.org\/es\/con-la-mirada-en-la-jmj\/#primaryimage"},"image":{"@id":"https:\/\/exaudi.org\/es\/con-la-mirada-en-la-jmj\/#primaryimage"},"thumbnailUrl":"https:\/\/exaudi.org\/wp-content\/uploads\/2022\/08\/JMJ-Panama-2017-scaled.jpg","datePublished":"2023-06-27T07:15:01+00:00","author":{"@id":"https:\/\/exaudi.org\/#\/schema\/person\/29b1dbd9f3952eecacfc704ca1a473a8"},"breadcrumb":{"@id":"https:\/\/exaudi.org\/es\/con-la-mirada-en-la-jmj\/#breadcrumb"},"inLanguage":"es","potentialAction":[{"@type":"ReadAction","target":["https:\/\/exaudi.org\/es\/con-la-mirada-en-la-jmj\/"]}]},{"@type":"ImageObject","inLanguage":"es","@id":"https:\/\/exaudi.org\/es\/con-la-mirada-en-la-jmj\/#primaryimage","url":"https:\/\/exaudi.org\/wp-content\/uploads\/2022\/08\/JMJ-Panama-2017-scaled.jpg","contentUrl":"https:\/\/exaudi.org\/wp-content\/uploads\/2022\/08\/JMJ-Panama-2017-scaled.jpg","width":2560,"height":1707,"caption":"JMJ Panam\u00e1 2019 \u00a9 Cathopic"},{"@type":"BreadcrumbList","@id":"https:\/\/exaudi.org\/es\/con-la-mirada-en-la-jmj\/#breadcrumb","itemListElement":[{"@type":"ListItem","position":1,"name":"Portada","item":"https:\/\/exaudi.org\/es\/"},{"@type":"ListItem","position":2,"name":"Con la mirada en la JMJ"}]},{"@type":"WebSite","@id":"https:\/\/exaudi.org\/#website","url":"https:\/\/exaudi.org\/","name":"Exaudi","description":"News","potentialAction":[{"@type":"SearchAction","target":{"@type":"EntryPoint","urlTemplate":"https:\/\/exaudi.org\/?s={search_term_string}"},"query-input":{"@type":"PropertyValueSpecification","valueRequired":true,"valueName":"search_term_string"}}],"inLanguage":"es"},{"@type":"Person","@id":"https:\/\/exaudi.org\/#\/schema\/person\/29b1dbd9f3952eecacfc704ca1a473a8","name":"Salvador Fabre","image":{"@type":"ImageObject","inLanguage":"es","@id":"https:\/\/secure.gravatar.com\/avatar\/8d1a5a78ba86b9a8255e1c5b454943b9168b1dc31a275487309b73b631a7ac5d?s=96&d=mm&r=g","url":"https:\/\/secure.gravatar.com\/avatar\/8d1a5a78ba86b9a8255e1c5b454943b9168b1dc31a275487309b73b631a7ac5d?s=96&d=mm&r=g","contentUrl":"https:\/\/secure.gravatar.com\/avatar\/8d1a5a78ba86b9a8255e1c5b454943b9168b1dc31a275487309b73b631a7ac5d?s=96&d=mm&r=g","caption":"Salvador Fabre"},"description":"Doctor en filosof\u00eda - Pensar en Cristiano","url":"https:\/\/exaudi.org\/es\/author\/dr-salvador-fabre\/"}]}},"jetpack_featured_media_url":"https:\/\/exaudi.org\/wp-content\/uploads\/2022\/08\/JMJ-Panama-2017-scaled.jpg","jetpack_shortlink":"https:\/\/wp.me\/pgKjF2-kD9","_links":{"self":[{"href":"https:\/\/exaudi.org\/es\/wp-json\/wp\/v2\/posts\/79307","targetHints":{"allow":["GET"]}}],"collection":[{"href":"https:\/\/exaudi.org\/es\/wp-json\/wp\/v2\/posts"}],"about":[{"href":"https:\/\/exaudi.org\/es\/wp-json\/wp\/v2\/types\/post"}],"author":[{"embeddable":true,"href":"https:\/\/exaudi.org\/es\/wp-json\/wp\/v2\/users\/116"}],"replies":[{"embeddable":true,"href":"https:\/\/exaudi.org\/es\/wp-json\/wp\/v2\/comments?post=79307"}],"version-history":[{"count":0,"href":"https:\/\/exaudi.org\/es\/wp-json\/wp\/v2\/posts\/79307\/revisions"}],"wp:featuredmedia":[{"embeddable":true,"href":"https:\/\/exaudi.org\/es\/wp-json\/wp\/v2\/media\/60931"}],"wp:attachment":[{"href":"https:\/\/exaudi.org\/es\/wp-json\/wp\/v2\/media?parent=79307"}],"wp:term":[{"taxonomy":"category","embeddable":true,"href":"https:\/\/exaudi.org\/es\/wp-json\/wp\/v2\/categories?post=79307"},{"taxonomy":"post_tag","embeddable":true,"href":"https:\/\/exaudi.org\/es\/wp-json\/wp\/v2\/tags?post=79307"}],"curies":[{"name":"wp","href":"https:\/\/api.w.org\/{rel}","templated":true}]}}