{"id":79205,"date":"2023-06-25T11:34:29","date_gmt":"2023-06-25T09:34:29","guid":{"rendered":"https:\/\/exaudi.org\/?p=79205"},"modified":"2023-06-25T11:37:51","modified_gmt":"2023-06-25T09:37:51","slug":"cada-uno-de-nosotros-con-sus-especificidades-y-prerrogativas-puede-dibujar-un-horizonte-de-esperanza","status":"publish","type":"post","link":"https:\/\/exaudi.org\/es\/cada-uno-de-nosotros-con-sus-especificidades-y-prerrogativas-puede-dibujar-un-horizonte-de-esperanza\/","title":{"rendered":"\u201cEs necesaria una mirada atenta para desarmar el lenguaje y favorecer el di\u00e1logo\u201d"},"content":{"rendered":"<p>Este s\u00e1bado, 24 de junio de 2023, el Papa Francisco recibe en audiencia a la delegaci\u00f3n del Premio Internacional de Periodismo que lleva el nombre de Biagio Agnes: \u00abEs necesaria una mirada atenta&#8230;. que desde el coraz\u00f3n hace brotar las palabras adecuadas para disipar las sombras de un mundo cerrado y dividido y construir una civilizaci\u00f3n mejor que la que hemos recibido&#8230;. no a <em>fake news<\/em> y a la ret\u00f3rica belicosa, manipulan la verdad\u00bb.<\/p>\n<p>Tras pronunciar el discurso preparado para la ocasi\u00f3n, el Papa dirigi\u00f3 unas palabras de saludo a los presentes en la Audiencia.<\/p>\n<p>Publicamos a continuaci\u00f3n el discurso del Santo Padre:<\/p>\n<p>***<\/p>\n<h3><strong>Discurso del Papa<\/strong><\/h3>\n<p>Estimadas se\u00f1oras y se\u00f1ores<\/p>\n<p>Bienvenidos. Saludo a la Dra. Simona Agnes, al Presidente Dr. Gianni Letta, a los miembros del Jurado y a todos ustedes, presentes, que se dedican al \u00e1mbito de la comunicaci\u00f3n en diversas funciones. La Fundaci\u00f3n que promueve el Premio Internacional de Periodismo e Informaci\u00f3n lleva el nombre de Biagio Agnes, conocido periodista italiano, destacado protagonista de la RAI, defensor de su servicio p\u00fablico, capaz de intervenir con sabidur\u00eda y decisi\u00f3n para garantizar una informaci\u00f3n aut\u00e9ntica y correcta.<\/p>\n<p>El Premio llega ahora a su decimoquinta edici\u00f3n: un lapso de tiempo que ofrece una instant\u00e1nea de los grandes cambios a\u00fan en curso y al mismo tiempo permite sentar las bases de un estilo que encuentra en Biagio Agnes a uno de sus inspiradores. En este sentido quiero leer tambi\u00e9n la cercan\u00eda a esta iniciativa por parte de la RAI -representada aqu\u00ed por su c\u00fapula directiva- y desde hace algunos a\u00f1os tambi\u00e9n por <em>Confindustria<\/em>. S\u00f3lo juntos, cada uno con sus especificidades y prerrogativas, podremos dibujar un horizonte de esperanza.<\/p>\n<p>Es el trabajo diario del periodista, llamado a \u00abdesgastar las suelas de sus zapatos\u00bb o a recorrer las calles digitales escuchando siempre a la gente con la que se encuentra. \u00abEl periodismo, como relato de la realidad, requiere la capacidad de ir all\u00ed donde nadie va: una mudanza y un deseo de ver. Una curiosidad, una apertura, una pasi\u00f3n\u00bb (<em><a href=\"https:\/\/www.vatican.va\/content\/francesco\/es\/messages\/communications\/documents\/papa-francesco_20210123_messaggio-comunicazioni-sociali.html\" target=\"_blank\" rel=\"noopener\">Mensaje para la 55\u00aa Jornada Mundial de las Comunicaciones Sociales, 23 de enero de 2021<\/a><\/em>). As\u00ed lo subraya tambi\u00e9n el Jurado con el Premio Reportero de Guerra: un enfoque que, al relatar la tragedia y el absurdo de los conflictos, hace que todos se sientan parte del mismo sufrimiento. Me gustar\u00eda se\u00f1alar, a este respecto, tres \u00abelementos\u00bb del trabajo period\u00edstico, que tal vez se utilizan cada vez menos, pero que a\u00fan tienen mucho que ense\u00f1ar: el cuaderno, la pluma y la mirada.<\/p>\n<p><em>Cuaderno de notas<\/em>. Anotar un hecho siempre implica un gran trabajo interior. Uno lo anota porque es testigo directo o porque una fuente, que uno cree fiable, lo relata, abri\u00e9ndolo a una verificaci\u00f3n posterior. El cuaderno nos recuerda la importancia de escuchar, pero sobre todo de dejarse traspasar por lo que sucede. El periodista nunca es un contable de la historia, sino una persona que ha decidido vivir sus implicaciones con participaci\u00f3n, con <em>com-pasi\u00f3n.<\/em><\/p>\n<p><em>La pluma.<\/em> Cada vez se utiliza menos, sustituido por medios m\u00e1s avanzados, pero el bol\u00edgrafo ayuda a procesar el pensamiento, conectando la cabeza y las manos, fomentando los recuerdos y vinculando la memoria con el presente. El bol\u00edgrafo evoca el trabajo artesanal al que siempre est\u00e1 llamado el periodista: se toma el bol\u00edgrafo en la mano tras comprobar detalles, barajar hip\u00f3tesis, reconstruir y cerciorarse de cada paso. En este tejido, inteligencia y conciencia act\u00faan juntas, tocando las cuerdas existenciales de cada uno. La pluma recuerda as\u00ed el \u00abacto creativo\u00bb de los periodistas y trabajadores de los medios de comunicaci\u00f3n, un acto que les exige unir la b\u00fasqueda de la verdad con la rectitud y el respeto a las personas, en particular con el respeto a la \u00e9tica profesional, tal y como hizo Biagio Agnes.<\/p>\n<p><em>La mirada<\/em>. El cuaderno y el bol\u00edgrafo son meros accesorios si falta una mirada a la realidad. Una mirada real, no s\u00f3lo virtual. Hoy, m\u00e1s que antes, uno puede distraerse con palabras, im\u00e1genes y mensajes que contaminan la vida. Pensemos, por ejemplo, en el triste fen\u00f3meno de las <em>fake news,<\/em> la ret\u00f3rica belicosa o cualquier cosa que manipule la verdad. Es necesaria una mirada atenta para desarmar el lenguaje y favorecer el di\u00e1logo. La mirada debe dirigirse desde el coraz\u00f3n: de ah\u00ed \u00abbrotan las palabras adecuadas para disipar las sombras de un mundo cerrado y dividido y construir una civilizaci\u00f3n mejor que la que hemos recibido. Es un esfuerzo que se requiere de cada uno de nosotros, pero que exige en particular un sentido de responsabilidad por parte de los trabajadores de la comunicaci\u00f3n, para que puedan llevar a cabo su profesi\u00f3n como una misi\u00f3n\u00bb (<a href=\"https:\/\/www.vatican.va\/content\/francesco\/es\/messages\/communications\/documents\/20230124-messaggio-comunicazioni-sociali.html\" target=\"_blank\" rel=\"noopener\"><em>Mensaje para la 57\u00aa Jornada Mundial de las Comunicaciones Sociales, 24 de enero de 2023)<\/em><\/a>.<\/p>\n<p>Queridos amigos, os animo a continuar con vuestro compromiso de promover iniciativas culturales para apoyar la difusi\u00f3n de informaci\u00f3n correcta, educando y formando a las generaciones m\u00e1s j\u00f3venes. Os doy las gracias de nuevo y mi enhorabuena a los galardonados. Y, por favor, acordaos de rezar por m\u00ed. Muchas gracias.<\/p>\n","protected":false},"excerpt":{"rendered":"<p>Discurso del Papa en la audiencia con la delegaci\u00f3n del Premio Biagio Agnes<\/p>\n","protected":false},"author":15,"featured_media":79206,"comment_status":"closed","ping_status":"closed","sticky":false,"template":"","format":"standard","meta":{"_acf_changed":false,"_crdt_document":"","inline_featured_image":false,"footnotes":""},"categories":[124,68],"tags":[6260,9540,4953],"class_list":["post-79205","post","type-post","status-publish","format-standard","has-post-thumbnail","hentry","category-discursos","category-leon-xiv","tag-discurso-del-papa","tag-premio-internacional-de-periodismo","tag-trending-es"],"acf":[],"yoast_head":"<!-- This site is optimized with the Yoast SEO plugin v27.4 - https:\/\/yoast.com\/product\/yoast-seo-wordpress\/ -->\n<title>\u201cEs necesaria una mirada atenta para desarmar el lenguaje y favorecer el di\u00e1logo\u201d &#8211; Exaudi<\/title>\n<meta name=\"robots\" content=\"index, follow, max-snippet:-1, max-image-preview:large, max-video-preview:-1\" \/>\n<link rel=\"canonical\" href=\"https:\/\/exaudi.org\/es\/cada-uno-de-nosotros-con-sus-especificidades-y-prerrogativas-puede-dibujar-un-horizonte-de-esperanza\/\" \/>\n<meta property=\"og:locale\" content=\"es_ES\" \/>\n<meta property=\"og:type\" content=\"article\" \/>\n<meta property=\"og:title\" content=\"\u201cEs necesaria una mirada atenta para desarmar el lenguaje y favorecer el di\u00e1logo\u201d &#8211; Exaudi\" \/>\n<meta property=\"og:description\" content=\"Discurso del Papa en la audiencia con la delegaci\u00f3n del Premio Biagio Agnes\" \/>\n<meta property=\"og:url\" content=\"https:\/\/exaudi.org\/es\/cada-uno-de-nosotros-con-sus-especificidades-y-prerrogativas-puede-dibujar-un-horizonte-de-esperanza\/\" \/>\n<meta property=\"og:site_name\" content=\"Exaudi\" \/>\n<meta property=\"article:publisher\" content=\"https:\/\/www.facebook.com\/ExaudiNews\" \/>\n<meta property=\"article:author\" content=\"https:\/\/www.facebook.com\/ExaudiNoticias\/\" \/>\n<meta property=\"article:published_time\" content=\"2023-06-25T09:34:29+00:00\" \/>\n<meta property=\"article:modified_time\" content=\"2023-06-25T09:37:51+00:00\" \/>\n<meta property=\"og:image\" content=\"https:\/\/exaudi.org\/wp-content\/uploads\/2023\/06\/periodismo.jpeg\" \/>\n\t<meta property=\"og:image:width\" content=\"800\" \/>\n\t<meta property=\"og:image:height\" content=\"533\" \/>\n\t<meta property=\"og:image:type\" content=\"image\/jpeg\" \/>\n<meta name=\"author\" content=\"Exaudi Redacci\u00f3n\" \/>\n<meta name=\"twitter:card\" content=\"summary_large_image\" \/>\n<meta name=\"twitter:creator\" content=\"@Exaudi_noticias\" \/>\n<meta name=\"twitter:site\" content=\"@Exaudi_News\" \/>\n<meta name=\"twitter:label1\" content=\"Escrito por\" \/>\n\t<meta name=\"twitter:data1\" content=\"Exaudi Redacci\u00f3n\" \/>\n\t<meta name=\"twitter:label2\" content=\"Tiempo de lectura\" \/>\n\t<meta name=\"twitter:data2\" content=\"4 minutos\" \/>\n<script type=\"application\/ld+json\" class=\"yoast-schema-graph\">{\"@context\":\"https:\\\/\\\/schema.org\",\"@graph\":[{\"@type\":\"Article\",\"@id\":\"https:\\\/\\\/exaudi.org\\\/es\\\/cada-uno-de-nosotros-con-sus-especificidades-y-prerrogativas-puede-dibujar-un-horizonte-de-esperanza\\\/#article\",\"isPartOf\":{\"@id\":\"https:\\\/\\\/exaudi.org\\\/es\\\/cada-uno-de-nosotros-con-sus-especificidades-y-prerrogativas-puede-dibujar-un-horizonte-de-esperanza\\\/\"},\"author\":{\"name\":\"Exaudi Redacci\u00f3n\",\"@id\":\"https:\\\/\\\/exaudi.org\\\/#\\\/schema\\\/person\\\/f5fc8f063065e38742da7afe15f25df7\"},\"headline\":\"\u201cEs necesaria una mirada atenta para desarmar el lenguaje y favorecer el di\u00e1logo\u201d\",\"datePublished\":\"2023-06-25T09:34:29+00:00\",\"dateModified\":\"2023-06-25T09:37:51+00:00\",\"mainEntityOfPage\":{\"@id\":\"https:\\\/\\\/exaudi.org\\\/es\\\/cada-uno-de-nosotros-con-sus-especificidades-y-prerrogativas-puede-dibujar-un-horizonte-de-esperanza\\\/\"},\"wordCount\":902,\"image\":{\"@id\":\"https:\\\/\\\/exaudi.org\\\/es\\\/cada-uno-de-nosotros-con-sus-especificidades-y-prerrogativas-puede-dibujar-un-horizonte-de-esperanza\\\/#primaryimage\"},\"thumbnailUrl\":\"https:\\\/\\\/exaudi.org\\\/wp-content\\\/uploads\\\/2023\\\/06\\\/periodismo.jpeg\",\"keywords\":[\"Discurso del Papa\",\"Premio internacional de periodismo\",\"Trending\"],\"articleSection\":[\"Discursos\",\"Le\u00f3n XIV\"],\"inLanguage\":\"es\"},{\"@type\":\"WebPage\",\"@id\":\"https:\\\/\\\/exaudi.org\\\/es\\\/cada-uno-de-nosotros-con-sus-especificidades-y-prerrogativas-puede-dibujar-un-horizonte-de-esperanza\\\/\",\"url\":\"https:\\\/\\\/exaudi.org\\\/es\\\/cada-uno-de-nosotros-con-sus-especificidades-y-prerrogativas-puede-dibujar-un-horizonte-de-esperanza\\\/\",\"name\":\"\u201cEs necesaria una mirada atenta para desarmar el lenguaje y favorecer el di\u00e1logo\u201d &#8211; Exaudi\",\"isPartOf\":{\"@id\":\"https:\\\/\\\/exaudi.org\\\/#website\"},\"primaryImageOfPage\":{\"@id\":\"https:\\\/\\\/exaudi.org\\\/es\\\/cada-uno-de-nosotros-con-sus-especificidades-y-prerrogativas-puede-dibujar-un-horizonte-de-esperanza\\\/#primaryimage\"},\"image\":{\"@id\":\"https:\\\/\\\/exaudi.org\\\/es\\\/cada-uno-de-nosotros-con-sus-especificidades-y-prerrogativas-puede-dibujar-un-horizonte-de-esperanza\\\/#primaryimage\"},\"thumbnailUrl\":\"https:\\\/\\\/exaudi.org\\\/wp-content\\\/uploads\\\/2023\\\/06\\\/periodismo.jpeg\",\"datePublished\":\"2023-06-25T09:34:29+00:00\",\"dateModified\":\"2023-06-25T09:37:51+00:00\",\"author\":{\"@id\":\"https:\\\/\\\/exaudi.org\\\/#\\\/schema\\\/person\\\/f5fc8f063065e38742da7afe15f25df7\"},\"breadcrumb\":{\"@id\":\"https:\\\/\\\/exaudi.org\\\/es\\\/cada-uno-de-nosotros-con-sus-especificidades-y-prerrogativas-puede-dibujar-un-horizonte-de-esperanza\\\/#breadcrumb\"},\"inLanguage\":\"es\",\"potentialAction\":[{\"@type\":\"ReadAction\",\"target\":[\"https:\\\/\\\/exaudi.org\\\/es\\\/cada-uno-de-nosotros-con-sus-especificidades-y-prerrogativas-puede-dibujar-un-horizonte-de-esperanza\\\/\"]}]},{\"@type\":\"ImageObject\",\"inLanguage\":\"es\",\"@id\":\"https:\\\/\\\/exaudi.org\\\/es\\\/cada-uno-de-nosotros-con-sus-especificidades-y-prerrogativas-puede-dibujar-un-horizonte-de-esperanza\\\/#primaryimage\",\"url\":\"https:\\\/\\\/exaudi.org\\\/wp-content\\\/uploads\\\/2023\\\/06\\\/periodismo.jpeg\",\"contentUrl\":\"https:\\\/\\\/exaudi.org\\\/wp-content\\\/uploads\\\/2023\\\/06\\\/periodismo.jpeg\",\"width\":800,\"height\":533,\"caption\":\"Vatican Media\"},{\"@type\":\"BreadcrumbList\",\"@id\":\"https:\\\/\\\/exaudi.org\\\/es\\\/cada-uno-de-nosotros-con-sus-especificidades-y-prerrogativas-puede-dibujar-un-horizonte-de-esperanza\\\/#breadcrumb\",\"itemListElement\":[{\"@type\":\"ListItem\",\"position\":1,\"name\":\"Portada\",\"item\":\"https:\\\/\\\/exaudi.org\\\/es\\\/\"},{\"@type\":\"ListItem\",\"position\":2,\"name\":\"\u201cEs necesaria una mirada atenta para desarmar el lenguaje y favorecer el di\u00e1logo\u201d\"}]},{\"@type\":\"WebSite\",\"@id\":\"https:\\\/\\\/exaudi.org\\\/#website\",\"url\":\"https:\\\/\\\/exaudi.org\\\/\",\"name\":\"Exaudi\",\"description\":\"News\",\"potentialAction\":[{\"@type\":\"SearchAction\",\"target\":{\"@type\":\"EntryPoint\",\"urlTemplate\":\"https:\\\/\\\/exaudi.org\\\/?s={search_term_string}\"},\"query-input\":{\"@type\":\"PropertyValueSpecification\",\"valueRequired\":true,\"valueName\":\"search_term_string\"}}],\"inLanguage\":\"es\"},{\"@type\":\"Person\",\"@id\":\"https:\\\/\\\/exaudi.org\\\/#\\\/schema\\\/person\\\/f5fc8f063065e38742da7afe15f25df7\",\"name\":\"Exaudi Redacci\u00f3n\",\"image\":{\"@type\":\"ImageObject\",\"inLanguage\":\"es\",\"@id\":\"https:\\\/\\\/secure.gravatar.com\\\/avatar\\\/fe0f6a059fb68d9b3e11bc5850dd4899b1c7492091a3cb6dd9b01b56ad828be2?s=96&d=mm&r=g\",\"url\":\"https:\\\/\\\/secure.gravatar.com\\\/avatar\\\/fe0f6a059fb68d9b3e11bc5850dd4899b1c7492091a3cb6dd9b01b56ad828be2?s=96&d=mm&r=g\",\"contentUrl\":\"https:\\\/\\\/secure.gravatar.com\\\/avatar\\\/fe0f6a059fb68d9b3e11bc5850dd4899b1c7492091a3cb6dd9b01b56ad828be2?s=96&d=mm&r=g\",\"caption\":\"Exaudi Redacci\u00f3n\"},\"description\":\"\u00bfQu\u00e9 es Exaudi News? Exaudi News es un medio de comunicaci\u00f3n cat\u00f3lico internacional que informa, forma y transforma, diariamente en espa\u00f1ol, ingl\u00e9s e italiano. A trav\u00e9s de noticias, art\u00edculos de an\u00e1lisis y transmisiones en directo de los eventos del Papa, Exaudi busca fortalecer la unidad de los cristianos y contribuir a la evangelizaci\u00f3n del mundo, siempre guiados por la doctrina social de la Iglesia. Trabajamos para acercar la verdad y los valores cristianos a cada rinc\u00f3n del planeta. \u00a1Ay\u00fadanos a transformar el mundo con Exaudi! En Exaudi creemos que la evangelizaci\u00f3n y la informaci\u00f3n de calidad pueden cambiar vidas. Para continuar con nuestra misi\u00f3n y expandir nuestro alcance, necesitamos tu ayuda. Adem\u00e1s, buscamos personas comprometidas que deseen unirse a nuestro equipo. Con tu apoyo, lograremos llegar a m\u00e1s personas, difundir el mensaje de Cristo y reforzar la unidad de los cristianos. \u00bfTe unes a nuestra misi\u00f3n? Para m\u00e1s informaci\u00f3n sobre c\u00f3mo colaborar, visita Exaudi.org\\\/es o cont\u00e1ctanos directamente: info@exaudi.org Exaudi: Informa, forma y transforma.\",\"sameAs\":[\"https:\\\/\\\/www.facebook.com\\\/ExaudiNoticias\\\/\",\"https:\\\/\\\/www.instagram.com\\\/exaudi_noticias\\\/\",\"https:\\\/\\\/x.com\\\/Exaudi_noticias\",\"https:\\\/\\\/www.youtube.com\\\/@exaudicatholicnews\"],\"url\":\"https:\\\/\\\/exaudi.org\\\/es\\\/author\\\/redaccionexaudi\\\/\"}]}<\/script>\n<!-- \/ Yoast SEO plugin. -->","yoast_head_json":{"title":"\u201cEs necesaria una mirada atenta para desarmar el lenguaje y favorecer el di\u00e1logo\u201d &#8211; Exaudi","robots":{"index":"index","follow":"follow","max-snippet":"max-snippet:-1","max-image-preview":"max-image-preview:large","max-video-preview":"max-video-preview:-1"},"canonical":"https:\/\/exaudi.org\/es\/cada-uno-de-nosotros-con-sus-especificidades-y-prerrogativas-puede-dibujar-un-horizonte-de-esperanza\/","og_locale":"es_ES","og_type":"article","og_title":"\u201cEs necesaria una mirada atenta para desarmar el lenguaje y favorecer el di\u00e1logo\u201d &#8211; Exaudi","og_description":"Discurso del Papa en la audiencia con la delegaci\u00f3n del Premio Biagio Agnes","og_url":"https:\/\/exaudi.org\/es\/cada-uno-de-nosotros-con-sus-especificidades-y-prerrogativas-puede-dibujar-un-horizonte-de-esperanza\/","og_site_name":"Exaudi","article_publisher":"https:\/\/www.facebook.com\/ExaudiNews","article_author":"https:\/\/www.facebook.com\/ExaudiNoticias\/","article_published_time":"2023-06-25T09:34:29+00:00","article_modified_time":"2023-06-25T09:37:51+00:00","og_image":[{"width":800,"height":533,"url":"https:\/\/exaudi.org\/wp-content\/uploads\/2023\/06\/periodismo.jpeg","type":"image\/jpeg"}],"author":"Exaudi Redacci\u00f3n","twitter_card":"summary_large_image","twitter_creator":"@Exaudi_noticias","twitter_site":"@Exaudi_News","twitter_misc":{"Escrito por":"Exaudi Redacci\u00f3n","Tiempo de lectura":"4 minutos"},"schema":{"@context":"https:\/\/schema.org","@graph":[{"@type":"Article","@id":"https:\/\/exaudi.org\/es\/cada-uno-de-nosotros-con-sus-especificidades-y-prerrogativas-puede-dibujar-un-horizonte-de-esperanza\/#article","isPartOf":{"@id":"https:\/\/exaudi.org\/es\/cada-uno-de-nosotros-con-sus-especificidades-y-prerrogativas-puede-dibujar-un-horizonte-de-esperanza\/"},"author":{"name":"Exaudi Redacci\u00f3n","@id":"https:\/\/exaudi.org\/#\/schema\/person\/f5fc8f063065e38742da7afe15f25df7"},"headline":"\u201cEs necesaria una mirada atenta para desarmar el lenguaje y favorecer el di\u00e1logo\u201d","datePublished":"2023-06-25T09:34:29+00:00","dateModified":"2023-06-25T09:37:51+00:00","mainEntityOfPage":{"@id":"https:\/\/exaudi.org\/es\/cada-uno-de-nosotros-con-sus-especificidades-y-prerrogativas-puede-dibujar-un-horizonte-de-esperanza\/"},"wordCount":902,"image":{"@id":"https:\/\/exaudi.org\/es\/cada-uno-de-nosotros-con-sus-especificidades-y-prerrogativas-puede-dibujar-un-horizonte-de-esperanza\/#primaryimage"},"thumbnailUrl":"https:\/\/exaudi.org\/wp-content\/uploads\/2023\/06\/periodismo.jpeg","keywords":["Discurso del Papa","Premio internacional de periodismo","Trending"],"articleSection":["Discursos","Le\u00f3n XIV"],"inLanguage":"es"},{"@type":"WebPage","@id":"https:\/\/exaudi.org\/es\/cada-uno-de-nosotros-con-sus-especificidades-y-prerrogativas-puede-dibujar-un-horizonte-de-esperanza\/","url":"https:\/\/exaudi.org\/es\/cada-uno-de-nosotros-con-sus-especificidades-y-prerrogativas-puede-dibujar-un-horizonte-de-esperanza\/","name":"\u201cEs necesaria una mirada atenta para desarmar el lenguaje y favorecer el di\u00e1logo\u201d &#8211; Exaudi","isPartOf":{"@id":"https:\/\/exaudi.org\/#website"},"primaryImageOfPage":{"@id":"https:\/\/exaudi.org\/es\/cada-uno-de-nosotros-con-sus-especificidades-y-prerrogativas-puede-dibujar-un-horizonte-de-esperanza\/#primaryimage"},"image":{"@id":"https:\/\/exaudi.org\/es\/cada-uno-de-nosotros-con-sus-especificidades-y-prerrogativas-puede-dibujar-un-horizonte-de-esperanza\/#primaryimage"},"thumbnailUrl":"https:\/\/exaudi.org\/wp-content\/uploads\/2023\/06\/periodismo.jpeg","datePublished":"2023-06-25T09:34:29+00:00","dateModified":"2023-06-25T09:37:51+00:00","author":{"@id":"https:\/\/exaudi.org\/#\/schema\/person\/f5fc8f063065e38742da7afe15f25df7"},"breadcrumb":{"@id":"https:\/\/exaudi.org\/es\/cada-uno-de-nosotros-con-sus-especificidades-y-prerrogativas-puede-dibujar-un-horizonte-de-esperanza\/#breadcrumb"},"inLanguage":"es","potentialAction":[{"@type":"ReadAction","target":["https:\/\/exaudi.org\/es\/cada-uno-de-nosotros-con-sus-especificidades-y-prerrogativas-puede-dibujar-un-horizonte-de-esperanza\/"]}]},{"@type":"ImageObject","inLanguage":"es","@id":"https:\/\/exaudi.org\/es\/cada-uno-de-nosotros-con-sus-especificidades-y-prerrogativas-puede-dibujar-un-horizonte-de-esperanza\/#primaryimage","url":"https:\/\/exaudi.org\/wp-content\/uploads\/2023\/06\/periodismo.jpeg","contentUrl":"https:\/\/exaudi.org\/wp-content\/uploads\/2023\/06\/periodismo.jpeg","width":800,"height":533,"caption":"Vatican Media"},{"@type":"BreadcrumbList","@id":"https:\/\/exaudi.org\/es\/cada-uno-de-nosotros-con-sus-especificidades-y-prerrogativas-puede-dibujar-un-horizonte-de-esperanza\/#breadcrumb","itemListElement":[{"@type":"ListItem","position":1,"name":"Portada","item":"https:\/\/exaudi.org\/es\/"},{"@type":"ListItem","position":2,"name":"\u201cEs necesaria una mirada atenta para desarmar el lenguaje y favorecer el di\u00e1logo\u201d"}]},{"@type":"WebSite","@id":"https:\/\/exaudi.org\/#website","url":"https:\/\/exaudi.org\/","name":"Exaudi","description":"News","potentialAction":[{"@type":"SearchAction","target":{"@type":"EntryPoint","urlTemplate":"https:\/\/exaudi.org\/?s={search_term_string}"},"query-input":{"@type":"PropertyValueSpecification","valueRequired":true,"valueName":"search_term_string"}}],"inLanguage":"es"},{"@type":"Person","@id":"https:\/\/exaudi.org\/#\/schema\/person\/f5fc8f063065e38742da7afe15f25df7","name":"Exaudi Redacci\u00f3n","image":{"@type":"ImageObject","inLanguage":"es","@id":"https:\/\/secure.gravatar.com\/avatar\/fe0f6a059fb68d9b3e11bc5850dd4899b1c7492091a3cb6dd9b01b56ad828be2?s=96&d=mm&r=g","url":"https:\/\/secure.gravatar.com\/avatar\/fe0f6a059fb68d9b3e11bc5850dd4899b1c7492091a3cb6dd9b01b56ad828be2?s=96&d=mm&r=g","contentUrl":"https:\/\/secure.gravatar.com\/avatar\/fe0f6a059fb68d9b3e11bc5850dd4899b1c7492091a3cb6dd9b01b56ad828be2?s=96&d=mm&r=g","caption":"Exaudi Redacci\u00f3n"},"description":"\u00bfQu\u00e9 es Exaudi News? Exaudi News es un medio de comunicaci\u00f3n cat\u00f3lico internacional que informa, forma y transforma, diariamente en espa\u00f1ol, ingl\u00e9s e italiano. A trav\u00e9s de noticias, art\u00edculos de an\u00e1lisis y transmisiones en directo de los eventos del Papa, Exaudi busca fortalecer la unidad de los cristianos y contribuir a la evangelizaci\u00f3n del mundo, siempre guiados por la doctrina social de la Iglesia. Trabajamos para acercar la verdad y los valores cristianos a cada rinc\u00f3n del planeta. \u00a1Ay\u00fadanos a transformar el mundo con Exaudi! En Exaudi creemos que la evangelizaci\u00f3n y la informaci\u00f3n de calidad pueden cambiar vidas. Para continuar con nuestra misi\u00f3n y expandir nuestro alcance, necesitamos tu ayuda. Adem\u00e1s, buscamos personas comprometidas que deseen unirse a nuestro equipo. Con tu apoyo, lograremos llegar a m\u00e1s personas, difundir el mensaje de Cristo y reforzar la unidad de los cristianos. \u00bfTe unes a nuestra misi\u00f3n? Para m\u00e1s informaci\u00f3n sobre c\u00f3mo colaborar, visita Exaudi.org\/es o cont\u00e1ctanos directamente: info@exaudi.org Exaudi: Informa, forma y transforma.","sameAs":["https:\/\/www.facebook.com\/ExaudiNoticias\/","https:\/\/www.instagram.com\/exaudi_noticias\/","https:\/\/x.com\/Exaudi_noticias","https:\/\/www.youtube.com\/@exaudicatholicnews"],"url":"https:\/\/exaudi.org\/es\/author\/redaccionexaudi\/"}]}},"jetpack_featured_media_url":"https:\/\/exaudi.org\/wp-content\/uploads\/2023\/06\/periodismo.jpeg","jetpack_shortlink":"https:\/\/wp.me\/pgKjF2-kBv","_links":{"self":[{"href":"https:\/\/exaudi.org\/es\/wp-json\/wp\/v2\/posts\/79205","targetHints":{"allow":["GET"]}}],"collection":[{"href":"https:\/\/exaudi.org\/es\/wp-json\/wp\/v2\/posts"}],"about":[{"href":"https:\/\/exaudi.org\/es\/wp-json\/wp\/v2\/types\/post"}],"author":[{"embeddable":true,"href":"https:\/\/exaudi.org\/es\/wp-json\/wp\/v2\/users\/15"}],"replies":[{"embeddable":true,"href":"https:\/\/exaudi.org\/es\/wp-json\/wp\/v2\/comments?post=79205"}],"version-history":[{"count":0,"href":"https:\/\/exaudi.org\/es\/wp-json\/wp\/v2\/posts\/79205\/revisions"}],"wp:featuredmedia":[{"embeddable":true,"href":"https:\/\/exaudi.org\/es\/wp-json\/wp\/v2\/media\/79206"}],"wp:attachment":[{"href":"https:\/\/exaudi.org\/es\/wp-json\/wp\/v2\/media?parent=79205"}],"wp:term":[{"taxonomy":"category","embeddable":true,"href":"https:\/\/exaudi.org\/es\/wp-json\/wp\/v2\/categories?post=79205"},{"taxonomy":"post_tag","embeddable":true,"href":"https:\/\/exaudi.org\/es\/wp-json\/wp\/v2\/tags?post=79205"}],"curies":[{"name":"wp","href":"https:\/\/api.w.org\/{rel}","templated":true}]}}