{"id":79202,"date":"2023-06-25T09:49:28","date_gmt":"2023-06-25T07:49:28","guid":{"rendered":"https:\/\/exaudi.org\/?p=79202"},"modified":"2023-06-25T09:49:28","modified_gmt":"2023-06-25T07:49:28","slug":"el-papa-dejad-la-iniciativa-al-espiritu-el-realiza-la-conversion-y-la-armonia","status":"publish","type":"post","link":"https:\/\/exaudi.org\/es\/el-papa-dejad-la-iniciativa-al-espiritu-el-realiza-la-conversion-y-la-armonia\/","title":{"rendered":"El Papa:  \u201cDejad la iniciativa al Esp\u00edritu, el realiza la conversi\u00f3n y la armon\u00eda\u201d"},"content":{"rendered":"<p>Este s\u00e1bado, 24 de junio de 2023, el Santo Padre Francisco recibi\u00f3 en Audiencia, en el Palacio Apost\u00f3lico Vaticano, a los participantes en el Cap\u00edtulo General de las Siervas del Par\u00e1clito y les dirigi\u00f3 el siguiente discurso:<\/p>\n<p>***<\/p>\n<h3><strong>Discurso del Santo Padre<\/strong><\/h3>\n<p>Queridos hermanos, \u00a1buenos d\u00edas y bienvenidos!<\/p>\n<p>Me encuentro con vosotros en este tiempo significativo para vuestra Congregaci\u00f3n, que es el Cap\u00edtulo general, un tiempo fuerte de di\u00e1logo entre vosotros y con el Esp\u00edritu Santo, del que saldr\u00e9is renovados, ante todo en el coraz\u00f3n, en la visi\u00f3n y en las intenciones, y despu\u00e9s en las iniciativas y en las estructuras. Un tiempo de discernimiento colegial de los signos que os llegan de vuestro camino y de vuestra historia<\/p>\n<p>Animados, pues, por la gracia propia del Cap\u00edtulo, os propon\u00e9is encontrar nuevos caminos de misericordia y de proximidad para realizar vuestro carisma con fidelidad din\u00e1mica. Os pone al lado de los sacerdotes en dificultad, para \u00abprestar -como dicen vuestras Constituciones- todo el servicio posible y prudente a los que han recibido el sacramento del Orden\u00bb (Const. 4, 2). El lema de vuestro Instituto: <em>Pro<\/em> <em>Christo<\/em> sacerdote (cf. ibid., 4, 4), resume bien vuestra vocaci\u00f3n particular: est\u00e1is puestos al servicio de Cristo en sus sacerdotes.<\/p>\n<p>En el momento actual, esto significa tambi\u00e9n compartir el particular camino de purificaci\u00f3n que la Iglesia est\u00e1 viviendo a causa de las tragedias de los abusos. \u00abEl pecado nos desfigura, y experimentamos dolorosamente su humillaci\u00f3n cuando nosotros mismos o alguno de nuestros hermanos sacerdotes u obispos caemos en el abismo sin fondo del vicio, de la corrupci\u00f3n o, peor a\u00fan, del crimen que destruye la vida de los dem\u00e1s\u00bb (Meditaci\u00f3n al Clero de Roma, 7 de marzo de 2019). En una situaci\u00f3n as\u00ed, ser \u00abservidores del Par\u00e1clito\u00bb os pide dedicar vuestra vida a acompa\u00f1ar a algunos hermanos sacerdotes y consagrados ofreciendo a cada uno un camino de ascesis, conversi\u00f3n y renovaci\u00f3n espiritual y vocacional.<\/p>\n<p>Con el esp\u00edritu y el estilo del Buen Samaritano, os coloc\u00e1is al lado de estos hermanos, compartiendo con ellos la vida y la oraci\u00f3n cotidiana. Sobre todo, los coloc\u00e1is en una comunidad, una comunidad orante, que les ayuda a redescubrir la armon\u00eda de vida que una crisis vocacional siempre compromete.<\/p>\n<p>Al abordar las m\u00faltiples facetas de este problema, os invito a profundizar en la espiritualidad de la reparaci\u00f3n (cf. Discurso a la Pontificia Comisi\u00f3n para la protecci\u00f3n de los menores, 5 de mayo de 2023), partiendo de la necesidad de purificaci\u00f3n, al servicio de la santidad de los Pastores del Pueblo de Dios.<\/p>\n<p><img loading=\"lazy\" decoding=\"async\" class=\"alignright size-medium wp-image-79176\" src=\"https:\/\/exaudi.org\/wp-content\/uploads\/2023\/06\/cq5dam.web_.800.800-1-4-300x200.jpeg\" alt=\"\" width=\"300\" height=\"200\" srcset=\"https:\/\/exaudi.org\/wp-content\/uploads\/2023\/06\/cq5dam.web_.800.800-1-4-300x200.jpeg 300w, https:\/\/exaudi.org\/wp-content\/uploads\/2023\/06\/cq5dam.web_.800.800-1-4-770x513.jpeg 770w, https:\/\/exaudi.org\/wp-content\/uploads\/2023\/06\/cq5dam.web_.800.800-1-4-360x240.jpeg?crop=1 360w, https:\/\/exaudi.org\/wp-content\/uploads\/2023\/06\/cq5dam.web_.800.800-1-4-500x333.jpeg 500w, https:\/\/exaudi.org\/wp-content\/uploads\/2023\/06\/cq5dam.web_.800.800-1-4-370x247.jpeg 370w, https:\/\/exaudi.org\/wp-content\/uploads\/2023\/06\/cq5dam.web_.800.800-1-4-293x195.jpeg 293w, https:\/\/exaudi.org\/wp-content\/uploads\/2023\/06\/cq5dam.web_.800.800-1-4-120x80.jpeg 120w, https:\/\/exaudi.org\/wp-content\/uploads\/2023\/06\/cq5dam.web_.800.800-1-4-240x160.jpeg 240w, https:\/\/exaudi.org\/wp-content\/uploads\/2023\/06\/cq5dam.web_.800.800-1-4-390x260.jpeg 390w, https:\/\/exaudi.org\/wp-content\/uploads\/2023\/06\/cq5dam.web_.800.800-1-4.jpeg 800w\" sizes=\"auto, (max-width: 300px) 100vw, 300px\" \/>Vuestro carisma subraya particularmente el compromiso asc\u00e9tico y la oraci\u00f3n, con una disposici\u00f3n contemplativa, que con raz\u00f3n sent\u00eds el deber de retomar en plenitud. Junto con los sacerdotes a los que acompa\u00f1\u00e1is, est\u00e1is llamados a redescubrir la primac\u00eda de la vida espiritual, conscientes de que la madurez sacerdotal se realiza cuando el Esp\u00edritu Santo se convierte en el protagonista de la vida de los ministros ordenados (cf. Homil\u00eda en la Misa crismal, 6 de abril de 2023). En efecto, la vida espiritual de un sacerdote crece \u00abno cuando se guardan las formas y se cosen los remiendos, sino cuando se deja al Esp\u00edritu la iniciativa\u00bb (ibid.). Dejad la iniciativa al Esp\u00edritu: es \u00c9l quien realiza la conversi\u00f3n y la armon\u00eda en la vida de un sacerdote. Las dudas no hay que tolerarlas, sino sacarlas a la luz, a la luz del Esp\u00edritu. S\u00f3lo \u00c9l nos cura de la infidelidad (cf.<em> Os<\/em> 14,5). S\u00f3lo \u00c9l, no otros m\u00e9todos. Lo que nos cura de la infidelidad es el Esp\u00edritu Santo.<\/p>\n<p>Que en el servicio, silencioso y oculto, que est\u00e1is llamados a realizar cada d\u00eda, se\u00e1is imagen de Jesucristo, rostro de la misericordia del Padre (Bula Misericordiae vultus, 11 de abril de 2015, 1), que nos revela el misterio del amor divino en su plenitud. Como nos recuerda el ap\u00f3stol Pablo, \u00abDios nos demuestra su amor en que, siendo a\u00fan pecadores, Cristo muri\u00f3 por nosotros\u00bb (<em>Rm<\/em> 5, 8). Que el Esp\u00edritu os ayude a mirar a cada uno con los ojos de Jes\u00fas, con su amor, con su ternura.<\/p>\n<p>Queridos hermanos, os doy las gracias por haber venido y os deseo un buen camino como testigos del Evangelio de la misericordia. Que la Virgen Mar\u00eda os acompa\u00f1e y os proteja: miradla para \u00abcreer en la fuerza revolucionaria de la ternura y del afecto\u00bb (Exhort. ap. <em>Evangelii gaudium<\/em>, 288). Os bendigo de coraz\u00f3n. Y, por favor, no olvid\u00e9is rezar por m\u00ed. Muchas gracias.<\/p>\n","protected":false},"excerpt":{"rendered":"<p>Palabras del Papa durante la audiencia con los servidores del Par\u00e1clito<\/p>\n","protected":false},"author":15,"featured_media":79173,"comment_status":"closed","ping_status":"closed","sticky":false,"template":"","format":"standard","meta":{"_acf_changed":false,"_crdt_document":"","inline_featured_image":false,"footnotes":""},"categories":[124,68],"tags":[648,158,9537,4953],"class_list":["post-79202","post","type-post","status-publish","format-standard","has-post-thumbnail","hentry","category-discursos","category-leon-xiv","tag-discurso","tag-papa-francisco","tag-servidores-del-paraclito","tag-trending-es"],"acf":[],"yoast_head":"<!-- This site is optimized with the Yoast SEO plugin v27.4 - https:\/\/yoast.com\/product\/yoast-seo-wordpress\/ -->\n<title>El Papa: \u201cDejad la iniciativa al Esp\u00edritu, el realiza la conversi\u00f3n y la armon\u00eda\u201d &#8211; Exaudi<\/title>\n<meta name=\"robots\" content=\"index, follow, max-snippet:-1, max-image-preview:large, max-video-preview:-1\" \/>\n<link rel=\"canonical\" href=\"https:\/\/exaudi.org\/es\/el-papa-dejad-la-iniciativa-al-espiritu-el-realiza-la-conversion-y-la-armonia\/\" \/>\n<meta property=\"og:locale\" content=\"es_ES\" \/>\n<meta property=\"og:type\" content=\"article\" \/>\n<meta property=\"og:title\" content=\"El Papa: \u201cDejad la iniciativa al Esp\u00edritu, el realiza la conversi\u00f3n y la armon\u00eda\u201d &#8211; Exaudi\" \/>\n<meta property=\"og:description\" content=\"Palabras del Papa durante la audiencia con los servidores del Par\u00e1clito\" \/>\n<meta property=\"og:url\" content=\"https:\/\/exaudi.org\/es\/el-papa-dejad-la-iniciativa-al-espiritu-el-realiza-la-conversion-y-la-armonia\/\" \/>\n<meta property=\"og:site_name\" content=\"Exaudi\" \/>\n<meta property=\"article:publisher\" content=\"https:\/\/www.facebook.com\/ExaudiNews\" \/>\n<meta property=\"article:author\" content=\"https:\/\/www.facebook.com\/ExaudiNoticias\/\" \/>\n<meta property=\"article:published_time\" content=\"2023-06-25T07:49:28+00:00\" \/>\n<meta property=\"og:image\" content=\"https:\/\/exaudi.org\/wp-content\/uploads\/2023\/06\/cq5dam.web_.800.800-11.jpeg\" \/>\n\t<meta property=\"og:image:width\" content=\"800\" \/>\n\t<meta property=\"og:image:height\" content=\"533\" \/>\n\t<meta property=\"og:image:type\" content=\"image\/jpeg\" \/>\n<meta name=\"author\" content=\"Exaudi Redacci\u00f3n\" \/>\n<meta name=\"twitter:card\" content=\"summary_large_image\" \/>\n<meta name=\"twitter:creator\" content=\"@Exaudi_noticias\" \/>\n<meta name=\"twitter:site\" content=\"@Exaudi_News\" \/>\n<meta name=\"twitter:label1\" content=\"Escrito por\" \/>\n\t<meta name=\"twitter:data1\" content=\"Exaudi Redacci\u00f3n\" \/>\n\t<meta name=\"twitter:label2\" content=\"Tiempo de lectura\" \/>\n\t<meta name=\"twitter:data2\" content=\"4 minutos\" \/>\n<script type=\"application\/ld+json\" class=\"yoast-schema-graph\">{\"@context\":\"https:\\\/\\\/schema.org\",\"@graph\":[{\"@type\":\"Article\",\"@id\":\"https:\\\/\\\/exaudi.org\\\/es\\\/el-papa-dejad-la-iniciativa-al-espiritu-el-realiza-la-conversion-y-la-armonia\\\/#article\",\"isPartOf\":{\"@id\":\"https:\\\/\\\/exaudi.org\\\/es\\\/el-papa-dejad-la-iniciativa-al-espiritu-el-realiza-la-conversion-y-la-armonia\\\/\"},\"author\":{\"name\":\"Exaudi Redacci\u00f3n\",\"@id\":\"https:\\\/\\\/exaudi.org\\\/#\\\/schema\\\/person\\\/f5fc8f063065e38742da7afe15f25df7\"},\"headline\":\"El Papa: \u201cDejad la iniciativa al Esp\u00edritu, el realiza la conversi\u00f3n y la armon\u00eda\u201d\",\"datePublished\":\"2023-06-25T07:49:28+00:00\",\"mainEntityOfPage\":{\"@id\":\"https:\\\/\\\/exaudi.org\\\/es\\\/el-papa-dejad-la-iniciativa-al-espiritu-el-realiza-la-conversion-y-la-armonia\\\/\"},\"wordCount\":806,\"image\":{\"@id\":\"https:\\\/\\\/exaudi.org\\\/es\\\/el-papa-dejad-la-iniciativa-al-espiritu-el-realiza-la-conversion-y-la-armonia\\\/#primaryimage\"},\"thumbnailUrl\":\"https:\\\/\\\/exaudi.org\\\/wp-content\\\/uploads\\\/2023\\\/06\\\/cq5dam.web_.800.800-11.jpeg\",\"keywords\":[\"Discurso\",\"papa francisco\",\"Servidores del par\u00e1clito\",\"Trending\"],\"articleSection\":[\"Discursos\",\"Le\u00f3n XIV\"],\"inLanguage\":\"es\"},{\"@type\":\"WebPage\",\"@id\":\"https:\\\/\\\/exaudi.org\\\/es\\\/el-papa-dejad-la-iniciativa-al-espiritu-el-realiza-la-conversion-y-la-armonia\\\/\",\"url\":\"https:\\\/\\\/exaudi.org\\\/es\\\/el-papa-dejad-la-iniciativa-al-espiritu-el-realiza-la-conversion-y-la-armonia\\\/\",\"name\":\"El Papa: \u201cDejad la iniciativa al Esp\u00edritu, el realiza la conversi\u00f3n y la armon\u00eda\u201d &#8211; Exaudi\",\"isPartOf\":{\"@id\":\"https:\\\/\\\/exaudi.org\\\/#website\"},\"primaryImageOfPage\":{\"@id\":\"https:\\\/\\\/exaudi.org\\\/es\\\/el-papa-dejad-la-iniciativa-al-espiritu-el-realiza-la-conversion-y-la-armonia\\\/#primaryimage\"},\"image\":{\"@id\":\"https:\\\/\\\/exaudi.org\\\/es\\\/el-papa-dejad-la-iniciativa-al-espiritu-el-realiza-la-conversion-y-la-armonia\\\/#primaryimage\"},\"thumbnailUrl\":\"https:\\\/\\\/exaudi.org\\\/wp-content\\\/uploads\\\/2023\\\/06\\\/cq5dam.web_.800.800-11.jpeg\",\"datePublished\":\"2023-06-25T07:49:28+00:00\",\"author\":{\"@id\":\"https:\\\/\\\/exaudi.org\\\/#\\\/schema\\\/person\\\/f5fc8f063065e38742da7afe15f25df7\"},\"breadcrumb\":{\"@id\":\"https:\\\/\\\/exaudi.org\\\/es\\\/el-papa-dejad-la-iniciativa-al-espiritu-el-realiza-la-conversion-y-la-armonia\\\/#breadcrumb\"},\"inLanguage\":\"es\",\"potentialAction\":[{\"@type\":\"ReadAction\",\"target\":[\"https:\\\/\\\/exaudi.org\\\/es\\\/el-papa-dejad-la-iniciativa-al-espiritu-el-realiza-la-conversion-y-la-armonia\\\/\"]}]},{\"@type\":\"ImageObject\",\"inLanguage\":\"es\",\"@id\":\"https:\\\/\\\/exaudi.org\\\/es\\\/el-papa-dejad-la-iniciativa-al-espiritu-el-realiza-la-conversion-y-la-armonia\\\/#primaryimage\",\"url\":\"https:\\\/\\\/exaudi.org\\\/wp-content\\\/uploads\\\/2023\\\/06\\\/cq5dam.web_.800.800-11.jpeg\",\"contentUrl\":\"https:\\\/\\\/exaudi.org\\\/wp-content\\\/uploads\\\/2023\\\/06\\\/cq5dam.web_.800.800-11.jpeg\",\"width\":800,\"height\":533,\"caption\":\"Vatican Media\"},{\"@type\":\"BreadcrumbList\",\"@id\":\"https:\\\/\\\/exaudi.org\\\/es\\\/el-papa-dejad-la-iniciativa-al-espiritu-el-realiza-la-conversion-y-la-armonia\\\/#breadcrumb\",\"itemListElement\":[{\"@type\":\"ListItem\",\"position\":1,\"name\":\"Portada\",\"item\":\"https:\\\/\\\/exaudi.org\\\/es\\\/\"},{\"@type\":\"ListItem\",\"position\":2,\"name\":\"El Papa: \u201cDejad la iniciativa al Esp\u00edritu, el realiza la conversi\u00f3n y la armon\u00eda\u201d\"}]},{\"@type\":\"WebSite\",\"@id\":\"https:\\\/\\\/exaudi.org\\\/#website\",\"url\":\"https:\\\/\\\/exaudi.org\\\/\",\"name\":\"Exaudi\",\"description\":\"News\",\"potentialAction\":[{\"@type\":\"SearchAction\",\"target\":{\"@type\":\"EntryPoint\",\"urlTemplate\":\"https:\\\/\\\/exaudi.org\\\/?s={search_term_string}\"},\"query-input\":{\"@type\":\"PropertyValueSpecification\",\"valueRequired\":true,\"valueName\":\"search_term_string\"}}],\"inLanguage\":\"es\"},{\"@type\":\"Person\",\"@id\":\"https:\\\/\\\/exaudi.org\\\/#\\\/schema\\\/person\\\/f5fc8f063065e38742da7afe15f25df7\",\"name\":\"Exaudi Redacci\u00f3n\",\"image\":{\"@type\":\"ImageObject\",\"inLanguage\":\"es\",\"@id\":\"https:\\\/\\\/secure.gravatar.com\\\/avatar\\\/fe0f6a059fb68d9b3e11bc5850dd4899b1c7492091a3cb6dd9b01b56ad828be2?s=96&d=mm&r=g\",\"url\":\"https:\\\/\\\/secure.gravatar.com\\\/avatar\\\/fe0f6a059fb68d9b3e11bc5850dd4899b1c7492091a3cb6dd9b01b56ad828be2?s=96&d=mm&r=g\",\"contentUrl\":\"https:\\\/\\\/secure.gravatar.com\\\/avatar\\\/fe0f6a059fb68d9b3e11bc5850dd4899b1c7492091a3cb6dd9b01b56ad828be2?s=96&d=mm&r=g\",\"caption\":\"Exaudi Redacci\u00f3n\"},\"description\":\"\u00bfQu\u00e9 es Exaudi News? Exaudi News es un medio de comunicaci\u00f3n cat\u00f3lico internacional que informa, forma y transforma, diariamente en espa\u00f1ol, ingl\u00e9s e italiano. A trav\u00e9s de noticias, art\u00edculos de an\u00e1lisis y transmisiones en directo de los eventos del Papa, Exaudi busca fortalecer la unidad de los cristianos y contribuir a la evangelizaci\u00f3n del mundo, siempre guiados por la doctrina social de la Iglesia. Trabajamos para acercar la verdad y los valores cristianos a cada rinc\u00f3n del planeta. \u00a1Ay\u00fadanos a transformar el mundo con Exaudi! En Exaudi creemos que la evangelizaci\u00f3n y la informaci\u00f3n de calidad pueden cambiar vidas. Para continuar con nuestra misi\u00f3n y expandir nuestro alcance, necesitamos tu ayuda. Adem\u00e1s, buscamos personas comprometidas que deseen unirse a nuestro equipo. Con tu apoyo, lograremos llegar a m\u00e1s personas, difundir el mensaje de Cristo y reforzar la unidad de los cristianos. \u00bfTe unes a nuestra misi\u00f3n? Para m\u00e1s informaci\u00f3n sobre c\u00f3mo colaborar, visita Exaudi.org\\\/es o cont\u00e1ctanos directamente: info@exaudi.org Exaudi: Informa, forma y transforma.\",\"sameAs\":[\"https:\\\/\\\/www.facebook.com\\\/ExaudiNoticias\\\/\",\"https:\\\/\\\/www.instagram.com\\\/exaudi_noticias\\\/\",\"https:\\\/\\\/x.com\\\/Exaudi_noticias\",\"https:\\\/\\\/www.youtube.com\\\/@exaudicatholicnews\"],\"url\":\"https:\\\/\\\/exaudi.org\\\/es\\\/author\\\/redaccionexaudi\\\/\"}]}<\/script>\n<!-- \/ Yoast SEO plugin. -->","yoast_head_json":{"title":"El Papa: \u201cDejad la iniciativa al Esp\u00edritu, el realiza la conversi\u00f3n y la armon\u00eda\u201d &#8211; Exaudi","robots":{"index":"index","follow":"follow","max-snippet":"max-snippet:-1","max-image-preview":"max-image-preview:large","max-video-preview":"max-video-preview:-1"},"canonical":"https:\/\/exaudi.org\/es\/el-papa-dejad-la-iniciativa-al-espiritu-el-realiza-la-conversion-y-la-armonia\/","og_locale":"es_ES","og_type":"article","og_title":"El Papa: \u201cDejad la iniciativa al Esp\u00edritu, el realiza la conversi\u00f3n y la armon\u00eda\u201d &#8211; Exaudi","og_description":"Palabras del Papa durante la audiencia con los servidores del Par\u00e1clito","og_url":"https:\/\/exaudi.org\/es\/el-papa-dejad-la-iniciativa-al-espiritu-el-realiza-la-conversion-y-la-armonia\/","og_site_name":"Exaudi","article_publisher":"https:\/\/www.facebook.com\/ExaudiNews","article_author":"https:\/\/www.facebook.com\/ExaudiNoticias\/","article_published_time":"2023-06-25T07:49:28+00:00","og_image":[{"width":800,"height":533,"url":"https:\/\/exaudi.org\/wp-content\/uploads\/2023\/06\/cq5dam.web_.800.800-11.jpeg","type":"image\/jpeg"}],"author":"Exaudi Redacci\u00f3n","twitter_card":"summary_large_image","twitter_creator":"@Exaudi_noticias","twitter_site":"@Exaudi_News","twitter_misc":{"Escrito por":"Exaudi Redacci\u00f3n","Tiempo de lectura":"4 minutos"},"schema":{"@context":"https:\/\/schema.org","@graph":[{"@type":"Article","@id":"https:\/\/exaudi.org\/es\/el-papa-dejad-la-iniciativa-al-espiritu-el-realiza-la-conversion-y-la-armonia\/#article","isPartOf":{"@id":"https:\/\/exaudi.org\/es\/el-papa-dejad-la-iniciativa-al-espiritu-el-realiza-la-conversion-y-la-armonia\/"},"author":{"name":"Exaudi Redacci\u00f3n","@id":"https:\/\/exaudi.org\/#\/schema\/person\/f5fc8f063065e38742da7afe15f25df7"},"headline":"El Papa: \u201cDejad la iniciativa al Esp\u00edritu, el realiza la conversi\u00f3n y la armon\u00eda\u201d","datePublished":"2023-06-25T07:49:28+00:00","mainEntityOfPage":{"@id":"https:\/\/exaudi.org\/es\/el-papa-dejad-la-iniciativa-al-espiritu-el-realiza-la-conversion-y-la-armonia\/"},"wordCount":806,"image":{"@id":"https:\/\/exaudi.org\/es\/el-papa-dejad-la-iniciativa-al-espiritu-el-realiza-la-conversion-y-la-armonia\/#primaryimage"},"thumbnailUrl":"https:\/\/exaudi.org\/wp-content\/uploads\/2023\/06\/cq5dam.web_.800.800-11.jpeg","keywords":["Discurso","papa francisco","Servidores del par\u00e1clito","Trending"],"articleSection":["Discursos","Le\u00f3n XIV"],"inLanguage":"es"},{"@type":"WebPage","@id":"https:\/\/exaudi.org\/es\/el-papa-dejad-la-iniciativa-al-espiritu-el-realiza-la-conversion-y-la-armonia\/","url":"https:\/\/exaudi.org\/es\/el-papa-dejad-la-iniciativa-al-espiritu-el-realiza-la-conversion-y-la-armonia\/","name":"El Papa: \u201cDejad la iniciativa al Esp\u00edritu, el realiza la conversi\u00f3n y la armon\u00eda\u201d &#8211; Exaudi","isPartOf":{"@id":"https:\/\/exaudi.org\/#website"},"primaryImageOfPage":{"@id":"https:\/\/exaudi.org\/es\/el-papa-dejad-la-iniciativa-al-espiritu-el-realiza-la-conversion-y-la-armonia\/#primaryimage"},"image":{"@id":"https:\/\/exaudi.org\/es\/el-papa-dejad-la-iniciativa-al-espiritu-el-realiza-la-conversion-y-la-armonia\/#primaryimage"},"thumbnailUrl":"https:\/\/exaudi.org\/wp-content\/uploads\/2023\/06\/cq5dam.web_.800.800-11.jpeg","datePublished":"2023-06-25T07:49:28+00:00","author":{"@id":"https:\/\/exaudi.org\/#\/schema\/person\/f5fc8f063065e38742da7afe15f25df7"},"breadcrumb":{"@id":"https:\/\/exaudi.org\/es\/el-papa-dejad-la-iniciativa-al-espiritu-el-realiza-la-conversion-y-la-armonia\/#breadcrumb"},"inLanguage":"es","potentialAction":[{"@type":"ReadAction","target":["https:\/\/exaudi.org\/es\/el-papa-dejad-la-iniciativa-al-espiritu-el-realiza-la-conversion-y-la-armonia\/"]}]},{"@type":"ImageObject","inLanguage":"es","@id":"https:\/\/exaudi.org\/es\/el-papa-dejad-la-iniciativa-al-espiritu-el-realiza-la-conversion-y-la-armonia\/#primaryimage","url":"https:\/\/exaudi.org\/wp-content\/uploads\/2023\/06\/cq5dam.web_.800.800-11.jpeg","contentUrl":"https:\/\/exaudi.org\/wp-content\/uploads\/2023\/06\/cq5dam.web_.800.800-11.jpeg","width":800,"height":533,"caption":"Vatican Media"},{"@type":"BreadcrumbList","@id":"https:\/\/exaudi.org\/es\/el-papa-dejad-la-iniciativa-al-espiritu-el-realiza-la-conversion-y-la-armonia\/#breadcrumb","itemListElement":[{"@type":"ListItem","position":1,"name":"Portada","item":"https:\/\/exaudi.org\/es\/"},{"@type":"ListItem","position":2,"name":"El Papa: \u201cDejad la iniciativa al Esp\u00edritu, el realiza la conversi\u00f3n y la armon\u00eda\u201d"}]},{"@type":"WebSite","@id":"https:\/\/exaudi.org\/#website","url":"https:\/\/exaudi.org\/","name":"Exaudi","description":"News","potentialAction":[{"@type":"SearchAction","target":{"@type":"EntryPoint","urlTemplate":"https:\/\/exaudi.org\/?s={search_term_string}"},"query-input":{"@type":"PropertyValueSpecification","valueRequired":true,"valueName":"search_term_string"}}],"inLanguage":"es"},{"@type":"Person","@id":"https:\/\/exaudi.org\/#\/schema\/person\/f5fc8f063065e38742da7afe15f25df7","name":"Exaudi Redacci\u00f3n","image":{"@type":"ImageObject","inLanguage":"es","@id":"https:\/\/secure.gravatar.com\/avatar\/fe0f6a059fb68d9b3e11bc5850dd4899b1c7492091a3cb6dd9b01b56ad828be2?s=96&d=mm&r=g","url":"https:\/\/secure.gravatar.com\/avatar\/fe0f6a059fb68d9b3e11bc5850dd4899b1c7492091a3cb6dd9b01b56ad828be2?s=96&d=mm&r=g","contentUrl":"https:\/\/secure.gravatar.com\/avatar\/fe0f6a059fb68d9b3e11bc5850dd4899b1c7492091a3cb6dd9b01b56ad828be2?s=96&d=mm&r=g","caption":"Exaudi Redacci\u00f3n"},"description":"\u00bfQu\u00e9 es Exaudi News? Exaudi News es un medio de comunicaci\u00f3n cat\u00f3lico internacional que informa, forma y transforma, diariamente en espa\u00f1ol, ingl\u00e9s e italiano. A trav\u00e9s de noticias, art\u00edculos de an\u00e1lisis y transmisiones en directo de los eventos del Papa, Exaudi busca fortalecer la unidad de los cristianos y contribuir a la evangelizaci\u00f3n del mundo, siempre guiados por la doctrina social de la Iglesia. Trabajamos para acercar la verdad y los valores cristianos a cada rinc\u00f3n del planeta. \u00a1Ay\u00fadanos a transformar el mundo con Exaudi! En Exaudi creemos que la evangelizaci\u00f3n y la informaci\u00f3n de calidad pueden cambiar vidas. Para continuar con nuestra misi\u00f3n y expandir nuestro alcance, necesitamos tu ayuda. Adem\u00e1s, buscamos personas comprometidas que deseen unirse a nuestro equipo. Con tu apoyo, lograremos llegar a m\u00e1s personas, difundir el mensaje de Cristo y reforzar la unidad de los cristianos. \u00bfTe unes a nuestra misi\u00f3n? Para m\u00e1s informaci\u00f3n sobre c\u00f3mo colaborar, visita Exaudi.org\/es o cont\u00e1ctanos directamente: info@exaudi.org Exaudi: Informa, forma y transforma.","sameAs":["https:\/\/www.facebook.com\/ExaudiNoticias\/","https:\/\/www.instagram.com\/exaudi_noticias\/","https:\/\/x.com\/Exaudi_noticias","https:\/\/www.youtube.com\/@exaudicatholicnews"],"url":"https:\/\/exaudi.org\/es\/author\/redaccionexaudi\/"}]}},"jetpack_featured_media_url":"https:\/\/exaudi.org\/wp-content\/uploads\/2023\/06\/cq5dam.web_.800.800-11.jpeg","jetpack_shortlink":"https:\/\/wp.me\/pgKjF2-kBs","_links":{"self":[{"href":"https:\/\/exaudi.org\/es\/wp-json\/wp\/v2\/posts\/79202","targetHints":{"allow":["GET"]}}],"collection":[{"href":"https:\/\/exaudi.org\/es\/wp-json\/wp\/v2\/posts"}],"about":[{"href":"https:\/\/exaudi.org\/es\/wp-json\/wp\/v2\/types\/post"}],"author":[{"embeddable":true,"href":"https:\/\/exaudi.org\/es\/wp-json\/wp\/v2\/users\/15"}],"replies":[{"embeddable":true,"href":"https:\/\/exaudi.org\/es\/wp-json\/wp\/v2\/comments?post=79202"}],"version-history":[{"count":0,"href":"https:\/\/exaudi.org\/es\/wp-json\/wp\/v2\/posts\/79202\/revisions"}],"wp:featuredmedia":[{"embeddable":true,"href":"https:\/\/exaudi.org\/es\/wp-json\/wp\/v2\/media\/79173"}],"wp:attachment":[{"href":"https:\/\/exaudi.org\/es\/wp-json\/wp\/v2\/media?parent=79202"}],"wp:term":[{"taxonomy":"category","embeddable":true,"href":"https:\/\/exaudi.org\/es\/wp-json\/wp\/v2\/categories?post=79202"},{"taxonomy":"post_tag","embeddable":true,"href":"https:\/\/exaudi.org\/es\/wp-json\/wp\/v2\/tags?post=79202"}],"curies":[{"name":"wp","href":"https:\/\/api.w.org\/{rel}","templated":true}]}}