{"id":79136,"date":"2023-06-23T11:19:02","date_gmt":"2023-06-23T09:19:02","guid":{"rendered":"https:\/\/exaudi.org\/?p=79136"},"modified":"2023-06-23T11:19:02","modified_gmt":"2023-06-23T09:19:02","slug":"el-skipper-tanguy-y-el-imoca-lazare-en-barcelona","status":"publish","type":"post","link":"https:\/\/exaudi.org\/es\/el-skipper-tanguy-y-el-imoca-lazare-en-barcelona\/","title":{"rendered":"El Skipper Tanguy y el IMOCA Lazare en Barcelona"},"content":{"rendered":"<audio class=\"wp-audio-shortcode\" id=\"audio-79136-1\" preload=\"none\" style=\"width: 100%;\" controls=\"controls\"><source type=\"audio\/mpeg\" src=\"https:\/\/exaudi.org\/wp-content\/uploads\/2023\/06\/El-Skipper-Tanguy-y-el-IMOCA-Lazare-en-Barcelona.mp3?_=1\" \/><a href=\"https:\/\/exaudi.org\/wp-content\/uploads\/2023\/06\/El-Skipper-Tanguy-y-el-IMOCA-Lazare-en-Barcelona.mp3\">https:\/\/exaudi.org\/wp-content\/uploads\/2023\/06\/El-Skipper-Tanguy-y-el-IMOCA-Lazare-en-Barcelona.mp3<\/a><\/audio>\n<p><em>El <strong>pasado viernes 16 de junio<\/strong> <strong>ha tenido lugar La French Cup Barcelona<\/strong>, una <strong>regata solidaria<\/strong> organizada <strong>en favor de la Fundaci\u00f3n L\u00e1zaro<\/strong> con el objetivo de <strong>remar contra la exclusi\u00f3n social<\/strong>. Este evento ha querido ser una plataforma para la solidaridad, la vela y el mundo empresarial.<\/em><\/p>\n<p>El IMOCA LAZARE (L\u00e1zaro en franc\u00e9s), dirigido por Tanguy Le Turquais, quien participar\u00e1 en la Vend\u00e9e Globe 2024, y justo un a\u00f1o antes de la\u00a0<a href=\"https:\/\/www.americascup.com\/\" target=\"_blank\" rel=\"noopener\">Copa Am\u00e9rica<\/a>, esta carrera ha sido realizada en favor de la asociaci\u00f3n L\u00e1zaro.<\/p>\n<p><strong>Primera regata franc\u00f3fona en Barcelona<\/strong><\/p>\n<p><strong><img loading=\"lazy\" decoding=\"async\" class=\"alignleft wp-image-79140\" src=\"https:\/\/exaudi.org\/wp-content\/uploads\/2023\/06\/DSC02820-scaled.jpg\" alt=\"\" width=\"353\" height=\"268\" srcset=\"https:\/\/exaudi.org\/wp-content\/uploads\/2023\/06\/DSC02820-scaled.jpg 2560w, https:\/\/exaudi.org\/wp-content\/uploads\/2023\/06\/DSC02820-300x228.jpg 300w, https:\/\/exaudi.org\/wp-content\/uploads\/2023\/06\/DSC02820-1024x777.jpg 1024w, https:\/\/exaudi.org\/wp-content\/uploads\/2023\/06\/DSC02820-770x584.jpg 770w, https:\/\/exaudi.org\/wp-content\/uploads\/2023\/06\/DSC02820-1536x1166.jpg 1536w, https:\/\/exaudi.org\/wp-content\/uploads\/2023\/06\/DSC02820-2048x1554.jpg 2048w, https:\/\/exaudi.org\/wp-content\/uploads\/2023\/06\/DSC02820-500x379.jpg 500w, https:\/\/exaudi.org\/wp-content\/uploads\/2023\/06\/DSC02820-293x222.jpg 293w, https:\/\/exaudi.org\/wp-content\/uploads\/2023\/06\/DSC02820-1400x1063.jpg 1400w, https:\/\/exaudi.org\/wp-content\/uploads\/2023\/06\/DSC02820-390x296.jpg 390w\" sizes=\"auto, (max-width: 353px) 100vw, 353px\" \/>El pasado viernes 16 de junio tuvo lugar la regata solidaria. <\/strong>Oganizada por BCNautics Events y en colaboraci\u00f3n con French Tech, LPBC, CJD y APM,<strong> el premio ser\u00e1 destinado a la asociaci\u00f3n L\u00e1zaro, el proyecto <\/strong><strong>que trabaja contra la exclusi\u00f3n social haciendo posible la vida compartida entre personas sin hogar y j\u00f3venes profesionales.<\/strong><\/p>\n<p>Dos d\u00edas antes de la competici\u00f3n, los residentes de los hogares de la Fundaci\u00f3n L\u00e1zaro en Madrid y Barcelona tuvieron la oportunidad \u00fanica de experimentar la navegaci\u00f3n del IMOCA con Tanguy.<\/p>\n<p>El bret\u00f3n de 32 a\u00f1os ya ha participado en numerosas carreras en solitario y con tripulaci\u00f3n.\u00a0Entre las m\u00e1s conocidas: la Route du Rhum o la Mini-Transat.\u00a0El pr\u00f3ximo a\u00f1o partir\u00e1 de Les Sables d&#8217;Olonne para la famosa Vend\u00e9e Globe.<\/p>\n<p>El objetivo de esta competici\u00f3n ha sido combinar los valores de la solidaridad, la navegaci\u00f3n y el mundo empresarial.<\/p>\n<p>La French Cup Barcelona ha ofrecido una serie de ventajas a las empresas, desde actividades de teambuilding hasta oportunidades para la promoci\u00f3n de la marca, y la posibilidad de invitar a clientes y colaboradores. Este evento no solo ha servido como plataforma de networking, sino que ha representado tambi\u00e9n una acci\u00f3n de Responsabilidad Social Empresarial (RSE) en apoyo a la Fundaci\u00f3n L\u00e1zaro.<\/p>\n<p>Los asistentes tuvieron la oportunidad de escuchar a Tanguy Le Turquais, quien comparti\u00f3 con ellos sobre los valores de la vela, la solidaridad y la empresa.<\/p>\n<p>Este evento, adem\u00e1s, celebr\u00f3 la pr\u00f3xima apertura de la primera casa de la Fundaci\u00f3n L\u00e1zaro en Barcelona.<\/p>\n<p>Tanguy Le Turquais, joven franc\u00e9s de 32 a\u00f1os, ha participado en numerosas carreras en solitario y con tripulaci\u00f3n, entre las m\u00e1s conocidas: la Route du Rhum o la Mini-Transat.\u00a0El pr\u00f3ximo a\u00f1o partir\u00e1 de Les Sables d&#8217;Olonne para la famosa Vend\u00e9e Globe.<\/p>\n<p><strong><u>SOBRE LA VEND\u00c9E GLOBE Y EL BARCO DE TANGUY<br \/>\n<\/u><\/strong><\/p>\n<p>La Vend\u00e9e Globe es una regata que consiste en dar la vuelta al mundo a vela en solitario, sin escalas y sin asistencia.<\/p>\n<p>Tanguy ser\u00e1 un competidor especial para la pr\u00f3xima competici\u00f3n 2024-2025, porque con su barco no solo tendr\u00e1 el objetivo de dar la vuelta al mundo en solitario lo m\u00e1s r\u00e1pido posible, sino tambi\u00e9n el de abanderar con su vela los colores y el logo de L\u00e1zaro y ayudar a cambiar la mirada que la sociedad tiene de las personas sin hogar.<\/p>\n<p><img loading=\"lazy\" decoding=\"async\" class=\"wp-image-79143 alignright\" src=\"https:\/\/exaudi.org\/wp-content\/uploads\/2023\/06\/Miembros-de-Lazaro-con-Tanguy-Le-Tourquais.jpg\" alt=\"\" width=\"409\" height=\"307\" srcset=\"https:\/\/exaudi.org\/wp-content\/uploads\/2023\/06\/Miembros-de-Lazaro-con-Tanguy-Le-Tourquais.jpg 2048w, https:\/\/exaudi.org\/wp-content\/uploads\/2023\/06\/Miembros-de-Lazaro-con-Tanguy-Le-Tourquais-300x225.jpg 300w, https:\/\/exaudi.org\/wp-content\/uploads\/2023\/06\/Miembros-de-Lazaro-con-Tanguy-Le-Tourquais-1024x768.jpg 1024w, https:\/\/exaudi.org\/wp-content\/uploads\/2023\/06\/Miembros-de-Lazaro-con-Tanguy-Le-Tourquais-770x578.jpg 770w, https:\/\/exaudi.org\/wp-content\/uploads\/2023\/06\/Miembros-de-Lazaro-con-Tanguy-Le-Tourquais-1536x1152.jpg 1536w, https:\/\/exaudi.org\/wp-content\/uploads\/2023\/06\/Miembros-de-Lazaro-con-Tanguy-Le-Tourquais-500x375.jpg 500w, https:\/\/exaudi.org\/wp-content\/uploads\/2023\/06\/Miembros-de-Lazaro-con-Tanguy-Le-Tourquais-293x220.jpg 293w, https:\/\/exaudi.org\/wp-content\/uploads\/2023\/06\/Miembros-de-Lazaro-con-Tanguy-Le-Tourquais-1400x1050.jpg 1400w, https:\/\/exaudi.org\/wp-content\/uploads\/2023\/06\/Miembros-de-Lazaro-con-Tanguy-Le-Tourquais-390x293.jpg 390w\" sizes=\"auto, (max-width: 409px) 100vw, 409px\" \/>Socios y marcas asociados al proyecto del IMOCA de Tanguy est\u00e1n convencidos de la conexi\u00f3n y el impacto que tienen los valores del deporte y el compromiso social. As\u00ed han decidido ofrecer el 50% de la visibilidad en el barco a L\u00e1zaro y se unen tras una misma vela que transmite valores de inclusi\u00f3n, solidaridad, autenticidad y superaci\u00f3n.<\/p>\n<p>Ya la mujer de Tanguy, Clarisse Cremer, regatista y abanderada de L\u00e1zaro bati\u00f3 el record femenino de la vuelta al mundo en solitario Vendee Globe 2022-2021 con un tiempo de 87 d\u00edas, 2 horas y 24 minutos.<\/p>\n<p><a href=\"https:\/\/fr.linkedin.com\/posts\/association-lazare_le-monde-est-plein-de-gens-qui-ont-peur-de-activity-6970632288518709248-oh_J\" target=\"_blank\" rel=\"noopener\">https:\/\/fr.linkedin.com\/posts\/association-lazare_le-monde-est-plein-de-gens-qui-ont-peur-de-activity-6970632288518709248-oh_J<\/a><\/p>\n<p><strong><u>SOBRE L\u00c1ZARO<br \/>\n<\/u><\/strong><\/p>\n<p>L\u00e1zaro surgi\u00f3 en Par\u00eds en 2006, cuando tres j\u00f3venes decidieron compartir su casa con personas sin hogar en Francia. A partir del \u00e9xito de esta primera experiencia nacieron otros pisos solidarios entre j\u00f3venes y personas sin hogar en Europa y en M\u00e9xico. Hoy en d\u00eda en somos m\u00e1s de 250 personas las que estamos compartiendo esta forma de vida en todo el mundo.<\/p>\n<p>El\u00a0<strong>proyecto L\u00e1zaro<\/strong> es una\u00a0<strong>apuesta innovadora en el \u00e1mbito social. <\/strong>Un proyecto en el que\u00a0<strong>los protagonistas son los j\u00f3venes<\/strong>. Convencidos de que hay m\u00e1s alegr\u00eda en dar que en recibir, j\u00f3venes profesionales de entre 25 y 35 a\u00f1os ofrecen su amistad a personas sin hogar conviviendo con ellos. Nuestro objetivo no es \u00fanicamente proporcionar techo a quienes no lo tienen, sino <strong>establecer verdaderas relaciones de amistad sinceras con personas en situaci\u00f3n de exclusi\u00f3n social, ofreci\u00e9ndoles un hogar<\/strong>. Queremos ir a la ra\u00edz de esta exclusi\u00f3n. Por una parte,<strong>\u00a0la ruptura afectiva y la soledad<\/strong>, ayud\u00e1ndolas a recuperar su valor y la confianza en s\u00ed mismas, con el afecto de una desinteresada amistad compartida, superando as\u00ed la desconfianza y el miedo que estas personas a menudo provocan en los dem\u00e1s. Por otra,\u00a0<strong>superar la cultura del ego\u00edsmo, de la indiferencia y del descarte<\/strong>, que valora a las personas \u00fanicamente por lo que saben, por lo que tienen o por lo que hacen, olvidando su dignidad fundamental y condenando al descarte y al olvido a aquellos que han sido golpeados duramente por la vida, han perdido su autoestima y se han encontrado solos, terminando sin esperanza en las duras y fr\u00edas calles de nuestras ciudades.<\/p>\n<p>Ofrecer un techo al que no lo tiene es importante, pero a\u00fan m\u00e1s necesario es\u00a0<strong>devolver la dignidad a quien la ha perdido o restaurar esa dignidad herida<\/strong>. Para lograr esto no es suficiente una acci\u00f3n asistencial,\u00a0<strong>es necesario mostrarle su valor como persona, amarlo y darle la oportunidad tambi\u00e9n de amar, de dar y recibir, y de hacerse responsable, con la ayuda que necesita, de su propio destino<\/strong>.<\/p>\n<p>Por otra parte, <strong>ofrecemos a los j\u00f3venes la oportunidad de compartir un tiempo de su juventud con aquellos que han sido menos favorecidos que ellos por la vida, para que puedan descubrir y superar tambi\u00e9n sus inseguridades, sus prejuicios y sus miedos y puedan as\u00ed abrirse al don del otro, por vulnerable que sea, y experimentar la alegr\u00eda de la amistad<\/strong>.<\/p>\n<p>Hogares L\u00e1zaro\u00a0<strong>es un proyecto sin \u00e1nimo de lucro, consolidado y reconocido<\/strong>\u00a0en Francia. <strong>En 2017 la asociaci\u00f3n\u00a0<em>Lazar<\/em>, gan\u00f3\u00a0<em>La France s\u2019engage<\/em>, el Premio en Innovaci\u00f3n Social m\u00e1s prestigioso en Francia<\/strong>, elegido por los franceses, un\u00e1nimemente, como su proyecto social favorito, entre m\u00e1s de 1.000 proyectos sociales. El presidente de la Rep\u00fablica Francesa le otorg\u00f3 al proyecto esta prestigiosa etiqueta de calidad a la innovaci\u00f3n social, que \u00e9l mismo patrocina.<\/p>\n<p>En 2017, hace seis a\u00f1os, comenz\u00f3 tambi\u00e9n en <strong>Madrid<\/strong>. En 2023 abri\u00f3 un nuevo hogar en la Calle Luis Larrainza. Consta de un piso para ocho hombres, un piso para siete mujeres, dos estudios y un apartamento para la familia responsable que acompa\u00f1a el proyecto. Van a abrir pronto un nuevo hogar en Barcelona y est\u00e1n trabajando para abrir otros en el Puerto de Santa Mar\u00eda y en el sur de Madrid.<\/p>\n<p>Su inter\u00e9s y reconocimiento han crecido al quedar constatado que\u00a0<strong>el 85% de las personas en riesgo de exclusi\u00f3n que pasan por este proyecto rehacen sus vidas<\/strong>.<\/p>\n<p>Un Hogar L\u00e1zaro consta de pisos compartidos de hombres, pisos de mujeres y estudios de inserci\u00f3n. Nuestros pisos acogen entre 6 y 10 personas de edades, or\u00edgenes e historias personales muy diferentes.<\/p>\n<p><strong>WEBS Y REDES SOCIALES<\/strong>:<\/p>\n<ul>\n<li>Web de L\u00e1zaro: <a href=\"https:\/\/fundacionlazaro.es\" target=\"_blank\" rel=\"noopener\">https:\/\/fundacionlazaro.es<\/a><\/li>\n<li>Instagram de L\u00e1zaro: <a href=\"https:\/\/www.instagram.com\/lazaroespana\/\" target=\"_blank\" rel=\"noopener\">https:\/\/www.instagram.com\/lazaroespana\/<\/a><\/li>\n<li>Facebook de L\u00e1zaro: <a href=\"https:\/\/www.facebook.com\/Lazaroespa\/\" target=\"_blank\" rel=\"noopener\">https:\/\/www.facebook.com\/Lazaroespa\/<\/a><\/li>\n<li><a href=\"https:\/\/fb.watch\/lfQ2wIbrzu\/\" target=\"_blank\" rel=\"noopener\">https:\/\/fb.watch\/lfQ2wIbrzu\/<\/a><\/li>\n<li>Linkedin de L\u00e1zaro: <a href=\"http:\/\/www.linkedin.com\/company\/lazaroespana\/\" target=\"_blank\" rel=\"noopener\">linkedin.com\/company\/lazaroespana\/<\/a><\/li>\n<li>Web de Tanguy Le Turquias: <a href=\"http:\/\/tanguyleturquais.com\">http:\/\/tanguyleturquais.com<\/a><\/li>\n<li>Instagram de Tanguy: <a href=\"https:\/\/www.instagram.com\/tanguyleturquais\/\" target=\"_blank\" rel=\"noopener\">https:\/\/www.instagram.com\/tanguyleturquais\/<\/a><\/li>\n<li>Facebook: <a href=\"https:\/\/www.facebook.com\/tanguyleturquaisnavigateur\" target=\"_blank\" rel=\"noopener\">https:\/\/www.facebook.com\/tanguyleturquaisnavigateur<\/a><\/li>\n<\/ul>\n","protected":false},"excerpt":{"rendered":"<p>Primera regata en Barcelona en favor de las personas sin hogar<\/p>\n","protected":false},"author":15,"featured_media":79137,"comment_status":"closed","ping_status":"closed","sticky":false,"template":"","format":"standard","meta":{"_acf_changed":false,"_crdt_document":"","inline_featured_image":false,"footnotes":""},"categories":[74],"tags":[4250,9534,9531,9532,9530,9533],"class_list":["post-79136","post","type-post","status-publish","format-standard","has-post-thumbnail","hentry","category-iglesia-y-mundo","tag-barcelona","tag-el-barco-de-tanguy","tag-imoca","tag-lazaro","tag-skipper-tanguy","tag-vendee-globe"],"acf":[],"yoast_head":"<!-- This site is optimized with the Yoast SEO plugin v27.5 - https:\/\/yoast.com\/product\/yoast-seo-wordpress\/ -->\n<title>El Skipper Tanguy y el IMOCA Lazare en Barcelona &#8211; Exaudi<\/title>\n<meta name=\"robots\" content=\"index, follow, max-snippet:-1, max-image-preview:large, max-video-preview:-1\" \/>\n<link rel=\"canonical\" href=\"https:\/\/exaudi.org\/es\/el-skipper-tanguy-y-el-imoca-lazare-en-barcelona\/\" \/>\n<meta property=\"og:locale\" content=\"es_ES\" \/>\n<meta property=\"og:type\" content=\"article\" \/>\n<meta property=\"og:title\" content=\"El Skipper Tanguy y el IMOCA Lazare en Barcelona &#8211; Exaudi\" \/>\n<meta property=\"og:description\" content=\"Primera regata en Barcelona en favor de las personas sin hogar\" \/>\n<meta property=\"og:url\" content=\"https:\/\/exaudi.org\/es\/el-skipper-tanguy-y-el-imoca-lazare-en-barcelona\/\" \/>\n<meta property=\"og:site_name\" content=\"Exaudi\" \/>\n<meta property=\"article:publisher\" content=\"https:\/\/www.facebook.com\/ExaudiNews\" \/>\n<meta property=\"article:author\" content=\"https:\/\/www.facebook.com\/ExaudiNoticias\/\" \/>\n<meta property=\"article:published_time\" content=\"2023-06-23T09:19:02+00:00\" \/>\n<meta property=\"og:image\" content=\"https:\/\/exaudi.org\/wp-content\/uploads\/2023\/06\/DSC02675-scaled.jpg\" \/>\n\t<meta property=\"og:image:width\" content=\"2560\" \/>\n\t<meta property=\"og:image:height\" content=\"1926\" \/>\n\t<meta property=\"og:image:type\" content=\"image\/jpeg\" \/>\n<meta name=\"author\" content=\"Exaudi Redacci\u00f3n\" \/>\n<meta name=\"twitter:card\" content=\"summary_large_image\" \/>\n<meta name=\"twitter:creator\" content=\"@Exaudi_noticias\" \/>\n<meta name=\"twitter:site\" content=\"@Exaudi_News\" \/>\n<meta name=\"twitter:label1\" content=\"Escrito por\" \/>\n\t<meta name=\"twitter:data1\" content=\"Exaudi Redacci\u00f3n\" \/>\n\t<meta name=\"twitter:label2\" content=\"Tiempo de lectura\" \/>\n\t<meta name=\"twitter:data2\" content=\"7 minutos\" \/>\n<script type=\"application\/ld+json\" class=\"yoast-schema-graph\">{\"@context\":\"https:\\\/\\\/schema.org\",\"@graph\":[{\"@type\":\"Article\",\"@id\":\"https:\\\/\\\/exaudi.org\\\/es\\\/el-skipper-tanguy-y-el-imoca-lazare-en-barcelona\\\/#article\",\"isPartOf\":{\"@id\":\"https:\\\/\\\/exaudi.org\\\/es\\\/el-skipper-tanguy-y-el-imoca-lazare-en-barcelona\\\/\"},\"author\":{\"name\":\"Exaudi Redacci\u00f3n\",\"@id\":\"https:\\\/\\\/exaudi.org\\\/#\\\/schema\\\/person\\\/f5fc8f063065e38742da7afe15f25df7\"},\"headline\":\"El Skipper Tanguy y el IMOCA Lazare en Barcelona\",\"datePublished\":\"2023-06-23T09:19:02+00:00\",\"mainEntityOfPage\":{\"@id\":\"https:\\\/\\\/exaudi.org\\\/es\\\/el-skipper-tanguy-y-el-imoca-lazare-en-barcelona\\\/\"},\"wordCount\":1355,\"image\":{\"@id\":\"https:\\\/\\\/exaudi.org\\\/es\\\/el-skipper-tanguy-y-el-imoca-lazare-en-barcelona\\\/#primaryimage\"},\"thumbnailUrl\":\"https:\\\/\\\/exaudi.org\\\/wp-content\\\/uploads\\\/2023\\\/06\\\/DSC02675-scaled.jpg\",\"keywords\":[\"Barcelona\",\"EL BARCO DE TANGUY\",\"IMOCA\",\"L\u00e1zaro\",\"Skipper Tanguy\",\"VEND\u00c9E GLOBE\"],\"articleSection\":[\"Iglesia y Mundo\"],\"inLanguage\":\"es\"},{\"@type\":\"WebPage\",\"@id\":\"https:\\\/\\\/exaudi.org\\\/es\\\/el-skipper-tanguy-y-el-imoca-lazare-en-barcelona\\\/\",\"url\":\"https:\\\/\\\/exaudi.org\\\/es\\\/el-skipper-tanguy-y-el-imoca-lazare-en-barcelona\\\/\",\"name\":\"El Skipper Tanguy y el IMOCA Lazare en Barcelona &#8211; Exaudi\",\"isPartOf\":{\"@id\":\"https:\\\/\\\/exaudi.org\\\/#website\"},\"primaryImageOfPage\":{\"@id\":\"https:\\\/\\\/exaudi.org\\\/es\\\/el-skipper-tanguy-y-el-imoca-lazare-en-barcelona\\\/#primaryimage\"},\"image\":{\"@id\":\"https:\\\/\\\/exaudi.org\\\/es\\\/el-skipper-tanguy-y-el-imoca-lazare-en-barcelona\\\/#primaryimage\"},\"thumbnailUrl\":\"https:\\\/\\\/exaudi.org\\\/wp-content\\\/uploads\\\/2023\\\/06\\\/DSC02675-scaled.jpg\",\"datePublished\":\"2023-06-23T09:19:02+00:00\",\"author\":{\"@id\":\"https:\\\/\\\/exaudi.org\\\/#\\\/schema\\\/person\\\/f5fc8f063065e38742da7afe15f25df7\"},\"breadcrumb\":{\"@id\":\"https:\\\/\\\/exaudi.org\\\/es\\\/el-skipper-tanguy-y-el-imoca-lazare-en-barcelona\\\/#breadcrumb\"},\"inLanguage\":\"es\",\"potentialAction\":[{\"@type\":\"ReadAction\",\"target\":[\"https:\\\/\\\/exaudi.org\\\/es\\\/el-skipper-tanguy-y-el-imoca-lazare-en-barcelona\\\/\"]}]},{\"@type\":\"ImageObject\",\"inLanguage\":\"es\",\"@id\":\"https:\\\/\\\/exaudi.org\\\/es\\\/el-skipper-tanguy-y-el-imoca-lazare-en-barcelona\\\/#primaryimage\",\"url\":\"https:\\\/\\\/exaudi.org\\\/wp-content\\\/uploads\\\/2023\\\/06\\\/DSC02675-scaled.jpg\",\"contentUrl\":\"https:\\\/\\\/exaudi.org\\\/wp-content\\\/uploads\\\/2023\\\/06\\\/DSC02675-scaled.jpg\",\"width\":2560,\"height\":1926},{\"@type\":\"BreadcrumbList\",\"@id\":\"https:\\\/\\\/exaudi.org\\\/es\\\/el-skipper-tanguy-y-el-imoca-lazare-en-barcelona\\\/#breadcrumb\",\"itemListElement\":[{\"@type\":\"ListItem\",\"position\":1,\"name\":\"Portada\",\"item\":\"https:\\\/\\\/exaudi.org\\\/es\\\/\"},{\"@type\":\"ListItem\",\"position\":2,\"name\":\"El Skipper Tanguy y el IMOCA Lazare en Barcelona\"}]},{\"@type\":\"WebSite\",\"@id\":\"https:\\\/\\\/exaudi.org\\\/#website\",\"url\":\"https:\\\/\\\/exaudi.org\\\/\",\"name\":\"Exaudi\",\"description\":\"News\",\"potentialAction\":[{\"@type\":\"SearchAction\",\"target\":{\"@type\":\"EntryPoint\",\"urlTemplate\":\"https:\\\/\\\/exaudi.org\\\/?s={search_term_string}\"},\"query-input\":{\"@type\":\"PropertyValueSpecification\",\"valueRequired\":true,\"valueName\":\"search_term_string\"}}],\"inLanguage\":\"es\"},{\"@type\":\"Person\",\"@id\":\"https:\\\/\\\/exaudi.org\\\/#\\\/schema\\\/person\\\/f5fc8f063065e38742da7afe15f25df7\",\"name\":\"Exaudi Redacci\u00f3n\",\"image\":{\"@type\":\"ImageObject\",\"inLanguage\":\"es\",\"@id\":\"https:\\\/\\\/secure.gravatar.com\\\/avatar\\\/fe0f6a059fb68d9b3e11bc5850dd4899b1c7492091a3cb6dd9b01b56ad828be2?s=96&d=mm&r=g\",\"url\":\"https:\\\/\\\/secure.gravatar.com\\\/avatar\\\/fe0f6a059fb68d9b3e11bc5850dd4899b1c7492091a3cb6dd9b01b56ad828be2?s=96&d=mm&r=g\",\"contentUrl\":\"https:\\\/\\\/secure.gravatar.com\\\/avatar\\\/fe0f6a059fb68d9b3e11bc5850dd4899b1c7492091a3cb6dd9b01b56ad828be2?s=96&d=mm&r=g\",\"caption\":\"Exaudi Redacci\u00f3n\"},\"description\":\"\u00bfQu\u00e9 es Exaudi News? Exaudi News es un medio de comunicaci\u00f3n cat\u00f3lico internacional que informa, forma y transforma, diariamente en espa\u00f1ol, ingl\u00e9s e italiano. A trav\u00e9s de noticias, art\u00edculos de an\u00e1lisis y transmisiones en directo de los eventos del Papa, Exaudi busca fortalecer la unidad de los cristianos y contribuir a la evangelizaci\u00f3n del mundo, siempre guiados por la doctrina social de la Iglesia. Trabajamos para acercar la verdad y los valores cristianos a cada rinc\u00f3n del planeta. \u00a1Ay\u00fadanos a transformar el mundo con Exaudi! En Exaudi creemos que la evangelizaci\u00f3n y la informaci\u00f3n de calidad pueden cambiar vidas. Para continuar con nuestra misi\u00f3n y expandir nuestro alcance, necesitamos tu ayuda. Adem\u00e1s, buscamos personas comprometidas que deseen unirse a nuestro equipo. Con tu apoyo, lograremos llegar a m\u00e1s personas, difundir el mensaje de Cristo y reforzar la unidad de los cristianos. \u00bfTe unes a nuestra misi\u00f3n? Para m\u00e1s informaci\u00f3n sobre c\u00f3mo colaborar, visita Exaudi.org\\\/es o cont\u00e1ctanos directamente: info@exaudi.org Exaudi: Informa, forma y transforma.\",\"sameAs\":[\"https:\\\/\\\/www.facebook.com\\\/ExaudiNoticias\\\/\",\"https:\\\/\\\/www.instagram.com\\\/exaudi_noticias\\\/\",\"https:\\\/\\\/x.com\\\/Exaudi_noticias\",\"https:\\\/\\\/www.youtube.com\\\/@exaudicatholicnews\"],\"url\":\"https:\\\/\\\/exaudi.org\\\/es\\\/author\\\/redaccionexaudi\\\/\"}]}<\/script>\n<!-- \/ Yoast SEO plugin. -->","yoast_head_json":{"title":"El Skipper Tanguy y el IMOCA Lazare en Barcelona &#8211; Exaudi","robots":{"index":"index","follow":"follow","max-snippet":"max-snippet:-1","max-image-preview":"max-image-preview:large","max-video-preview":"max-video-preview:-1"},"canonical":"https:\/\/exaudi.org\/es\/el-skipper-tanguy-y-el-imoca-lazare-en-barcelona\/","og_locale":"es_ES","og_type":"article","og_title":"El Skipper Tanguy y el IMOCA Lazare en Barcelona &#8211; Exaudi","og_description":"Primera regata en Barcelona en favor de las personas sin hogar","og_url":"https:\/\/exaudi.org\/es\/el-skipper-tanguy-y-el-imoca-lazare-en-barcelona\/","og_site_name":"Exaudi","article_publisher":"https:\/\/www.facebook.com\/ExaudiNews","article_author":"https:\/\/www.facebook.com\/ExaudiNoticias\/","article_published_time":"2023-06-23T09:19:02+00:00","og_image":[{"width":2560,"height":1926,"url":"https:\/\/exaudi.org\/wp-content\/uploads\/2023\/06\/DSC02675-scaled.jpg","type":"image\/jpeg"}],"author":"Exaudi Redacci\u00f3n","twitter_card":"summary_large_image","twitter_creator":"@Exaudi_noticias","twitter_site":"@Exaudi_News","twitter_misc":{"Escrito por":"Exaudi Redacci\u00f3n","Tiempo de lectura":"7 minutos"},"schema":{"@context":"https:\/\/schema.org","@graph":[{"@type":"Article","@id":"https:\/\/exaudi.org\/es\/el-skipper-tanguy-y-el-imoca-lazare-en-barcelona\/#article","isPartOf":{"@id":"https:\/\/exaudi.org\/es\/el-skipper-tanguy-y-el-imoca-lazare-en-barcelona\/"},"author":{"name":"Exaudi Redacci\u00f3n","@id":"https:\/\/exaudi.org\/#\/schema\/person\/f5fc8f063065e38742da7afe15f25df7"},"headline":"El Skipper Tanguy y el IMOCA Lazare en Barcelona","datePublished":"2023-06-23T09:19:02+00:00","mainEntityOfPage":{"@id":"https:\/\/exaudi.org\/es\/el-skipper-tanguy-y-el-imoca-lazare-en-barcelona\/"},"wordCount":1355,"image":{"@id":"https:\/\/exaudi.org\/es\/el-skipper-tanguy-y-el-imoca-lazare-en-barcelona\/#primaryimage"},"thumbnailUrl":"https:\/\/exaudi.org\/wp-content\/uploads\/2023\/06\/DSC02675-scaled.jpg","keywords":["Barcelona","EL BARCO DE TANGUY","IMOCA","L\u00e1zaro","Skipper Tanguy","VEND\u00c9E GLOBE"],"articleSection":["Iglesia y Mundo"],"inLanguage":"es"},{"@type":"WebPage","@id":"https:\/\/exaudi.org\/es\/el-skipper-tanguy-y-el-imoca-lazare-en-barcelona\/","url":"https:\/\/exaudi.org\/es\/el-skipper-tanguy-y-el-imoca-lazare-en-barcelona\/","name":"El Skipper Tanguy y el IMOCA Lazare en Barcelona &#8211; Exaudi","isPartOf":{"@id":"https:\/\/exaudi.org\/#website"},"primaryImageOfPage":{"@id":"https:\/\/exaudi.org\/es\/el-skipper-tanguy-y-el-imoca-lazare-en-barcelona\/#primaryimage"},"image":{"@id":"https:\/\/exaudi.org\/es\/el-skipper-tanguy-y-el-imoca-lazare-en-barcelona\/#primaryimage"},"thumbnailUrl":"https:\/\/exaudi.org\/wp-content\/uploads\/2023\/06\/DSC02675-scaled.jpg","datePublished":"2023-06-23T09:19:02+00:00","author":{"@id":"https:\/\/exaudi.org\/#\/schema\/person\/f5fc8f063065e38742da7afe15f25df7"},"breadcrumb":{"@id":"https:\/\/exaudi.org\/es\/el-skipper-tanguy-y-el-imoca-lazare-en-barcelona\/#breadcrumb"},"inLanguage":"es","potentialAction":[{"@type":"ReadAction","target":["https:\/\/exaudi.org\/es\/el-skipper-tanguy-y-el-imoca-lazare-en-barcelona\/"]}]},{"@type":"ImageObject","inLanguage":"es","@id":"https:\/\/exaudi.org\/es\/el-skipper-tanguy-y-el-imoca-lazare-en-barcelona\/#primaryimage","url":"https:\/\/exaudi.org\/wp-content\/uploads\/2023\/06\/DSC02675-scaled.jpg","contentUrl":"https:\/\/exaudi.org\/wp-content\/uploads\/2023\/06\/DSC02675-scaled.jpg","width":2560,"height":1926},{"@type":"BreadcrumbList","@id":"https:\/\/exaudi.org\/es\/el-skipper-tanguy-y-el-imoca-lazare-en-barcelona\/#breadcrumb","itemListElement":[{"@type":"ListItem","position":1,"name":"Portada","item":"https:\/\/exaudi.org\/es\/"},{"@type":"ListItem","position":2,"name":"El Skipper Tanguy y el IMOCA Lazare en Barcelona"}]},{"@type":"WebSite","@id":"https:\/\/exaudi.org\/#website","url":"https:\/\/exaudi.org\/","name":"Exaudi","description":"News","potentialAction":[{"@type":"SearchAction","target":{"@type":"EntryPoint","urlTemplate":"https:\/\/exaudi.org\/?s={search_term_string}"},"query-input":{"@type":"PropertyValueSpecification","valueRequired":true,"valueName":"search_term_string"}}],"inLanguage":"es"},{"@type":"Person","@id":"https:\/\/exaudi.org\/#\/schema\/person\/f5fc8f063065e38742da7afe15f25df7","name":"Exaudi Redacci\u00f3n","image":{"@type":"ImageObject","inLanguage":"es","@id":"https:\/\/secure.gravatar.com\/avatar\/fe0f6a059fb68d9b3e11bc5850dd4899b1c7492091a3cb6dd9b01b56ad828be2?s=96&d=mm&r=g","url":"https:\/\/secure.gravatar.com\/avatar\/fe0f6a059fb68d9b3e11bc5850dd4899b1c7492091a3cb6dd9b01b56ad828be2?s=96&d=mm&r=g","contentUrl":"https:\/\/secure.gravatar.com\/avatar\/fe0f6a059fb68d9b3e11bc5850dd4899b1c7492091a3cb6dd9b01b56ad828be2?s=96&d=mm&r=g","caption":"Exaudi Redacci\u00f3n"},"description":"\u00bfQu\u00e9 es Exaudi News? Exaudi News es un medio de comunicaci\u00f3n cat\u00f3lico internacional que informa, forma y transforma, diariamente en espa\u00f1ol, ingl\u00e9s e italiano. A trav\u00e9s de noticias, art\u00edculos de an\u00e1lisis y transmisiones en directo de los eventos del Papa, Exaudi busca fortalecer la unidad de los cristianos y contribuir a la evangelizaci\u00f3n del mundo, siempre guiados por la doctrina social de la Iglesia. Trabajamos para acercar la verdad y los valores cristianos a cada rinc\u00f3n del planeta. \u00a1Ay\u00fadanos a transformar el mundo con Exaudi! En Exaudi creemos que la evangelizaci\u00f3n y la informaci\u00f3n de calidad pueden cambiar vidas. Para continuar con nuestra misi\u00f3n y expandir nuestro alcance, necesitamos tu ayuda. Adem\u00e1s, buscamos personas comprometidas que deseen unirse a nuestro equipo. Con tu apoyo, lograremos llegar a m\u00e1s personas, difundir el mensaje de Cristo y reforzar la unidad de los cristianos. \u00bfTe unes a nuestra misi\u00f3n? Para m\u00e1s informaci\u00f3n sobre c\u00f3mo colaborar, visita Exaudi.org\/es o cont\u00e1ctanos directamente: info@exaudi.org Exaudi: Informa, forma y transforma.","sameAs":["https:\/\/www.facebook.com\/ExaudiNoticias\/","https:\/\/www.instagram.com\/exaudi_noticias\/","https:\/\/x.com\/Exaudi_noticias","https:\/\/www.youtube.com\/@exaudicatholicnews"],"url":"https:\/\/exaudi.org\/es\/author\/redaccionexaudi\/"}]}},"jetpack_featured_media_url":"https:\/\/exaudi.org\/wp-content\/uploads\/2023\/06\/DSC02675-scaled.jpg","jetpack_shortlink":"https:\/\/wp.me\/pgKjF2-kAo","_links":{"self":[{"href":"https:\/\/exaudi.org\/es\/wp-json\/wp\/v2\/posts\/79136","targetHints":{"allow":["GET"]}}],"collection":[{"href":"https:\/\/exaudi.org\/es\/wp-json\/wp\/v2\/posts"}],"about":[{"href":"https:\/\/exaudi.org\/es\/wp-json\/wp\/v2\/types\/post"}],"author":[{"embeddable":true,"href":"https:\/\/exaudi.org\/es\/wp-json\/wp\/v2\/users\/15"}],"replies":[{"embeddable":true,"href":"https:\/\/exaudi.org\/es\/wp-json\/wp\/v2\/comments?post=79136"}],"version-history":[{"count":0,"href":"https:\/\/exaudi.org\/es\/wp-json\/wp\/v2\/posts\/79136\/revisions"}],"wp:featuredmedia":[{"embeddable":true,"href":"https:\/\/exaudi.org\/es\/wp-json\/wp\/v2\/media\/79137"}],"wp:attachment":[{"href":"https:\/\/exaudi.org\/es\/wp-json\/wp\/v2\/media?parent=79136"}],"wp:term":[{"taxonomy":"category","embeddable":true,"href":"https:\/\/exaudi.org\/es\/wp-json\/wp\/v2\/categories?post=79136"},{"taxonomy":"post_tag","embeddable":true,"href":"https:\/\/exaudi.org\/es\/wp-json\/wp\/v2\/tags?post=79136"}],"curies":[{"name":"wp","href":"https:\/\/api.w.org\/{rel}","templated":true}]}}