{"id":78970,"date":"2025-06-22T08:00:30","date_gmt":"2025-06-22T06:00:30","guid":{"rendered":"https:\/\/exaudi.org\/?p=78970"},"modified":"2025-06-19T14:05:24","modified_gmt":"2025-06-19T12:05:24","slug":"santo-tomas-moro-22-de-junio","status":"publish","type":"post","link":"https:\/\/exaudi.org\/es\/santo-tomas-moro-22-de-junio\/","title":{"rendered":"Santo Tom\u00e1s Moro, 22 de junio"},"content":{"rendered":"<p>Grande era su reputaci\u00f3n de hombre recto y jovial, juez justo, culto y estimado por los humanistas europeos, tanto que Erasmo de Rotterdam le dedic\u00f3 su \u00abElogio de la locura\u00bb. Fue muy amado por el pueblo por su caridad, y tambi\u00e9n muy conocido por su sentido del humor y su fino intelecto, como se evidencia en sus obras y su vida. Pero Tom\u00e1s Moro era, ante todo, un hombre de fe. Hijo de un abogado, naci\u00f3 en Londres en 1478. En su vida privada visitaba con frecuencia a los franciscanos de Greenwich y pas\u00f3 un per\u00edodo en la Cartuja de Londres. Su primer matrimonio fue con Jane Colt de quien tuvo 4 hijos y luego, quedando viudo, se cas\u00f3 con Alice Middleton. Fiel esposo y buen padre, se dedic\u00f3 a la educaci\u00f3n intelectual y religiosa de sus hijos, en su casa siempre abierta a los amigos.<\/p>\n<p><iframe title=\"Spotify Embed: Santo Tom\u00e1s Moro, 22 de junio\" style=\"border-radius: 12px\" width=\"100%\" height=\"152\" frameborder=\"0\" allowfullscreen allow=\"autoplay; clipboard-write; encrypted-media; fullscreen; picture-in-picture\" loading=\"lazy\" src=\"https:\/\/open.spotify.com\/embed\/episode\/7dy5Gv4X6xE6AZVtajnHJW?si=836ad2915efa4b76&#038;utm_source=oembed\"><\/iframe><\/p>\n<h3><strong>Una estrella en continuo ascenso<\/strong><\/h3>\n<p>En su vida p\u00fablica lo vemos trabajando como miembro del Parlamento y ocupando varios puestos diplom\u00e1ticos. En 1516 escribi\u00f3 su obra m\u00e1s conocida, \u00abLa Utop\u00eda\u00bb. Enseguida fue juez, presidente de la C\u00e1mara de los Comunes y como consejero y secretario del rey, luch\u00f3 contra la Reforma Protestante. Contribuy\u00f3 a la redacci\u00f3n de \u00abLa defensa de los siete sacramentos\u00bb, obra que le hab\u00eda valido a Enrique VIII el t\u00edtulo de Defensor de la fe. Su ascenso fue veloz e incomparable hasta llegar a la cima. De hecho fue el primer laico en ser nombrado Gran Canciller. Estamos en 1529. En este turbulento contexto politico y religioso, s\u00f3lo unos pocos a\u00f1os despu\u00e9s, en 1532, su vida cambiar\u00e1 de manera decisiva. Tom\u00e1s sinti\u00f3 que deb\u00eda renunciar a sus encargos pol\u00edticos y entonces iniciar\u00e1 otra vida, pero esta vez de pobreza y de abandono para \u00e9l y su familia.<\/p>\n<h3><strong>Muero como fiel servidor del rey, pero primero como servidor de Dios<\/strong><\/h3>\n<p>Su historia est\u00e1 entrelazada con la vida del Rey Enrique VIII, quien, habiendo decidido casarse con Ana Bolena, oblig\u00f3 al Arzobispo Thomas Cranmer a que declarase nulo su matrimonio con Catalina de Arag\u00f3n y luego, en una escalada de oposici\u00f3n al Papa Clemente VII, se autoproclam\u00f3 como el Jefe Supremo de la Iglesia de Inglaterra. En 1534 el parlamento ratific\u00f3 la decisi\u00f2n del rey con el Acta de Supremac\u00eda y el Acta de Sucesi\u00f3n. No obstante que Tom\u00e1s ya se hab\u00eda retirado del mundo pol\u00edtico, en tal situaci\u00f2n tan cr\u00edtica, confirm\u00f3 valientemente su lealtad al Papa y por eso, en 1534 fue encarcelado en la Torre de Londres, pero esto no fue suficiente para hacerlo retractar. Su \u00abl\u00ednea defensiva\u00bb, que era la del silencio, no fue suficiente para salvar su vida. Fue sometido a un juicio, en el curso del cual pronunci\u00f3 una famosa defensa sobre la indisolubilidad del matrimonio, sobre el respeto del patrimonio jur\u00eddico inspirado en los valores cristianos y acerca de la libertad de la Iglesia ante el Estado. Fue injustamente condenado por alta traici\u00f3n y decapitado el 6 de julio, pocos d\u00edas despu\u00e9s de que Juan Fisher, del que era un gran amigo, fuera tambi\u00e9n condenado por las mismas ideas. Por eso, la Iglesia los recuerda a los dos juntos el 22 de junio. Santo Tom\u00e1s Moro fue un hombre muy apasionado por la verdad y en el discurso de Benedicto XVI en Westminster Hall leemos: \u00abQuisiera recordar la figura de Santo Tom\u00e1s Moro, el gran erudito ingl\u00e9s y hombre de Estado, quien es admirado por creyentes y no creyentes por la integridad con la que fue fiel a su conciencia, incluso a costa de contrariar al soberano de quien era un \u201cbuen servidor\u201d, pues eligi\u00f3 servir primero a Dios\u00bb.<\/p>\n<p><img loading=\"lazy\" decoding=\"async\" class=\"size-full wp-image-78974 alignnone\" src=\"https:\/\/exaudi.org\/wp-content\/uploads\/2023\/06\/289876057_421085970030322_9212690268497030925_n.jpg\" alt=\"\" width=\"1080\" height=\"1080\" srcset=\"https:\/\/exaudi.org\/wp-content\/uploads\/2023\/06\/289876057_421085970030322_9212690268497030925_n.jpg 1080w, https:\/\/exaudi.org\/wp-content\/uploads\/2023\/06\/289876057_421085970030322_9212690268497030925_n-300x300.jpg 300w, https:\/\/exaudi.org\/wp-content\/uploads\/2023\/06\/289876057_421085970030322_9212690268497030925_n-1024x1024.jpg 1024w, https:\/\/exaudi.org\/wp-content\/uploads\/2023\/06\/289876057_421085970030322_9212690268497030925_n-100x100.jpg?crop=1 100w, https:\/\/exaudi.org\/wp-content\/uploads\/2023\/06\/289876057_421085970030322_9212690268497030925_n-770x770.jpg 770w, https:\/\/exaudi.org\/wp-content\/uploads\/2023\/06\/289876057_421085970030322_9212690268497030925_n-500x500.jpg 500w, https:\/\/exaudi.org\/wp-content\/uploads\/2023\/06\/289876057_421085970030322_9212690268497030925_n-293x293.jpg 293w, https:\/\/exaudi.org\/wp-content\/uploads\/2023\/06\/289876057_421085970030322_9212690268497030925_n-390x390.jpg 390w, https:\/\/exaudi.org\/wp-content\/uploads\/2023\/06\/289876057_421085970030322_9212690268497030925_n-585x585.jpg 585w, https:\/\/exaudi.org\/wp-content\/uploads\/2023\/06\/289876057_421085970030322_9212690268497030925_n-900x900.jpg 900w\" sizes=\"auto, (max-width: 1080px) 100vw, 1080px\" \/><\/p>\n","protected":false},"excerpt":{"rendered":"<p>Patrono de los gobernantes y los pol\u00edticos<\/p>\n","protected":false},"author":15,"featured_media":79056,"comment_status":"closed","ping_status":"closed","sticky":false,"template":"","format":"standard","meta":{"_acf_changed":false,"_crdt_document":"","inline_featured_image":false,"footnotes":""},"categories":[2772],"tags":[9125,2010,9513,387,9510,4953],"class_list":["post-78970","post","type-post","status-publish","format-standard","has-post-thumbnail","hentry","category-santoral","tag-gobernantes","tag-patron","tag-politico","tag-santoral","tag-tomas-moro","tag-trending-es"],"acf":[],"yoast_head":"<!-- This site is optimized with the Yoast SEO plugin v27.4 - https:\/\/yoast.com\/product\/yoast-seo-wordpress\/ -->\n<title>Santo Tom\u00e1s Moro, 22 de junio &#8211; Exaudi<\/title>\n<meta name=\"robots\" content=\"index, follow, max-snippet:-1, max-image-preview:large, max-video-preview:-1\" \/>\n<link rel=\"canonical\" href=\"https:\/\/exaudi.org\/es\/santo-tomas-moro-22-de-junio\/\" \/>\n<meta property=\"og:locale\" content=\"es_ES\" \/>\n<meta property=\"og:type\" content=\"article\" \/>\n<meta property=\"og:title\" content=\"Santo Tom\u00e1s Moro, 22 de junio &#8211; Exaudi\" \/>\n<meta property=\"og:description\" content=\"Patrono de los gobernantes y los pol\u00edticos\" \/>\n<meta property=\"og:url\" content=\"https:\/\/exaudi.org\/es\/santo-tomas-moro-22-de-junio\/\" \/>\n<meta property=\"og:site_name\" content=\"Exaudi\" \/>\n<meta property=\"article:publisher\" content=\"https:\/\/www.facebook.com\/ExaudiNews\" \/>\n<meta property=\"article:author\" content=\"https:\/\/www.facebook.com\/ExaudiNoticias\/\" \/>\n<meta property=\"article:published_time\" content=\"2025-06-22T06:00:30+00:00\" \/>\n<meta property=\"og:image\" content=\"https:\/\/exaudi.org\/wp-content\/uploads\/2023\/06\/9d924950-8224-494d-9571-fd7d64bd5479-e1687448416130.jpg\" \/>\n\t<meta property=\"og:image:width\" content=\"1272\" \/>\n\t<meta property=\"og:image:height\" content=\"792\" \/>\n\t<meta property=\"og:image:type\" content=\"image\/jpeg\" \/>\n<meta name=\"author\" content=\"Exaudi Redacci\u00f3n\" \/>\n<meta name=\"twitter:card\" content=\"summary_large_image\" \/>\n<meta name=\"twitter:creator\" content=\"@Exaudi_noticias\" \/>\n<meta name=\"twitter:site\" content=\"@Exaudi_News\" \/>\n<meta name=\"twitter:label1\" content=\"Escrito por\" \/>\n\t<meta name=\"twitter:data1\" content=\"Exaudi Redacci\u00f3n\" \/>\n\t<meta name=\"twitter:label2\" content=\"Tiempo de lectura\" \/>\n\t<meta name=\"twitter:data2\" content=\"3 minutos\" \/>\n<script type=\"application\/ld+json\" class=\"yoast-schema-graph\">{\"@context\":\"https:\\\/\\\/schema.org\",\"@graph\":[{\"@type\":\"Article\",\"@id\":\"https:\\\/\\\/exaudi.org\\\/es\\\/santo-tomas-moro-22-de-junio\\\/#article\",\"isPartOf\":{\"@id\":\"https:\\\/\\\/exaudi.org\\\/es\\\/santo-tomas-moro-22-de-junio\\\/\"},\"author\":{\"name\":\"Exaudi Redacci\u00f3n\",\"@id\":\"https:\\\/\\\/exaudi.org\\\/#\\\/schema\\\/person\\\/f5fc8f063065e38742da7afe15f25df7\"},\"headline\":\"Santo Tom\u00e1s Moro, 22 de junio\",\"datePublished\":\"2025-06-22T06:00:30+00:00\",\"mainEntityOfPage\":{\"@id\":\"https:\\\/\\\/exaudi.org\\\/es\\\/santo-tomas-moro-22-de-junio\\\/\"},\"wordCount\":651,\"image\":{\"@id\":\"https:\\\/\\\/exaudi.org\\\/es\\\/santo-tomas-moro-22-de-junio\\\/#primaryimage\"},\"thumbnailUrl\":\"https:\\\/\\\/exaudi.org\\\/wp-content\\\/uploads\\\/2023\\\/06\\\/9d924950-8224-494d-9571-fd7d64bd5479-e1687448416130.jpg\",\"keywords\":[\"Gobernantes\",\"Patr\u00f3n\",\"Pol\u00edtico\",\"Santoral\",\"Tom\u00e1s Moro\",\"Trending\"],\"articleSection\":[\"Santoral\"],\"inLanguage\":\"es\"},{\"@type\":\"WebPage\",\"@id\":\"https:\\\/\\\/exaudi.org\\\/es\\\/santo-tomas-moro-22-de-junio\\\/\",\"url\":\"https:\\\/\\\/exaudi.org\\\/es\\\/santo-tomas-moro-22-de-junio\\\/\",\"name\":\"Santo Tom\u00e1s Moro, 22 de junio &#8211; Exaudi\",\"isPartOf\":{\"@id\":\"https:\\\/\\\/exaudi.org\\\/#website\"},\"primaryImageOfPage\":{\"@id\":\"https:\\\/\\\/exaudi.org\\\/es\\\/santo-tomas-moro-22-de-junio\\\/#primaryimage\"},\"image\":{\"@id\":\"https:\\\/\\\/exaudi.org\\\/es\\\/santo-tomas-moro-22-de-junio\\\/#primaryimage\"},\"thumbnailUrl\":\"https:\\\/\\\/exaudi.org\\\/wp-content\\\/uploads\\\/2023\\\/06\\\/9d924950-8224-494d-9571-fd7d64bd5479-e1687448416130.jpg\",\"datePublished\":\"2025-06-22T06:00:30+00:00\",\"author\":{\"@id\":\"https:\\\/\\\/exaudi.org\\\/#\\\/schema\\\/person\\\/f5fc8f063065e38742da7afe15f25df7\"},\"breadcrumb\":{\"@id\":\"https:\\\/\\\/exaudi.org\\\/es\\\/santo-tomas-moro-22-de-junio\\\/#breadcrumb\"},\"inLanguage\":\"es\",\"potentialAction\":[{\"@type\":\"ReadAction\",\"target\":[\"https:\\\/\\\/exaudi.org\\\/es\\\/santo-tomas-moro-22-de-junio\\\/\"]}]},{\"@type\":\"ImageObject\",\"inLanguage\":\"es\",\"@id\":\"https:\\\/\\\/exaudi.org\\\/es\\\/santo-tomas-moro-22-de-junio\\\/#primaryimage\",\"url\":\"https:\\\/\\\/exaudi.org\\\/wp-content\\\/uploads\\\/2023\\\/06\\\/9d924950-8224-494d-9571-fd7d64bd5479-e1687448416130.jpg\",\"contentUrl\":\"https:\\\/\\\/exaudi.org\\\/wp-content\\\/uploads\\\/2023\\\/06\\\/9d924950-8224-494d-9571-fd7d64bd5479-e1687448416130.jpg\",\"width\":1272,\"height\":792,\"caption\":\"(C) Museo Nacional del Prado\"},{\"@type\":\"BreadcrumbList\",\"@id\":\"https:\\\/\\\/exaudi.org\\\/es\\\/santo-tomas-moro-22-de-junio\\\/#breadcrumb\",\"itemListElement\":[{\"@type\":\"ListItem\",\"position\":1,\"name\":\"Portada\",\"item\":\"https:\\\/\\\/exaudi.org\\\/es\\\/\"},{\"@type\":\"ListItem\",\"position\":2,\"name\":\"Santo Tom\u00e1s Moro, 22 de junio\"}]},{\"@type\":\"WebSite\",\"@id\":\"https:\\\/\\\/exaudi.org\\\/#website\",\"url\":\"https:\\\/\\\/exaudi.org\\\/\",\"name\":\"Exaudi\",\"description\":\"News\",\"potentialAction\":[{\"@type\":\"SearchAction\",\"target\":{\"@type\":\"EntryPoint\",\"urlTemplate\":\"https:\\\/\\\/exaudi.org\\\/?s={search_term_string}\"},\"query-input\":{\"@type\":\"PropertyValueSpecification\",\"valueRequired\":true,\"valueName\":\"search_term_string\"}}],\"inLanguage\":\"es\"},{\"@type\":\"Person\",\"@id\":\"https:\\\/\\\/exaudi.org\\\/#\\\/schema\\\/person\\\/f5fc8f063065e38742da7afe15f25df7\",\"name\":\"Exaudi Redacci\u00f3n\",\"image\":{\"@type\":\"ImageObject\",\"inLanguage\":\"es\",\"@id\":\"https:\\\/\\\/secure.gravatar.com\\\/avatar\\\/fe0f6a059fb68d9b3e11bc5850dd4899b1c7492091a3cb6dd9b01b56ad828be2?s=96&d=mm&r=g\",\"url\":\"https:\\\/\\\/secure.gravatar.com\\\/avatar\\\/fe0f6a059fb68d9b3e11bc5850dd4899b1c7492091a3cb6dd9b01b56ad828be2?s=96&d=mm&r=g\",\"contentUrl\":\"https:\\\/\\\/secure.gravatar.com\\\/avatar\\\/fe0f6a059fb68d9b3e11bc5850dd4899b1c7492091a3cb6dd9b01b56ad828be2?s=96&d=mm&r=g\",\"caption\":\"Exaudi Redacci\u00f3n\"},\"description\":\"\u00bfQu\u00e9 es Exaudi News? Exaudi News es un medio de comunicaci\u00f3n cat\u00f3lico internacional que informa, forma y transforma, diariamente en espa\u00f1ol, ingl\u00e9s e italiano. A trav\u00e9s de noticias, art\u00edculos de an\u00e1lisis y transmisiones en directo de los eventos del Papa, Exaudi busca fortalecer la unidad de los cristianos y contribuir a la evangelizaci\u00f3n del mundo, siempre guiados por la doctrina social de la Iglesia. Trabajamos para acercar la verdad y los valores cristianos a cada rinc\u00f3n del planeta. \u00a1Ay\u00fadanos a transformar el mundo con Exaudi! En Exaudi creemos que la evangelizaci\u00f3n y la informaci\u00f3n de calidad pueden cambiar vidas. Para continuar con nuestra misi\u00f3n y expandir nuestro alcance, necesitamos tu ayuda. Adem\u00e1s, buscamos personas comprometidas que deseen unirse a nuestro equipo. Con tu apoyo, lograremos llegar a m\u00e1s personas, difundir el mensaje de Cristo y reforzar la unidad de los cristianos. \u00bfTe unes a nuestra misi\u00f3n? Para m\u00e1s informaci\u00f3n sobre c\u00f3mo colaborar, visita Exaudi.org\\\/es o cont\u00e1ctanos directamente: info@exaudi.org Exaudi: Informa, forma y transforma.\",\"sameAs\":[\"https:\\\/\\\/www.facebook.com\\\/ExaudiNoticias\\\/\",\"https:\\\/\\\/www.instagram.com\\\/exaudi_noticias\\\/\",\"https:\\\/\\\/x.com\\\/Exaudi_noticias\",\"https:\\\/\\\/www.youtube.com\\\/@exaudicatholicnews\"],\"url\":\"https:\\\/\\\/exaudi.org\\\/es\\\/author\\\/redaccionexaudi\\\/\"}]}<\/script>\n<!-- \/ Yoast SEO plugin. -->","yoast_head_json":{"title":"Santo Tom\u00e1s Moro, 22 de junio &#8211; Exaudi","robots":{"index":"index","follow":"follow","max-snippet":"max-snippet:-1","max-image-preview":"max-image-preview:large","max-video-preview":"max-video-preview:-1"},"canonical":"https:\/\/exaudi.org\/es\/santo-tomas-moro-22-de-junio\/","og_locale":"es_ES","og_type":"article","og_title":"Santo Tom\u00e1s Moro, 22 de junio &#8211; Exaudi","og_description":"Patrono de los gobernantes y los pol\u00edticos","og_url":"https:\/\/exaudi.org\/es\/santo-tomas-moro-22-de-junio\/","og_site_name":"Exaudi","article_publisher":"https:\/\/www.facebook.com\/ExaudiNews","article_author":"https:\/\/www.facebook.com\/ExaudiNoticias\/","article_published_time":"2025-06-22T06:00:30+00:00","og_image":[{"width":1272,"height":792,"url":"https:\/\/exaudi.org\/wp-content\/uploads\/2023\/06\/9d924950-8224-494d-9571-fd7d64bd5479-e1687448416130.jpg","type":"image\/jpeg"}],"author":"Exaudi Redacci\u00f3n","twitter_card":"summary_large_image","twitter_creator":"@Exaudi_noticias","twitter_site":"@Exaudi_News","twitter_misc":{"Escrito por":"Exaudi Redacci\u00f3n","Tiempo de lectura":"3 minutos"},"schema":{"@context":"https:\/\/schema.org","@graph":[{"@type":"Article","@id":"https:\/\/exaudi.org\/es\/santo-tomas-moro-22-de-junio\/#article","isPartOf":{"@id":"https:\/\/exaudi.org\/es\/santo-tomas-moro-22-de-junio\/"},"author":{"name":"Exaudi Redacci\u00f3n","@id":"https:\/\/exaudi.org\/#\/schema\/person\/f5fc8f063065e38742da7afe15f25df7"},"headline":"Santo Tom\u00e1s Moro, 22 de junio","datePublished":"2025-06-22T06:00:30+00:00","mainEntityOfPage":{"@id":"https:\/\/exaudi.org\/es\/santo-tomas-moro-22-de-junio\/"},"wordCount":651,"image":{"@id":"https:\/\/exaudi.org\/es\/santo-tomas-moro-22-de-junio\/#primaryimage"},"thumbnailUrl":"https:\/\/exaudi.org\/wp-content\/uploads\/2023\/06\/9d924950-8224-494d-9571-fd7d64bd5479-e1687448416130.jpg","keywords":["Gobernantes","Patr\u00f3n","Pol\u00edtico","Santoral","Tom\u00e1s Moro","Trending"],"articleSection":["Santoral"],"inLanguage":"es"},{"@type":"WebPage","@id":"https:\/\/exaudi.org\/es\/santo-tomas-moro-22-de-junio\/","url":"https:\/\/exaudi.org\/es\/santo-tomas-moro-22-de-junio\/","name":"Santo Tom\u00e1s Moro, 22 de junio &#8211; Exaudi","isPartOf":{"@id":"https:\/\/exaudi.org\/#website"},"primaryImageOfPage":{"@id":"https:\/\/exaudi.org\/es\/santo-tomas-moro-22-de-junio\/#primaryimage"},"image":{"@id":"https:\/\/exaudi.org\/es\/santo-tomas-moro-22-de-junio\/#primaryimage"},"thumbnailUrl":"https:\/\/exaudi.org\/wp-content\/uploads\/2023\/06\/9d924950-8224-494d-9571-fd7d64bd5479-e1687448416130.jpg","datePublished":"2025-06-22T06:00:30+00:00","author":{"@id":"https:\/\/exaudi.org\/#\/schema\/person\/f5fc8f063065e38742da7afe15f25df7"},"breadcrumb":{"@id":"https:\/\/exaudi.org\/es\/santo-tomas-moro-22-de-junio\/#breadcrumb"},"inLanguage":"es","potentialAction":[{"@type":"ReadAction","target":["https:\/\/exaudi.org\/es\/santo-tomas-moro-22-de-junio\/"]}]},{"@type":"ImageObject","inLanguage":"es","@id":"https:\/\/exaudi.org\/es\/santo-tomas-moro-22-de-junio\/#primaryimage","url":"https:\/\/exaudi.org\/wp-content\/uploads\/2023\/06\/9d924950-8224-494d-9571-fd7d64bd5479-e1687448416130.jpg","contentUrl":"https:\/\/exaudi.org\/wp-content\/uploads\/2023\/06\/9d924950-8224-494d-9571-fd7d64bd5479-e1687448416130.jpg","width":1272,"height":792,"caption":"(C) Museo Nacional del Prado"},{"@type":"BreadcrumbList","@id":"https:\/\/exaudi.org\/es\/santo-tomas-moro-22-de-junio\/#breadcrumb","itemListElement":[{"@type":"ListItem","position":1,"name":"Portada","item":"https:\/\/exaudi.org\/es\/"},{"@type":"ListItem","position":2,"name":"Santo Tom\u00e1s Moro, 22 de junio"}]},{"@type":"WebSite","@id":"https:\/\/exaudi.org\/#website","url":"https:\/\/exaudi.org\/","name":"Exaudi","description":"News","potentialAction":[{"@type":"SearchAction","target":{"@type":"EntryPoint","urlTemplate":"https:\/\/exaudi.org\/?s={search_term_string}"},"query-input":{"@type":"PropertyValueSpecification","valueRequired":true,"valueName":"search_term_string"}}],"inLanguage":"es"},{"@type":"Person","@id":"https:\/\/exaudi.org\/#\/schema\/person\/f5fc8f063065e38742da7afe15f25df7","name":"Exaudi Redacci\u00f3n","image":{"@type":"ImageObject","inLanguage":"es","@id":"https:\/\/secure.gravatar.com\/avatar\/fe0f6a059fb68d9b3e11bc5850dd4899b1c7492091a3cb6dd9b01b56ad828be2?s=96&d=mm&r=g","url":"https:\/\/secure.gravatar.com\/avatar\/fe0f6a059fb68d9b3e11bc5850dd4899b1c7492091a3cb6dd9b01b56ad828be2?s=96&d=mm&r=g","contentUrl":"https:\/\/secure.gravatar.com\/avatar\/fe0f6a059fb68d9b3e11bc5850dd4899b1c7492091a3cb6dd9b01b56ad828be2?s=96&d=mm&r=g","caption":"Exaudi Redacci\u00f3n"},"description":"\u00bfQu\u00e9 es Exaudi News? Exaudi News es un medio de comunicaci\u00f3n cat\u00f3lico internacional que informa, forma y transforma, diariamente en espa\u00f1ol, ingl\u00e9s e italiano. A trav\u00e9s de noticias, art\u00edculos de an\u00e1lisis y transmisiones en directo de los eventos del Papa, Exaudi busca fortalecer la unidad de los cristianos y contribuir a la evangelizaci\u00f3n del mundo, siempre guiados por la doctrina social de la Iglesia. Trabajamos para acercar la verdad y los valores cristianos a cada rinc\u00f3n del planeta. \u00a1Ay\u00fadanos a transformar el mundo con Exaudi! En Exaudi creemos que la evangelizaci\u00f3n y la informaci\u00f3n de calidad pueden cambiar vidas. Para continuar con nuestra misi\u00f3n y expandir nuestro alcance, necesitamos tu ayuda. Adem\u00e1s, buscamos personas comprometidas que deseen unirse a nuestro equipo. Con tu apoyo, lograremos llegar a m\u00e1s personas, difundir el mensaje de Cristo y reforzar la unidad de los cristianos. \u00bfTe unes a nuestra misi\u00f3n? Para m\u00e1s informaci\u00f3n sobre c\u00f3mo colaborar, visita Exaudi.org\/es o cont\u00e1ctanos directamente: info@exaudi.org Exaudi: Informa, forma y transforma.","sameAs":["https:\/\/www.facebook.com\/ExaudiNoticias\/","https:\/\/www.instagram.com\/exaudi_noticias\/","https:\/\/x.com\/Exaudi_noticias","https:\/\/www.youtube.com\/@exaudicatholicnews"],"url":"https:\/\/exaudi.org\/es\/author\/redaccionexaudi\/"}]}},"jetpack_featured_media_url":"https:\/\/exaudi.org\/wp-content\/uploads\/2023\/06\/9d924950-8224-494d-9571-fd7d64bd5479-e1687448416130.jpg","jetpack_shortlink":"https:\/\/wp.me\/pgKjF2-kxI","_links":{"self":[{"href":"https:\/\/exaudi.org\/es\/wp-json\/wp\/v2\/posts\/78970","targetHints":{"allow":["GET"]}}],"collection":[{"href":"https:\/\/exaudi.org\/es\/wp-json\/wp\/v2\/posts"}],"about":[{"href":"https:\/\/exaudi.org\/es\/wp-json\/wp\/v2\/types\/post"}],"author":[{"embeddable":true,"href":"https:\/\/exaudi.org\/es\/wp-json\/wp\/v2\/users\/15"}],"replies":[{"embeddable":true,"href":"https:\/\/exaudi.org\/es\/wp-json\/wp\/v2\/comments?post=78970"}],"version-history":[{"count":0,"href":"https:\/\/exaudi.org\/es\/wp-json\/wp\/v2\/posts\/78970\/revisions"}],"wp:featuredmedia":[{"embeddable":true,"href":"https:\/\/exaudi.org\/es\/wp-json\/wp\/v2\/media\/79056"}],"wp:attachment":[{"href":"https:\/\/exaudi.org\/es\/wp-json\/wp\/v2\/media?parent=78970"}],"wp:term":[{"taxonomy":"category","embeddable":true,"href":"https:\/\/exaudi.org\/es\/wp-json\/wp\/v2\/categories?post=78970"},{"taxonomy":"post_tag","embeddable":true,"href":"https:\/\/exaudi.org\/es\/wp-json\/wp\/v2\/tags?post=78970"}],"curies":[{"name":"wp","href":"https:\/\/api.w.org\/{rel}","templated":true}]}}