{"id":78808,"date":"2023-06-21T09:00:01","date_gmt":"2023-06-21T07:00:01","guid":{"rendered":"https:\/\/exaudi.org\/?p=78808"},"modified":"2023-06-22T10:20:14","modified_gmt":"2023-06-22T08:20:14","slug":"redes-sociales-sentido-y-trascendencia","status":"publish","type":"post","link":"https:\/\/exaudi.org\/es\/redes-sociales-sentido-y-trascendencia\/","title":{"rendered":"Redes sociales: Sentido y trascendencia"},"content":{"rendered":"<audio class=\"wp-audio-shortcode\" id=\"audio-78808-1\" preload=\"none\" style=\"width: 100%;\" controls=\"controls\"><source type=\"audio\/mpeg\" src=\"https:\/\/exaudi.org\/wp-content\/uploads\/2023\/06\/Redes-sociales-sentido-y-trascendencia-Estamos.mp3?_=1\" \/><a href=\"https:\/\/exaudi.org\/wp-content\/uploads\/2023\/06\/Redes-sociales-sentido-y-trascendencia-Estamos.mp3\">https:\/\/exaudi.org\/wp-content\/uploads\/2023\/06\/Redes-sociales-sentido-y-trascendencia-Estamos.mp3<\/a><\/audio>\n<p>Hoy es casi inevitable usar las redes sociales que, m\u00e1s que ser un espacio virtual de b\u00fasqueda de informaci\u00f3n representan verdaderos ecosistemas donde las personas buscan compartir sus vidas y formalizar encuentros, compartir experiencias, valores y creencias. As\u00ed lo afirma el documento <a href=\"https:\/\/exaudi.org\/es\/hacia-una-plena-presencia\/\" target=\"_blank\" rel=\"noopener\">\u201cReflexi\u00f3n pastoral sobre la interacci\u00f3n en las redes sociales\u201d<\/a> publicado en d\u00edas pasados por el Dicasterio para la Comunicaci\u00f3n.<\/p>\n<p>En una nueva mirada al mundo digital, se ha optado por preferir el uso de dichas redes a la luz de un servicio de escucha y atenci\u00f3n sin que ello sea el medio exclusivo de comunicaci\u00f3n humana que pasa, necesariamente, por una verdadera escucha y un verdadero encuentro entre personas.<\/p>\n<p>Muy consciente de que los muchos beneficios que ofrece el mundo digital, el documento expresa la preocupaci\u00f3n de que \u00e9ste\u00a0 tambi\u00e9n genera grandes brechas a\u00fan insondables en cuanto a su accesibilidad para muchos, el documento exhorta a darnos cuenta y no caer en las otras \u201ctrampas\u201d de las denominadas \u201cautopistas digitales\u201d. Algunas de estas son:<\/p>\n<p>1. Hacer de los usuarios consumidores y de \u00e9stos mercanc\u00edas. Hay que advertir, por ende, que su uso puede esclavizar las conciencias, distorsionar la verdad, presentar gustos y preferencias si que sean buenos para la persona humana y hacernos caer en la espiral del consumismo que promueve la cultura del descarte.<\/p>\n<p>Tambi\u00e9n el adue\u00f1amiento de los juicios y de los gustos propios al grado de contar con algoritmos capaces de predecir comportamientos y acciones resulta muy riesgoso pues cosifica a la persona y la transforma en un c\u00e1lculo predecible y, por ende, manipulable.<\/p>\n<p>2.- Mediante la elecci\u00f3n de los perfiles y sitios de la preferencia de cada usuario , las redes se convierten\u00a0 en micro esferas que imposibilitan el encuentro con el otro y encierran en lo semejante. Esto, a su vez conduce, al individualismo, a la polarizaci\u00f3n y a extremismo provocan discursos de odio que se ven reflejados en contestaciones y reacciones r\u00e1pidas e impulsivas ante cualquier comentario o contenido compartido que parezca o demuestre algo distinto.<\/p>\n<p>Es por ello necesario salir al encuentro con el otro que es el pr\u00f3jimo y reconocerlo en su diferencia que enriquece y no aniquila. As\u00ed, salir al encuentro con el pr\u00f3jimo reconstruye la divisi\u00f3n generada y permite tejer espacios de colaboraci\u00f3n y confianza.<\/p>\n<p>3.- Ahora bien, en esta intenci\u00f3n de salir al encuentro con el otro, el primer paso es la escucha, \u00e9sta no es s\u00f3lo la lectura de la reacci\u00f3n que se coloca en chat sino la necesaria actitud de ponerse en los zapatos del otro para, desde esa realidad, comprender e interactuar con \u00e9l. Cuando esto sucede, con en la par\u00e1bola del Buen Samaritano, surge la compasi\u00f3n y la confianza.<\/p>\n<p>No hay que olvidar tampoco que, detr\u00e1s de cada \u201cme gusta\u201d o de cada reacci\u00f3n social, hay una persona fr\u00e1gil, herida, lastimada y esta conciencia s\u00f3lo es posible cuando hacemos silencio, uno que venga del coraz\u00f3n y permita que la voz del otro se asome y encuentre su lugar. \u00a0Como dice el documento: <em>\u201c<\/em>La comunicaci\u00f3n comienza con la conexi\u00f3n y se dirige hacia la relaci\u00f3n, la comunidad y la Comuni\u00f3n<em>\u201d Reflexi\u00f3n. <\/em>N\u00fam. 45.<\/p>\n<p>Parte de ese silencio consiste tambi\u00e9n en dejar aparecer las muchas heridas que se dejan ver en los discursos e interacciones digitales y convertirnos en sanadores como lo hizo el samaritano con quien hab\u00eda sido asaltado y dejado herido a un costado del camino.<\/p>\n<p>Para sobreponernos a estas \u201ctrampas\u201d, estamos llamados a sanar y para ello, debemos elegir dos caminos: el de la informaci\u00f3n y el de la ni perpetuaci\u00f3n del da\u00f1o o violencia ejercida.<\/p>\n<p>Informarse antes de compartir y comentar un hecho y s\u00f3lo compartir informaci\u00f3n fidedigna es la tarea propia de quienes participamos en las redes sociales desde nuestra identidad cristiana.<\/p>\n<p>De igual manera, elegir a veces el silencio por encima de la injuria, la no replicaci\u00f3n de un mensaje de odio y, por el contrario, ver lo que hay detr\u00e1s y buscar, en la medida de lo posible, el encuentro personal por encima de los <em>posts<\/em> o de los <em>tweets <\/em>es la actitud preferencial para una plena y edificante participaci\u00f3n en redes sociales.<\/p>\n<p>De esta manera es posible pasar de la palabra a la idea y de la idea a la acci\u00f3n y construir comunidades de encuentro que si bien empiezan en el plano digital, pronto encuentras maneras de encarnarse en la realidad en verdaderas comunidades que se animan y se procuran.<\/p>\n<p>Estamos llamados a ser micro influyentes que, al igual que los macro influyentes, demos testimonio de amor y acogida en el mundo digital. Que invitemos a la unidad y no exacerbemos las distancias, que sembremos semillas de paz y no de odio, que promovamos acciones de inclusi\u00f3n, de ayuda, de solidaridad con los m\u00e1s necesitados para ser \u201ctejedores de comuni\u00f3n\u201d. S\u00f3lo as\u00ed, las redes sociales ser\u00e1n algo m\u00e1s que espacios de pertenencia grupal clausurados para muchos y se convertir\u00e1n en verdaderas comunidades de puertas abiertas que valientemente asumir\u00e1n el reto de dar testimonio de su fe en el mundo digital y de construir, desde ah\u00ed, puentes que acerquen personas y no muros que las alejen.<\/p>\n<p><img loading=\"lazy\" decoding=\"async\" class=\"size-full wp-image-78815 aligncenter\" src=\"https:\/\/exaudi.org\/wp-content\/uploads\/2023\/06\/Voces-1-3.jpg\" alt=\"\" width=\"1080\" height=\"1080\" srcset=\"https:\/\/exaudi.org\/wp-content\/uploads\/2023\/06\/Voces-1-3.jpg 1080w, https:\/\/exaudi.org\/wp-content\/uploads\/2023\/06\/Voces-1-3-300x300.jpg 300w, https:\/\/exaudi.org\/wp-content\/uploads\/2023\/06\/Voces-1-3-1024x1024.jpg 1024w, https:\/\/exaudi.org\/wp-content\/uploads\/2023\/06\/Voces-1-3-100x100.jpg?crop=1 100w, https:\/\/exaudi.org\/wp-content\/uploads\/2023\/06\/Voces-1-3-770x770.jpg 770w, https:\/\/exaudi.org\/wp-content\/uploads\/2023\/06\/Voces-1-3-500x500.jpg 500w, https:\/\/exaudi.org\/wp-content\/uploads\/2023\/06\/Voces-1-3-293x293.jpg 293w, https:\/\/exaudi.org\/wp-content\/uploads\/2023\/06\/Voces-1-3-390x390.jpg 390w, https:\/\/exaudi.org\/wp-content\/uploads\/2023\/06\/Voces-1-3-585x585.jpg 585w, https:\/\/exaudi.org\/wp-content\/uploads\/2023\/06\/Voces-1-3-900x900.jpg 900w\" sizes=\"auto, (max-width: 1080px) 100vw, 1080px\" \/><\/p>\n","protected":false},"excerpt":{"rendered":"<p>Estamos llamados a ser micro influyentes<\/p>\n","protected":false},"author":27,"featured_media":78809,"comment_status":"closed","ping_status":"closed","sticky":false,"template":"","format":"standard","meta":{"_acf_changed":false,"_crdt_document":"","inline_featured_image":false,"footnotes":""},"categories":[130],"tags":[463,7219,9482],"class_list":["post-78808","post","type-post","status-publish","format-standard","has-post-thumbnail","hentry","category-voces","tag-redes-sociales","tag-sentido","tag-trascendencia"],"acf":[],"yoast_head":"<!-- This site is optimized with the Yoast SEO plugin v27.5 - https:\/\/yoast.com\/product\/yoast-seo-wordpress\/ -->\n<title>Redes sociales: Sentido y trascendencia &#8211; Exaudi<\/title>\n<meta name=\"robots\" content=\"index, follow, max-snippet:-1, max-image-preview:large, max-video-preview:-1\" \/>\n<link rel=\"canonical\" href=\"https:\/\/exaudi.org\/es\/redes-sociales-sentido-y-trascendencia\/\" \/>\n<meta property=\"og:locale\" content=\"es_ES\" \/>\n<meta property=\"og:type\" content=\"article\" \/>\n<meta property=\"og:title\" content=\"Redes sociales: Sentido y trascendencia &#8211; Exaudi\" \/>\n<meta property=\"og:description\" content=\"Estamos llamados a ser micro influyentes\" \/>\n<meta property=\"og:url\" content=\"https:\/\/exaudi.org\/es\/redes-sociales-sentido-y-trascendencia\/\" \/>\n<meta property=\"og:site_name\" content=\"Exaudi\" \/>\n<meta property=\"article:publisher\" content=\"https:\/\/www.facebook.com\/ExaudiNews\" \/>\n<meta property=\"article:published_time\" content=\"2023-06-21T07:00:01+00:00\" \/>\n<meta property=\"article:modified_time\" content=\"2023-06-22T08:20:14+00:00\" \/>\n<meta property=\"og:image\" content=\"https:\/\/exaudi.org\/wp-content\/uploads\/2023\/06\/pexels-kerde-severin-1542252-scaled.jpg\" \/>\n\t<meta property=\"og:image:width\" content=\"2560\" \/>\n\t<meta property=\"og:image:height\" content=\"1707\" \/>\n\t<meta property=\"og:image:type\" content=\"image\/jpeg\" \/>\n<meta name=\"author\" content=\"Mar\u00eda Elizabeth de los R\u00edos\" \/>\n<meta name=\"twitter:card\" content=\"summary_large_image\" \/>\n<meta name=\"twitter:creator\" content=\"@Exaudi_News\" \/>\n<meta name=\"twitter:site\" content=\"@Exaudi_News\" \/>\n<meta name=\"twitter:label1\" content=\"Escrito por\" \/>\n\t<meta name=\"twitter:data1\" content=\"Mar\u00eda Elizabeth de los R\u00edos\" \/>\n\t<meta name=\"twitter:label2\" content=\"Tiempo de lectura\" \/>\n\t<meta name=\"twitter:data2\" content=\"5 minutos\" \/>\n<script type=\"application\/ld+json\" class=\"yoast-schema-graph\">{\"@context\":\"https:\\\/\\\/schema.org\",\"@graph\":[{\"@type\":\"Article\",\"@id\":\"https:\\\/\\\/exaudi.org\\\/es\\\/redes-sociales-sentido-y-trascendencia\\\/#article\",\"isPartOf\":{\"@id\":\"https:\\\/\\\/exaudi.org\\\/es\\\/redes-sociales-sentido-y-trascendencia\\\/\"},\"author\":{\"name\":\"Mar\u00eda Elizabeth de los R\u00edos\",\"@id\":\"https:\\\/\\\/exaudi.org\\\/#\\\/schema\\\/person\\\/596d1ef0c89a7ba901ad973cd653de32\"},\"headline\":\"Redes sociales: Sentido y trascendencia\",\"datePublished\":\"2023-06-21T07:00:01+00:00\",\"dateModified\":\"2023-06-22T08:20:14+00:00\",\"mainEntityOfPage\":{\"@id\":\"https:\\\/\\\/exaudi.org\\\/es\\\/redes-sociales-sentido-y-trascendencia\\\/\"},\"wordCount\":919,\"image\":{\"@id\":\"https:\\\/\\\/exaudi.org\\\/es\\\/redes-sociales-sentido-y-trascendencia\\\/#primaryimage\"},\"thumbnailUrl\":\"https:\\\/\\\/exaudi.org\\\/wp-content\\\/uploads\\\/2023\\\/06\\\/pexels-kerde-severin-1542252-scaled.jpg\",\"keywords\":[\"Redes sociales\",\"Sentido\",\"trascendencia\"],\"articleSection\":[\"Voces\"],\"inLanguage\":\"es\"},{\"@type\":\"WebPage\",\"@id\":\"https:\\\/\\\/exaudi.org\\\/es\\\/redes-sociales-sentido-y-trascendencia\\\/\",\"url\":\"https:\\\/\\\/exaudi.org\\\/es\\\/redes-sociales-sentido-y-trascendencia\\\/\",\"name\":\"Redes sociales: Sentido y trascendencia &#8211; Exaudi\",\"isPartOf\":{\"@id\":\"https:\\\/\\\/exaudi.org\\\/#website\"},\"primaryImageOfPage\":{\"@id\":\"https:\\\/\\\/exaudi.org\\\/es\\\/redes-sociales-sentido-y-trascendencia\\\/#primaryimage\"},\"image\":{\"@id\":\"https:\\\/\\\/exaudi.org\\\/es\\\/redes-sociales-sentido-y-trascendencia\\\/#primaryimage\"},\"thumbnailUrl\":\"https:\\\/\\\/exaudi.org\\\/wp-content\\\/uploads\\\/2023\\\/06\\\/pexels-kerde-severin-1542252-scaled.jpg\",\"datePublished\":\"2023-06-21T07:00:01+00:00\",\"dateModified\":\"2023-06-22T08:20:14+00:00\",\"author\":{\"@id\":\"https:\\\/\\\/exaudi.org\\\/#\\\/schema\\\/person\\\/596d1ef0c89a7ba901ad973cd653de32\"},\"breadcrumb\":{\"@id\":\"https:\\\/\\\/exaudi.org\\\/es\\\/redes-sociales-sentido-y-trascendencia\\\/#breadcrumb\"},\"inLanguage\":\"es\",\"potentialAction\":[{\"@type\":\"ReadAction\",\"target\":[\"https:\\\/\\\/exaudi.org\\\/es\\\/redes-sociales-sentido-y-trascendencia\\\/\"]}]},{\"@type\":\"ImageObject\",\"inLanguage\":\"es\",\"@id\":\"https:\\\/\\\/exaudi.org\\\/es\\\/redes-sociales-sentido-y-trascendencia\\\/#primaryimage\",\"url\":\"https:\\\/\\\/exaudi.org\\\/wp-content\\\/uploads\\\/2023\\\/06\\\/pexels-kerde-severin-1542252-scaled.jpg\",\"contentUrl\":\"https:\\\/\\\/exaudi.org\\\/wp-content\\\/uploads\\\/2023\\\/06\\\/pexels-kerde-severin-1542252-scaled.jpg\",\"width\":2560,\"height\":1707,\"caption\":\"(C) Pexels\"},{\"@type\":\"BreadcrumbList\",\"@id\":\"https:\\\/\\\/exaudi.org\\\/es\\\/redes-sociales-sentido-y-trascendencia\\\/#breadcrumb\",\"itemListElement\":[{\"@type\":\"ListItem\",\"position\":1,\"name\":\"Portada\",\"item\":\"https:\\\/\\\/exaudi.org\\\/es\\\/\"},{\"@type\":\"ListItem\",\"position\":2,\"name\":\"Redes sociales: Sentido y trascendencia\"}]},{\"@type\":\"WebSite\",\"@id\":\"https:\\\/\\\/exaudi.org\\\/#website\",\"url\":\"https:\\\/\\\/exaudi.org\\\/\",\"name\":\"Exaudi\",\"description\":\"News\",\"potentialAction\":[{\"@type\":\"SearchAction\",\"target\":{\"@type\":\"EntryPoint\",\"urlTemplate\":\"https:\\\/\\\/exaudi.org\\\/?s={search_term_string}\"},\"query-input\":{\"@type\":\"PropertyValueSpecification\",\"valueRequired\":true,\"valueName\":\"search_term_string\"}}],\"inLanguage\":\"es\"},{\"@type\":\"Person\",\"@id\":\"https:\\\/\\\/exaudi.org\\\/#\\\/schema\\\/person\\\/596d1ef0c89a7ba901ad973cd653de32\",\"name\":\"Mar\u00eda Elizabeth de los R\u00edos\",\"image\":{\"@type\":\"ImageObject\",\"inLanguage\":\"es\",\"@id\":\"https:\\\/\\\/secure.gravatar.com\\\/avatar\\\/f553347e62c31310ccf05d7029ee08920c654f90d37757c786ac255d9c9d6e3a?s=96&d=mm&r=g\",\"url\":\"https:\\\/\\\/secure.gravatar.com\\\/avatar\\\/f553347e62c31310ccf05d7029ee08920c654f90d37757c786ac255d9c9d6e3a?s=96&d=mm&r=g\",\"contentUrl\":\"https:\\\/\\\/secure.gravatar.com\\\/avatar\\\/f553347e62c31310ccf05d7029ee08920c654f90d37757c786ac255d9c9d6e3a?s=96&d=mm&r=g\",\"caption\":\"Mar\u00eda Elizabeth de los R\u00edos\"},\"description\":\"Doctora en Filosof\u00eda por la Universidad Iberoamericana.Maestra en Bio\u00e9tica por la Universidad An\u00e1huac M\u00e9xico Norte. Licenciada en Filosof\u00eda por la Universidad Iberoamericana.T\u00e9cnico en Atenci\u00f3n M\u00e9dica Prehospitalaria por SUUMA A.C. Scholar research de la C\u00e1tedra UNESCO en Bio\u00e9tica y Derechos Humanos. Miembro de la Academia Nacional Mexicana de Bio\u00e9tica. Miembro y Secretaria general de la Academia Mexicana para el Di\u00e1logo Ciencia-Fe. Ha impartido clases en niveles licenciatura y posgrado en diversas Universidades. Cuenta con publicaciones en revistas acad\u00e9micas y de divulgaci\u00f3n tanto nacionales como internacionales y es columnista invitado del peri\u00f3dico REFORMA. Actualmente es profesora investigadora de la Facultad de Bio\u00e9tica de la Universidad An\u00e1huac M\u00e9xico y Coordinadora de Investigaci\u00f3n en la misma Facultad.\",\"url\":\"https:\\\/\\\/exaudi.org\\\/es\\\/author\\\/mariaelizabethdelosrios\\\/\"}]}<\/script>\n<!-- \/ Yoast SEO plugin. -->","yoast_head_json":{"title":"Redes sociales: Sentido y trascendencia &#8211; Exaudi","robots":{"index":"index","follow":"follow","max-snippet":"max-snippet:-1","max-image-preview":"max-image-preview:large","max-video-preview":"max-video-preview:-1"},"canonical":"https:\/\/exaudi.org\/es\/redes-sociales-sentido-y-trascendencia\/","og_locale":"es_ES","og_type":"article","og_title":"Redes sociales: Sentido y trascendencia &#8211; Exaudi","og_description":"Estamos llamados a ser micro influyentes","og_url":"https:\/\/exaudi.org\/es\/redes-sociales-sentido-y-trascendencia\/","og_site_name":"Exaudi","article_publisher":"https:\/\/www.facebook.com\/ExaudiNews","article_published_time":"2023-06-21T07:00:01+00:00","article_modified_time":"2023-06-22T08:20:14+00:00","og_image":[{"width":2560,"height":1707,"url":"https:\/\/exaudi.org\/wp-content\/uploads\/2023\/06\/pexels-kerde-severin-1542252-scaled.jpg","type":"image\/jpeg"}],"author":"Mar\u00eda Elizabeth de los R\u00edos","twitter_card":"summary_large_image","twitter_creator":"@Exaudi_News","twitter_site":"@Exaudi_News","twitter_misc":{"Escrito por":"Mar\u00eda Elizabeth de los R\u00edos","Tiempo de lectura":"5 minutos"},"schema":{"@context":"https:\/\/schema.org","@graph":[{"@type":"Article","@id":"https:\/\/exaudi.org\/es\/redes-sociales-sentido-y-trascendencia\/#article","isPartOf":{"@id":"https:\/\/exaudi.org\/es\/redes-sociales-sentido-y-trascendencia\/"},"author":{"name":"Mar\u00eda Elizabeth de los R\u00edos","@id":"https:\/\/exaudi.org\/#\/schema\/person\/596d1ef0c89a7ba901ad973cd653de32"},"headline":"Redes sociales: Sentido y trascendencia","datePublished":"2023-06-21T07:00:01+00:00","dateModified":"2023-06-22T08:20:14+00:00","mainEntityOfPage":{"@id":"https:\/\/exaudi.org\/es\/redes-sociales-sentido-y-trascendencia\/"},"wordCount":919,"image":{"@id":"https:\/\/exaudi.org\/es\/redes-sociales-sentido-y-trascendencia\/#primaryimage"},"thumbnailUrl":"https:\/\/exaudi.org\/wp-content\/uploads\/2023\/06\/pexels-kerde-severin-1542252-scaled.jpg","keywords":["Redes sociales","Sentido","trascendencia"],"articleSection":["Voces"],"inLanguage":"es"},{"@type":"WebPage","@id":"https:\/\/exaudi.org\/es\/redes-sociales-sentido-y-trascendencia\/","url":"https:\/\/exaudi.org\/es\/redes-sociales-sentido-y-trascendencia\/","name":"Redes sociales: Sentido y trascendencia &#8211; Exaudi","isPartOf":{"@id":"https:\/\/exaudi.org\/#website"},"primaryImageOfPage":{"@id":"https:\/\/exaudi.org\/es\/redes-sociales-sentido-y-trascendencia\/#primaryimage"},"image":{"@id":"https:\/\/exaudi.org\/es\/redes-sociales-sentido-y-trascendencia\/#primaryimage"},"thumbnailUrl":"https:\/\/exaudi.org\/wp-content\/uploads\/2023\/06\/pexels-kerde-severin-1542252-scaled.jpg","datePublished":"2023-06-21T07:00:01+00:00","dateModified":"2023-06-22T08:20:14+00:00","author":{"@id":"https:\/\/exaudi.org\/#\/schema\/person\/596d1ef0c89a7ba901ad973cd653de32"},"breadcrumb":{"@id":"https:\/\/exaudi.org\/es\/redes-sociales-sentido-y-trascendencia\/#breadcrumb"},"inLanguage":"es","potentialAction":[{"@type":"ReadAction","target":["https:\/\/exaudi.org\/es\/redes-sociales-sentido-y-trascendencia\/"]}]},{"@type":"ImageObject","inLanguage":"es","@id":"https:\/\/exaudi.org\/es\/redes-sociales-sentido-y-trascendencia\/#primaryimage","url":"https:\/\/exaudi.org\/wp-content\/uploads\/2023\/06\/pexels-kerde-severin-1542252-scaled.jpg","contentUrl":"https:\/\/exaudi.org\/wp-content\/uploads\/2023\/06\/pexels-kerde-severin-1542252-scaled.jpg","width":2560,"height":1707,"caption":"(C) Pexels"},{"@type":"BreadcrumbList","@id":"https:\/\/exaudi.org\/es\/redes-sociales-sentido-y-trascendencia\/#breadcrumb","itemListElement":[{"@type":"ListItem","position":1,"name":"Portada","item":"https:\/\/exaudi.org\/es\/"},{"@type":"ListItem","position":2,"name":"Redes sociales: Sentido y trascendencia"}]},{"@type":"WebSite","@id":"https:\/\/exaudi.org\/#website","url":"https:\/\/exaudi.org\/","name":"Exaudi","description":"News","potentialAction":[{"@type":"SearchAction","target":{"@type":"EntryPoint","urlTemplate":"https:\/\/exaudi.org\/?s={search_term_string}"},"query-input":{"@type":"PropertyValueSpecification","valueRequired":true,"valueName":"search_term_string"}}],"inLanguage":"es"},{"@type":"Person","@id":"https:\/\/exaudi.org\/#\/schema\/person\/596d1ef0c89a7ba901ad973cd653de32","name":"Mar\u00eda Elizabeth de los R\u00edos","image":{"@type":"ImageObject","inLanguage":"es","@id":"https:\/\/secure.gravatar.com\/avatar\/f553347e62c31310ccf05d7029ee08920c654f90d37757c786ac255d9c9d6e3a?s=96&d=mm&r=g","url":"https:\/\/secure.gravatar.com\/avatar\/f553347e62c31310ccf05d7029ee08920c654f90d37757c786ac255d9c9d6e3a?s=96&d=mm&r=g","contentUrl":"https:\/\/secure.gravatar.com\/avatar\/f553347e62c31310ccf05d7029ee08920c654f90d37757c786ac255d9c9d6e3a?s=96&d=mm&r=g","caption":"Mar\u00eda Elizabeth de los R\u00edos"},"description":"Doctora en Filosof\u00eda por la Universidad Iberoamericana.Maestra en Bio\u00e9tica por la Universidad An\u00e1huac M\u00e9xico Norte. Licenciada en Filosof\u00eda por la Universidad Iberoamericana.T\u00e9cnico en Atenci\u00f3n M\u00e9dica Prehospitalaria por SUUMA A.C. Scholar research de la C\u00e1tedra UNESCO en Bio\u00e9tica y Derechos Humanos. Miembro de la Academia Nacional Mexicana de Bio\u00e9tica. Miembro y Secretaria general de la Academia Mexicana para el Di\u00e1logo Ciencia-Fe. Ha impartido clases en niveles licenciatura y posgrado en diversas Universidades. Cuenta con publicaciones en revistas acad\u00e9micas y de divulgaci\u00f3n tanto nacionales como internacionales y es columnista invitado del peri\u00f3dico REFORMA. Actualmente es profesora investigadora de la Facultad de Bio\u00e9tica de la Universidad An\u00e1huac M\u00e9xico y Coordinadora de Investigaci\u00f3n en la misma Facultad.","url":"https:\/\/exaudi.org\/es\/author\/mariaelizabethdelosrios\/"}]}},"jetpack_featured_media_url":"https:\/\/exaudi.org\/wp-content\/uploads\/2023\/06\/pexels-kerde-severin-1542252-scaled.jpg","jetpack_shortlink":"https:\/\/wp.me\/pgKjF2-kv6","_links":{"self":[{"href":"https:\/\/exaudi.org\/es\/wp-json\/wp\/v2\/posts\/78808","targetHints":{"allow":["GET"]}}],"collection":[{"href":"https:\/\/exaudi.org\/es\/wp-json\/wp\/v2\/posts"}],"about":[{"href":"https:\/\/exaudi.org\/es\/wp-json\/wp\/v2\/types\/post"}],"author":[{"embeddable":true,"href":"https:\/\/exaudi.org\/es\/wp-json\/wp\/v2\/users\/27"}],"replies":[{"embeddable":true,"href":"https:\/\/exaudi.org\/es\/wp-json\/wp\/v2\/comments?post=78808"}],"version-history":[{"count":0,"href":"https:\/\/exaudi.org\/es\/wp-json\/wp\/v2\/posts\/78808\/revisions"}],"wp:featuredmedia":[{"embeddable":true,"href":"https:\/\/exaudi.org\/es\/wp-json\/wp\/v2\/media\/78809"}],"wp:attachment":[{"href":"https:\/\/exaudi.org\/es\/wp-json\/wp\/v2\/media?parent=78808"}],"wp:term":[{"taxonomy":"category","embeddable":true,"href":"https:\/\/exaudi.org\/es\/wp-json\/wp\/v2\/categories?post=78808"},{"taxonomy":"post_tag","embeddable":true,"href":"https:\/\/exaudi.org\/es\/wp-json\/wp\/v2\/tags?post=78808"}],"curies":[{"name":"wp","href":"https:\/\/api.w.org\/{rel}","templated":true}]}}