{"id":78780,"date":"2023-06-20T10:03:41","date_gmt":"2023-06-20T08:03:41","guid":{"rendered":"https:\/\/exaudi.org\/?p=78780"},"modified":"2023-06-20T10:08:51","modified_gmt":"2023-06-20T08:08:51","slug":"los-catolicos-nigerianos-escandalizados-por-la-admision-publica-de-discriminacion-religiosa-en-kaduna","status":"publish","type":"post","link":"https:\/\/exaudi.org\/es\/los-catolicos-nigerianos-escandalizados-por-la-admision-publica-de-discriminacion-religiosa-en-kaduna\/","title":{"rendered":"Los cat\u00f3licos nigerianos escandalizados por la admisi\u00f3n p\u00fablica de discriminaci\u00f3n religiosa en Kaduna"},"content":{"rendered":"<audio class=\"wp-audio-shortcode\" id=\"audio-78780-1\" preload=\"none\" style=\"width: 100%;\" controls=\"controls\"><source type=\"audio\/mpeg\" src=\"https:\/\/exaudi.org\/wp-content\/uploads\/2023\/06\/Los-catolicos-nigerianos-escandalizados-por-la.mp3?_=1\" \/><a href=\"https:\/\/exaudi.org\/wp-content\/uploads\/2023\/06\/Los-catolicos-nigerianos-escandalizados-por-la.mp3\">https:\/\/exaudi.org\/wp-content\/uploads\/2023\/06\/Los-catolicos-nigerianos-escandalizados-por-la.mp3<\/a><\/audio>\n<p>Los cristianos nigerianos han manifestado su consternaci\u00f3n y conmoci\u00f3n por un v\u00eddeo en el que el exgobernador del estado de Kaduna admite que su partido, el Congreso de todos los Progresistas (APC, por sus siglas en ingl\u00e9s), practica habitualmente la discriminaci\u00f3n religiosa.<\/p>\n<p>El v\u00eddeo muestra a Nasir El-Rufai, que dirigi\u00f3 el estado durante ocho a\u00f1os, hablando ante un grupo de cl\u00e9rigos musulmanes mientras el actual gobernador, Uba Sani, permanece sentado a su lado. Durante su discurso, El-Rufai explica a los cl\u00e9rigos por qu\u00e9 no incluy\u00f3 a cristianos en el gobierno local.<\/p>\n<figure id=\"attachment_78793\" aria-describedby=\"caption-attachment-78793\" style=\"width: 642px\" class=\"wp-caption alignleft\"><img loading=\"lazy\" decoding=\"async\" class=\"size-full wp-image-78793\" src=\"https:\/\/exaudi.org\/wp-content\/uploads\/2023\/06\/ACN-20190320-85562.jpg\" alt=\"\" width=\"642\" height=\"354\" srcset=\"https:\/\/exaudi.org\/wp-content\/uploads\/2023\/06\/ACN-20190320-85562.jpg 642w, https:\/\/exaudi.org\/wp-content\/uploads\/2023\/06\/ACN-20190320-85562-300x165.jpg 300w, https:\/\/exaudi.org\/wp-content\/uploads\/2023\/06\/ACN-20190320-85562-500x276.jpg 500w, https:\/\/exaudi.org\/wp-content\/uploads\/2023\/06\/ACN-20190320-85562-293x162.jpg 293w, https:\/\/exaudi.org\/wp-content\/uploads\/2023\/06\/ACN-20190320-85562-390x215.jpg 390w\" sizes=\"auto, (max-width: 642px) 100vw, 642px\" \/><figcaption id=\"caption-attachment-78793\" class=\"wp-caption-text\">Diocese Kafanchan, Kaduna &#8211; Nigeria 2019<br \/>The peaceful procession against the Kajuru Killings has taken pleace on Tuesday 19.03.2019 at the Unity Fountain in Abuja.<br \/>Photo: Peaceful procession \u00abStop the Kajuru Massacre now\u00bb. People demonstrate against the killing in Southern Kaduna.<\/figcaption><\/figure>\n<p>\u201cLos que no son musulmanes no votan a nuestro partido; al menos, la mayor\u00eda de ellos. As\u00ed que, \u00bfpor qu\u00e9 iba a cederles el puesto de vicegobernador? Hice mis c\u00e1lculos y supe que pod\u00edamos ganar las elecciones sin hacerlo\u201d.<\/p>\n<p>A continuaci\u00f3n, habla largo y tendido de c\u00f3mo su partido siempre ha tratado con justicia a musulmanes y cristianos, aunque parece referirse solo a la no opresi\u00f3n de los cristianos ya que admite abiertamente que favorece a las circunscripciones musulmanas. \u201cPor supuesto, Kubau [una zona musulmana] fue la que m\u00e1s nos vot\u00f3, as\u00ed que har\u00e9 algo m\u00e1s por Kubau porque nos votaron. Lo que har\u00e9 por Jaba [una zona cristiana], ser\u00e1 una parte de lo que har\u00e9 por Kubau porque Jaba no nos vot\u00f3\u201d.<\/p>\n<p>El-Rufai dice a los cl\u00e9rigos musulmanes reunidos, que le aplauden con entusiasmo en todo momento, que esto es lo que aprendi\u00f3 de ellos. \u201cLo que vosotros, imanes y ulemas, nos hab\u00e9is ense\u00f1ado es que el liderazgo en el islam tiene que ver con la justicia\u201d, dice y a\u00f1ade: \u201cNadie puede decir que ha sido oprimido por no ser musulm\u00e1n, pero uno da preferencia a quien le apoya\u201d.<\/p>\n<p>A continuaci\u00f3n, el exgobernador insta a su audiencia a garantizar que los musulmanes sigan dominando la pol\u00edtica local en el futuro. \u201cAs\u00ed, cuando Uba Sani termine su mandato y sea reelegido de nuevo, ser\u00e1n diecis\u00e9is a\u00f1os\u201d, dice El-Rufai, quien cumpli\u00f3 \u00e9l mismo ocho a\u00f1os antes de pasar el testigo al actual l\u00edder. \u201cLuego tendremos otro mandato, lo que har\u00e1 24 a\u00f1os. Ser\u00e1 entonces cuando todo el mundo comprenda y diga \u2018vale, lo entendemos, conocemos nuestro estatus\u2019 y \u2018sabemos que los musulmanes no nos oprimir\u00e1n\u2019. Eso es todo. Y ver\u00e9is que habr\u00e1 paz. Juro por Dios que este ha sido nuestro plan desde el primer d\u00eda que lanzamos el APC en el estado\u201d.<\/p>\n<h2><strong>\u201cDeclaraci\u00f3n divisora, intolerante y odiosa\u201d<\/strong><\/h2>\n<p>En reacci\u00f3n a estas declaraciones, enviadas tambi\u00e9n a Aid to the Church in Need (ACN), un grupo de sacerdotes cat\u00f3licos ha escrito al actual gobernador, exigi\u00e9ndole que se distancie de El-Rufai. Representantes de la \u2018Asociaci\u00f3n de Sacerdotes Diocesanos Cat\u00f3licos de Kaduna, Zaria y Kafanchan\u2019 -todas ellas ciudades del estado de Kaduna-, han calificado los comentarios de \u201cdeclaraci\u00f3n divisora, intolerante, odiosa e impropia de un estadista, fruto de la supremac\u00eda isl\u00e1mica de la pol\u00edtica en el estado de Kaduna y en Nigeria\u201d.<\/p>\n<figure id=\"attachment_78796\" aria-describedby=\"caption-attachment-78796\" style=\"width: 599px\" class=\"wp-caption alignright\"><img loading=\"lazy\" decoding=\"async\" class=\"size-full wp-image-78796\" src=\"https:\/\/exaudi.org\/wp-content\/uploads\/2023\/06\/ACN-20220629-129938.jpeg\" alt=\"\" width=\"599\" height=\"960\" srcset=\"https:\/\/exaudi.org\/wp-content\/uploads\/2023\/06\/ACN-20220629-129938.jpeg 599w, https:\/\/exaudi.org\/wp-content\/uploads\/2023\/06\/ACN-20220629-129938-187x300.jpeg 187w, https:\/\/exaudi.org\/wp-content\/uploads\/2023\/06\/ACN-20220629-129938-500x801.jpeg 500w, https:\/\/exaudi.org\/wp-content\/uploads\/2023\/06\/ACN-20220629-129938-293x470.jpeg 293w, https:\/\/exaudi.org\/wp-content\/uploads\/2023\/06\/ACN-20220629-129938-390x625.jpeg 390w\" sizes=\"auto, (max-width: 599px) 100vw, 599px\" \/><figcaption id=\"caption-attachment-78796\" class=\"wp-caption-text\">Rev. Fr. Vitus Borogo, killed at Prison Farm, Kujama, during a terrorist raid. Fr. Vitus (aged 50) was the Chaplain of the Catholic Community of the Kaduna State Polytechnic, and the Chairman of the Nigerian Catholic Diocesan Priests Association (NCDPA), Kaduna Chapter.<\/figcaption><\/figure>\n<p>Lejos de sentirse tratados de forma equitativa, los sacerdotes afirman que \u201cnosotros y nuestras comunidades hemos sido las principales v\u00edctimas de las atrocidades de un gobierno ineficaz, sobre todo en los \u00faltimos ocho a\u00f1os\u201d, y que concretamente como sacerdotes, \u201cnuestra asociaci\u00f3n casi ha perdido la cuenta de los miembros que sufren permanentemente amenazas, secuestros y asesinatos\u201d, explican en el documento enviado a la fundaci\u00f3n.<\/p>\n<p>Seg\u00fan cifras recogidas por ACN, tan s\u00f3lo en el \u00faltimo a\u00f1o y medio, once sacerdotes han sido secuestrados en todo el estado de Kaduna, uno de ellos apenas el domingo, 11 de junio. Dos fueron posteriormente asesinados, mientras que otro sacerdote fue asesinado en el acto. De los sacerdotes secuestrados, dos siguen en paradero desconocido.<\/p>\n<p>\u201cEso sin contar los numerosos pastores de otras denominaciones y las incontables comunidades cristianas que est\u00e1n siendo constantemente asaltadas, saqueadas e incendiadas, y cuyos habitantes son secuestrados para pedir rescate o asesinados sin que ninguno de los perpetradores sea procesado y sin recibir los supervivientes ning\u00fan apoyo de la Agencia Estatal de Gesti\u00f3n de Emergencias o de la Agencia Nacional de Gesti\u00f3n de Emergencias, ni de ninguna otra agencia gubernamental. La \u00fanica respuesta que suelen recibir del Gobierno son acusaciones extravagantes e inhumanas de haber provocado a los asesinos, calificando estas atrocidades de venganzas justificadas, adem\u00e1s de la imposici\u00f3n de toques de queda punitivos y la proscripci\u00f3n de asociaciones socioculturales y de desarrollo de algunas comunidades\u201d, se quejan los sacerdotes.<\/p>\n<p>\u201cSr. Gobernador, para cualquier mente despierta, esto no s\u00f3lo es una prueba de la discriminaci\u00f3n y las provocaciones que han venido soportando la mayor\u00eda de los cristianos, solos o en comunidad, en nuestro estado, especialmente durante el gobierno del exgobernador Nasir El-Rufai. Es tambi\u00e9n una explicaci\u00f3n de las numerosas injusticias de su administraci\u00f3n, de la distribuci\u00f3n desigual de los recursos del estado, de los asesinatos y secuestros que afectan a las zonas predominantemente cristianas y de la impudicia, y en ocasiones desde\u00f1osa, reacci\u00f3n del gobierno a las llamadas de socorro de las v\u00edctimas\u201d.<\/p>\n<p>Adem\u00e1s, los sacerdotes expresan su consternaci\u00f3n por el hecho de que los que aplauden a El-Rufai sean \u201clos mismos cl\u00e9rigos con los que hemos mantenido un constante di\u00e1logo y debate sobre c\u00f3mo contribuir a afianzar la armon\u00eda, la paz y el respeto mutuo de nuestras diferentes creencias religiosas. Son esos mismos cl\u00e9rigos a los que hemos llamado amigos y socios en el di\u00e1logo interreligioso los que ahora parecen apu\u00f1alar a sus amigos por la espalda\u201d.<\/p>\n<p>No obstante, los firmantes cat\u00f3licos de esta carta insisten en que conceden al actual gobernador el beneficio de la duda. \u201cNos dirigimos a usted porque queremos que tenga \u00e9xito. La religi\u00f3n deber\u00eda ocupar el lugar que le otorga la Constituci\u00f3n y nunca deber\u00eda utilizarse para encubrir la incompetencia y el fracaso. La paz y el progreso de nuestro estado nunca deber\u00eda usarse como moneda de cambio por un terrible c\u00e1lculo de la pol\u00edtica. Le aseguramos nuestro irreductible apoyo y nuestras oraciones, y confiamos en que Dios le dar\u00e1 la sabidur\u00eda para gobernar y conferir al estado de Kaduna una reputaci\u00f3n envidiable entre los dem\u00e1s estados\u201d, escriben los sacerdotes.<\/p>\n","protected":false},"excerpt":{"rendered":"<p>En un v\u00eddeo, el exgobernador del estado de Kaduna admite que su partido beneficia a las comunidades musulmanas ya que no necesita el voto cristiano<\/p>\n","protected":false},"author":89,"featured_media":78790,"comment_status":"closed","ping_status":"closed","sticky":false,"template":"","format":"standard","meta":{"_acf_changed":false,"_crdt_document":"","inline_featured_image":false,"footnotes":""},"categories":[74],"tags":[325,6501,1462,9481,9477,488,4953],"class_list":["post-78780","post","type-post","status-publish","format-standard","has-post-thumbnail","hentry","category-iglesia-y-mundo","tag-acn","tag-ain","tag-ayuda-a-la-iglesia-necesitada-acn","tag-catolicos-nigerianos","tag-kaduna","tag-nigeria-es","tag-trending-es"],"acf":[],"yoast_head":"<!-- This site is optimized with the Yoast SEO plugin v27.4 - https:\/\/yoast.com\/product\/yoast-seo-wordpress\/ -->\n<title>Los cat\u00f3licos nigerianos escandalizados por la admisi\u00f3n p\u00fablica de discriminaci\u00f3n religiosa en Kaduna &#8211; Exaudi<\/title>\n<meta name=\"robots\" content=\"index, follow, max-snippet:-1, max-image-preview:large, max-video-preview:-1\" \/>\n<link rel=\"canonical\" href=\"https:\/\/exaudi.org\/es\/los-catolicos-nigerianos-escandalizados-por-la-admision-publica-de-discriminacion-religiosa-en-kaduna\/\" \/>\n<meta property=\"og:locale\" content=\"es_ES\" \/>\n<meta property=\"og:type\" content=\"article\" \/>\n<meta property=\"og:title\" content=\"Los cat\u00f3licos nigerianos escandalizados por la admisi\u00f3n p\u00fablica de discriminaci\u00f3n religiosa en Kaduna &#8211; Exaudi\" \/>\n<meta property=\"og:description\" content=\"En un v\u00eddeo, el exgobernador del estado de Kaduna admite que su partido beneficia a las comunidades musulmanas ya que no necesita el voto cristiano\" \/>\n<meta property=\"og:url\" content=\"https:\/\/exaudi.org\/es\/los-catolicos-nigerianos-escandalizados-por-la-admision-publica-de-discriminacion-religiosa-en-kaduna\/\" \/>\n<meta property=\"og:site_name\" content=\"Exaudi\" \/>\n<meta property=\"article:publisher\" content=\"https:\/\/www.facebook.com\/ExaudiNews\" \/>\n<meta property=\"article:author\" content=\"https:\/\/www.facebook.com\/ayudaalaiglesianecesitada\/?ref=ts\" \/>\n<meta property=\"article:published_time\" content=\"2023-06-20T08:03:41+00:00\" \/>\n<meta property=\"article:modified_time\" content=\"2023-06-20T08:08:51+00:00\" \/>\n<meta property=\"og:image\" content=\"https:\/\/exaudi.org\/wp-content\/uploads\/2023\/06\/ACN-20190320-85564.jpg\" \/>\n\t<meta property=\"og:image:width\" content=\"637\" \/>\n\t<meta property=\"og:image:height\" content=\"295\" \/>\n\t<meta property=\"og:image:type\" content=\"image\/jpeg\" \/>\n<meta name=\"author\" content=\"Ayuda a la Iglesia Necesitada\" \/>\n<meta name=\"twitter:card\" content=\"summary_large_image\" \/>\n<meta name=\"twitter:creator\" content=\"@https:\/\/x.com\/AyudaIglesNeces\" \/>\n<meta name=\"twitter:site\" content=\"@Exaudi_News\" \/>\n<meta name=\"twitter:label1\" content=\"Escrito por\" \/>\n\t<meta name=\"twitter:data1\" content=\"Ayuda a la Iglesia Necesitada\" \/>\n\t<meta name=\"twitter:label2\" content=\"Tiempo de lectura\" \/>\n\t<meta name=\"twitter:data2\" content=\"6 minutos\" \/>\n<script type=\"application\/ld+json\" class=\"yoast-schema-graph\">{\"@context\":\"https:\\\/\\\/schema.org\",\"@graph\":[{\"@type\":\"Article\",\"@id\":\"https:\\\/\\\/exaudi.org\\\/es\\\/los-catolicos-nigerianos-escandalizados-por-la-admision-publica-de-discriminacion-religiosa-en-kaduna\\\/#article\",\"isPartOf\":{\"@id\":\"https:\\\/\\\/exaudi.org\\\/es\\\/los-catolicos-nigerianos-escandalizados-por-la-admision-publica-de-discriminacion-religiosa-en-kaduna\\\/\"},\"author\":{\"name\":\"Ayuda a la Iglesia Necesitada\",\"@id\":\"https:\\\/\\\/exaudi.org\\\/#\\\/schema\\\/person\\\/d4906ab3b6c174ffe37d722c51c73317\"},\"headline\":\"Los cat\u00f3licos nigerianos escandalizados por la admisi\u00f3n p\u00fablica de discriminaci\u00f3n religiosa en Kaduna\",\"datePublished\":\"2023-06-20T08:03:41+00:00\",\"dateModified\":\"2023-06-20T08:08:51+00:00\",\"mainEntityOfPage\":{\"@id\":\"https:\\\/\\\/exaudi.org\\\/es\\\/los-catolicos-nigerianos-escandalizados-por-la-admision-publica-de-discriminacion-religiosa-en-kaduna\\\/\"},\"wordCount\":1201,\"image\":{\"@id\":\"https:\\\/\\\/exaudi.org\\\/es\\\/los-catolicos-nigerianos-escandalizados-por-la-admision-publica-de-discriminacion-religiosa-en-kaduna\\\/#primaryimage\"},\"thumbnailUrl\":\"https:\\\/\\\/exaudi.org\\\/wp-content\\\/uploads\\\/2023\\\/06\\\/ACN-20190320-85564.jpg\",\"keywords\":[\"ACN\",\"AIN\",\"Ayuda a la Iglesia Necesitada (ACN)\",\"cat\u00f3licos nigerianos\",\"Kaduna\",\"nigeria\",\"Trending\"],\"articleSection\":[\"Iglesia y Mundo\"],\"inLanguage\":\"es\"},{\"@type\":\"WebPage\",\"@id\":\"https:\\\/\\\/exaudi.org\\\/es\\\/los-catolicos-nigerianos-escandalizados-por-la-admision-publica-de-discriminacion-religiosa-en-kaduna\\\/\",\"url\":\"https:\\\/\\\/exaudi.org\\\/es\\\/los-catolicos-nigerianos-escandalizados-por-la-admision-publica-de-discriminacion-religiosa-en-kaduna\\\/\",\"name\":\"Los cat\u00f3licos nigerianos escandalizados por la admisi\u00f3n p\u00fablica de discriminaci\u00f3n religiosa en Kaduna &#8211; Exaudi\",\"isPartOf\":{\"@id\":\"https:\\\/\\\/exaudi.org\\\/#website\"},\"primaryImageOfPage\":{\"@id\":\"https:\\\/\\\/exaudi.org\\\/es\\\/los-catolicos-nigerianos-escandalizados-por-la-admision-publica-de-discriminacion-religiosa-en-kaduna\\\/#primaryimage\"},\"image\":{\"@id\":\"https:\\\/\\\/exaudi.org\\\/es\\\/los-catolicos-nigerianos-escandalizados-por-la-admision-publica-de-discriminacion-religiosa-en-kaduna\\\/#primaryimage\"},\"thumbnailUrl\":\"https:\\\/\\\/exaudi.org\\\/wp-content\\\/uploads\\\/2023\\\/06\\\/ACN-20190320-85564.jpg\",\"datePublished\":\"2023-06-20T08:03:41+00:00\",\"dateModified\":\"2023-06-20T08:08:51+00:00\",\"author\":{\"@id\":\"https:\\\/\\\/exaudi.org\\\/#\\\/schema\\\/person\\\/d4906ab3b6c174ffe37d722c51c73317\"},\"breadcrumb\":{\"@id\":\"https:\\\/\\\/exaudi.org\\\/es\\\/los-catolicos-nigerianos-escandalizados-por-la-admision-publica-de-discriminacion-religiosa-en-kaduna\\\/#breadcrumb\"},\"inLanguage\":\"es\",\"potentialAction\":[{\"@type\":\"ReadAction\",\"target\":[\"https:\\\/\\\/exaudi.org\\\/es\\\/los-catolicos-nigerianos-escandalizados-por-la-admision-publica-de-discriminacion-religiosa-en-kaduna\\\/\"]}]},{\"@type\":\"ImageObject\",\"inLanguage\":\"es\",\"@id\":\"https:\\\/\\\/exaudi.org\\\/es\\\/los-catolicos-nigerianos-escandalizados-por-la-admision-publica-de-discriminacion-religiosa-en-kaduna\\\/#primaryimage\",\"url\":\"https:\\\/\\\/exaudi.org\\\/wp-content\\\/uploads\\\/2023\\\/06\\\/ACN-20190320-85564.jpg\",\"contentUrl\":\"https:\\\/\\\/exaudi.org\\\/wp-content\\\/uploads\\\/2023\\\/06\\\/ACN-20190320-85564.jpg\",\"width\":637,\"height\":295,\"caption\":\"Photo: Men with handwritten posters demonstrate against the killing in Southern Kaduna Only in very small file quality available\"},{\"@type\":\"BreadcrumbList\",\"@id\":\"https:\\\/\\\/exaudi.org\\\/es\\\/los-catolicos-nigerianos-escandalizados-por-la-admision-publica-de-discriminacion-religiosa-en-kaduna\\\/#breadcrumb\",\"itemListElement\":[{\"@type\":\"ListItem\",\"position\":1,\"name\":\"Portada\",\"item\":\"https:\\\/\\\/exaudi.org\\\/es\\\/\"},{\"@type\":\"ListItem\",\"position\":2,\"name\":\"Los cat\u00f3licos nigerianos escandalizados por la admisi\u00f3n p\u00fablica de discriminaci\u00f3n religiosa en Kaduna\"}]},{\"@type\":\"WebSite\",\"@id\":\"https:\\\/\\\/exaudi.org\\\/#website\",\"url\":\"https:\\\/\\\/exaudi.org\\\/\",\"name\":\"Exaudi\",\"description\":\"News\",\"potentialAction\":[{\"@type\":\"SearchAction\",\"target\":{\"@type\":\"EntryPoint\",\"urlTemplate\":\"https:\\\/\\\/exaudi.org\\\/?s={search_term_string}\"},\"query-input\":{\"@type\":\"PropertyValueSpecification\",\"valueRequired\":true,\"valueName\":\"search_term_string\"}}],\"inLanguage\":\"es\"},{\"@type\":\"Person\",\"@id\":\"https:\\\/\\\/exaudi.org\\\/#\\\/schema\\\/person\\\/d4906ab3b6c174ffe37d722c51c73317\",\"name\":\"Ayuda a la Iglesia Necesitada\",\"image\":{\"@type\":\"ImageObject\",\"inLanguage\":\"es\",\"@id\":\"https:\\\/\\\/secure.gravatar.com\\\/avatar\\\/18b646e6575a46729bc25d1c374d5965acb9854728a2929ada390e85905160db?s=96&d=mm&r=g\",\"url\":\"https:\\\/\\\/secure.gravatar.com\\\/avatar\\\/18b646e6575a46729bc25d1c374d5965acb9854728a2929ada390e85905160db?s=96&d=mm&r=g\",\"contentUrl\":\"https:\\\/\\\/secure.gravatar.com\\\/avatar\\\/18b646e6575a46729bc25d1c374d5965acb9854728a2929ada390e85905160db?s=96&d=mm&r=g\",\"caption\":\"Ayuda a la Iglesia Necesitada\"},\"description\":\"Ayuda a la Iglesia Necesitada (ACN) es la Fundaci\u00f3n Pontificia que apoya a la Iglesia cat\u00f3lica en su labor evangelizadora en las comunidades m\u00e1s necesitadas, discriminadas y perseguidas del mundo. Cada a\u00f1o, ACN financia m\u00e1s de 5.000 proyectos pastorales y de emergencia humanitaria en m\u00e1s de 130 pa\u00edses. Cuenta con m\u00e1s de 20 oficinas en el mundo (en Espa\u00f1a desde 1965), dedicadas a informar sobre la realidad de estos cristianos; al fomento de la oraci\u00f3n, y a la recaudaci\u00f3n de fondos para la cobertura de proyectos. El 100% de los proyectos que desarrolla ACN se sostienen gracias a los donativos de personas f\u00edsicas u organizaciones que valoran la labor de la Iglesia en el mundo. La Fundaci\u00f3n no recibe subvenciones de organismos p\u00fablicos.\",\"sameAs\":[\"https:\\\/\\\/www.facebook.com\\\/ayudaalaiglesianecesitada\\\/?ref=ts\",\"https:\\\/\\\/www.instagram.com\\\/ayudaiglesianecesitada\\\/\",\"https:\\\/\\\/x.com\\\/https:\\\/\\\/x.com\\\/AyudaIglesNeces\",\"https:\\\/\\\/www.youtube.com\\\/user\\\/AINorg\"],\"url\":\"https:\\\/\\\/exaudi.org\\\/es\\\/author\\\/ayudaalaiglesianecesitada\\\/\"}]}<\/script>\n<!-- \/ Yoast SEO plugin. -->","yoast_head_json":{"title":"Los cat\u00f3licos nigerianos escandalizados por la admisi\u00f3n p\u00fablica de discriminaci\u00f3n religiosa en Kaduna &#8211; Exaudi","robots":{"index":"index","follow":"follow","max-snippet":"max-snippet:-1","max-image-preview":"max-image-preview:large","max-video-preview":"max-video-preview:-1"},"canonical":"https:\/\/exaudi.org\/es\/los-catolicos-nigerianos-escandalizados-por-la-admision-publica-de-discriminacion-religiosa-en-kaduna\/","og_locale":"es_ES","og_type":"article","og_title":"Los cat\u00f3licos nigerianos escandalizados por la admisi\u00f3n p\u00fablica de discriminaci\u00f3n religiosa en Kaduna &#8211; Exaudi","og_description":"En un v\u00eddeo, el exgobernador del estado de Kaduna admite que su partido beneficia a las comunidades musulmanas ya que no necesita el voto cristiano","og_url":"https:\/\/exaudi.org\/es\/los-catolicos-nigerianos-escandalizados-por-la-admision-publica-de-discriminacion-religiosa-en-kaduna\/","og_site_name":"Exaudi","article_publisher":"https:\/\/www.facebook.com\/ExaudiNews","article_author":"https:\/\/www.facebook.com\/ayudaalaiglesianecesitada\/?ref=ts","article_published_time":"2023-06-20T08:03:41+00:00","article_modified_time":"2023-06-20T08:08:51+00:00","og_image":[{"width":637,"height":295,"url":"https:\/\/exaudi.org\/wp-content\/uploads\/2023\/06\/ACN-20190320-85564.jpg","type":"image\/jpeg"}],"author":"Ayuda a la Iglesia Necesitada","twitter_card":"summary_large_image","twitter_creator":"@https:\/\/x.com\/AyudaIglesNeces","twitter_site":"@Exaudi_News","twitter_misc":{"Escrito por":"Ayuda a la Iglesia Necesitada","Tiempo de lectura":"6 minutos"},"schema":{"@context":"https:\/\/schema.org","@graph":[{"@type":"Article","@id":"https:\/\/exaudi.org\/es\/los-catolicos-nigerianos-escandalizados-por-la-admision-publica-de-discriminacion-religiosa-en-kaduna\/#article","isPartOf":{"@id":"https:\/\/exaudi.org\/es\/los-catolicos-nigerianos-escandalizados-por-la-admision-publica-de-discriminacion-religiosa-en-kaduna\/"},"author":{"name":"Ayuda a la Iglesia Necesitada","@id":"https:\/\/exaudi.org\/#\/schema\/person\/d4906ab3b6c174ffe37d722c51c73317"},"headline":"Los cat\u00f3licos nigerianos escandalizados por la admisi\u00f3n p\u00fablica de discriminaci\u00f3n religiosa en Kaduna","datePublished":"2023-06-20T08:03:41+00:00","dateModified":"2023-06-20T08:08:51+00:00","mainEntityOfPage":{"@id":"https:\/\/exaudi.org\/es\/los-catolicos-nigerianos-escandalizados-por-la-admision-publica-de-discriminacion-religiosa-en-kaduna\/"},"wordCount":1201,"image":{"@id":"https:\/\/exaudi.org\/es\/los-catolicos-nigerianos-escandalizados-por-la-admision-publica-de-discriminacion-religiosa-en-kaduna\/#primaryimage"},"thumbnailUrl":"https:\/\/exaudi.org\/wp-content\/uploads\/2023\/06\/ACN-20190320-85564.jpg","keywords":["ACN","AIN","Ayuda a la Iglesia Necesitada (ACN)","cat\u00f3licos nigerianos","Kaduna","nigeria","Trending"],"articleSection":["Iglesia y Mundo"],"inLanguage":"es"},{"@type":"WebPage","@id":"https:\/\/exaudi.org\/es\/los-catolicos-nigerianos-escandalizados-por-la-admision-publica-de-discriminacion-religiosa-en-kaduna\/","url":"https:\/\/exaudi.org\/es\/los-catolicos-nigerianos-escandalizados-por-la-admision-publica-de-discriminacion-religiosa-en-kaduna\/","name":"Los cat\u00f3licos nigerianos escandalizados por la admisi\u00f3n p\u00fablica de discriminaci\u00f3n religiosa en Kaduna &#8211; Exaudi","isPartOf":{"@id":"https:\/\/exaudi.org\/#website"},"primaryImageOfPage":{"@id":"https:\/\/exaudi.org\/es\/los-catolicos-nigerianos-escandalizados-por-la-admision-publica-de-discriminacion-religiosa-en-kaduna\/#primaryimage"},"image":{"@id":"https:\/\/exaudi.org\/es\/los-catolicos-nigerianos-escandalizados-por-la-admision-publica-de-discriminacion-religiosa-en-kaduna\/#primaryimage"},"thumbnailUrl":"https:\/\/exaudi.org\/wp-content\/uploads\/2023\/06\/ACN-20190320-85564.jpg","datePublished":"2023-06-20T08:03:41+00:00","dateModified":"2023-06-20T08:08:51+00:00","author":{"@id":"https:\/\/exaudi.org\/#\/schema\/person\/d4906ab3b6c174ffe37d722c51c73317"},"breadcrumb":{"@id":"https:\/\/exaudi.org\/es\/los-catolicos-nigerianos-escandalizados-por-la-admision-publica-de-discriminacion-religiosa-en-kaduna\/#breadcrumb"},"inLanguage":"es","potentialAction":[{"@type":"ReadAction","target":["https:\/\/exaudi.org\/es\/los-catolicos-nigerianos-escandalizados-por-la-admision-publica-de-discriminacion-religiosa-en-kaduna\/"]}]},{"@type":"ImageObject","inLanguage":"es","@id":"https:\/\/exaudi.org\/es\/los-catolicos-nigerianos-escandalizados-por-la-admision-publica-de-discriminacion-religiosa-en-kaduna\/#primaryimage","url":"https:\/\/exaudi.org\/wp-content\/uploads\/2023\/06\/ACN-20190320-85564.jpg","contentUrl":"https:\/\/exaudi.org\/wp-content\/uploads\/2023\/06\/ACN-20190320-85564.jpg","width":637,"height":295,"caption":"Photo: Men with handwritten posters demonstrate against the killing in Southern Kaduna Only in very small file quality available"},{"@type":"BreadcrumbList","@id":"https:\/\/exaudi.org\/es\/los-catolicos-nigerianos-escandalizados-por-la-admision-publica-de-discriminacion-religiosa-en-kaduna\/#breadcrumb","itemListElement":[{"@type":"ListItem","position":1,"name":"Portada","item":"https:\/\/exaudi.org\/es\/"},{"@type":"ListItem","position":2,"name":"Los cat\u00f3licos nigerianos escandalizados por la admisi\u00f3n p\u00fablica de discriminaci\u00f3n religiosa en Kaduna"}]},{"@type":"WebSite","@id":"https:\/\/exaudi.org\/#website","url":"https:\/\/exaudi.org\/","name":"Exaudi","description":"News","potentialAction":[{"@type":"SearchAction","target":{"@type":"EntryPoint","urlTemplate":"https:\/\/exaudi.org\/?s={search_term_string}"},"query-input":{"@type":"PropertyValueSpecification","valueRequired":true,"valueName":"search_term_string"}}],"inLanguage":"es"},{"@type":"Person","@id":"https:\/\/exaudi.org\/#\/schema\/person\/d4906ab3b6c174ffe37d722c51c73317","name":"Ayuda a la Iglesia Necesitada","image":{"@type":"ImageObject","inLanguage":"es","@id":"https:\/\/secure.gravatar.com\/avatar\/18b646e6575a46729bc25d1c374d5965acb9854728a2929ada390e85905160db?s=96&d=mm&r=g","url":"https:\/\/secure.gravatar.com\/avatar\/18b646e6575a46729bc25d1c374d5965acb9854728a2929ada390e85905160db?s=96&d=mm&r=g","contentUrl":"https:\/\/secure.gravatar.com\/avatar\/18b646e6575a46729bc25d1c374d5965acb9854728a2929ada390e85905160db?s=96&d=mm&r=g","caption":"Ayuda a la Iglesia Necesitada"},"description":"Ayuda a la Iglesia Necesitada (ACN) es la Fundaci\u00f3n Pontificia que apoya a la Iglesia cat\u00f3lica en su labor evangelizadora en las comunidades m\u00e1s necesitadas, discriminadas y perseguidas del mundo. Cada a\u00f1o, ACN financia m\u00e1s de 5.000 proyectos pastorales y de emergencia humanitaria en m\u00e1s de 130 pa\u00edses. Cuenta con m\u00e1s de 20 oficinas en el mundo (en Espa\u00f1a desde 1965), dedicadas a informar sobre la realidad de estos cristianos; al fomento de la oraci\u00f3n, y a la recaudaci\u00f3n de fondos para la cobertura de proyectos. El 100% de los proyectos que desarrolla ACN se sostienen gracias a los donativos de personas f\u00edsicas u organizaciones que valoran la labor de la Iglesia en el mundo. La Fundaci\u00f3n no recibe subvenciones de organismos p\u00fablicos.","sameAs":["https:\/\/www.facebook.com\/ayudaalaiglesianecesitada\/?ref=ts","https:\/\/www.instagram.com\/ayudaiglesianecesitada\/","https:\/\/x.com\/https:\/\/x.com\/AyudaIglesNeces","https:\/\/www.youtube.com\/user\/AINorg"],"url":"https:\/\/exaudi.org\/es\/author\/ayudaalaiglesianecesitada\/"}]}},"jetpack_featured_media_url":"https:\/\/exaudi.org\/wp-content\/uploads\/2023\/06\/ACN-20190320-85564.jpg","jetpack_shortlink":"https:\/\/wp.me\/pgKjF2-kuE","_links":{"self":[{"href":"https:\/\/exaudi.org\/es\/wp-json\/wp\/v2\/posts\/78780","targetHints":{"allow":["GET"]}}],"collection":[{"href":"https:\/\/exaudi.org\/es\/wp-json\/wp\/v2\/posts"}],"about":[{"href":"https:\/\/exaudi.org\/es\/wp-json\/wp\/v2\/types\/post"}],"author":[{"embeddable":true,"href":"https:\/\/exaudi.org\/es\/wp-json\/wp\/v2\/users\/89"}],"replies":[{"embeddable":true,"href":"https:\/\/exaudi.org\/es\/wp-json\/wp\/v2\/comments?post=78780"}],"version-history":[{"count":0,"href":"https:\/\/exaudi.org\/es\/wp-json\/wp\/v2\/posts\/78780\/revisions"}],"wp:featuredmedia":[{"embeddable":true,"href":"https:\/\/exaudi.org\/es\/wp-json\/wp\/v2\/media\/78790"}],"wp:attachment":[{"href":"https:\/\/exaudi.org\/es\/wp-json\/wp\/v2\/media?parent=78780"}],"wp:term":[{"taxonomy":"category","embeddable":true,"href":"https:\/\/exaudi.org\/es\/wp-json\/wp\/v2\/categories?post=78780"},{"taxonomy":"post_tag","embeddable":true,"href":"https:\/\/exaudi.org\/es\/wp-json\/wp\/v2\/tags?post=78780"}],"curies":[{"name":"wp","href":"https:\/\/api.w.org\/{rel}","templated":true}]}}