{"id":78618,"date":"2023-06-19T09:02:34","date_gmt":"2023-06-19T07:02:34","guid":{"rendered":"https:\/\/exaudi.org\/?p=78618"},"modified":"2023-06-19T09:20:31","modified_gmt":"2023-06-19T07:20:31","slug":"varsovia-miles-de-personas-en-la-marcha-nacional-por-la-vida-y-la-familia","status":"publish","type":"post","link":"https:\/\/exaudi.org\/es\/varsovia-miles-de-personas-en-la-marcha-nacional-por-la-vida-y-la-familia\/","title":{"rendered":"Varsovia: miles de personas en la Marcha Nacional por la Vida y la Familia"},"content":{"rendered":"<audio class=\"wp-audio-shortcode\" id=\"audio-78618-1\" preload=\"none\" style=\"width: 100%;\" controls=\"controls\"><source type=\"audio\/mpeg\" src=\"https:\/\/exaudi.org\/wp-content\/uploads\/2023\/06\/Varsovia-miles-de-personas-en-la-Marcha-Nacional.mp3?_=1\" \/><a href=\"https:\/\/exaudi.org\/wp-content\/uploads\/2023\/06\/Varsovia-miles-de-personas-en-la-Marcha-Nacional.mp3\">https:\/\/exaudi.org\/wp-content\/uploads\/2023\/06\/Varsovia-miles-de-personas-en-la-Marcha-Nacional.mp3<\/a><\/audio>\n<p>El domingo 18 de junio, la Marcha Nacional por la Vida y la Familia bajo el lema \u00abLos ni\u00f1os son el futuro de Polonia \u00bb tuvo lugar en las calles de Varsovia. Ese mismo d\u00eda est\u00e1n previstos actos similares entre otras ciudades en Cracovia, Wroc\u0142aw, Katowice, Pozna\u0144, Sieradz y \u017bary. De abril a septiembre se celebran marchas pro- vida en varios cientos de ciudades polacas.<\/p>\n<p><img loading=\"lazy\" decoding=\"async\" class=\"alignleft size-full wp-image-78613\" src=\"https:\/\/exaudi.org\/wp-content\/uploads\/2023\/06\/Photo3.jpg\" alt=\"\" width=\"975\" height=\"732\" srcset=\"https:\/\/exaudi.org\/wp-content\/uploads\/2023\/06\/Photo3.jpg 975w, https:\/\/exaudi.org\/wp-content\/uploads\/2023\/06\/Photo3-300x225.jpg 300w, https:\/\/exaudi.org\/wp-content\/uploads\/2023\/06\/Photo3-770x578.jpg 770w, https:\/\/exaudi.org\/wp-content\/uploads\/2023\/06\/Photo3-500x375.jpg 500w, https:\/\/exaudi.org\/wp-content\/uploads\/2023\/06\/Photo3-293x220.jpg 293w, https:\/\/exaudi.org\/wp-content\/uploads\/2023\/06\/Photo3-390x293.jpg 390w\" sizes=\"auto, (max-width: 975px) 100vw, 975px\" \/>\u00abEstamos en marcha para dar a Polonia, Europa y el mundo testimonio p\u00fablico de compromiso con los verdaderos valores. Las familias se re\u00fanen en las marchas y con su felicidad inspiran y convencen a otros\u00bb, dijo Pawe\u0142 Ozdoba, presidente del Centro para la Vida y la Familia, organizador de la marcha. \u00abLa marcha es una expresi\u00f3n de apoyo al matrimonio como uni\u00f3n entre un hombre y una mujer. El evento de hoy no es solo una oportunidad para promover a la familia, sino tambi\u00e9n para mostrar la relevancia de un cierto patr\u00f3n cultural. Es importante defender estos valores\u00bb, dijo Pawe\u0142 Ozdoba. \u00abLa familia es una unidad social \u00fanica, un lugar donde ocurre el milagro del nacimiento\u00bb, a\u00f1adi\u00f3.<\/p>\n<p>El lema de la marcha de este a\u00f1o, \u00ab<strong>Los ni\u00f1os son el futuro de Polonia\u00bb,<\/strong> se refer\u00eda a la beatificaci\u00f3n de septiembre de la familia Ulma, cuando un ni\u00f1o no nacido ser\u00e1 elevado a los altares por primera vez en la historia de la Iglesia. Pawe\u0142 Ozdoba enfatiz\u00f3 que el lema de la marcha de este a\u00f1o nos recuerda la necesidad de ver el futuro del pa\u00eds tambi\u00e9n en los ni\u00f1os no nacidos. \u00abDebemos seguir cuid\u00e1ndolos, para que siempre tengan derecho a la vida y que nadie les quite este derecho fundamental\u00bb, dijo el organizador de la marcha. Durante el evento hubo peque\u00f1os acentos que se refer\u00edan a la beatificaci\u00f3n.<\/p>\n<p><img loading=\"lazy\" decoding=\"async\" class=\"size-full wp-image-78607 alignright\" src=\"https:\/\/exaudi.org\/wp-content\/uploads\/2023\/06\/Photo1.jpg\" alt=\"\" width=\"942\" height=\"704\" srcset=\"https:\/\/exaudi.org\/wp-content\/uploads\/2023\/06\/Photo1.jpg 942w, https:\/\/exaudi.org\/wp-content\/uploads\/2023\/06\/Photo1-300x224.jpg 300w, https:\/\/exaudi.org\/wp-content\/uploads\/2023\/06\/Photo1-770x575.jpg 770w, https:\/\/exaudi.org\/wp-content\/uploads\/2023\/06\/Photo1-500x374.jpg 500w, https:\/\/exaudi.org\/wp-content\/uploads\/2023\/06\/Photo1-293x219.jpg 293w, https:\/\/exaudi.org\/wp-content\/uploads\/2023\/06\/Photo1-390x291.jpg 390w\" sizes=\"auto, (max-width: 942px) 100vw, 942px\" \/>Los participantes de la marcha emprendieron el trabajo de adopci\u00f3n espiritual de un ni\u00f1o concebido, que consiste en una oraci\u00f3n de 9 meses en la intenci\u00f3n de un ni\u00f1o por nacer cuya vida est\u00e1 en peligro. \u00abEste es nuestro don espiritual en relaci\u00f3n con el lema del evento. Tambi\u00e9n recordamos la ense\u00f1anza de Juan Pablo II sobre el derecho a la vida. Es el patr\u00f3n de la familia precisamente por su firmeza en proclamar la civilizaci\u00f3n de la vida\u00bb, dijo Pawe\u0142 Ozdoba. A\u00f1adi\u00f3: \u00abQueremos ser una se\u00f1al clara de que todav\u00eda recordamos la ense\u00f1anza del Papa polaco, la consideramos valiosa e importante\u00bb.<\/p>\n<p>Pawe\u0142 Ozdoba lleva muchos a\u00f1os participando en actividades provida. \u00abPara m\u00ed, la familia es un remanso de paz invaluable, lleno de alegr\u00eda, felicidad y la base de mi vida privada, algo a lo que referirme, siempre un lugar seguro, garantizando la gama completa de amor de toda la familia, no solo de la esposa e los hijos, sino tambi\u00e9n de los abuelos, hermanos y otros\u00bb, dijo.<\/p>\n<p>Uno de los participantes en la marcha destac\u00f3 que, a pesar de la lluvia, un gran n\u00famero de familias tomaron parte en el acto. \u00abAdem\u00e1s, es una marcha internacional, se oyen diferentes idiomas\u00bb, dijo. \u00abLa familia es el primer lugar donde se educa a la joven generaci\u00f3n. Queremos demostrar que la familia es fuerza, v\u00ednculos y, sobre todo, amor\u00bb, se\u00f1al\u00f3 otro participante en la marcha.<\/p>\n<p>La primera Marcha por la Vida y la Familia tuvo lugar en 2006 en Varsovia. Desde entonces, m\u00e1s de 150 pueblos y ciudades de toda Polonia han asumido la organizaci\u00f3n del evento. Participan padres con hijos, personas ancianas, miembros de movimientos y asociaciones y personalidades p\u00fablicas. En 2022, s\u00f3lo en Varsovia desfilaron cerca de 10.000 personas<\/p>\n<p>La marcha de Varsovia parti\u00f3 a las 11.00 horas de la Plaza del Castillo. A ella asistieron tambi\u00e9n representantes del movimiento provida del extranjero. Sigui\u00f3 una misa en la Bas\u00edlica de la Santa Cruz. Concluy\u00f3 con un concierto en Varsovia titulado \u00abA la ciudad y al mundo\u00bb en el que participaron un centenar de j\u00f3venes que compartieron su experiencia de fe en sus vidas, en referencia al 40 aniversario de una de las peregrinaciones de Juan Pablo II a Polonia. El patrocinio de honor de la marcha fue asumido por el presidente de la Conferencia Episcopal Polaca, el arzobispo Stanis\u0142aw G\u0105decki, y la iniciativa cont\u00f3 con el apoyo de los obispos de Varsovia, el cardenal Kazimierz Nycz y el obispo Romuald Kami\u0144ski.<\/p>\n<p>La Marcha Nacional por la Vida y la Familia es una de las muchas iniciativas pro-vida emprendidas en Polonia. M\u00e1s de 1500 personas participaron en el XI Congreso de Familias Numerosas en Grodzisk Mazowiecki, que tuvo lugar del 16 al 18 de junio. El objetivo del evento fue integrar y promover una imagen positiva de las familias numerosas, acompa\u00f1ada del lema \u00abLa familia crea un buen clima\u00bb. El congreso est\u00e1 organizado por la Asociaci\u00f3n de Familias Numerosas \u00abThree Plus\u00bb, que actualmente cuenta con m\u00e1s de 10.000 miembros, reunidos en m\u00e1s de cien c\u00edrculos en todo el territorio polaco.<\/p>\n","protected":false},"excerpt":{"rendered":"<p>El domingo 18 de junio, la Marcha Nacional por la Vida y la Familia bajo el lema \u00abLos ni\u00f1os son el futuro de Polonia \u00bb tuvo lugar en las calles de Varsovia. Ese mismo d\u00eda est\u00e1n previstos actos similares entre otras ciudades en Cracovia, Wroc\u0142aw, Katowice, Pozna\u0144, Sieradz y \u017bary. De abril a septiembre se [&hellip;]<\/p>\n","protected":false},"author":15,"featured_media":78616,"comment_status":"closed","ping_status":"closed","sticky":false,"template":"","format":"standard","meta":{"_acf_changed":false,"_crdt_document":"","inline_featured_image":false,"footnotes":""},"categories":[74],"tags":[617,9462],"class_list":["post-78618","post","type-post","status-publish","format-standard","has-post-thumbnail","hentry","category-iglesia-y-mundo","tag-familia","tag-marcha-nacional-por-la-vida"],"acf":[],"yoast_head":"<!-- This site is optimized with the Yoast SEO plugin v27.4 - https:\/\/yoast.com\/product\/yoast-seo-wordpress\/ -->\n<title>Varsovia: miles de personas en la Marcha Nacional por la Vida y la Familia &#8211; Exaudi<\/title>\n<meta name=\"robots\" content=\"index, follow, max-snippet:-1, max-image-preview:large, max-video-preview:-1\" \/>\n<link rel=\"canonical\" href=\"https:\/\/exaudi.org\/es\/varsovia-miles-de-personas-en-la-marcha-nacional-por-la-vida-y-la-familia\/\" \/>\n<meta property=\"og:locale\" content=\"es_ES\" \/>\n<meta property=\"og:type\" content=\"article\" \/>\n<meta property=\"og:title\" content=\"Varsovia: miles de personas en la Marcha Nacional por la Vida y la Familia &#8211; Exaudi\" \/>\n<meta property=\"og:description\" content=\"El domingo 18 de junio, la Marcha Nacional por la Vida y la Familia bajo el lema \u00abLos ni\u00f1os son el futuro de Polonia \u00bb tuvo lugar en las calles de Varsovia. Ese mismo d\u00eda est\u00e1n previstos actos similares entre otras ciudades en Cracovia, Wroc\u0142aw, Katowice, Pozna\u0144, Sieradz y \u017bary. De abril a septiembre se [&hellip;]\" \/>\n<meta property=\"og:url\" content=\"https:\/\/exaudi.org\/es\/varsovia-miles-de-personas-en-la-marcha-nacional-por-la-vida-y-la-familia\/\" \/>\n<meta property=\"og:site_name\" content=\"Exaudi\" \/>\n<meta property=\"article:publisher\" content=\"https:\/\/www.facebook.com\/ExaudiNews\" \/>\n<meta property=\"article:author\" content=\"https:\/\/www.facebook.com\/ExaudiNoticias\/\" \/>\n<meta property=\"article:published_time\" content=\"2023-06-19T07:02:34+00:00\" \/>\n<meta property=\"article:modified_time\" content=\"2023-06-19T07:20:31+00:00\" \/>\n<meta property=\"og:image\" content=\"https:\/\/exaudi.org\/wp-content\/uploads\/2023\/06\/Photo2.jpg\" \/>\n\t<meta property=\"og:image:width\" content=\"1024\" \/>\n\t<meta property=\"og:image:height\" content=\"768\" \/>\n\t<meta property=\"og:image:type\" content=\"image\/jpeg\" \/>\n<meta name=\"author\" content=\"Exaudi Redacci\u00f3n\" \/>\n<meta name=\"twitter:card\" content=\"summary_large_image\" \/>\n<meta name=\"twitter:creator\" content=\"@Exaudi_noticias\" \/>\n<meta name=\"twitter:site\" content=\"@Exaudi_News\" \/>\n<meta name=\"twitter:label1\" content=\"Escrito por\" \/>\n\t<meta name=\"twitter:data1\" content=\"Exaudi Redacci\u00f3n\" \/>\n\t<meta name=\"twitter:label2\" content=\"Tiempo de lectura\" \/>\n\t<meta name=\"twitter:data2\" content=\"5 minutos\" \/>\n<script type=\"application\/ld+json\" class=\"yoast-schema-graph\">{\"@context\":\"https:\\\/\\\/schema.org\",\"@graph\":[{\"@type\":\"Article\",\"@id\":\"https:\\\/\\\/exaudi.org\\\/es\\\/varsovia-miles-de-personas-en-la-marcha-nacional-por-la-vida-y-la-familia\\\/#article\",\"isPartOf\":{\"@id\":\"https:\\\/\\\/exaudi.org\\\/es\\\/varsovia-miles-de-personas-en-la-marcha-nacional-por-la-vida-y-la-familia\\\/\"},\"author\":{\"name\":\"Exaudi Redacci\u00f3n\",\"@id\":\"https:\\\/\\\/exaudi.org\\\/#\\\/schema\\\/person\\\/f5fc8f063065e38742da7afe15f25df7\"},\"headline\":\"Varsovia: miles de personas en la Marcha Nacional por la Vida y la Familia\",\"datePublished\":\"2023-06-19T07:02:34+00:00\",\"dateModified\":\"2023-06-19T07:20:31+00:00\",\"mainEntityOfPage\":{\"@id\":\"https:\\\/\\\/exaudi.org\\\/es\\\/varsovia-miles-de-personas-en-la-marcha-nacional-por-la-vida-y-la-familia\\\/\"},\"wordCount\":874,\"image\":{\"@id\":\"https:\\\/\\\/exaudi.org\\\/es\\\/varsovia-miles-de-personas-en-la-marcha-nacional-por-la-vida-y-la-familia\\\/#primaryimage\"},\"thumbnailUrl\":\"https:\\\/\\\/exaudi.org\\\/wp-content\\\/uploads\\\/2023\\\/06\\\/Photo2.jpg\",\"keywords\":[\"Familia\",\"Marcha Nacional por la Vida\"],\"articleSection\":[\"Iglesia y Mundo\"],\"inLanguage\":\"es\"},{\"@type\":\"WebPage\",\"@id\":\"https:\\\/\\\/exaudi.org\\\/es\\\/varsovia-miles-de-personas-en-la-marcha-nacional-por-la-vida-y-la-familia\\\/\",\"url\":\"https:\\\/\\\/exaudi.org\\\/es\\\/varsovia-miles-de-personas-en-la-marcha-nacional-por-la-vida-y-la-familia\\\/\",\"name\":\"Varsovia: miles de personas en la Marcha Nacional por la Vida y la Familia &#8211; Exaudi\",\"isPartOf\":{\"@id\":\"https:\\\/\\\/exaudi.org\\\/#website\"},\"primaryImageOfPage\":{\"@id\":\"https:\\\/\\\/exaudi.org\\\/es\\\/varsovia-miles-de-personas-en-la-marcha-nacional-por-la-vida-y-la-familia\\\/#primaryimage\"},\"image\":{\"@id\":\"https:\\\/\\\/exaudi.org\\\/es\\\/varsovia-miles-de-personas-en-la-marcha-nacional-por-la-vida-y-la-familia\\\/#primaryimage\"},\"thumbnailUrl\":\"https:\\\/\\\/exaudi.org\\\/wp-content\\\/uploads\\\/2023\\\/06\\\/Photo2.jpg\",\"datePublished\":\"2023-06-19T07:02:34+00:00\",\"dateModified\":\"2023-06-19T07:20:31+00:00\",\"author\":{\"@id\":\"https:\\\/\\\/exaudi.org\\\/#\\\/schema\\\/person\\\/f5fc8f063065e38742da7afe15f25df7\"},\"breadcrumb\":{\"@id\":\"https:\\\/\\\/exaudi.org\\\/es\\\/varsovia-miles-de-personas-en-la-marcha-nacional-por-la-vida-y-la-familia\\\/#breadcrumb\"},\"inLanguage\":\"es\",\"potentialAction\":[{\"@type\":\"ReadAction\",\"target\":[\"https:\\\/\\\/exaudi.org\\\/es\\\/varsovia-miles-de-personas-en-la-marcha-nacional-por-la-vida-y-la-familia\\\/\"]}]},{\"@type\":\"ImageObject\",\"inLanguage\":\"es\",\"@id\":\"https:\\\/\\\/exaudi.org\\\/es\\\/varsovia-miles-de-personas-en-la-marcha-nacional-por-la-vida-y-la-familia\\\/#primaryimage\",\"url\":\"https:\\\/\\\/exaudi.org\\\/wp-content\\\/uploads\\\/2023\\\/06\\\/Photo2.jpg\",\"contentUrl\":\"https:\\\/\\\/exaudi.org\\\/wp-content\\\/uploads\\\/2023\\\/06\\\/Photo2.jpg\",\"width\":1024,\"height\":768},{\"@type\":\"BreadcrumbList\",\"@id\":\"https:\\\/\\\/exaudi.org\\\/es\\\/varsovia-miles-de-personas-en-la-marcha-nacional-por-la-vida-y-la-familia\\\/#breadcrumb\",\"itemListElement\":[{\"@type\":\"ListItem\",\"position\":1,\"name\":\"Portada\",\"item\":\"https:\\\/\\\/exaudi.org\\\/es\\\/\"},{\"@type\":\"ListItem\",\"position\":2,\"name\":\"Varsovia: miles de personas en la Marcha Nacional por la Vida y la Familia\"}]},{\"@type\":\"WebSite\",\"@id\":\"https:\\\/\\\/exaudi.org\\\/#website\",\"url\":\"https:\\\/\\\/exaudi.org\\\/\",\"name\":\"Exaudi\",\"description\":\"News\",\"potentialAction\":[{\"@type\":\"SearchAction\",\"target\":{\"@type\":\"EntryPoint\",\"urlTemplate\":\"https:\\\/\\\/exaudi.org\\\/?s={search_term_string}\"},\"query-input\":{\"@type\":\"PropertyValueSpecification\",\"valueRequired\":true,\"valueName\":\"search_term_string\"}}],\"inLanguage\":\"es\"},{\"@type\":\"Person\",\"@id\":\"https:\\\/\\\/exaudi.org\\\/#\\\/schema\\\/person\\\/f5fc8f063065e38742da7afe15f25df7\",\"name\":\"Exaudi Redacci\u00f3n\",\"image\":{\"@type\":\"ImageObject\",\"inLanguage\":\"es\",\"@id\":\"https:\\\/\\\/secure.gravatar.com\\\/avatar\\\/fe0f6a059fb68d9b3e11bc5850dd4899b1c7492091a3cb6dd9b01b56ad828be2?s=96&d=mm&r=g\",\"url\":\"https:\\\/\\\/secure.gravatar.com\\\/avatar\\\/fe0f6a059fb68d9b3e11bc5850dd4899b1c7492091a3cb6dd9b01b56ad828be2?s=96&d=mm&r=g\",\"contentUrl\":\"https:\\\/\\\/secure.gravatar.com\\\/avatar\\\/fe0f6a059fb68d9b3e11bc5850dd4899b1c7492091a3cb6dd9b01b56ad828be2?s=96&d=mm&r=g\",\"caption\":\"Exaudi Redacci\u00f3n\"},\"description\":\"\u00bfQu\u00e9 es Exaudi News? Exaudi News es un medio de comunicaci\u00f3n cat\u00f3lico internacional que informa, forma y transforma, diariamente en espa\u00f1ol, ingl\u00e9s e italiano. A trav\u00e9s de noticias, art\u00edculos de an\u00e1lisis y transmisiones en directo de los eventos del Papa, Exaudi busca fortalecer la unidad de los cristianos y contribuir a la evangelizaci\u00f3n del mundo, siempre guiados por la doctrina social de la Iglesia. Trabajamos para acercar la verdad y los valores cristianos a cada rinc\u00f3n del planeta. \u00a1Ay\u00fadanos a transformar el mundo con Exaudi! En Exaudi creemos que la evangelizaci\u00f3n y la informaci\u00f3n de calidad pueden cambiar vidas. Para continuar con nuestra misi\u00f3n y expandir nuestro alcance, necesitamos tu ayuda. Adem\u00e1s, buscamos personas comprometidas que deseen unirse a nuestro equipo. Con tu apoyo, lograremos llegar a m\u00e1s personas, difundir el mensaje de Cristo y reforzar la unidad de los cristianos. \u00bfTe unes a nuestra misi\u00f3n? Para m\u00e1s informaci\u00f3n sobre c\u00f3mo colaborar, visita Exaudi.org\\\/es o cont\u00e1ctanos directamente: info@exaudi.org Exaudi: Informa, forma y transforma.\",\"sameAs\":[\"https:\\\/\\\/www.facebook.com\\\/ExaudiNoticias\\\/\",\"https:\\\/\\\/www.instagram.com\\\/exaudi_noticias\\\/\",\"https:\\\/\\\/x.com\\\/Exaudi_noticias\",\"https:\\\/\\\/www.youtube.com\\\/@exaudicatholicnews\"],\"url\":\"https:\\\/\\\/exaudi.org\\\/es\\\/author\\\/redaccionexaudi\\\/\"}]}<\/script>\n<!-- \/ Yoast SEO plugin. -->","yoast_head_json":{"title":"Varsovia: miles de personas en la Marcha Nacional por la Vida y la Familia &#8211; Exaudi","robots":{"index":"index","follow":"follow","max-snippet":"max-snippet:-1","max-image-preview":"max-image-preview:large","max-video-preview":"max-video-preview:-1"},"canonical":"https:\/\/exaudi.org\/es\/varsovia-miles-de-personas-en-la-marcha-nacional-por-la-vida-y-la-familia\/","og_locale":"es_ES","og_type":"article","og_title":"Varsovia: miles de personas en la Marcha Nacional por la Vida y la Familia &#8211; Exaudi","og_description":"El domingo 18 de junio, la Marcha Nacional por la Vida y la Familia bajo el lema \u00abLos ni\u00f1os son el futuro de Polonia \u00bb tuvo lugar en las calles de Varsovia. Ese mismo d\u00eda est\u00e1n previstos actos similares entre otras ciudades en Cracovia, Wroc\u0142aw, Katowice, Pozna\u0144, Sieradz y \u017bary. De abril a septiembre se [&hellip;]","og_url":"https:\/\/exaudi.org\/es\/varsovia-miles-de-personas-en-la-marcha-nacional-por-la-vida-y-la-familia\/","og_site_name":"Exaudi","article_publisher":"https:\/\/www.facebook.com\/ExaudiNews","article_author":"https:\/\/www.facebook.com\/ExaudiNoticias\/","article_published_time":"2023-06-19T07:02:34+00:00","article_modified_time":"2023-06-19T07:20:31+00:00","og_image":[{"width":1024,"height":768,"url":"https:\/\/exaudi.org\/wp-content\/uploads\/2023\/06\/Photo2.jpg","type":"image\/jpeg"}],"author":"Exaudi Redacci\u00f3n","twitter_card":"summary_large_image","twitter_creator":"@Exaudi_noticias","twitter_site":"@Exaudi_News","twitter_misc":{"Escrito por":"Exaudi Redacci\u00f3n","Tiempo de lectura":"5 minutos"},"schema":{"@context":"https:\/\/schema.org","@graph":[{"@type":"Article","@id":"https:\/\/exaudi.org\/es\/varsovia-miles-de-personas-en-la-marcha-nacional-por-la-vida-y-la-familia\/#article","isPartOf":{"@id":"https:\/\/exaudi.org\/es\/varsovia-miles-de-personas-en-la-marcha-nacional-por-la-vida-y-la-familia\/"},"author":{"name":"Exaudi Redacci\u00f3n","@id":"https:\/\/exaudi.org\/#\/schema\/person\/f5fc8f063065e38742da7afe15f25df7"},"headline":"Varsovia: miles de personas en la Marcha Nacional por la Vida y la Familia","datePublished":"2023-06-19T07:02:34+00:00","dateModified":"2023-06-19T07:20:31+00:00","mainEntityOfPage":{"@id":"https:\/\/exaudi.org\/es\/varsovia-miles-de-personas-en-la-marcha-nacional-por-la-vida-y-la-familia\/"},"wordCount":874,"image":{"@id":"https:\/\/exaudi.org\/es\/varsovia-miles-de-personas-en-la-marcha-nacional-por-la-vida-y-la-familia\/#primaryimage"},"thumbnailUrl":"https:\/\/exaudi.org\/wp-content\/uploads\/2023\/06\/Photo2.jpg","keywords":["Familia","Marcha Nacional por la Vida"],"articleSection":["Iglesia y Mundo"],"inLanguage":"es"},{"@type":"WebPage","@id":"https:\/\/exaudi.org\/es\/varsovia-miles-de-personas-en-la-marcha-nacional-por-la-vida-y-la-familia\/","url":"https:\/\/exaudi.org\/es\/varsovia-miles-de-personas-en-la-marcha-nacional-por-la-vida-y-la-familia\/","name":"Varsovia: miles de personas en la Marcha Nacional por la Vida y la Familia &#8211; Exaudi","isPartOf":{"@id":"https:\/\/exaudi.org\/#website"},"primaryImageOfPage":{"@id":"https:\/\/exaudi.org\/es\/varsovia-miles-de-personas-en-la-marcha-nacional-por-la-vida-y-la-familia\/#primaryimage"},"image":{"@id":"https:\/\/exaudi.org\/es\/varsovia-miles-de-personas-en-la-marcha-nacional-por-la-vida-y-la-familia\/#primaryimage"},"thumbnailUrl":"https:\/\/exaudi.org\/wp-content\/uploads\/2023\/06\/Photo2.jpg","datePublished":"2023-06-19T07:02:34+00:00","dateModified":"2023-06-19T07:20:31+00:00","author":{"@id":"https:\/\/exaudi.org\/#\/schema\/person\/f5fc8f063065e38742da7afe15f25df7"},"breadcrumb":{"@id":"https:\/\/exaudi.org\/es\/varsovia-miles-de-personas-en-la-marcha-nacional-por-la-vida-y-la-familia\/#breadcrumb"},"inLanguage":"es","potentialAction":[{"@type":"ReadAction","target":["https:\/\/exaudi.org\/es\/varsovia-miles-de-personas-en-la-marcha-nacional-por-la-vida-y-la-familia\/"]}]},{"@type":"ImageObject","inLanguage":"es","@id":"https:\/\/exaudi.org\/es\/varsovia-miles-de-personas-en-la-marcha-nacional-por-la-vida-y-la-familia\/#primaryimage","url":"https:\/\/exaudi.org\/wp-content\/uploads\/2023\/06\/Photo2.jpg","contentUrl":"https:\/\/exaudi.org\/wp-content\/uploads\/2023\/06\/Photo2.jpg","width":1024,"height":768},{"@type":"BreadcrumbList","@id":"https:\/\/exaudi.org\/es\/varsovia-miles-de-personas-en-la-marcha-nacional-por-la-vida-y-la-familia\/#breadcrumb","itemListElement":[{"@type":"ListItem","position":1,"name":"Portada","item":"https:\/\/exaudi.org\/es\/"},{"@type":"ListItem","position":2,"name":"Varsovia: miles de personas en la Marcha Nacional por la Vida y la Familia"}]},{"@type":"WebSite","@id":"https:\/\/exaudi.org\/#website","url":"https:\/\/exaudi.org\/","name":"Exaudi","description":"News","potentialAction":[{"@type":"SearchAction","target":{"@type":"EntryPoint","urlTemplate":"https:\/\/exaudi.org\/?s={search_term_string}"},"query-input":{"@type":"PropertyValueSpecification","valueRequired":true,"valueName":"search_term_string"}}],"inLanguage":"es"},{"@type":"Person","@id":"https:\/\/exaudi.org\/#\/schema\/person\/f5fc8f063065e38742da7afe15f25df7","name":"Exaudi Redacci\u00f3n","image":{"@type":"ImageObject","inLanguage":"es","@id":"https:\/\/secure.gravatar.com\/avatar\/fe0f6a059fb68d9b3e11bc5850dd4899b1c7492091a3cb6dd9b01b56ad828be2?s=96&d=mm&r=g","url":"https:\/\/secure.gravatar.com\/avatar\/fe0f6a059fb68d9b3e11bc5850dd4899b1c7492091a3cb6dd9b01b56ad828be2?s=96&d=mm&r=g","contentUrl":"https:\/\/secure.gravatar.com\/avatar\/fe0f6a059fb68d9b3e11bc5850dd4899b1c7492091a3cb6dd9b01b56ad828be2?s=96&d=mm&r=g","caption":"Exaudi Redacci\u00f3n"},"description":"\u00bfQu\u00e9 es Exaudi News? Exaudi News es un medio de comunicaci\u00f3n cat\u00f3lico internacional que informa, forma y transforma, diariamente en espa\u00f1ol, ingl\u00e9s e italiano. A trav\u00e9s de noticias, art\u00edculos de an\u00e1lisis y transmisiones en directo de los eventos del Papa, Exaudi busca fortalecer la unidad de los cristianos y contribuir a la evangelizaci\u00f3n del mundo, siempre guiados por la doctrina social de la Iglesia. Trabajamos para acercar la verdad y los valores cristianos a cada rinc\u00f3n del planeta. \u00a1Ay\u00fadanos a transformar el mundo con Exaudi! En Exaudi creemos que la evangelizaci\u00f3n y la informaci\u00f3n de calidad pueden cambiar vidas. Para continuar con nuestra misi\u00f3n y expandir nuestro alcance, necesitamos tu ayuda. Adem\u00e1s, buscamos personas comprometidas que deseen unirse a nuestro equipo. Con tu apoyo, lograremos llegar a m\u00e1s personas, difundir el mensaje de Cristo y reforzar la unidad de los cristianos. \u00bfTe unes a nuestra misi\u00f3n? Para m\u00e1s informaci\u00f3n sobre c\u00f3mo colaborar, visita Exaudi.org\/es o cont\u00e1ctanos directamente: info@exaudi.org Exaudi: Informa, forma y transforma.","sameAs":["https:\/\/www.facebook.com\/ExaudiNoticias\/","https:\/\/www.instagram.com\/exaudi_noticias\/","https:\/\/x.com\/Exaudi_noticias","https:\/\/www.youtube.com\/@exaudicatholicnews"],"url":"https:\/\/exaudi.org\/es\/author\/redaccionexaudi\/"}]}},"jetpack_featured_media_url":"https:\/\/exaudi.org\/wp-content\/uploads\/2023\/06\/Photo2.jpg","jetpack_shortlink":"https:\/\/wp.me\/pgKjF2-ks2","_links":{"self":[{"href":"https:\/\/exaudi.org\/es\/wp-json\/wp\/v2\/posts\/78618","targetHints":{"allow":["GET"]}}],"collection":[{"href":"https:\/\/exaudi.org\/es\/wp-json\/wp\/v2\/posts"}],"about":[{"href":"https:\/\/exaudi.org\/es\/wp-json\/wp\/v2\/types\/post"}],"author":[{"embeddable":true,"href":"https:\/\/exaudi.org\/es\/wp-json\/wp\/v2\/users\/15"}],"replies":[{"embeddable":true,"href":"https:\/\/exaudi.org\/es\/wp-json\/wp\/v2\/comments?post=78618"}],"version-history":[{"count":0,"href":"https:\/\/exaudi.org\/es\/wp-json\/wp\/v2\/posts\/78618\/revisions"}],"wp:featuredmedia":[{"embeddable":true,"href":"https:\/\/exaudi.org\/es\/wp-json\/wp\/v2\/media\/78616"}],"wp:attachment":[{"href":"https:\/\/exaudi.org\/es\/wp-json\/wp\/v2\/media?parent=78618"}],"wp:term":[{"taxonomy":"category","embeddable":true,"href":"https:\/\/exaudi.org\/es\/wp-json\/wp\/v2\/categories?post=78618"},{"taxonomy":"post_tag","embeddable":true,"href":"https:\/\/exaudi.org\/es\/wp-json\/wp\/v2\/tags?post=78618"}],"curies":[{"name":"wp","href":"https:\/\/api.w.org\/{rel}","templated":true}]}}