{"id":78583,"date":"2023-06-18T16:38:16","date_gmt":"2023-06-18T14:38:16","guid":{"rendered":"https:\/\/exaudi.org\/?p=78583"},"modified":"2023-06-18T16:38:16","modified_gmt":"2023-06-18T14:38:16","slug":"su-misericordia-se-extiende-de-generacion-en-generacion","status":"publish","type":"post","link":"https:\/\/exaudi.org\/es\/su-misericordia-se-extiende-de-generacion-en-generacion\/","title":{"rendered":"\u00abSu misericordia se extiende de generaci\u00f3n en generaci\u00f3n\u00bb"},"content":{"rendered":"<p>Publicamos a continuaci\u00f3n el texto del Mensaje del Santo Padre Francisco para la III Jornada Mundial de los Abuelos y de los Ancianos que se celebra el cuarto domingo de julio -este a\u00f1o el 23 de julio- sobre el tema \u00ab<span class=\"title-1\">Su misericordia se extiende de generaci\u00f3n en generaci\u00f3n <\/span>\u00bb\u00a0 <span class=\"title-1\">(<i>Lc\u00a0<\/i><\/span><span class=\"title-1\">1,50<\/span><span class=\"title-1\">)<\/span><\/p>\n<p>***<\/p>\n<h3><strong>Mensaje del Santo Padre<\/strong><\/h3>\n<p><i>Queridos hermanos y hermanas:<\/i><\/p>\n<p>\u00abSu misericordia se extiende de generaci\u00f3n en generaci\u00f3n\u00bb (<i>Lc\u00a0<\/i>1,50): este es el tema de la III Jornada Mundial de los Abuelos y de los Mayores. Es un tema que nos reconduce a aquel encuentro bendito entre la joven Mar\u00eda y su pariente anciana Isabel (cf.\u00a0<i>Lc\u00a0<\/i>1,39-56). Esta, llena del Esp\u00edritu Santo, se dirige a la Madre de Dios con palabras que, a distancia de milenios, acompasan nuestra oraci\u00f3n cotidiana: \u00abBendita t\u00fa eres entre todas las mujeres, y bendito es el fruto de tu vientre\u00bb (v. 42). Y el Esp\u00edritu Santo, que ha descendido ya sobre Mar\u00eda, la impulsa a responder con el\u00a0<i>Magn\u00edficat<\/i>, en el que proclama que la misericordia del Se\u00f1or se extiende de generaci\u00f3n en generaci\u00f3n. El Esp\u00edritu Santo bendice y acompa\u00f1a cada encuentro fecundo entre generaciones distintas, entre abuelos y nietos, entre j\u00f3venes y ancianos. Efectivamente, Dios desea que, como hizo Mar\u00eda con Isabel, los j\u00f3venes alegren el coraz\u00f3n de los ancianos, y que adquieran sabidur\u00eda de sus vivencias. Pero, sobre todo, el Se\u00f1or desea que no dejemos solos a los ancianos, que no los releguemos a los m\u00e1rgenes de la vida, como por desgracia sucede frecuentemente.<\/p>\n<p>Es hermosa, este a\u00f1o, la cercan\u00eda entre la celebraci\u00f3n de la Jornada Mundial de los Abuelos y de los Mayores y la de la Juventud; ambas tienen como tema la \u201cprisa\u201d de Mar\u00eda para ir a visitar a Isabel (cf. v. 39), y de ese modo nos llevan a reflexionar sobre el v\u00ednculo entre los j\u00f3venes y los ancianos. El Se\u00f1or espera que los j\u00f3venes, al encontrarse con los ancianos, acojan la llamada a custodiar la memoria y reconozcan, gracias a ellos, el don de pertenecer a una historia m\u00e1s grande. La amistad con una persona anciana ayuda al joven a no reducir la vida al presente y a recordar que no todo depende de sus capacidades. Para los m\u00e1s ancianos, en cambio, la presencia de un joven les da esperanza de que todo lo que han vivido no se perder\u00e1 y que sus sue\u00f1os pueden realizarse. En definitiva, la visita de Mar\u00eda a Isabel y la conciencia de que la misericordia del Se\u00f1or se transmite de una generaci\u00f3n a la otra revelan que no podemos avanzar \u2014y mucho menos salvarnos\u2014 solos y que la intervenci\u00f3n de Dios se manifiesta siempre en el conjunto, en la historia de un pueblo. Es Mar\u00eda misma quien lo dice en el\u00a0<i>Magn\u00edficat<\/i>, exultando en Dios que ha obrado maravillas nuevas y sorprendentes, fiel a la promesa hecha a Abrah\u00e1n (cf. vv. 51-55).<\/p>\n<p>Para acoger mejor el estilo de actuar de Dios, recordemos que el tiempo tiene que ser vivido en su plenitud, porque las realidades m\u00e1s grandes y los sue\u00f1os m\u00e1s hermosos no se realizan en un momento, sino a trav\u00e9s de un crecimiento y una maduraci\u00f3n; en camino, en di\u00e1logo, en relaci\u00f3n. Por ello, quien se concentra s\u00f3lo en lo inmediato, en conseguir beneficios para s\u00ed r\u00e1pida y \u00e1vidamente, en tener \u201ctodo enseguida\u201d, pierde de vista el actuar de Dios. Su proyecto de amor, por el contrario, atraviesa pasado, presente y futuro, abraza y pone en comunicaci\u00f3n las generaciones. Es un proyecto que va m\u00e1s all\u00e1 de nosotros mismos, pero en el que cada uno de nosotros es importante, y sobre todo est\u00e1 llamado a\u00a0<i>ir m\u00e1s all\u00e1<\/i>. Para los m\u00e1s j\u00f3venes se trata de ir m\u00e1s all\u00e1 de esa inmediatez en la que se confina la realidad virtual, la cual muchas veces distrae de la acci\u00f3n concreta; en el caso de las personas mayores se trata de no hacer hincapi\u00e9 en las fuerzas que decaen y de no lamentarse por las ocasiones perdidas. Miremos hacia adelante. Dej\u00e9monos plasmar por la gracia de Dios que, de generaci\u00f3n en generaci\u00f3n, nos libra del inmovilismo en el actuar y de los remordimientos del pasado.<\/p>\n<p>En el encuentro entre Mar\u00eda e Isabel, entre j\u00f3venes y ancianos, Dios nos da su futuro. El camino de Mar\u00eda y la acogida de Isabel abren las puertas a la manifestaci\u00f3n de la salvaci\u00f3n. A trav\u00e9s de su abrazo, la misericordia de Dios irrumpe con una gozosa mansedumbre en la historia humana. Quisiera pues invitar a cada uno de ustedes a pensar en aquel encuentro, m\u00e1s a\u00fan, a cerrar los ojos y a imaginar, como en una foto, aquel abrazo entre la joven Madre de Dios y la madre anciana de san Juan Bautista; a representarlo en la mente y a visualizarlo en el coraz\u00f3n, para fijarlo en el alma como un luminoso icono interior.<\/p>\n<p>Y los invito adem\u00e1s a pasar de la imaginaci\u00f3n a la realizaci\u00f3n de un gesto concreto para abrazar a los abuelos y a los ancianos. No los dejemos solos, su presencia en las familias y en las comunidades es valiosa, nos da la conciencia de compartir la misma herencia y de formar parte de un pueblo en el que se conservan las ra\u00edces. S\u00ed, son los ancianos quienes nos transmiten la pertenencia al Pueblo santo de Dios. Tanto la Iglesia como la sociedad los necesita. Ellos entregan al presente un pasado necesario para construir el futuro. Honr\u00e9moslos, no nos privemos de su compa\u00f1\u00eda y no los privemos de la nuestra; no permitamos que sean descartados.<\/p>\n<p>La Jornada Mundial de los Abuelos y de los Mayores quiere ser un peque\u00f1o y delicado signo de esperanza para ellos y para toda la Iglesia. Renuevo por ello mi invitaci\u00f3n a todos \u2014di\u00f3cesis, parroquias, asociaciones y comunidades\u2014 a celebrar esta Jornada, poniendo en el centro la alegr\u00eda desbordante de un renovado encuentro entre j\u00f3venes y ancianos. A ustedes, j\u00f3venes, que se est\u00e1n preparando para ir a Lisboa o que vivir\u00e1n la Jornada Mundial de la Juventud en sus lugares de origen, quisiera decirles: antes de ponerse en camino vayan a encontrar a sus abuelos, hagan una visita a un anciano que est\u00e9 solo. Su oraci\u00f3n los proteger\u00e1 y llevar\u00e1n en el coraz\u00f3n la bendici\u00f3n de ese encuentro. A ustedes ancianos les pido que acompa\u00f1en con la oraci\u00f3n a los j\u00f3venes que van a celebrar la JMJ. Estos muchachos son la respuesta de Dios a sus peticiones, el fruto de lo que sembraron, el signo de que Dios no abandona a su pueblo, sino que siempre lo rejuvenece con la fantas\u00eda del Esp\u00edritu Santo.<\/p>\n<p>Queridos abuelos, queridos hermanos y hermanas mayores, que la bendici\u00f3n del abrazo entre Mar\u00eda e Isabel los alcance y colme de paz vuestros corazones. Los bendigo con afecto. Y ustedes, por favor, recen por m\u00ed.<\/p>\n<p><i>Roma, San Juan de Letr\u00e1n, 31 de mayo de 2023, Fiesta de la Visitaci\u00f3n de la Bienaventurada Virgen Mar\u00eda.<\/i><\/p>\n<p>&nbsp;<\/p>\n<p><b>Francisco<\/b><\/p>\n","protected":false},"excerpt":{"rendered":"<p>III D\u00eda Mundial de Abuelos y de los Mayores<\/p>\n","protected":false},"author":15,"featured_media":78584,"comment_status":"closed","ping_status":"closed","sticky":false,"template":"","format":"standard","meta":{"_acf_changed":false,"_crdt_document":"","inline_featured_image":false,"footnotes":""},"categories":[68,118],"tags":[174,158,4953],"class_list":["post-78583","post","type-post","status-publish","format-standard","has-post-thumbnail","hentry","category-leon-xiv","category-mensajes","tag-mensaje","tag-papa-francisco","tag-trending-es"],"acf":[],"yoast_head":"<!-- This site is optimized with the Yoast SEO plugin v27.4 - https:\/\/yoast.com\/product\/yoast-seo-wordpress\/ -->\n<title>&quot;Su misericordia se extiende de generaci\u00f3n en generaci\u00f3n&quot; &#8211; Exaudi<\/title>\n<meta name=\"robots\" content=\"index, follow, max-snippet:-1, max-image-preview:large, max-video-preview:-1\" \/>\n<link rel=\"canonical\" href=\"https:\/\/exaudi.org\/es\/su-misericordia-se-extiende-de-generacion-en-generacion\/\" \/>\n<meta property=\"og:locale\" content=\"es_ES\" \/>\n<meta property=\"og:type\" content=\"article\" \/>\n<meta property=\"og:title\" content=\"&quot;Su misericordia se extiende de generaci\u00f3n en generaci\u00f3n&quot; &#8211; Exaudi\" \/>\n<meta property=\"og:description\" content=\"III D\u00eda Mundial de Abuelos y de los Mayores\" \/>\n<meta property=\"og:url\" content=\"https:\/\/exaudi.org\/es\/su-misericordia-se-extiende-de-generacion-en-generacion\/\" \/>\n<meta property=\"og:site_name\" content=\"Exaudi\" \/>\n<meta property=\"article:publisher\" content=\"https:\/\/www.facebook.com\/ExaudiNews\" \/>\n<meta property=\"article:author\" content=\"https:\/\/www.facebook.com\/ExaudiNoticias\/\" \/>\n<meta property=\"article:published_time\" content=\"2023-06-18T14:38:16+00:00\" \/>\n<meta property=\"og:image\" content=\"https:\/\/exaudi.org\/wp-content\/uploads\/2023\/06\/pexels-magda-ehlers-1307391.jpg\" \/>\n\t<meta property=\"og:image:width\" content=\"768\" \/>\n\t<meta property=\"og:image:height\" content=\"512\" \/>\n\t<meta property=\"og:image:type\" content=\"image\/jpeg\" \/>\n<meta name=\"author\" content=\"Exaudi Redacci\u00f3n\" \/>\n<meta name=\"twitter:card\" content=\"summary_large_image\" \/>\n<meta name=\"twitter:creator\" content=\"@Exaudi_noticias\" \/>\n<meta name=\"twitter:site\" content=\"@Exaudi_News\" \/>\n<meta name=\"twitter:label1\" content=\"Escrito por\" \/>\n\t<meta name=\"twitter:data1\" content=\"Exaudi Redacci\u00f3n\" \/>\n\t<meta name=\"twitter:label2\" content=\"Tiempo de lectura\" \/>\n\t<meta name=\"twitter:data2\" content=\"6 minutos\" \/>\n<script type=\"application\/ld+json\" class=\"yoast-schema-graph\">{\"@context\":\"https:\\\/\\\/schema.org\",\"@graph\":[{\"@type\":\"Article\",\"@id\":\"https:\\\/\\\/exaudi.org\\\/es\\\/su-misericordia-se-extiende-de-generacion-en-generacion\\\/#article\",\"isPartOf\":{\"@id\":\"https:\\\/\\\/exaudi.org\\\/es\\\/su-misericordia-se-extiende-de-generacion-en-generacion\\\/\"},\"author\":{\"name\":\"Exaudi Redacci\u00f3n\",\"@id\":\"https:\\\/\\\/exaudi.org\\\/#\\\/schema\\\/person\\\/f5fc8f063065e38742da7afe15f25df7\"},\"headline\":\"\u00abSu misericordia se extiende de generaci\u00f3n en generaci\u00f3n\u00bb\",\"datePublished\":\"2023-06-18T14:38:16+00:00\",\"mainEntityOfPage\":{\"@id\":\"https:\\\/\\\/exaudi.org\\\/es\\\/su-misericordia-se-extiende-de-generacion-en-generacion\\\/\"},\"wordCount\":1251,\"image\":{\"@id\":\"https:\\\/\\\/exaudi.org\\\/es\\\/su-misericordia-se-extiende-de-generacion-en-generacion\\\/#primaryimage\"},\"thumbnailUrl\":\"https:\\\/\\\/exaudi.org\\\/wp-content\\\/uploads\\\/2023\\\/06\\\/pexels-magda-ehlers-1307391.jpg\",\"keywords\":[\"mensaje\",\"papa francisco\",\"Trending\"],\"articleSection\":[\"Le\u00f3n XIV\",\"Mensajes\"],\"inLanguage\":\"es\"},{\"@type\":\"WebPage\",\"@id\":\"https:\\\/\\\/exaudi.org\\\/es\\\/su-misericordia-se-extiende-de-generacion-en-generacion\\\/\",\"url\":\"https:\\\/\\\/exaudi.org\\\/es\\\/su-misericordia-se-extiende-de-generacion-en-generacion\\\/\",\"name\":\"\\\"Su misericordia se extiende de generaci\u00f3n en generaci\u00f3n\\\" &#8211; Exaudi\",\"isPartOf\":{\"@id\":\"https:\\\/\\\/exaudi.org\\\/#website\"},\"primaryImageOfPage\":{\"@id\":\"https:\\\/\\\/exaudi.org\\\/es\\\/su-misericordia-se-extiende-de-generacion-en-generacion\\\/#primaryimage\"},\"image\":{\"@id\":\"https:\\\/\\\/exaudi.org\\\/es\\\/su-misericordia-se-extiende-de-generacion-en-generacion\\\/#primaryimage\"},\"thumbnailUrl\":\"https:\\\/\\\/exaudi.org\\\/wp-content\\\/uploads\\\/2023\\\/06\\\/pexels-magda-ehlers-1307391.jpg\",\"datePublished\":\"2023-06-18T14:38:16+00:00\",\"author\":{\"@id\":\"https:\\\/\\\/exaudi.org\\\/#\\\/schema\\\/person\\\/f5fc8f063065e38742da7afe15f25df7\"},\"breadcrumb\":{\"@id\":\"https:\\\/\\\/exaudi.org\\\/es\\\/su-misericordia-se-extiende-de-generacion-en-generacion\\\/#breadcrumb\"},\"inLanguage\":\"es\",\"potentialAction\":[{\"@type\":\"ReadAction\",\"target\":[\"https:\\\/\\\/exaudi.org\\\/es\\\/su-misericordia-se-extiende-de-generacion-en-generacion\\\/\"]}]},{\"@type\":\"ImageObject\",\"inLanguage\":\"es\",\"@id\":\"https:\\\/\\\/exaudi.org\\\/es\\\/su-misericordia-se-extiende-de-generacion-en-generacion\\\/#primaryimage\",\"url\":\"https:\\\/\\\/exaudi.org\\\/wp-content\\\/uploads\\\/2023\\\/06\\\/pexels-magda-ehlers-1307391.jpg\",\"contentUrl\":\"https:\\\/\\\/exaudi.org\\\/wp-content\\\/uploads\\\/2023\\\/06\\\/pexels-magda-ehlers-1307391.jpg\",\"width\":768,\"height\":512,\"caption\":\"pexels-magda\"},{\"@type\":\"BreadcrumbList\",\"@id\":\"https:\\\/\\\/exaudi.org\\\/es\\\/su-misericordia-se-extiende-de-generacion-en-generacion\\\/#breadcrumb\",\"itemListElement\":[{\"@type\":\"ListItem\",\"position\":1,\"name\":\"Portada\",\"item\":\"https:\\\/\\\/exaudi.org\\\/es\\\/\"},{\"@type\":\"ListItem\",\"position\":2,\"name\":\"\u00abSu misericordia se extiende de generaci\u00f3n en generaci\u00f3n\u00bb\"}]},{\"@type\":\"WebSite\",\"@id\":\"https:\\\/\\\/exaudi.org\\\/#website\",\"url\":\"https:\\\/\\\/exaudi.org\\\/\",\"name\":\"Exaudi\",\"description\":\"News\",\"potentialAction\":[{\"@type\":\"SearchAction\",\"target\":{\"@type\":\"EntryPoint\",\"urlTemplate\":\"https:\\\/\\\/exaudi.org\\\/?s={search_term_string}\"},\"query-input\":{\"@type\":\"PropertyValueSpecification\",\"valueRequired\":true,\"valueName\":\"search_term_string\"}}],\"inLanguage\":\"es\"},{\"@type\":\"Person\",\"@id\":\"https:\\\/\\\/exaudi.org\\\/#\\\/schema\\\/person\\\/f5fc8f063065e38742da7afe15f25df7\",\"name\":\"Exaudi Redacci\u00f3n\",\"image\":{\"@type\":\"ImageObject\",\"inLanguage\":\"es\",\"@id\":\"https:\\\/\\\/secure.gravatar.com\\\/avatar\\\/fe0f6a059fb68d9b3e11bc5850dd4899b1c7492091a3cb6dd9b01b56ad828be2?s=96&d=mm&r=g\",\"url\":\"https:\\\/\\\/secure.gravatar.com\\\/avatar\\\/fe0f6a059fb68d9b3e11bc5850dd4899b1c7492091a3cb6dd9b01b56ad828be2?s=96&d=mm&r=g\",\"contentUrl\":\"https:\\\/\\\/secure.gravatar.com\\\/avatar\\\/fe0f6a059fb68d9b3e11bc5850dd4899b1c7492091a3cb6dd9b01b56ad828be2?s=96&d=mm&r=g\",\"caption\":\"Exaudi Redacci\u00f3n\"},\"description\":\"\u00bfQu\u00e9 es Exaudi News? Exaudi News es un medio de comunicaci\u00f3n cat\u00f3lico internacional que informa, forma y transforma, diariamente en espa\u00f1ol, ingl\u00e9s e italiano. A trav\u00e9s de noticias, art\u00edculos de an\u00e1lisis y transmisiones en directo de los eventos del Papa, Exaudi busca fortalecer la unidad de los cristianos y contribuir a la evangelizaci\u00f3n del mundo, siempre guiados por la doctrina social de la Iglesia. Trabajamos para acercar la verdad y los valores cristianos a cada rinc\u00f3n del planeta. \u00a1Ay\u00fadanos a transformar el mundo con Exaudi! En Exaudi creemos que la evangelizaci\u00f3n y la informaci\u00f3n de calidad pueden cambiar vidas. Para continuar con nuestra misi\u00f3n y expandir nuestro alcance, necesitamos tu ayuda. Adem\u00e1s, buscamos personas comprometidas que deseen unirse a nuestro equipo. Con tu apoyo, lograremos llegar a m\u00e1s personas, difundir el mensaje de Cristo y reforzar la unidad de los cristianos. \u00bfTe unes a nuestra misi\u00f3n? Para m\u00e1s informaci\u00f3n sobre c\u00f3mo colaborar, visita Exaudi.org\\\/es o cont\u00e1ctanos directamente: info@exaudi.org Exaudi: Informa, forma y transforma.\",\"sameAs\":[\"https:\\\/\\\/www.facebook.com\\\/ExaudiNoticias\\\/\",\"https:\\\/\\\/www.instagram.com\\\/exaudi_noticias\\\/\",\"https:\\\/\\\/x.com\\\/Exaudi_noticias\",\"https:\\\/\\\/www.youtube.com\\\/@exaudicatholicnews\"],\"url\":\"https:\\\/\\\/exaudi.org\\\/es\\\/author\\\/redaccionexaudi\\\/\"}]}<\/script>\n<!-- \/ Yoast SEO plugin. -->","yoast_head_json":{"title":"\"Su misericordia se extiende de generaci\u00f3n en generaci\u00f3n\" &#8211; Exaudi","robots":{"index":"index","follow":"follow","max-snippet":"max-snippet:-1","max-image-preview":"max-image-preview:large","max-video-preview":"max-video-preview:-1"},"canonical":"https:\/\/exaudi.org\/es\/su-misericordia-se-extiende-de-generacion-en-generacion\/","og_locale":"es_ES","og_type":"article","og_title":"\"Su misericordia se extiende de generaci\u00f3n en generaci\u00f3n\" &#8211; Exaudi","og_description":"III D\u00eda Mundial de Abuelos y de los Mayores","og_url":"https:\/\/exaudi.org\/es\/su-misericordia-se-extiende-de-generacion-en-generacion\/","og_site_name":"Exaudi","article_publisher":"https:\/\/www.facebook.com\/ExaudiNews","article_author":"https:\/\/www.facebook.com\/ExaudiNoticias\/","article_published_time":"2023-06-18T14:38:16+00:00","og_image":[{"width":768,"height":512,"url":"https:\/\/exaudi.org\/wp-content\/uploads\/2023\/06\/pexels-magda-ehlers-1307391.jpg","type":"image\/jpeg"}],"author":"Exaudi Redacci\u00f3n","twitter_card":"summary_large_image","twitter_creator":"@Exaudi_noticias","twitter_site":"@Exaudi_News","twitter_misc":{"Escrito por":"Exaudi Redacci\u00f3n","Tiempo de lectura":"6 minutos"},"schema":{"@context":"https:\/\/schema.org","@graph":[{"@type":"Article","@id":"https:\/\/exaudi.org\/es\/su-misericordia-se-extiende-de-generacion-en-generacion\/#article","isPartOf":{"@id":"https:\/\/exaudi.org\/es\/su-misericordia-se-extiende-de-generacion-en-generacion\/"},"author":{"name":"Exaudi Redacci\u00f3n","@id":"https:\/\/exaudi.org\/#\/schema\/person\/f5fc8f063065e38742da7afe15f25df7"},"headline":"\u00abSu misericordia se extiende de generaci\u00f3n en generaci\u00f3n\u00bb","datePublished":"2023-06-18T14:38:16+00:00","mainEntityOfPage":{"@id":"https:\/\/exaudi.org\/es\/su-misericordia-se-extiende-de-generacion-en-generacion\/"},"wordCount":1251,"image":{"@id":"https:\/\/exaudi.org\/es\/su-misericordia-se-extiende-de-generacion-en-generacion\/#primaryimage"},"thumbnailUrl":"https:\/\/exaudi.org\/wp-content\/uploads\/2023\/06\/pexels-magda-ehlers-1307391.jpg","keywords":["mensaje","papa francisco","Trending"],"articleSection":["Le\u00f3n XIV","Mensajes"],"inLanguage":"es"},{"@type":"WebPage","@id":"https:\/\/exaudi.org\/es\/su-misericordia-se-extiende-de-generacion-en-generacion\/","url":"https:\/\/exaudi.org\/es\/su-misericordia-se-extiende-de-generacion-en-generacion\/","name":"\"Su misericordia se extiende de generaci\u00f3n en generaci\u00f3n\" &#8211; Exaudi","isPartOf":{"@id":"https:\/\/exaudi.org\/#website"},"primaryImageOfPage":{"@id":"https:\/\/exaudi.org\/es\/su-misericordia-se-extiende-de-generacion-en-generacion\/#primaryimage"},"image":{"@id":"https:\/\/exaudi.org\/es\/su-misericordia-se-extiende-de-generacion-en-generacion\/#primaryimage"},"thumbnailUrl":"https:\/\/exaudi.org\/wp-content\/uploads\/2023\/06\/pexels-magda-ehlers-1307391.jpg","datePublished":"2023-06-18T14:38:16+00:00","author":{"@id":"https:\/\/exaudi.org\/#\/schema\/person\/f5fc8f063065e38742da7afe15f25df7"},"breadcrumb":{"@id":"https:\/\/exaudi.org\/es\/su-misericordia-se-extiende-de-generacion-en-generacion\/#breadcrumb"},"inLanguage":"es","potentialAction":[{"@type":"ReadAction","target":["https:\/\/exaudi.org\/es\/su-misericordia-se-extiende-de-generacion-en-generacion\/"]}]},{"@type":"ImageObject","inLanguage":"es","@id":"https:\/\/exaudi.org\/es\/su-misericordia-se-extiende-de-generacion-en-generacion\/#primaryimage","url":"https:\/\/exaudi.org\/wp-content\/uploads\/2023\/06\/pexels-magda-ehlers-1307391.jpg","contentUrl":"https:\/\/exaudi.org\/wp-content\/uploads\/2023\/06\/pexels-magda-ehlers-1307391.jpg","width":768,"height":512,"caption":"pexels-magda"},{"@type":"BreadcrumbList","@id":"https:\/\/exaudi.org\/es\/su-misericordia-se-extiende-de-generacion-en-generacion\/#breadcrumb","itemListElement":[{"@type":"ListItem","position":1,"name":"Portada","item":"https:\/\/exaudi.org\/es\/"},{"@type":"ListItem","position":2,"name":"\u00abSu misericordia se extiende de generaci\u00f3n en generaci\u00f3n\u00bb"}]},{"@type":"WebSite","@id":"https:\/\/exaudi.org\/#website","url":"https:\/\/exaudi.org\/","name":"Exaudi","description":"News","potentialAction":[{"@type":"SearchAction","target":{"@type":"EntryPoint","urlTemplate":"https:\/\/exaudi.org\/?s={search_term_string}"},"query-input":{"@type":"PropertyValueSpecification","valueRequired":true,"valueName":"search_term_string"}}],"inLanguage":"es"},{"@type":"Person","@id":"https:\/\/exaudi.org\/#\/schema\/person\/f5fc8f063065e38742da7afe15f25df7","name":"Exaudi Redacci\u00f3n","image":{"@type":"ImageObject","inLanguage":"es","@id":"https:\/\/secure.gravatar.com\/avatar\/fe0f6a059fb68d9b3e11bc5850dd4899b1c7492091a3cb6dd9b01b56ad828be2?s=96&d=mm&r=g","url":"https:\/\/secure.gravatar.com\/avatar\/fe0f6a059fb68d9b3e11bc5850dd4899b1c7492091a3cb6dd9b01b56ad828be2?s=96&d=mm&r=g","contentUrl":"https:\/\/secure.gravatar.com\/avatar\/fe0f6a059fb68d9b3e11bc5850dd4899b1c7492091a3cb6dd9b01b56ad828be2?s=96&d=mm&r=g","caption":"Exaudi Redacci\u00f3n"},"description":"\u00bfQu\u00e9 es Exaudi News? Exaudi News es un medio de comunicaci\u00f3n cat\u00f3lico internacional que informa, forma y transforma, diariamente en espa\u00f1ol, ingl\u00e9s e italiano. A trav\u00e9s de noticias, art\u00edculos de an\u00e1lisis y transmisiones en directo de los eventos del Papa, Exaudi busca fortalecer la unidad de los cristianos y contribuir a la evangelizaci\u00f3n del mundo, siempre guiados por la doctrina social de la Iglesia. Trabajamos para acercar la verdad y los valores cristianos a cada rinc\u00f3n del planeta. \u00a1Ay\u00fadanos a transformar el mundo con Exaudi! En Exaudi creemos que la evangelizaci\u00f3n y la informaci\u00f3n de calidad pueden cambiar vidas. Para continuar con nuestra misi\u00f3n y expandir nuestro alcance, necesitamos tu ayuda. Adem\u00e1s, buscamos personas comprometidas que deseen unirse a nuestro equipo. Con tu apoyo, lograremos llegar a m\u00e1s personas, difundir el mensaje de Cristo y reforzar la unidad de los cristianos. \u00bfTe unes a nuestra misi\u00f3n? Para m\u00e1s informaci\u00f3n sobre c\u00f3mo colaborar, visita Exaudi.org\/es o cont\u00e1ctanos directamente: info@exaudi.org Exaudi: Informa, forma y transforma.","sameAs":["https:\/\/www.facebook.com\/ExaudiNoticias\/","https:\/\/www.instagram.com\/exaudi_noticias\/","https:\/\/x.com\/Exaudi_noticias","https:\/\/www.youtube.com\/@exaudicatholicnews"],"url":"https:\/\/exaudi.org\/es\/author\/redaccionexaudi\/"}]}},"jetpack_featured_media_url":"https:\/\/exaudi.org\/wp-content\/uploads\/2023\/06\/pexels-magda-ehlers-1307391.jpg","jetpack_shortlink":"https:\/\/wp.me\/pgKjF2-krt","_links":{"self":[{"href":"https:\/\/exaudi.org\/es\/wp-json\/wp\/v2\/posts\/78583","targetHints":{"allow":["GET"]}}],"collection":[{"href":"https:\/\/exaudi.org\/es\/wp-json\/wp\/v2\/posts"}],"about":[{"href":"https:\/\/exaudi.org\/es\/wp-json\/wp\/v2\/types\/post"}],"author":[{"embeddable":true,"href":"https:\/\/exaudi.org\/es\/wp-json\/wp\/v2\/users\/15"}],"replies":[{"embeddable":true,"href":"https:\/\/exaudi.org\/es\/wp-json\/wp\/v2\/comments?post=78583"}],"version-history":[{"count":0,"href":"https:\/\/exaudi.org\/es\/wp-json\/wp\/v2\/posts\/78583\/revisions"}],"wp:featuredmedia":[{"embeddable":true,"href":"https:\/\/exaudi.org\/es\/wp-json\/wp\/v2\/media\/78584"}],"wp:attachment":[{"href":"https:\/\/exaudi.org\/es\/wp-json\/wp\/v2\/media?parent=78583"}],"wp:term":[{"taxonomy":"category","embeddable":true,"href":"https:\/\/exaudi.org\/es\/wp-json\/wp\/v2\/categories?post=78583"},{"taxonomy":"post_tag","embeddable":true,"href":"https:\/\/exaudi.org\/es\/wp-json\/wp\/v2\/tags?post=78583"}],"curies":[{"name":"wp","href":"https:\/\/api.w.org\/{rel}","templated":true}]}}