{"id":78145,"date":"2023-06-15T10:00:10","date_gmt":"2023-06-15T08:00:10","guid":{"rendered":"https:\/\/exaudi.org\/?p=78145"},"modified":"2023-06-15T09:41:47","modified_gmt":"2023-06-15T07:41:47","slug":"el-patrimonio-de-un-padre","status":"publish","type":"post","link":"https:\/\/exaudi.org\/es\/el-patrimonio-de-un-padre\/","title":{"rendered":"El patrimonio de un Padre"},"content":{"rendered":"<audio class=\"wp-audio-shortcode\" id=\"audio-78145-1\" preload=\"none\" style=\"width: 100%;\" controls=\"controls\"><source type=\"audio\/mpeg\" src=\"https:\/\/exaudi.org\/wp-content\/uploads\/2023\/06\/El-patrimonio-de-un-Padre-\u00bfPor-que-avanzamos.mp3?_=1\" \/><a href=\"https:\/\/exaudi.org\/wp-content\/uploads\/2023\/06\/El-patrimonio-de-un-Padre-\u00bfPor-que-avanzamos.mp3\">https:\/\/exaudi.org\/wp-content\/uploads\/2023\/06\/El-patrimonio-de-un-Padre-\u00bfPor-que-avanzamos.mp3<\/a><\/audio>\n<p>\u201c\u00bfPor qu\u00e9 avanzamos tan despacio?\u201d, increp\u00f3 con forzada cortes\u00eda al conductor. &#8211; \u201cSer\u00e1 un accidente o los sem\u00e1foros est\u00e1n averiados\u201d, ensay\u00f3 una respuesta \u201cprotocolar\u201d como para darle serenidad.\u00a0 La respuesta no lo apart\u00f3 de sus pensamientos. Con empe\u00f1o y dedicaci\u00f3n hab\u00eda logrado sus metas, a costa de dilatar en mucho el contacto con su padre. Hu\u00e9rfano de madre, la atenci\u00f3n, cari\u00f1o y cercan\u00eda que recibi\u00f3 contrastaban con su falta de agradecimiento, afecto y generosidad que le dispens\u00f3. Ese reproche, hac\u00eda tiempo atr\u00e1s, estrujaba su coraz\u00f3n tanto m\u00e1s fuertemente a medida que se avecinaba el encuentro.<\/p>\n<p>El tr\u00e1nsito segu\u00eda denso. Recuerdos y reproches circulaban a velocidad de crucero por su mente. A medida que avanzaba el veh\u00edculo, una genuina preocupaci\u00f3n le atizaba el coraz\u00f3n: \u201cdespu\u00e9s de tantos a\u00f1os: \u00bfC\u00f3mo me recibir\u00e1? \u00bfQu\u00e9 le dir\u00e9 a mi padre? Ingres\u00f3 a la casa con especial cuidado y, con caminar quedo, se dirigi\u00f3 a la estancia desde donde proven\u00eda un suave sonido musical; de inmediato, la imagen de su padre leyendo mientras escuchaba m\u00fasica cl\u00e1sica se instal\u00f3 en su mente. Respir\u00f3 hondo antes de traspasar el umbral de la puerta. Su padre dormitaba. Control\u00f3 el impulso natural de abrazarlo, besarlo y decirle, no una, muchas veces: gracias y te quiero, pero no se atrevi\u00f3.<\/p>\n<p>Su padre despert\u00f3. Lo mir\u00f3 con ternura y le extendi\u00f3 los brazos. Permanecieron un largo rato fundidos en un gran abrazo. \u00c9l quiso explicarle, darle razones acerca de su proceder. El padre le sonri\u00f3 y, saboreando cada palabra, le dijo: \u201c<em>desde hace mucho tiempo esperaba con ansia este reencuentro\u201d. <\/em>\u00a0Escanci\u00f3 vino en dos copas. No pocas veces \u2013 coment\u00f3 a modo de reflexi\u00f3n &#8211; me he cuestionado mi papel como padre. Tu mam\u00e1 lo ten\u00eda m\u00e1s f\u00e1cil &#8211; sin af\u00e1n de ser simplista- su alegr\u00eda, frescura, ternura, orden, preocupaci\u00f3n por los dem\u00e1s y, un gran etc\u00e9tera, eran diademas con las que te coronaba cotidianamente. Hoy, finalmente, las piezas que componen mi patrimonio como padre se han ensamblado. Las veces que retornaba a casa de buen humor te ense\u00f1aba la val\u00eda del trabajo. Cuando pasabas un mal momento fuera de casa o cuando el miedo te paralizaba, mis brazos te acog\u00edan con actitud serena y decidida, lo que te trasmit\u00eda seguridad y la certeza de que no estabas solo. Cuando me hac\u00edas part\u00edcipe de tus proyectos, no solamente vibraba, te facilitaba los medios, te animaba a poner tus mejores esfuerzos para concretarlos, te ense\u00f1aba la importancia de creer y luchar por tus ideales. Cuando ante una inconducta tuya, te llamaba a atenci\u00f3n, con cari\u00f1o, razones y firmeza, aprend\u00edas a distinguir entre lo correcto y lo incorrecto, la importancia de proteger los valores y de respetar a la autoridad. El amor encarnado a la patria, a las tradiciones, a nuestra cultura e identidad y la honra a nuestros antepasados, constituyen el patrimonio de un padre, pero que se cultiva y trasmite siendo buen hijo. Pocas veces te dije que te quer\u00eda. Espero en silencio haberte preparado para servir a la sociedad y a tus hijos y nietos.<\/p>\n<p><img loading=\"lazy\" decoding=\"async\" class=\"size-full wp-image-78153 aligncenter\" src=\"https:\/\/exaudi.org\/wp-content\/uploads\/2023\/06\/Voces-4.jpg\" alt=\"\" width=\"1080\" height=\"1080\" srcset=\"https:\/\/exaudi.org\/wp-content\/uploads\/2023\/06\/Voces-4.jpg 1080w, https:\/\/exaudi.org\/wp-content\/uploads\/2023\/06\/Voces-4-300x300.jpg 300w, https:\/\/exaudi.org\/wp-content\/uploads\/2023\/06\/Voces-4-1024x1024.jpg 1024w, https:\/\/exaudi.org\/wp-content\/uploads\/2023\/06\/Voces-4-100x100.jpg?crop=1 100w, https:\/\/exaudi.org\/wp-content\/uploads\/2023\/06\/Voces-4-770x770.jpg 770w, https:\/\/exaudi.org\/wp-content\/uploads\/2023\/06\/Voces-4-500x500.jpg 500w, https:\/\/exaudi.org\/wp-content\/uploads\/2023\/06\/Voces-4-293x293.jpg 293w, https:\/\/exaudi.org\/wp-content\/uploads\/2023\/06\/Voces-4-390x390.jpg 390w, https:\/\/exaudi.org\/wp-content\/uploads\/2023\/06\/Voces-4-585x585.jpg 585w, https:\/\/exaudi.org\/wp-content\/uploads\/2023\/06\/Voces-4-900x900.jpg 900w\" sizes=\"auto, (max-width: 1080px) 100vw, 1080px\" \/><\/p>\n","protected":false},"excerpt":{"rendered":"<p>El amor encarnado a la patria, a las tradiciones, a nuestra cultura e identidad y la honra a nuestros antepasados<\/p>\n","protected":false},"author":108,"featured_media":78150,"comment_status":"closed","ping_status":"closed","sticky":false,"template":"","format":"standard","meta":{"_acf_changed":false,"_crdt_document":"","inline_featured_image":false,"footnotes":""},"categories":[130],"tags":[3679,9435,7697,6165,7314,9437,9436,4953],"class_list":["post-78145","post","type-post","status-publish","format-standard","has-post-thumbnail","hentry","category-voces","tag-cultura-es","tag-hijo","tag-identidad","tag-padre","tag-patria","tag-tradicion","tag-tradiciones","tag-trending-es"],"acf":[],"yoast_head":"<!-- This site is optimized with the Yoast SEO plugin v27.5 - https:\/\/yoast.com\/product\/yoast-seo-wordpress\/ -->\n<title>El patrimonio de un Padre &#8211; Exaudi<\/title>\n<meta name=\"robots\" content=\"index, follow, max-snippet:-1, max-image-preview:large, max-video-preview:-1\" \/>\n<link rel=\"canonical\" href=\"https:\/\/exaudi.org\/es\/el-patrimonio-de-un-padre\/\" \/>\n<meta property=\"og:locale\" content=\"es_ES\" \/>\n<meta property=\"og:type\" content=\"article\" \/>\n<meta property=\"og:title\" content=\"El patrimonio de un Padre &#8211; Exaudi\" \/>\n<meta property=\"og:description\" content=\"El amor encarnado a la patria, a las tradiciones, a nuestra cultura e identidad y la honra a nuestros antepasados\" \/>\n<meta property=\"og:url\" content=\"https:\/\/exaudi.org\/es\/el-patrimonio-de-un-padre\/\" \/>\n<meta property=\"og:site_name\" content=\"Exaudi\" \/>\n<meta property=\"article:publisher\" content=\"https:\/\/www.facebook.com\/ExaudiNews\" \/>\n<meta property=\"article:published_time\" content=\"2023-06-15T08:00:10+00:00\" \/>\n<meta property=\"og:image\" content=\"https:\/\/exaudi.org\/wp-content\/uploads\/2023\/06\/pexels-joao-pedro-lisboa-17040652-scaled.jpg\" \/>\n\t<meta property=\"og:image:width\" content=\"2560\" \/>\n\t<meta property=\"og:image:height\" content=\"1707\" \/>\n\t<meta property=\"og:image:type\" content=\"image\/jpeg\" \/>\n<meta name=\"author\" content=\"Edistio C\u00e1mere\" \/>\n<meta name=\"twitter:card\" content=\"summary_large_image\" \/>\n<meta name=\"twitter:creator\" content=\"@Exaudi_News\" \/>\n<meta name=\"twitter:site\" content=\"@Exaudi_News\" \/>\n<meta name=\"twitter:label1\" content=\"Escrito por\" \/>\n\t<meta name=\"twitter:data1\" content=\"Edistio C\u00e1mere\" \/>\n\t<meta name=\"twitter:label2\" content=\"Tiempo de lectura\" \/>\n\t<meta name=\"twitter:data2\" content=\"3 minutos\" \/>\n<script type=\"application\/ld+json\" class=\"yoast-schema-graph\">{\"@context\":\"https:\\\/\\\/schema.org\",\"@graph\":[{\"@type\":\"Article\",\"@id\":\"https:\\\/\\\/exaudi.org\\\/es\\\/el-patrimonio-de-un-padre\\\/#article\",\"isPartOf\":{\"@id\":\"https:\\\/\\\/exaudi.org\\\/es\\\/el-patrimonio-de-un-padre\\\/\"},\"author\":{\"name\":\"Edistio C\u00e1mere\",\"@id\":\"https:\\\/\\\/exaudi.org\\\/#\\\/schema\\\/person\\\/aa92f55756693d1030b8b20e6cc7a60e\"},\"headline\":\"El patrimonio de un Padre\",\"datePublished\":\"2023-06-15T08:00:10+00:00\",\"mainEntityOfPage\":{\"@id\":\"https:\\\/\\\/exaudi.org\\\/es\\\/el-patrimonio-de-un-padre\\\/\"},\"wordCount\":565,\"image\":{\"@id\":\"https:\\\/\\\/exaudi.org\\\/es\\\/el-patrimonio-de-un-padre\\\/#primaryimage\"},\"thumbnailUrl\":\"https:\\\/\\\/exaudi.org\\\/wp-content\\\/uploads\\\/2023\\\/06\\\/pexels-joao-pedro-lisboa-17040652-scaled.jpg\",\"keywords\":[\"cultura\",\"Hijo\",\"identidad\",\"Padre\",\"Patria\",\"Tradici\u00f3n\",\"Tradiciones\",\"Trending\"],\"articleSection\":[\"Voces\"],\"inLanguage\":\"es\"},{\"@type\":\"WebPage\",\"@id\":\"https:\\\/\\\/exaudi.org\\\/es\\\/el-patrimonio-de-un-padre\\\/\",\"url\":\"https:\\\/\\\/exaudi.org\\\/es\\\/el-patrimonio-de-un-padre\\\/\",\"name\":\"El patrimonio de un Padre &#8211; Exaudi\",\"isPartOf\":{\"@id\":\"https:\\\/\\\/exaudi.org\\\/#website\"},\"primaryImageOfPage\":{\"@id\":\"https:\\\/\\\/exaudi.org\\\/es\\\/el-patrimonio-de-un-padre\\\/#primaryimage\"},\"image\":{\"@id\":\"https:\\\/\\\/exaudi.org\\\/es\\\/el-patrimonio-de-un-padre\\\/#primaryimage\"},\"thumbnailUrl\":\"https:\\\/\\\/exaudi.org\\\/wp-content\\\/uploads\\\/2023\\\/06\\\/pexels-joao-pedro-lisboa-17040652-scaled.jpg\",\"datePublished\":\"2023-06-15T08:00:10+00:00\",\"author\":{\"@id\":\"https:\\\/\\\/exaudi.org\\\/#\\\/schema\\\/person\\\/aa92f55756693d1030b8b20e6cc7a60e\"},\"breadcrumb\":{\"@id\":\"https:\\\/\\\/exaudi.org\\\/es\\\/el-patrimonio-de-un-padre\\\/#breadcrumb\"},\"inLanguage\":\"es\",\"potentialAction\":[{\"@type\":\"ReadAction\",\"target\":[\"https:\\\/\\\/exaudi.org\\\/es\\\/el-patrimonio-de-un-padre\\\/\"]}]},{\"@type\":\"ImageObject\",\"inLanguage\":\"es\",\"@id\":\"https:\\\/\\\/exaudi.org\\\/es\\\/el-patrimonio-de-un-padre\\\/#primaryimage\",\"url\":\"https:\\\/\\\/exaudi.org\\\/wp-content\\\/uploads\\\/2023\\\/06\\\/pexels-joao-pedro-lisboa-17040652-scaled.jpg\",\"contentUrl\":\"https:\\\/\\\/exaudi.org\\\/wp-content\\\/uploads\\\/2023\\\/06\\\/pexels-joao-pedro-lisboa-17040652-scaled.jpg\",\"width\":2560,\"height\":1707,\"caption\":\"(C) Pexels\"},{\"@type\":\"BreadcrumbList\",\"@id\":\"https:\\\/\\\/exaudi.org\\\/es\\\/el-patrimonio-de-un-padre\\\/#breadcrumb\",\"itemListElement\":[{\"@type\":\"ListItem\",\"position\":1,\"name\":\"Portada\",\"item\":\"https:\\\/\\\/exaudi.org\\\/es\\\/\"},{\"@type\":\"ListItem\",\"position\":2,\"name\":\"El patrimonio de un Padre\"}]},{\"@type\":\"WebSite\",\"@id\":\"https:\\\/\\\/exaudi.org\\\/#website\",\"url\":\"https:\\\/\\\/exaudi.org\\\/\",\"name\":\"Exaudi\",\"description\":\"News\",\"potentialAction\":[{\"@type\":\"SearchAction\",\"target\":{\"@type\":\"EntryPoint\",\"urlTemplate\":\"https:\\\/\\\/exaudi.org\\\/?s={search_term_string}\"},\"query-input\":{\"@type\":\"PropertyValueSpecification\",\"valueRequired\":true,\"valueName\":\"search_term_string\"}}],\"inLanguage\":\"es\"},{\"@type\":\"Person\",\"@id\":\"https:\\\/\\\/exaudi.org\\\/#\\\/schema\\\/person\\\/aa92f55756693d1030b8b20e6cc7a60e\",\"name\":\"Edistio C\u00e1mere\",\"image\":{\"@type\":\"ImageObject\",\"inLanguage\":\"es\",\"@id\":\"https:\\\/\\\/secure.gravatar.com\\\/avatar\\\/1775fbe340de944caeeb45f274a80a5a62f77fdffaafcadc491856f815f04f35?s=96&d=mm&r=g\",\"url\":\"https:\\\/\\\/secure.gravatar.com\\\/avatar\\\/1775fbe340de944caeeb45f274a80a5a62f77fdffaafcadc491856f815f04f35?s=96&d=mm&r=g\",\"contentUrl\":\"https:\\\/\\\/secure.gravatar.com\\\/avatar\\\/1775fbe340de944caeeb45f274a80a5a62f77fdffaafcadc491856f815f04f35?s=96&d=mm&r=g\",\"caption\":\"Edistio C\u00e1mere\"},\"description\":\"Especialista en Liderazgo y Direcci\u00f3n educativa\",\"url\":\"https:\\\/\\\/exaudi.org\\\/es\\\/author\\\/edistiocamere\\\/\"}]}<\/script>\n<!-- \/ Yoast SEO plugin. -->","yoast_head_json":{"title":"El patrimonio de un Padre &#8211; Exaudi","robots":{"index":"index","follow":"follow","max-snippet":"max-snippet:-1","max-image-preview":"max-image-preview:large","max-video-preview":"max-video-preview:-1"},"canonical":"https:\/\/exaudi.org\/es\/el-patrimonio-de-un-padre\/","og_locale":"es_ES","og_type":"article","og_title":"El patrimonio de un Padre &#8211; Exaudi","og_description":"El amor encarnado a la patria, a las tradiciones, a nuestra cultura e identidad y la honra a nuestros antepasados","og_url":"https:\/\/exaudi.org\/es\/el-patrimonio-de-un-padre\/","og_site_name":"Exaudi","article_publisher":"https:\/\/www.facebook.com\/ExaudiNews","article_published_time":"2023-06-15T08:00:10+00:00","og_image":[{"width":2560,"height":1707,"url":"https:\/\/exaudi.org\/wp-content\/uploads\/2023\/06\/pexels-joao-pedro-lisboa-17040652-scaled.jpg","type":"image\/jpeg"}],"author":"Edistio C\u00e1mere","twitter_card":"summary_large_image","twitter_creator":"@Exaudi_News","twitter_site":"@Exaudi_News","twitter_misc":{"Escrito por":"Edistio C\u00e1mere","Tiempo de lectura":"3 minutos"},"schema":{"@context":"https:\/\/schema.org","@graph":[{"@type":"Article","@id":"https:\/\/exaudi.org\/es\/el-patrimonio-de-un-padre\/#article","isPartOf":{"@id":"https:\/\/exaudi.org\/es\/el-patrimonio-de-un-padre\/"},"author":{"name":"Edistio C\u00e1mere","@id":"https:\/\/exaudi.org\/#\/schema\/person\/aa92f55756693d1030b8b20e6cc7a60e"},"headline":"El patrimonio de un Padre","datePublished":"2023-06-15T08:00:10+00:00","mainEntityOfPage":{"@id":"https:\/\/exaudi.org\/es\/el-patrimonio-de-un-padre\/"},"wordCount":565,"image":{"@id":"https:\/\/exaudi.org\/es\/el-patrimonio-de-un-padre\/#primaryimage"},"thumbnailUrl":"https:\/\/exaudi.org\/wp-content\/uploads\/2023\/06\/pexels-joao-pedro-lisboa-17040652-scaled.jpg","keywords":["cultura","Hijo","identidad","Padre","Patria","Tradici\u00f3n","Tradiciones","Trending"],"articleSection":["Voces"],"inLanguage":"es"},{"@type":"WebPage","@id":"https:\/\/exaudi.org\/es\/el-patrimonio-de-un-padre\/","url":"https:\/\/exaudi.org\/es\/el-patrimonio-de-un-padre\/","name":"El patrimonio de un Padre &#8211; Exaudi","isPartOf":{"@id":"https:\/\/exaudi.org\/#website"},"primaryImageOfPage":{"@id":"https:\/\/exaudi.org\/es\/el-patrimonio-de-un-padre\/#primaryimage"},"image":{"@id":"https:\/\/exaudi.org\/es\/el-patrimonio-de-un-padre\/#primaryimage"},"thumbnailUrl":"https:\/\/exaudi.org\/wp-content\/uploads\/2023\/06\/pexels-joao-pedro-lisboa-17040652-scaled.jpg","datePublished":"2023-06-15T08:00:10+00:00","author":{"@id":"https:\/\/exaudi.org\/#\/schema\/person\/aa92f55756693d1030b8b20e6cc7a60e"},"breadcrumb":{"@id":"https:\/\/exaudi.org\/es\/el-patrimonio-de-un-padre\/#breadcrumb"},"inLanguage":"es","potentialAction":[{"@type":"ReadAction","target":["https:\/\/exaudi.org\/es\/el-patrimonio-de-un-padre\/"]}]},{"@type":"ImageObject","inLanguage":"es","@id":"https:\/\/exaudi.org\/es\/el-patrimonio-de-un-padre\/#primaryimage","url":"https:\/\/exaudi.org\/wp-content\/uploads\/2023\/06\/pexels-joao-pedro-lisboa-17040652-scaled.jpg","contentUrl":"https:\/\/exaudi.org\/wp-content\/uploads\/2023\/06\/pexels-joao-pedro-lisboa-17040652-scaled.jpg","width":2560,"height":1707,"caption":"(C) Pexels"},{"@type":"BreadcrumbList","@id":"https:\/\/exaudi.org\/es\/el-patrimonio-de-un-padre\/#breadcrumb","itemListElement":[{"@type":"ListItem","position":1,"name":"Portada","item":"https:\/\/exaudi.org\/es\/"},{"@type":"ListItem","position":2,"name":"El patrimonio de un Padre"}]},{"@type":"WebSite","@id":"https:\/\/exaudi.org\/#website","url":"https:\/\/exaudi.org\/","name":"Exaudi","description":"News","potentialAction":[{"@type":"SearchAction","target":{"@type":"EntryPoint","urlTemplate":"https:\/\/exaudi.org\/?s={search_term_string}"},"query-input":{"@type":"PropertyValueSpecification","valueRequired":true,"valueName":"search_term_string"}}],"inLanguage":"es"},{"@type":"Person","@id":"https:\/\/exaudi.org\/#\/schema\/person\/aa92f55756693d1030b8b20e6cc7a60e","name":"Edistio C\u00e1mere","image":{"@type":"ImageObject","inLanguage":"es","@id":"https:\/\/secure.gravatar.com\/avatar\/1775fbe340de944caeeb45f274a80a5a62f77fdffaafcadc491856f815f04f35?s=96&d=mm&r=g","url":"https:\/\/secure.gravatar.com\/avatar\/1775fbe340de944caeeb45f274a80a5a62f77fdffaafcadc491856f815f04f35?s=96&d=mm&r=g","contentUrl":"https:\/\/secure.gravatar.com\/avatar\/1775fbe340de944caeeb45f274a80a5a62f77fdffaafcadc491856f815f04f35?s=96&d=mm&r=g","caption":"Edistio C\u00e1mere"},"description":"Especialista en Liderazgo y Direcci\u00f3n educativa","url":"https:\/\/exaudi.org\/es\/author\/edistiocamere\/"}]}},"jetpack_featured_media_url":"https:\/\/exaudi.org\/wp-content\/uploads\/2023\/06\/pexels-joao-pedro-lisboa-17040652-scaled.jpg","jetpack_shortlink":"https:\/\/wp.me\/pgKjF2-kkp","_links":{"self":[{"href":"https:\/\/exaudi.org\/es\/wp-json\/wp\/v2\/posts\/78145","targetHints":{"allow":["GET"]}}],"collection":[{"href":"https:\/\/exaudi.org\/es\/wp-json\/wp\/v2\/posts"}],"about":[{"href":"https:\/\/exaudi.org\/es\/wp-json\/wp\/v2\/types\/post"}],"author":[{"embeddable":true,"href":"https:\/\/exaudi.org\/es\/wp-json\/wp\/v2\/users\/108"}],"replies":[{"embeddable":true,"href":"https:\/\/exaudi.org\/es\/wp-json\/wp\/v2\/comments?post=78145"}],"version-history":[{"count":0,"href":"https:\/\/exaudi.org\/es\/wp-json\/wp\/v2\/posts\/78145\/revisions"}],"wp:featuredmedia":[{"embeddable":true,"href":"https:\/\/exaudi.org\/es\/wp-json\/wp\/v2\/media\/78150"}],"wp:attachment":[{"href":"https:\/\/exaudi.org\/es\/wp-json\/wp\/v2\/media?parent=78145"}],"wp:term":[{"taxonomy":"category","embeddable":true,"href":"https:\/\/exaudi.org\/es\/wp-json\/wp\/v2\/categories?post=78145"},{"taxonomy":"post_tag","embeddable":true,"href":"https:\/\/exaudi.org\/es\/wp-json\/wp\/v2\/tags?post=78145"}],"curies":[{"name":"wp","href":"https:\/\/api.w.org\/{rel}","templated":true}]}}