{"id":78122,"date":"2023-06-14T16:12:25","date_gmt":"2023-06-14T14:12:25","guid":{"rendered":"https:\/\/exaudi.org\/?p=78122"},"modified":"2023-06-15T13:41:42","modified_gmt":"2023-06-15T11:41:42","slug":"se-preve-el-alta-del-papa-francisco-para-los-proximos-dias","status":"publish","type":"post","link":"https:\/\/exaudi.org\/es\/se-preve-el-alta-del-papa-francisco-para-los-proximos-dias\/","title":{"rendered":"Se prev\u00e9 el alta del Papa Francisco para los pr\u00f3ximos d\u00edas"},"content":{"rendered":"<audio class=\"wp-audio-shortcode\" id=\"audio-78122-1\" preload=\"none\" style=\"width: 100%;\" controls=\"controls\"><source type=\"audio\/mpeg\" src=\"https:\/\/exaudi.org\/wp-content\/uploads\/2023\/06\/El-Papa-Francisco-podria-recibir-el-alta-manana-16-1.mp3?_=1\" \/><a href=\"https:\/\/exaudi.org\/wp-content\/uploads\/2023\/06\/El-Papa-Francisco-podria-recibir-el-alta-manana-16-1.mp3\">https:\/\/exaudi.org\/wp-content\/uploads\/2023\/06\/El-Papa-Francisco-podria-recibir-el-alta-manana-16-1.mp3<\/a><\/audio>\n<p>Alrededor del mediod\u00eda de este mi\u00e9rcoles, 14 de junio, el Director de la Oficina de Prensa de la Santa Sede, Matteo Bruni, dio a conocer que,\u00a0<i>\u201cel Santo Padre ha descansado bien durante la noche\u201d<\/i>, tras haber sido sometido a una laparotom\u00eda y a una intervenci\u00f3n quir\u00fargica pl\u00e1stica de la pared abdominal con pr\u00f3tesis, el pasado 7 de junio, en el Policl\u00ednico Gemelli de Roma.<\/p>\n<p>En el comunicado difundido por la Oficina de Prensa del Vaticano, tambi\u00e9n se inform\u00f3 que, seg\u00fan el personal m\u00e9dico\u00a0<i>\u201cel curso cl\u00ednico se desarrolla con regularidad, sin complicaciones, por lo que se prev\u00e9 su alta para los pr\u00f3ximos d\u00edas\u201d<\/i>.<\/p>\n<p>Asimismo, se se\u00f1ala que,\u00a0<i>\u201cdurante la ma\u00f1ana, el Santo Padre se dedic\u00f3 a sus actividades de trabajo. Antes del almuerzo\u00a0<\/i>\u2013 se lee en la nota de prensa \u2013<i>\u00a0se dirigi\u00f3 a la capilla del departamento privado, donde se recogi\u00f3 en oraci\u00f3n y recibi\u00f3 la Eucarist\u00eda\u00bb<\/i>.<\/p>\n<h2><b>Las palabras del cirujano Alfieri<\/b><\/h2>\n<p>El profesor Sergio Alfieri, el cirujano que oper\u00f3 al Papa en 2021 de estenosis diverticular y hace una semana, ya se hab\u00eda pronunciado sobre el tema del alta del hospital en una rueda de prensa celebrada el s\u00e1bado 10 de junio en el Hospital Gemelli. Interrogado por los periodistas, el especialista explic\u00f3 que la sugerencia de los m\u00e9dicos al Papa era que permaneciera al menos una semana, tras \u00abuna cuidadosa convalecencia\u00bb dirigida a \u00abel menor esfuerzo de la pared abdominal para permitir que la malla prot\u00e9sica que se le ha implantado y la reparaci\u00f3n de la fascia muscular cicatricen de forma \u00f3ptima\u00bb. Precisamente por este motivo, el personal m\u00e9dico y el asistente sanitario personal del Papa, Massimiliano Strappetti, le hab\u00edan aconsejado que no hiciera el \u00abesfuerzo\u00bb de rezar el \u00c1ngelus desde el balc\u00f3n del Policl\u00ednico el pasado domingo 12 de junio. Y fue por este motivo por el que intentaron dejar descansar todo lo posible al Pont\u00edfice, que recuper\u00f3 inmediatamente la movilidad, pero permaneci\u00f3 la mayor parte del tiempo en un sill\u00f3n, seg\u00fan se inform\u00f3 en anteriores comunicados vaticanos.<\/p>\n<h2><b>Cuidadosa convalecencia<\/b><\/h2>\n<p>Alfieri volvi\u00f3 a explicar que, al menos hasta ese d\u00eda, no estaba prevista ninguna fecha de alta pero que el Papa \u00abest\u00e1 bien\u00bb y \u00abpor lo tanto no excluyo que si a mitad de semana dice: &#8216;Estoy bien quiero irme&#8217;. Es sin embargo el Papa quien decide, aclar\u00f3 el m\u00e9dico a los periodistas: \u00abNo es alguien a quien se le pueda imponer, se le puede sugerir y luego \u00e9l decide\u00bb. \u00abNos agradar\u00eda -a\u00f1adi\u00f3- para estar seguros de que cuando regrese a Santa Marta lo haga en las mejores condiciones, que pueda hacer una larga convalecencia aqu\u00ed en el hospital, una semana m\u00e1s. Tengan en cuenta, adem\u00e1s, que los procesos de cicatrizaci\u00f3n para todos nosotros terminan despu\u00e9s de tres meses,\u00a0 entonces no es que queramos tenerlo aqu\u00ed tres meses, pero teniendo en cuenta que comparado con otras personas de su edad, no es que llega a su casa y se sienta frente al televisor a jugar, cuando llega a su casa, es el jefe del Gobierno, el jefe de la Iglesia, del cristianismo, una persona que a sus 86 a\u00f1os tiene responsabilidades importantes y por lo tanto es muy importante que regrese f\u00edsicamente fuerte\u00bb. \u00abSi la convalecencia es cuidadosa\u00bb, dijo Alfieri, \u00abla recuperaci\u00f3n ser\u00e1 buena\u00bb.<\/p>\n","protected":false},"excerpt":{"rendered":"<p>La esperada noticia ha sido anunciada por el personal m\u00e9dico que sigue el curso cl\u00ednico del Pont\u00edfice<\/p>\n","protected":false},"author":15,"featured_media":69246,"comment_status":"closed","ping_status":"closed","sticky":false,"template":"","format":"standard","meta":{"_acf_changed":false,"_crdt_document":"","inline_featured_image":false,"footnotes":""},"categories":[68],"tags":[9434,8790,3167,158,512,4953],"class_list":["post-78122","post","type-post","status-publish","format-standard","has-post-thumbnail","hentry","category-leon-xiv","tag-alfieri","tag-gemelli-3","tag-medicina","tag-papa-francisco","tag-salud","tag-trending-es"],"acf":[],"yoast_head":"<!-- This site is optimized with the Yoast SEO plugin v27.4 - https:\/\/yoast.com\/product\/yoast-seo-wordpress\/ -->\n<title>Se prev\u00e9 el alta del Papa Francisco para los pr\u00f3ximos d\u00edas &#8211; Exaudi<\/title>\n<meta name=\"robots\" content=\"index, follow, max-snippet:-1, max-image-preview:large, max-video-preview:-1\" \/>\n<link rel=\"canonical\" href=\"https:\/\/exaudi.org\/es\/se-preve-el-alta-del-papa-francisco-para-los-proximos-dias\/\" \/>\n<meta property=\"og:locale\" content=\"es_ES\" \/>\n<meta property=\"og:type\" content=\"article\" \/>\n<meta property=\"og:title\" content=\"Se prev\u00e9 el alta del Papa Francisco para los pr\u00f3ximos d\u00edas &#8211; Exaudi\" \/>\n<meta property=\"og:description\" content=\"La esperada noticia ha sido anunciada por el personal m\u00e9dico que sigue el curso cl\u00ednico del Pont\u00edfice\" \/>\n<meta property=\"og:url\" content=\"https:\/\/exaudi.org\/es\/se-preve-el-alta-del-papa-francisco-para-los-proximos-dias\/\" \/>\n<meta property=\"og:site_name\" content=\"Exaudi\" \/>\n<meta property=\"article:publisher\" content=\"https:\/\/www.facebook.com\/ExaudiNews\" \/>\n<meta property=\"article:author\" content=\"https:\/\/www.facebook.com\/ExaudiNoticias\/\" \/>\n<meta property=\"article:published_time\" content=\"2023-06-14T14:12:25+00:00\" \/>\n<meta property=\"article:modified_time\" content=\"2023-06-15T11:41:42+00:00\" \/>\n<meta property=\"og:image\" content=\"https:\/\/exaudi.org\/wp-content\/uploads\/2023\/01\/cq5dam.thumbnail.cropped.1500.844-2-1.jpeg\" \/>\n\t<meta property=\"og:image:width\" content=\"1500\" \/>\n\t<meta property=\"og:image:height\" content=\"844\" \/>\n\t<meta property=\"og:image:type\" content=\"image\/jpeg\" \/>\n<meta name=\"author\" content=\"Exaudi Redacci\u00f3n\" \/>\n<meta name=\"twitter:card\" content=\"summary_large_image\" \/>\n<meta name=\"twitter:creator\" content=\"@Exaudi_noticias\" \/>\n<meta name=\"twitter:site\" content=\"@Exaudi_News\" \/>\n<meta name=\"twitter:label1\" content=\"Escrito por\" \/>\n\t<meta name=\"twitter:data1\" content=\"Exaudi Redacci\u00f3n\" \/>\n\t<meta name=\"twitter:label2\" content=\"Tiempo de lectura\" \/>\n\t<meta name=\"twitter:data2\" content=\"3 minutos\" \/>\n<script type=\"application\/ld+json\" class=\"yoast-schema-graph\">{\"@context\":\"https:\\\/\\\/schema.org\",\"@graph\":[{\"@type\":\"Article\",\"@id\":\"https:\\\/\\\/exaudi.org\\\/es\\\/se-preve-el-alta-del-papa-francisco-para-los-proximos-dias\\\/#article\",\"isPartOf\":{\"@id\":\"https:\\\/\\\/exaudi.org\\\/es\\\/se-preve-el-alta-del-papa-francisco-para-los-proximos-dias\\\/\"},\"author\":{\"name\":\"Exaudi Redacci\u00f3n\",\"@id\":\"https:\\\/\\\/exaudi.org\\\/#\\\/schema\\\/person\\\/f5fc8f063065e38742da7afe15f25df7\"},\"headline\":\"Se prev\u00e9 el alta del Papa Francisco para los pr\u00f3ximos d\u00edas\",\"datePublished\":\"2023-06-14T14:12:25+00:00\",\"dateModified\":\"2023-06-15T11:41:42+00:00\",\"mainEntityOfPage\":{\"@id\":\"https:\\\/\\\/exaudi.org\\\/es\\\/se-preve-el-alta-del-papa-francisco-para-los-proximos-dias\\\/\"},\"wordCount\":598,\"image\":{\"@id\":\"https:\\\/\\\/exaudi.org\\\/es\\\/se-preve-el-alta-del-papa-francisco-para-los-proximos-dias\\\/#primaryimage\"},\"thumbnailUrl\":\"https:\\\/\\\/exaudi.org\\\/wp-content\\\/uploads\\\/2023\\\/01\\\/cq5dam.thumbnail.cropped.1500.844-2-1.jpeg\",\"keywords\":[\"Alfieri\",\"Gemelli\",\"Medicina\",\"papa francisco\",\"Salud\",\"Trending\"],\"articleSection\":[\"Le\u00f3n XIV\"],\"inLanguage\":\"es\"},{\"@type\":\"WebPage\",\"@id\":\"https:\\\/\\\/exaudi.org\\\/es\\\/se-preve-el-alta-del-papa-francisco-para-los-proximos-dias\\\/\",\"url\":\"https:\\\/\\\/exaudi.org\\\/es\\\/se-preve-el-alta-del-papa-francisco-para-los-proximos-dias\\\/\",\"name\":\"Se prev\u00e9 el alta del Papa Francisco para los pr\u00f3ximos d\u00edas &#8211; Exaudi\",\"isPartOf\":{\"@id\":\"https:\\\/\\\/exaudi.org\\\/#website\"},\"primaryImageOfPage\":{\"@id\":\"https:\\\/\\\/exaudi.org\\\/es\\\/se-preve-el-alta-del-papa-francisco-para-los-proximos-dias\\\/#primaryimage\"},\"image\":{\"@id\":\"https:\\\/\\\/exaudi.org\\\/es\\\/se-preve-el-alta-del-papa-francisco-para-los-proximos-dias\\\/#primaryimage\"},\"thumbnailUrl\":\"https:\\\/\\\/exaudi.org\\\/wp-content\\\/uploads\\\/2023\\\/01\\\/cq5dam.thumbnail.cropped.1500.844-2-1.jpeg\",\"datePublished\":\"2023-06-14T14:12:25+00:00\",\"dateModified\":\"2023-06-15T11:41:42+00:00\",\"author\":{\"@id\":\"https:\\\/\\\/exaudi.org\\\/#\\\/schema\\\/person\\\/f5fc8f063065e38742da7afe15f25df7\"},\"breadcrumb\":{\"@id\":\"https:\\\/\\\/exaudi.org\\\/es\\\/se-preve-el-alta-del-papa-francisco-para-los-proximos-dias\\\/#breadcrumb\"},\"inLanguage\":\"es\",\"potentialAction\":[{\"@type\":\"ReadAction\",\"target\":[\"https:\\\/\\\/exaudi.org\\\/es\\\/se-preve-el-alta-del-papa-francisco-para-los-proximos-dias\\\/\"]}]},{\"@type\":\"ImageObject\",\"inLanguage\":\"es\",\"@id\":\"https:\\\/\\\/exaudi.org\\\/es\\\/se-preve-el-alta-del-papa-francisco-para-los-proximos-dias\\\/#primaryimage\",\"url\":\"https:\\\/\\\/exaudi.org\\\/wp-content\\\/uploads\\\/2023\\\/01\\\/cq5dam.thumbnail.cropped.1500.844-2-1.jpeg\",\"contentUrl\":\"https:\\\/\\\/exaudi.org\\\/wp-content\\\/uploads\\\/2023\\\/01\\\/cq5dam.thumbnail.cropped.1500.844-2-1.jpeg\",\"width\":1500,\"height\":844,\"caption\":\"Papa Francisco \u00a9 Vatican Media\"},{\"@type\":\"BreadcrumbList\",\"@id\":\"https:\\\/\\\/exaudi.org\\\/es\\\/se-preve-el-alta-del-papa-francisco-para-los-proximos-dias\\\/#breadcrumb\",\"itemListElement\":[{\"@type\":\"ListItem\",\"position\":1,\"name\":\"Portada\",\"item\":\"https:\\\/\\\/exaudi.org\\\/es\\\/\"},{\"@type\":\"ListItem\",\"position\":2,\"name\":\"Se prev\u00e9 el alta del Papa Francisco para los pr\u00f3ximos d\u00edas\"}]},{\"@type\":\"WebSite\",\"@id\":\"https:\\\/\\\/exaudi.org\\\/#website\",\"url\":\"https:\\\/\\\/exaudi.org\\\/\",\"name\":\"Exaudi\",\"description\":\"News\",\"potentialAction\":[{\"@type\":\"SearchAction\",\"target\":{\"@type\":\"EntryPoint\",\"urlTemplate\":\"https:\\\/\\\/exaudi.org\\\/?s={search_term_string}\"},\"query-input\":{\"@type\":\"PropertyValueSpecification\",\"valueRequired\":true,\"valueName\":\"search_term_string\"}}],\"inLanguage\":\"es\"},{\"@type\":\"Person\",\"@id\":\"https:\\\/\\\/exaudi.org\\\/#\\\/schema\\\/person\\\/f5fc8f063065e38742da7afe15f25df7\",\"name\":\"Exaudi Redacci\u00f3n\",\"image\":{\"@type\":\"ImageObject\",\"inLanguage\":\"es\",\"@id\":\"https:\\\/\\\/secure.gravatar.com\\\/avatar\\\/fe0f6a059fb68d9b3e11bc5850dd4899b1c7492091a3cb6dd9b01b56ad828be2?s=96&d=mm&r=g\",\"url\":\"https:\\\/\\\/secure.gravatar.com\\\/avatar\\\/fe0f6a059fb68d9b3e11bc5850dd4899b1c7492091a3cb6dd9b01b56ad828be2?s=96&d=mm&r=g\",\"contentUrl\":\"https:\\\/\\\/secure.gravatar.com\\\/avatar\\\/fe0f6a059fb68d9b3e11bc5850dd4899b1c7492091a3cb6dd9b01b56ad828be2?s=96&d=mm&r=g\",\"caption\":\"Exaudi Redacci\u00f3n\"},\"description\":\"\u00bfQu\u00e9 es Exaudi News? Exaudi News es un medio de comunicaci\u00f3n cat\u00f3lico internacional que informa, forma y transforma, diariamente en espa\u00f1ol, ingl\u00e9s e italiano. A trav\u00e9s de noticias, art\u00edculos de an\u00e1lisis y transmisiones en directo de los eventos del Papa, Exaudi busca fortalecer la unidad de los cristianos y contribuir a la evangelizaci\u00f3n del mundo, siempre guiados por la doctrina social de la Iglesia. Trabajamos para acercar la verdad y los valores cristianos a cada rinc\u00f3n del planeta. \u00a1Ay\u00fadanos a transformar el mundo con Exaudi! En Exaudi creemos que la evangelizaci\u00f3n y la informaci\u00f3n de calidad pueden cambiar vidas. Para continuar con nuestra misi\u00f3n y expandir nuestro alcance, necesitamos tu ayuda. Adem\u00e1s, buscamos personas comprometidas que deseen unirse a nuestro equipo. Con tu apoyo, lograremos llegar a m\u00e1s personas, difundir el mensaje de Cristo y reforzar la unidad de los cristianos. \u00bfTe unes a nuestra misi\u00f3n? Para m\u00e1s informaci\u00f3n sobre c\u00f3mo colaborar, visita Exaudi.org\\\/es o cont\u00e1ctanos directamente: info@exaudi.org Exaudi: Informa, forma y transforma.\",\"sameAs\":[\"https:\\\/\\\/www.facebook.com\\\/ExaudiNoticias\\\/\",\"https:\\\/\\\/www.instagram.com\\\/exaudi_noticias\\\/\",\"https:\\\/\\\/x.com\\\/Exaudi_noticias\",\"https:\\\/\\\/www.youtube.com\\\/@exaudicatholicnews\"],\"url\":\"https:\\\/\\\/exaudi.org\\\/es\\\/author\\\/redaccionexaudi\\\/\"}]}<\/script>\n<!-- \/ Yoast SEO plugin. -->","yoast_head_json":{"title":"Se prev\u00e9 el alta del Papa Francisco para los pr\u00f3ximos d\u00edas &#8211; Exaudi","robots":{"index":"index","follow":"follow","max-snippet":"max-snippet:-1","max-image-preview":"max-image-preview:large","max-video-preview":"max-video-preview:-1"},"canonical":"https:\/\/exaudi.org\/es\/se-preve-el-alta-del-papa-francisco-para-los-proximos-dias\/","og_locale":"es_ES","og_type":"article","og_title":"Se prev\u00e9 el alta del Papa Francisco para los pr\u00f3ximos d\u00edas &#8211; Exaudi","og_description":"La esperada noticia ha sido anunciada por el personal m\u00e9dico que sigue el curso cl\u00ednico del Pont\u00edfice","og_url":"https:\/\/exaudi.org\/es\/se-preve-el-alta-del-papa-francisco-para-los-proximos-dias\/","og_site_name":"Exaudi","article_publisher":"https:\/\/www.facebook.com\/ExaudiNews","article_author":"https:\/\/www.facebook.com\/ExaudiNoticias\/","article_published_time":"2023-06-14T14:12:25+00:00","article_modified_time":"2023-06-15T11:41:42+00:00","og_image":[{"width":1500,"height":844,"url":"https:\/\/exaudi.org\/wp-content\/uploads\/2023\/01\/cq5dam.thumbnail.cropped.1500.844-2-1.jpeg","type":"image\/jpeg"}],"author":"Exaudi Redacci\u00f3n","twitter_card":"summary_large_image","twitter_creator":"@Exaudi_noticias","twitter_site":"@Exaudi_News","twitter_misc":{"Escrito por":"Exaudi Redacci\u00f3n","Tiempo de lectura":"3 minutos"},"schema":{"@context":"https:\/\/schema.org","@graph":[{"@type":"Article","@id":"https:\/\/exaudi.org\/es\/se-preve-el-alta-del-papa-francisco-para-los-proximos-dias\/#article","isPartOf":{"@id":"https:\/\/exaudi.org\/es\/se-preve-el-alta-del-papa-francisco-para-los-proximos-dias\/"},"author":{"name":"Exaudi Redacci\u00f3n","@id":"https:\/\/exaudi.org\/#\/schema\/person\/f5fc8f063065e38742da7afe15f25df7"},"headline":"Se prev\u00e9 el alta del Papa Francisco para los pr\u00f3ximos d\u00edas","datePublished":"2023-06-14T14:12:25+00:00","dateModified":"2023-06-15T11:41:42+00:00","mainEntityOfPage":{"@id":"https:\/\/exaudi.org\/es\/se-preve-el-alta-del-papa-francisco-para-los-proximos-dias\/"},"wordCount":598,"image":{"@id":"https:\/\/exaudi.org\/es\/se-preve-el-alta-del-papa-francisco-para-los-proximos-dias\/#primaryimage"},"thumbnailUrl":"https:\/\/exaudi.org\/wp-content\/uploads\/2023\/01\/cq5dam.thumbnail.cropped.1500.844-2-1.jpeg","keywords":["Alfieri","Gemelli","Medicina","papa francisco","Salud","Trending"],"articleSection":["Le\u00f3n XIV"],"inLanguage":"es"},{"@type":"WebPage","@id":"https:\/\/exaudi.org\/es\/se-preve-el-alta-del-papa-francisco-para-los-proximos-dias\/","url":"https:\/\/exaudi.org\/es\/se-preve-el-alta-del-papa-francisco-para-los-proximos-dias\/","name":"Se prev\u00e9 el alta del Papa Francisco para los pr\u00f3ximos d\u00edas &#8211; Exaudi","isPartOf":{"@id":"https:\/\/exaudi.org\/#website"},"primaryImageOfPage":{"@id":"https:\/\/exaudi.org\/es\/se-preve-el-alta-del-papa-francisco-para-los-proximos-dias\/#primaryimage"},"image":{"@id":"https:\/\/exaudi.org\/es\/se-preve-el-alta-del-papa-francisco-para-los-proximos-dias\/#primaryimage"},"thumbnailUrl":"https:\/\/exaudi.org\/wp-content\/uploads\/2023\/01\/cq5dam.thumbnail.cropped.1500.844-2-1.jpeg","datePublished":"2023-06-14T14:12:25+00:00","dateModified":"2023-06-15T11:41:42+00:00","author":{"@id":"https:\/\/exaudi.org\/#\/schema\/person\/f5fc8f063065e38742da7afe15f25df7"},"breadcrumb":{"@id":"https:\/\/exaudi.org\/es\/se-preve-el-alta-del-papa-francisco-para-los-proximos-dias\/#breadcrumb"},"inLanguage":"es","potentialAction":[{"@type":"ReadAction","target":["https:\/\/exaudi.org\/es\/se-preve-el-alta-del-papa-francisco-para-los-proximos-dias\/"]}]},{"@type":"ImageObject","inLanguage":"es","@id":"https:\/\/exaudi.org\/es\/se-preve-el-alta-del-papa-francisco-para-los-proximos-dias\/#primaryimage","url":"https:\/\/exaudi.org\/wp-content\/uploads\/2023\/01\/cq5dam.thumbnail.cropped.1500.844-2-1.jpeg","contentUrl":"https:\/\/exaudi.org\/wp-content\/uploads\/2023\/01\/cq5dam.thumbnail.cropped.1500.844-2-1.jpeg","width":1500,"height":844,"caption":"Papa Francisco \u00a9 Vatican Media"},{"@type":"BreadcrumbList","@id":"https:\/\/exaudi.org\/es\/se-preve-el-alta-del-papa-francisco-para-los-proximos-dias\/#breadcrumb","itemListElement":[{"@type":"ListItem","position":1,"name":"Portada","item":"https:\/\/exaudi.org\/es\/"},{"@type":"ListItem","position":2,"name":"Se prev\u00e9 el alta del Papa Francisco para los pr\u00f3ximos d\u00edas"}]},{"@type":"WebSite","@id":"https:\/\/exaudi.org\/#website","url":"https:\/\/exaudi.org\/","name":"Exaudi","description":"News","potentialAction":[{"@type":"SearchAction","target":{"@type":"EntryPoint","urlTemplate":"https:\/\/exaudi.org\/?s={search_term_string}"},"query-input":{"@type":"PropertyValueSpecification","valueRequired":true,"valueName":"search_term_string"}}],"inLanguage":"es"},{"@type":"Person","@id":"https:\/\/exaudi.org\/#\/schema\/person\/f5fc8f063065e38742da7afe15f25df7","name":"Exaudi Redacci\u00f3n","image":{"@type":"ImageObject","inLanguage":"es","@id":"https:\/\/secure.gravatar.com\/avatar\/fe0f6a059fb68d9b3e11bc5850dd4899b1c7492091a3cb6dd9b01b56ad828be2?s=96&d=mm&r=g","url":"https:\/\/secure.gravatar.com\/avatar\/fe0f6a059fb68d9b3e11bc5850dd4899b1c7492091a3cb6dd9b01b56ad828be2?s=96&d=mm&r=g","contentUrl":"https:\/\/secure.gravatar.com\/avatar\/fe0f6a059fb68d9b3e11bc5850dd4899b1c7492091a3cb6dd9b01b56ad828be2?s=96&d=mm&r=g","caption":"Exaudi Redacci\u00f3n"},"description":"\u00bfQu\u00e9 es Exaudi News? Exaudi News es un medio de comunicaci\u00f3n cat\u00f3lico internacional que informa, forma y transforma, diariamente en espa\u00f1ol, ingl\u00e9s e italiano. A trav\u00e9s de noticias, art\u00edculos de an\u00e1lisis y transmisiones en directo de los eventos del Papa, Exaudi busca fortalecer la unidad de los cristianos y contribuir a la evangelizaci\u00f3n del mundo, siempre guiados por la doctrina social de la Iglesia. Trabajamos para acercar la verdad y los valores cristianos a cada rinc\u00f3n del planeta. \u00a1Ay\u00fadanos a transformar el mundo con Exaudi! En Exaudi creemos que la evangelizaci\u00f3n y la informaci\u00f3n de calidad pueden cambiar vidas. Para continuar con nuestra misi\u00f3n y expandir nuestro alcance, necesitamos tu ayuda. Adem\u00e1s, buscamos personas comprometidas que deseen unirse a nuestro equipo. Con tu apoyo, lograremos llegar a m\u00e1s personas, difundir el mensaje de Cristo y reforzar la unidad de los cristianos. \u00bfTe unes a nuestra misi\u00f3n? Para m\u00e1s informaci\u00f3n sobre c\u00f3mo colaborar, visita Exaudi.org\/es o cont\u00e1ctanos directamente: info@exaudi.org Exaudi: Informa, forma y transforma.","sameAs":["https:\/\/www.facebook.com\/ExaudiNoticias\/","https:\/\/www.instagram.com\/exaudi_noticias\/","https:\/\/x.com\/Exaudi_noticias","https:\/\/www.youtube.com\/@exaudicatholicnews"],"url":"https:\/\/exaudi.org\/es\/author\/redaccionexaudi\/"}]}},"jetpack_featured_media_url":"https:\/\/exaudi.org\/wp-content\/uploads\/2023\/01\/cq5dam.thumbnail.cropped.1500.844-2-1.jpeg","jetpack_shortlink":"https:\/\/wp.me\/pgKjF2-kk2","_links":{"self":[{"href":"https:\/\/exaudi.org\/es\/wp-json\/wp\/v2\/posts\/78122","targetHints":{"allow":["GET"]}}],"collection":[{"href":"https:\/\/exaudi.org\/es\/wp-json\/wp\/v2\/posts"}],"about":[{"href":"https:\/\/exaudi.org\/es\/wp-json\/wp\/v2\/types\/post"}],"author":[{"embeddable":true,"href":"https:\/\/exaudi.org\/es\/wp-json\/wp\/v2\/users\/15"}],"replies":[{"embeddable":true,"href":"https:\/\/exaudi.org\/es\/wp-json\/wp\/v2\/comments?post=78122"}],"version-history":[{"count":0,"href":"https:\/\/exaudi.org\/es\/wp-json\/wp\/v2\/posts\/78122\/revisions"}],"wp:featuredmedia":[{"embeddable":true,"href":"https:\/\/exaudi.org\/es\/wp-json\/wp\/v2\/media\/69246"}],"wp:attachment":[{"href":"https:\/\/exaudi.org\/es\/wp-json\/wp\/v2\/media?parent=78122"}],"wp:term":[{"taxonomy":"category","embeddable":true,"href":"https:\/\/exaudi.org\/es\/wp-json\/wp\/v2\/categories?post=78122"},{"taxonomy":"post_tag","embeddable":true,"href":"https:\/\/exaudi.org\/es\/wp-json\/wp\/v2\/tags?post=78122"}],"curies":[{"name":"wp","href":"https:\/\/api.w.org\/{rel}","templated":true}]}}