{"id":77962,"date":"2023-06-13T09:21:54","date_gmt":"2023-06-13T07:21:54","guid":{"rendered":"https:\/\/exaudi.org\/?p=77962"},"modified":"2023-06-13T09:22:09","modified_gmt":"2023-06-13T07:22:09","slug":"conversos-si-perfectos-no","status":"publish","type":"post","link":"https:\/\/exaudi.org\/es\/conversos-si-perfectos-no\/","title":{"rendered":"Conversos, s\u00ed; perfectos, no"},"content":{"rendered":"<audio class=\"wp-audio-shortcode\" id=\"audio-77962-1\" preload=\"none\" style=\"width: 100%;\" controls=\"controls\"><source type=\"audio\/mpeg\" src=\"https:\/\/exaudi.org\/wp-content\/uploads\/2023\/06\/Conversos-si-perfectos-no-Siete-escritores.mp3?_=1\" \/><a href=\"https:\/\/exaudi.org\/wp-content\/uploads\/2023\/06\/Conversos-si-perfectos-no-Siete-escritores.mp3\">https:\/\/exaudi.org\/wp-content\/uploads\/2023\/06\/Conversos-si-perfectos-no-Siete-escritores.mp3<\/a><\/audio>\n<p data-adtags-visited=\"true\">Despu\u00e9s de mucha b\u00fasqueda y paciencia consegu\u00ed el libro de Carlos Pujol, \u201cSiete escritores conversos\u201d (Palabra, 1995). Carlos Pujol no tiene pierde: novelista, poeta, traductor, ensayista. Pluma \u00e1gil y fresca, amante de las auroras de la vida, sin desconocer sus crep\u00fasculos. Desfilan por sus p\u00e1ginas algunas instant\u00e1neas biogr\u00e1ficas de grandes escritores conversos al catolicismo. Cada uno en su tinta, en sus luces y sombras. A varios de ellos les he dedicado algunos art\u00edculos: Joseph Joubert y su \u201cPensamientos\u201d -aforismos sabios y con mucha libertad de esp\u00edritu-, L\u00e9on Bloy y su \u201cCartas a mi novia\u201d -escritos sin el ce\u00f1o fruncido-, Max Jacob y su \u201cConsejos a un joven poeta\u201d -tambi\u00e9n est\u00e1 sus consejos a un estudiante-, Evelyn Waugh y su \u201cRetorno a Brideshead\u201d -de mis novelas predilectas-, G. K. Chesterton -muchas entradas en mi blog celebrando su alegr\u00eda e ingenio-. Me quedan dos: Edith Sitwell y Gerard M. Hopkins, ambos poetas.<\/p>\n<p data-adtags-visited=\"true\">Edith Sitwell (1887-1964) es todo un personaje. A la vanguardia de su tiempo. Exc\u00e9ntrica, disruptiva, contra corriente. Sus hermanos Osbert y Sacheverell no se quedaban atr\u00e1s. Dice Pujol que \u201cenemigos no les faltaban, sobre todo a Edith, que era con mucho la m\u00e1s popular, y su independencia, su af\u00e1n de estar en todas las salsas art\u00edsticas y su aspecto m\u00e1s bien estramb\u00f3tico, era f\u00e1cil para la caricatura. Sus amigos la sab\u00edan delicada de salud (la columna vertebral, el coraz\u00f3n), sensible, fr\u00e1gil, t\u00edmida, insegura, pero tambi\u00e9n capaz de defenderse con buenos ara\u00f1azos\u201d.<\/p>\n<p data-adtags-visited=\"true\">Edith, despu\u00e9s de dar vueltas por el mundo, llega a la Iglesia de Roma bastante tarde, en 1955. \u201cQu\u00e9 necia fui al no haberme decidido a\u00f1os atr\u00e1s, dice, y explica que la serenidad de las caras de las campesinas rezando en las iglesias de Italia fue una de las cosas que le movi\u00f3 a dar este paso\u201d. \u201cRezar -dice Edith- siempre me ha resultado dif\u00edcil. Quiero decir que me siento muy lejos, como si estuviera hablando en la oscuridad. Pero conf\u00edo que esto pase. Cuando pienso en Dios no me siento lejos de \u00c9l\u201d. A lo que Pujol anota: \u201cLa conversi\u00f3n es imparable, no le resuelve todas sus ansiedades, ni la convierte en un abrir y cerrar de ojos en un ser ang\u00e9lico, es la misma Edith desazonada y llena de man\u00edas, que va hacia Dios y su Iglesia sin dudar ni un segundo\u201d. Probablemente, la suya no es una vida de santoral, pero s\u00ed es la narrativa de un caminante que, en medio de sus quiebres existenciales, consigue recoger sencillas florecillas del campo para ofrecerlas a su Se\u00f1or.<\/p>\n<p data-adtags-visited=\"true\">El itinerario de Gerard Manley Hopkins (1844-1889) es distinto. Graduado en Oxford, un anglicano que asiste a misa en una iglesia cat\u00f3lica. Sus inquietudes espirituales toman cuerpo y \u201cel 13 de octubre -anota Pujol- sus padres se enteraban por correo de su conversi\u00f3n como de un hecho ya consumado, y se lo tomaron muy mal (\u2026) Traicionaba a los suyos, pon\u00eda en peligro su carrera, se lanzaba a una aventura personal de consecuencias nefastas. Quien quer\u00eda ser alguien en Inglaterra no se hac\u00eda cat\u00f3lico, apart\u00e1ndose as\u00ed del camino com\u00fan, \u00a1y un joven tan dotado como \u00e9l!\u201d. Su periplo contin\u00faa e ingresa a los jesuitas. All\u00ed, entre estudios y pr\u00e1cticas pastorales con poco \u00e9xito, recomienza su actividad po\u00e9tica. Tiene una salud fr\u00e1gil, adem\u00e1s de continuas postraciones nerviosas. Se siente viejo muy pronto. Enferma gravemente. Pide el vi\u00e1tico \u201cy se le oy\u00f3 decir dos o tres veces: soy tan feliz, soy tan feliz\u201d. Una vida corta, no exenta de dificultades. Sus poemas se publican p\u00f3stumamente, reconoci\u00e9ndoselo como uno de los grandes poetas ingleses.<\/p>\n<p data-adtags-visited=\"true\">Siete escritores conversos, cuyas historias conmueven y arrancan sonrisas, silencios y reflexiones en el lector.<\/p>\n","protected":false},"excerpt":{"rendered":"<p>Siete escritores conversos, cuyas historias conmueven y arrancan sonrisas, silencios y reflexiones<\/p>\n","protected":false},"author":109,"featured_media":77963,"comment_status":"closed","ping_status":"closed","sticky":false,"template":"","format":"standard","meta":{"_acf_changed":false,"_crdt_document":"","inline_featured_image":false,"footnotes":""},"categories":[130],"tags":[8422,9424,9423,9422,9421,4953],"class_list":["post-77962","post","type-post","status-publish","format-standard","has-post-thumbnail","hentry","category-voces","tag-catolicismo","tag-conversos","tag-hopkins","tag-pujol","tag-sitwell","tag-trending-es"],"acf":[],"yoast_head":"<!-- This site is optimized with the Yoast SEO plugin v27.4 - https:\/\/yoast.com\/product\/yoast-seo-wordpress\/ -->\n<title>Conversos, s\u00ed; perfectos, no &#8211; Exaudi<\/title>\n<meta name=\"robots\" content=\"index, follow, max-snippet:-1, max-image-preview:large, max-video-preview:-1\" \/>\n<link rel=\"canonical\" href=\"https:\/\/exaudi.org\/es\/conversos-si-perfectos-no\/\" \/>\n<meta property=\"og:locale\" content=\"es_ES\" \/>\n<meta property=\"og:type\" content=\"article\" \/>\n<meta property=\"og:title\" content=\"Conversos, s\u00ed; perfectos, no &#8211; Exaudi\" \/>\n<meta property=\"og:description\" content=\"Siete escritores conversos, cuyas historias conmueven y arrancan sonrisas, silencios y reflexiones\" \/>\n<meta property=\"og:url\" content=\"https:\/\/exaudi.org\/es\/conversos-si-perfectos-no\/\" \/>\n<meta property=\"og:site_name\" content=\"Exaudi\" \/>\n<meta property=\"article:publisher\" content=\"https:\/\/www.facebook.com\/ExaudiNews\" \/>\n<meta property=\"article:published_time\" content=\"2023-06-13T07:21:54+00:00\" \/>\n<meta property=\"article:modified_time\" content=\"2023-06-13T07:22:09+00:00\" \/>\n<meta property=\"og:image\" content=\"https:\/\/exaudi.org\/wp-content\/uploads\/2023\/06\/pexels-miguel-a-padrinan-2882687-scaled.jpg\" \/>\n\t<meta property=\"og:image:width\" content=\"2560\" \/>\n\t<meta property=\"og:image:height\" content=\"1702\" \/>\n\t<meta property=\"og:image:type\" content=\"image\/jpeg\" \/>\n<meta name=\"author\" content=\"Francisco Bobadilla\" \/>\n<meta name=\"twitter:card\" content=\"summary_large_image\" \/>\n<meta name=\"twitter:creator\" content=\"@Exaudi_News\" \/>\n<meta name=\"twitter:site\" content=\"@Exaudi_News\" \/>\n<meta name=\"twitter:label1\" content=\"Escrito por\" \/>\n\t<meta name=\"twitter:data1\" content=\"Francisco Bobadilla\" \/>\n\t<meta name=\"twitter:label2\" content=\"Tiempo de lectura\" \/>\n\t<meta name=\"twitter:data2\" content=\"3 minutos\" \/>\n<script type=\"application\/ld+json\" class=\"yoast-schema-graph\">{\"@context\":\"https:\\\/\\\/schema.org\",\"@graph\":[{\"@type\":\"Article\",\"@id\":\"https:\\\/\\\/exaudi.org\\\/es\\\/conversos-si-perfectos-no\\\/#article\",\"isPartOf\":{\"@id\":\"https:\\\/\\\/exaudi.org\\\/es\\\/conversos-si-perfectos-no\\\/\"},\"author\":{\"name\":\"Francisco Bobadilla\",\"@id\":\"https:\\\/\\\/exaudi.org\\\/#\\\/schema\\\/person\\\/f2d4ad1e1e2bb7dad42a623b75b7166b\"},\"headline\":\"Conversos, s\u00ed; perfectos, no\",\"datePublished\":\"2023-06-13T07:21:54+00:00\",\"dateModified\":\"2023-06-13T07:22:09+00:00\",\"mainEntityOfPage\":{\"@id\":\"https:\\\/\\\/exaudi.org\\\/es\\\/conversos-si-perfectos-no\\\/\"},\"wordCount\":667,\"image\":{\"@id\":\"https:\\\/\\\/exaudi.org\\\/es\\\/conversos-si-perfectos-no\\\/#primaryimage\"},\"thumbnailUrl\":\"https:\\\/\\\/exaudi.org\\\/wp-content\\\/uploads\\\/2023\\\/06\\\/pexels-miguel-a-padrinan-2882687-scaled.jpg\",\"keywords\":[\"Catolicismo\",\"Conversos\",\"Hopkins\",\"Pujol\",\"Sitwell\",\"Trending\"],\"articleSection\":[\"Voces\"],\"inLanguage\":\"es\"},{\"@type\":\"WebPage\",\"@id\":\"https:\\\/\\\/exaudi.org\\\/es\\\/conversos-si-perfectos-no\\\/\",\"url\":\"https:\\\/\\\/exaudi.org\\\/es\\\/conversos-si-perfectos-no\\\/\",\"name\":\"Conversos, s\u00ed; perfectos, no &#8211; Exaudi\",\"isPartOf\":{\"@id\":\"https:\\\/\\\/exaudi.org\\\/#website\"},\"primaryImageOfPage\":{\"@id\":\"https:\\\/\\\/exaudi.org\\\/es\\\/conversos-si-perfectos-no\\\/#primaryimage\"},\"image\":{\"@id\":\"https:\\\/\\\/exaudi.org\\\/es\\\/conversos-si-perfectos-no\\\/#primaryimage\"},\"thumbnailUrl\":\"https:\\\/\\\/exaudi.org\\\/wp-content\\\/uploads\\\/2023\\\/06\\\/pexels-miguel-a-padrinan-2882687-scaled.jpg\",\"datePublished\":\"2023-06-13T07:21:54+00:00\",\"dateModified\":\"2023-06-13T07:22:09+00:00\",\"author\":{\"@id\":\"https:\\\/\\\/exaudi.org\\\/#\\\/schema\\\/person\\\/f2d4ad1e1e2bb7dad42a623b75b7166b\"},\"breadcrumb\":{\"@id\":\"https:\\\/\\\/exaudi.org\\\/es\\\/conversos-si-perfectos-no\\\/#breadcrumb\"},\"inLanguage\":\"es\",\"potentialAction\":[{\"@type\":\"ReadAction\",\"target\":[\"https:\\\/\\\/exaudi.org\\\/es\\\/conversos-si-perfectos-no\\\/\"]}]},{\"@type\":\"ImageObject\",\"inLanguage\":\"es\",\"@id\":\"https:\\\/\\\/exaudi.org\\\/es\\\/conversos-si-perfectos-no\\\/#primaryimage\",\"url\":\"https:\\\/\\\/exaudi.org\\\/wp-content\\\/uploads\\\/2023\\\/06\\\/pexels-miguel-a-padrinan-2882687-scaled.jpg\",\"contentUrl\":\"https:\\\/\\\/exaudi.org\\\/wp-content\\\/uploads\\\/2023\\\/06\\\/pexels-miguel-a-padrinan-2882687-scaled.jpg\",\"width\":2560,\"height\":1702,\"caption\":\"(C) Pexels\"},{\"@type\":\"BreadcrumbList\",\"@id\":\"https:\\\/\\\/exaudi.org\\\/es\\\/conversos-si-perfectos-no\\\/#breadcrumb\",\"itemListElement\":[{\"@type\":\"ListItem\",\"position\":1,\"name\":\"Portada\",\"item\":\"https:\\\/\\\/exaudi.org\\\/es\\\/\"},{\"@type\":\"ListItem\",\"position\":2,\"name\":\"Conversos, s\u00ed; perfectos, no\"}]},{\"@type\":\"WebSite\",\"@id\":\"https:\\\/\\\/exaudi.org\\\/#website\",\"url\":\"https:\\\/\\\/exaudi.org\\\/\",\"name\":\"Exaudi\",\"description\":\"News\",\"potentialAction\":[{\"@type\":\"SearchAction\",\"target\":{\"@type\":\"EntryPoint\",\"urlTemplate\":\"https:\\\/\\\/exaudi.org\\\/?s={search_term_string}\"},\"query-input\":{\"@type\":\"PropertyValueSpecification\",\"valueRequired\":true,\"valueName\":\"search_term_string\"}}],\"inLanguage\":\"es\"},{\"@type\":\"Person\",\"@id\":\"https:\\\/\\\/exaudi.org\\\/#\\\/schema\\\/person\\\/f2d4ad1e1e2bb7dad42a623b75b7166b\",\"name\":\"Francisco Bobadilla\",\"image\":{\"@type\":\"ImageObject\",\"inLanguage\":\"es\",\"@id\":\"https:\\\/\\\/secure.gravatar.com\\\/avatar\\\/8d65d74eeda045f5ef133a25b739fed12768ab871a0ddb2772cf98408d61ee37?s=96&d=mm&r=g\",\"url\":\"https:\\\/\\\/secure.gravatar.com\\\/avatar\\\/8d65d74eeda045f5ef133a25b739fed12768ab871a0ddb2772cf98408d61ee37?s=96&d=mm&r=g\",\"contentUrl\":\"https:\\\/\\\/secure.gravatar.com\\\/avatar\\\/8d65d74eeda045f5ef133a25b739fed12768ab871a0ddb2772cf98408d61ee37?s=96&d=mm&r=g\",\"caption\":\"Francisco Bobadilla\"},\"description\":\"Francisco Bobadilla es profesor principal de la Universidad de Piura, donde dicta clases para el pre-grado y posgrado. Interesado en las Humanidades y en la dimensi\u00f3n \u00e9tica de la conducta humana. Lector habitual, de cuyas lecturas se nutre en gran parte este blog. Es autor, entre otros, de los libros \u201cPasi\u00f3n por la Excelencia\u201d, \u201cEmpresas con alma\u201d, \u00abProgreso econ\u00f3mico y desarrollo humano\u00bb, \u00abEl C\u00f3digo da Vinci: de la ficci\u00f3n a la realidad\u00bb; \u00abLa disponibilidad de los derechos de la personalidad\u00bb. Abogado y Master en Derecho Civil por la PUCP, doctor en Derecho por la Universidad de Zaragoza; Licenciado en Ciencias de la Informaci\u00f3n por la Universidad de Piura. Sus temas: pensamiento pol\u00edtico y social, \u00e9tica y cultura, derechos de la persona.\",\"sameAs\":[\"https:\\\/\\\/tertuliaabierta.wordpress.com\\\/\"],\"url\":\"https:\\\/\\\/exaudi.org\\\/es\\\/author\\\/francisco-bobadilla\\\/\"}]}<\/script>\n<!-- \/ Yoast SEO plugin. -->","yoast_head_json":{"title":"Conversos, s\u00ed; perfectos, no &#8211; Exaudi","robots":{"index":"index","follow":"follow","max-snippet":"max-snippet:-1","max-image-preview":"max-image-preview:large","max-video-preview":"max-video-preview:-1"},"canonical":"https:\/\/exaudi.org\/es\/conversos-si-perfectos-no\/","og_locale":"es_ES","og_type":"article","og_title":"Conversos, s\u00ed; perfectos, no &#8211; Exaudi","og_description":"Siete escritores conversos, cuyas historias conmueven y arrancan sonrisas, silencios y reflexiones","og_url":"https:\/\/exaudi.org\/es\/conversos-si-perfectos-no\/","og_site_name":"Exaudi","article_publisher":"https:\/\/www.facebook.com\/ExaudiNews","article_published_time":"2023-06-13T07:21:54+00:00","article_modified_time":"2023-06-13T07:22:09+00:00","og_image":[{"width":2560,"height":1702,"url":"https:\/\/exaudi.org\/wp-content\/uploads\/2023\/06\/pexels-miguel-a-padrinan-2882687-scaled.jpg","type":"image\/jpeg"}],"author":"Francisco Bobadilla","twitter_card":"summary_large_image","twitter_creator":"@Exaudi_News","twitter_site":"@Exaudi_News","twitter_misc":{"Escrito por":"Francisco Bobadilla","Tiempo de lectura":"3 minutos"},"schema":{"@context":"https:\/\/schema.org","@graph":[{"@type":"Article","@id":"https:\/\/exaudi.org\/es\/conversos-si-perfectos-no\/#article","isPartOf":{"@id":"https:\/\/exaudi.org\/es\/conversos-si-perfectos-no\/"},"author":{"name":"Francisco Bobadilla","@id":"https:\/\/exaudi.org\/#\/schema\/person\/f2d4ad1e1e2bb7dad42a623b75b7166b"},"headline":"Conversos, s\u00ed; perfectos, no","datePublished":"2023-06-13T07:21:54+00:00","dateModified":"2023-06-13T07:22:09+00:00","mainEntityOfPage":{"@id":"https:\/\/exaudi.org\/es\/conversos-si-perfectos-no\/"},"wordCount":667,"image":{"@id":"https:\/\/exaudi.org\/es\/conversos-si-perfectos-no\/#primaryimage"},"thumbnailUrl":"https:\/\/exaudi.org\/wp-content\/uploads\/2023\/06\/pexels-miguel-a-padrinan-2882687-scaled.jpg","keywords":["Catolicismo","Conversos","Hopkins","Pujol","Sitwell","Trending"],"articleSection":["Voces"],"inLanguage":"es"},{"@type":"WebPage","@id":"https:\/\/exaudi.org\/es\/conversos-si-perfectos-no\/","url":"https:\/\/exaudi.org\/es\/conversos-si-perfectos-no\/","name":"Conversos, s\u00ed; perfectos, no &#8211; Exaudi","isPartOf":{"@id":"https:\/\/exaudi.org\/#website"},"primaryImageOfPage":{"@id":"https:\/\/exaudi.org\/es\/conversos-si-perfectos-no\/#primaryimage"},"image":{"@id":"https:\/\/exaudi.org\/es\/conversos-si-perfectos-no\/#primaryimage"},"thumbnailUrl":"https:\/\/exaudi.org\/wp-content\/uploads\/2023\/06\/pexels-miguel-a-padrinan-2882687-scaled.jpg","datePublished":"2023-06-13T07:21:54+00:00","dateModified":"2023-06-13T07:22:09+00:00","author":{"@id":"https:\/\/exaudi.org\/#\/schema\/person\/f2d4ad1e1e2bb7dad42a623b75b7166b"},"breadcrumb":{"@id":"https:\/\/exaudi.org\/es\/conversos-si-perfectos-no\/#breadcrumb"},"inLanguage":"es","potentialAction":[{"@type":"ReadAction","target":["https:\/\/exaudi.org\/es\/conversos-si-perfectos-no\/"]}]},{"@type":"ImageObject","inLanguage":"es","@id":"https:\/\/exaudi.org\/es\/conversos-si-perfectos-no\/#primaryimage","url":"https:\/\/exaudi.org\/wp-content\/uploads\/2023\/06\/pexels-miguel-a-padrinan-2882687-scaled.jpg","contentUrl":"https:\/\/exaudi.org\/wp-content\/uploads\/2023\/06\/pexels-miguel-a-padrinan-2882687-scaled.jpg","width":2560,"height":1702,"caption":"(C) Pexels"},{"@type":"BreadcrumbList","@id":"https:\/\/exaudi.org\/es\/conversos-si-perfectos-no\/#breadcrumb","itemListElement":[{"@type":"ListItem","position":1,"name":"Portada","item":"https:\/\/exaudi.org\/es\/"},{"@type":"ListItem","position":2,"name":"Conversos, s\u00ed; perfectos, no"}]},{"@type":"WebSite","@id":"https:\/\/exaudi.org\/#website","url":"https:\/\/exaudi.org\/","name":"Exaudi","description":"News","potentialAction":[{"@type":"SearchAction","target":{"@type":"EntryPoint","urlTemplate":"https:\/\/exaudi.org\/?s={search_term_string}"},"query-input":{"@type":"PropertyValueSpecification","valueRequired":true,"valueName":"search_term_string"}}],"inLanguage":"es"},{"@type":"Person","@id":"https:\/\/exaudi.org\/#\/schema\/person\/f2d4ad1e1e2bb7dad42a623b75b7166b","name":"Francisco Bobadilla","image":{"@type":"ImageObject","inLanguage":"es","@id":"https:\/\/secure.gravatar.com\/avatar\/8d65d74eeda045f5ef133a25b739fed12768ab871a0ddb2772cf98408d61ee37?s=96&d=mm&r=g","url":"https:\/\/secure.gravatar.com\/avatar\/8d65d74eeda045f5ef133a25b739fed12768ab871a0ddb2772cf98408d61ee37?s=96&d=mm&r=g","contentUrl":"https:\/\/secure.gravatar.com\/avatar\/8d65d74eeda045f5ef133a25b739fed12768ab871a0ddb2772cf98408d61ee37?s=96&d=mm&r=g","caption":"Francisco Bobadilla"},"description":"Francisco Bobadilla es profesor principal de la Universidad de Piura, donde dicta clases para el pre-grado y posgrado. Interesado en las Humanidades y en la dimensi\u00f3n \u00e9tica de la conducta humana. Lector habitual, de cuyas lecturas se nutre en gran parte este blog. Es autor, entre otros, de los libros \u201cPasi\u00f3n por la Excelencia\u201d, \u201cEmpresas con alma\u201d, \u00abProgreso econ\u00f3mico y desarrollo humano\u00bb, \u00abEl C\u00f3digo da Vinci: de la ficci\u00f3n a la realidad\u00bb; \u00abLa disponibilidad de los derechos de la personalidad\u00bb. Abogado y Master en Derecho Civil por la PUCP, doctor en Derecho por la Universidad de Zaragoza; Licenciado en Ciencias de la Informaci\u00f3n por la Universidad de Piura. Sus temas: pensamiento pol\u00edtico y social, \u00e9tica y cultura, derechos de la persona.","sameAs":["https:\/\/tertuliaabierta.wordpress.com\/"],"url":"https:\/\/exaudi.org\/es\/author\/francisco-bobadilla\/"}]}},"jetpack_featured_media_url":"https:\/\/exaudi.org\/wp-content\/uploads\/2023\/06\/pexels-miguel-a-padrinan-2882687-scaled.jpg","jetpack_shortlink":"https:\/\/wp.me\/pgKjF2-khs","_links":{"self":[{"href":"https:\/\/exaudi.org\/es\/wp-json\/wp\/v2\/posts\/77962","targetHints":{"allow":["GET"]}}],"collection":[{"href":"https:\/\/exaudi.org\/es\/wp-json\/wp\/v2\/posts"}],"about":[{"href":"https:\/\/exaudi.org\/es\/wp-json\/wp\/v2\/types\/post"}],"author":[{"embeddable":true,"href":"https:\/\/exaudi.org\/es\/wp-json\/wp\/v2\/users\/109"}],"replies":[{"embeddable":true,"href":"https:\/\/exaudi.org\/es\/wp-json\/wp\/v2\/comments?post=77962"}],"version-history":[{"count":0,"href":"https:\/\/exaudi.org\/es\/wp-json\/wp\/v2\/posts\/77962\/revisions"}],"wp:featuredmedia":[{"embeddable":true,"href":"https:\/\/exaudi.org\/es\/wp-json\/wp\/v2\/media\/77963"}],"wp:attachment":[{"href":"https:\/\/exaudi.org\/es\/wp-json\/wp\/v2\/media?parent=77962"}],"wp:term":[{"taxonomy":"category","embeddable":true,"href":"https:\/\/exaudi.org\/es\/wp-json\/wp\/v2\/categories?post=77962"},{"taxonomy":"post_tag","embeddable":true,"href":"https:\/\/exaudi.org\/es\/wp-json\/wp\/v2\/tags?post=77962"}],"curies":[{"name":"wp","href":"https:\/\/api.w.org\/{rel}","templated":true}]}}