{"id":77947,"date":"2023-06-13T08:58:03","date_gmt":"2023-06-13T06:58:03","guid":{"rendered":"https:\/\/exaudi.org\/?p=77947"},"modified":"2023-06-13T08:58:03","modified_gmt":"2023-06-13T06:58:03","slug":"el-cambio-de-sexo-no-es-posible","status":"publish","type":"post","link":"https:\/\/exaudi.org\/es\/el-cambio-de-sexo-no-es-posible\/","title":{"rendered":"El cambio de sexo no es posible"},"content":{"rendered":"<audio class=\"wp-audio-shortcode\" id=\"audio-77947-1\" preload=\"none\" style=\"width: 100%;\" controls=\"controls\"><source type=\"audio\/mpeg\" src=\"https:\/\/exaudi.org\/wp-content\/uploads\/2023\/06\/NUEVOS-Y-GRAVES-EFECTOS-SECUNDARIOS-EN-LA-TRANSICION-DE-GENERO-EN-NINOS-Y-ADOLESCENTES.mp3?_=1\" \/><a href=\"https:\/\/exaudi.org\/wp-content\/uploads\/2023\/06\/NUEVOS-Y-GRAVES-EFECTOS-SECUNDARIOS-EN-LA-TRANSICION-DE-GENERO-EN-NINOS-Y-ADOLESCENTES.mp3\">https:\/\/exaudi.org\/wp-content\/uploads\/2023\/06\/NUEVOS-Y-GRAVES-EFECTOS-SECUNDARIOS-EN-LA-TRANSICION-DE-GENERO-EN-NINOS-Y-ADOLESCENTES.mp3<\/a><\/audio>\n<p>Julio Tudela, Director del Observatorio de Bio\u00e9tica de la Universidad Cat\u00f3lica de Valencia, ha afirmado en una entrevista publicada en YouTube para el canal de<strong>\u00a0<a href=\"https:\/\/www.youtube.com\/watch?v=6kxab-uFpkY\" target=\"_blank\" rel=\"noopener\">La verdad os har\u00e1 libres<\/a><\/strong>, que los f\u00e1rmacos empleados para el\u00a0bloqueo puberal, que\u00a0no est\u00e1n autorizados para este uso en casos de disforia de g\u00e9nero, sino que lo est\u00e1n para tratar los casos de pubertad precoz, pueden producir\u00a0graves alteraciones en el desarrollo del cerebro de los adolescentes, tanto a corto como a largo plazo.<\/p>\n<p>\u00abEn el proceso madurativo de un adolescente se implica todo su cuerpo, su estructura \u00f3sea, su sistema metab\u00f3lico-endocrino y su sistema nervioso, es decir, su cerebro. Es una fase que est\u00e1 mediada por hormonas. Por tanto,\u00a0los f\u00e1rmacos que bloquean la pubertad contrarrestan los efectos de estas hormonas\u00a0y alteran los procesos madurativos en el adolescente\u00bb.<\/p>\n<h2><strong>Efectos secundarios incalculables<\/strong><\/h2>\n<p>Para Tudela, el uso de este tipo de bloqueadores puede conllevar consecuencias muy perjudiciales. \u00abEstos f\u00e1rmacos no est\u00e1n autorizados para este uso,\u00a0son f\u00e1rmacos que se usan en casos de pubertad precoz. Si se usan en los casos de disforia, se van a utilizar mucho m\u00e1s tiempo, y los efectos secundarios a largo plazo ser\u00e1n incalculables\u00bb, advierte.<\/p>\n<p>\u00abLos tratamientos que se est\u00e1n utilizando provocan que muchos caracteres f\u00edsicos vayan a ser modificados,\u00a0no vamos a dejar que las hormonas de la pubertad hagan<\/p>\n<p><a href=\"https:\/\/www.observatoriobioetica.org\/wp-content\/uploads\/2018\/12\/bannercerebros.jpg\" data-caption=\"\"><img loading=\"lazy\" decoding=\"async\" class=\"wp-image-29326 alignleft ls-is-cached lazyloaded\" src=\"https:\/\/www.observatoriobioetica.org\/wp-content\/uploads\/2018\/12\/bannercerebros.jpg\" alt=\"\" width=\"274\" height=\"240\" data-srcset=\"https:\/\/www.observatoriobioetica.org\/wp-content\/uploads\/2018\/12\/bannercerebros-300x263.jpg 300w, https:\/\/www.observatoriobioetica.org\/wp-content\/uploads\/2018\/12\/bannercerebros.jpg 305w\" data-src=\"https:\/\/www.observatoriobioetica.org\/wp-content\/uploads\/2018\/12\/bannercerebros.jpg\" data-sizes=\"(max-width: 274px) 100vw, 274px\" \/><\/a><\/p>\n<p>su trabajo. Y es, entonces, cuando aparecen los problemas metab\u00f3licos. Si bloqueamos las hormonas que est\u00e1n detr\u00e1s de estas regulaciones, vamos a tener problemas en el futuro. La propia esterilidad de por vida es uno de ellos, afirma el facultativo.<\/p>\n<p>Sin embargo, Tudela cree que hay una consecuencia m\u00e1s importante. \u00abHoy sabemos que la conectividad cerebral, la manera en la que se conectan las neuronas de nuestro cerebro, lo que nos afianza en nuestra personalidad, condiciona nuestra percepci\u00f3n del mundo y\u00a0nos conforma en nuestro ejercicio del libre albedr\u00edo\u2026 est\u00e1 comandada por hormonas\u00bb, explica.<\/p>\n<p>\u00abSi cuando se est\u00e1 desarrollando aceleradamente esta reestructuraci\u00f3n neuronal de nuestro cerebro, que es en la pubertad,\u00a0interfiero en el proceso bloqueando la acci\u00f3n de estas hormonas, las consecuencias para el cerebro de estas personas son impredecibles\u00bb, a\u00f1ade.<\/p>\n<p>Adem\u00e1s, el investigador recuerda que en la adolescencia siempre hay dudas en la autopercepci\u00f3n. \u00abLos problemas de percepci\u00f3n son un proceso que requiere maduraci\u00f3n, este proceso se termina de completar al final de la adolescencia. Si yo bloqueo el proceso de maduraci\u00f3n adolescente,\u00a0no estoy dando oportunidad a la biolog\u00eda del individuo.\u00a0Estamos echando le\u00f1a al fuego\u00bb.<\/p>\n<h2><strong>Empeora la salud mental de estos pacientes<\/strong><\/h2>\n<p>Sobre si son efectivos los tratamientos para bloquear los efectos de la pubertad, Tudela afirma que \u00abla cantidad de depresiones, ansiedades, tendencias al suicidio\u2026 son mayores en estos pacientes.\u00a0Nunca se corrigen las causas que originaron la disforia, sino que permanecen ah\u00ed, porque nadie entra a analizarlas\u00bb, comenta.<\/p>\n<p>El profesor explica que hay datos que dicen que las terapias de resignaci\u00f3n quir\u00fargica empeoran la salud mental de los pacientes. Un estudio de Suecia, de 2007, asegura que un\u00a045% de los j\u00f3venes transexuales entre 16 y 24 a\u00f1os tiene tendencias suicidas, y el 26% han intentado suicidarse.<\/p>\n<p>\u00abEstos estudios se han hecho en Suecia, que es muy tolerante y donde no se da el estigma social. Cuando\u00a0reducimos el estigma social y las tasas de suicidio se mantienen, \u00bfa qu\u00e9 se debe?\u00bb, plantea Tudela.<\/p>\n<p>Precisamente en Suecia, la visi\u00f3n que se ten\u00eda de este tipo de tratamientos ha sido rectificada. \u00abEn 2019, los suecos cambiaron por completo su posici\u00f3n. El principal hospital en investigaci\u00f3n de bloqueadores de la pubertad ha dicho que se acab\u00f3. En Finlandia dicen ahora\u00a0que se priorice las intervenciones psicol\u00f3gicas, como tratamiento de primera l\u00ednea\u2026\u00a0mientras que en Espa\u00f1a se denostan, incluso se prohiben\u00bb, apunta el profesor.<\/p>\n<p>Pero los casos se suceden. \u00abEn Noruega hay una comisi\u00f3n de salud que dice que\u00a0no hay evidencia cient\u00edfica de seguridad y eficacia\u00a0en estos tratamientos, y que hay que detenerlos. En Reino Unido, que es un pa\u00eds muy liberal, han dicho que los ni\u00f1os menores de 16 a\u00f1os no pueden dar su consentimiento\u2026 un poco diferente de lo que hemos aprobado aqu\u00ed en Espa\u00f1a\u00bb, recuerda el especialista, que cita tambi\u00e9n a Francia, Australia y Canad\u00e1.<\/p>\n<h2><strong>Personas que necesitan ayuda<\/strong><\/h2>\n<p>Para Tudela, es muy importante que el m\u00e9dico no olvide nunca cu\u00e1l es su principal tarea \u00abla persona que sufre esto, es una persona que necesita ayuda, que necesita ser escuchada, acogida, aceptada y acompa\u00f1ada. Los m\u00e9dicos deber\u00edan adoptar siempre posturas prudentes, mi intervenci\u00f3n no puede causar nunca un da\u00f1o. Y, estas intervenciones, est\u00e1n siendo maleficentes: hacen da\u00f1o\u00bb, asegura.<\/p>\n<p>El profesor comenta que, seg\u00fan datos recogidos por un hospital de referencia en Catalu\u00f1a, el 80% de los adolescentes que ingresan\u00a0solicitando la transici\u00f3n de g\u00e9nero, sale con el tratamiento hormonal prescrito tras la primera consulta. \u00abEsto no es posible, nos estamos volviendo locos,\u00a0<a href=\"https:\/\/www.observatoriobioetica.org\/wp-content\/uploads\/2023\/06\/pexels-liza-summer-6382594-2.jpg\" data-caption=\"\"><img loading=\"lazy\" decoding=\"async\" class=\"wp-image-41964 alignright lazyloaded\" src=\"https:\/\/www.observatoriobioetica.org\/wp-content\/uploads\/2023\/06\/pexels-liza-summer-6382594-2.jpg\" alt=\"\" width=\"366\" height=\"242\" data-srcset=\"https:\/\/www.observatoriobioetica.org\/wp-content\/uploads\/2023\/06\/pexels-liza-summer-6382594-2-200x132.jpg 200w, https:\/\/www.observatoriobioetica.org\/wp-content\/uploads\/2023\/06\/pexels-liza-summer-6382594-2-300x199.jpg 300w, https:\/\/www.observatoriobioetica.org\/wp-content\/uploads\/2023\/06\/pexels-liza-summer-6382594-2-400x265.jpg 400w, https:\/\/www.observatoriobioetica.org\/wp-content\/uploads\/2023\/06\/pexels-liza-summer-6382594-2.jpg 600w\" data-src=\"https:\/\/www.observatoriobioetica.org\/wp-content\/uploads\/2023\/06\/pexels-liza-summer-6382594-2.jpg\" data-sizes=\"(max-width: 366px) 100vw, 366px\" \/><\/a>esto nunca se ha permitido en la medicina, \u00bfpor qu\u00e9 ahora s\u00ed? Estamos prescribiendo tratamientos agresivos de consecuencias irreversibles de forma imprudente\u00bb, clama.<\/p>\n<p>\u00abHay que pedir siempre consejo m\u00e9dico pluridisciplinar, dejarse asesorar por especialistas, investigar las causas previas. Es muy frecuente que entre los j\u00f3venes que\u00a0 \u00a0manifiestan la disforia se hayan sufrido abusos\u00a0en la infancia, o trastornos de d\u00e9ficit de atenci\u00f3n o de autismo. Si no se trata todo esto, estamos introduciendo nuevos estresores a personas que ya sufren mucho estr\u00e9s\u00bb, a\u00f1ade Tudela.<\/p>\n<p>Otro de los elementos a tener en cuenta por padres y m\u00e9dicos, es el del factor ambiental. \u00abHoy tenemos una gran presi\u00f3n mim\u00e9tica hacia este tipo de conductas. \u00bfPor qu\u00e9 tenemos un incremento de un 5.000% de casos en los \u00faltimos a\u00f1os?\u00a0La presi\u00f3n de grupo que procede de redes sociales, gobiernos, entidades educativas, la OMS\u2026 quiere normalizar y medicalizar estos procesos de transici\u00f3n\u00bb, comenta.<\/p>\n<p>\u00abNos llegan muchos casos de psic\u00f3logos en colegios que aconsejan a los adolescentes iniciar el proceso de transici\u00f3n. Esto no se puede hacer, es un error,\u00a0es la manipulaci\u00f3n de un ni\u00f1o, que no puede defenderse. Si a un adolescente le prometes que, si se hace no s\u00e9 qu\u00e9, va a dejar de sufrir, el adolescente va a decir que s\u00ed\u00bb, afirma el experto.<\/p>\n<p>Y, aqu\u00ed es cuando llega la trampa. \u00abCuando el adolescente dice que s\u00ed y empieza el conflicto con las familias, y el bloqueo\u2026 se siente muy satisfecho. Es en ese momento cuando se hacen los estudios. Pero, si a estas personas las seguimos en el tiempo,\u00a0veremos que comenzar\u00e1n a manifestarse las consecuencias negativas\u00a0y que su \u00edndice de satisfacci\u00f3n decrece\u00bb, relata.<\/p>\n<h2><strong>El cambio de sexo no es posible<\/strong><\/h2>\n<p>El profesor concluye asegurando que la biolog\u00eda es muy clara. \u00abEl cambio de sexo no es posible, se puede cambiar el aspecto, la apariencia, el comportamiento\u2026 pero hay m\u00e1s 6.500 genes de nuestro genoma ya identificados que se expresan de manera diferente seg\u00fan el sexo. La persona que se opere tendr\u00e1 siempre esa presi\u00f3n de lo que gen\u00e9ticamente es\u00bb, apunta, y que tendr\u00e1 que contrarrestar el resto de su vida.<\/p>\n<p>Tudela invita a no olvidar los intereses que hay detr\u00e1s de toda esta deriva, desde los ideol\u00f3gicos y econ\u00f3micos, hasta los demogr\u00e1ficos. \u00abHay intereses de manipulaci\u00f3n demogr\u00e1fica, todos estos procesos conducen a la esterilidad. Hay presiones de control de la poblaci\u00f3n que est\u00e1n detr\u00e1s, y esto la OMS (Organizaci\u00f3n Mundial de la Salud) lo ha dicho sin sonrojo\u00bb, expresa.<\/p>\n<p><a href=\"https:\/\/www.observatoriobioetica.org\/\" target=\"_blank\" rel=\"noopener\"><em><strong>Julio Tudela &#8211; Observatorio de Bio\u00e9tica<\/strong><\/em><\/a><\/p>\n","protected":false},"excerpt":{"rendered":"<p>La persona que se opere tendr\u00e1 siempre la presi\u00f3n de lo que gen\u00e9ticamente es<\/p>\n","protected":false},"author":87,"featured_media":77948,"comment_status":"closed","ping_status":"closed","sticky":false,"template":"","format":"standard","meta":{"_acf_changed":false,"_crdt_document":"","inline_featured_image":false,"footnotes":""},"categories":[130],"tags":[728,9416,6422,4953],"class_list":["post-77947","post","type-post","status-publish","format-standard","has-post-thumbnail","hentry","category-voces","tag-bioetica","tag-ley-transexualidad","tag-transexualidad","tag-trending-es"],"acf":[],"yoast_head":"<!-- This site is optimized with the Yoast SEO plugin v27.5 - https:\/\/yoast.com\/product\/yoast-seo-wordpress\/ -->\n<title>El cambio de sexo no es posible &#8211; Exaudi<\/title>\n<meta name=\"robots\" content=\"index, follow, max-snippet:-1, max-image-preview:large, max-video-preview:-1\" \/>\n<link rel=\"canonical\" href=\"https:\/\/exaudi.org\/es\/el-cambio-de-sexo-no-es-posible\/\" \/>\n<meta property=\"og:locale\" content=\"es_ES\" \/>\n<meta property=\"og:type\" content=\"article\" \/>\n<meta property=\"og:title\" content=\"El cambio de sexo no es posible &#8211; Exaudi\" \/>\n<meta property=\"og:description\" content=\"La persona que se opere tendr\u00e1 siempre la presi\u00f3n de lo que gen\u00e9ticamente es\" \/>\n<meta property=\"og:url\" content=\"https:\/\/exaudi.org\/es\/el-cambio-de-sexo-no-es-posible\/\" \/>\n<meta property=\"og:site_name\" content=\"Exaudi\" \/>\n<meta property=\"article:publisher\" content=\"https:\/\/www.facebook.com\/ExaudiNews\" \/>\n<meta property=\"article:author\" content=\"https:\/\/www.facebook.com\/observatoriodebioetica\/\" \/>\n<meta property=\"article:published_time\" content=\"2023-06-13T06:58:03+00:00\" \/>\n<meta property=\"og:image\" content=\"https:\/\/exaudi.org\/wp-content\/uploads\/2023\/06\/pexels-kawaiiart-1767434-scaled.jpg\" \/>\n\t<meta property=\"og:image:width\" content=\"2560\" \/>\n\t<meta property=\"og:image:height\" content=\"1708\" \/>\n\t<meta property=\"og:image:type\" content=\"image\/jpeg\" \/>\n<meta name=\"author\" content=\"Observatorio de Bio\u00e9tica UCV\" \/>\n<meta name=\"twitter:card\" content=\"summary_large_image\" \/>\n<meta name=\"twitter:creator\" content=\"@obioetica\" \/>\n<meta name=\"twitter:site\" content=\"@Exaudi_News\" \/>\n<meta name=\"twitter:label1\" content=\"Escrito por\" \/>\n\t<meta name=\"twitter:data1\" content=\"Observatorio de Bio\u00e9tica UCV\" \/>\n\t<meta name=\"twitter:label2\" content=\"Tiempo de lectura\" \/>\n\t<meta name=\"twitter:data2\" content=\"7 minutos\" \/>\n<script type=\"application\/ld+json\" class=\"yoast-schema-graph\">{\"@context\":\"https:\\\/\\\/schema.org\",\"@graph\":[{\"@type\":\"Article\",\"@id\":\"https:\\\/\\\/exaudi.org\\\/es\\\/el-cambio-de-sexo-no-es-posible\\\/#article\",\"isPartOf\":{\"@id\":\"https:\\\/\\\/exaudi.org\\\/es\\\/el-cambio-de-sexo-no-es-posible\\\/\"},\"author\":{\"name\":\"Observatorio de Bio\u00e9tica UCV\",\"@id\":\"https:\\\/\\\/exaudi.org\\\/#\\\/schema\\\/person\\\/05d1c06e56ecb5490e9bff0d27026595\"},\"headline\":\"El cambio de sexo no es posible\",\"datePublished\":\"2023-06-13T06:58:03+00:00\",\"mainEntityOfPage\":{\"@id\":\"https:\\\/\\\/exaudi.org\\\/es\\\/el-cambio-de-sexo-no-es-posible\\\/\"},\"wordCount\":1323,\"image\":{\"@id\":\"https:\\\/\\\/exaudi.org\\\/es\\\/el-cambio-de-sexo-no-es-posible\\\/#primaryimage\"},\"thumbnailUrl\":\"https:\\\/\\\/exaudi.org\\\/wp-content\\\/uploads\\\/2023\\\/06\\\/pexels-kawaiiart-1767434-scaled.jpg\",\"keywords\":[\"Bio\u00e9tica\",\"Ley Transexualidad\",\"Transexualidad\",\"Trending\"],\"articleSection\":[\"Voces\"],\"inLanguage\":\"es\"},{\"@type\":\"WebPage\",\"@id\":\"https:\\\/\\\/exaudi.org\\\/es\\\/el-cambio-de-sexo-no-es-posible\\\/\",\"url\":\"https:\\\/\\\/exaudi.org\\\/es\\\/el-cambio-de-sexo-no-es-posible\\\/\",\"name\":\"El cambio de sexo no es posible &#8211; Exaudi\",\"isPartOf\":{\"@id\":\"https:\\\/\\\/exaudi.org\\\/#website\"},\"primaryImageOfPage\":{\"@id\":\"https:\\\/\\\/exaudi.org\\\/es\\\/el-cambio-de-sexo-no-es-posible\\\/#primaryimage\"},\"image\":{\"@id\":\"https:\\\/\\\/exaudi.org\\\/es\\\/el-cambio-de-sexo-no-es-posible\\\/#primaryimage\"},\"thumbnailUrl\":\"https:\\\/\\\/exaudi.org\\\/wp-content\\\/uploads\\\/2023\\\/06\\\/pexels-kawaiiart-1767434-scaled.jpg\",\"datePublished\":\"2023-06-13T06:58:03+00:00\",\"author\":{\"@id\":\"https:\\\/\\\/exaudi.org\\\/#\\\/schema\\\/person\\\/05d1c06e56ecb5490e9bff0d27026595\"},\"breadcrumb\":{\"@id\":\"https:\\\/\\\/exaudi.org\\\/es\\\/el-cambio-de-sexo-no-es-posible\\\/#breadcrumb\"},\"inLanguage\":\"es\",\"potentialAction\":[{\"@type\":\"ReadAction\",\"target\":[\"https:\\\/\\\/exaudi.org\\\/es\\\/el-cambio-de-sexo-no-es-posible\\\/\"]}]},{\"@type\":\"ImageObject\",\"inLanguage\":\"es\",\"@id\":\"https:\\\/\\\/exaudi.org\\\/es\\\/el-cambio-de-sexo-no-es-posible\\\/#primaryimage\",\"url\":\"https:\\\/\\\/exaudi.org\\\/wp-content\\\/uploads\\\/2023\\\/06\\\/pexels-kawaiiart-1767434-scaled.jpg\",\"contentUrl\":\"https:\\\/\\\/exaudi.org\\\/wp-content\\\/uploads\\\/2023\\\/06\\\/pexels-kawaiiart-1767434-scaled.jpg\",\"width\":2560,\"height\":1708,\"caption\":\"(C) Pexels\"},{\"@type\":\"BreadcrumbList\",\"@id\":\"https:\\\/\\\/exaudi.org\\\/es\\\/el-cambio-de-sexo-no-es-posible\\\/#breadcrumb\",\"itemListElement\":[{\"@type\":\"ListItem\",\"position\":1,\"name\":\"Portada\",\"item\":\"https:\\\/\\\/exaudi.org\\\/es\\\/\"},{\"@type\":\"ListItem\",\"position\":2,\"name\":\"El cambio de sexo no es posible\"}]},{\"@type\":\"WebSite\",\"@id\":\"https:\\\/\\\/exaudi.org\\\/#website\",\"url\":\"https:\\\/\\\/exaudi.org\\\/\",\"name\":\"Exaudi\",\"description\":\"News\",\"potentialAction\":[{\"@type\":\"SearchAction\",\"target\":{\"@type\":\"EntryPoint\",\"urlTemplate\":\"https:\\\/\\\/exaudi.org\\\/?s={search_term_string}\"},\"query-input\":{\"@type\":\"PropertyValueSpecification\",\"valueRequired\":true,\"valueName\":\"search_term_string\"}}],\"inLanguage\":\"es\"},{\"@type\":\"Person\",\"@id\":\"https:\\\/\\\/exaudi.org\\\/#\\\/schema\\\/person\\\/05d1c06e56ecb5490e9bff0d27026595\",\"name\":\"Observatorio de Bio\u00e9tica UCV\",\"image\":{\"@type\":\"ImageObject\",\"inLanguage\":\"es\",\"@id\":\"https:\\\/\\\/secure.gravatar.com\\\/avatar\\\/086563f59595a89fb0851de25d712a03657b1cdfa8af3c9cd0a1ee122fc5d596?s=96&d=mm&r=g\",\"url\":\"https:\\\/\\\/secure.gravatar.com\\\/avatar\\\/086563f59595a89fb0851de25d712a03657b1cdfa8af3c9cd0a1ee122fc5d596?s=96&d=mm&r=g\",\"contentUrl\":\"https:\\\/\\\/secure.gravatar.com\\\/avatar\\\/086563f59595a89fb0851de25d712a03657b1cdfa8af3c9cd0a1ee122fc5d596?s=96&d=mm&r=g\",\"caption\":\"Observatorio de Bio\u00e9tica UCV\"},\"description\":\"El Observatorio de Bio\u00e9tica se encuentra dentro del Instituto Ciencias de la vida de la Universidad Cat\u00f3lica de Valencia \u201cSan Vicente M\u00e1rtir\u201d . En el trasfondo de sus publicaciones, se defiende la vida humana desde la fecundaci\u00f3n a la muerte natural y la dignidad de la persona, teniendo como objetivo aunar esfuerzos para difundir la cultura de la vida como la define la Evangelium Vitae.\",\"sameAs\":[\"https:\\\/\\\/www.observatoriobioetica.org\\\/\",\"https:\\\/\\\/www.facebook.com\\\/observatoriodebioetica\\\/\",\"https:\\\/\\\/x.com\\\/obioetica\",\"https:\\\/\\\/www.youtube.com\\\/channel\\\/UC_Tr4WS5-TXoNo5e1MdQc7w\"],\"url\":\"https:\\\/\\\/exaudi.org\\\/es\\\/author\\\/observatoriodebioeticaucv\\\/\"}]}<\/script>\n<!-- \/ Yoast SEO plugin. -->","yoast_head_json":{"title":"El cambio de sexo no es posible &#8211; Exaudi","robots":{"index":"index","follow":"follow","max-snippet":"max-snippet:-1","max-image-preview":"max-image-preview:large","max-video-preview":"max-video-preview:-1"},"canonical":"https:\/\/exaudi.org\/es\/el-cambio-de-sexo-no-es-posible\/","og_locale":"es_ES","og_type":"article","og_title":"El cambio de sexo no es posible &#8211; Exaudi","og_description":"La persona que se opere tendr\u00e1 siempre la presi\u00f3n de lo que gen\u00e9ticamente es","og_url":"https:\/\/exaudi.org\/es\/el-cambio-de-sexo-no-es-posible\/","og_site_name":"Exaudi","article_publisher":"https:\/\/www.facebook.com\/ExaudiNews","article_author":"https:\/\/www.facebook.com\/observatoriodebioetica\/","article_published_time":"2023-06-13T06:58:03+00:00","og_image":[{"width":2560,"height":1708,"url":"https:\/\/exaudi.org\/wp-content\/uploads\/2023\/06\/pexels-kawaiiart-1767434-scaled.jpg","type":"image\/jpeg"}],"author":"Observatorio de Bio\u00e9tica UCV","twitter_card":"summary_large_image","twitter_creator":"@obioetica","twitter_site":"@Exaudi_News","twitter_misc":{"Escrito por":"Observatorio de Bio\u00e9tica UCV","Tiempo de lectura":"7 minutos"},"schema":{"@context":"https:\/\/schema.org","@graph":[{"@type":"Article","@id":"https:\/\/exaudi.org\/es\/el-cambio-de-sexo-no-es-posible\/#article","isPartOf":{"@id":"https:\/\/exaudi.org\/es\/el-cambio-de-sexo-no-es-posible\/"},"author":{"name":"Observatorio de Bio\u00e9tica UCV","@id":"https:\/\/exaudi.org\/#\/schema\/person\/05d1c06e56ecb5490e9bff0d27026595"},"headline":"El cambio de sexo no es posible","datePublished":"2023-06-13T06:58:03+00:00","mainEntityOfPage":{"@id":"https:\/\/exaudi.org\/es\/el-cambio-de-sexo-no-es-posible\/"},"wordCount":1323,"image":{"@id":"https:\/\/exaudi.org\/es\/el-cambio-de-sexo-no-es-posible\/#primaryimage"},"thumbnailUrl":"https:\/\/exaudi.org\/wp-content\/uploads\/2023\/06\/pexels-kawaiiart-1767434-scaled.jpg","keywords":["Bio\u00e9tica","Ley Transexualidad","Transexualidad","Trending"],"articleSection":["Voces"],"inLanguage":"es"},{"@type":"WebPage","@id":"https:\/\/exaudi.org\/es\/el-cambio-de-sexo-no-es-posible\/","url":"https:\/\/exaudi.org\/es\/el-cambio-de-sexo-no-es-posible\/","name":"El cambio de sexo no es posible &#8211; Exaudi","isPartOf":{"@id":"https:\/\/exaudi.org\/#website"},"primaryImageOfPage":{"@id":"https:\/\/exaudi.org\/es\/el-cambio-de-sexo-no-es-posible\/#primaryimage"},"image":{"@id":"https:\/\/exaudi.org\/es\/el-cambio-de-sexo-no-es-posible\/#primaryimage"},"thumbnailUrl":"https:\/\/exaudi.org\/wp-content\/uploads\/2023\/06\/pexels-kawaiiart-1767434-scaled.jpg","datePublished":"2023-06-13T06:58:03+00:00","author":{"@id":"https:\/\/exaudi.org\/#\/schema\/person\/05d1c06e56ecb5490e9bff0d27026595"},"breadcrumb":{"@id":"https:\/\/exaudi.org\/es\/el-cambio-de-sexo-no-es-posible\/#breadcrumb"},"inLanguage":"es","potentialAction":[{"@type":"ReadAction","target":["https:\/\/exaudi.org\/es\/el-cambio-de-sexo-no-es-posible\/"]}]},{"@type":"ImageObject","inLanguage":"es","@id":"https:\/\/exaudi.org\/es\/el-cambio-de-sexo-no-es-posible\/#primaryimage","url":"https:\/\/exaudi.org\/wp-content\/uploads\/2023\/06\/pexels-kawaiiart-1767434-scaled.jpg","contentUrl":"https:\/\/exaudi.org\/wp-content\/uploads\/2023\/06\/pexels-kawaiiart-1767434-scaled.jpg","width":2560,"height":1708,"caption":"(C) Pexels"},{"@type":"BreadcrumbList","@id":"https:\/\/exaudi.org\/es\/el-cambio-de-sexo-no-es-posible\/#breadcrumb","itemListElement":[{"@type":"ListItem","position":1,"name":"Portada","item":"https:\/\/exaudi.org\/es\/"},{"@type":"ListItem","position":2,"name":"El cambio de sexo no es posible"}]},{"@type":"WebSite","@id":"https:\/\/exaudi.org\/#website","url":"https:\/\/exaudi.org\/","name":"Exaudi","description":"News","potentialAction":[{"@type":"SearchAction","target":{"@type":"EntryPoint","urlTemplate":"https:\/\/exaudi.org\/?s={search_term_string}"},"query-input":{"@type":"PropertyValueSpecification","valueRequired":true,"valueName":"search_term_string"}}],"inLanguage":"es"},{"@type":"Person","@id":"https:\/\/exaudi.org\/#\/schema\/person\/05d1c06e56ecb5490e9bff0d27026595","name":"Observatorio de Bio\u00e9tica UCV","image":{"@type":"ImageObject","inLanguage":"es","@id":"https:\/\/secure.gravatar.com\/avatar\/086563f59595a89fb0851de25d712a03657b1cdfa8af3c9cd0a1ee122fc5d596?s=96&d=mm&r=g","url":"https:\/\/secure.gravatar.com\/avatar\/086563f59595a89fb0851de25d712a03657b1cdfa8af3c9cd0a1ee122fc5d596?s=96&d=mm&r=g","contentUrl":"https:\/\/secure.gravatar.com\/avatar\/086563f59595a89fb0851de25d712a03657b1cdfa8af3c9cd0a1ee122fc5d596?s=96&d=mm&r=g","caption":"Observatorio de Bio\u00e9tica UCV"},"description":"El Observatorio de Bio\u00e9tica se encuentra dentro del Instituto Ciencias de la vida de la Universidad Cat\u00f3lica de Valencia \u201cSan Vicente M\u00e1rtir\u201d . En el trasfondo de sus publicaciones, se defiende la vida humana desde la fecundaci\u00f3n a la muerte natural y la dignidad de la persona, teniendo como objetivo aunar esfuerzos para difundir la cultura de la vida como la define la Evangelium Vitae.","sameAs":["https:\/\/www.observatoriobioetica.org\/","https:\/\/www.facebook.com\/observatoriodebioetica\/","https:\/\/x.com\/obioetica","https:\/\/www.youtube.com\/channel\/UC_Tr4WS5-TXoNo5e1MdQc7w"],"url":"https:\/\/exaudi.org\/es\/author\/observatoriodebioeticaucv\/"}]}},"jetpack_featured_media_url":"https:\/\/exaudi.org\/wp-content\/uploads\/2023\/06\/pexels-kawaiiart-1767434-scaled.jpg","jetpack_shortlink":"https:\/\/wp.me\/pgKjF2-khd","_links":{"self":[{"href":"https:\/\/exaudi.org\/es\/wp-json\/wp\/v2\/posts\/77947","targetHints":{"allow":["GET"]}}],"collection":[{"href":"https:\/\/exaudi.org\/es\/wp-json\/wp\/v2\/posts"}],"about":[{"href":"https:\/\/exaudi.org\/es\/wp-json\/wp\/v2\/types\/post"}],"author":[{"embeddable":true,"href":"https:\/\/exaudi.org\/es\/wp-json\/wp\/v2\/users\/87"}],"replies":[{"embeddable":true,"href":"https:\/\/exaudi.org\/es\/wp-json\/wp\/v2\/comments?post=77947"}],"version-history":[{"count":0,"href":"https:\/\/exaudi.org\/es\/wp-json\/wp\/v2\/posts\/77947\/revisions"}],"wp:featuredmedia":[{"embeddable":true,"href":"https:\/\/exaudi.org\/es\/wp-json\/wp\/v2\/media\/77948"}],"wp:attachment":[{"href":"https:\/\/exaudi.org\/es\/wp-json\/wp\/v2\/media?parent=77947"}],"wp:term":[{"taxonomy":"category","embeddable":true,"href":"https:\/\/exaudi.org\/es\/wp-json\/wp\/v2\/categories?post=77947"},{"taxonomy":"post_tag","embeddable":true,"href":"https:\/\/exaudi.org\/es\/wp-json\/wp\/v2\/tags?post=77947"}],"curies":[{"name":"wp","href":"https:\/\/api.w.org\/{rel}","templated":true}]}}