{"id":77794,"date":"2023-06-08T13:10:33","date_gmt":"2023-06-08T11:10:33","guid":{"rendered":"https:\/\/exaudi.org\/?p=77794"},"modified":"2023-06-09T17:12:25","modified_gmt":"2023-06-09T15:12:25","slug":"el-papa-en-el-hospital-gemelli-la-primera-noche-transcurrio-bien","status":"publish","type":"post","link":"https:\/\/exaudi.org\/es\/el-papa-en-el-hospital-gemelli-la-primera-noche-transcurrio-bien\/","title":{"rendered":"El Papa en el Hospital Gemelli, se encuentra en buen estado general"},"content":{"rendered":"<audio class=\"wp-audio-shortcode\" id=\"audio-77794-1\" preload=\"none\" style=\"width: 100%;\" controls=\"controls\"><source type=\"audio\/mpeg\" src=\"https:\/\/exaudi.org\/wp-content\/uploads\/2023\/06\/El-Papa-en-el-Hospital-Gemelli-la-primera-noche.mp3?_=1\" \/><a href=\"https:\/\/exaudi.org\/wp-content\/uploads\/2023\/06\/El-Papa-en-el-Hospital-Gemelli-la-primera-noche.mp3\">https:\/\/exaudi.org\/wp-content\/uploads\/2023\/06\/El-Papa-en-el-Hospital-Gemelli-la-primera-noche.mp3<\/a><\/audio>\n<h2>Noche tranquila<\/h2>\n<p>La primera noche del Papa Francisco en el hospital Policl\u00ednico Gemelli, tras ser operado ayer 7 de junio por la tarde de una laparotom\u00eda y cirug\u00eda pl\u00e1stica de la pared abdominal con pr\u00f3tesis, \u00abtranscurri\u00f3 bien\u00bb. As\u00ed lo ha anunciado la Sala de Prensa del Vaticano.<\/p>\n<h2><strong>Las declaraciones del cirujano<\/strong><\/h2>\n<p>Ya ayer por la tarde, el doctor Sergio Alfieri, director del Departamento de Ciencias M\u00e9dicas y Quir\u00fargicas Abdominales y Endocrino Metab\u00f3licas que oper\u00f3 al Papa en esta ocasi\u00f3n y tambi\u00e9n en julio de 2021 de la estenosis diverticular, inform\u00f3 del buen estado de salud del Pont\u00edfice inmediatamente despu\u00e9s de la intervenci\u00f3n quir\u00fargica. \u00abEl Santo Padre est\u00e1 bien, est\u00e1 despierto, est\u00e1 consciente y hasta hizo su primera broma: \u00bfcu\u00e1ndo ser\u00e1 la tercera operaci\u00f3n?\u00bb, dijo el especialista a la gran cantidad de periodistas reunidos en un punto de prensa en la Policl\u00ednica.<\/p>\n<h2><strong>La evoluci\u00f3n postoperatoria<\/strong><\/h2>\n<p>Los mismos periodistas continuaban congregados desde las primeras luces del alba frente al hospital, con los ojos y las lentes apuntando hacia los ventanales de cortinas blancas de la d\u00e9cima planta, donde convalece el Papa. El postoperatorio durar\u00e1 varios d\u00edas, inform\u00f3 la Oficina de Prensa de la Santa Sede, y Alfieri explic\u00f3 que para una operaci\u00f3n como la que sufri\u00f3 el Papa suelen ser necesarios \u00abentre 5 y 7 d\u00edas\u00bb de convalecencia, pero al tratarse de un paciente de 86 a\u00f1os se tomar\u00e1n todas las precauciones.<\/p>\n<h2><strong>Mensajes de cercan\u00eda<\/strong><\/h2>\n<p>Mientras tanto, siguen llegando numerosos mensajes de buenos deseos y cercan\u00eda al Papa para una pronta recuperaci\u00f3n: de Presidentes de las naciones, de las Conferencias Episcopales, de representantes pol\u00edticos y culturales, de fieles de todo el mundo, incluidos los peque\u00f1os pacientes del Hospital Infantil Bambino Ges\u00f9 que realizaron una serie de dibujos para el Pont\u00edfice.<\/p>\n<p><iframe loading=\"lazy\" title=\"Recemos por el Papa Francisco, por su pronta recuperaci\u00f3n\" width=\"500\" height=\"281\" src=\"https:\/\/www.youtube.com\/embed\/wyHODSz6KOE?feature=oembed\" frameborder=\"0\" allow=\"accelerometer; autoplay; clipboard-write; encrypted-media; gyroscope; picture-in-picture; web-share\" referrerpolicy=\"strict-origin-when-cross-origin\" allowfullscreen><\/iframe><\/p>\n","protected":false},"excerpt":{"rendered":"<p>La Oficina de Prensa del Vaticano da una actualizaci\u00f3n sobre la salud de Francisco despu\u00e9s de ayer por la tarde, 7 de junio, laparotom\u00eda y cirug\u00eda pl\u00e1stica de la pared abdominal con pr\u00f3tesis<\/p>\n","protected":false},"author":15,"featured_media":77790,"comment_status":"closed","ping_status":"closed","sticky":false,"template":"","format":"standard","meta":{"_acf_changed":false,"_crdt_document":"","inline_featured_image":false,"footnotes":""},"categories":[68],"tags":[8790,3203,9390,9389,158,4953],"class_list":["post-77794","post","type-post","status-publish","format-standard","has-post-thumbnail","hentry","category-leon-xiv","tag-gemelli-3","tag-hospital-gemelli","tag-medicina-y-salud","tag-oficina-de-prensa","tag-papa-francisco","tag-trending-es"],"acf":[],"yoast_head":"<!-- This site is optimized with the Yoast SEO plugin v27.4 - https:\/\/yoast.com\/product\/yoast-seo-wordpress\/ -->\n<title>El Papa en el Hospital Gemelli, se encuentra en buen estado general &#8211; Exaudi<\/title>\n<meta name=\"robots\" content=\"index, follow, max-snippet:-1, max-image-preview:large, max-video-preview:-1\" \/>\n<link rel=\"canonical\" href=\"https:\/\/exaudi.org\/es\/el-papa-en-el-hospital-gemelli-la-primera-noche-transcurrio-bien\/\" \/>\n<meta property=\"og:locale\" content=\"es_ES\" \/>\n<meta property=\"og:type\" content=\"article\" \/>\n<meta property=\"og:title\" content=\"El Papa en el Hospital Gemelli, se encuentra en buen estado general &#8211; Exaudi\" \/>\n<meta property=\"og:description\" content=\"La Oficina de Prensa del Vaticano da una actualizaci\u00f3n sobre la salud de Francisco despu\u00e9s de ayer por la tarde, 7 de junio, laparotom\u00eda y cirug\u00eda pl\u00e1stica de la pared abdominal con pr\u00f3tesis\" \/>\n<meta property=\"og:url\" content=\"https:\/\/exaudi.org\/es\/el-papa-en-el-hospital-gemelli-la-primera-noche-transcurrio-bien\/\" \/>\n<meta property=\"og:site_name\" content=\"Exaudi\" \/>\n<meta property=\"article:publisher\" content=\"https:\/\/www.facebook.com\/ExaudiNews\" \/>\n<meta property=\"article:author\" content=\"https:\/\/www.facebook.com\/ExaudiNoticias\/\" \/>\n<meta property=\"article:published_time\" content=\"2023-06-08T11:10:33+00:00\" \/>\n<meta property=\"article:modified_time\" content=\"2023-06-09T15:12:25+00:00\" \/>\n<meta property=\"og:image\" content=\"https:\/\/exaudi.org\/wp-content\/uploads\/2023\/06\/cq5dam.thumbnail.cropped.750.422-4.jpeg\" \/>\n\t<meta property=\"og:image:width\" content=\"750\" \/>\n\t<meta property=\"og:image:height\" content=\"422\" \/>\n\t<meta property=\"og:image:type\" content=\"image\/jpeg\" \/>\n<meta name=\"author\" content=\"Exaudi Redacci\u00f3n\" \/>\n<meta name=\"twitter:card\" content=\"summary_large_image\" \/>\n<meta name=\"twitter:creator\" content=\"@Exaudi_noticias\" \/>\n<meta name=\"twitter:site\" content=\"@Exaudi_News\" \/>\n<meta name=\"twitter:label1\" content=\"Escrito por\" \/>\n\t<meta name=\"twitter:data1\" content=\"Exaudi Redacci\u00f3n\" \/>\n\t<meta name=\"twitter:label2\" content=\"Tiempo de lectura\" \/>\n\t<meta name=\"twitter:data2\" content=\"2 minutos\" \/>\n<script type=\"application\/ld+json\" class=\"yoast-schema-graph\">{\"@context\":\"https:\\\/\\\/schema.org\",\"@graph\":[{\"@type\":\"Article\",\"@id\":\"https:\\\/\\\/exaudi.org\\\/es\\\/el-papa-en-el-hospital-gemelli-la-primera-noche-transcurrio-bien\\\/#article\",\"isPartOf\":{\"@id\":\"https:\\\/\\\/exaudi.org\\\/es\\\/el-papa-en-el-hospital-gemelli-la-primera-noche-transcurrio-bien\\\/\"},\"author\":{\"name\":\"Exaudi Redacci\u00f3n\",\"@id\":\"https:\\\/\\\/exaudi.org\\\/#\\\/schema\\\/person\\\/f5fc8f063065e38742da7afe15f25df7\"},\"headline\":\"El Papa en el Hospital Gemelli, se encuentra en buen estado general\",\"datePublished\":\"2023-06-08T11:10:33+00:00\",\"dateModified\":\"2023-06-09T15:12:25+00:00\",\"mainEntityOfPage\":{\"@id\":\"https:\\\/\\\/exaudi.org\\\/es\\\/el-papa-en-el-hospital-gemelli-la-primera-noche-transcurrio-bien\\\/\"},\"wordCount\":342,\"image\":{\"@id\":\"https:\\\/\\\/exaudi.org\\\/es\\\/el-papa-en-el-hospital-gemelli-la-primera-noche-transcurrio-bien\\\/#primaryimage\"},\"thumbnailUrl\":\"https:\\\/\\\/exaudi.org\\\/wp-content\\\/uploads\\\/2023\\\/06\\\/cq5dam.thumbnail.cropped.750.422-4.jpeg\",\"keywords\":[\"Gemelli\",\"Hospital Gemelli\",\"MEDICINA Y SALUD\",\"OFICINA DE PRENSA\",\"papa francisco\",\"Trending\"],\"articleSection\":[\"Le\u00f3n XIV\"],\"inLanguage\":\"es\"},{\"@type\":\"WebPage\",\"@id\":\"https:\\\/\\\/exaudi.org\\\/es\\\/el-papa-en-el-hospital-gemelli-la-primera-noche-transcurrio-bien\\\/\",\"url\":\"https:\\\/\\\/exaudi.org\\\/es\\\/el-papa-en-el-hospital-gemelli-la-primera-noche-transcurrio-bien\\\/\",\"name\":\"El Papa en el Hospital Gemelli, se encuentra en buen estado general &#8211; Exaudi\",\"isPartOf\":{\"@id\":\"https:\\\/\\\/exaudi.org\\\/#website\"},\"primaryImageOfPage\":{\"@id\":\"https:\\\/\\\/exaudi.org\\\/es\\\/el-papa-en-el-hospital-gemelli-la-primera-noche-transcurrio-bien\\\/#primaryimage\"},\"image\":{\"@id\":\"https:\\\/\\\/exaudi.org\\\/es\\\/el-papa-en-el-hospital-gemelli-la-primera-noche-transcurrio-bien\\\/#primaryimage\"},\"thumbnailUrl\":\"https:\\\/\\\/exaudi.org\\\/wp-content\\\/uploads\\\/2023\\\/06\\\/cq5dam.thumbnail.cropped.750.422-4.jpeg\",\"datePublished\":\"2023-06-08T11:10:33+00:00\",\"dateModified\":\"2023-06-09T15:12:25+00:00\",\"author\":{\"@id\":\"https:\\\/\\\/exaudi.org\\\/#\\\/schema\\\/person\\\/f5fc8f063065e38742da7afe15f25df7\"},\"breadcrumb\":{\"@id\":\"https:\\\/\\\/exaudi.org\\\/es\\\/el-papa-en-el-hospital-gemelli-la-primera-noche-transcurrio-bien\\\/#breadcrumb\"},\"inLanguage\":\"es\",\"potentialAction\":[{\"@type\":\"ReadAction\",\"target\":[\"https:\\\/\\\/exaudi.org\\\/es\\\/el-papa-en-el-hospital-gemelli-la-primera-noche-transcurrio-bien\\\/\"]}]},{\"@type\":\"ImageObject\",\"inLanguage\":\"es\",\"@id\":\"https:\\\/\\\/exaudi.org\\\/es\\\/el-papa-en-el-hospital-gemelli-la-primera-noche-transcurrio-bien\\\/#primaryimage\",\"url\":\"https:\\\/\\\/exaudi.org\\\/wp-content\\\/uploads\\\/2023\\\/06\\\/cq5dam.thumbnail.cropped.750.422-4.jpeg\",\"contentUrl\":\"https:\\\/\\\/exaudi.org\\\/wp-content\\\/uploads\\\/2023\\\/06\\\/cq5dam.thumbnail.cropped.750.422-4.jpeg\",\"width\":750,\"height\":422,\"caption\":\"Hospital Universitario Agostino Gemelli. (Vatican Media)\"},{\"@type\":\"BreadcrumbList\",\"@id\":\"https:\\\/\\\/exaudi.org\\\/es\\\/el-papa-en-el-hospital-gemelli-la-primera-noche-transcurrio-bien\\\/#breadcrumb\",\"itemListElement\":[{\"@type\":\"ListItem\",\"position\":1,\"name\":\"Portada\",\"item\":\"https:\\\/\\\/exaudi.org\\\/es\\\/\"},{\"@type\":\"ListItem\",\"position\":2,\"name\":\"El Papa en el Hospital Gemelli, se encuentra en buen estado general\"}]},{\"@type\":\"WebSite\",\"@id\":\"https:\\\/\\\/exaudi.org\\\/#website\",\"url\":\"https:\\\/\\\/exaudi.org\\\/\",\"name\":\"Exaudi\",\"description\":\"News\",\"potentialAction\":[{\"@type\":\"SearchAction\",\"target\":{\"@type\":\"EntryPoint\",\"urlTemplate\":\"https:\\\/\\\/exaudi.org\\\/?s={search_term_string}\"},\"query-input\":{\"@type\":\"PropertyValueSpecification\",\"valueRequired\":true,\"valueName\":\"search_term_string\"}}],\"inLanguage\":\"es\"},{\"@type\":\"Person\",\"@id\":\"https:\\\/\\\/exaudi.org\\\/#\\\/schema\\\/person\\\/f5fc8f063065e38742da7afe15f25df7\",\"name\":\"Exaudi Redacci\u00f3n\",\"image\":{\"@type\":\"ImageObject\",\"inLanguage\":\"es\",\"@id\":\"https:\\\/\\\/secure.gravatar.com\\\/avatar\\\/fe0f6a059fb68d9b3e11bc5850dd4899b1c7492091a3cb6dd9b01b56ad828be2?s=96&d=mm&r=g\",\"url\":\"https:\\\/\\\/secure.gravatar.com\\\/avatar\\\/fe0f6a059fb68d9b3e11bc5850dd4899b1c7492091a3cb6dd9b01b56ad828be2?s=96&d=mm&r=g\",\"contentUrl\":\"https:\\\/\\\/secure.gravatar.com\\\/avatar\\\/fe0f6a059fb68d9b3e11bc5850dd4899b1c7492091a3cb6dd9b01b56ad828be2?s=96&d=mm&r=g\",\"caption\":\"Exaudi Redacci\u00f3n\"},\"description\":\"\u00bfQu\u00e9 es Exaudi News? Exaudi News es un medio de comunicaci\u00f3n cat\u00f3lico internacional que informa, forma y transforma, diariamente en espa\u00f1ol, ingl\u00e9s e italiano. A trav\u00e9s de noticias, art\u00edculos de an\u00e1lisis y transmisiones en directo de los eventos del Papa, Exaudi busca fortalecer la unidad de los cristianos y contribuir a la evangelizaci\u00f3n del mundo, siempre guiados por la doctrina social de la Iglesia. Trabajamos para acercar la verdad y los valores cristianos a cada rinc\u00f3n del planeta. \u00a1Ay\u00fadanos a transformar el mundo con Exaudi! En Exaudi creemos que la evangelizaci\u00f3n y la informaci\u00f3n de calidad pueden cambiar vidas. Para continuar con nuestra misi\u00f3n y expandir nuestro alcance, necesitamos tu ayuda. Adem\u00e1s, buscamos personas comprometidas que deseen unirse a nuestro equipo. Con tu apoyo, lograremos llegar a m\u00e1s personas, difundir el mensaje de Cristo y reforzar la unidad de los cristianos. \u00bfTe unes a nuestra misi\u00f3n? Para m\u00e1s informaci\u00f3n sobre c\u00f3mo colaborar, visita Exaudi.org\\\/es o cont\u00e1ctanos directamente: info@exaudi.org Exaudi: Informa, forma y transforma.\",\"sameAs\":[\"https:\\\/\\\/www.facebook.com\\\/ExaudiNoticias\\\/\",\"https:\\\/\\\/www.instagram.com\\\/exaudi_noticias\\\/\",\"https:\\\/\\\/x.com\\\/Exaudi_noticias\",\"https:\\\/\\\/www.youtube.com\\\/@exaudicatholicnews\"],\"url\":\"https:\\\/\\\/exaudi.org\\\/es\\\/author\\\/redaccionexaudi\\\/\"}]}<\/script>\n<!-- \/ Yoast SEO plugin. -->","yoast_head_json":{"title":"El Papa en el Hospital Gemelli, se encuentra en buen estado general &#8211; Exaudi","robots":{"index":"index","follow":"follow","max-snippet":"max-snippet:-1","max-image-preview":"max-image-preview:large","max-video-preview":"max-video-preview:-1"},"canonical":"https:\/\/exaudi.org\/es\/el-papa-en-el-hospital-gemelli-la-primera-noche-transcurrio-bien\/","og_locale":"es_ES","og_type":"article","og_title":"El Papa en el Hospital Gemelli, se encuentra en buen estado general &#8211; Exaudi","og_description":"La Oficina de Prensa del Vaticano da una actualizaci\u00f3n sobre la salud de Francisco despu\u00e9s de ayer por la tarde, 7 de junio, laparotom\u00eda y cirug\u00eda pl\u00e1stica de la pared abdominal con pr\u00f3tesis","og_url":"https:\/\/exaudi.org\/es\/el-papa-en-el-hospital-gemelli-la-primera-noche-transcurrio-bien\/","og_site_name":"Exaudi","article_publisher":"https:\/\/www.facebook.com\/ExaudiNews","article_author":"https:\/\/www.facebook.com\/ExaudiNoticias\/","article_published_time":"2023-06-08T11:10:33+00:00","article_modified_time":"2023-06-09T15:12:25+00:00","og_image":[{"width":750,"height":422,"url":"https:\/\/exaudi.org\/wp-content\/uploads\/2023\/06\/cq5dam.thumbnail.cropped.750.422-4.jpeg","type":"image\/jpeg"}],"author":"Exaudi Redacci\u00f3n","twitter_card":"summary_large_image","twitter_creator":"@Exaudi_noticias","twitter_site":"@Exaudi_News","twitter_misc":{"Escrito por":"Exaudi Redacci\u00f3n","Tiempo de lectura":"2 minutos"},"schema":{"@context":"https:\/\/schema.org","@graph":[{"@type":"Article","@id":"https:\/\/exaudi.org\/es\/el-papa-en-el-hospital-gemelli-la-primera-noche-transcurrio-bien\/#article","isPartOf":{"@id":"https:\/\/exaudi.org\/es\/el-papa-en-el-hospital-gemelli-la-primera-noche-transcurrio-bien\/"},"author":{"name":"Exaudi Redacci\u00f3n","@id":"https:\/\/exaudi.org\/#\/schema\/person\/f5fc8f063065e38742da7afe15f25df7"},"headline":"El Papa en el Hospital Gemelli, se encuentra en buen estado general","datePublished":"2023-06-08T11:10:33+00:00","dateModified":"2023-06-09T15:12:25+00:00","mainEntityOfPage":{"@id":"https:\/\/exaudi.org\/es\/el-papa-en-el-hospital-gemelli-la-primera-noche-transcurrio-bien\/"},"wordCount":342,"image":{"@id":"https:\/\/exaudi.org\/es\/el-papa-en-el-hospital-gemelli-la-primera-noche-transcurrio-bien\/#primaryimage"},"thumbnailUrl":"https:\/\/exaudi.org\/wp-content\/uploads\/2023\/06\/cq5dam.thumbnail.cropped.750.422-4.jpeg","keywords":["Gemelli","Hospital Gemelli","MEDICINA Y SALUD","OFICINA DE PRENSA","papa francisco","Trending"],"articleSection":["Le\u00f3n XIV"],"inLanguage":"es"},{"@type":"WebPage","@id":"https:\/\/exaudi.org\/es\/el-papa-en-el-hospital-gemelli-la-primera-noche-transcurrio-bien\/","url":"https:\/\/exaudi.org\/es\/el-papa-en-el-hospital-gemelli-la-primera-noche-transcurrio-bien\/","name":"El Papa en el Hospital Gemelli, se encuentra en buen estado general &#8211; Exaudi","isPartOf":{"@id":"https:\/\/exaudi.org\/#website"},"primaryImageOfPage":{"@id":"https:\/\/exaudi.org\/es\/el-papa-en-el-hospital-gemelli-la-primera-noche-transcurrio-bien\/#primaryimage"},"image":{"@id":"https:\/\/exaudi.org\/es\/el-papa-en-el-hospital-gemelli-la-primera-noche-transcurrio-bien\/#primaryimage"},"thumbnailUrl":"https:\/\/exaudi.org\/wp-content\/uploads\/2023\/06\/cq5dam.thumbnail.cropped.750.422-4.jpeg","datePublished":"2023-06-08T11:10:33+00:00","dateModified":"2023-06-09T15:12:25+00:00","author":{"@id":"https:\/\/exaudi.org\/#\/schema\/person\/f5fc8f063065e38742da7afe15f25df7"},"breadcrumb":{"@id":"https:\/\/exaudi.org\/es\/el-papa-en-el-hospital-gemelli-la-primera-noche-transcurrio-bien\/#breadcrumb"},"inLanguage":"es","potentialAction":[{"@type":"ReadAction","target":["https:\/\/exaudi.org\/es\/el-papa-en-el-hospital-gemelli-la-primera-noche-transcurrio-bien\/"]}]},{"@type":"ImageObject","inLanguage":"es","@id":"https:\/\/exaudi.org\/es\/el-papa-en-el-hospital-gemelli-la-primera-noche-transcurrio-bien\/#primaryimage","url":"https:\/\/exaudi.org\/wp-content\/uploads\/2023\/06\/cq5dam.thumbnail.cropped.750.422-4.jpeg","contentUrl":"https:\/\/exaudi.org\/wp-content\/uploads\/2023\/06\/cq5dam.thumbnail.cropped.750.422-4.jpeg","width":750,"height":422,"caption":"Hospital Universitario Agostino Gemelli. (Vatican Media)"},{"@type":"BreadcrumbList","@id":"https:\/\/exaudi.org\/es\/el-papa-en-el-hospital-gemelli-la-primera-noche-transcurrio-bien\/#breadcrumb","itemListElement":[{"@type":"ListItem","position":1,"name":"Portada","item":"https:\/\/exaudi.org\/es\/"},{"@type":"ListItem","position":2,"name":"El Papa en el Hospital Gemelli, se encuentra en buen estado general"}]},{"@type":"WebSite","@id":"https:\/\/exaudi.org\/#website","url":"https:\/\/exaudi.org\/","name":"Exaudi","description":"News","potentialAction":[{"@type":"SearchAction","target":{"@type":"EntryPoint","urlTemplate":"https:\/\/exaudi.org\/?s={search_term_string}"},"query-input":{"@type":"PropertyValueSpecification","valueRequired":true,"valueName":"search_term_string"}}],"inLanguage":"es"},{"@type":"Person","@id":"https:\/\/exaudi.org\/#\/schema\/person\/f5fc8f063065e38742da7afe15f25df7","name":"Exaudi Redacci\u00f3n","image":{"@type":"ImageObject","inLanguage":"es","@id":"https:\/\/secure.gravatar.com\/avatar\/fe0f6a059fb68d9b3e11bc5850dd4899b1c7492091a3cb6dd9b01b56ad828be2?s=96&d=mm&r=g","url":"https:\/\/secure.gravatar.com\/avatar\/fe0f6a059fb68d9b3e11bc5850dd4899b1c7492091a3cb6dd9b01b56ad828be2?s=96&d=mm&r=g","contentUrl":"https:\/\/secure.gravatar.com\/avatar\/fe0f6a059fb68d9b3e11bc5850dd4899b1c7492091a3cb6dd9b01b56ad828be2?s=96&d=mm&r=g","caption":"Exaudi Redacci\u00f3n"},"description":"\u00bfQu\u00e9 es Exaudi News? Exaudi News es un medio de comunicaci\u00f3n cat\u00f3lico internacional que informa, forma y transforma, diariamente en espa\u00f1ol, ingl\u00e9s e italiano. A trav\u00e9s de noticias, art\u00edculos de an\u00e1lisis y transmisiones en directo de los eventos del Papa, Exaudi busca fortalecer la unidad de los cristianos y contribuir a la evangelizaci\u00f3n del mundo, siempre guiados por la doctrina social de la Iglesia. Trabajamos para acercar la verdad y los valores cristianos a cada rinc\u00f3n del planeta. \u00a1Ay\u00fadanos a transformar el mundo con Exaudi! En Exaudi creemos que la evangelizaci\u00f3n y la informaci\u00f3n de calidad pueden cambiar vidas. Para continuar con nuestra misi\u00f3n y expandir nuestro alcance, necesitamos tu ayuda. Adem\u00e1s, buscamos personas comprometidas que deseen unirse a nuestro equipo. Con tu apoyo, lograremos llegar a m\u00e1s personas, difundir el mensaje de Cristo y reforzar la unidad de los cristianos. \u00bfTe unes a nuestra misi\u00f3n? Para m\u00e1s informaci\u00f3n sobre c\u00f3mo colaborar, visita Exaudi.org\/es o cont\u00e1ctanos directamente: info@exaudi.org Exaudi: Informa, forma y transforma.","sameAs":["https:\/\/www.facebook.com\/ExaudiNoticias\/","https:\/\/www.instagram.com\/exaudi_noticias\/","https:\/\/x.com\/Exaudi_noticias","https:\/\/www.youtube.com\/@exaudicatholicnews"],"url":"https:\/\/exaudi.org\/es\/author\/redaccionexaudi\/"}]}},"jetpack_featured_media_url":"https:\/\/exaudi.org\/wp-content\/uploads\/2023\/06\/cq5dam.thumbnail.cropped.750.422-4.jpeg","jetpack_shortlink":"https:\/\/wp.me\/pgKjF2-keK","_links":{"self":[{"href":"https:\/\/exaudi.org\/es\/wp-json\/wp\/v2\/posts\/77794","targetHints":{"allow":["GET"]}}],"collection":[{"href":"https:\/\/exaudi.org\/es\/wp-json\/wp\/v2\/posts"}],"about":[{"href":"https:\/\/exaudi.org\/es\/wp-json\/wp\/v2\/types\/post"}],"author":[{"embeddable":true,"href":"https:\/\/exaudi.org\/es\/wp-json\/wp\/v2\/users\/15"}],"replies":[{"embeddable":true,"href":"https:\/\/exaudi.org\/es\/wp-json\/wp\/v2\/comments?post=77794"}],"version-history":[{"count":0,"href":"https:\/\/exaudi.org\/es\/wp-json\/wp\/v2\/posts\/77794\/revisions"}],"wp:featuredmedia":[{"embeddable":true,"href":"https:\/\/exaudi.org\/es\/wp-json\/wp\/v2\/media\/77790"}],"wp:attachment":[{"href":"https:\/\/exaudi.org\/es\/wp-json\/wp\/v2\/media?parent=77794"}],"wp:term":[{"taxonomy":"category","embeddable":true,"href":"https:\/\/exaudi.org\/es\/wp-json\/wp\/v2\/categories?post=77794"},{"taxonomy":"post_tag","embeddable":true,"href":"https:\/\/exaudi.org\/es\/wp-json\/wp\/v2\/tags?post=77794"}],"curies":[{"name":"wp","href":"https:\/\/api.w.org\/{rel}","templated":true}]}}