{"id":77681,"date":"2023-06-08T09:00:02","date_gmt":"2023-06-08T07:00:02","guid":{"rendered":"https:\/\/exaudi.org\/?p=77681"},"modified":"2023-06-07T12:27:20","modified_gmt":"2023-06-07T10:27:20","slug":"cardenal-arizmendi-gobierno-e-iglesia-estamos-para-servir","status":"publish","type":"post","link":"https:\/\/exaudi.org\/es\/cardenal-arizmendi-gobierno-e-iglesia-estamos-para-servir\/","title":{"rendered":"Cardenal Arizmendi: Gobierno e Iglesia estamos para servir"},"content":{"rendered":"<audio class=\"wp-audio-shortcode\" id=\"audio-77681-1\" preload=\"none\" style=\"width: 100%;\" controls=\"controls\"><source type=\"audio\/mpeg\" src=\"https:\/\/exaudi.org\/wp-content\/uploads\/2023\/06\/Articulo-7-junio.mp3?_=1\" \/><a href=\"https:\/\/exaudi.org\/wp-content\/uploads\/2023\/06\/Articulo-7-junio.mp3\">https:\/\/exaudi.org\/wp-content\/uploads\/2023\/06\/Articulo-7-junio.mp3<\/a><\/audio>\n<p>El\u00a0<a href=\"https:\/\/exaudi.org\/es\/author\/felipearizmendi\/\" target=\"_blank\" rel=\"noopener\">cardenal Felipe Arizmendi<\/a>, obispo em\u00e9rito de San Crist\u00f3bal de Las Casas y responsable de la Doctrina de la Fe en la\u00a0<a href=\"https:\/\/www.cem.org.mx\/\" target=\"_blank\" rel=\"noopener\">Conferencia del Episcopado Mexicano (CEM)<\/a>, ofrece a los lectores de Exaudi su art\u00edculo semanal titulado \u201cGobierno e Iglesia estamos para servir\u201d<\/p>\n<p>***<\/p>\n<p><strong>MIRAR<\/strong><\/p>\n<p>En el Estado (Provincia, Departamento) de M\u00e9xico ya pasaron las elecciones y result\u00f3 ganadora la Maestra Delfina G\u00f3mez, con el apoyo del partido en el poder. Nos guste o no nos guste el resultado, se ha de respetar la voluntad expresada mayoritariamente por los ciudadanos. Como Iglesia, a trav\u00e9s de la historia, hemos trabajado con reg\u00edmenes de muy variadas tendencias, unos afines a nuestra fe, y otros totalmente opuestos a la misma. El Reino de Dios se construye en la justicia y en la paz, tambi\u00e9n por caminos que nosotros no conocemos y fuera de nuestros esquemas. Lo que importa es que haya verdad y vida, santidad y gracia, justicia, amor y paz. Son valores que hemos de procurar y defender, con el r\u00e9gimen en turno del color que sea. Lo que importa es el bien integral del pueblo. Y en esto debemos unirnos, para juntos luchar por la paz social, cada quien desde nuestra identidad y misi\u00f3n. Es lamentable y preocupante que haya habido tan alto abstencionismo.<\/p>\n<p>Pocos d\u00edas antes de las elecciones, unos obispos y sacerdotes de este Estado ten\u00edamos programada una reuni\u00f3n con la Maestra Delfina y sus inmediatos colaboradores. Por problemas de su salud, no lleg\u00f3, pero conversamos con sus m\u00e1s cercanos. Desde ese momento, acordamos tener reuniones peri\u00f3dicas, no para tramitar prebendas o privilegios personales o de grupo, sino para compartirles lo que nosotros vemos y vivimos con nuestro pueblo, pues no siempre les llega toda la informaci\u00f3n, y ver en qu\u00e9 aspectos podemos unir esfuerzos en bien de la comunidad. Ahora que ella result\u00f3 triunfante, esperamos que se concrete esa propuesta de reunirnos de cuando en cuando, para buscar juntos la paz y la justicia de nuestro Estado. No pretendemos un gobierno clerical, pero tampoco una Iglesia aislada del servicio a la comunidad.<\/p>\n<p><strong>DISCERNIR<\/strong><\/p>\n<p>El Papa Francisco, en un discurso al Presidente de Italia Sergio Matarella, dijo algo que vale para nuestra circunstancia:<\/p>\n<p><em>\u201c<\/em><em>El Concilio Vaticano II subray\u00f3 el papel de los fieles laicos, destacando su car\u00e1cter secular. En efecto,\u00a0los laicos, en virtud del bautismo, tienen una misi\u00f3n real, que han de llevar a cabo \u00aben el mundo, es decir, comprometidos en todas y cada una de las ocupaciones y negocios del mundo y en las condiciones ordinarias de la vida familiar y social\u00bb\u00a0(Lumen gentium, 31). Y entre estas ocupaciones destaca la pol\u00edtica, que es la \u00abforma m\u00e1s elevada de caridad\u00bb. Pero \u2013podemos preguntarnos\u2013\u00a0\u00bfc\u00f3mo hacer de la acci\u00f3n pol\u00edtica una forma de caridad y, por otra parte, c\u00f3mo vivir la caridad, es decir, el amor en el sentido m\u00e1s elevado, dentro de la din\u00e1mica pol\u00edtica?<\/em><\/p>\n<p><em>Creo que la respuesta est\u00e1 en una palabra: servicio. San Pablo VI dec\u00eda que\u00a0quienes ejercen el poder p\u00fablico deben considerarse \u00abservidores de sus compatriotas, con el desinter\u00e9s y la integridad propios de su alta funci\u00f3n\u00bb . Y sentenci\u00f3: \u00abEl deber de servicio es inherente a la autoridad; y cuanto mayor es ese deber, m\u00e1s elevada es esa autoridad\u00bb. Sin embargo, sabemos bien cu\u00e1n dif\u00edcil es esto y c\u00f3mo la tentaci\u00f3n generalizada, en todas las \u00e9pocas, incluso en los mejores sistemas pol\u00edticos, es servirse de la autoridad en lugar de servir a trav\u00e9s de la autoridad. \u00a1Qu\u00e9 f\u00e1cil es subirse a un pedestal y qu\u00e9 dif\u00edcil rebajarse al servicio de los dem\u00e1s!<\/em><\/p>\n<p><em>Cristo mismo habl\u00f3 de la dificultad de servir y de hacer por los dem\u00e1s, admitiendo, con un realismo velado de tristeza, que \u00ablos que son considerados los jefes de las naciones las dominan y sus dirigentes las oprimen\u00bb. Pero enseguida dijo a los suyos: \u00abPero entre <\/em><em>ustedes<\/em><em> no es as\u00ed, sino que el que quiera hacerse grande entre <\/em><em>ustedes<\/em><em> ser\u00e1 <\/em><em>su<\/em><em> servidor\u00bb (Mc 10, 42-43). A partir de entonces,\u00a0para el cristiano, grandeza es sin\u00f3nimo de servicio. Me gusta decir que \u00abquien no vive para servir, no <\/em><em>sirve<\/em><em> para vivir\u00bb.\u00a0<\/em><\/p>\n<p><em>Pero\u00a0el servicio corre el riesgo de seguir siendo un ideal bastante abstracto sin una segunda palabra que nunca puede separarse de \u00e9l: responsabilidad.<\/em> <em>Es, como la propia palabra indica,\u00a0la capacidad de ofrecer respuestas, a partir del propio compromiso, sin esperar a que otros las den. <\/em><\/p>\n<p><em>L<\/em><em>as palabras sirven de poco \u00absi no van acompa\u00f1adas en cada persona de una conciencia m\u00e1s viva de su propia responsabilidad\u00bb. Porque, explicaba<\/em><em> San Pablo VI<\/em><em>, \u00abes demasiado f\u00e1cil descargar en los dem\u00e1s la responsabilidad de la injusticia, si no se est\u00e1 convencido al mismo tiempo de que cada uno participa en ella y de que es necesaria ante todo la conversi\u00f3n personal\u00bb. Son palabras que me parecen muy pertinentes hoy, cuando es casi autom\u00e1tico culpar a los dem\u00e1s, mientras se debilita la pasi\u00f3n por el conjunto y el compromiso com\u00fan corre el riesgo de eclipsar las necesidades del individuo; donde, en un clima de incertidumbre, la desconfianza se convierte f\u00e1cilmente en indiferencia. La responsabilidad, en cambio,\u00a0 llama a cada uno a ir contracorriente con respecto al clima de derrotismo y de queja, a sentir como propias las necesidades de los dem\u00e1s y a redescubrirse como partes insustituibles del tejido social y humano \u00fanico al que todos pertenecemos.<\/em><\/p>\n<p><em>Siguiendo con el tema de la responsabilidad, pienso en ese componente esencial de la vida en com\u00fan que es el compromiso con la legalidad. San Pablo VI observ\u00f3 que en las sociedades democr\u00e1ticas no faltan instituciones, pactos y estatutos, pero que \u00aba menudo falta la libre y honesta observancia de la legalidad\u00bb y que en ellas \u00absurge el ego\u00edsmo colectivo\u00bb<\/em> (29-V-2023)<em>.<\/em><\/p>\n<p><strong>ACTUAR<\/strong><\/p>\n<p>En vez de estar pensando qu\u00e9 ventajas personales podremos obtener con la nueva gobernadora de nuestro Estado, pensemos en nuestra propia responsabilidad ante lo que todos podemos y debemos hacer por recuperar la seguridad, la paz y la justicia social.<\/p>\n<p><img loading=\"lazy\" decoding=\"async\" class=\"size-full wp-image-77689 aligncenter\" src=\"https:\/\/exaudi.org\/wp-content\/uploads\/2023\/06\/Voces-3.jpg\" alt=\"\" width=\"1080\" height=\"1080\" srcset=\"https:\/\/exaudi.org\/wp-content\/uploads\/2023\/06\/Voces-3.jpg 1080w, https:\/\/exaudi.org\/wp-content\/uploads\/2023\/06\/Voces-3-300x300.jpg 300w, https:\/\/exaudi.org\/wp-content\/uploads\/2023\/06\/Voces-3-1024x1024.jpg 1024w, https:\/\/exaudi.org\/wp-content\/uploads\/2023\/06\/Voces-3-100x100.jpg?crop=1 100w, https:\/\/exaudi.org\/wp-content\/uploads\/2023\/06\/Voces-3-770x770.jpg 770w, https:\/\/exaudi.org\/wp-content\/uploads\/2023\/06\/Voces-3-500x500.jpg 500w, https:\/\/exaudi.org\/wp-content\/uploads\/2023\/06\/Voces-3-293x293.jpg 293w, https:\/\/exaudi.org\/wp-content\/uploads\/2023\/06\/Voces-3-390x390.jpg 390w, https:\/\/exaudi.org\/wp-content\/uploads\/2023\/06\/Voces-3-585x585.jpg 585w, https:\/\/exaudi.org\/wp-content\/uploads\/2023\/06\/Voces-3-900x900.jpg 900w\" sizes=\"auto, (max-width: 1080px) 100vw, 1080px\" \/><\/p>\n","protected":false},"excerpt":{"rendered":"<p>Pensemos en nuestra propia responsabilidad ante lo que todos podemos y debemos hacer<\/p>\n","protected":false},"author":24,"featured_media":77686,"comment_status":"closed","ping_status":"closed","sticky":false,"template":"","format":"standard","meta":{"_acf_changed":false,"_crdt_document":"","inline_featured_image":false,"footnotes":""},"categories":[130],"tags":[6274,927,440,4953],"class_list":["post-77681","post","type-post","status-publish","format-standard","has-post-thumbnail","hentry","category-voces","tag-felipe-arizmendi","tag-gobierno","tag-iglesia","tag-trending-es"],"acf":[],"yoast_head":"<!-- This site is optimized with the Yoast SEO plugin v27.5 - https:\/\/yoast.com\/product\/yoast-seo-wordpress\/ -->\n<title>Cardenal Arizmendi: Gobierno e Iglesia estamos para servir &#8211; Exaudi<\/title>\n<meta name=\"robots\" content=\"index, follow, max-snippet:-1, max-image-preview:large, max-video-preview:-1\" \/>\n<link rel=\"canonical\" href=\"https:\/\/exaudi.org\/es\/cardenal-arizmendi-gobierno-e-iglesia-estamos-para-servir\/\" \/>\n<meta property=\"og:locale\" content=\"es_ES\" \/>\n<meta property=\"og:type\" content=\"article\" \/>\n<meta property=\"og:title\" content=\"Cardenal Arizmendi: Gobierno e Iglesia estamos para servir &#8211; Exaudi\" \/>\n<meta property=\"og:description\" content=\"Pensemos en nuestra propia responsabilidad ante lo que todos podemos y debemos hacer\" \/>\n<meta property=\"og:url\" content=\"https:\/\/exaudi.org\/es\/cardenal-arizmendi-gobierno-e-iglesia-estamos-para-servir\/\" \/>\n<meta property=\"og:site_name\" content=\"Exaudi\" \/>\n<meta property=\"article:publisher\" content=\"https:\/\/www.facebook.com\/ExaudiNews\" \/>\n<meta property=\"article:published_time\" content=\"2023-06-08T07:00:02+00:00\" \/>\n<meta property=\"og:image\" content=\"https:\/\/exaudi.org\/wp-content\/uploads\/2023\/06\/pexels-david-henry-7384589-scaled.jpg\" \/>\n\t<meta property=\"og:image:width\" content=\"2560\" \/>\n\t<meta property=\"og:image:height\" content=\"1714\" \/>\n\t<meta property=\"og:image:type\" content=\"image\/jpeg\" \/>\n<meta name=\"author\" content=\"Cardenal Felipe Arizmendi\" \/>\n<meta name=\"twitter:card\" content=\"summary_large_image\" \/>\n<meta name=\"twitter:creator\" content=\"@Exaudi_News\" \/>\n<meta name=\"twitter:site\" content=\"@Exaudi_News\" \/>\n<meta name=\"twitter:label1\" content=\"Escrito por\" \/>\n\t<meta name=\"twitter:data1\" content=\"Cardenal Felipe Arizmendi\" \/>\n\t<meta name=\"twitter:label2\" content=\"Tiempo de lectura\" \/>\n\t<meta name=\"twitter:data2\" content=\"5 minutos\" \/>\n<script type=\"application\/ld+json\" class=\"yoast-schema-graph\">{\"@context\":\"https:\\\/\\\/schema.org\",\"@graph\":[{\"@type\":\"Article\",\"@id\":\"https:\\\/\\\/exaudi.org\\\/es\\\/cardenal-arizmendi-gobierno-e-iglesia-estamos-para-servir\\\/#article\",\"isPartOf\":{\"@id\":\"https:\\\/\\\/exaudi.org\\\/es\\\/cardenal-arizmendi-gobierno-e-iglesia-estamos-para-servir\\\/\"},\"author\":{\"name\":\"Cardenal Felipe Arizmendi\",\"@id\":\"https:\\\/\\\/exaudi.org\\\/#\\\/schema\\\/person\\\/c7d223f87e58f1105d044d8da1439102\"},\"headline\":\"Cardenal Arizmendi: Gobierno e Iglesia estamos para servir\",\"datePublished\":\"2023-06-08T07:00:02+00:00\",\"mainEntityOfPage\":{\"@id\":\"https:\\\/\\\/exaudi.org\\\/es\\\/cardenal-arizmendi-gobierno-e-iglesia-estamos-para-servir\\\/\"},\"wordCount\":1061,\"image\":{\"@id\":\"https:\\\/\\\/exaudi.org\\\/es\\\/cardenal-arizmendi-gobierno-e-iglesia-estamos-para-servir\\\/#primaryimage\"},\"thumbnailUrl\":\"https:\\\/\\\/exaudi.org\\\/wp-content\\\/uploads\\\/2023\\\/06\\\/pexels-david-henry-7384589-scaled.jpg\",\"keywords\":[\"Felipe Arizmendi\",\"Gobierno\",\"Iglesia\",\"Trending\"],\"articleSection\":[\"Voces\"],\"inLanguage\":\"es\"},{\"@type\":\"WebPage\",\"@id\":\"https:\\\/\\\/exaudi.org\\\/es\\\/cardenal-arizmendi-gobierno-e-iglesia-estamos-para-servir\\\/\",\"url\":\"https:\\\/\\\/exaudi.org\\\/es\\\/cardenal-arizmendi-gobierno-e-iglesia-estamos-para-servir\\\/\",\"name\":\"Cardenal Arizmendi: Gobierno e Iglesia estamos para servir &#8211; Exaudi\",\"isPartOf\":{\"@id\":\"https:\\\/\\\/exaudi.org\\\/#website\"},\"primaryImageOfPage\":{\"@id\":\"https:\\\/\\\/exaudi.org\\\/es\\\/cardenal-arizmendi-gobierno-e-iglesia-estamos-para-servir\\\/#primaryimage\"},\"image\":{\"@id\":\"https:\\\/\\\/exaudi.org\\\/es\\\/cardenal-arizmendi-gobierno-e-iglesia-estamos-para-servir\\\/#primaryimage\"},\"thumbnailUrl\":\"https:\\\/\\\/exaudi.org\\\/wp-content\\\/uploads\\\/2023\\\/06\\\/pexels-david-henry-7384589-scaled.jpg\",\"datePublished\":\"2023-06-08T07:00:02+00:00\",\"author\":{\"@id\":\"https:\\\/\\\/exaudi.org\\\/#\\\/schema\\\/person\\\/c7d223f87e58f1105d044d8da1439102\"},\"breadcrumb\":{\"@id\":\"https:\\\/\\\/exaudi.org\\\/es\\\/cardenal-arizmendi-gobierno-e-iglesia-estamos-para-servir\\\/#breadcrumb\"},\"inLanguage\":\"es\",\"potentialAction\":[{\"@type\":\"ReadAction\",\"target\":[\"https:\\\/\\\/exaudi.org\\\/es\\\/cardenal-arizmendi-gobierno-e-iglesia-estamos-para-servir\\\/\"]}]},{\"@type\":\"ImageObject\",\"inLanguage\":\"es\",\"@id\":\"https:\\\/\\\/exaudi.org\\\/es\\\/cardenal-arizmendi-gobierno-e-iglesia-estamos-para-servir\\\/#primaryimage\",\"url\":\"https:\\\/\\\/exaudi.org\\\/wp-content\\\/uploads\\\/2023\\\/06\\\/pexels-david-henry-7384589-scaled.jpg\",\"contentUrl\":\"https:\\\/\\\/exaudi.org\\\/wp-content\\\/uploads\\\/2023\\\/06\\\/pexels-david-henry-7384589-scaled.jpg\",\"width\":2560,\"height\":1714,\"caption\":\"(C) Pexels\"},{\"@type\":\"BreadcrumbList\",\"@id\":\"https:\\\/\\\/exaudi.org\\\/es\\\/cardenal-arizmendi-gobierno-e-iglesia-estamos-para-servir\\\/#breadcrumb\",\"itemListElement\":[{\"@type\":\"ListItem\",\"position\":1,\"name\":\"Portada\",\"item\":\"https:\\\/\\\/exaudi.org\\\/es\\\/\"},{\"@type\":\"ListItem\",\"position\":2,\"name\":\"Cardenal Arizmendi: Gobierno e Iglesia estamos para servir\"}]},{\"@type\":\"WebSite\",\"@id\":\"https:\\\/\\\/exaudi.org\\\/#website\",\"url\":\"https:\\\/\\\/exaudi.org\\\/\",\"name\":\"Exaudi\",\"description\":\"News\",\"potentialAction\":[{\"@type\":\"SearchAction\",\"target\":{\"@type\":\"EntryPoint\",\"urlTemplate\":\"https:\\\/\\\/exaudi.org\\\/?s={search_term_string}\"},\"query-input\":{\"@type\":\"PropertyValueSpecification\",\"valueRequired\":true,\"valueName\":\"search_term_string\"}}],\"inLanguage\":\"es\"},{\"@type\":\"Person\",\"@id\":\"https:\\\/\\\/exaudi.org\\\/#\\\/schema\\\/person\\\/c7d223f87e58f1105d044d8da1439102\",\"name\":\"Cardenal Felipe Arizmendi\",\"image\":{\"@type\":\"ImageObject\",\"inLanguage\":\"es\",\"@id\":\"https:\\\/\\\/secure.gravatar.com\\\/avatar\\\/4ffc5520d896b86d39346168903de33a17ef0f23d16de0ff45062c1ff422ed2f?s=96&d=mm&r=g\",\"url\":\"https:\\\/\\\/secure.gravatar.com\\\/avatar\\\/4ffc5520d896b86d39346168903de33a17ef0f23d16de0ff45062c1ff422ed2f?s=96&d=mm&r=g\",\"contentUrl\":\"https:\\\/\\\/secure.gravatar.com\\\/avatar\\\/4ffc5520d896b86d39346168903de33a17ef0f23d16de0ff45062c1ff422ed2f?s=96&d=mm&r=g\",\"caption\":\"Cardenal Felipe Arizmendi\"},\"description\":\"Nacido en Chiltepec el 1 de mayo de 1940. Estudi\u00f3 Humanidades y Filosof\u00eda en el Seminario de Toluca, de 1952 a 1959. Curs\u00f3 la Teolog\u00eda en la Universidad Pontificia de Salamanca, Espa\u00f1a, de 1959 a 1963, obteniendo la licenciatura en Teolog\u00eda Dogm\u00e1tica. Por su cuenta, se especializ\u00f3 en Liturgia. Fue ordenado sacerdote el 25 de agosto de 1963 en Toluca. Sirvi\u00f3 como Vicario Parroquial en tres parroquias por tres a\u00f1os y medio y fue p\u00e1rroco de una comunidad ind\u00edgena otom\u00ed, de 1967 a 1970. Fue Director Espiritual del Seminario de Toluca por diez a\u00f1os, y Rector del mismo de 1981 a 1991. El 7 de marzo de 1991, fue ordenado obispo de la di\u00f3cesis de Tapachula, donde estuvo hasta el 30 de abril del a\u00f1o 2000. El 1 de mayo del 2000, inici\u00f3 su ministerio episcopal como XLVI obispo de la di\u00f3cesis de San Crist\u00f3bal de las Casas, Chiapas, una de las di\u00f3cesis m\u00e1s antiguas de M\u00e9xico, erigida en 1539; all\u00ed sirvi\u00f3 por casi 18 a\u00f1os. Ha ocupado diversos cargos en la Conferencia del Episcopado Mexicano y en el CELAM. El 3 de noviembre de 2017, el Papa Francisco le acept\u00f3, por edad, su renuncia al servicio episcopal en esta di\u00f3cesis, que entreg\u00f3 a su sucesor el 3 de enero de 2018. Desde entonces, reside en la ciudad de Toluca. Desde 1979, escribe art\u00edculos de actualidad en varios medios religiosos y civiles. Es autor de varias publicaciones.\",\"url\":\"https:\\\/\\\/exaudi.org\\\/es\\\/author\\\/felipearizmendi\\\/\"}]}<\/script>\n<!-- \/ Yoast SEO plugin. -->","yoast_head_json":{"title":"Cardenal Arizmendi: Gobierno e Iglesia estamos para servir &#8211; Exaudi","robots":{"index":"index","follow":"follow","max-snippet":"max-snippet:-1","max-image-preview":"max-image-preview:large","max-video-preview":"max-video-preview:-1"},"canonical":"https:\/\/exaudi.org\/es\/cardenal-arizmendi-gobierno-e-iglesia-estamos-para-servir\/","og_locale":"es_ES","og_type":"article","og_title":"Cardenal Arizmendi: Gobierno e Iglesia estamos para servir &#8211; Exaudi","og_description":"Pensemos en nuestra propia responsabilidad ante lo que todos podemos y debemos hacer","og_url":"https:\/\/exaudi.org\/es\/cardenal-arizmendi-gobierno-e-iglesia-estamos-para-servir\/","og_site_name":"Exaudi","article_publisher":"https:\/\/www.facebook.com\/ExaudiNews","article_published_time":"2023-06-08T07:00:02+00:00","og_image":[{"width":2560,"height":1714,"url":"https:\/\/exaudi.org\/wp-content\/uploads\/2023\/06\/pexels-david-henry-7384589-scaled.jpg","type":"image\/jpeg"}],"author":"Cardenal Felipe Arizmendi","twitter_card":"summary_large_image","twitter_creator":"@Exaudi_News","twitter_site":"@Exaudi_News","twitter_misc":{"Escrito por":"Cardenal Felipe Arizmendi","Tiempo de lectura":"5 minutos"},"schema":{"@context":"https:\/\/schema.org","@graph":[{"@type":"Article","@id":"https:\/\/exaudi.org\/es\/cardenal-arizmendi-gobierno-e-iglesia-estamos-para-servir\/#article","isPartOf":{"@id":"https:\/\/exaudi.org\/es\/cardenal-arizmendi-gobierno-e-iglesia-estamos-para-servir\/"},"author":{"name":"Cardenal Felipe Arizmendi","@id":"https:\/\/exaudi.org\/#\/schema\/person\/c7d223f87e58f1105d044d8da1439102"},"headline":"Cardenal Arizmendi: Gobierno e Iglesia estamos para servir","datePublished":"2023-06-08T07:00:02+00:00","mainEntityOfPage":{"@id":"https:\/\/exaudi.org\/es\/cardenal-arizmendi-gobierno-e-iglesia-estamos-para-servir\/"},"wordCount":1061,"image":{"@id":"https:\/\/exaudi.org\/es\/cardenal-arizmendi-gobierno-e-iglesia-estamos-para-servir\/#primaryimage"},"thumbnailUrl":"https:\/\/exaudi.org\/wp-content\/uploads\/2023\/06\/pexels-david-henry-7384589-scaled.jpg","keywords":["Felipe Arizmendi","Gobierno","Iglesia","Trending"],"articleSection":["Voces"],"inLanguage":"es"},{"@type":"WebPage","@id":"https:\/\/exaudi.org\/es\/cardenal-arizmendi-gobierno-e-iglesia-estamos-para-servir\/","url":"https:\/\/exaudi.org\/es\/cardenal-arizmendi-gobierno-e-iglesia-estamos-para-servir\/","name":"Cardenal Arizmendi: Gobierno e Iglesia estamos para servir &#8211; Exaudi","isPartOf":{"@id":"https:\/\/exaudi.org\/#website"},"primaryImageOfPage":{"@id":"https:\/\/exaudi.org\/es\/cardenal-arizmendi-gobierno-e-iglesia-estamos-para-servir\/#primaryimage"},"image":{"@id":"https:\/\/exaudi.org\/es\/cardenal-arizmendi-gobierno-e-iglesia-estamos-para-servir\/#primaryimage"},"thumbnailUrl":"https:\/\/exaudi.org\/wp-content\/uploads\/2023\/06\/pexels-david-henry-7384589-scaled.jpg","datePublished":"2023-06-08T07:00:02+00:00","author":{"@id":"https:\/\/exaudi.org\/#\/schema\/person\/c7d223f87e58f1105d044d8da1439102"},"breadcrumb":{"@id":"https:\/\/exaudi.org\/es\/cardenal-arizmendi-gobierno-e-iglesia-estamos-para-servir\/#breadcrumb"},"inLanguage":"es","potentialAction":[{"@type":"ReadAction","target":["https:\/\/exaudi.org\/es\/cardenal-arizmendi-gobierno-e-iglesia-estamos-para-servir\/"]}]},{"@type":"ImageObject","inLanguage":"es","@id":"https:\/\/exaudi.org\/es\/cardenal-arizmendi-gobierno-e-iglesia-estamos-para-servir\/#primaryimage","url":"https:\/\/exaudi.org\/wp-content\/uploads\/2023\/06\/pexels-david-henry-7384589-scaled.jpg","contentUrl":"https:\/\/exaudi.org\/wp-content\/uploads\/2023\/06\/pexels-david-henry-7384589-scaled.jpg","width":2560,"height":1714,"caption":"(C) Pexels"},{"@type":"BreadcrumbList","@id":"https:\/\/exaudi.org\/es\/cardenal-arizmendi-gobierno-e-iglesia-estamos-para-servir\/#breadcrumb","itemListElement":[{"@type":"ListItem","position":1,"name":"Portada","item":"https:\/\/exaudi.org\/es\/"},{"@type":"ListItem","position":2,"name":"Cardenal Arizmendi: Gobierno e Iglesia estamos para servir"}]},{"@type":"WebSite","@id":"https:\/\/exaudi.org\/#website","url":"https:\/\/exaudi.org\/","name":"Exaudi","description":"News","potentialAction":[{"@type":"SearchAction","target":{"@type":"EntryPoint","urlTemplate":"https:\/\/exaudi.org\/?s={search_term_string}"},"query-input":{"@type":"PropertyValueSpecification","valueRequired":true,"valueName":"search_term_string"}}],"inLanguage":"es"},{"@type":"Person","@id":"https:\/\/exaudi.org\/#\/schema\/person\/c7d223f87e58f1105d044d8da1439102","name":"Cardenal Felipe Arizmendi","image":{"@type":"ImageObject","inLanguage":"es","@id":"https:\/\/secure.gravatar.com\/avatar\/4ffc5520d896b86d39346168903de33a17ef0f23d16de0ff45062c1ff422ed2f?s=96&d=mm&r=g","url":"https:\/\/secure.gravatar.com\/avatar\/4ffc5520d896b86d39346168903de33a17ef0f23d16de0ff45062c1ff422ed2f?s=96&d=mm&r=g","contentUrl":"https:\/\/secure.gravatar.com\/avatar\/4ffc5520d896b86d39346168903de33a17ef0f23d16de0ff45062c1ff422ed2f?s=96&d=mm&r=g","caption":"Cardenal Felipe Arizmendi"},"description":"Nacido en Chiltepec el 1 de mayo de 1940. Estudi\u00f3 Humanidades y Filosof\u00eda en el Seminario de Toluca, de 1952 a 1959. Curs\u00f3 la Teolog\u00eda en la Universidad Pontificia de Salamanca, Espa\u00f1a, de 1959 a 1963, obteniendo la licenciatura en Teolog\u00eda Dogm\u00e1tica. Por su cuenta, se especializ\u00f3 en Liturgia. Fue ordenado sacerdote el 25 de agosto de 1963 en Toluca. Sirvi\u00f3 como Vicario Parroquial en tres parroquias por tres a\u00f1os y medio y fue p\u00e1rroco de una comunidad ind\u00edgena otom\u00ed, de 1967 a 1970. Fue Director Espiritual del Seminario de Toluca por diez a\u00f1os, y Rector del mismo de 1981 a 1991. El 7 de marzo de 1991, fue ordenado obispo de la di\u00f3cesis de Tapachula, donde estuvo hasta el 30 de abril del a\u00f1o 2000. El 1 de mayo del 2000, inici\u00f3 su ministerio episcopal como XLVI obispo de la di\u00f3cesis de San Crist\u00f3bal de las Casas, Chiapas, una de las di\u00f3cesis m\u00e1s antiguas de M\u00e9xico, erigida en 1539; all\u00ed sirvi\u00f3 por casi 18 a\u00f1os. Ha ocupado diversos cargos en la Conferencia del Episcopado Mexicano y en el CELAM. El 3 de noviembre de 2017, el Papa Francisco le acept\u00f3, por edad, su renuncia al servicio episcopal en esta di\u00f3cesis, que entreg\u00f3 a su sucesor el 3 de enero de 2018. Desde entonces, reside en la ciudad de Toluca. Desde 1979, escribe art\u00edculos de actualidad en varios medios religiosos y civiles. Es autor de varias publicaciones.","url":"https:\/\/exaudi.org\/es\/author\/felipearizmendi\/"}]}},"jetpack_featured_media_url":"https:\/\/exaudi.org\/wp-content\/uploads\/2023\/06\/pexels-david-henry-7384589-scaled.jpg","jetpack_shortlink":"https:\/\/wp.me\/pgKjF2-kcV","_links":{"self":[{"href":"https:\/\/exaudi.org\/es\/wp-json\/wp\/v2\/posts\/77681","targetHints":{"allow":["GET"]}}],"collection":[{"href":"https:\/\/exaudi.org\/es\/wp-json\/wp\/v2\/posts"}],"about":[{"href":"https:\/\/exaudi.org\/es\/wp-json\/wp\/v2\/types\/post"}],"author":[{"embeddable":true,"href":"https:\/\/exaudi.org\/es\/wp-json\/wp\/v2\/users\/24"}],"replies":[{"embeddable":true,"href":"https:\/\/exaudi.org\/es\/wp-json\/wp\/v2\/comments?post=77681"}],"version-history":[{"count":0,"href":"https:\/\/exaudi.org\/es\/wp-json\/wp\/v2\/posts\/77681\/revisions"}],"wp:featuredmedia":[{"embeddable":true,"href":"https:\/\/exaudi.org\/es\/wp-json\/wp\/v2\/media\/77686"}],"wp:attachment":[{"href":"https:\/\/exaudi.org\/es\/wp-json\/wp\/v2\/media?parent=77681"}],"wp:term":[{"taxonomy":"category","embeddable":true,"href":"https:\/\/exaudi.org\/es\/wp-json\/wp\/v2\/categories?post=77681"},{"taxonomy":"post_tag","embeddable":true,"href":"https:\/\/exaudi.org\/es\/wp-json\/wp\/v2\/tags?post=77681"}],"curies":[{"name":"wp","href":"https:\/\/api.w.org\/{rel}","templated":true}]}}