{"id":77489,"date":"2023-06-04T17:18:13","date_gmt":"2023-06-04T15:18:13","guid":{"rendered":"https:\/\/exaudi.org\/?p=77489"},"modified":"2023-06-04T20:42:02","modified_gmt":"2023-06-04T18:42:02","slug":"cercania-y-oracion-del-papa-por-las-victimas-del-accidente-de-tren-ocurrido-en-india","status":"publish","type":"post","link":"https:\/\/exaudi.org\/es\/cercania-y-oracion-del-papa-por-las-victimas-del-accidente-de-tren-ocurrido-en-india\/","title":{"rendered":"Cercan\u00eda y oraci\u00f3n del Papa por las v\u00edctimas del accidente de tren ocurrido en India"},"content":{"rendered":"<div class=\"article__subTitle\">\n<audio class=\"wp-audio-shortcode\" id=\"audio-77489-1\" preload=\"none\" style=\"width: 100%;\" controls=\"controls\"><source type=\"audio\/mpeg\" src=\"https:\/\/exaudi.org\/wp-content\/uploads\/2023\/06\/Cercania-y-oracion-del-Papa-por-las-victimas-del.mp3?_=1\" \/><a href=\"https:\/\/exaudi.org\/wp-content\/uploads\/2023\/06\/Cercania-y-oracion-del-Papa-por-las-victimas-del.mp3\">https:\/\/exaudi.org\/wp-content\/uploads\/2023\/06\/Cercania-y-oracion-del-Papa-por-las-victimas-del.mp3<\/a><\/audio>\n<p>Este domingo, 4 de junio de 2023, solemnidad de la Sant\u00edsima Trinidad, despu\u00e9s de rezar la oraci\u00f3n del <a href=\"https:\/\/exaudi.org\/es\/el-papa-nuestro-dios-es-comunion-de-amor\/\" target=\"_blank\" rel=\"noopener\"><em>\u00c1ngelus,<\/em> <\/a>el Santo Padre elev\u00f3 sus oraciones \u201cpor las numerosas v\u00edctimas del accidente de tren ocurrido hace dos d\u00edas en la India\u201d. Tambi\u00e9n encomend\u00f3 a la, <em>Virgo Fidelis<\/em>, Madre sol\u00edcita, los pueblos probados por el flagelo de la guerra, especialmente la querida y atormentada Ucrania.<\/div>\n<div>\n<p>Estas fueron las palabras del Papa despu\u00e9s de la oraci\u00f3n mariana, ofrecidas por la\u00a0<a href=\"https:\/\/www.vatican.va\/news_services\/press\/index_sp.htm\" target=\"_blank\" rel=\"noopener\">Oficina de Prensa de la Santa Sede:<\/a><\/p>\n<p>***<\/p>\n<\/div>\n<h3><strong>Palabras del Papa<\/strong><\/h3>\n<p>Queridos hermanos y hermanas:<\/p>\n<p>aseguro mis oraciones por las numerosas v\u00edctimas del accidente ferroviario acaecido en India hace dos d\u00edas. Manifiesto mi cercan\u00eda a los heridos y a los familiares de las v\u00edctimas. Que el Padre celestial acoja en su Reino a las almas de los difuntos<\/p>\n<p>Saludo a los romanos y a los peregrinos procedentes de Italia y de numerosos pa\u00edses, en particular a los fieles de Villa Alemana (Chile) y a los chicos de la Confirmaci\u00f3n de Cork (Irlanda). Saludo a los grupos de Poggiomarino, Roccapriora, Macerata, Recanati, Aragona y Mestrino, as\u00ed como a los chicos de la Confirmaci\u00f3n y de la Primera Comuni\u00f3n de Santa Giustina in Colle.<\/p>\n<p>Un saludo especial para los representantes del Arma de los Carabineros, a quienes agradezco su cercan\u00eda cotidiana a la poblaci\u00f3n; que la\u00a0<i>Virgo Fidelis<\/i>, que es su Patrona, los proteja a ustedes y a sus familias. A Ella, Madre premurosa, encomiendo las poblaciones afligidas por la calamidad de la guerra, especialmente la querida y martirizada Ucrania.<\/p>\n<p>Saludo a todos, tambi\u00e9n a los j\u00f3venes de la Inmaculada, que son buenos; y les deseo un feliz domingo. Y, por favor, no se olviden de rezar por m\u00ed. Gracias, buen almuerzo y \u00a1hasta la vista!<\/p>\n<p><iframe loading=\"lazy\" title=\"\u00c1ngelus - 04 junio 2023 - Papa Francisco\" width=\"500\" height=\"281\" src=\"https:\/\/www.youtube.com\/embed\/hDCzwLpRPys?feature=oembed\" frameborder=\"0\" allow=\"accelerometer; autoplay; clipboard-write; encrypted-media; gyroscope; picture-in-picture; web-share\" referrerpolicy=\"strict-origin-when-cross-origin\" allowfullscreen><\/iframe><\/p>\n","protected":false},"excerpt":{"rendered":"<p>Palabras del santo Padre antes del \u00c1ngelus<\/p>\n","protected":false},"author":15,"featured_media":70205,"comment_status":"closed","ping_status":"closed","sticky":false,"template":"","format":"standard","meta":{"_acf_changed":false,"_crdt_document":"","inline_featured_image":false,"footnotes":""},"categories":[70,68],"tags":[9364,4953],"class_list":["post-77489","post","type-post","status-publish","format-standard","has-post-thumbnail","hentry","category-angelus-es","category-leon-xiv","tag-angelus-4-junio-2023","tag-trending-es"],"acf":[],"yoast_head":"<!-- This site is optimized with the Yoast SEO plugin v27.5 - https:\/\/yoast.com\/product\/yoast-seo-wordpress\/ -->\n<title>Cercan\u00eda y oraci\u00f3n del Papa por las v\u00edctimas del accidente de tren ocurrido en India &#8211; Exaudi<\/title>\n<meta name=\"robots\" content=\"index, follow, max-snippet:-1, max-image-preview:large, max-video-preview:-1\" \/>\n<link rel=\"canonical\" href=\"https:\/\/exaudi.org\/es\/cercania-y-oracion-del-papa-por-las-victimas-del-accidente-de-tren-ocurrido-en-india\/\" \/>\n<meta property=\"og:locale\" content=\"es_ES\" \/>\n<meta property=\"og:type\" content=\"article\" \/>\n<meta property=\"og:title\" content=\"Cercan\u00eda y oraci\u00f3n del Papa por las v\u00edctimas del accidente de tren ocurrido en India &#8211; Exaudi\" \/>\n<meta property=\"og:description\" content=\"Palabras del santo Padre antes del \u00c1ngelus\" \/>\n<meta property=\"og:url\" content=\"https:\/\/exaudi.org\/es\/cercania-y-oracion-del-papa-por-las-victimas-del-accidente-de-tren-ocurrido-en-india\/\" \/>\n<meta property=\"og:site_name\" content=\"Exaudi\" \/>\n<meta property=\"article:publisher\" content=\"https:\/\/www.facebook.com\/ExaudiNews\" \/>\n<meta property=\"article:author\" content=\"https:\/\/www.facebook.com\/ExaudiNoticias\/\" \/>\n<meta property=\"article:published_time\" content=\"2023-06-04T15:18:13+00:00\" \/>\n<meta property=\"article:modified_time\" content=\"2023-06-04T18:42:02+00:00\" \/>\n<meta property=\"og:image\" content=\"https:\/\/exaudi.org\/wp-content\/uploads\/2023\/02\/Angelus-10-octubre-2021-1-scaled.jpg\" \/>\n\t<meta property=\"og:image:width\" content=\"2560\" \/>\n\t<meta property=\"og:image:height\" content=\"1707\" \/>\n\t<meta property=\"og:image:type\" content=\"image\/jpeg\" \/>\n<meta name=\"author\" content=\"Exaudi Redacci\u00f3n\" \/>\n<meta name=\"twitter:card\" content=\"summary_large_image\" \/>\n<meta name=\"twitter:creator\" content=\"@Exaudi_noticias\" \/>\n<meta name=\"twitter:site\" content=\"@Exaudi_News\" \/>\n<meta name=\"twitter:label1\" content=\"Escrito por\" \/>\n\t<meta name=\"twitter:data1\" content=\"Exaudi Redacci\u00f3n\" \/>\n\t<meta name=\"twitter:label2\" content=\"Tiempo de lectura\" \/>\n\t<meta name=\"twitter:data2\" content=\"2 minutos\" \/>\n<script type=\"application\/ld+json\" class=\"yoast-schema-graph\">{\"@context\":\"https:\\\/\\\/schema.org\",\"@graph\":[{\"@type\":\"Article\",\"@id\":\"https:\\\/\\\/exaudi.org\\\/es\\\/cercania-y-oracion-del-papa-por-las-victimas-del-accidente-de-tren-ocurrido-en-india\\\/#article\",\"isPartOf\":{\"@id\":\"https:\\\/\\\/exaudi.org\\\/es\\\/cercania-y-oracion-del-papa-por-las-victimas-del-accidente-de-tren-ocurrido-en-india\\\/\"},\"author\":{\"name\":\"Exaudi Redacci\u00f3n\",\"@id\":\"https:\\\/\\\/exaudi.org\\\/#\\\/schema\\\/person\\\/f5fc8f063065e38742da7afe15f25df7\"},\"headline\":\"Cercan\u00eda y oraci\u00f3n del Papa por las v\u00edctimas del accidente de tren ocurrido en India\",\"datePublished\":\"2023-06-04T15:18:13+00:00\",\"dateModified\":\"2023-06-04T18:42:02+00:00\",\"mainEntityOfPage\":{\"@id\":\"https:\\\/\\\/exaudi.org\\\/es\\\/cercania-y-oracion-del-papa-por-las-victimas-del-accidente-de-tren-ocurrido-en-india\\\/\"},\"wordCount\":341,\"image\":{\"@id\":\"https:\\\/\\\/exaudi.org\\\/es\\\/cercania-y-oracion-del-papa-por-las-victimas-del-accidente-de-tren-ocurrido-en-india\\\/#primaryimage\"},\"thumbnailUrl\":\"https:\\\/\\\/exaudi.org\\\/wp-content\\\/uploads\\\/2023\\\/02\\\/Angelus-10-octubre-2021-1-scaled.jpg\",\"keywords\":[\"\u00c1ngelus 4 junio 2023\",\"Trending\"],\"articleSection\":[\"\u00c1ngelus\",\"Le\u00f3n XIV\"],\"inLanguage\":\"es\"},{\"@type\":\"WebPage\",\"@id\":\"https:\\\/\\\/exaudi.org\\\/es\\\/cercania-y-oracion-del-papa-por-las-victimas-del-accidente-de-tren-ocurrido-en-india\\\/\",\"url\":\"https:\\\/\\\/exaudi.org\\\/es\\\/cercania-y-oracion-del-papa-por-las-victimas-del-accidente-de-tren-ocurrido-en-india\\\/\",\"name\":\"Cercan\u00eda y oraci\u00f3n del Papa por las v\u00edctimas del accidente de tren ocurrido en India &#8211; Exaudi\",\"isPartOf\":{\"@id\":\"https:\\\/\\\/exaudi.org\\\/#website\"},\"primaryImageOfPage\":{\"@id\":\"https:\\\/\\\/exaudi.org\\\/es\\\/cercania-y-oracion-del-papa-por-las-victimas-del-accidente-de-tren-ocurrido-en-india\\\/#primaryimage\"},\"image\":{\"@id\":\"https:\\\/\\\/exaudi.org\\\/es\\\/cercania-y-oracion-del-papa-por-las-victimas-del-accidente-de-tren-ocurrido-en-india\\\/#primaryimage\"},\"thumbnailUrl\":\"https:\\\/\\\/exaudi.org\\\/wp-content\\\/uploads\\\/2023\\\/02\\\/Angelus-10-octubre-2021-1-scaled.jpg\",\"datePublished\":\"2023-06-04T15:18:13+00:00\",\"dateModified\":\"2023-06-04T18:42:02+00:00\",\"author\":{\"@id\":\"https:\\\/\\\/exaudi.org\\\/#\\\/schema\\\/person\\\/f5fc8f063065e38742da7afe15f25df7\"},\"breadcrumb\":{\"@id\":\"https:\\\/\\\/exaudi.org\\\/es\\\/cercania-y-oracion-del-papa-por-las-victimas-del-accidente-de-tren-ocurrido-en-india\\\/#breadcrumb\"},\"inLanguage\":\"es\",\"potentialAction\":[{\"@type\":\"ReadAction\",\"target\":[\"https:\\\/\\\/exaudi.org\\\/es\\\/cercania-y-oracion-del-papa-por-las-victimas-del-accidente-de-tren-ocurrido-en-india\\\/\"]}]},{\"@type\":\"ImageObject\",\"inLanguage\":\"es\",\"@id\":\"https:\\\/\\\/exaudi.org\\\/es\\\/cercania-y-oracion-del-papa-por-las-victimas-del-accidente-de-tren-ocurrido-en-india\\\/#primaryimage\",\"url\":\"https:\\\/\\\/exaudi.org\\\/wp-content\\\/uploads\\\/2023\\\/02\\\/Angelus-10-octubre-2021-1-scaled.jpg\",\"contentUrl\":\"https:\\\/\\\/exaudi.org\\\/wp-content\\\/uploads\\\/2023\\\/02\\\/Angelus-10-octubre-2021-1-scaled.jpg\",\"width\":2560,\"height\":1707,\"caption\":\"\u00a9 Vatican Media\"},{\"@type\":\"BreadcrumbList\",\"@id\":\"https:\\\/\\\/exaudi.org\\\/es\\\/cercania-y-oracion-del-papa-por-las-victimas-del-accidente-de-tren-ocurrido-en-india\\\/#breadcrumb\",\"itemListElement\":[{\"@type\":\"ListItem\",\"position\":1,\"name\":\"Portada\",\"item\":\"https:\\\/\\\/exaudi.org\\\/es\\\/\"},{\"@type\":\"ListItem\",\"position\":2,\"name\":\"Cercan\u00eda y oraci\u00f3n del Papa por las v\u00edctimas del accidente de tren ocurrido en India\"}]},{\"@type\":\"WebSite\",\"@id\":\"https:\\\/\\\/exaudi.org\\\/#website\",\"url\":\"https:\\\/\\\/exaudi.org\\\/\",\"name\":\"Exaudi\",\"description\":\"News\",\"potentialAction\":[{\"@type\":\"SearchAction\",\"target\":{\"@type\":\"EntryPoint\",\"urlTemplate\":\"https:\\\/\\\/exaudi.org\\\/?s={search_term_string}\"},\"query-input\":{\"@type\":\"PropertyValueSpecification\",\"valueRequired\":true,\"valueName\":\"search_term_string\"}}],\"inLanguage\":\"es\"},{\"@type\":\"Person\",\"@id\":\"https:\\\/\\\/exaudi.org\\\/#\\\/schema\\\/person\\\/f5fc8f063065e38742da7afe15f25df7\",\"name\":\"Exaudi Redacci\u00f3n\",\"image\":{\"@type\":\"ImageObject\",\"inLanguage\":\"es\",\"@id\":\"https:\\\/\\\/secure.gravatar.com\\\/avatar\\\/fe0f6a059fb68d9b3e11bc5850dd4899b1c7492091a3cb6dd9b01b56ad828be2?s=96&d=mm&r=g\",\"url\":\"https:\\\/\\\/secure.gravatar.com\\\/avatar\\\/fe0f6a059fb68d9b3e11bc5850dd4899b1c7492091a3cb6dd9b01b56ad828be2?s=96&d=mm&r=g\",\"contentUrl\":\"https:\\\/\\\/secure.gravatar.com\\\/avatar\\\/fe0f6a059fb68d9b3e11bc5850dd4899b1c7492091a3cb6dd9b01b56ad828be2?s=96&d=mm&r=g\",\"caption\":\"Exaudi Redacci\u00f3n\"},\"description\":\"\u00bfQu\u00e9 es Exaudi News? Exaudi News es un medio de comunicaci\u00f3n cat\u00f3lico internacional que informa, forma y transforma, diariamente en espa\u00f1ol, ingl\u00e9s e italiano. A trav\u00e9s de noticias, art\u00edculos de an\u00e1lisis y transmisiones en directo de los eventos del Papa, Exaudi busca fortalecer la unidad de los cristianos y contribuir a la evangelizaci\u00f3n del mundo, siempre guiados por la doctrina social de la Iglesia. Trabajamos para acercar la verdad y los valores cristianos a cada rinc\u00f3n del planeta. \u00a1Ay\u00fadanos a transformar el mundo con Exaudi! En Exaudi creemos que la evangelizaci\u00f3n y la informaci\u00f3n de calidad pueden cambiar vidas. Para continuar con nuestra misi\u00f3n y expandir nuestro alcance, necesitamos tu ayuda. Adem\u00e1s, buscamos personas comprometidas que deseen unirse a nuestro equipo. Con tu apoyo, lograremos llegar a m\u00e1s personas, difundir el mensaje de Cristo y reforzar la unidad de los cristianos. \u00bfTe unes a nuestra misi\u00f3n? Para m\u00e1s informaci\u00f3n sobre c\u00f3mo colaborar, visita Exaudi.org\\\/es o cont\u00e1ctanos directamente: info@exaudi.org Exaudi: Informa, forma y transforma.\",\"sameAs\":[\"https:\\\/\\\/www.facebook.com\\\/ExaudiNoticias\\\/\",\"https:\\\/\\\/www.instagram.com\\\/exaudi_noticias\\\/\",\"https:\\\/\\\/x.com\\\/Exaudi_noticias\",\"https:\\\/\\\/www.youtube.com\\\/@exaudicatholicnews\"],\"url\":\"https:\\\/\\\/exaudi.org\\\/es\\\/author\\\/redaccionexaudi\\\/\"}]}<\/script>\n<!-- \/ Yoast SEO plugin. -->","yoast_head_json":{"title":"Cercan\u00eda y oraci\u00f3n del Papa por las v\u00edctimas del accidente de tren ocurrido en India &#8211; Exaudi","robots":{"index":"index","follow":"follow","max-snippet":"max-snippet:-1","max-image-preview":"max-image-preview:large","max-video-preview":"max-video-preview:-1"},"canonical":"https:\/\/exaudi.org\/es\/cercania-y-oracion-del-papa-por-las-victimas-del-accidente-de-tren-ocurrido-en-india\/","og_locale":"es_ES","og_type":"article","og_title":"Cercan\u00eda y oraci\u00f3n del Papa por las v\u00edctimas del accidente de tren ocurrido en India &#8211; Exaudi","og_description":"Palabras del santo Padre antes del \u00c1ngelus","og_url":"https:\/\/exaudi.org\/es\/cercania-y-oracion-del-papa-por-las-victimas-del-accidente-de-tren-ocurrido-en-india\/","og_site_name":"Exaudi","article_publisher":"https:\/\/www.facebook.com\/ExaudiNews","article_author":"https:\/\/www.facebook.com\/ExaudiNoticias\/","article_published_time":"2023-06-04T15:18:13+00:00","article_modified_time":"2023-06-04T18:42:02+00:00","og_image":[{"width":2560,"height":1707,"url":"https:\/\/exaudi.org\/wp-content\/uploads\/2023\/02\/Angelus-10-octubre-2021-1-scaled.jpg","type":"image\/jpeg"}],"author":"Exaudi Redacci\u00f3n","twitter_card":"summary_large_image","twitter_creator":"@Exaudi_noticias","twitter_site":"@Exaudi_News","twitter_misc":{"Escrito por":"Exaudi Redacci\u00f3n","Tiempo de lectura":"2 minutos"},"schema":{"@context":"https:\/\/schema.org","@graph":[{"@type":"Article","@id":"https:\/\/exaudi.org\/es\/cercania-y-oracion-del-papa-por-las-victimas-del-accidente-de-tren-ocurrido-en-india\/#article","isPartOf":{"@id":"https:\/\/exaudi.org\/es\/cercania-y-oracion-del-papa-por-las-victimas-del-accidente-de-tren-ocurrido-en-india\/"},"author":{"name":"Exaudi Redacci\u00f3n","@id":"https:\/\/exaudi.org\/#\/schema\/person\/f5fc8f063065e38742da7afe15f25df7"},"headline":"Cercan\u00eda y oraci\u00f3n del Papa por las v\u00edctimas del accidente de tren ocurrido en India","datePublished":"2023-06-04T15:18:13+00:00","dateModified":"2023-06-04T18:42:02+00:00","mainEntityOfPage":{"@id":"https:\/\/exaudi.org\/es\/cercania-y-oracion-del-papa-por-las-victimas-del-accidente-de-tren-ocurrido-en-india\/"},"wordCount":341,"image":{"@id":"https:\/\/exaudi.org\/es\/cercania-y-oracion-del-papa-por-las-victimas-del-accidente-de-tren-ocurrido-en-india\/#primaryimage"},"thumbnailUrl":"https:\/\/exaudi.org\/wp-content\/uploads\/2023\/02\/Angelus-10-octubre-2021-1-scaled.jpg","keywords":["\u00c1ngelus 4 junio 2023","Trending"],"articleSection":["\u00c1ngelus","Le\u00f3n XIV"],"inLanguage":"es"},{"@type":"WebPage","@id":"https:\/\/exaudi.org\/es\/cercania-y-oracion-del-papa-por-las-victimas-del-accidente-de-tren-ocurrido-en-india\/","url":"https:\/\/exaudi.org\/es\/cercania-y-oracion-del-papa-por-las-victimas-del-accidente-de-tren-ocurrido-en-india\/","name":"Cercan\u00eda y oraci\u00f3n del Papa por las v\u00edctimas del accidente de tren ocurrido en India &#8211; Exaudi","isPartOf":{"@id":"https:\/\/exaudi.org\/#website"},"primaryImageOfPage":{"@id":"https:\/\/exaudi.org\/es\/cercania-y-oracion-del-papa-por-las-victimas-del-accidente-de-tren-ocurrido-en-india\/#primaryimage"},"image":{"@id":"https:\/\/exaudi.org\/es\/cercania-y-oracion-del-papa-por-las-victimas-del-accidente-de-tren-ocurrido-en-india\/#primaryimage"},"thumbnailUrl":"https:\/\/exaudi.org\/wp-content\/uploads\/2023\/02\/Angelus-10-octubre-2021-1-scaled.jpg","datePublished":"2023-06-04T15:18:13+00:00","dateModified":"2023-06-04T18:42:02+00:00","author":{"@id":"https:\/\/exaudi.org\/#\/schema\/person\/f5fc8f063065e38742da7afe15f25df7"},"breadcrumb":{"@id":"https:\/\/exaudi.org\/es\/cercania-y-oracion-del-papa-por-las-victimas-del-accidente-de-tren-ocurrido-en-india\/#breadcrumb"},"inLanguage":"es","potentialAction":[{"@type":"ReadAction","target":["https:\/\/exaudi.org\/es\/cercania-y-oracion-del-papa-por-las-victimas-del-accidente-de-tren-ocurrido-en-india\/"]}]},{"@type":"ImageObject","inLanguage":"es","@id":"https:\/\/exaudi.org\/es\/cercania-y-oracion-del-papa-por-las-victimas-del-accidente-de-tren-ocurrido-en-india\/#primaryimage","url":"https:\/\/exaudi.org\/wp-content\/uploads\/2023\/02\/Angelus-10-octubre-2021-1-scaled.jpg","contentUrl":"https:\/\/exaudi.org\/wp-content\/uploads\/2023\/02\/Angelus-10-octubre-2021-1-scaled.jpg","width":2560,"height":1707,"caption":"\u00a9 Vatican Media"},{"@type":"BreadcrumbList","@id":"https:\/\/exaudi.org\/es\/cercania-y-oracion-del-papa-por-las-victimas-del-accidente-de-tren-ocurrido-en-india\/#breadcrumb","itemListElement":[{"@type":"ListItem","position":1,"name":"Portada","item":"https:\/\/exaudi.org\/es\/"},{"@type":"ListItem","position":2,"name":"Cercan\u00eda y oraci\u00f3n del Papa por las v\u00edctimas del accidente de tren ocurrido en India"}]},{"@type":"WebSite","@id":"https:\/\/exaudi.org\/#website","url":"https:\/\/exaudi.org\/","name":"Exaudi","description":"News","potentialAction":[{"@type":"SearchAction","target":{"@type":"EntryPoint","urlTemplate":"https:\/\/exaudi.org\/?s={search_term_string}"},"query-input":{"@type":"PropertyValueSpecification","valueRequired":true,"valueName":"search_term_string"}}],"inLanguage":"es"},{"@type":"Person","@id":"https:\/\/exaudi.org\/#\/schema\/person\/f5fc8f063065e38742da7afe15f25df7","name":"Exaudi Redacci\u00f3n","image":{"@type":"ImageObject","inLanguage":"es","@id":"https:\/\/secure.gravatar.com\/avatar\/fe0f6a059fb68d9b3e11bc5850dd4899b1c7492091a3cb6dd9b01b56ad828be2?s=96&d=mm&r=g","url":"https:\/\/secure.gravatar.com\/avatar\/fe0f6a059fb68d9b3e11bc5850dd4899b1c7492091a3cb6dd9b01b56ad828be2?s=96&d=mm&r=g","contentUrl":"https:\/\/secure.gravatar.com\/avatar\/fe0f6a059fb68d9b3e11bc5850dd4899b1c7492091a3cb6dd9b01b56ad828be2?s=96&d=mm&r=g","caption":"Exaudi Redacci\u00f3n"},"description":"\u00bfQu\u00e9 es Exaudi News? Exaudi News es un medio de comunicaci\u00f3n cat\u00f3lico internacional que informa, forma y transforma, diariamente en espa\u00f1ol, ingl\u00e9s e italiano. A trav\u00e9s de noticias, art\u00edculos de an\u00e1lisis y transmisiones en directo de los eventos del Papa, Exaudi busca fortalecer la unidad de los cristianos y contribuir a la evangelizaci\u00f3n del mundo, siempre guiados por la doctrina social de la Iglesia. Trabajamos para acercar la verdad y los valores cristianos a cada rinc\u00f3n del planeta. \u00a1Ay\u00fadanos a transformar el mundo con Exaudi! En Exaudi creemos que la evangelizaci\u00f3n y la informaci\u00f3n de calidad pueden cambiar vidas. Para continuar con nuestra misi\u00f3n y expandir nuestro alcance, necesitamos tu ayuda. Adem\u00e1s, buscamos personas comprometidas que deseen unirse a nuestro equipo. Con tu apoyo, lograremos llegar a m\u00e1s personas, difundir el mensaje de Cristo y reforzar la unidad de los cristianos. \u00bfTe unes a nuestra misi\u00f3n? Para m\u00e1s informaci\u00f3n sobre c\u00f3mo colaborar, visita Exaudi.org\/es o cont\u00e1ctanos directamente: info@exaudi.org Exaudi: Informa, forma y transforma.","sameAs":["https:\/\/www.facebook.com\/ExaudiNoticias\/","https:\/\/www.instagram.com\/exaudi_noticias\/","https:\/\/x.com\/Exaudi_noticias","https:\/\/www.youtube.com\/@exaudicatholicnews"],"url":"https:\/\/exaudi.org\/es\/author\/redaccionexaudi\/"}]}},"jetpack_featured_media_url":"https:\/\/exaudi.org\/wp-content\/uploads\/2023\/02\/Angelus-10-octubre-2021-1-scaled.jpg","jetpack_shortlink":"https:\/\/wp.me\/pgKjF2-k9P","_links":{"self":[{"href":"https:\/\/exaudi.org\/es\/wp-json\/wp\/v2\/posts\/77489","targetHints":{"allow":["GET"]}}],"collection":[{"href":"https:\/\/exaudi.org\/es\/wp-json\/wp\/v2\/posts"}],"about":[{"href":"https:\/\/exaudi.org\/es\/wp-json\/wp\/v2\/types\/post"}],"author":[{"embeddable":true,"href":"https:\/\/exaudi.org\/es\/wp-json\/wp\/v2\/users\/15"}],"replies":[{"embeddable":true,"href":"https:\/\/exaudi.org\/es\/wp-json\/wp\/v2\/comments?post=77489"}],"version-history":[{"count":0,"href":"https:\/\/exaudi.org\/es\/wp-json\/wp\/v2\/posts\/77489\/revisions"}],"wp:featuredmedia":[{"embeddable":true,"href":"https:\/\/exaudi.org\/es\/wp-json\/wp\/v2\/media\/70205"}],"wp:attachment":[{"href":"https:\/\/exaudi.org\/es\/wp-json\/wp\/v2\/media?parent=77489"}],"wp:term":[{"taxonomy":"category","embeddable":true,"href":"https:\/\/exaudi.org\/es\/wp-json\/wp\/v2\/categories?post=77489"},{"taxonomy":"post_tag","embeddable":true,"href":"https:\/\/exaudi.org\/es\/wp-json\/wp\/v2\/tags?post=77489"}],"curies":[{"name":"wp","href":"https:\/\/api.w.org\/{rel}","templated":true}]}}