{"id":77488,"date":"2023-06-04T16:56:36","date_gmt":"2023-06-04T14:56:36","guid":{"rendered":"https:\/\/exaudi.org\/?p=77488"},"modified":"2023-06-04T17:09:35","modified_gmt":"2023-06-04T15:09:35","slug":"el-papa-nuestro-dios-es-comunion-de-amor","status":"publish","type":"post","link":"https:\/\/exaudi.org\/es\/el-papa-nuestro-dios-es-comunion-de-amor\/","title":{"rendered":"El Papa: Nuestro Dios es comuni\u00f3n de amor"},"content":{"rendered":"<audio class=\"wp-audio-shortcode\" id=\"audio-77488-1\" preload=\"none\" style=\"width: 100%;\" controls=\"controls\"><source type=\"audio\/mpeg\" src=\"https:\/\/exaudi.org\/wp-content\/uploads\/2023\/06\/El-Papa-Nuestro-Dios-es-comunion-de-amor.mp3?_=1\" \/><a href=\"https:\/\/exaudi.org\/wp-content\/uploads\/2023\/06\/El-Papa-Nuestro-Dios-es-comunion-de-amor.mp3\">https:\/\/exaudi.org\/wp-content\/uploads\/2023\/06\/El-Papa-Nuestro-Dios-es-comunion-de-amor.mp3<\/a><\/audio>\n<p>Este domingo, 4 de junio de 2023, solemnidad de la Sant\u00edsima Trinidad, el Santo Padre en su alocuci\u00f3n antes de rezar la oraci\u00f3n del \u00c1ngelus, pidi\u00f3 para que \u201cMar\u00eda nos ayude a vivir la Iglesia como una casa en la que se ama de manera familiar, para gloria de Dios Padre, Hijo y Esp\u00edritu Santo\u201d.<\/p>\n<p>A continuaci\u00f3n, siguen las palabras del Papa al introducir la oraci\u00f3n mariana, ofrecidas por la\u00a0Oficina de Prensa de la Santa Sede:<\/p>\n<p>***<\/p>\n<h3><strong>Palabras del Papa<\/strong><\/h3>\n<p>Queridos hermanos y hermanas, \u00a1buenos d\u00edas!<\/p>\n<p>Hoy, Solemnidad de la Sant\u00edsima Trinidad, el Evangelio est\u00e1 tomado del di\u00e1logo de Jes\u00fas con Nicodemo (cfr. <a href=\"https:\/\/www.dominicos.org\/predicacion\/evangelio-del-dia\/hoy\/lecturas\/\" target=\"_blank\" rel=\"noopener\">Jn 3,16-18<\/a>). Nicodemo era un miembro del Sanedr\u00edn, apasionado por el misterio de Dios; reconoce en Jes\u00fas a un maestro divino y, por la noche, a escondidas, va a hablar con \u00c9l. Jes\u00fas lo escucha y comprende que es un hombre que est\u00e1 en un proceso de b\u00fasqueda. Entonces, primero lo sorprende, respondi\u00e9ndole que para entrar en el Reino de Dios es preciso renacer; y despu\u00e9s le desvela el coraz\u00f3n del misterio dici\u00e9ndole que Dios ha amado tanto a la humanidad que ha enviado a su Hijo al mundo. Jes\u00fas, el Hijo, nos habla del Padre y de su inmenso amor.<\/p>\n<p><i>Padre e Hijo<\/i>. Es una imagen familiar que, si lo pensamos, echa por tierra nuestro imaginario sobre Dios. Efectivamente, la palabra \u201cDios\u201d nos sugiere una realidad singular, majestuosa y distante, mientras que o\u00edr hablar de un Padre y un Hijo nos reconduce a casa. S\u00ed, podemos pensar en Dios a trav\u00e9s de la imagen de\u00a0<i>una familia reunida en torno a la mesa<\/i>\u00a0donde se comparte la vida. Por lo dem\u00e1s, la mesa, que al mismo tiempo es altar, es un s\u00edmbolo junto al que ciertos iconos representan a la Trinidad. Es una imagen que nos habla de un\u00a0<i>Dios comuni\u00f3n<\/i>. Padre, Hijo y Esp\u00edritu Santo:\u00a0<i>comuni\u00f3n<\/i>.<\/p>\n<p>\u00a1Pero no es solo una imagen, es realidad! Es realidad porque el Esp\u00edritu Santo, el Esp\u00edritu que el Padre mediante Jes\u00fas ha infundido en nuestros corazones (cfr.\u00a0<i>Gal<\/i>\u00a04,6) nos hace gustar, nos hace experimentar la presencia de Dios: presencia siempre cercana, compasiva y tierna. El Esp\u00edritu Santo hace con nosotros como Jes\u00fas con Nicodemo: nos introduce en el misterio del nuevo nacimiento -el nacimiento de la fe, de la vida cristiana-, nos desvela el coraz\u00f3n del Padre y nos hace part\u00edcipes de la vida misma de Dios.<\/p>\n<p>La invitaci\u00f3n que nos dirige, podr\u00edamos decir, es la de sentarnos a la mesa con Dios para compartir su amor. Esta es la imagen. Esto es lo que sucede en cada Misa, en el altar de la mesa eucar\u00edstica, donde Jes\u00fas se ofrece al Padre y se ofrece por nosotros. S\u00ed, as\u00ed es, hermanos y hermanas, nuestro Dios es\u00a0<i>comuni\u00f3n de amor<\/i>, y as\u00ed nos lo ha revelado Jes\u00fas. \u00bfY saben qu\u00e9 podemos hacer para recordarlo? El gesto m\u00e1s simple, que hemos aprendido de ni\u00f1os: la se\u00f1al de la cruz. Con el gesto m\u00e1s simple, con esta se\u00f1al de la cruz, trazando la cruz sobre nuestro cuerpo, recordamos cu\u00e1nto nos ha amado Dios, hasta dar la vida por nosotros; y nos repetimos que su amor nos envuelve completamente, de arriba abajo, de izquierda a derecha, como un abrazo que no nos abandona nunca. Al mismo tiempo, nos comprometemos a testimoniar a Dios-amor, creando comuni\u00f3n en su nombre. Ahora, cada uno de nosotros, y todos juntos, hagamos la se\u00f1al de la cruz [hace la se\u00f1al de la cruz].<\/p>\n<p>De este modo, hoy podemos preguntarnos: \u00bftestimoniamos a Dios-amor? \u00bfO bien Dios-amor se ha convertido para nosotros en un concepto, algo que ya hemos escuchado pero que ya no nos mueve y ya no provoca la vida? Si Dios es amor, \u00bfnuestras comunidades lo testimonian? \u00bfNuestras comunidades saben amar? Y nuestra familia, \u00bfsabemos amar en familia? \u00bfTenemos siempre la puerta abierta, sabemos acoger a todos, y subrayo\u00a0<i>a todos<\/i>, acoger como hermanos y hermanas? \u00bfOfrecemos a todos el alimento del perd\u00f3n de Dios y el vino de la alegr\u00eda evang\u00e9lica? \u00bfSe respira aire de casa, o nos parecemos m\u00e1s a una oficina o a un lugar reservado donde solo entran los elegidos? Dios es amor, Dios es Padre, Hijo y Esp\u00edritu Santo, y ha dado la vida por nosotros, por eso hacemos la se\u00f1al de la cruz.<\/p>\n<p>Que Mar\u00eda nos ayude a vivir la Iglesia como una casa en la que se ama de manera familiar, para gloria de Dios Padre, Hijo y Esp\u00edritu Santo.<\/p>\n<p><iframe loading=\"lazy\" title=\"\u00c1ngelus - 04 junio 2023 - Papa Francisco\" width=\"500\" height=\"281\" src=\"https:\/\/www.youtube.com\/embed\/hDCzwLpRPys?feature=oembed\" frameborder=\"0\" allow=\"accelerometer; autoplay; clipboard-write; encrypted-media; gyroscope; picture-in-picture; web-share\" referrerpolicy=\"strict-origin-when-cross-origin\" allowfullscreen><\/iframe><\/p>\n","protected":false},"excerpt":{"rendered":"<p>Palabras del santo Padre antes del \u00c1ngelus<\/p>\n","protected":false},"author":15,"featured_media":63957,"comment_status":"closed","ping_status":"closed","sticky":false,"template":"","format":"standard","meta":{"_acf_changed":false,"_crdt_document":"","inline_featured_image":false,"footnotes":""},"categories":[70,68],"tags":[9364,2419],"class_list":["post-77488","post","type-post","status-publish","format-standard","has-post-thumbnail","hentry","category-angelus-es","category-leon-xiv","tag-angelus-4-junio-2023","tag-featured"],"acf":[],"yoast_head":"<!-- This site is optimized with the Yoast SEO plugin v27.5 - https:\/\/yoast.com\/product\/yoast-seo-wordpress\/ -->\n<title>El Papa: Nuestro Dios es comuni\u00f3n de amor &#8211; Exaudi<\/title>\n<meta name=\"robots\" content=\"index, follow, max-snippet:-1, max-image-preview:large, max-video-preview:-1\" \/>\n<link rel=\"canonical\" href=\"https:\/\/exaudi.org\/es\/el-papa-nuestro-dios-es-comunion-de-amor\/\" \/>\n<meta property=\"og:locale\" content=\"es_ES\" \/>\n<meta property=\"og:type\" content=\"article\" \/>\n<meta property=\"og:title\" content=\"El Papa: Nuestro Dios es comuni\u00f3n de amor &#8211; Exaudi\" \/>\n<meta property=\"og:description\" content=\"Palabras del santo Padre antes del \u00c1ngelus\" \/>\n<meta property=\"og:url\" content=\"https:\/\/exaudi.org\/es\/el-papa-nuestro-dios-es-comunion-de-amor\/\" \/>\n<meta property=\"og:site_name\" content=\"Exaudi\" \/>\n<meta property=\"article:publisher\" content=\"https:\/\/www.facebook.com\/ExaudiNews\" \/>\n<meta property=\"article:author\" content=\"https:\/\/www.facebook.com\/ExaudiNoticias\/\" \/>\n<meta property=\"article:published_time\" content=\"2023-06-04T14:56:36+00:00\" \/>\n<meta property=\"article:modified_time\" content=\"2023-06-04T15:09:35+00:00\" \/>\n<meta property=\"og:image\" content=\"https:\/\/exaudi.org\/wp-content\/uploads\/2022\/10\/Angelus-16-octubre-2022-scaled.jpg\" \/>\n\t<meta property=\"og:image:width\" content=\"2560\" \/>\n\t<meta property=\"og:image:height\" content=\"1707\" \/>\n\t<meta property=\"og:image:type\" content=\"image\/jpeg\" \/>\n<meta name=\"author\" content=\"Exaudi Redacci\u00f3n\" \/>\n<meta name=\"twitter:card\" content=\"summary_large_image\" \/>\n<meta name=\"twitter:creator\" content=\"@Exaudi_noticias\" \/>\n<meta name=\"twitter:site\" content=\"@Exaudi_News\" \/>\n<meta name=\"twitter:label1\" content=\"Escrito por\" \/>\n\t<meta name=\"twitter:data1\" content=\"Exaudi Redacci\u00f3n\" \/>\n\t<meta name=\"twitter:label2\" content=\"Tiempo de lectura\" \/>\n\t<meta name=\"twitter:data2\" content=\"4 minutos\" \/>\n<script type=\"application\/ld+json\" class=\"yoast-schema-graph\">{\"@context\":\"https:\\\/\\\/schema.org\",\"@graph\":[{\"@type\":\"Article\",\"@id\":\"https:\\\/\\\/exaudi.org\\\/es\\\/el-papa-nuestro-dios-es-comunion-de-amor\\\/#article\",\"isPartOf\":{\"@id\":\"https:\\\/\\\/exaudi.org\\\/es\\\/el-papa-nuestro-dios-es-comunion-de-amor\\\/\"},\"author\":{\"name\":\"Exaudi Redacci\u00f3n\",\"@id\":\"https:\\\/\\\/exaudi.org\\\/#\\\/schema\\\/person\\\/f5fc8f063065e38742da7afe15f25df7\"},\"headline\":\"El Papa: Nuestro Dios es comuni\u00f3n de amor\",\"datePublished\":\"2023-06-04T14:56:36+00:00\",\"dateModified\":\"2023-06-04T15:09:35+00:00\",\"mainEntityOfPage\":{\"@id\":\"https:\\\/\\\/exaudi.org\\\/es\\\/el-papa-nuestro-dios-es-comunion-de-amor\\\/\"},\"wordCount\":818,\"image\":{\"@id\":\"https:\\\/\\\/exaudi.org\\\/es\\\/el-papa-nuestro-dios-es-comunion-de-amor\\\/#primaryimage\"},\"thumbnailUrl\":\"https:\\\/\\\/exaudi.org\\\/wp-content\\\/uploads\\\/2022\\\/10\\\/Angelus-16-octubre-2022-scaled.jpg\",\"keywords\":[\"\u00c1ngelus 4 junio 2023\",\"Featured\"],\"articleSection\":[\"\u00c1ngelus\",\"Le\u00f3n XIV\"],\"inLanguage\":\"es\"},{\"@type\":\"WebPage\",\"@id\":\"https:\\\/\\\/exaudi.org\\\/es\\\/el-papa-nuestro-dios-es-comunion-de-amor\\\/\",\"url\":\"https:\\\/\\\/exaudi.org\\\/es\\\/el-papa-nuestro-dios-es-comunion-de-amor\\\/\",\"name\":\"El Papa: Nuestro Dios es comuni\u00f3n de amor &#8211; Exaudi\",\"isPartOf\":{\"@id\":\"https:\\\/\\\/exaudi.org\\\/#website\"},\"primaryImageOfPage\":{\"@id\":\"https:\\\/\\\/exaudi.org\\\/es\\\/el-papa-nuestro-dios-es-comunion-de-amor\\\/#primaryimage\"},\"image\":{\"@id\":\"https:\\\/\\\/exaudi.org\\\/es\\\/el-papa-nuestro-dios-es-comunion-de-amor\\\/#primaryimage\"},\"thumbnailUrl\":\"https:\\\/\\\/exaudi.org\\\/wp-content\\\/uploads\\\/2022\\\/10\\\/Angelus-16-octubre-2022-scaled.jpg\",\"datePublished\":\"2023-06-04T14:56:36+00:00\",\"dateModified\":\"2023-06-04T15:09:35+00:00\",\"author\":{\"@id\":\"https:\\\/\\\/exaudi.org\\\/#\\\/schema\\\/person\\\/f5fc8f063065e38742da7afe15f25df7\"},\"breadcrumb\":{\"@id\":\"https:\\\/\\\/exaudi.org\\\/es\\\/el-papa-nuestro-dios-es-comunion-de-amor\\\/#breadcrumb\"},\"inLanguage\":\"es\",\"potentialAction\":[{\"@type\":\"ReadAction\",\"target\":[\"https:\\\/\\\/exaudi.org\\\/es\\\/el-papa-nuestro-dios-es-comunion-de-amor\\\/\"]}]},{\"@type\":\"ImageObject\",\"inLanguage\":\"es\",\"@id\":\"https:\\\/\\\/exaudi.org\\\/es\\\/el-papa-nuestro-dios-es-comunion-de-amor\\\/#primaryimage\",\"url\":\"https:\\\/\\\/exaudi.org\\\/wp-content\\\/uploads\\\/2022\\\/10\\\/Angelus-16-octubre-2022-scaled.jpg\",\"contentUrl\":\"https:\\\/\\\/exaudi.org\\\/wp-content\\\/uploads\\\/2022\\\/10\\\/Angelus-16-octubre-2022-scaled.jpg\",\"width\":2560,\"height\":1707,\"caption\":\"\u00c1ngelus \u00a9 Vatican Media\"},{\"@type\":\"BreadcrumbList\",\"@id\":\"https:\\\/\\\/exaudi.org\\\/es\\\/el-papa-nuestro-dios-es-comunion-de-amor\\\/#breadcrumb\",\"itemListElement\":[{\"@type\":\"ListItem\",\"position\":1,\"name\":\"Portada\",\"item\":\"https:\\\/\\\/exaudi.org\\\/es\\\/\"},{\"@type\":\"ListItem\",\"position\":2,\"name\":\"El Papa: Nuestro Dios es comuni\u00f3n de amor\"}]},{\"@type\":\"WebSite\",\"@id\":\"https:\\\/\\\/exaudi.org\\\/#website\",\"url\":\"https:\\\/\\\/exaudi.org\\\/\",\"name\":\"Exaudi\",\"description\":\"News\",\"potentialAction\":[{\"@type\":\"SearchAction\",\"target\":{\"@type\":\"EntryPoint\",\"urlTemplate\":\"https:\\\/\\\/exaudi.org\\\/?s={search_term_string}\"},\"query-input\":{\"@type\":\"PropertyValueSpecification\",\"valueRequired\":true,\"valueName\":\"search_term_string\"}}],\"inLanguage\":\"es\"},{\"@type\":\"Person\",\"@id\":\"https:\\\/\\\/exaudi.org\\\/#\\\/schema\\\/person\\\/f5fc8f063065e38742da7afe15f25df7\",\"name\":\"Exaudi Redacci\u00f3n\",\"image\":{\"@type\":\"ImageObject\",\"inLanguage\":\"es\",\"@id\":\"https:\\\/\\\/secure.gravatar.com\\\/avatar\\\/fe0f6a059fb68d9b3e11bc5850dd4899b1c7492091a3cb6dd9b01b56ad828be2?s=96&d=mm&r=g\",\"url\":\"https:\\\/\\\/secure.gravatar.com\\\/avatar\\\/fe0f6a059fb68d9b3e11bc5850dd4899b1c7492091a3cb6dd9b01b56ad828be2?s=96&d=mm&r=g\",\"contentUrl\":\"https:\\\/\\\/secure.gravatar.com\\\/avatar\\\/fe0f6a059fb68d9b3e11bc5850dd4899b1c7492091a3cb6dd9b01b56ad828be2?s=96&d=mm&r=g\",\"caption\":\"Exaudi Redacci\u00f3n\"},\"description\":\"\u00bfQu\u00e9 es Exaudi News? Exaudi News es un medio de comunicaci\u00f3n cat\u00f3lico internacional que informa, forma y transforma, diariamente en espa\u00f1ol, ingl\u00e9s e italiano. A trav\u00e9s de noticias, art\u00edculos de an\u00e1lisis y transmisiones en directo de los eventos del Papa, Exaudi busca fortalecer la unidad de los cristianos y contribuir a la evangelizaci\u00f3n del mundo, siempre guiados por la doctrina social de la Iglesia. Trabajamos para acercar la verdad y los valores cristianos a cada rinc\u00f3n del planeta. \u00a1Ay\u00fadanos a transformar el mundo con Exaudi! En Exaudi creemos que la evangelizaci\u00f3n y la informaci\u00f3n de calidad pueden cambiar vidas. Para continuar con nuestra misi\u00f3n y expandir nuestro alcance, necesitamos tu ayuda. Adem\u00e1s, buscamos personas comprometidas que deseen unirse a nuestro equipo. Con tu apoyo, lograremos llegar a m\u00e1s personas, difundir el mensaje de Cristo y reforzar la unidad de los cristianos. \u00bfTe unes a nuestra misi\u00f3n? Para m\u00e1s informaci\u00f3n sobre c\u00f3mo colaborar, visita Exaudi.org\\\/es o cont\u00e1ctanos directamente: info@exaudi.org Exaudi: Informa, forma y transforma.\",\"sameAs\":[\"https:\\\/\\\/www.facebook.com\\\/ExaudiNoticias\\\/\",\"https:\\\/\\\/www.instagram.com\\\/exaudi_noticias\\\/\",\"https:\\\/\\\/x.com\\\/Exaudi_noticias\",\"https:\\\/\\\/www.youtube.com\\\/@exaudicatholicnews\"],\"url\":\"https:\\\/\\\/exaudi.org\\\/es\\\/author\\\/redaccionexaudi\\\/\"}]}<\/script>\n<!-- \/ Yoast SEO plugin. -->","yoast_head_json":{"title":"El Papa: Nuestro Dios es comuni\u00f3n de amor &#8211; Exaudi","robots":{"index":"index","follow":"follow","max-snippet":"max-snippet:-1","max-image-preview":"max-image-preview:large","max-video-preview":"max-video-preview:-1"},"canonical":"https:\/\/exaudi.org\/es\/el-papa-nuestro-dios-es-comunion-de-amor\/","og_locale":"es_ES","og_type":"article","og_title":"El Papa: Nuestro Dios es comuni\u00f3n de amor &#8211; Exaudi","og_description":"Palabras del santo Padre antes del \u00c1ngelus","og_url":"https:\/\/exaudi.org\/es\/el-papa-nuestro-dios-es-comunion-de-amor\/","og_site_name":"Exaudi","article_publisher":"https:\/\/www.facebook.com\/ExaudiNews","article_author":"https:\/\/www.facebook.com\/ExaudiNoticias\/","article_published_time":"2023-06-04T14:56:36+00:00","article_modified_time":"2023-06-04T15:09:35+00:00","og_image":[{"width":2560,"height":1707,"url":"https:\/\/exaudi.org\/wp-content\/uploads\/2022\/10\/Angelus-16-octubre-2022-scaled.jpg","type":"image\/jpeg"}],"author":"Exaudi Redacci\u00f3n","twitter_card":"summary_large_image","twitter_creator":"@Exaudi_noticias","twitter_site":"@Exaudi_News","twitter_misc":{"Escrito por":"Exaudi Redacci\u00f3n","Tiempo de lectura":"4 minutos"},"schema":{"@context":"https:\/\/schema.org","@graph":[{"@type":"Article","@id":"https:\/\/exaudi.org\/es\/el-papa-nuestro-dios-es-comunion-de-amor\/#article","isPartOf":{"@id":"https:\/\/exaudi.org\/es\/el-papa-nuestro-dios-es-comunion-de-amor\/"},"author":{"name":"Exaudi Redacci\u00f3n","@id":"https:\/\/exaudi.org\/#\/schema\/person\/f5fc8f063065e38742da7afe15f25df7"},"headline":"El Papa: Nuestro Dios es comuni\u00f3n de amor","datePublished":"2023-06-04T14:56:36+00:00","dateModified":"2023-06-04T15:09:35+00:00","mainEntityOfPage":{"@id":"https:\/\/exaudi.org\/es\/el-papa-nuestro-dios-es-comunion-de-amor\/"},"wordCount":818,"image":{"@id":"https:\/\/exaudi.org\/es\/el-papa-nuestro-dios-es-comunion-de-amor\/#primaryimage"},"thumbnailUrl":"https:\/\/exaudi.org\/wp-content\/uploads\/2022\/10\/Angelus-16-octubre-2022-scaled.jpg","keywords":["\u00c1ngelus 4 junio 2023","Featured"],"articleSection":["\u00c1ngelus","Le\u00f3n XIV"],"inLanguage":"es"},{"@type":"WebPage","@id":"https:\/\/exaudi.org\/es\/el-papa-nuestro-dios-es-comunion-de-amor\/","url":"https:\/\/exaudi.org\/es\/el-papa-nuestro-dios-es-comunion-de-amor\/","name":"El Papa: Nuestro Dios es comuni\u00f3n de amor &#8211; Exaudi","isPartOf":{"@id":"https:\/\/exaudi.org\/#website"},"primaryImageOfPage":{"@id":"https:\/\/exaudi.org\/es\/el-papa-nuestro-dios-es-comunion-de-amor\/#primaryimage"},"image":{"@id":"https:\/\/exaudi.org\/es\/el-papa-nuestro-dios-es-comunion-de-amor\/#primaryimage"},"thumbnailUrl":"https:\/\/exaudi.org\/wp-content\/uploads\/2022\/10\/Angelus-16-octubre-2022-scaled.jpg","datePublished":"2023-06-04T14:56:36+00:00","dateModified":"2023-06-04T15:09:35+00:00","author":{"@id":"https:\/\/exaudi.org\/#\/schema\/person\/f5fc8f063065e38742da7afe15f25df7"},"breadcrumb":{"@id":"https:\/\/exaudi.org\/es\/el-papa-nuestro-dios-es-comunion-de-amor\/#breadcrumb"},"inLanguage":"es","potentialAction":[{"@type":"ReadAction","target":["https:\/\/exaudi.org\/es\/el-papa-nuestro-dios-es-comunion-de-amor\/"]}]},{"@type":"ImageObject","inLanguage":"es","@id":"https:\/\/exaudi.org\/es\/el-papa-nuestro-dios-es-comunion-de-amor\/#primaryimage","url":"https:\/\/exaudi.org\/wp-content\/uploads\/2022\/10\/Angelus-16-octubre-2022-scaled.jpg","contentUrl":"https:\/\/exaudi.org\/wp-content\/uploads\/2022\/10\/Angelus-16-octubre-2022-scaled.jpg","width":2560,"height":1707,"caption":"\u00c1ngelus \u00a9 Vatican Media"},{"@type":"BreadcrumbList","@id":"https:\/\/exaudi.org\/es\/el-papa-nuestro-dios-es-comunion-de-amor\/#breadcrumb","itemListElement":[{"@type":"ListItem","position":1,"name":"Portada","item":"https:\/\/exaudi.org\/es\/"},{"@type":"ListItem","position":2,"name":"El Papa: Nuestro Dios es comuni\u00f3n de amor"}]},{"@type":"WebSite","@id":"https:\/\/exaudi.org\/#website","url":"https:\/\/exaudi.org\/","name":"Exaudi","description":"News","potentialAction":[{"@type":"SearchAction","target":{"@type":"EntryPoint","urlTemplate":"https:\/\/exaudi.org\/?s={search_term_string}"},"query-input":{"@type":"PropertyValueSpecification","valueRequired":true,"valueName":"search_term_string"}}],"inLanguage":"es"},{"@type":"Person","@id":"https:\/\/exaudi.org\/#\/schema\/person\/f5fc8f063065e38742da7afe15f25df7","name":"Exaudi Redacci\u00f3n","image":{"@type":"ImageObject","inLanguage":"es","@id":"https:\/\/secure.gravatar.com\/avatar\/fe0f6a059fb68d9b3e11bc5850dd4899b1c7492091a3cb6dd9b01b56ad828be2?s=96&d=mm&r=g","url":"https:\/\/secure.gravatar.com\/avatar\/fe0f6a059fb68d9b3e11bc5850dd4899b1c7492091a3cb6dd9b01b56ad828be2?s=96&d=mm&r=g","contentUrl":"https:\/\/secure.gravatar.com\/avatar\/fe0f6a059fb68d9b3e11bc5850dd4899b1c7492091a3cb6dd9b01b56ad828be2?s=96&d=mm&r=g","caption":"Exaudi Redacci\u00f3n"},"description":"\u00bfQu\u00e9 es Exaudi News? Exaudi News es un medio de comunicaci\u00f3n cat\u00f3lico internacional que informa, forma y transforma, diariamente en espa\u00f1ol, ingl\u00e9s e italiano. A trav\u00e9s de noticias, art\u00edculos de an\u00e1lisis y transmisiones en directo de los eventos del Papa, Exaudi busca fortalecer la unidad de los cristianos y contribuir a la evangelizaci\u00f3n del mundo, siempre guiados por la doctrina social de la Iglesia. Trabajamos para acercar la verdad y los valores cristianos a cada rinc\u00f3n del planeta. \u00a1Ay\u00fadanos a transformar el mundo con Exaudi! En Exaudi creemos que la evangelizaci\u00f3n y la informaci\u00f3n de calidad pueden cambiar vidas. Para continuar con nuestra misi\u00f3n y expandir nuestro alcance, necesitamos tu ayuda. Adem\u00e1s, buscamos personas comprometidas que deseen unirse a nuestro equipo. Con tu apoyo, lograremos llegar a m\u00e1s personas, difundir el mensaje de Cristo y reforzar la unidad de los cristianos. \u00bfTe unes a nuestra misi\u00f3n? Para m\u00e1s informaci\u00f3n sobre c\u00f3mo colaborar, visita Exaudi.org\/es o cont\u00e1ctanos directamente: info@exaudi.org Exaudi: Informa, forma y transforma.","sameAs":["https:\/\/www.facebook.com\/ExaudiNoticias\/","https:\/\/www.instagram.com\/exaudi_noticias\/","https:\/\/x.com\/Exaudi_noticias","https:\/\/www.youtube.com\/@exaudicatholicnews"],"url":"https:\/\/exaudi.org\/es\/author\/redaccionexaudi\/"}]}},"jetpack_featured_media_url":"https:\/\/exaudi.org\/wp-content\/uploads\/2022\/10\/Angelus-16-octubre-2022-scaled.jpg","jetpack_shortlink":"https:\/\/wp.me\/pgKjF2-k9O","_links":{"self":[{"href":"https:\/\/exaudi.org\/es\/wp-json\/wp\/v2\/posts\/77488","targetHints":{"allow":["GET"]}}],"collection":[{"href":"https:\/\/exaudi.org\/es\/wp-json\/wp\/v2\/posts"}],"about":[{"href":"https:\/\/exaudi.org\/es\/wp-json\/wp\/v2\/types\/post"}],"author":[{"embeddable":true,"href":"https:\/\/exaudi.org\/es\/wp-json\/wp\/v2\/users\/15"}],"replies":[{"embeddable":true,"href":"https:\/\/exaudi.org\/es\/wp-json\/wp\/v2\/comments?post=77488"}],"version-history":[{"count":0,"href":"https:\/\/exaudi.org\/es\/wp-json\/wp\/v2\/posts\/77488\/revisions"}],"wp:featuredmedia":[{"embeddable":true,"href":"https:\/\/exaudi.org\/es\/wp-json\/wp\/v2\/media\/63957"}],"wp:attachment":[{"href":"https:\/\/exaudi.org\/es\/wp-json\/wp\/v2\/media?parent=77488"}],"wp:term":[{"taxonomy":"category","embeddable":true,"href":"https:\/\/exaudi.org\/es\/wp-json\/wp\/v2\/categories?post=77488"},{"taxonomy":"post_tag","embeddable":true,"href":"https:\/\/exaudi.org\/es\/wp-json\/wp\/v2\/tags?post=77488"}],"curies":[{"name":"wp","href":"https:\/\/api.w.org\/{rel}","templated":true}]}}