{"id":77301,"date":"2023-06-01T12:07:15","date_gmt":"2023-06-01T10:07:15","guid":{"rendered":"https:\/\/exaudi.org\/?p=77301"},"modified":"2023-06-01T12:21:54","modified_gmt":"2023-06-01T10:21:54","slug":"tolkien-el-senor-de-los-cuentos-de-hadas","status":"publish","type":"post","link":"https:\/\/exaudi.org\/es\/tolkien-el-senor-de-los-cuentos-de-hadas\/","title":{"rendered":"Tolkien, el Se\u00f1or de los cuentos de hadas"},"content":{"rendered":"<audio class=\"wp-audio-shortcode\" id=\"audio-77301-1\" preload=\"none\" style=\"width: 100%;\" controls=\"controls\"><source type=\"audio\/mpeg\" src=\"https:\/\/exaudi.org\/wp-content\/uploads\/2023\/06\/Tolkien-el-Senor-de-los-cuentos-de-hadas-Las.mp3?_=1\" \/><a href=\"https:\/\/exaudi.org\/wp-content\/uploads\/2023\/06\/Tolkien-el-Senor-de-los-cuentos-de-hadas-Las.mp3\">https:\/\/exaudi.org\/wp-content\/uploads\/2023\/06\/Tolkien-el-Senor-de-los-cuentos-de-hadas-Las.mp3<\/a><\/audio>\n<p data-adtags-visited=\"true\">Desde hace un buen tiempo estaba interesado en leer una biograf\u00eda de Tolkien. Tengo a la mano dos. Termin\u00e9 de leer la de Joseph Pearce, \u201cTolkien, hombre y mito\u201d (Minotauro, 2003). He disfrutado conociendo un poco m\u00e1s al creador de \u201cEl Se\u00f1or de los anillos\u201d, \u201cEl Hobbit\u201d, \u201cEl Silmarillion\u201d. Uno de los cuentos recogidos en este \u00faltimo libro, \u201cBeren y L\u00fathien\u201d, es de mis preferidos y le dediqu\u00e9 \u00a0una entrada de <a href=\"https:\/\/tertuliaabierta.wordpress.com\/2013\/08\/18\/beren-y-luthien-amor-de-pelicula\/\" target=\"_blank\" rel=\"noopener\">mi blog<\/a> .\u00a0El mundo, en donde se entrecruzan fantas\u00eda y realidad, expuesto en el cine, ha hecho populares a los personajes Frodo, Sam, Gandalf, Aragorn, Arwen, Gollum\u2026 En la Tierra Media encontramos de todo: amor y odio, bien y mal; generosidad, inocencia, codicia, lealtad, valent\u00eda, sacrificio. Valores y antivalores que nos resulta reconocibles, pues \u201cel mal y el bien no han cambiado desde ayer\u2014le dice Aragorn a \u00c9omer\u2014, ni tienen un sentido para los Elfos y Enanos v otro para los Hombres. Corresponde al hombre discernir entre ellos\u201d.<\/p>\n<p data-adtags-visited=\"true\">Tolkien (1892-1973), un hombre sencillo y sufrido. Su padre fallece muy pronto y su madre muere unos pocos a\u00f1os despu\u00e9s. Ella lo forma en la fe cat\u00f3lica. Siendo a\u00fan ni\u00f1o queda al cuidado de un sacerdote del Oratorio, quien le brinda un hogar y vela por su formaci\u00f3n intelectual y moral. Son unos pocos \u201chechos fundamentales que, por secamente que se expresen, son en verdad significativos\u201d en su biograf\u00eda. \u201cPor ejemplo, dice Tolkien, nac\u00ed en 1892 y viv\u00ed mis primeros a\u00f1os en \u201cla Comarca\u201d en una era premec\u00e1nica. O, lo que es todav\u00eda m\u00e1s importante, soy cristiano (lo que puede deducirse de mis historias), y cat\u00f3lico apost\u00f3lico romano por a\u00f1adidura\u201d.<\/p>\n<p data-adtags-visited=\"true\">Su amistad con C. S. Lewis fue particularmente importante. \u201cLa deuda, imposible de pagar, que tengo con \u00e9l\u2014escribi\u00f3 Tolkien de Lewis a\u00f1os despu\u00e9s\u2014, no es la \u201cinfluencia\u201d tal como se suele comprender, sino el aliento. Fue durante largo tiempo mi \u00fanico auditorio. S\u00f3lo de \u00e9l recib\u00ed por fin la idea de que mis \u201ccosas\u201d pod\u00edan ser algo m\u00e1s que un entretenimiento personal\u201d. Y no es menos significativa la opini\u00f3n de Lewis: \u201cCuando llegu\u00e9 al mundo se me advirti\u00f3 (expl\u00edcitamente) que nunca deb\u00eda confiar en un papista; cuando llegu\u00e9 a la English Faculty se me advirti\u00f3 (expl\u00edcitamente) que no deb\u00eda confiar nunca en un fil\u00f3logo. Tolkien era ambas cosas\u201d. Intereses comunes, sabrosas conversaciones y mucho sentido del humor.<\/p>\n<p data-adtags-visited=\"true\">\u00bfEs literatura evasiva la de Tolkien? En un de sus ensayos \u201cSobre los cuentos de hadas\u201d responde a esta cr\u00edtica que algunos le hicieron: \u201c\u00bfPor qu\u00e9 ha de despreciarse a la persona que, estando en prisi\u00f3n, intenta fugarse y regresar a casa? Y en caso de no lograrlo, \u00bfpor qu\u00e9 ha de despreci\u00e1rsela si piensa y habla de otros temas que no sean carceleros y rejas? El mundo exterior no ha dejado de ser real porque el prisionero no pueda verlo. Los cr\u00edticos han elegido una palabra inapropiada cuando utilizan el t\u00e9rmino \u201cEvasi\u00f3n\u201d en la forma en que lo hacen; y lo que es peor, est\u00e1n confundiendo\u2026la Evasi\u00f3n del prisionero con la huida del desertor\u201d. Tolkien ve en los cuentos de hadas la nostalgia del ser humano por regresar al para\u00edso perdido y habitarlo, aquel volver a nacer de los Evangelios. Es, tambi\u00e9n, el regreso de Ulises a \u00cdtaca para estar con Pen\u00e9lope y Tel\u00e9maco. Para tal fin ha de evadirse m\u00e1s de una vez en las prisiones en las que queda atrapado, a\u00fan cuando sean c\u00e1rceles de oro.<\/p>\n<p data-adtags-visited=\"true\">Edith, su esposa muere en 1971. Le escribe a su hijo Christopher: \u201cPor fin estoy ocup\u00e1ndome de la tumba de mamita\u2026 La inscripci\u00f3n que me gustar\u00eda es: EDITH MARY TOLKIEN 1889-1971 L\u00fathien: breve e ins\u00edpida, excepto L\u00fathien, que dice m\u00e1s para m\u00ed que una multitud de palabras: pues ella era (y sab\u00eda que lo era) mi L\u00fathien. \u2026 Nunca llam\u00e9 L\u00fathien a Edith, pero ella fue la fuente de la historia que con el tiempo se convirti\u00f3 en la parte principal del Silmarillion. Fue concebida por primera vez en el claro de un peque\u00f1o bosque lleno de cicuta en Roos, en Yorkshire (donde durante un breve tiempo estuve al mando de un puesto de avanzada de la Guarnici\u00f3n Humber en 1917, y ella pudo vivir conmigo por un corto per\u00edodo). En aquellos d\u00edas ten\u00eda negros cabellos resplandecientes, la piel clara, los ojos m\u00e1s brillantes que se hayan visto, y era capaz de cantar\u2026 y de bailar\u2026 Por siempre (en especial cuando me siento solo) nos encontramos en el claro del bosque y vamos de la mano muchas veces para escapar a la sombra de la muerte inminente antes de nuestra \u00faltima partida\u201d. Las vivencias bonitas no desaparecen, quedan vivas en el coraz\u00f3n y en alg\u00fan lugar del Cielo.<\/p>\n<p data-adtags-visited=\"true\"><img loading=\"lazy\" decoding=\"async\" class=\"size-full wp-image-77309 aligncenter\" src=\"https:\/\/exaudi.org\/wp-content\/uploads\/2023\/06\/Bobadilla.jpg\" alt=\"\" width=\"940\" height=\"788\" srcset=\"https:\/\/exaudi.org\/wp-content\/uploads\/2023\/06\/Bobadilla.jpg 940w, https:\/\/exaudi.org\/wp-content\/uploads\/2023\/06\/Bobadilla-300x251.jpg 300w, https:\/\/exaudi.org\/wp-content\/uploads\/2023\/06\/Bobadilla-770x645.jpg 770w, https:\/\/exaudi.org\/wp-content\/uploads\/2023\/06\/Bobadilla-500x419.jpg 500w, https:\/\/exaudi.org\/wp-content\/uploads\/2023\/06\/Bobadilla-293x246.jpg 293w, https:\/\/exaudi.org\/wp-content\/uploads\/2023\/06\/Bobadilla-390x327.jpg 390w\" sizes=\"auto, (max-width: 940px) 100vw, 940px\" \/><\/p>\n","protected":false},"excerpt":{"rendered":"<p>Las vivencias bonitas no desaparecen, quedan vivas en el coraz\u00f3n y en alg\u00fan lugar del Cielo<\/p>\n","protected":false},"author":109,"featured_media":77302,"comment_status":"closed","ping_status":"closed","sticky":false,"template":"","format":"standard","meta":{"_acf_changed":false,"_crdt_document":"","inline_featured_image":false,"footnotes":""},"categories":[130],"tags":[7425,9341,9340,9339,4953],"class_list":["post-77301","post","type-post","status-publish","format-standard","has-post-thumbnail","hentry","category-voces","tag-cuentos-de-hadas","tag-fantasia","tag-lewis","tag-tolkien","tag-trending-es"],"acf":[],"yoast_head":"<!-- This site is optimized with the Yoast SEO plugin v27.5 - https:\/\/yoast.com\/product\/yoast-seo-wordpress\/ -->\n<title>Tolkien, el Se\u00f1or de los cuentos de hadas &#8211; Exaudi<\/title>\n<meta name=\"robots\" content=\"index, follow, max-snippet:-1, max-image-preview:large, max-video-preview:-1\" \/>\n<link rel=\"canonical\" href=\"https:\/\/exaudi.org\/es\/tolkien-el-senor-de-los-cuentos-de-hadas\/\" \/>\n<meta property=\"og:locale\" content=\"es_ES\" \/>\n<meta property=\"og:type\" content=\"article\" \/>\n<meta property=\"og:title\" content=\"Tolkien, el Se\u00f1or de los cuentos de hadas &#8211; Exaudi\" \/>\n<meta property=\"og:description\" content=\"Las vivencias bonitas no desaparecen, quedan vivas en el coraz\u00f3n y en alg\u00fan lugar del Cielo\" \/>\n<meta property=\"og:url\" content=\"https:\/\/exaudi.org\/es\/tolkien-el-senor-de-los-cuentos-de-hadas\/\" \/>\n<meta property=\"og:site_name\" content=\"Exaudi\" \/>\n<meta property=\"article:publisher\" content=\"https:\/\/www.facebook.com\/ExaudiNews\" \/>\n<meta property=\"article:published_time\" content=\"2023-06-01T10:07:15+00:00\" \/>\n<meta property=\"article:modified_time\" content=\"2023-06-01T10:21:54+00:00\" \/>\n<meta property=\"og:image\" content=\"https:\/\/exaudi.org\/wp-content\/uploads\/2023\/06\/edith-tolkien-luthien-beren.webp\" \/>\n\t<meta property=\"og:image:width\" content=\"1024\" \/>\n\t<meta property=\"og:image:height\" content=\"674\" \/>\n\t<meta property=\"og:image:type\" content=\"image\/webp\" \/>\n<meta name=\"author\" content=\"Francisco Bobadilla\" \/>\n<meta name=\"twitter:card\" content=\"summary_large_image\" \/>\n<meta name=\"twitter:creator\" content=\"@Exaudi_News\" \/>\n<meta name=\"twitter:site\" content=\"@Exaudi_News\" \/>\n<meta name=\"twitter:label1\" content=\"Escrito por\" \/>\n\t<meta name=\"twitter:data1\" content=\"Francisco Bobadilla\" \/>\n\t<meta name=\"twitter:label2\" content=\"Tiempo de lectura\" \/>\n\t<meta name=\"twitter:data2\" content=\"4 minutos\" \/>\n<script type=\"application\/ld+json\" class=\"yoast-schema-graph\">{\"@context\":\"https:\\\/\\\/schema.org\",\"@graph\":[{\"@type\":\"Article\",\"@id\":\"https:\\\/\\\/exaudi.org\\\/es\\\/tolkien-el-senor-de-los-cuentos-de-hadas\\\/#article\",\"isPartOf\":{\"@id\":\"https:\\\/\\\/exaudi.org\\\/es\\\/tolkien-el-senor-de-los-cuentos-de-hadas\\\/\"},\"author\":{\"name\":\"Francisco Bobadilla\",\"@id\":\"https:\\\/\\\/exaudi.org\\\/#\\\/schema\\\/person\\\/f2d4ad1e1e2bb7dad42a623b75b7166b\"},\"headline\":\"Tolkien, el Se\u00f1or de los cuentos de hadas\",\"datePublished\":\"2023-06-01T10:07:15+00:00\",\"dateModified\":\"2023-06-01T10:21:54+00:00\",\"mainEntityOfPage\":{\"@id\":\"https:\\\/\\\/exaudi.org\\\/es\\\/tolkien-el-senor-de-los-cuentos-de-hadas\\\/\"},\"wordCount\":854,\"image\":{\"@id\":\"https:\\\/\\\/exaudi.org\\\/es\\\/tolkien-el-senor-de-los-cuentos-de-hadas\\\/#primaryimage\"},\"thumbnailUrl\":\"https:\\\/\\\/exaudi.org\\\/wp-content\\\/uploads\\\/2023\\\/06\\\/edith-tolkien-luthien-beren.webp\",\"keywords\":[\"Cuentos de Hadas\",\"Fantas\u00eda\",\"Lewis\",\"Tolkien\",\"Trending\"],\"articleSection\":[\"Voces\"],\"inLanguage\":\"es\"},{\"@type\":\"WebPage\",\"@id\":\"https:\\\/\\\/exaudi.org\\\/es\\\/tolkien-el-senor-de-los-cuentos-de-hadas\\\/\",\"url\":\"https:\\\/\\\/exaudi.org\\\/es\\\/tolkien-el-senor-de-los-cuentos-de-hadas\\\/\",\"name\":\"Tolkien, el Se\u00f1or de los cuentos de hadas &#8211; Exaudi\",\"isPartOf\":{\"@id\":\"https:\\\/\\\/exaudi.org\\\/#website\"},\"primaryImageOfPage\":{\"@id\":\"https:\\\/\\\/exaudi.org\\\/es\\\/tolkien-el-senor-de-los-cuentos-de-hadas\\\/#primaryimage\"},\"image\":{\"@id\":\"https:\\\/\\\/exaudi.org\\\/es\\\/tolkien-el-senor-de-los-cuentos-de-hadas\\\/#primaryimage\"},\"thumbnailUrl\":\"https:\\\/\\\/exaudi.org\\\/wp-content\\\/uploads\\\/2023\\\/06\\\/edith-tolkien-luthien-beren.webp\",\"datePublished\":\"2023-06-01T10:07:15+00:00\",\"dateModified\":\"2023-06-01T10:21:54+00:00\",\"author\":{\"@id\":\"https:\\\/\\\/exaudi.org\\\/#\\\/schema\\\/person\\\/f2d4ad1e1e2bb7dad42a623b75b7166b\"},\"breadcrumb\":{\"@id\":\"https:\\\/\\\/exaudi.org\\\/es\\\/tolkien-el-senor-de-los-cuentos-de-hadas\\\/#breadcrumb\"},\"inLanguage\":\"es\",\"potentialAction\":[{\"@type\":\"ReadAction\",\"target\":[\"https:\\\/\\\/exaudi.org\\\/es\\\/tolkien-el-senor-de-los-cuentos-de-hadas\\\/\"]}]},{\"@type\":\"ImageObject\",\"inLanguage\":\"es\",\"@id\":\"https:\\\/\\\/exaudi.org\\\/es\\\/tolkien-el-senor-de-los-cuentos-de-hadas\\\/#primaryimage\",\"url\":\"https:\\\/\\\/exaudi.org\\\/wp-content\\\/uploads\\\/2023\\\/06\\\/edith-tolkien-luthien-beren.webp\",\"contentUrl\":\"https:\\\/\\\/exaudi.org\\\/wp-content\\\/uploads\\\/2023\\\/06\\\/edith-tolkien-luthien-beren.webp\",\"width\":1024,\"height\":674,\"caption\":\"Edith y Tolkien, L\u00fathien y Beren\"},{\"@type\":\"BreadcrumbList\",\"@id\":\"https:\\\/\\\/exaudi.org\\\/es\\\/tolkien-el-senor-de-los-cuentos-de-hadas\\\/#breadcrumb\",\"itemListElement\":[{\"@type\":\"ListItem\",\"position\":1,\"name\":\"Portada\",\"item\":\"https:\\\/\\\/exaudi.org\\\/es\\\/\"},{\"@type\":\"ListItem\",\"position\":2,\"name\":\"Tolkien, el Se\u00f1or de los cuentos de hadas\"}]},{\"@type\":\"WebSite\",\"@id\":\"https:\\\/\\\/exaudi.org\\\/#website\",\"url\":\"https:\\\/\\\/exaudi.org\\\/\",\"name\":\"Exaudi\",\"description\":\"News\",\"potentialAction\":[{\"@type\":\"SearchAction\",\"target\":{\"@type\":\"EntryPoint\",\"urlTemplate\":\"https:\\\/\\\/exaudi.org\\\/?s={search_term_string}\"},\"query-input\":{\"@type\":\"PropertyValueSpecification\",\"valueRequired\":true,\"valueName\":\"search_term_string\"}}],\"inLanguage\":\"es\"},{\"@type\":\"Person\",\"@id\":\"https:\\\/\\\/exaudi.org\\\/#\\\/schema\\\/person\\\/f2d4ad1e1e2bb7dad42a623b75b7166b\",\"name\":\"Francisco Bobadilla\",\"image\":{\"@type\":\"ImageObject\",\"inLanguage\":\"es\",\"@id\":\"https:\\\/\\\/secure.gravatar.com\\\/avatar\\\/8d65d74eeda045f5ef133a25b739fed12768ab871a0ddb2772cf98408d61ee37?s=96&d=mm&r=g\",\"url\":\"https:\\\/\\\/secure.gravatar.com\\\/avatar\\\/8d65d74eeda045f5ef133a25b739fed12768ab871a0ddb2772cf98408d61ee37?s=96&d=mm&r=g\",\"contentUrl\":\"https:\\\/\\\/secure.gravatar.com\\\/avatar\\\/8d65d74eeda045f5ef133a25b739fed12768ab871a0ddb2772cf98408d61ee37?s=96&d=mm&r=g\",\"caption\":\"Francisco Bobadilla\"},\"description\":\"Francisco Bobadilla es profesor principal de la Universidad de Piura, donde dicta clases para el pre-grado y posgrado. Interesado en las Humanidades y en la dimensi\u00f3n \u00e9tica de la conducta humana. Lector habitual, de cuyas lecturas se nutre en gran parte este blog. Es autor, entre otros, de los libros \u201cPasi\u00f3n por la Excelencia\u201d, \u201cEmpresas con alma\u201d, \u00abProgreso econ\u00f3mico y desarrollo humano\u00bb, \u00abEl C\u00f3digo da Vinci: de la ficci\u00f3n a la realidad\u00bb; \u00abLa disponibilidad de los derechos de la personalidad\u00bb. Abogado y Master en Derecho Civil por la PUCP, doctor en Derecho por la Universidad de Zaragoza; Licenciado en Ciencias de la Informaci\u00f3n por la Universidad de Piura. Sus temas: pensamiento pol\u00edtico y social, \u00e9tica y cultura, derechos de la persona.\",\"sameAs\":[\"https:\\\/\\\/tertuliaabierta.wordpress.com\\\/\"],\"url\":\"https:\\\/\\\/exaudi.org\\\/es\\\/author\\\/francisco-bobadilla\\\/\"}]}<\/script>\n<!-- \/ Yoast SEO plugin. -->","yoast_head_json":{"title":"Tolkien, el Se\u00f1or de los cuentos de hadas &#8211; Exaudi","robots":{"index":"index","follow":"follow","max-snippet":"max-snippet:-1","max-image-preview":"max-image-preview:large","max-video-preview":"max-video-preview:-1"},"canonical":"https:\/\/exaudi.org\/es\/tolkien-el-senor-de-los-cuentos-de-hadas\/","og_locale":"es_ES","og_type":"article","og_title":"Tolkien, el Se\u00f1or de los cuentos de hadas &#8211; Exaudi","og_description":"Las vivencias bonitas no desaparecen, quedan vivas en el coraz\u00f3n y en alg\u00fan lugar del Cielo","og_url":"https:\/\/exaudi.org\/es\/tolkien-el-senor-de-los-cuentos-de-hadas\/","og_site_name":"Exaudi","article_publisher":"https:\/\/www.facebook.com\/ExaudiNews","article_published_time":"2023-06-01T10:07:15+00:00","article_modified_time":"2023-06-01T10:21:54+00:00","og_image":[{"width":1024,"height":674,"url":"https:\/\/exaudi.org\/wp-content\/uploads\/2023\/06\/edith-tolkien-luthien-beren.webp","type":"image\/webp"}],"author":"Francisco Bobadilla","twitter_card":"summary_large_image","twitter_creator":"@Exaudi_News","twitter_site":"@Exaudi_News","twitter_misc":{"Escrito por":"Francisco Bobadilla","Tiempo de lectura":"4 minutos"},"schema":{"@context":"https:\/\/schema.org","@graph":[{"@type":"Article","@id":"https:\/\/exaudi.org\/es\/tolkien-el-senor-de-los-cuentos-de-hadas\/#article","isPartOf":{"@id":"https:\/\/exaudi.org\/es\/tolkien-el-senor-de-los-cuentos-de-hadas\/"},"author":{"name":"Francisco Bobadilla","@id":"https:\/\/exaudi.org\/#\/schema\/person\/f2d4ad1e1e2bb7dad42a623b75b7166b"},"headline":"Tolkien, el Se\u00f1or de los cuentos de hadas","datePublished":"2023-06-01T10:07:15+00:00","dateModified":"2023-06-01T10:21:54+00:00","mainEntityOfPage":{"@id":"https:\/\/exaudi.org\/es\/tolkien-el-senor-de-los-cuentos-de-hadas\/"},"wordCount":854,"image":{"@id":"https:\/\/exaudi.org\/es\/tolkien-el-senor-de-los-cuentos-de-hadas\/#primaryimage"},"thumbnailUrl":"https:\/\/exaudi.org\/wp-content\/uploads\/2023\/06\/edith-tolkien-luthien-beren.webp","keywords":["Cuentos de Hadas","Fantas\u00eda","Lewis","Tolkien","Trending"],"articleSection":["Voces"],"inLanguage":"es"},{"@type":"WebPage","@id":"https:\/\/exaudi.org\/es\/tolkien-el-senor-de-los-cuentos-de-hadas\/","url":"https:\/\/exaudi.org\/es\/tolkien-el-senor-de-los-cuentos-de-hadas\/","name":"Tolkien, el Se\u00f1or de los cuentos de hadas &#8211; Exaudi","isPartOf":{"@id":"https:\/\/exaudi.org\/#website"},"primaryImageOfPage":{"@id":"https:\/\/exaudi.org\/es\/tolkien-el-senor-de-los-cuentos-de-hadas\/#primaryimage"},"image":{"@id":"https:\/\/exaudi.org\/es\/tolkien-el-senor-de-los-cuentos-de-hadas\/#primaryimage"},"thumbnailUrl":"https:\/\/exaudi.org\/wp-content\/uploads\/2023\/06\/edith-tolkien-luthien-beren.webp","datePublished":"2023-06-01T10:07:15+00:00","dateModified":"2023-06-01T10:21:54+00:00","author":{"@id":"https:\/\/exaudi.org\/#\/schema\/person\/f2d4ad1e1e2bb7dad42a623b75b7166b"},"breadcrumb":{"@id":"https:\/\/exaudi.org\/es\/tolkien-el-senor-de-los-cuentos-de-hadas\/#breadcrumb"},"inLanguage":"es","potentialAction":[{"@type":"ReadAction","target":["https:\/\/exaudi.org\/es\/tolkien-el-senor-de-los-cuentos-de-hadas\/"]}]},{"@type":"ImageObject","inLanguage":"es","@id":"https:\/\/exaudi.org\/es\/tolkien-el-senor-de-los-cuentos-de-hadas\/#primaryimage","url":"https:\/\/exaudi.org\/wp-content\/uploads\/2023\/06\/edith-tolkien-luthien-beren.webp","contentUrl":"https:\/\/exaudi.org\/wp-content\/uploads\/2023\/06\/edith-tolkien-luthien-beren.webp","width":1024,"height":674,"caption":"Edith y Tolkien, L\u00fathien y Beren"},{"@type":"BreadcrumbList","@id":"https:\/\/exaudi.org\/es\/tolkien-el-senor-de-los-cuentos-de-hadas\/#breadcrumb","itemListElement":[{"@type":"ListItem","position":1,"name":"Portada","item":"https:\/\/exaudi.org\/es\/"},{"@type":"ListItem","position":2,"name":"Tolkien, el Se\u00f1or de los cuentos de hadas"}]},{"@type":"WebSite","@id":"https:\/\/exaudi.org\/#website","url":"https:\/\/exaudi.org\/","name":"Exaudi","description":"News","potentialAction":[{"@type":"SearchAction","target":{"@type":"EntryPoint","urlTemplate":"https:\/\/exaudi.org\/?s={search_term_string}"},"query-input":{"@type":"PropertyValueSpecification","valueRequired":true,"valueName":"search_term_string"}}],"inLanguage":"es"},{"@type":"Person","@id":"https:\/\/exaudi.org\/#\/schema\/person\/f2d4ad1e1e2bb7dad42a623b75b7166b","name":"Francisco Bobadilla","image":{"@type":"ImageObject","inLanguage":"es","@id":"https:\/\/secure.gravatar.com\/avatar\/8d65d74eeda045f5ef133a25b739fed12768ab871a0ddb2772cf98408d61ee37?s=96&d=mm&r=g","url":"https:\/\/secure.gravatar.com\/avatar\/8d65d74eeda045f5ef133a25b739fed12768ab871a0ddb2772cf98408d61ee37?s=96&d=mm&r=g","contentUrl":"https:\/\/secure.gravatar.com\/avatar\/8d65d74eeda045f5ef133a25b739fed12768ab871a0ddb2772cf98408d61ee37?s=96&d=mm&r=g","caption":"Francisco Bobadilla"},"description":"Francisco Bobadilla es profesor principal de la Universidad de Piura, donde dicta clases para el pre-grado y posgrado. Interesado en las Humanidades y en la dimensi\u00f3n \u00e9tica de la conducta humana. Lector habitual, de cuyas lecturas se nutre en gran parte este blog. Es autor, entre otros, de los libros \u201cPasi\u00f3n por la Excelencia\u201d, \u201cEmpresas con alma\u201d, \u00abProgreso econ\u00f3mico y desarrollo humano\u00bb, \u00abEl C\u00f3digo da Vinci: de la ficci\u00f3n a la realidad\u00bb; \u00abLa disponibilidad de los derechos de la personalidad\u00bb. Abogado y Master en Derecho Civil por la PUCP, doctor en Derecho por la Universidad de Zaragoza; Licenciado en Ciencias de la Informaci\u00f3n por la Universidad de Piura. Sus temas: pensamiento pol\u00edtico y social, \u00e9tica y cultura, derechos de la persona.","sameAs":["https:\/\/tertuliaabierta.wordpress.com\/"],"url":"https:\/\/exaudi.org\/es\/author\/francisco-bobadilla\/"}]}},"jetpack_featured_media_url":"https:\/\/exaudi.org\/wp-content\/uploads\/2023\/06\/edith-tolkien-luthien-beren.webp","jetpack_shortlink":"https:\/\/wp.me\/pgKjF2-k6N","_links":{"self":[{"href":"https:\/\/exaudi.org\/es\/wp-json\/wp\/v2\/posts\/77301","targetHints":{"allow":["GET"]}}],"collection":[{"href":"https:\/\/exaudi.org\/es\/wp-json\/wp\/v2\/posts"}],"about":[{"href":"https:\/\/exaudi.org\/es\/wp-json\/wp\/v2\/types\/post"}],"author":[{"embeddable":true,"href":"https:\/\/exaudi.org\/es\/wp-json\/wp\/v2\/users\/109"}],"replies":[{"embeddable":true,"href":"https:\/\/exaudi.org\/es\/wp-json\/wp\/v2\/comments?post=77301"}],"version-history":[{"count":0,"href":"https:\/\/exaudi.org\/es\/wp-json\/wp\/v2\/posts\/77301\/revisions"}],"wp:featuredmedia":[{"embeddable":true,"href":"https:\/\/exaudi.org\/es\/wp-json\/wp\/v2\/media\/77302"}],"wp:attachment":[{"href":"https:\/\/exaudi.org\/es\/wp-json\/wp\/v2\/media?parent=77301"}],"wp:term":[{"taxonomy":"category","embeddable":true,"href":"https:\/\/exaudi.org\/es\/wp-json\/wp\/v2\/categories?post=77301"},{"taxonomy":"post_tag","embeddable":true,"href":"https:\/\/exaudi.org\/es\/wp-json\/wp\/v2\/tags?post=77301"}],"curies":[{"name":"wp","href":"https:\/\/api.w.org\/{rel}","templated":true}]}}