{"id":77260,"date":"2023-05-31T15:49:58","date_gmt":"2023-05-31T13:49:58","guid":{"rendered":"https:\/\/exaudi.org\/?p=77260"},"modified":"2023-05-31T16:02:20","modified_gmt":"2023-05-31T14:02:20","slug":"el-papa-la-pasion-por-la-evangelizacion-camino-de-dialogo-y-de-amistad","status":"publish","type":"post","link":"https:\/\/exaudi.org\/es\/el-papa-la-pasion-por-la-evangelizacion-camino-de-dialogo-y-de-amistad\/","title":{"rendered":"El Papa: \u00abLa pasi\u00f3n por la Evangelizaci\u00f3n: Camino de di\u00e1logo y de amistad\u00bb"},"content":{"rendered":"<div class=\"article__subTitle\">\n<audio class=\"wp-audio-shortcode\" id=\"audio-77260-1\" preload=\"none\" style=\"width: 100%;\" controls=\"controls\"><source type=\"audio\/mpeg\" src=\"https:\/\/exaudi.org\/wp-content\/uploads\/2023\/05\/El-Papa-La-pasion-por-la-Evangelizacion-Camino.mp3?_=1\" \/><a href=\"https:\/\/exaudi.org\/wp-content\/uploads\/2023\/05\/El-Papa-La-pasion-por-la-Evangelizacion-Camino.mp3\">https:\/\/exaudi.org\/wp-content\/uploads\/2023\/05\/El-Papa-La-pasion-por-la-Evangelizacion-Camino.mp3<\/a><\/audio>\n<p>El estudio y la preparaci\u00f3n suscitan inter\u00e9s y admiraci\u00f3n, pero es la coherencia de vida cristiana lo que atrae: lo dijo el Papa Francisco en su catequesis de la audiencia general de esta ma\u00f1ana, mi\u00e9rcoles, 31 de mayo de 2023, en que se refiri\u00f3 a la misi\u00f3n del jesuita Matteo Ricci, quien hace 500 a\u00f1os, superando dificultades y peligros, logr\u00f3 entrar en China y anunciar la fe cristiana, un modelo de inculturaci\u00f3n<\/p>\n<\/div>\n<div>\n<p>En su discurso, el Papa, centra su meditaci\u00f3n sobre el tema: \u201cPasi\u00f3n por la evangelizaci\u00f3n: el celo apost\u00f3lico del creyente. 14. Testigos: <i>El venerable Mateo Ricci<\/i><em>\u201d<\/em><\/p>\n<p>Tras resumir su catequesis en las distintas lenguas, el Santo Padre dirigi\u00f3 especiales expresiones especiales de saludo a los fieles presentes.<\/p>\n<p>La Audiencia General concluye con el rezo del\u00a0<em>Pater Noster<\/em>\u00a0y la Bendici\u00f3n Apost\u00f3lica.<\/p>\n<p>El Santo Padre tambi\u00e9n pidi\u00f3, una oraci\u00f3n por la martirizada Ucrania: \u00abAll\u00ed se sufre tanto\u00bb.<\/p>\n<p>A continuaci\u00f3n, sigue el texto de la catequesis completa, los saludos y las palabras en espa\u00f1ol del Santo Padre.<\/p>\n<p>***<\/p>\n<\/div>\n<p><b>Catequesis. La pasi\u00f3n por la evangelizaci\u00f3n: el celo apost\u00f3lico del creyente 15.\u00a0<i>Testigos:\u00a0 El venerable Mateo Ricci<\/i><\/b><\/p>\n<p>Queridos hermanos y hermanas, \u00a1buenos d\u00edas!<\/p>\n<p>Continuamos en estas catequesis hablando del celo apost\u00f3lico, es decir, del celo que sienten los cristianos por llevar a cabo el anuncio de Jesucristo. Y hoy quisiera presentaros otro gran ejemplo de celo apost\u00f3lico: hemos hablado de san Francisco Javier, de san Pablo, el celo apost\u00f3lico de los grandes zelotes; hoy hablaremos de uno -italiano-, pero que fue a China: Matteo Ricci.<\/p>\n<p>Natural de Macerata, en la regi\u00f3n de Las Marcas, tras estudiar en colegios jesuitas y entrar \u00e9l mismo en la Compa\u00f1\u00eda de Jes\u00fas, entusiasmado por los informes de los misioneros que escuchaba, como tantos otros j\u00f3venes que as\u00ed lo sent\u00edan, pidi\u00f3 ser enviado a las misiones del Extremo Oriente. Despu\u00e9s del intento de Francisco Javier, otros veinticinco jesuitas hab\u00edan intentado sin \u00e9xito entrar en China. Pero Ricci y uno de sus compa\u00f1eros se prepararon muy bien, estudiando cuidadosamente la lengua y las costumbres chinas, y finalmente consiguieron establecerse en el sur del pa\u00eds. Tardaron dieciocho a\u00f1os, con cuatro etapas por cuatro ciudades diferentes, antes de llegar a Pek\u00edn, que era el centro. Con perseverancia y paciencia, animado por una fe inquebrantable, Matteo Ricci pudo superar dificultades, peligros, desconfianzas y oposiciones. Basta pensar en aquella \u00e9poca, caminando o a caballo, tantas distancias&#8230; y \u00e9l segu\u00eda adelante. Pero, \u00bfcu\u00e1l era el secreto de Matteo Ricci? \u00bfPor qu\u00e9 camino le llev\u00f3 su celo?<\/p>\n<p>Siempre sigui\u00f3 el camino del di\u00e1logo y la amistad con todas las personas que encontraba, y esto le abri\u00f3 muchas puertas para anunciar la fe cristiana. De hecho, su primera obra en chino fue un tratado sobre la amistad, que tuvo una gran resonancia. Para encajar en la cultura y la vida chinas, al principio vest\u00eda como los bonzos budistas, seg\u00fan la costumbre del pa\u00eds, pero luego se dio cuenta de que lo mejor era adoptar el estilo de vida y de vestir de los literatos, como vest\u00edan los profesores universitarios, los literatos: y se visti\u00f3 as\u00ed. Estudi\u00f3 a fondo sus textos cl\u00e1sicos, para poder presentar el cristianismo en di\u00e1logo positivo con su sabidur\u00eda confuciana y las costumbres de la sociedad china. A esto se le llama actitud de inculturaci\u00f3n. Este misionero supo \u00abinculturar\u00bb la fe cristiana en el di\u00e1logo, como los antiguos Padres con la cultura griega.<\/p>\n<p>Su excelente formaci\u00f3n cient\u00edfica despert\u00f3 el inter\u00e9s y la admiraci\u00f3n de los hombres cultos, empezando por su famoso mapamundi, el mapa de todo el mundo conocido entonces, con los distintos continentes, que revel\u00f3 a los chinos por primera vez una realidad fuera de China mucho mayor de lo que hab\u00edan pensado nunca. Les mostr\u00f3 que el mundo era m\u00e1s grande que China, y lo comprendieron, porque eran inteligentes. Pero los conocimientos matem\u00e1ticos y astron\u00f3micos de Ricci y sus seguidores misioneros contribuyeron tambi\u00e9n a un fruct\u00edfero encuentro entre la cultura y la ciencia de Occidente y Oriente, que vivir\u00eda entonces una de sus \u00e9pocas m\u00e1s felices, en el signo del di\u00e1logo y la amistad. De hecho, la obra de Matteo Ricci nunca habr\u00eda sido posible sin la colaboraci\u00f3n de sus grandes amigos chinos, como el famoso \u00abDoctor Paolo\u00bb (Xu Guangqi) y el \u00abDoctor Leone\u00bb (Li Zhizao).<\/p>\n<p>Sin embargo, la fama de Ricci como hombre de ciencia no debe ocultar la motivaci\u00f3n m\u00e1s profunda de todos sus esfuerzos: el anuncio del Evangelio. Sigui\u00f3 adelante con el di\u00e1logo cient\u00edfico, con los cient\u00edficos, pero dando testimonio de su propia fe, del Evangelio. La credibilidad obtenida a trav\u00e9s del di\u00e1logo cient\u00edfico le dio autoridad para proponer la verdad de la fe y la moral cristianas, de las que habla en profundidad en sus principales obras chinas, como El verdadero significado del Se\u00f1or de los Cielos -as\u00ed se llama ese libro-. Adem\u00e1s de la doctrina, es su testimonio de vida religiosa, de virtud y de oraci\u00f3n: estos misioneros rezaban. Iban a predicar, hac\u00edan gestiones pol\u00edticas, de todo: pero rezaban. Fue la oraci\u00f3n la que aliment\u00f3 la vida misionera, una vida de caridad, ayudaban a los dem\u00e1s, humildes, con total desprecio de honores y riquezas, lo que llev\u00f3 a muchos de sus disc\u00edpulos y amigos chinos a aceptar la fe cat\u00f3lica. Porque ve\u00edan a un hombre tan inteligente, tan sabio, tan astuto -en el buen sentido de la palabra- para conseguir las cosas, y tan creyente que dec\u00edan: &#8216;Pero, lo que predica es verdad porque lo dice una persona que da testimonio: da testimonio con su propia vida de lo que proclama&#8217;. Esta es la coherencia de los evangelizadores. Y esto nos afecta a todos los cristianos que somos evangelizadores. Yo puedo decir el \u00abCredo\u00bb de memoria, puedo decir todas las cosas en las que creemos, pero si tu vida no es coherente con lo que profesas, no sirve de nada. Lo que atrae a la gente es el testimonio de coherencia: los cristianos estamos llamados a vivir lo que decimos, y no a fingir que vivimos como cristianos, sino a vivir como mundanos. Mira a estos grandes misioneros -como Matteo Ricci, que es italiano-, ver\u00e1s que la mayor fuerza es la coherencia: son coherentes.<\/p>\n<p>En los \u00faltimos d\u00edas de su vida, a los que estaban m\u00e1s cerca de \u00e9l y le preguntaron c\u00f3mo se sent\u00eda, Matteo Ricci \u00abrespondi\u00f3 que estaba pensando en ese momento si era mayor la alegr\u00eda y el gozo que sent\u00eda interiormente ante la idea de que estaba cerca de su viaje para ir a gustar a Dios, o la tristeza que le pod\u00eda causar dejar a sus compa\u00f1eros de toda la misi\u00f3n que tanto amaba, y el servicio que todav\u00eda pod\u00eda hacer a Dios Nuestro Se\u00f1or en esta misi\u00f3n\u00bb (S. De Ursis, Informe sobre M. Ricci, Archivio Storico Romano S.I.). Es la misma actitud del ap\u00f3stol Pablo (cf. Flp 1, 22-24), que quer\u00eda dejar al Se\u00f1or para encontrarlo, pero \u00abyo me quedo para servirte\u00bb.<\/p>\n<p>Matteo Ricci muri\u00f3 en Pek\u00edn en 1610, a los 57 a\u00f1os, un hombre que dio toda su vida por la misi\u00f3n. El esp\u00edritu misionero de Matteo Ricci es hoy un modelo vivo. Su amor por el pueblo chino es un modelo; pero lo que representa un camino actual es su coherencia de vida, el testimonio de su vida como cristiano. Llev\u00f3 el cristianismo a China; es grande s\u00ed, porque es un gran cient\u00edfico, es grande porque es valiente, es grande porque escribi\u00f3 tantos libros, pero sobre todo es grande porque fue coherente con su vocaci\u00f3n, coherente con ese deseo de seguir a Jesucristo. Hermanos y hermanas, hoy nosotros, cada uno de nosotros, nos preguntamos interiormente: \u00ab\u00bfSoy coherente, o soy un poco m\u00e1s o menos?\u00bb.<\/p>\n<h3><strong>Palabras en espa\u00f1ol<\/strong><\/h3>\n<p><i>Queridos hermanos y hermanas:<\/i><\/p>\n<p>En esta audiencia presentamos a otra figura del celo apost\u00f3lico, Mateo Ricci. Muchos intentos de llegar a China hab\u00edan fracasado y Mateo tuvo la intuici\u00f3n de prepararse cuidadosamente aprendiendo la lengua y las costumbres chinas, antes de afrontar su misi\u00f3n. Y esto le posibilit\u00f3 entrar en el territorio y con paciencia irse acercando a la capital. Vestido como un erudito, gracias a grandes colaboradores tambi\u00e9n chinos, fue capaz de ganarse el respeto de todos y hacer llegar el mensaje de Cristo a sus contempor\u00e1neos, a trav\u00e9s de su vida de piedad y de sus ense\u00f1anzas.<\/p>\n<p>Dos recursos, por as\u00ed decirlo, ten\u00eda para conseguir este prop\u00f3sito: por un lado, una\u00a0<i>actitud de amistad<\/i>\u00a0hacia todos, unida a una\u00a0<i>ejemplaridad de vida<\/i>\u00a0que causaba admiraci\u00f3n; por otro, una\u00a0<i>vast\u00edsima cultura<\/i>\u00a0que era reconocida por sus contempor\u00e1neos, y que adem\u00e1s supo conjugar con un estudio de los cl\u00e1sicos confucionistas, presentando as\u00ed el mensaje cristiano perfectamente inculturado.<\/p>\n<hr align=\"center\" size=\"1\" width=\"70%\" \/>\n<p><b><br \/>\nSaludos:<\/b><\/p>\n<p>Saludo cordialmente a los peregrinos de lengua espa\u00f1ola. Pidamos al Se\u00f1or que nos d\u00e9 la humildad de sabernos acercar a los dem\u00e1s con esa actitud de amistad, respeto y conocimiento de su cultura y sus valores. Que sepamos acoger todo lo bueno que hay en ellos, como Jes\u00fas al encarnarse, para hacernos capaces de hablar su lenguaje. Que no dudemos en ofrecerles todo lo bueno que tenemos, para dar prueba del Amor que nos mueve. Que tengamos la fuerza de vivir con coherencia la fe que profesamos, para transmitir el Evangelio del reino sin imposiciones ni proselitismos. Que sea esta la bendici\u00f3n de Jes\u00fas y que la Virgen Santa, primera misionera en esta fiesta de la Visitaci\u00f3n, nos sostenga en este prop\u00f3sito. Muchas gracias.<\/p>\n<p><iframe loading=\"lazy\" title=\"Audiencia General - 31 mayo 2023 - Papa Francisco\" width=\"500\" height=\"281\" src=\"https:\/\/www.youtube.com\/embed\/R7QswAnHHu8?feature=oembed\" frameborder=\"0\" allow=\"accelerometer; autoplay; clipboard-write; encrypted-media; gyroscope; picture-in-picture; web-share\" referrerpolicy=\"strict-origin-when-cross-origin\" allowfullscreen><\/iframe><\/p>\n","protected":false},"excerpt":{"rendered":"<p>Audiencia General<\/p>\n","protected":false},"author":15,"featured_media":77261,"comment_status":"closed","ping_status":"closed","sticky":false,"template":"","format":"standard","meta":{"_acf_changed":false,"_crdt_document":"","inline_featured_image":false,"footnotes":""},"categories":[112,68],"tags":[179,2419,9330,158,8258],"class_list":["post-77260","post","type-post","status-publish","format-standard","has-post-thumbnail","hentry","category-audiencia-general","category-leon-xiv","tag-audiencia-general","tag-featured","tag-matteo-ricci","tag-papa-francisco","tag-pasion-por-la-evangelizacion"],"acf":[],"yoast_head":"<!-- This site is optimized with the Yoast SEO plugin v27.5 - https:\/\/yoast.com\/product\/yoast-seo-wordpress\/ -->\n<title>El Papa: &quot;La pasi\u00f3n por la Evangelizaci\u00f3n: Camino de di\u00e1logo y de amistad&quot; &#8211; Exaudi<\/title>\n<meta name=\"robots\" content=\"index, follow, max-snippet:-1, max-image-preview:large, max-video-preview:-1\" \/>\n<link rel=\"canonical\" href=\"https:\/\/exaudi.org\/es\/el-papa-la-pasion-por-la-evangelizacion-camino-de-dialogo-y-de-amistad\/\" \/>\n<meta property=\"og:locale\" content=\"es_ES\" \/>\n<meta property=\"og:type\" content=\"article\" \/>\n<meta property=\"og:title\" content=\"El Papa: &quot;La pasi\u00f3n por la Evangelizaci\u00f3n: Camino de di\u00e1logo y de amistad&quot; &#8211; Exaudi\" \/>\n<meta property=\"og:description\" content=\"Audiencia General\" \/>\n<meta property=\"og:url\" content=\"https:\/\/exaudi.org\/es\/el-papa-la-pasion-por-la-evangelizacion-camino-de-dialogo-y-de-amistad\/\" \/>\n<meta property=\"og:site_name\" content=\"Exaudi\" \/>\n<meta property=\"article:publisher\" content=\"https:\/\/www.facebook.com\/ExaudiNews\" \/>\n<meta property=\"article:author\" content=\"https:\/\/www.facebook.com\/ExaudiNoticias\/\" \/>\n<meta property=\"article:published_time\" content=\"2023-05-31T13:49:58+00:00\" \/>\n<meta property=\"article:modified_time\" content=\"2023-05-31T14:02:20+00:00\" \/>\n<meta property=\"og:image\" content=\"https:\/\/exaudi.org\/wp-content\/uploads\/2023\/05\/Audiencia-General-31-mayo-2023-scaled.jpg\" \/>\n\t<meta property=\"og:image:width\" content=\"2560\" \/>\n\t<meta property=\"og:image:height\" content=\"1707\" \/>\n\t<meta property=\"og:image:type\" content=\"image\/jpeg\" \/>\n<meta name=\"author\" content=\"Exaudi Redacci\u00f3n\" \/>\n<meta name=\"twitter:card\" content=\"summary_large_image\" \/>\n<meta name=\"twitter:creator\" content=\"@Exaudi_noticias\" \/>\n<meta name=\"twitter:site\" content=\"@Exaudi_News\" \/>\n<meta name=\"twitter:label1\" content=\"Escrito por\" \/>\n\t<meta name=\"twitter:data1\" content=\"Exaudi Redacci\u00f3n\" \/>\n\t<meta name=\"twitter:label2\" content=\"Tiempo de lectura\" \/>\n\t<meta name=\"twitter:data2\" content=\"8 minutos\" \/>\n<script type=\"application\/ld+json\" class=\"yoast-schema-graph\">{\"@context\":\"https:\\\/\\\/schema.org\",\"@graph\":[{\"@type\":\"Article\",\"@id\":\"https:\\\/\\\/exaudi.org\\\/es\\\/el-papa-la-pasion-por-la-evangelizacion-camino-de-dialogo-y-de-amistad\\\/#article\",\"isPartOf\":{\"@id\":\"https:\\\/\\\/exaudi.org\\\/es\\\/el-papa-la-pasion-por-la-evangelizacion-camino-de-dialogo-y-de-amistad\\\/\"},\"author\":{\"name\":\"Exaudi Redacci\u00f3n\",\"@id\":\"https:\\\/\\\/exaudi.org\\\/#\\\/schema\\\/person\\\/f5fc8f063065e38742da7afe15f25df7\"},\"headline\":\"El Papa: \u00abLa pasi\u00f3n por la Evangelizaci\u00f3n: Camino de di\u00e1logo y de amistad\u00bb\",\"datePublished\":\"2023-05-31T13:49:58+00:00\",\"dateModified\":\"2023-05-31T14:02:20+00:00\",\"mainEntityOfPage\":{\"@id\":\"https:\\\/\\\/exaudi.org\\\/es\\\/el-papa-la-pasion-por-la-evangelizacion-camino-de-dialogo-y-de-amistad\\\/\"},\"wordCount\":1708,\"image\":{\"@id\":\"https:\\\/\\\/exaudi.org\\\/es\\\/el-papa-la-pasion-por-la-evangelizacion-camino-de-dialogo-y-de-amistad\\\/#primaryimage\"},\"thumbnailUrl\":\"https:\\\/\\\/exaudi.org\\\/wp-content\\\/uploads\\\/2023\\\/05\\\/Audiencia-General-31-mayo-2023-scaled.jpg\",\"keywords\":[\"audiencia general\",\"Featured\",\"Matteo Ricci\",\"papa francisco\",\"Pasi\u00f3n por la Evangelizaci\u00f3n\"],\"articleSection\":[\"Audiencia General\",\"Le\u00f3n XIV\"],\"inLanguage\":\"es\"},{\"@type\":\"WebPage\",\"@id\":\"https:\\\/\\\/exaudi.org\\\/es\\\/el-papa-la-pasion-por-la-evangelizacion-camino-de-dialogo-y-de-amistad\\\/\",\"url\":\"https:\\\/\\\/exaudi.org\\\/es\\\/el-papa-la-pasion-por-la-evangelizacion-camino-de-dialogo-y-de-amistad\\\/\",\"name\":\"El Papa: \\\"La pasi\u00f3n por la Evangelizaci\u00f3n: Camino de di\u00e1logo y de amistad\\\" &#8211; Exaudi\",\"isPartOf\":{\"@id\":\"https:\\\/\\\/exaudi.org\\\/#website\"},\"primaryImageOfPage\":{\"@id\":\"https:\\\/\\\/exaudi.org\\\/es\\\/el-papa-la-pasion-por-la-evangelizacion-camino-de-dialogo-y-de-amistad\\\/#primaryimage\"},\"image\":{\"@id\":\"https:\\\/\\\/exaudi.org\\\/es\\\/el-papa-la-pasion-por-la-evangelizacion-camino-de-dialogo-y-de-amistad\\\/#primaryimage\"},\"thumbnailUrl\":\"https:\\\/\\\/exaudi.org\\\/wp-content\\\/uploads\\\/2023\\\/05\\\/Audiencia-General-31-mayo-2023-scaled.jpg\",\"datePublished\":\"2023-05-31T13:49:58+00:00\",\"dateModified\":\"2023-05-31T14:02:20+00:00\",\"author\":{\"@id\":\"https:\\\/\\\/exaudi.org\\\/#\\\/schema\\\/person\\\/f5fc8f063065e38742da7afe15f25df7\"},\"breadcrumb\":{\"@id\":\"https:\\\/\\\/exaudi.org\\\/es\\\/el-papa-la-pasion-por-la-evangelizacion-camino-de-dialogo-y-de-amistad\\\/#breadcrumb\"},\"inLanguage\":\"es\",\"potentialAction\":[{\"@type\":\"ReadAction\",\"target\":[\"https:\\\/\\\/exaudi.org\\\/es\\\/el-papa-la-pasion-por-la-evangelizacion-camino-de-dialogo-y-de-amistad\\\/\"]}]},{\"@type\":\"ImageObject\",\"inLanguage\":\"es\",\"@id\":\"https:\\\/\\\/exaudi.org\\\/es\\\/el-papa-la-pasion-por-la-evangelizacion-camino-de-dialogo-y-de-amistad\\\/#primaryimage\",\"url\":\"https:\\\/\\\/exaudi.org\\\/wp-content\\\/uploads\\\/2023\\\/05\\\/Audiencia-General-31-mayo-2023-scaled.jpg\",\"contentUrl\":\"https:\\\/\\\/exaudi.org\\\/wp-content\\\/uploads\\\/2023\\\/05\\\/Audiencia-General-31-mayo-2023-scaled.jpg\",\"width\":2560,\"height\":1707,\"caption\":\"Audiencia General 31 mayo 2023 \u00a9 Vatican Media\"},{\"@type\":\"BreadcrumbList\",\"@id\":\"https:\\\/\\\/exaudi.org\\\/es\\\/el-papa-la-pasion-por-la-evangelizacion-camino-de-dialogo-y-de-amistad\\\/#breadcrumb\",\"itemListElement\":[{\"@type\":\"ListItem\",\"position\":1,\"name\":\"Portada\",\"item\":\"https:\\\/\\\/exaudi.org\\\/es\\\/\"},{\"@type\":\"ListItem\",\"position\":2,\"name\":\"El Papa: \u00abLa pasi\u00f3n por la Evangelizaci\u00f3n: Camino de di\u00e1logo y de amistad\u00bb\"}]},{\"@type\":\"WebSite\",\"@id\":\"https:\\\/\\\/exaudi.org\\\/#website\",\"url\":\"https:\\\/\\\/exaudi.org\\\/\",\"name\":\"Exaudi\",\"description\":\"News\",\"potentialAction\":[{\"@type\":\"SearchAction\",\"target\":{\"@type\":\"EntryPoint\",\"urlTemplate\":\"https:\\\/\\\/exaudi.org\\\/?s={search_term_string}\"},\"query-input\":{\"@type\":\"PropertyValueSpecification\",\"valueRequired\":true,\"valueName\":\"search_term_string\"}}],\"inLanguage\":\"es\"},{\"@type\":\"Person\",\"@id\":\"https:\\\/\\\/exaudi.org\\\/#\\\/schema\\\/person\\\/f5fc8f063065e38742da7afe15f25df7\",\"name\":\"Exaudi Redacci\u00f3n\",\"image\":{\"@type\":\"ImageObject\",\"inLanguage\":\"es\",\"@id\":\"https:\\\/\\\/secure.gravatar.com\\\/avatar\\\/fe0f6a059fb68d9b3e11bc5850dd4899b1c7492091a3cb6dd9b01b56ad828be2?s=96&d=mm&r=g\",\"url\":\"https:\\\/\\\/secure.gravatar.com\\\/avatar\\\/fe0f6a059fb68d9b3e11bc5850dd4899b1c7492091a3cb6dd9b01b56ad828be2?s=96&d=mm&r=g\",\"contentUrl\":\"https:\\\/\\\/secure.gravatar.com\\\/avatar\\\/fe0f6a059fb68d9b3e11bc5850dd4899b1c7492091a3cb6dd9b01b56ad828be2?s=96&d=mm&r=g\",\"caption\":\"Exaudi Redacci\u00f3n\"},\"description\":\"\u00bfQu\u00e9 es Exaudi News? Exaudi News es un medio de comunicaci\u00f3n cat\u00f3lico internacional que informa, forma y transforma, diariamente en espa\u00f1ol, ingl\u00e9s e italiano. A trav\u00e9s de noticias, art\u00edculos de an\u00e1lisis y transmisiones en directo de los eventos del Papa, Exaudi busca fortalecer la unidad de los cristianos y contribuir a la evangelizaci\u00f3n del mundo, siempre guiados por la doctrina social de la Iglesia. Trabajamos para acercar la verdad y los valores cristianos a cada rinc\u00f3n del planeta. \u00a1Ay\u00fadanos a transformar el mundo con Exaudi! En Exaudi creemos que la evangelizaci\u00f3n y la informaci\u00f3n de calidad pueden cambiar vidas. Para continuar con nuestra misi\u00f3n y expandir nuestro alcance, necesitamos tu ayuda. Adem\u00e1s, buscamos personas comprometidas que deseen unirse a nuestro equipo. Con tu apoyo, lograremos llegar a m\u00e1s personas, difundir el mensaje de Cristo y reforzar la unidad de los cristianos. \u00bfTe unes a nuestra misi\u00f3n? Para m\u00e1s informaci\u00f3n sobre c\u00f3mo colaborar, visita Exaudi.org\\\/es o cont\u00e1ctanos directamente: info@exaudi.org Exaudi: Informa, forma y transforma.\",\"sameAs\":[\"https:\\\/\\\/www.facebook.com\\\/ExaudiNoticias\\\/\",\"https:\\\/\\\/www.instagram.com\\\/exaudi_noticias\\\/\",\"https:\\\/\\\/x.com\\\/Exaudi_noticias\",\"https:\\\/\\\/www.youtube.com\\\/@exaudicatholicnews\"],\"url\":\"https:\\\/\\\/exaudi.org\\\/es\\\/author\\\/redaccionexaudi\\\/\"}]}<\/script>\n<!-- \/ Yoast SEO plugin. -->","yoast_head_json":{"title":"El Papa: \"La pasi\u00f3n por la Evangelizaci\u00f3n: Camino de di\u00e1logo y de amistad\" &#8211; Exaudi","robots":{"index":"index","follow":"follow","max-snippet":"max-snippet:-1","max-image-preview":"max-image-preview:large","max-video-preview":"max-video-preview:-1"},"canonical":"https:\/\/exaudi.org\/es\/el-papa-la-pasion-por-la-evangelizacion-camino-de-dialogo-y-de-amistad\/","og_locale":"es_ES","og_type":"article","og_title":"El Papa: \"La pasi\u00f3n por la Evangelizaci\u00f3n: Camino de di\u00e1logo y de amistad\" &#8211; Exaudi","og_description":"Audiencia General","og_url":"https:\/\/exaudi.org\/es\/el-papa-la-pasion-por-la-evangelizacion-camino-de-dialogo-y-de-amistad\/","og_site_name":"Exaudi","article_publisher":"https:\/\/www.facebook.com\/ExaudiNews","article_author":"https:\/\/www.facebook.com\/ExaudiNoticias\/","article_published_time":"2023-05-31T13:49:58+00:00","article_modified_time":"2023-05-31T14:02:20+00:00","og_image":[{"width":2560,"height":1707,"url":"https:\/\/exaudi.org\/wp-content\/uploads\/2023\/05\/Audiencia-General-31-mayo-2023-scaled.jpg","type":"image\/jpeg"}],"author":"Exaudi Redacci\u00f3n","twitter_card":"summary_large_image","twitter_creator":"@Exaudi_noticias","twitter_site":"@Exaudi_News","twitter_misc":{"Escrito por":"Exaudi Redacci\u00f3n","Tiempo de lectura":"8 minutos"},"schema":{"@context":"https:\/\/schema.org","@graph":[{"@type":"Article","@id":"https:\/\/exaudi.org\/es\/el-papa-la-pasion-por-la-evangelizacion-camino-de-dialogo-y-de-amistad\/#article","isPartOf":{"@id":"https:\/\/exaudi.org\/es\/el-papa-la-pasion-por-la-evangelizacion-camino-de-dialogo-y-de-amistad\/"},"author":{"name":"Exaudi Redacci\u00f3n","@id":"https:\/\/exaudi.org\/#\/schema\/person\/f5fc8f063065e38742da7afe15f25df7"},"headline":"El Papa: \u00abLa pasi\u00f3n por la Evangelizaci\u00f3n: Camino de di\u00e1logo y de amistad\u00bb","datePublished":"2023-05-31T13:49:58+00:00","dateModified":"2023-05-31T14:02:20+00:00","mainEntityOfPage":{"@id":"https:\/\/exaudi.org\/es\/el-papa-la-pasion-por-la-evangelizacion-camino-de-dialogo-y-de-amistad\/"},"wordCount":1708,"image":{"@id":"https:\/\/exaudi.org\/es\/el-papa-la-pasion-por-la-evangelizacion-camino-de-dialogo-y-de-amistad\/#primaryimage"},"thumbnailUrl":"https:\/\/exaudi.org\/wp-content\/uploads\/2023\/05\/Audiencia-General-31-mayo-2023-scaled.jpg","keywords":["audiencia general","Featured","Matteo Ricci","papa francisco","Pasi\u00f3n por la Evangelizaci\u00f3n"],"articleSection":["Audiencia General","Le\u00f3n XIV"],"inLanguage":"es"},{"@type":"WebPage","@id":"https:\/\/exaudi.org\/es\/el-papa-la-pasion-por-la-evangelizacion-camino-de-dialogo-y-de-amistad\/","url":"https:\/\/exaudi.org\/es\/el-papa-la-pasion-por-la-evangelizacion-camino-de-dialogo-y-de-amistad\/","name":"El Papa: \"La pasi\u00f3n por la Evangelizaci\u00f3n: Camino de di\u00e1logo y de amistad\" &#8211; Exaudi","isPartOf":{"@id":"https:\/\/exaudi.org\/#website"},"primaryImageOfPage":{"@id":"https:\/\/exaudi.org\/es\/el-papa-la-pasion-por-la-evangelizacion-camino-de-dialogo-y-de-amistad\/#primaryimage"},"image":{"@id":"https:\/\/exaudi.org\/es\/el-papa-la-pasion-por-la-evangelizacion-camino-de-dialogo-y-de-amistad\/#primaryimage"},"thumbnailUrl":"https:\/\/exaudi.org\/wp-content\/uploads\/2023\/05\/Audiencia-General-31-mayo-2023-scaled.jpg","datePublished":"2023-05-31T13:49:58+00:00","dateModified":"2023-05-31T14:02:20+00:00","author":{"@id":"https:\/\/exaudi.org\/#\/schema\/person\/f5fc8f063065e38742da7afe15f25df7"},"breadcrumb":{"@id":"https:\/\/exaudi.org\/es\/el-papa-la-pasion-por-la-evangelizacion-camino-de-dialogo-y-de-amistad\/#breadcrumb"},"inLanguage":"es","potentialAction":[{"@type":"ReadAction","target":["https:\/\/exaudi.org\/es\/el-papa-la-pasion-por-la-evangelizacion-camino-de-dialogo-y-de-amistad\/"]}]},{"@type":"ImageObject","inLanguage":"es","@id":"https:\/\/exaudi.org\/es\/el-papa-la-pasion-por-la-evangelizacion-camino-de-dialogo-y-de-amistad\/#primaryimage","url":"https:\/\/exaudi.org\/wp-content\/uploads\/2023\/05\/Audiencia-General-31-mayo-2023-scaled.jpg","contentUrl":"https:\/\/exaudi.org\/wp-content\/uploads\/2023\/05\/Audiencia-General-31-mayo-2023-scaled.jpg","width":2560,"height":1707,"caption":"Audiencia General 31 mayo 2023 \u00a9 Vatican Media"},{"@type":"BreadcrumbList","@id":"https:\/\/exaudi.org\/es\/el-papa-la-pasion-por-la-evangelizacion-camino-de-dialogo-y-de-amistad\/#breadcrumb","itemListElement":[{"@type":"ListItem","position":1,"name":"Portada","item":"https:\/\/exaudi.org\/es\/"},{"@type":"ListItem","position":2,"name":"El Papa: \u00abLa pasi\u00f3n por la Evangelizaci\u00f3n: Camino de di\u00e1logo y de amistad\u00bb"}]},{"@type":"WebSite","@id":"https:\/\/exaudi.org\/#website","url":"https:\/\/exaudi.org\/","name":"Exaudi","description":"News","potentialAction":[{"@type":"SearchAction","target":{"@type":"EntryPoint","urlTemplate":"https:\/\/exaudi.org\/?s={search_term_string}"},"query-input":{"@type":"PropertyValueSpecification","valueRequired":true,"valueName":"search_term_string"}}],"inLanguage":"es"},{"@type":"Person","@id":"https:\/\/exaudi.org\/#\/schema\/person\/f5fc8f063065e38742da7afe15f25df7","name":"Exaudi Redacci\u00f3n","image":{"@type":"ImageObject","inLanguage":"es","@id":"https:\/\/secure.gravatar.com\/avatar\/fe0f6a059fb68d9b3e11bc5850dd4899b1c7492091a3cb6dd9b01b56ad828be2?s=96&d=mm&r=g","url":"https:\/\/secure.gravatar.com\/avatar\/fe0f6a059fb68d9b3e11bc5850dd4899b1c7492091a3cb6dd9b01b56ad828be2?s=96&d=mm&r=g","contentUrl":"https:\/\/secure.gravatar.com\/avatar\/fe0f6a059fb68d9b3e11bc5850dd4899b1c7492091a3cb6dd9b01b56ad828be2?s=96&d=mm&r=g","caption":"Exaudi Redacci\u00f3n"},"description":"\u00bfQu\u00e9 es Exaudi News? Exaudi News es un medio de comunicaci\u00f3n cat\u00f3lico internacional que informa, forma y transforma, diariamente en espa\u00f1ol, ingl\u00e9s e italiano. A trav\u00e9s de noticias, art\u00edculos de an\u00e1lisis y transmisiones en directo de los eventos del Papa, Exaudi busca fortalecer la unidad de los cristianos y contribuir a la evangelizaci\u00f3n del mundo, siempre guiados por la doctrina social de la Iglesia. Trabajamos para acercar la verdad y los valores cristianos a cada rinc\u00f3n del planeta. \u00a1Ay\u00fadanos a transformar el mundo con Exaudi! En Exaudi creemos que la evangelizaci\u00f3n y la informaci\u00f3n de calidad pueden cambiar vidas. Para continuar con nuestra misi\u00f3n y expandir nuestro alcance, necesitamos tu ayuda. Adem\u00e1s, buscamos personas comprometidas que deseen unirse a nuestro equipo. Con tu apoyo, lograremos llegar a m\u00e1s personas, difundir el mensaje de Cristo y reforzar la unidad de los cristianos. \u00bfTe unes a nuestra misi\u00f3n? Para m\u00e1s informaci\u00f3n sobre c\u00f3mo colaborar, visita Exaudi.org\/es o cont\u00e1ctanos directamente: info@exaudi.org Exaudi: Informa, forma y transforma.","sameAs":["https:\/\/www.facebook.com\/ExaudiNoticias\/","https:\/\/www.instagram.com\/exaudi_noticias\/","https:\/\/x.com\/Exaudi_noticias","https:\/\/www.youtube.com\/@exaudicatholicnews"],"url":"https:\/\/exaudi.org\/es\/author\/redaccionexaudi\/"}]}},"jetpack_featured_media_url":"https:\/\/exaudi.org\/wp-content\/uploads\/2023\/05\/Audiencia-General-31-mayo-2023-scaled.jpg","jetpack_shortlink":"https:\/\/wp.me\/pgKjF2-k68","_links":{"self":[{"href":"https:\/\/exaudi.org\/es\/wp-json\/wp\/v2\/posts\/77260","targetHints":{"allow":["GET"]}}],"collection":[{"href":"https:\/\/exaudi.org\/es\/wp-json\/wp\/v2\/posts"}],"about":[{"href":"https:\/\/exaudi.org\/es\/wp-json\/wp\/v2\/types\/post"}],"author":[{"embeddable":true,"href":"https:\/\/exaudi.org\/es\/wp-json\/wp\/v2\/users\/15"}],"replies":[{"embeddable":true,"href":"https:\/\/exaudi.org\/es\/wp-json\/wp\/v2\/comments?post=77260"}],"version-history":[{"count":0,"href":"https:\/\/exaudi.org\/es\/wp-json\/wp\/v2\/posts\/77260\/revisions"}],"wp:featuredmedia":[{"embeddable":true,"href":"https:\/\/exaudi.org\/es\/wp-json\/wp\/v2\/media\/77261"}],"wp:attachment":[{"href":"https:\/\/exaudi.org\/es\/wp-json\/wp\/v2\/media?parent=77260"}],"wp:term":[{"taxonomy":"category","embeddable":true,"href":"https:\/\/exaudi.org\/es\/wp-json\/wp\/v2\/categories?post=77260"},{"taxonomy":"post_tag","embeddable":true,"href":"https:\/\/exaudi.org\/es\/wp-json\/wp\/v2\/tags?post=77260"}],"curies":[{"name":"wp","href":"https:\/\/api.w.org\/{rel}","templated":true}]}}