{"id":77253,"date":"2023-05-31T15:00:54","date_gmt":"2023-05-31T13:00:54","guid":{"rendered":"https:\/\/exaudi.org\/?p=77253"},"modified":"2023-05-31T15:01:27","modified_gmt":"2023-05-31T13:01:27","slug":"el-ex-vicepresidente-de-google-reclama-una-regulacion-de-la-ia","status":"publish","type":"post","link":"https:\/\/exaudi.org\/es\/el-ex-vicepresidente-de-google-reclama-una-regulacion-de-la-ia\/","title":{"rendered":"El ex-vicepresidente de Google reclama una regulaci\u00f3n de la IA"},"content":{"rendered":"<audio class=\"wp-audio-shortcode\" id=\"audio-77253-1\" preload=\"none\" style=\"width: 100%;\" controls=\"controls\"><source type=\"audio\/mpeg\" src=\"https:\/\/exaudi.org\/wp-content\/uploads\/2023\/05\/El-ex-vicepresidente-de-Google-reclama-una.mp3?_=1\" \/><a href=\"https:\/\/exaudi.org\/wp-content\/uploads\/2023\/05\/El-ex-vicepresidente-de-Google-reclama-una.mp3\">https:\/\/exaudi.org\/wp-content\/uploads\/2023\/05\/El-ex-vicepresidente-de-Google-reclama-una.mp3<\/a><\/audio>\n<p>Geo\ufb00rey Hinton, padre de la\u00a0<a href=\"https:\/\/www.observatoriobioetica.org\/2021\/07\/la-inteligencia-artificial-como-problema\/36540\" target=\"_blank\" rel=\"noopener\"><strong>Inteligencia Artificial (IA)<\/strong><\/a>, ha dimitido como vicepresidente de Google tras dedicar una d\u00e9cada a la investigaci\u00f3n y desarrollo de esta tecnolog\u00eda. El c\u00e9lebre inform\u00e1tico, tras su repentina salida, ha advertido de los riesgos de un mal uso de la IA y reclama su regulaci\u00f3n, llamando a la prudencia ante la velocidad que est\u00e1 alcanzando este desarrollo tecnol\u00f3gico.<\/p>\n<p>El experto en neurociencia computacional, Geo\ufb00rey Hinton, se suma a las advertencias lanzadas por l\u00edderes del sector de la IA como Steve Wozniak, Jaan Tallinn o Elon Musk sobre los peligros de que esta tecnolog\u00eda pueda prescindir del control humano y desarrollarse de forma aut\u00f3noma.<\/p>\n<p>El exejecutivo de Google, tras salir de la compa\u00f1\u00eda, ha mostrado su preocupaci\u00f3n sobre los contenidos producidos por herramientas vinculadas a la IA, concretamente, el\u00a0<strong><a href=\"https:\/\/www.xataka.com\/basics\/chatgpt-que-como-usarlo-que-puedes-hacer-este-chat-inteligencia-artificial\" target=\"_blank\" rel=\"noopener\">ChatGPT<\/a><\/strong>\u00a0o Dall-E, programas de inteligencia artificial que permiten obtener\u00a0<strong><a href=\"https:\/\/www.xataka.com\/basics\/dall-e-que-como-funciona-como-puedes-utilizar-esta-inteligencia-artificial-para-crear-imagenes\" target=\"_blank\" rel=\"noopener\">cualquier tipo de texto o imagen<\/a><\/strong>, respectivamente, solicitada por los usuarios.<\/p>\n<p>Hinton teme que estas aplicaciones saturen internet de textos, v\u00eddeos y recursos fotogr\u00e1ficos que puedan confundir a las personas hasta el punto de que no distingan lo real de lo virtual. Al l\u00edder inform\u00e1tico le preocupa tambi\u00e9n el efecto perverso que puede tener esta tecnolog\u00eda en los \u00e1mbitos laboral y social. En declaraciones recogidas por\u00a0<strong><a href=\"https:\/\/www.rtve.es\/noticias\/20230502\/geoffrey-hinton-padrino-inteligencia-artificial-deja-google\/2443086.shtml\" target=\"_blank\" rel=\"noopener\">Radio Televisi\u00f3n Espa\u00f1ola<\/a><\/strong>, Hinton ha confesado estar arrepentido de haber contribuido al despliegue y acelerado desarrollo de una poderosa herramienta que \u00e9l mismo consideraba que tardar\u00eda entre 30 y 50 a\u00f1os en perfeccionarse sin perder el control de la potencialidad que brinda la IA. El cient\u00edfico exige echar el freno y que Google y Microsoft no vayan m\u00e1s lejos hasta tener la seguridad de que se dominen esta nueva tecnolog\u00eda. \u201cMe consuelo con la excusa normal: si yo no lo hubiera hecho, alguien m\u00e1s lo habr\u00eda hecho\u201d ha explicado Hinton.<\/p>\n<p>Desde un enfoque bio\u00e9tico personalista, la tecnolog\u00eda debe estar al servicio del ser humano y mejorar la vida de las personas, no a la inversa. El padre de la bio\u00e9tica personalista, Elio Sgreccia, considera que la ciencia y la tecnolog\u00eda no conocen la \u00e9tica de los medios y de los fines. En este sentido, urg\u00eda a una simbiosis entre tecnolog\u00eda y humanismo, puesto que el poder cient\u00edfico nunca puede suplantar al ser humano.<\/p>\n<p>&nbsp;<\/p>\n<p><em>Mar\u00eda Santos Flores &#8211; Desamparados C. Aygues &#8211;\u00a0Mar\u00eda Jos\u00e9 Capel Mena &#8211; FedericoMernes &#8211;\u00a0Eulalia Garcia L\u00f3pez &#8211; Ana Rodriguez Scheid<\/em><\/p>\n<p><strong>Alumnos del Master en Bio\u00e9tica<\/strong><\/p>\n<p><strong><a href=\"https:\/\/www.ucv.es\/\" target=\"_blank\" rel=\"noopener\">Universidad Cat\u00f3lica de Valencia<\/a><\/strong><\/p>\n","protected":false},"excerpt":{"rendered":"<p>Hinton, padrino de la inteligencia artificial, se arrepiente de haber desarrollado esta tecnolog\u00eda y advierte de los riesgos de su mal uso<\/p>\n","protected":false},"author":87,"featured_media":77254,"comment_status":"closed","ping_status":"closed","sticky":false,"template":"","format":"standard","meta":{"_acf_changed":false,"_crdt_document":"","inline_featured_image":false,"footnotes":""},"categories":[130],"tags":[728,9329,9328,9327,3454,4953],"class_list":["post-77253","post","type-post","status-publish","format-standard","has-post-thumbnail","hentry","category-voces","tag-bioetica","tag-georey-hinton","tag-google","tag-ia","tag-inteligencia-artificial","tag-trending-es"],"acf":[],"yoast_head":"<!-- This site is optimized with the Yoast SEO plugin v27.5 - https:\/\/yoast.com\/product\/yoast-seo-wordpress\/ -->\n<title>El ex-vicepresidente de Google reclama una regulaci\u00f3n de la IA &#8211; Exaudi<\/title>\n<meta name=\"robots\" content=\"index, follow, max-snippet:-1, max-image-preview:large, max-video-preview:-1\" \/>\n<link rel=\"canonical\" href=\"https:\/\/exaudi.org\/es\/el-ex-vicepresidente-de-google-reclama-una-regulacion-de-la-ia\/\" \/>\n<meta property=\"og:locale\" content=\"es_ES\" \/>\n<meta property=\"og:type\" content=\"article\" \/>\n<meta property=\"og:title\" content=\"El ex-vicepresidente de Google reclama una regulaci\u00f3n de la IA &#8211; Exaudi\" \/>\n<meta property=\"og:description\" content=\"Hinton, padrino de la inteligencia artificial, se arrepiente de haber desarrollado esta tecnolog\u00eda y advierte de los riesgos de su mal uso\" \/>\n<meta property=\"og:url\" content=\"https:\/\/exaudi.org\/es\/el-ex-vicepresidente-de-google-reclama-una-regulacion-de-la-ia\/\" \/>\n<meta property=\"og:site_name\" content=\"Exaudi\" \/>\n<meta property=\"article:publisher\" content=\"https:\/\/www.facebook.com\/ExaudiNews\" \/>\n<meta property=\"article:author\" content=\"https:\/\/www.facebook.com\/observatoriodebioetica\/\" \/>\n<meta property=\"article:published_time\" content=\"2023-05-31T13:00:54+00:00\" \/>\n<meta property=\"article:modified_time\" content=\"2023-05-31T13:01:27+00:00\" \/>\n<meta property=\"og:image\" content=\"https:\/\/exaudi.org\/wp-content\/uploads\/2023\/05\/pexels-tara-winstead-8386365-scaled.jpg\" \/>\n\t<meta property=\"og:image:width\" content=\"2560\" \/>\n\t<meta property=\"og:image:height\" content=\"1707\" \/>\n\t<meta property=\"og:image:type\" content=\"image\/jpeg\" \/>\n<meta name=\"author\" content=\"Observatorio de Bio\u00e9tica UCV\" \/>\n<meta name=\"twitter:card\" content=\"summary_large_image\" \/>\n<meta name=\"twitter:creator\" content=\"@obioetica\" \/>\n<meta name=\"twitter:site\" content=\"@Exaudi_News\" \/>\n<meta name=\"twitter:label1\" content=\"Escrito por\" \/>\n\t<meta name=\"twitter:data1\" content=\"Observatorio de Bio\u00e9tica UCV\" \/>\n\t<meta name=\"twitter:label2\" content=\"Tiempo de lectura\" \/>\n\t<meta name=\"twitter:data2\" content=\"2 minutos\" \/>\n<script type=\"application\/ld+json\" class=\"yoast-schema-graph\">{\"@context\":\"https:\\\/\\\/schema.org\",\"@graph\":[{\"@type\":\"Article\",\"@id\":\"https:\\\/\\\/exaudi.org\\\/es\\\/el-ex-vicepresidente-de-google-reclama-una-regulacion-de-la-ia\\\/#article\",\"isPartOf\":{\"@id\":\"https:\\\/\\\/exaudi.org\\\/es\\\/el-ex-vicepresidente-de-google-reclama-una-regulacion-de-la-ia\\\/\"},\"author\":{\"name\":\"Observatorio de Bio\u00e9tica UCV\",\"@id\":\"https:\\\/\\\/exaudi.org\\\/#\\\/schema\\\/person\\\/05d1c06e56ecb5490e9bff0d27026595\"},\"headline\":\"El ex-vicepresidente de Google reclama una regulaci\u00f3n de la IA\",\"datePublished\":\"2023-05-31T13:00:54+00:00\",\"dateModified\":\"2023-05-31T13:01:27+00:00\",\"mainEntityOfPage\":{\"@id\":\"https:\\\/\\\/exaudi.org\\\/es\\\/el-ex-vicepresidente-de-google-reclama-una-regulacion-de-la-ia\\\/\"},\"wordCount\":463,\"image\":{\"@id\":\"https:\\\/\\\/exaudi.org\\\/es\\\/el-ex-vicepresidente-de-google-reclama-una-regulacion-de-la-ia\\\/#primaryimage\"},\"thumbnailUrl\":\"https:\\\/\\\/exaudi.org\\\/wp-content\\\/uploads\\\/2023\\\/05\\\/pexels-tara-winstead-8386365-scaled.jpg\",\"keywords\":[\"Bio\u00e9tica\",\"Geo\ufb00rey Hinton\",\"Google\",\"IA\",\"Inteligencia Artificial\",\"Trending\"],\"articleSection\":[\"Voces\"],\"inLanguage\":\"es\"},{\"@type\":\"WebPage\",\"@id\":\"https:\\\/\\\/exaudi.org\\\/es\\\/el-ex-vicepresidente-de-google-reclama-una-regulacion-de-la-ia\\\/\",\"url\":\"https:\\\/\\\/exaudi.org\\\/es\\\/el-ex-vicepresidente-de-google-reclama-una-regulacion-de-la-ia\\\/\",\"name\":\"El ex-vicepresidente de Google reclama una regulaci\u00f3n de la IA &#8211; Exaudi\",\"isPartOf\":{\"@id\":\"https:\\\/\\\/exaudi.org\\\/#website\"},\"primaryImageOfPage\":{\"@id\":\"https:\\\/\\\/exaudi.org\\\/es\\\/el-ex-vicepresidente-de-google-reclama-una-regulacion-de-la-ia\\\/#primaryimage\"},\"image\":{\"@id\":\"https:\\\/\\\/exaudi.org\\\/es\\\/el-ex-vicepresidente-de-google-reclama-una-regulacion-de-la-ia\\\/#primaryimage\"},\"thumbnailUrl\":\"https:\\\/\\\/exaudi.org\\\/wp-content\\\/uploads\\\/2023\\\/05\\\/pexels-tara-winstead-8386365-scaled.jpg\",\"datePublished\":\"2023-05-31T13:00:54+00:00\",\"dateModified\":\"2023-05-31T13:01:27+00:00\",\"author\":{\"@id\":\"https:\\\/\\\/exaudi.org\\\/#\\\/schema\\\/person\\\/05d1c06e56ecb5490e9bff0d27026595\"},\"breadcrumb\":{\"@id\":\"https:\\\/\\\/exaudi.org\\\/es\\\/el-ex-vicepresidente-de-google-reclama-una-regulacion-de-la-ia\\\/#breadcrumb\"},\"inLanguage\":\"es\",\"potentialAction\":[{\"@type\":\"ReadAction\",\"target\":[\"https:\\\/\\\/exaudi.org\\\/es\\\/el-ex-vicepresidente-de-google-reclama-una-regulacion-de-la-ia\\\/\"]}]},{\"@type\":\"ImageObject\",\"inLanguage\":\"es\",\"@id\":\"https:\\\/\\\/exaudi.org\\\/es\\\/el-ex-vicepresidente-de-google-reclama-una-regulacion-de-la-ia\\\/#primaryimage\",\"url\":\"https:\\\/\\\/exaudi.org\\\/wp-content\\\/uploads\\\/2023\\\/05\\\/pexels-tara-winstead-8386365-scaled.jpg\",\"contentUrl\":\"https:\\\/\\\/exaudi.org\\\/wp-content\\\/uploads\\\/2023\\\/05\\\/pexels-tara-winstead-8386365-scaled.jpg\",\"width\":2560,\"height\":1707,\"caption\":\"(C) Pexels\"},{\"@type\":\"BreadcrumbList\",\"@id\":\"https:\\\/\\\/exaudi.org\\\/es\\\/el-ex-vicepresidente-de-google-reclama-una-regulacion-de-la-ia\\\/#breadcrumb\",\"itemListElement\":[{\"@type\":\"ListItem\",\"position\":1,\"name\":\"Portada\",\"item\":\"https:\\\/\\\/exaudi.org\\\/es\\\/\"},{\"@type\":\"ListItem\",\"position\":2,\"name\":\"El ex-vicepresidente de Google reclama una regulaci\u00f3n de la IA\"}]},{\"@type\":\"WebSite\",\"@id\":\"https:\\\/\\\/exaudi.org\\\/#website\",\"url\":\"https:\\\/\\\/exaudi.org\\\/\",\"name\":\"Exaudi\",\"description\":\"News\",\"potentialAction\":[{\"@type\":\"SearchAction\",\"target\":{\"@type\":\"EntryPoint\",\"urlTemplate\":\"https:\\\/\\\/exaudi.org\\\/?s={search_term_string}\"},\"query-input\":{\"@type\":\"PropertyValueSpecification\",\"valueRequired\":true,\"valueName\":\"search_term_string\"}}],\"inLanguage\":\"es\"},{\"@type\":\"Person\",\"@id\":\"https:\\\/\\\/exaudi.org\\\/#\\\/schema\\\/person\\\/05d1c06e56ecb5490e9bff0d27026595\",\"name\":\"Observatorio de Bio\u00e9tica UCV\",\"image\":{\"@type\":\"ImageObject\",\"inLanguage\":\"es\",\"@id\":\"https:\\\/\\\/secure.gravatar.com\\\/avatar\\\/086563f59595a89fb0851de25d712a03657b1cdfa8af3c9cd0a1ee122fc5d596?s=96&d=mm&r=g\",\"url\":\"https:\\\/\\\/secure.gravatar.com\\\/avatar\\\/086563f59595a89fb0851de25d712a03657b1cdfa8af3c9cd0a1ee122fc5d596?s=96&d=mm&r=g\",\"contentUrl\":\"https:\\\/\\\/secure.gravatar.com\\\/avatar\\\/086563f59595a89fb0851de25d712a03657b1cdfa8af3c9cd0a1ee122fc5d596?s=96&d=mm&r=g\",\"caption\":\"Observatorio de Bio\u00e9tica UCV\"},\"description\":\"El Observatorio de Bio\u00e9tica se encuentra dentro del Instituto Ciencias de la vida de la Universidad Cat\u00f3lica de Valencia \u201cSan Vicente M\u00e1rtir\u201d . En el trasfondo de sus publicaciones, se defiende la vida humana desde la fecundaci\u00f3n a la muerte natural y la dignidad de la persona, teniendo como objetivo aunar esfuerzos para difundir la cultura de la vida como la define la Evangelium Vitae.\",\"sameAs\":[\"https:\\\/\\\/www.observatoriobioetica.org\\\/\",\"https:\\\/\\\/www.facebook.com\\\/observatoriodebioetica\\\/\",\"https:\\\/\\\/x.com\\\/obioetica\",\"https:\\\/\\\/www.youtube.com\\\/channel\\\/UC_Tr4WS5-TXoNo5e1MdQc7w\"],\"url\":\"https:\\\/\\\/exaudi.org\\\/es\\\/author\\\/observatoriodebioeticaucv\\\/\"}]}<\/script>\n<!-- \/ Yoast SEO plugin. -->","yoast_head_json":{"title":"El ex-vicepresidente de Google reclama una regulaci\u00f3n de la IA &#8211; Exaudi","robots":{"index":"index","follow":"follow","max-snippet":"max-snippet:-1","max-image-preview":"max-image-preview:large","max-video-preview":"max-video-preview:-1"},"canonical":"https:\/\/exaudi.org\/es\/el-ex-vicepresidente-de-google-reclama-una-regulacion-de-la-ia\/","og_locale":"es_ES","og_type":"article","og_title":"El ex-vicepresidente de Google reclama una regulaci\u00f3n de la IA &#8211; Exaudi","og_description":"Hinton, padrino de la inteligencia artificial, se arrepiente de haber desarrollado esta tecnolog\u00eda y advierte de los riesgos de su mal uso","og_url":"https:\/\/exaudi.org\/es\/el-ex-vicepresidente-de-google-reclama-una-regulacion-de-la-ia\/","og_site_name":"Exaudi","article_publisher":"https:\/\/www.facebook.com\/ExaudiNews","article_author":"https:\/\/www.facebook.com\/observatoriodebioetica\/","article_published_time":"2023-05-31T13:00:54+00:00","article_modified_time":"2023-05-31T13:01:27+00:00","og_image":[{"width":2560,"height":1707,"url":"https:\/\/exaudi.org\/wp-content\/uploads\/2023\/05\/pexels-tara-winstead-8386365-scaled.jpg","type":"image\/jpeg"}],"author":"Observatorio de Bio\u00e9tica UCV","twitter_card":"summary_large_image","twitter_creator":"@obioetica","twitter_site":"@Exaudi_News","twitter_misc":{"Escrito por":"Observatorio de Bio\u00e9tica UCV","Tiempo de lectura":"2 minutos"},"schema":{"@context":"https:\/\/schema.org","@graph":[{"@type":"Article","@id":"https:\/\/exaudi.org\/es\/el-ex-vicepresidente-de-google-reclama-una-regulacion-de-la-ia\/#article","isPartOf":{"@id":"https:\/\/exaudi.org\/es\/el-ex-vicepresidente-de-google-reclama-una-regulacion-de-la-ia\/"},"author":{"name":"Observatorio de Bio\u00e9tica UCV","@id":"https:\/\/exaudi.org\/#\/schema\/person\/05d1c06e56ecb5490e9bff0d27026595"},"headline":"El ex-vicepresidente de Google reclama una regulaci\u00f3n de la IA","datePublished":"2023-05-31T13:00:54+00:00","dateModified":"2023-05-31T13:01:27+00:00","mainEntityOfPage":{"@id":"https:\/\/exaudi.org\/es\/el-ex-vicepresidente-de-google-reclama-una-regulacion-de-la-ia\/"},"wordCount":463,"image":{"@id":"https:\/\/exaudi.org\/es\/el-ex-vicepresidente-de-google-reclama-una-regulacion-de-la-ia\/#primaryimage"},"thumbnailUrl":"https:\/\/exaudi.org\/wp-content\/uploads\/2023\/05\/pexels-tara-winstead-8386365-scaled.jpg","keywords":["Bio\u00e9tica","Geo\ufb00rey Hinton","Google","IA","Inteligencia Artificial","Trending"],"articleSection":["Voces"],"inLanguage":"es"},{"@type":"WebPage","@id":"https:\/\/exaudi.org\/es\/el-ex-vicepresidente-de-google-reclama-una-regulacion-de-la-ia\/","url":"https:\/\/exaudi.org\/es\/el-ex-vicepresidente-de-google-reclama-una-regulacion-de-la-ia\/","name":"El ex-vicepresidente de Google reclama una regulaci\u00f3n de la IA &#8211; Exaudi","isPartOf":{"@id":"https:\/\/exaudi.org\/#website"},"primaryImageOfPage":{"@id":"https:\/\/exaudi.org\/es\/el-ex-vicepresidente-de-google-reclama-una-regulacion-de-la-ia\/#primaryimage"},"image":{"@id":"https:\/\/exaudi.org\/es\/el-ex-vicepresidente-de-google-reclama-una-regulacion-de-la-ia\/#primaryimage"},"thumbnailUrl":"https:\/\/exaudi.org\/wp-content\/uploads\/2023\/05\/pexels-tara-winstead-8386365-scaled.jpg","datePublished":"2023-05-31T13:00:54+00:00","dateModified":"2023-05-31T13:01:27+00:00","author":{"@id":"https:\/\/exaudi.org\/#\/schema\/person\/05d1c06e56ecb5490e9bff0d27026595"},"breadcrumb":{"@id":"https:\/\/exaudi.org\/es\/el-ex-vicepresidente-de-google-reclama-una-regulacion-de-la-ia\/#breadcrumb"},"inLanguage":"es","potentialAction":[{"@type":"ReadAction","target":["https:\/\/exaudi.org\/es\/el-ex-vicepresidente-de-google-reclama-una-regulacion-de-la-ia\/"]}]},{"@type":"ImageObject","inLanguage":"es","@id":"https:\/\/exaudi.org\/es\/el-ex-vicepresidente-de-google-reclama-una-regulacion-de-la-ia\/#primaryimage","url":"https:\/\/exaudi.org\/wp-content\/uploads\/2023\/05\/pexels-tara-winstead-8386365-scaled.jpg","contentUrl":"https:\/\/exaudi.org\/wp-content\/uploads\/2023\/05\/pexels-tara-winstead-8386365-scaled.jpg","width":2560,"height":1707,"caption":"(C) Pexels"},{"@type":"BreadcrumbList","@id":"https:\/\/exaudi.org\/es\/el-ex-vicepresidente-de-google-reclama-una-regulacion-de-la-ia\/#breadcrumb","itemListElement":[{"@type":"ListItem","position":1,"name":"Portada","item":"https:\/\/exaudi.org\/es\/"},{"@type":"ListItem","position":2,"name":"El ex-vicepresidente de Google reclama una regulaci\u00f3n de la IA"}]},{"@type":"WebSite","@id":"https:\/\/exaudi.org\/#website","url":"https:\/\/exaudi.org\/","name":"Exaudi","description":"News","potentialAction":[{"@type":"SearchAction","target":{"@type":"EntryPoint","urlTemplate":"https:\/\/exaudi.org\/?s={search_term_string}"},"query-input":{"@type":"PropertyValueSpecification","valueRequired":true,"valueName":"search_term_string"}}],"inLanguage":"es"},{"@type":"Person","@id":"https:\/\/exaudi.org\/#\/schema\/person\/05d1c06e56ecb5490e9bff0d27026595","name":"Observatorio de Bio\u00e9tica UCV","image":{"@type":"ImageObject","inLanguage":"es","@id":"https:\/\/secure.gravatar.com\/avatar\/086563f59595a89fb0851de25d712a03657b1cdfa8af3c9cd0a1ee122fc5d596?s=96&d=mm&r=g","url":"https:\/\/secure.gravatar.com\/avatar\/086563f59595a89fb0851de25d712a03657b1cdfa8af3c9cd0a1ee122fc5d596?s=96&d=mm&r=g","contentUrl":"https:\/\/secure.gravatar.com\/avatar\/086563f59595a89fb0851de25d712a03657b1cdfa8af3c9cd0a1ee122fc5d596?s=96&d=mm&r=g","caption":"Observatorio de Bio\u00e9tica UCV"},"description":"El Observatorio de Bio\u00e9tica se encuentra dentro del Instituto Ciencias de la vida de la Universidad Cat\u00f3lica de Valencia \u201cSan Vicente M\u00e1rtir\u201d . En el trasfondo de sus publicaciones, se defiende la vida humana desde la fecundaci\u00f3n a la muerte natural y la dignidad de la persona, teniendo como objetivo aunar esfuerzos para difundir la cultura de la vida como la define la Evangelium Vitae.","sameAs":["https:\/\/www.observatoriobioetica.org\/","https:\/\/www.facebook.com\/observatoriodebioetica\/","https:\/\/x.com\/obioetica","https:\/\/www.youtube.com\/channel\/UC_Tr4WS5-TXoNo5e1MdQc7w"],"url":"https:\/\/exaudi.org\/es\/author\/observatoriodebioeticaucv\/"}]}},"jetpack_featured_media_url":"https:\/\/exaudi.org\/wp-content\/uploads\/2023\/05\/pexels-tara-winstead-8386365-scaled.jpg","jetpack_shortlink":"https:\/\/wp.me\/pgKjF2-k61","_links":{"self":[{"href":"https:\/\/exaudi.org\/es\/wp-json\/wp\/v2\/posts\/77253","targetHints":{"allow":["GET"]}}],"collection":[{"href":"https:\/\/exaudi.org\/es\/wp-json\/wp\/v2\/posts"}],"about":[{"href":"https:\/\/exaudi.org\/es\/wp-json\/wp\/v2\/types\/post"}],"author":[{"embeddable":true,"href":"https:\/\/exaudi.org\/es\/wp-json\/wp\/v2\/users\/87"}],"replies":[{"embeddable":true,"href":"https:\/\/exaudi.org\/es\/wp-json\/wp\/v2\/comments?post=77253"}],"version-history":[{"count":0,"href":"https:\/\/exaudi.org\/es\/wp-json\/wp\/v2\/posts\/77253\/revisions"}],"wp:featuredmedia":[{"embeddable":true,"href":"https:\/\/exaudi.org\/es\/wp-json\/wp\/v2\/media\/77254"}],"wp:attachment":[{"href":"https:\/\/exaudi.org\/es\/wp-json\/wp\/v2\/media?parent=77253"}],"wp:term":[{"taxonomy":"category","embeddable":true,"href":"https:\/\/exaudi.org\/es\/wp-json\/wp\/v2\/categories?post=77253"},{"taxonomy":"post_tag","embeddable":true,"href":"https:\/\/exaudi.org\/es\/wp-json\/wp\/v2\/tags?post=77253"}],"curies":[{"name":"wp","href":"https:\/\/api.w.org\/{rel}","templated":true}]}}