{"id":76479,"date":"2023-05-22T11:01:36","date_gmt":"2023-05-22T09:01:36","guid":{"rendered":"https:\/\/exaudi.org\/?p=76479"},"modified":"2023-05-22T11:16:36","modified_gmt":"2023-05-22T09:16:36","slug":"javier-cascon-compre-una-casa-para-personas-sin-hogar","status":"publish","type":"post","link":"https:\/\/exaudi.org\/es\/javier-cascon-compre-una-casa-para-personas-sin-hogar\/","title":{"rendered":"Javier Casc\u00f3n: \u00abCompr\u00e9 una casa para personas sin hogar\u00bb"},"content":{"rendered":"<audio class=\"wp-audio-shortcode\" id=\"audio-76479-1\" preload=\"none\" style=\"width: 100%;\" controls=\"controls\"><source type=\"audio\/mpeg\" src=\"https:\/\/exaudi.org\/wp-content\/uploads\/2023\/05\/Javier-Cascon-Compre-una-casa-para-personas-sin.mp3?_=1\" \/><a href=\"https:\/\/exaudi.org\/wp-content\/uploads\/2023\/05\/Javier-Cascon-Compre-una-casa-para-personas-sin.mp3\">https:\/\/exaudi.org\/wp-content\/uploads\/2023\/05\/Javier-Cascon-Compre-una-casa-para-personas-sin.mp3<\/a><\/audio>\n<p>Dicen que s\u00f3lo con peque\u00f1as acciones se lograr\u00e1 cambiar el mundo. Y son estas peque\u00f1as cosas las que consiguieron un d\u00eda captar la atenci\u00f3n de\u00a0<b>Javier Casc\u00f3n<\/b>.<\/p>\n<p>Javier adquiere viviendas para compartirlas con personas sin hogar.<\/p>\n<ol>\n<li><strong>\u00bfC\u00f3mo surge esta iniciativa?<\/strong><\/li>\n<\/ol>\n<p>Durante los \u00faltimos seis a\u00f1os he estado trabajando en diferentes iniciativas en las que el contacto con personas en riesgo de exclusi\u00f3n era constate. En estos a\u00f1os, recibimos demasiadas llamadas pidiendo ayuda a las que no pod\u00edamos dar abasto por la falta de plazas o de recursos. Cada a\u00f1o que pasaba ve\u00eda que a nivel personal pod\u00eda dar un paso m\u00e1s. Esto me llev\u00f3 a decidir comprar una casa para personas sin hogar. Con lo que ten\u00eda ahorrado no era suficiente, as\u00ed que, escrib\u00ed el libro <em>Amen sin tilde<\/em> que saqu\u00e9 a la venta en octubre de 2021 con el objetivo de comprar el inmueble en menos de un a\u00f1o. As\u00ed fue, gracias al apoyo de cientos de personas, se pudo comprar la primera casa en menos de un a\u00f1o. Desde septiembre de 2022 ya viven all\u00ed dos mujeres (madre e hija).<\/p>\n<ol start=\"2\">\n<li><strong>\u00bfQu\u00e9 dificultades te has encontrado?<\/strong><\/li>\n<\/ol>\n<p>La verdad es que todo ha sido mucho m\u00e1s f\u00e1cil de lo que esperaba gracias a la gente, pero, aun as\u00ed, siempre hay algunas dificultades. Obviamente, una de ellas, el precio de los inmuebles en Madrid. Este primero han sido 75.000\u20ac (del que a\u00fan tengo que pagar 18.000\u20ac) y eso que solo son treinta y pocos metros cuadrados. Mi idea era algo m\u00e1s grande para poder vivir yo con las personas del piso, pero en algo tan peque\u00f1o y siendo mujeres las que est\u00e1n viviendo all\u00ed, es mejor no estar yo. Para el segundo espero poder comprar algo m\u00e1s grande y vivir juntos unos chicos y yo. Otra dificultad ha sido la cantidad de papeleo y burocracia que se necesita. Yo no sab\u00eda que era tanto y en mi ingenuidad con 24 a\u00f1os no sab\u00eda c\u00f3mo resolver todo.<\/p>\n<ol start=\"3\">\n<li><strong>\u00bfQu\u00e9 frutos ha dado ya esta iniciativa?<\/strong><\/li>\n<\/ol>\n<p>Para m\u00ed lo m\u00e1s importante es que la madre y la hija ya pueden vivir tranquilas. Pero, adem\u00e1s de eso, nunca sabemos hasta donde llega la repercusi\u00f3n de lo que hacemos. Yo pensaba que todo esto era solo un peque\u00f1o gesto porque solo iban a caber dos personas y me parec\u00eda insuficiente. Sin embargo, me han llegado mensajes incre\u00edbles de muchas personas de diferentes pa\u00edses y continentes apoyando, rezando o haciendo proyectos parecidos. M\u00e1s de 900 personas se han implicado de una u otra manera. Especialmente bonito han sido algunos gestos sencillos como una chica que don\u00f3 el dinero que iba a recibir por su cumplea\u00f1os, otra chica que escribi\u00f3 un libro y destin\u00f3 lo recaudado a este proyecto, una empresaria que compr\u00f3 el libro y se lo regal\u00f3 a todos sus clientes o un hotel que puso a la venta el libro para sus clientes.<\/p>\n<p><img loading=\"lazy\" decoding=\"async\" class=\"alignleft wp-image-76483\" src=\"https:\/\/exaudi.org\/wp-content\/uploads\/2023\/05\/Foto-con-libro-scaled.jpg\" alt=\"\" width=\"125\" height=\"187\" srcset=\"https:\/\/exaudi.org\/wp-content\/uploads\/2023\/05\/Foto-con-libro-scaled.jpg 1707w, https:\/\/exaudi.org\/wp-content\/uploads\/2023\/05\/Foto-con-libro-200x300.jpg 200w, https:\/\/exaudi.org\/wp-content\/uploads\/2023\/05\/Foto-con-libro-683x1024.jpg 683w, https:\/\/exaudi.org\/wp-content\/uploads\/2023\/05\/Foto-con-libro-770x1155.jpg 770w, https:\/\/exaudi.org\/wp-content\/uploads\/2023\/05\/Foto-con-libro-1024x1536.jpg 1024w, https:\/\/exaudi.org\/wp-content\/uploads\/2023\/05\/Foto-con-libro-1365x2048.jpg 1365w, https:\/\/exaudi.org\/wp-content\/uploads\/2023\/05\/Foto-con-libro-500x750.jpg 500w, https:\/\/exaudi.org\/wp-content\/uploads\/2023\/05\/Foto-con-libro-293x440.jpg 293w, https:\/\/exaudi.org\/wp-content\/uploads\/2023\/05\/Foto-con-libro-1400x2100.jpg 1400w, https:\/\/exaudi.org\/wp-content\/uploads\/2023\/05\/Foto-con-libro-390x585.jpg 390w\" sizes=\"auto, (max-width: 125px) 100vw, 125px\" \/><\/p>\n<ol start=\"4\">\n<li><strong>\u00bfTiene alg\u00fan testimonio que nos pueda compartir?<\/strong><\/li>\n<\/ol>\n<p>Hemos vivido testimonios muy bonitos de compa\u00f1erismo y generosidad, desde algunas familias que nos donaban sus muebles para la casa hasta otros amigos m\u00edos que iban a dar clases de espa\u00f1ol a las mujeres residentes. Uno de los profesores fue un amigo m\u00edo que anteriormente hab\u00eda estado tambi\u00e9n viviendo en la calle durante casi treinta a\u00f1os. Incre\u00edble todo lo que est\u00e1 pasando. Conf\u00edo en que podamos seguir creciendo y llegando a m\u00e1s personas.<\/p>\n<ol start=\"5\">\n<li><strong>\u00bfC\u00f3mo pueden ayudar nuestros lectores? <\/strong><\/li>\n<\/ol>\n<p>De esto se me ocurren unas cuantas maneras. Lo primero, entreg\u00e1ndose y amando mucho a las personas que les rodean. Esa es la mayor revoluci\u00f3n. La segunda, creyendo firmemente que todos los que nos rodean son hermanos y hermanas. Si supi\u00e9ramos esto, muchas cosas cambiar\u00edan. Lo tercero, si quieren apoyar este proyecto, pueden orar por nosotros, pueden comprar el libro <a href=\"https:\/\/l.instagram.com\/?u=https%3A%2F%2Fforms.gle%2FfpAJXG7dqDaLR4of8&amp;e=AT0H7HI98o1QDbANfrBRqywp-6XhewuWl8Sp--SdC_EpG9HtFauTSPBmm3PGpbXT1eb2EWXuvMHaUdREA8BUEcyzCNXb6QOTM2okppk\" target=\"_blank\" rel=\"noopener\"><em>Amen sin tilde<\/em><\/a> que cuesta 12\u20ac, donar o ponernos en contacto con personas que quieran vender o dar sus casas para esto. Hay muchas otras maneras, pero ah\u00ed que tengan libertad para escribirme por redes sociales o a <a href=\"javiercasconcoca@gmail.com\" target=\"_blank\" rel=\"noopener\">mi correo electr\u00f3nico<\/a> \u00a1Gracias por todo!<\/p>\n<p><a href=\"https:\/\/www.instagram.com\/javiercascon_\/?igshid=NTc4MTIwNjQ2YQ%3D%3D\" target=\"_blank\" rel=\"noopener\">Instagram<\/a><\/p>\n<p><img loading=\"lazy\" decoding=\"async\" class=\"alignleft size-full wp-image-76486\" src=\"https:\/\/exaudi.org\/wp-content\/uploads\/2023\/05\/Portada-Amen-sin-tilde-con-manos-scaled.jpg\" alt=\"\" width=\"2560\" height=\"2048\" srcset=\"https:\/\/exaudi.org\/wp-content\/uploads\/2023\/05\/Portada-Amen-sin-tilde-con-manos-scaled.jpg 2560w, https:\/\/exaudi.org\/wp-content\/uploads\/2023\/05\/Portada-Amen-sin-tilde-con-manos-300x240.jpg 300w, https:\/\/exaudi.org\/wp-content\/uploads\/2023\/05\/Portada-Amen-sin-tilde-con-manos-1024x819.jpg 1024w, https:\/\/exaudi.org\/wp-content\/uploads\/2023\/05\/Portada-Amen-sin-tilde-con-manos-770x616.jpg 770w, https:\/\/exaudi.org\/wp-content\/uploads\/2023\/05\/Portada-Amen-sin-tilde-con-manos-1536x1229.jpg 1536w, https:\/\/exaudi.org\/wp-content\/uploads\/2023\/05\/Portada-Amen-sin-tilde-con-manos-2048x1639.jpg 2048w, https:\/\/exaudi.org\/wp-content\/uploads\/2023\/05\/Portada-Amen-sin-tilde-con-manos-500x400.jpg 500w, https:\/\/exaudi.org\/wp-content\/uploads\/2023\/05\/Portada-Amen-sin-tilde-con-manos-293x234.jpg 293w, https:\/\/exaudi.org\/wp-content\/uploads\/2023\/05\/Portada-Amen-sin-tilde-con-manos-1400x1120.jpg 1400w, https:\/\/exaudi.org\/wp-content\/uploads\/2023\/05\/Portada-Amen-sin-tilde-con-manos-390x312.jpg 390w\" sizes=\"auto, (max-width: 2560px) 100vw, 2560px\" \/><\/p>\n","protected":false},"excerpt":{"rendered":"<p>El joven madrile\u00f1o que lucha porque no haya personas sin hogar. Compra pisos donde vivir\u00e1n personas en riesgo de exclusi\u00f3n<\/p>\n","protected":false},"author":15,"featured_media":76480,"comment_status":"closed","ping_status":"closed","sticky":false,"template":"","format":"standard","meta":{"_acf_changed":false,"_crdt_document":"","inline_featured_image":false,"footnotes":""},"categories":[108],"tags":[9229,9230,726,4953],"class_list":["post-76479","post","type-post","status-publish","format-standard","has-post-thumbnail","hentry","category-entrevistas","tag-fundaciones","tag-madrid-2","tag-solidaridad","tag-trending-es"],"acf":[],"yoast_head":"<!-- This site is optimized with the Yoast SEO plugin v27.5 - https:\/\/yoast.com\/product\/yoast-seo-wordpress\/ -->\n<title>Javier Casc\u00f3n: &quot;Compr\u00e9 una casa para personas sin hogar&quot; &#8211; Exaudi<\/title>\n<meta name=\"robots\" content=\"index, follow, max-snippet:-1, max-image-preview:large, max-video-preview:-1\" \/>\n<link rel=\"canonical\" href=\"https:\/\/exaudi.org\/es\/javier-cascon-compre-una-casa-para-personas-sin-hogar\/\" \/>\n<meta property=\"og:locale\" content=\"es_ES\" \/>\n<meta property=\"og:type\" content=\"article\" \/>\n<meta property=\"og:title\" content=\"Javier Casc\u00f3n: &quot;Compr\u00e9 una casa para personas sin hogar&quot; &#8211; Exaudi\" \/>\n<meta property=\"og:description\" content=\"El joven madrile\u00f1o que lucha porque no haya personas sin hogar. Compra pisos donde vivir\u00e1n personas en riesgo de exclusi\u00f3n\" \/>\n<meta property=\"og:url\" content=\"https:\/\/exaudi.org\/es\/javier-cascon-compre-una-casa-para-personas-sin-hogar\/\" \/>\n<meta property=\"og:site_name\" content=\"Exaudi\" \/>\n<meta property=\"article:publisher\" content=\"https:\/\/www.facebook.com\/ExaudiNews\" \/>\n<meta property=\"article:author\" content=\"https:\/\/www.facebook.com\/ExaudiNoticias\/\" \/>\n<meta property=\"article:published_time\" content=\"2023-05-22T09:01:36+00:00\" \/>\n<meta property=\"article:modified_time\" content=\"2023-05-22T09:16:36+00:00\" \/>\n<meta property=\"og:image\" content=\"https:\/\/exaudi.org\/wp-content\/uploads\/2023\/05\/Foto-Papa.jpg\" \/>\n\t<meta property=\"og:image:width\" content=\"2000\" \/>\n\t<meta property=\"og:image:height\" content=\"1333\" \/>\n\t<meta property=\"og:image:type\" content=\"image\/jpeg\" \/>\n<meta name=\"author\" content=\"Exaudi Redacci\u00f3n\" \/>\n<meta name=\"twitter:card\" content=\"summary_large_image\" \/>\n<meta name=\"twitter:creator\" content=\"@Exaudi_noticias\" \/>\n<meta name=\"twitter:site\" content=\"@Exaudi_News\" \/>\n<meta name=\"twitter:label1\" content=\"Escrito por\" \/>\n\t<meta name=\"twitter:data1\" content=\"Exaudi Redacci\u00f3n\" \/>\n\t<meta name=\"twitter:label2\" content=\"Tiempo de lectura\" \/>\n\t<meta name=\"twitter:data2\" content=\"4 minutos\" \/>\n<script type=\"application\/ld+json\" class=\"yoast-schema-graph\">{\"@context\":\"https:\\\/\\\/schema.org\",\"@graph\":[{\"@type\":\"Article\",\"@id\":\"https:\\\/\\\/exaudi.org\\\/es\\\/javier-cascon-compre-una-casa-para-personas-sin-hogar\\\/#article\",\"isPartOf\":{\"@id\":\"https:\\\/\\\/exaudi.org\\\/es\\\/javier-cascon-compre-una-casa-para-personas-sin-hogar\\\/\"},\"author\":{\"name\":\"Exaudi Redacci\u00f3n\",\"@id\":\"https:\\\/\\\/exaudi.org\\\/#\\\/schema\\\/person\\\/f5fc8f063065e38742da7afe15f25df7\"},\"headline\":\"Javier Casc\u00f3n: \u00abCompr\u00e9 una casa para personas sin hogar\u00bb\",\"datePublished\":\"2023-05-22T09:01:36+00:00\",\"dateModified\":\"2023-05-22T09:16:36+00:00\",\"mainEntityOfPage\":{\"@id\":\"https:\\\/\\\/exaudi.org\\\/es\\\/javier-cascon-compre-una-casa-para-personas-sin-hogar\\\/\"},\"wordCount\":736,\"image\":{\"@id\":\"https:\\\/\\\/exaudi.org\\\/es\\\/javier-cascon-compre-una-casa-para-personas-sin-hogar\\\/#primaryimage\"},\"thumbnailUrl\":\"https:\\\/\\\/exaudi.org\\\/wp-content\\\/uploads\\\/2023\\\/05\\\/Foto-Papa.jpg\",\"keywords\":[\"Fundaciones\",\"Madrid\",\"solidaridad\",\"Trending\"],\"articleSection\":[\"Entrevistas\"],\"inLanguage\":\"es\"},{\"@type\":\"WebPage\",\"@id\":\"https:\\\/\\\/exaudi.org\\\/es\\\/javier-cascon-compre-una-casa-para-personas-sin-hogar\\\/\",\"url\":\"https:\\\/\\\/exaudi.org\\\/es\\\/javier-cascon-compre-una-casa-para-personas-sin-hogar\\\/\",\"name\":\"Javier Casc\u00f3n: \\\"Compr\u00e9 una casa para personas sin hogar\\\" &#8211; Exaudi\",\"isPartOf\":{\"@id\":\"https:\\\/\\\/exaudi.org\\\/#website\"},\"primaryImageOfPage\":{\"@id\":\"https:\\\/\\\/exaudi.org\\\/es\\\/javier-cascon-compre-una-casa-para-personas-sin-hogar\\\/#primaryimage\"},\"image\":{\"@id\":\"https:\\\/\\\/exaudi.org\\\/es\\\/javier-cascon-compre-una-casa-para-personas-sin-hogar\\\/#primaryimage\"},\"thumbnailUrl\":\"https:\\\/\\\/exaudi.org\\\/wp-content\\\/uploads\\\/2023\\\/05\\\/Foto-Papa.jpg\",\"datePublished\":\"2023-05-22T09:01:36+00:00\",\"dateModified\":\"2023-05-22T09:16:36+00:00\",\"author\":{\"@id\":\"https:\\\/\\\/exaudi.org\\\/#\\\/schema\\\/person\\\/f5fc8f063065e38742da7afe15f25df7\"},\"breadcrumb\":{\"@id\":\"https:\\\/\\\/exaudi.org\\\/es\\\/javier-cascon-compre-una-casa-para-personas-sin-hogar\\\/#breadcrumb\"},\"inLanguage\":\"es\",\"potentialAction\":[{\"@type\":\"ReadAction\",\"target\":[\"https:\\\/\\\/exaudi.org\\\/es\\\/javier-cascon-compre-una-casa-para-personas-sin-hogar\\\/\"]}]},{\"@type\":\"ImageObject\",\"inLanguage\":\"es\",\"@id\":\"https:\\\/\\\/exaudi.org\\\/es\\\/javier-cascon-compre-una-casa-para-personas-sin-hogar\\\/#primaryimage\",\"url\":\"https:\\\/\\\/exaudi.org\\\/wp-content\\\/uploads\\\/2023\\\/05\\\/Foto-Papa.jpg\",\"contentUrl\":\"https:\\\/\\\/exaudi.org\\\/wp-content\\\/uploads\\\/2023\\\/05\\\/Foto-Papa.jpg\",\"width\":2000,\"height\":1333},{\"@type\":\"BreadcrumbList\",\"@id\":\"https:\\\/\\\/exaudi.org\\\/es\\\/javier-cascon-compre-una-casa-para-personas-sin-hogar\\\/#breadcrumb\",\"itemListElement\":[{\"@type\":\"ListItem\",\"position\":1,\"name\":\"Portada\",\"item\":\"https:\\\/\\\/exaudi.org\\\/es\\\/\"},{\"@type\":\"ListItem\",\"position\":2,\"name\":\"Javier Casc\u00f3n: \u00abCompr\u00e9 una casa para personas sin hogar\u00bb\"}]},{\"@type\":\"WebSite\",\"@id\":\"https:\\\/\\\/exaudi.org\\\/#website\",\"url\":\"https:\\\/\\\/exaudi.org\\\/\",\"name\":\"Exaudi\",\"description\":\"News\",\"potentialAction\":[{\"@type\":\"SearchAction\",\"target\":{\"@type\":\"EntryPoint\",\"urlTemplate\":\"https:\\\/\\\/exaudi.org\\\/?s={search_term_string}\"},\"query-input\":{\"@type\":\"PropertyValueSpecification\",\"valueRequired\":true,\"valueName\":\"search_term_string\"}}],\"inLanguage\":\"es\"},{\"@type\":\"Person\",\"@id\":\"https:\\\/\\\/exaudi.org\\\/#\\\/schema\\\/person\\\/f5fc8f063065e38742da7afe15f25df7\",\"name\":\"Exaudi Redacci\u00f3n\",\"image\":{\"@type\":\"ImageObject\",\"inLanguage\":\"es\",\"@id\":\"https:\\\/\\\/secure.gravatar.com\\\/avatar\\\/fe0f6a059fb68d9b3e11bc5850dd4899b1c7492091a3cb6dd9b01b56ad828be2?s=96&d=mm&r=g\",\"url\":\"https:\\\/\\\/secure.gravatar.com\\\/avatar\\\/fe0f6a059fb68d9b3e11bc5850dd4899b1c7492091a3cb6dd9b01b56ad828be2?s=96&d=mm&r=g\",\"contentUrl\":\"https:\\\/\\\/secure.gravatar.com\\\/avatar\\\/fe0f6a059fb68d9b3e11bc5850dd4899b1c7492091a3cb6dd9b01b56ad828be2?s=96&d=mm&r=g\",\"caption\":\"Exaudi Redacci\u00f3n\"},\"description\":\"\u00bfQu\u00e9 es Exaudi News? Exaudi News es un medio de comunicaci\u00f3n cat\u00f3lico internacional que informa, forma y transforma, diariamente en espa\u00f1ol, ingl\u00e9s e italiano. A trav\u00e9s de noticias, art\u00edculos de an\u00e1lisis y transmisiones en directo de los eventos del Papa, Exaudi busca fortalecer la unidad de los cristianos y contribuir a la evangelizaci\u00f3n del mundo, siempre guiados por la doctrina social de la Iglesia. Trabajamos para acercar la verdad y los valores cristianos a cada rinc\u00f3n del planeta. \u00a1Ay\u00fadanos a transformar el mundo con Exaudi! En Exaudi creemos que la evangelizaci\u00f3n y la informaci\u00f3n de calidad pueden cambiar vidas. Para continuar con nuestra misi\u00f3n y expandir nuestro alcance, necesitamos tu ayuda. Adem\u00e1s, buscamos personas comprometidas que deseen unirse a nuestro equipo. Con tu apoyo, lograremos llegar a m\u00e1s personas, difundir el mensaje de Cristo y reforzar la unidad de los cristianos. \u00bfTe unes a nuestra misi\u00f3n? Para m\u00e1s informaci\u00f3n sobre c\u00f3mo colaborar, visita Exaudi.org\\\/es o cont\u00e1ctanos directamente: info@exaudi.org Exaudi: Informa, forma y transforma.\",\"sameAs\":[\"https:\\\/\\\/www.facebook.com\\\/ExaudiNoticias\\\/\",\"https:\\\/\\\/www.instagram.com\\\/exaudi_noticias\\\/\",\"https:\\\/\\\/x.com\\\/Exaudi_noticias\",\"https:\\\/\\\/www.youtube.com\\\/@exaudicatholicnews\"],\"url\":\"https:\\\/\\\/exaudi.org\\\/es\\\/author\\\/redaccionexaudi\\\/\"}]}<\/script>\n<!-- \/ Yoast SEO plugin. -->","yoast_head_json":{"title":"Javier Casc\u00f3n: \"Compr\u00e9 una casa para personas sin hogar\" &#8211; Exaudi","robots":{"index":"index","follow":"follow","max-snippet":"max-snippet:-1","max-image-preview":"max-image-preview:large","max-video-preview":"max-video-preview:-1"},"canonical":"https:\/\/exaudi.org\/es\/javier-cascon-compre-una-casa-para-personas-sin-hogar\/","og_locale":"es_ES","og_type":"article","og_title":"Javier Casc\u00f3n: \"Compr\u00e9 una casa para personas sin hogar\" &#8211; Exaudi","og_description":"El joven madrile\u00f1o que lucha porque no haya personas sin hogar. Compra pisos donde vivir\u00e1n personas en riesgo de exclusi\u00f3n","og_url":"https:\/\/exaudi.org\/es\/javier-cascon-compre-una-casa-para-personas-sin-hogar\/","og_site_name":"Exaudi","article_publisher":"https:\/\/www.facebook.com\/ExaudiNews","article_author":"https:\/\/www.facebook.com\/ExaudiNoticias\/","article_published_time":"2023-05-22T09:01:36+00:00","article_modified_time":"2023-05-22T09:16:36+00:00","og_image":[{"width":2000,"height":1333,"url":"https:\/\/exaudi.org\/wp-content\/uploads\/2023\/05\/Foto-Papa.jpg","type":"image\/jpeg"}],"author":"Exaudi Redacci\u00f3n","twitter_card":"summary_large_image","twitter_creator":"@Exaudi_noticias","twitter_site":"@Exaudi_News","twitter_misc":{"Escrito por":"Exaudi Redacci\u00f3n","Tiempo de lectura":"4 minutos"},"schema":{"@context":"https:\/\/schema.org","@graph":[{"@type":"Article","@id":"https:\/\/exaudi.org\/es\/javier-cascon-compre-una-casa-para-personas-sin-hogar\/#article","isPartOf":{"@id":"https:\/\/exaudi.org\/es\/javier-cascon-compre-una-casa-para-personas-sin-hogar\/"},"author":{"name":"Exaudi Redacci\u00f3n","@id":"https:\/\/exaudi.org\/#\/schema\/person\/f5fc8f063065e38742da7afe15f25df7"},"headline":"Javier Casc\u00f3n: \u00abCompr\u00e9 una casa para personas sin hogar\u00bb","datePublished":"2023-05-22T09:01:36+00:00","dateModified":"2023-05-22T09:16:36+00:00","mainEntityOfPage":{"@id":"https:\/\/exaudi.org\/es\/javier-cascon-compre-una-casa-para-personas-sin-hogar\/"},"wordCount":736,"image":{"@id":"https:\/\/exaudi.org\/es\/javier-cascon-compre-una-casa-para-personas-sin-hogar\/#primaryimage"},"thumbnailUrl":"https:\/\/exaudi.org\/wp-content\/uploads\/2023\/05\/Foto-Papa.jpg","keywords":["Fundaciones","Madrid","solidaridad","Trending"],"articleSection":["Entrevistas"],"inLanguage":"es"},{"@type":"WebPage","@id":"https:\/\/exaudi.org\/es\/javier-cascon-compre-una-casa-para-personas-sin-hogar\/","url":"https:\/\/exaudi.org\/es\/javier-cascon-compre-una-casa-para-personas-sin-hogar\/","name":"Javier Casc\u00f3n: \"Compr\u00e9 una casa para personas sin hogar\" &#8211; Exaudi","isPartOf":{"@id":"https:\/\/exaudi.org\/#website"},"primaryImageOfPage":{"@id":"https:\/\/exaudi.org\/es\/javier-cascon-compre-una-casa-para-personas-sin-hogar\/#primaryimage"},"image":{"@id":"https:\/\/exaudi.org\/es\/javier-cascon-compre-una-casa-para-personas-sin-hogar\/#primaryimage"},"thumbnailUrl":"https:\/\/exaudi.org\/wp-content\/uploads\/2023\/05\/Foto-Papa.jpg","datePublished":"2023-05-22T09:01:36+00:00","dateModified":"2023-05-22T09:16:36+00:00","author":{"@id":"https:\/\/exaudi.org\/#\/schema\/person\/f5fc8f063065e38742da7afe15f25df7"},"breadcrumb":{"@id":"https:\/\/exaudi.org\/es\/javier-cascon-compre-una-casa-para-personas-sin-hogar\/#breadcrumb"},"inLanguage":"es","potentialAction":[{"@type":"ReadAction","target":["https:\/\/exaudi.org\/es\/javier-cascon-compre-una-casa-para-personas-sin-hogar\/"]}]},{"@type":"ImageObject","inLanguage":"es","@id":"https:\/\/exaudi.org\/es\/javier-cascon-compre-una-casa-para-personas-sin-hogar\/#primaryimage","url":"https:\/\/exaudi.org\/wp-content\/uploads\/2023\/05\/Foto-Papa.jpg","contentUrl":"https:\/\/exaudi.org\/wp-content\/uploads\/2023\/05\/Foto-Papa.jpg","width":2000,"height":1333},{"@type":"BreadcrumbList","@id":"https:\/\/exaudi.org\/es\/javier-cascon-compre-una-casa-para-personas-sin-hogar\/#breadcrumb","itemListElement":[{"@type":"ListItem","position":1,"name":"Portada","item":"https:\/\/exaudi.org\/es\/"},{"@type":"ListItem","position":2,"name":"Javier Casc\u00f3n: \u00abCompr\u00e9 una casa para personas sin hogar\u00bb"}]},{"@type":"WebSite","@id":"https:\/\/exaudi.org\/#website","url":"https:\/\/exaudi.org\/","name":"Exaudi","description":"News","potentialAction":[{"@type":"SearchAction","target":{"@type":"EntryPoint","urlTemplate":"https:\/\/exaudi.org\/?s={search_term_string}"},"query-input":{"@type":"PropertyValueSpecification","valueRequired":true,"valueName":"search_term_string"}}],"inLanguage":"es"},{"@type":"Person","@id":"https:\/\/exaudi.org\/#\/schema\/person\/f5fc8f063065e38742da7afe15f25df7","name":"Exaudi Redacci\u00f3n","image":{"@type":"ImageObject","inLanguage":"es","@id":"https:\/\/secure.gravatar.com\/avatar\/fe0f6a059fb68d9b3e11bc5850dd4899b1c7492091a3cb6dd9b01b56ad828be2?s=96&d=mm&r=g","url":"https:\/\/secure.gravatar.com\/avatar\/fe0f6a059fb68d9b3e11bc5850dd4899b1c7492091a3cb6dd9b01b56ad828be2?s=96&d=mm&r=g","contentUrl":"https:\/\/secure.gravatar.com\/avatar\/fe0f6a059fb68d9b3e11bc5850dd4899b1c7492091a3cb6dd9b01b56ad828be2?s=96&d=mm&r=g","caption":"Exaudi Redacci\u00f3n"},"description":"\u00bfQu\u00e9 es Exaudi News? Exaudi News es un medio de comunicaci\u00f3n cat\u00f3lico internacional que informa, forma y transforma, diariamente en espa\u00f1ol, ingl\u00e9s e italiano. A trav\u00e9s de noticias, art\u00edculos de an\u00e1lisis y transmisiones en directo de los eventos del Papa, Exaudi busca fortalecer la unidad de los cristianos y contribuir a la evangelizaci\u00f3n del mundo, siempre guiados por la doctrina social de la Iglesia. Trabajamos para acercar la verdad y los valores cristianos a cada rinc\u00f3n del planeta. \u00a1Ay\u00fadanos a transformar el mundo con Exaudi! En Exaudi creemos que la evangelizaci\u00f3n y la informaci\u00f3n de calidad pueden cambiar vidas. Para continuar con nuestra misi\u00f3n y expandir nuestro alcance, necesitamos tu ayuda. Adem\u00e1s, buscamos personas comprometidas que deseen unirse a nuestro equipo. Con tu apoyo, lograremos llegar a m\u00e1s personas, difundir el mensaje de Cristo y reforzar la unidad de los cristianos. \u00bfTe unes a nuestra misi\u00f3n? Para m\u00e1s informaci\u00f3n sobre c\u00f3mo colaborar, visita Exaudi.org\/es o cont\u00e1ctanos directamente: info@exaudi.org Exaudi: Informa, forma y transforma.","sameAs":["https:\/\/www.facebook.com\/ExaudiNoticias\/","https:\/\/www.instagram.com\/exaudi_noticias\/","https:\/\/x.com\/Exaudi_noticias","https:\/\/www.youtube.com\/@exaudicatholicnews"],"url":"https:\/\/exaudi.org\/es\/author\/redaccionexaudi\/"}]}},"jetpack_featured_media_url":"https:\/\/exaudi.org\/wp-content\/uploads\/2023\/05\/Foto-Papa.jpg","jetpack_shortlink":"https:\/\/wp.me\/pgKjF2-jTx","_links":{"self":[{"href":"https:\/\/exaudi.org\/es\/wp-json\/wp\/v2\/posts\/76479","targetHints":{"allow":["GET"]}}],"collection":[{"href":"https:\/\/exaudi.org\/es\/wp-json\/wp\/v2\/posts"}],"about":[{"href":"https:\/\/exaudi.org\/es\/wp-json\/wp\/v2\/types\/post"}],"author":[{"embeddable":true,"href":"https:\/\/exaudi.org\/es\/wp-json\/wp\/v2\/users\/15"}],"replies":[{"embeddable":true,"href":"https:\/\/exaudi.org\/es\/wp-json\/wp\/v2\/comments?post=76479"}],"version-history":[{"count":0,"href":"https:\/\/exaudi.org\/es\/wp-json\/wp\/v2\/posts\/76479\/revisions"}],"wp:featuredmedia":[{"embeddable":true,"href":"https:\/\/exaudi.org\/es\/wp-json\/wp\/v2\/media\/76480"}],"wp:attachment":[{"href":"https:\/\/exaudi.org\/es\/wp-json\/wp\/v2\/media?parent=76479"}],"wp:term":[{"taxonomy":"category","embeddable":true,"href":"https:\/\/exaudi.org\/es\/wp-json\/wp\/v2\/categories?post=76479"},{"taxonomy":"post_tag","embeddable":true,"href":"https:\/\/exaudi.org\/es\/wp-json\/wp\/v2\/tags?post=76479"}],"curies":[{"name":"wp","href":"https:\/\/api.w.org\/{rel}","templated":true}]}}