{"id":76362,"date":"2023-05-21T09:52:23","date_gmt":"2023-05-21T07:52:23","guid":{"rendered":"https:\/\/exaudi.org\/?p=76362"},"modified":"2023-05-21T16:36:17","modified_gmt":"2023-05-21T14:36:17","slug":"el-papa-en-la-iglesia-es-mas-importante-lo-que-se-testimonia-que-lo-que-se-predica","status":"publish","type":"post","link":"https:\/\/exaudi.org\/es\/el-papa-en-la-iglesia-es-mas-importante-lo-que-se-testimonia-que-lo-que-se-predica\/","title":{"rendered":"El Papa: \u201cEn la Iglesia es m\u00e1s importante lo que se testimonia que lo que se predica\u201d"},"content":{"rendered":"<audio class=\"wp-audio-shortcode\" id=\"audio-76362-1\" preload=\"none\" style=\"width: 100%;\" controls=\"controls\"><source type=\"audio\/mpeg\" src=\"https:\/\/exaudi.org\/wp-content\/uploads\/2023\/05\/El-Papa-En-la-Iglesia-es-mas-importante-lo-que.mp3?_=1\" \/><a href=\"https:\/\/exaudi.org\/wp-content\/uploads\/2023\/05\/El-Papa-En-la-Iglesia-es-mas-importante-lo-que.mp3\">https:\/\/exaudi.org\/wp-content\/uploads\/2023\/05\/El-Papa-En-la-Iglesia-es-mas-importante-lo-que.mp3<\/a><\/audio>\n<p>Este s\u00e1bado, 20 de mayo de 2023, en el Aula Pablo VI, el Santo Padre Francisco recibi\u00f3 en audiencia a los peregrinos de la Archidi\u00f3cesis de Spoleto-Norcia, que est\u00e1n celebrando el a\u00f1o jubilar por la dedicaci\u00f3n de la catedral de Spoleto y les dirigi\u00f3 el discurso que publicamos a continuaci\u00f3n:<\/p>\n<p>***<\/p>\n<h3><strong>Discurso del Santo Padre<\/strong><\/h3>\n<p>Queridos hermanos y hermanas, \u00a1bienvenidos!<\/p>\n<p>Me complace encontrarme con vosotros con ocasi\u00f3n de vuestro 38\u00ba Cap\u00edtulo general, en los aniversarios del nacimiento y de la canonizaci\u00f3n de vuestro Fundador. Celebrando m\u00e1s de tres siglos de vida y de servicio, hab\u00e9is elegido como tema de vuestros trabajos el lema: \u00abAtreverse a arriesgar por Dios y por la humanidad. Nuestra fidelidad creativa\u00bb. Cierto, no es una fidelidad momificada, \u00a1es creativa! Son palabras que recuerdan bien los valores que animaban a San Luis Mar\u00eda Grignion de Montfort al principio de vuestra historia.<\/p>\n<p>Vivi\u00f3 en una \u00e9poca marcada por retos exigentes para la Iglesia y la sociedad: llamada la \u00ab\u00e9poca de los racionalistas y de los libertinos\u00bb y al mismo tiempo la \u00abcuna del jansenismo\u00bb. Frente a estas provocaciones, San Luis Mar\u00eda se pregunt\u00f3 en primer lugar cu\u00e1l era la ra\u00edz com\u00fan, y la identific\u00f3 en una excesiva confianza de los hombres en la sabidur\u00eda del mundo en detrimento de la primac\u00eda de la Sabidur\u00eda de Dios. Por eso se lanz\u00f3 a una intensa actividad de predicaci\u00f3n, con creatividad y sin miedo, tropezando incluso con incomprensiones dentro y fuera de la Iglesia: esto ocurre siempre. Y nunca se rindi\u00f3, continuando la predicaci\u00f3n y promoviendo el amor a la verdadera Sabidur\u00eda, a trav\u00e9s de la devoci\u00f3n a Mar\u00eda, hasta su muerte, con s\u00f3lo cuarenta y tres a\u00f1os, en la Vend\u00e9e, durante una misi\u00f3n. De su valent\u00eda dan testimonio los frutos: presente en treinta y tres pa\u00edses, con m\u00e1s de setecientos religiosos, junto con <em>los Hermanos de San Gabriel, las Hijas de la Sabidur\u00eda y los Laicos Asociados<\/em>. \u00a1Esto es hermoso!<\/p>\n<p>A\u00fan hoy no faltan los desaf\u00edos pastorales: por ejemplo, el individualismo que encierra a cada uno en su peque\u00f1o mundo, el relativismo y el hedonismo que hacen del placer o del provecho personal el criterio de toda elecci\u00f3n, el ego\u00edsmo consumista que marchita el coraz\u00f3n de los ricos y crea desigualdades injustas en detrimento de los pobres.<\/p>\n<p>Frente a todo esto, San Luis Mar\u00eda os dej\u00f3 un programa de vida y de acci\u00f3n siempre actual: \u00abbuscar, contemplar, revelar la Sabidur\u00eda en el coraz\u00f3n del mundo y denunciar su falsa sabidur\u00eda\u00bb (<em>Regla de Vida, Introducci\u00f3n<\/em>), y esto siguiendo el ejemplo de Mar\u00eda y con su ayuda. Quisiera destacar tres valores que considero importantes y actuales, los suyos: acogida, internacionalidad y ternura.<\/p>\n<p>El Evangelio nos muestra a Mar\u00eda como aquella que, para acoger en s\u00ed a Jes\u00fas, Sabidur\u00eda del Padre, acept\u00f3 valientemente cambiar por completo su vida, sus costumbres, sus sue\u00f1os y sus opciones. As\u00ed conserv\u00f3 y entreg\u00f3 a sus hermanos el amor recibido, en Nazaret, en el Calvario y en el Cen\u00e1culo donde, a la luz de la Pascua, comparti\u00f3 humildemente la vida de la primera comunidad. La hospitalidad -que es lo primero de lo que quiero hablar- fue una dimensi\u00f3n fundamental de la existencia de Mar\u00eda y de su misi\u00f3n. Siguiendo su ejemplo, os exhorto tambi\u00e9n a vosotros a ejercitarla en vuestras casas y hacia las personas que Dios os conf\u00eda. Nuestro mundo est\u00e1 muy necesitado de acogida, y en la acogida se necesita creatividad, que nos haga cercanos a todos, incluso en situaciones nuevas, que requieren respuestas urgentes. Acoger con el coraz\u00f3n abierto para recibir.<\/p>\n<p>Para usted, este valor se enriquece, como atestigua su presencia aqu\u00ed, con los colores de la internacionalidad, la multiculturalidad y el di\u00e1logo intergeneracional. En un documento reciente hab\u00e9is escrito que el rostro vivo de san Luis Mar\u00eda tiene hoy en vosotros \u00ablos rasgos bien marcados de Europa, con acentos resplandecientes del Caribe, de Am\u00e9rica Latina, de \u00c1frica y de Asia\u00bb (Carta de los Capitulares a los Hermanos, Roma, 20 de mayo de 2017): es verdad, es bien-musical, esto, es as\u00ed; y que est\u00e1 enriquecido con la sonrisa, las l\u00e1grimas, los ojos y la boca de todas las hermanas y hermanos esparcidos por el mundo (cf. ib\u00edd.). Y quiz\u00e1s algunos canonistas os digan: &#8216;Pero esto no sirve, esto no es una definici\u00f3n can\u00f3nica de lo que es un instituto&#8217;: es una definici\u00f3n viva y eso me gusta. Es una bella imagen de una comunidad evang\u00e9lica, \u00a1un verdadero regalo para todos! Atesoradla, cultivadla y difundidla con vuestro testimonio.<\/p>\n<p>Por \u00faltimo, quisiera recordar que las virtudes de las que hemos hablado florecen, a todos los niveles, cuando las personas se sienten amadas y respetadas. Montfort nos lo ense\u00f1\u00f3 se\u00f1al\u00e1ndonos los tiernos brazos de Mar\u00eda, que nos acoge a todos como hijos suyos (cf. Tratado de la verdadera devoci\u00f3n a Mar\u00eda, n. 48). Dejaos abrazar por su abrazo materno y, con la misma ternura, abrazaos los unos a los otros. Esto os ayudar\u00e1 a vosotros y a las personas que encontr\u00e9is a sacar y compartir lo mejor de vosotros mismos y, a la luz de ese compartir, a discernir lo que el Se\u00f1or os pide para vuestro futuro. As\u00ed que, si quieres ser valiente y creativo, haz tuya la ternura de Mar\u00eda y d\u00e1sela a todos, \u00a1siempre! Pero la ternura no es un dulce que se pueda comprar, la ternura es dulce, pero es fuerte. Tener un coraz\u00f3n tierno indica fuerza en el coraz\u00f3n para llegar a ser tierno. No olvides que la ternura es uno de los tres rasgos de Dios. Dios es cercano, tierno y compasivo. Ternura, compasi\u00f3n y cercan\u00eda. Haz examen de conciencia con esto: \u00ab\u00bfHoy he sido cercano o me he defendido un poco? \u00bfHe sido compasivo o he condenado a medio mundo? \u00bfHe sido tierno?\u00bb. Poned de manifiesto estos tres rasgos de Dios: cercan\u00eda, compasi\u00f3n y ternura.<\/p>\n<p>As\u00ed lo atestigu\u00f3 el<em> padre Olivier Maire<\/em>, misionero monfortiano, que muri\u00f3 por acoger en la comunidad a un hombre que hab\u00eda obrado mal, una persona muy atribulada, a la que, sin embargo, quiso dar un techo y una esperanza de futuro. Su generosidad y valent\u00eda le costaron la vida, por un gesto loco e inexplicable, y mientras abrazo a sus padres y familiares, aqu\u00ed presentes, os invito a todos a atesorar su ejemplo: acogi\u00f3 a un hermano perdonando su pasado y abraz\u00e1ndolo sin hacer c\u00e1lculos, queriendo s\u00f3lo darle amor, con ternura. Necesitamos tanto aprender a amar as\u00ed, crecer en este amor, ser cercanos, compasivos y tiernos.<\/p>\n<p>Por eso, el a\u00f1o pasado quise consagrar la Iglesia y el mundo entero, especialmente Ucrania y Rusia, al Coraz\u00f3n Inmaculado de Mar\u00eda. Y a vosotros, que sois la <em>Compa\u00f1\u00eda de Mar\u00eda<\/em>, os pido que renov\u00e9is este acto de consagraci\u00f3n y esta s\u00faplica. Que la Madre celestial nos ayude a todos a buscar con valent\u00eda y creatividad caminos de perd\u00f3n, de di\u00e1logo, de acogida y de paz para toda la humanidad. Os bendigo de coraz\u00f3n y os pido, por favor, que rec\u00e9is por m\u00ed.<\/p>\n","protected":false},"excerpt":{"rendered":"<p>Peregrinos italianos de Spoleto-Norcia, con motivo del A\u00f1o Jubilar<\/p>\n","protected":false},"author":15,"featured_media":76342,"comment_status":"closed","ping_status":"closed","sticky":false,"template":"","format":"standard","meta":{"_acf_changed":false,"_crdt_document":"","inline_featured_image":false,"footnotes":""},"categories":[124,68],"tags":[5465,168,158,9214,4953],"class_list":["post-76362","post","type-post","status-publish","format-standard","has-post-thumbnail","hentry","category-discursos","category-leon-xiv","tag-ano-jubilar","tag-audiencia","tag-papa-francisco","tag-peregrinos","tag-trending-es"],"acf":[],"yoast_head":"<!-- This site is optimized with the Yoast SEO plugin v27.5 - https:\/\/yoast.com\/product\/yoast-seo-wordpress\/ -->\n<title>El Papa: \u201cEn la Iglesia es m\u00e1s importante lo que se testimonia que lo que se predica\u201d &#8211; Exaudi<\/title>\n<meta name=\"robots\" content=\"index, follow, max-snippet:-1, max-image-preview:large, max-video-preview:-1\" \/>\n<link rel=\"canonical\" href=\"https:\/\/exaudi.org\/es\/el-papa-en-la-iglesia-es-mas-importante-lo-que-se-testimonia-que-lo-que-se-predica\/\" \/>\n<meta property=\"og:locale\" content=\"es_ES\" \/>\n<meta property=\"og:type\" content=\"article\" \/>\n<meta property=\"og:title\" content=\"El Papa: \u201cEn la Iglesia es m\u00e1s importante lo que se testimonia que lo que se predica\u201d &#8211; Exaudi\" \/>\n<meta property=\"og:description\" content=\"Peregrinos italianos de Spoleto-Norcia, con motivo del A\u00f1o Jubilar\" \/>\n<meta property=\"og:url\" content=\"https:\/\/exaudi.org\/es\/el-papa-en-la-iglesia-es-mas-importante-lo-que-se-testimonia-que-lo-que-se-predica\/\" \/>\n<meta property=\"og:site_name\" content=\"Exaudi\" \/>\n<meta property=\"article:publisher\" content=\"https:\/\/www.facebook.com\/ExaudiNews\" \/>\n<meta property=\"article:author\" content=\"https:\/\/www.facebook.com\/ExaudiNoticias\/\" \/>\n<meta property=\"article:published_time\" content=\"2023-05-21T07:52:23+00:00\" \/>\n<meta property=\"article:modified_time\" content=\"2023-05-21T14:36:17+00:00\" \/>\n<meta property=\"og:image\" content=\"https:\/\/exaudi.org\/wp-content\/uploads\/2023\/05\/cq5dam.web_.800.800-3-3.jpeg\" \/>\n\t<meta property=\"og:image:width\" content=\"800\" \/>\n\t<meta property=\"og:image:height\" content=\"533\" \/>\n\t<meta property=\"og:image:type\" content=\"image\/jpeg\" \/>\n<meta name=\"author\" content=\"Exaudi Redacci\u00f3n\" \/>\n<meta name=\"twitter:card\" content=\"summary_large_image\" \/>\n<meta name=\"twitter:creator\" content=\"@Exaudi_noticias\" \/>\n<meta name=\"twitter:site\" content=\"@Exaudi_News\" \/>\n<meta name=\"twitter:label1\" content=\"Escrito por\" \/>\n\t<meta name=\"twitter:data1\" content=\"Exaudi Redacci\u00f3n\" \/>\n\t<meta name=\"twitter:label2\" content=\"Tiempo de lectura\" \/>\n\t<meta name=\"twitter:data2\" content=\"6 minutos\" \/>\n<script type=\"application\/ld+json\" class=\"yoast-schema-graph\">{\"@context\":\"https:\\\/\\\/schema.org\",\"@graph\":[{\"@type\":\"Article\",\"@id\":\"https:\\\/\\\/exaudi.org\\\/es\\\/el-papa-en-la-iglesia-es-mas-importante-lo-que-se-testimonia-que-lo-que-se-predica\\\/#article\",\"isPartOf\":{\"@id\":\"https:\\\/\\\/exaudi.org\\\/es\\\/el-papa-en-la-iglesia-es-mas-importante-lo-que-se-testimonia-que-lo-que-se-predica\\\/\"},\"author\":{\"name\":\"Exaudi Redacci\u00f3n\",\"@id\":\"https:\\\/\\\/exaudi.org\\\/#\\\/schema\\\/person\\\/f5fc8f063065e38742da7afe15f25df7\"},\"headline\":\"El Papa: \u201cEn la Iglesia es m\u00e1s importante lo que se testimonia que lo que se predica\u201d\",\"datePublished\":\"2023-05-21T07:52:23+00:00\",\"dateModified\":\"2023-05-21T14:36:17+00:00\",\"mainEntityOfPage\":{\"@id\":\"https:\\\/\\\/exaudi.org\\\/es\\\/el-papa-en-la-iglesia-es-mas-importante-lo-que-se-testimonia-que-lo-que-se-predica\\\/\"},\"wordCount\":1275,\"image\":{\"@id\":\"https:\\\/\\\/exaudi.org\\\/es\\\/el-papa-en-la-iglesia-es-mas-importante-lo-que-se-testimonia-que-lo-que-se-predica\\\/#primaryimage\"},\"thumbnailUrl\":\"https:\\\/\\\/exaudi.org\\\/wp-content\\\/uploads\\\/2023\\\/05\\\/cq5dam.web_.800.800-3-3.jpeg\",\"keywords\":[\"A\u00f1o Jubilar\",\"audiencia\",\"papa francisco\",\"Peregrinos\",\"Trending\"],\"articleSection\":[\"Discursos\",\"Le\u00f3n XIV\"],\"inLanguage\":\"es\"},{\"@type\":\"WebPage\",\"@id\":\"https:\\\/\\\/exaudi.org\\\/es\\\/el-papa-en-la-iglesia-es-mas-importante-lo-que-se-testimonia-que-lo-que-se-predica\\\/\",\"url\":\"https:\\\/\\\/exaudi.org\\\/es\\\/el-papa-en-la-iglesia-es-mas-importante-lo-que-se-testimonia-que-lo-que-se-predica\\\/\",\"name\":\"El Papa: \u201cEn la Iglesia es m\u00e1s importante lo que se testimonia que lo que se predica\u201d &#8211; Exaudi\",\"isPartOf\":{\"@id\":\"https:\\\/\\\/exaudi.org\\\/#website\"},\"primaryImageOfPage\":{\"@id\":\"https:\\\/\\\/exaudi.org\\\/es\\\/el-papa-en-la-iglesia-es-mas-importante-lo-que-se-testimonia-que-lo-que-se-predica\\\/#primaryimage\"},\"image\":{\"@id\":\"https:\\\/\\\/exaudi.org\\\/es\\\/el-papa-en-la-iglesia-es-mas-importante-lo-que-se-testimonia-que-lo-que-se-predica\\\/#primaryimage\"},\"thumbnailUrl\":\"https:\\\/\\\/exaudi.org\\\/wp-content\\\/uploads\\\/2023\\\/05\\\/cq5dam.web_.800.800-3-3.jpeg\",\"datePublished\":\"2023-05-21T07:52:23+00:00\",\"dateModified\":\"2023-05-21T14:36:17+00:00\",\"author\":{\"@id\":\"https:\\\/\\\/exaudi.org\\\/#\\\/schema\\\/person\\\/f5fc8f063065e38742da7afe15f25df7\"},\"breadcrumb\":{\"@id\":\"https:\\\/\\\/exaudi.org\\\/es\\\/el-papa-en-la-iglesia-es-mas-importante-lo-que-se-testimonia-que-lo-que-se-predica\\\/#breadcrumb\"},\"inLanguage\":\"es\",\"potentialAction\":[{\"@type\":\"ReadAction\",\"target\":[\"https:\\\/\\\/exaudi.org\\\/es\\\/el-papa-en-la-iglesia-es-mas-importante-lo-que-se-testimonia-que-lo-que-se-predica\\\/\"]}]},{\"@type\":\"ImageObject\",\"inLanguage\":\"es\",\"@id\":\"https:\\\/\\\/exaudi.org\\\/es\\\/el-papa-en-la-iglesia-es-mas-importante-lo-que-se-testimonia-que-lo-que-se-predica\\\/#primaryimage\",\"url\":\"https:\\\/\\\/exaudi.org\\\/wp-content\\\/uploads\\\/2023\\\/05\\\/cq5dam.web_.800.800-3-3.jpeg\",\"contentUrl\":\"https:\\\/\\\/exaudi.org\\\/wp-content\\\/uploads\\\/2023\\\/05\\\/cq5dam.web_.800.800-3-3.jpeg\",\"width\":800,\"height\":533,\"caption\":\"Vatican Media\"},{\"@type\":\"BreadcrumbList\",\"@id\":\"https:\\\/\\\/exaudi.org\\\/es\\\/el-papa-en-la-iglesia-es-mas-importante-lo-que-se-testimonia-que-lo-que-se-predica\\\/#breadcrumb\",\"itemListElement\":[{\"@type\":\"ListItem\",\"position\":1,\"name\":\"Portada\",\"item\":\"https:\\\/\\\/exaudi.org\\\/es\\\/\"},{\"@type\":\"ListItem\",\"position\":2,\"name\":\"El Papa: \u201cEn la Iglesia es m\u00e1s importante lo que se testimonia que lo que se predica\u201d\"}]},{\"@type\":\"WebSite\",\"@id\":\"https:\\\/\\\/exaudi.org\\\/#website\",\"url\":\"https:\\\/\\\/exaudi.org\\\/\",\"name\":\"Exaudi\",\"description\":\"News\",\"potentialAction\":[{\"@type\":\"SearchAction\",\"target\":{\"@type\":\"EntryPoint\",\"urlTemplate\":\"https:\\\/\\\/exaudi.org\\\/?s={search_term_string}\"},\"query-input\":{\"@type\":\"PropertyValueSpecification\",\"valueRequired\":true,\"valueName\":\"search_term_string\"}}],\"inLanguage\":\"es\"},{\"@type\":\"Person\",\"@id\":\"https:\\\/\\\/exaudi.org\\\/#\\\/schema\\\/person\\\/f5fc8f063065e38742da7afe15f25df7\",\"name\":\"Exaudi Redacci\u00f3n\",\"image\":{\"@type\":\"ImageObject\",\"inLanguage\":\"es\",\"@id\":\"https:\\\/\\\/secure.gravatar.com\\\/avatar\\\/fe0f6a059fb68d9b3e11bc5850dd4899b1c7492091a3cb6dd9b01b56ad828be2?s=96&d=mm&r=g\",\"url\":\"https:\\\/\\\/secure.gravatar.com\\\/avatar\\\/fe0f6a059fb68d9b3e11bc5850dd4899b1c7492091a3cb6dd9b01b56ad828be2?s=96&d=mm&r=g\",\"contentUrl\":\"https:\\\/\\\/secure.gravatar.com\\\/avatar\\\/fe0f6a059fb68d9b3e11bc5850dd4899b1c7492091a3cb6dd9b01b56ad828be2?s=96&d=mm&r=g\",\"caption\":\"Exaudi Redacci\u00f3n\"},\"description\":\"\u00bfQu\u00e9 es Exaudi News? Exaudi News es un medio de comunicaci\u00f3n cat\u00f3lico internacional que informa, forma y transforma, diariamente en espa\u00f1ol, ingl\u00e9s e italiano. A trav\u00e9s de noticias, art\u00edculos de an\u00e1lisis y transmisiones en directo de los eventos del Papa, Exaudi busca fortalecer la unidad de los cristianos y contribuir a la evangelizaci\u00f3n del mundo, siempre guiados por la doctrina social de la Iglesia. Trabajamos para acercar la verdad y los valores cristianos a cada rinc\u00f3n del planeta. \u00a1Ay\u00fadanos a transformar el mundo con Exaudi! En Exaudi creemos que la evangelizaci\u00f3n y la informaci\u00f3n de calidad pueden cambiar vidas. Para continuar con nuestra misi\u00f3n y expandir nuestro alcance, necesitamos tu ayuda. Adem\u00e1s, buscamos personas comprometidas que deseen unirse a nuestro equipo. Con tu apoyo, lograremos llegar a m\u00e1s personas, difundir el mensaje de Cristo y reforzar la unidad de los cristianos. \u00bfTe unes a nuestra misi\u00f3n? Para m\u00e1s informaci\u00f3n sobre c\u00f3mo colaborar, visita Exaudi.org\\\/es o cont\u00e1ctanos directamente: info@exaudi.org Exaudi: Informa, forma y transforma.\",\"sameAs\":[\"https:\\\/\\\/www.facebook.com\\\/ExaudiNoticias\\\/\",\"https:\\\/\\\/www.instagram.com\\\/exaudi_noticias\\\/\",\"https:\\\/\\\/x.com\\\/Exaudi_noticias\",\"https:\\\/\\\/www.youtube.com\\\/@exaudicatholicnews\"],\"url\":\"https:\\\/\\\/exaudi.org\\\/es\\\/author\\\/redaccionexaudi\\\/\"}]}<\/script>\n<!-- \/ Yoast SEO plugin. -->","yoast_head_json":{"title":"El Papa: \u201cEn la Iglesia es m\u00e1s importante lo que se testimonia que lo que se predica\u201d &#8211; Exaudi","robots":{"index":"index","follow":"follow","max-snippet":"max-snippet:-1","max-image-preview":"max-image-preview:large","max-video-preview":"max-video-preview:-1"},"canonical":"https:\/\/exaudi.org\/es\/el-papa-en-la-iglesia-es-mas-importante-lo-que-se-testimonia-que-lo-que-se-predica\/","og_locale":"es_ES","og_type":"article","og_title":"El Papa: \u201cEn la Iglesia es m\u00e1s importante lo que se testimonia que lo que se predica\u201d &#8211; Exaudi","og_description":"Peregrinos italianos de Spoleto-Norcia, con motivo del A\u00f1o Jubilar","og_url":"https:\/\/exaudi.org\/es\/el-papa-en-la-iglesia-es-mas-importante-lo-que-se-testimonia-que-lo-que-se-predica\/","og_site_name":"Exaudi","article_publisher":"https:\/\/www.facebook.com\/ExaudiNews","article_author":"https:\/\/www.facebook.com\/ExaudiNoticias\/","article_published_time":"2023-05-21T07:52:23+00:00","article_modified_time":"2023-05-21T14:36:17+00:00","og_image":[{"width":800,"height":533,"url":"https:\/\/exaudi.org\/wp-content\/uploads\/2023\/05\/cq5dam.web_.800.800-3-3.jpeg","type":"image\/jpeg"}],"author":"Exaudi Redacci\u00f3n","twitter_card":"summary_large_image","twitter_creator":"@Exaudi_noticias","twitter_site":"@Exaudi_News","twitter_misc":{"Escrito por":"Exaudi Redacci\u00f3n","Tiempo de lectura":"6 minutos"},"schema":{"@context":"https:\/\/schema.org","@graph":[{"@type":"Article","@id":"https:\/\/exaudi.org\/es\/el-papa-en-la-iglesia-es-mas-importante-lo-que-se-testimonia-que-lo-que-se-predica\/#article","isPartOf":{"@id":"https:\/\/exaudi.org\/es\/el-papa-en-la-iglesia-es-mas-importante-lo-que-se-testimonia-que-lo-que-se-predica\/"},"author":{"name":"Exaudi Redacci\u00f3n","@id":"https:\/\/exaudi.org\/#\/schema\/person\/f5fc8f063065e38742da7afe15f25df7"},"headline":"El Papa: \u201cEn la Iglesia es m\u00e1s importante lo que se testimonia que lo que se predica\u201d","datePublished":"2023-05-21T07:52:23+00:00","dateModified":"2023-05-21T14:36:17+00:00","mainEntityOfPage":{"@id":"https:\/\/exaudi.org\/es\/el-papa-en-la-iglesia-es-mas-importante-lo-que-se-testimonia-que-lo-que-se-predica\/"},"wordCount":1275,"image":{"@id":"https:\/\/exaudi.org\/es\/el-papa-en-la-iglesia-es-mas-importante-lo-que-se-testimonia-que-lo-que-se-predica\/#primaryimage"},"thumbnailUrl":"https:\/\/exaudi.org\/wp-content\/uploads\/2023\/05\/cq5dam.web_.800.800-3-3.jpeg","keywords":["A\u00f1o Jubilar","audiencia","papa francisco","Peregrinos","Trending"],"articleSection":["Discursos","Le\u00f3n XIV"],"inLanguage":"es"},{"@type":"WebPage","@id":"https:\/\/exaudi.org\/es\/el-papa-en-la-iglesia-es-mas-importante-lo-que-se-testimonia-que-lo-que-se-predica\/","url":"https:\/\/exaudi.org\/es\/el-papa-en-la-iglesia-es-mas-importante-lo-que-se-testimonia-que-lo-que-se-predica\/","name":"El Papa: \u201cEn la Iglesia es m\u00e1s importante lo que se testimonia que lo que se predica\u201d &#8211; Exaudi","isPartOf":{"@id":"https:\/\/exaudi.org\/#website"},"primaryImageOfPage":{"@id":"https:\/\/exaudi.org\/es\/el-papa-en-la-iglesia-es-mas-importante-lo-que-se-testimonia-que-lo-que-se-predica\/#primaryimage"},"image":{"@id":"https:\/\/exaudi.org\/es\/el-papa-en-la-iglesia-es-mas-importante-lo-que-se-testimonia-que-lo-que-se-predica\/#primaryimage"},"thumbnailUrl":"https:\/\/exaudi.org\/wp-content\/uploads\/2023\/05\/cq5dam.web_.800.800-3-3.jpeg","datePublished":"2023-05-21T07:52:23+00:00","dateModified":"2023-05-21T14:36:17+00:00","author":{"@id":"https:\/\/exaudi.org\/#\/schema\/person\/f5fc8f063065e38742da7afe15f25df7"},"breadcrumb":{"@id":"https:\/\/exaudi.org\/es\/el-papa-en-la-iglesia-es-mas-importante-lo-que-se-testimonia-que-lo-que-se-predica\/#breadcrumb"},"inLanguage":"es","potentialAction":[{"@type":"ReadAction","target":["https:\/\/exaudi.org\/es\/el-papa-en-la-iglesia-es-mas-importante-lo-que-se-testimonia-que-lo-que-se-predica\/"]}]},{"@type":"ImageObject","inLanguage":"es","@id":"https:\/\/exaudi.org\/es\/el-papa-en-la-iglesia-es-mas-importante-lo-que-se-testimonia-que-lo-que-se-predica\/#primaryimage","url":"https:\/\/exaudi.org\/wp-content\/uploads\/2023\/05\/cq5dam.web_.800.800-3-3.jpeg","contentUrl":"https:\/\/exaudi.org\/wp-content\/uploads\/2023\/05\/cq5dam.web_.800.800-3-3.jpeg","width":800,"height":533,"caption":"Vatican Media"},{"@type":"BreadcrumbList","@id":"https:\/\/exaudi.org\/es\/el-papa-en-la-iglesia-es-mas-importante-lo-que-se-testimonia-que-lo-que-se-predica\/#breadcrumb","itemListElement":[{"@type":"ListItem","position":1,"name":"Portada","item":"https:\/\/exaudi.org\/es\/"},{"@type":"ListItem","position":2,"name":"El Papa: \u201cEn la Iglesia es m\u00e1s importante lo que se testimonia que lo que se predica\u201d"}]},{"@type":"WebSite","@id":"https:\/\/exaudi.org\/#website","url":"https:\/\/exaudi.org\/","name":"Exaudi","description":"News","potentialAction":[{"@type":"SearchAction","target":{"@type":"EntryPoint","urlTemplate":"https:\/\/exaudi.org\/?s={search_term_string}"},"query-input":{"@type":"PropertyValueSpecification","valueRequired":true,"valueName":"search_term_string"}}],"inLanguage":"es"},{"@type":"Person","@id":"https:\/\/exaudi.org\/#\/schema\/person\/f5fc8f063065e38742da7afe15f25df7","name":"Exaudi Redacci\u00f3n","image":{"@type":"ImageObject","inLanguage":"es","@id":"https:\/\/secure.gravatar.com\/avatar\/fe0f6a059fb68d9b3e11bc5850dd4899b1c7492091a3cb6dd9b01b56ad828be2?s=96&d=mm&r=g","url":"https:\/\/secure.gravatar.com\/avatar\/fe0f6a059fb68d9b3e11bc5850dd4899b1c7492091a3cb6dd9b01b56ad828be2?s=96&d=mm&r=g","contentUrl":"https:\/\/secure.gravatar.com\/avatar\/fe0f6a059fb68d9b3e11bc5850dd4899b1c7492091a3cb6dd9b01b56ad828be2?s=96&d=mm&r=g","caption":"Exaudi Redacci\u00f3n"},"description":"\u00bfQu\u00e9 es Exaudi News? Exaudi News es un medio de comunicaci\u00f3n cat\u00f3lico internacional que informa, forma y transforma, diariamente en espa\u00f1ol, ingl\u00e9s e italiano. A trav\u00e9s de noticias, art\u00edculos de an\u00e1lisis y transmisiones en directo de los eventos del Papa, Exaudi busca fortalecer la unidad de los cristianos y contribuir a la evangelizaci\u00f3n del mundo, siempre guiados por la doctrina social de la Iglesia. Trabajamos para acercar la verdad y los valores cristianos a cada rinc\u00f3n del planeta. \u00a1Ay\u00fadanos a transformar el mundo con Exaudi! En Exaudi creemos que la evangelizaci\u00f3n y la informaci\u00f3n de calidad pueden cambiar vidas. Para continuar con nuestra misi\u00f3n y expandir nuestro alcance, necesitamos tu ayuda. Adem\u00e1s, buscamos personas comprometidas que deseen unirse a nuestro equipo. Con tu apoyo, lograremos llegar a m\u00e1s personas, difundir el mensaje de Cristo y reforzar la unidad de los cristianos. \u00bfTe unes a nuestra misi\u00f3n? Para m\u00e1s informaci\u00f3n sobre c\u00f3mo colaborar, visita Exaudi.org\/es o cont\u00e1ctanos directamente: info@exaudi.org Exaudi: Informa, forma y transforma.","sameAs":["https:\/\/www.facebook.com\/ExaudiNoticias\/","https:\/\/www.instagram.com\/exaudi_noticias\/","https:\/\/x.com\/Exaudi_noticias","https:\/\/www.youtube.com\/@exaudicatholicnews"],"url":"https:\/\/exaudi.org\/es\/author\/redaccionexaudi\/"}]}},"jetpack_featured_media_url":"https:\/\/exaudi.org\/wp-content\/uploads\/2023\/05\/cq5dam.web_.800.800-3-3.jpeg","jetpack_shortlink":"https:\/\/wp.me\/pgKjF2-jRE","_links":{"self":[{"href":"https:\/\/exaudi.org\/es\/wp-json\/wp\/v2\/posts\/76362","targetHints":{"allow":["GET"]}}],"collection":[{"href":"https:\/\/exaudi.org\/es\/wp-json\/wp\/v2\/posts"}],"about":[{"href":"https:\/\/exaudi.org\/es\/wp-json\/wp\/v2\/types\/post"}],"author":[{"embeddable":true,"href":"https:\/\/exaudi.org\/es\/wp-json\/wp\/v2\/users\/15"}],"replies":[{"embeddable":true,"href":"https:\/\/exaudi.org\/es\/wp-json\/wp\/v2\/comments?post=76362"}],"version-history":[{"count":0,"href":"https:\/\/exaudi.org\/es\/wp-json\/wp\/v2\/posts\/76362\/revisions"}],"wp:featuredmedia":[{"embeddable":true,"href":"https:\/\/exaudi.org\/es\/wp-json\/wp\/v2\/media\/76342"}],"wp:attachment":[{"href":"https:\/\/exaudi.org\/es\/wp-json\/wp\/v2\/media?parent=76362"}],"wp:term":[{"taxonomy":"category","embeddable":true,"href":"https:\/\/exaudi.org\/es\/wp-json\/wp\/v2\/categories?post=76362"},{"taxonomy":"post_tag","embeddable":true,"href":"https:\/\/exaudi.org\/es\/wp-json\/wp\/v2\/tags?post=76362"}],"curies":[{"name":"wp","href":"https:\/\/api.w.org\/{rel}","templated":true}]}}