{"id":76361,"date":"2023-05-21T09:41:27","date_gmt":"2023-05-21T07:41:27","guid":{"rendered":"https:\/\/exaudi.org\/?p=76361"},"modified":"2023-05-21T09:41:27","modified_gmt":"2023-05-21T07:41:27","slug":"el-papa-reconoce-las-virtudes-heroicas-de-los-siervos-de-dios","status":"publish","type":"post","link":"https:\/\/exaudi.org\/es\/el-papa-reconoce-las-virtudes-heroicas-de-los-siervos-de-dios\/","title":{"rendered":"El Papa reconoce las virtudes heroicas de los Siervos de Dios"},"content":{"rendered":"<p>Durante la Audiencia concedida a Su Eminencia Reverend\u00edsima el Cardenal Marcello Semeraro, Prefecto del Dicasterio para las Causas de los Santos, el Sumo Pont\u00edfice autoriz\u00f3 al mismo Dicasterio a promulgar los Decretos relativos a<\/p>\n<p>&#8211; el martirio del Siervo de Dios Giuseppe Beotti, sacerdote diocesano; nacido el 26 de agosto de 1912 en Campremoldo Sotto, aldea de Gragnano Trebbiense (Italia) y asesinado por odio a la fe el 20 de julio de 1944 en Sidolo, aldea de Bardi (Italia);<\/p>\n<p>&#8211; las virtudes heroicas del Siervo de Dios Simon Mpeke (conocido como Baba Simon), sacerdote diocesano; nacido hacia 1906 en Batomb\u00e9 (Camer\u00fan) y fallecido el 13 de agosto de 1975 en \u00c9d\u00e9a (Camer\u00fan)<\/p>\n<p>&#8211; las virtudes heroicas del Siervo de Dios Pedro de la Virgen del Carmen (nacido Pedro D\u00edez Gil), sacerdote profeso de la Orden de los Cl\u00e9rigos Pobres Regulares de la Madre de Dios de las Escuelas P\u00edas; nacido el 14 de abril de 1913 en Pampliega (Espa\u00f1a) y fallecido el 14 de diciembre de 1983 en Zaragoza (Espa\u00f1a)<\/p>\n<p>&#8211; virtudes heroicas de la Sierva de Dios Edda Roda (en el siglo: Edda Maria Caterina), religiosa profesa del Instituto de las Hermanas Capuchinas de Madre Rubatto; nacida el 30 de octubre de 1940 en Leno (Italia) y fallecida el 16 de junio de 1996 en B\u00e9rgamo (Italia);<\/p>\n<p>&#8211; las virtudes heroicas de la Sierva de Dios Tereza Margarida do Cora\u00e7\u00e3o de Maria; nacida el 24 de diciembre de 1915 en Borda da Mata (Brasil) y fallecida el 14 de noviembre de 2005 en Tr\u00eas Pontas (Brasil);<\/p>\n<p>&#8211; las virtudes heroicas del Siervo de Dios Arnaldo Canepa, fiel catequista laico; nacido el 24 de septiembre de 1882 en Roma (Italia) y fallecido all\u00ed el 2 de noviembre de 1966<\/p>\n<p>&#8211; las virtudes heroicas del Siervo de Dios Guido Vidal Fran\u00e7a Sch\u00e4ffer, seminarista; nacido el 22 de mayo de 1974 en Volta Redonda (Brasil) y fallecido el 1 de mayo de 2009 en R\u00edo de Janeiro (Brasil)<\/p>\n<p>&#8211; las virtudes heroicas de la Sierva de Dios Mar\u00eda Cristina Ogier, fiel laica; nacida el 9 de marzo de 1955 en Florencia (Italia) y fallecida el 8 de enero de 1974 en Roma (Italia)<\/p>\n<p>&#8211; las virtudes heroicas de la Sierva de Dios Lorena D&#8217;Alessandro, fiel laica; nacida el 20 de noviembre de 1964 en Roma (Italia) y fallecida el 3 de abril de 1981.<\/p>\n","protected":false},"excerpt":{"rendered":"<p>Promulgaci\u00f3n de los Decretos del Dicasterio para las Causas de los Santos<\/p>\n","protected":false},"author":15,"featured_media":76350,"comment_status":"closed","ping_status":"closed","sticky":false,"template":"","format":"standard","meta":{"_acf_changed":false,"_crdt_document":"","inline_featured_image":false,"footnotes":""},"categories":[68],"tags":[1927,5534,4953],"class_list":["post-76361","post","type-post","status-publish","format-standard","has-post-thumbnail","hentry","category-leon-xiv","tag-causa-de-los-santos","tag-dicasterio","tag-trending-es"],"acf":[],"yoast_head":"<!-- This site is optimized with the Yoast SEO plugin v27.5 - https:\/\/yoast.com\/product\/yoast-seo-wordpress\/ -->\n<title>El Papa reconoce las virtudes heroicas de los Siervos de Dios &#8211; Exaudi<\/title>\n<meta name=\"robots\" content=\"index, follow, max-snippet:-1, max-image-preview:large, max-video-preview:-1\" \/>\n<link rel=\"canonical\" href=\"https:\/\/exaudi.org\/es\/el-papa-reconoce-las-virtudes-heroicas-de-los-siervos-de-dios\/\" \/>\n<meta property=\"og:locale\" content=\"es_ES\" \/>\n<meta property=\"og:type\" content=\"article\" \/>\n<meta property=\"og:title\" content=\"El Papa reconoce las virtudes heroicas de los Siervos de Dios &#8211; Exaudi\" \/>\n<meta property=\"og:description\" content=\"Promulgaci\u00f3n de los Decretos del Dicasterio para las Causas de los Santos\" \/>\n<meta property=\"og:url\" content=\"https:\/\/exaudi.org\/es\/el-papa-reconoce-las-virtudes-heroicas-de-los-siervos-de-dios\/\" \/>\n<meta property=\"og:site_name\" content=\"Exaudi\" \/>\n<meta property=\"article:publisher\" content=\"https:\/\/www.facebook.com\/ExaudiNews\" \/>\n<meta property=\"article:author\" content=\"https:\/\/www.facebook.com\/ExaudiNoticias\/\" \/>\n<meta property=\"article:published_time\" content=\"2023-05-21T07:41:27+00:00\" \/>\n<meta property=\"og:image\" content=\"https:\/\/exaudi.org\/wp-content\/uploads\/2023\/05\/cq5dam.thumbnail.cropped.750.422-12.jpeg\" \/>\n\t<meta property=\"og:image:width\" content=\"750\" \/>\n\t<meta property=\"og:image:height\" content=\"422\" \/>\n\t<meta property=\"og:image:type\" content=\"image\/jpeg\" \/>\n<meta name=\"author\" content=\"Exaudi Redacci\u00f3n\" \/>\n<meta name=\"twitter:card\" content=\"summary_large_image\" \/>\n<meta name=\"twitter:creator\" content=\"@Exaudi_noticias\" \/>\n<meta name=\"twitter:site\" content=\"@Exaudi_News\" \/>\n<meta name=\"twitter:label1\" content=\"Escrito por\" \/>\n\t<meta name=\"twitter:data1\" content=\"Exaudi Redacci\u00f3n\" \/>\n\t<meta name=\"twitter:label2\" content=\"Tiempo de lectura\" \/>\n\t<meta name=\"twitter:data2\" content=\"2 minutos\" \/>\n<script type=\"application\/ld+json\" class=\"yoast-schema-graph\">{\"@context\":\"https:\\\/\\\/schema.org\",\"@graph\":[{\"@type\":\"Article\",\"@id\":\"https:\\\/\\\/exaudi.org\\\/es\\\/el-papa-reconoce-las-virtudes-heroicas-de-los-siervos-de-dios\\\/#article\",\"isPartOf\":{\"@id\":\"https:\\\/\\\/exaudi.org\\\/es\\\/el-papa-reconoce-las-virtudes-heroicas-de-los-siervos-de-dios\\\/\"},\"author\":{\"name\":\"Exaudi Redacci\u00f3n\",\"@id\":\"https:\\\/\\\/exaudi.org\\\/#\\\/schema\\\/person\\\/f5fc8f063065e38742da7afe15f25df7\"},\"headline\":\"El Papa reconoce las virtudes heroicas de los Siervos de Dios\",\"datePublished\":\"2023-05-21T07:41:27+00:00\",\"mainEntityOfPage\":{\"@id\":\"https:\\\/\\\/exaudi.org\\\/es\\\/el-papa-reconoce-las-virtudes-heroicas-de-los-siervos-de-dios\\\/\"},\"wordCount\":386,\"image\":{\"@id\":\"https:\\\/\\\/exaudi.org\\\/es\\\/el-papa-reconoce-las-virtudes-heroicas-de-los-siervos-de-dios\\\/#primaryimage\"},\"thumbnailUrl\":\"https:\\\/\\\/exaudi.org\\\/wp-content\\\/uploads\\\/2023\\\/05\\\/cq5dam.thumbnail.cropped.750.422-12.jpeg\",\"keywords\":[\"Causa de los Santos\",\"Dicasterio\",\"Trending\"],\"articleSection\":[\"Le\u00f3n XIV\"],\"inLanguage\":\"es\"},{\"@type\":\"WebPage\",\"@id\":\"https:\\\/\\\/exaudi.org\\\/es\\\/el-papa-reconoce-las-virtudes-heroicas-de-los-siervos-de-dios\\\/\",\"url\":\"https:\\\/\\\/exaudi.org\\\/es\\\/el-papa-reconoce-las-virtudes-heroicas-de-los-siervos-de-dios\\\/\",\"name\":\"El Papa reconoce las virtudes heroicas de los Siervos de Dios &#8211; Exaudi\",\"isPartOf\":{\"@id\":\"https:\\\/\\\/exaudi.org\\\/#website\"},\"primaryImageOfPage\":{\"@id\":\"https:\\\/\\\/exaudi.org\\\/es\\\/el-papa-reconoce-las-virtudes-heroicas-de-los-siervos-de-dios\\\/#primaryimage\"},\"image\":{\"@id\":\"https:\\\/\\\/exaudi.org\\\/es\\\/el-papa-reconoce-las-virtudes-heroicas-de-los-siervos-de-dios\\\/#primaryimage\"},\"thumbnailUrl\":\"https:\\\/\\\/exaudi.org\\\/wp-content\\\/uploads\\\/2023\\\/05\\\/cq5dam.thumbnail.cropped.750.422-12.jpeg\",\"datePublished\":\"2023-05-21T07:41:27+00:00\",\"author\":{\"@id\":\"https:\\\/\\\/exaudi.org\\\/#\\\/schema\\\/person\\\/f5fc8f063065e38742da7afe15f25df7\"},\"breadcrumb\":{\"@id\":\"https:\\\/\\\/exaudi.org\\\/es\\\/el-papa-reconoce-las-virtudes-heroicas-de-los-siervos-de-dios\\\/#breadcrumb\"},\"inLanguage\":\"es\",\"potentialAction\":[{\"@type\":\"ReadAction\",\"target\":[\"https:\\\/\\\/exaudi.org\\\/es\\\/el-papa-reconoce-las-virtudes-heroicas-de-los-siervos-de-dios\\\/\"]}]},{\"@type\":\"ImageObject\",\"inLanguage\":\"es\",\"@id\":\"https:\\\/\\\/exaudi.org\\\/es\\\/el-papa-reconoce-las-virtudes-heroicas-de-los-siervos-de-dios\\\/#primaryimage\",\"url\":\"https:\\\/\\\/exaudi.org\\\/wp-content\\\/uploads\\\/2023\\\/05\\\/cq5dam.thumbnail.cropped.750.422-12.jpeg\",\"contentUrl\":\"https:\\\/\\\/exaudi.org\\\/wp-content\\\/uploads\\\/2023\\\/05\\\/cq5dam.thumbnail.cropped.750.422-12.jpeg\",\"width\":750,\"height\":422,\"caption\":\"Vatican Media\"},{\"@type\":\"BreadcrumbList\",\"@id\":\"https:\\\/\\\/exaudi.org\\\/es\\\/el-papa-reconoce-las-virtudes-heroicas-de-los-siervos-de-dios\\\/#breadcrumb\",\"itemListElement\":[{\"@type\":\"ListItem\",\"position\":1,\"name\":\"Portada\",\"item\":\"https:\\\/\\\/exaudi.org\\\/es\\\/\"},{\"@type\":\"ListItem\",\"position\":2,\"name\":\"El Papa reconoce las virtudes heroicas de los Siervos de Dios\"}]},{\"@type\":\"WebSite\",\"@id\":\"https:\\\/\\\/exaudi.org\\\/#website\",\"url\":\"https:\\\/\\\/exaudi.org\\\/\",\"name\":\"Exaudi\",\"description\":\"News\",\"potentialAction\":[{\"@type\":\"SearchAction\",\"target\":{\"@type\":\"EntryPoint\",\"urlTemplate\":\"https:\\\/\\\/exaudi.org\\\/?s={search_term_string}\"},\"query-input\":{\"@type\":\"PropertyValueSpecification\",\"valueRequired\":true,\"valueName\":\"search_term_string\"}}],\"inLanguage\":\"es\"},{\"@type\":\"Person\",\"@id\":\"https:\\\/\\\/exaudi.org\\\/#\\\/schema\\\/person\\\/f5fc8f063065e38742da7afe15f25df7\",\"name\":\"Exaudi Redacci\u00f3n\",\"image\":{\"@type\":\"ImageObject\",\"inLanguage\":\"es\",\"@id\":\"https:\\\/\\\/secure.gravatar.com\\\/avatar\\\/fe0f6a059fb68d9b3e11bc5850dd4899b1c7492091a3cb6dd9b01b56ad828be2?s=96&d=mm&r=g\",\"url\":\"https:\\\/\\\/secure.gravatar.com\\\/avatar\\\/fe0f6a059fb68d9b3e11bc5850dd4899b1c7492091a3cb6dd9b01b56ad828be2?s=96&d=mm&r=g\",\"contentUrl\":\"https:\\\/\\\/secure.gravatar.com\\\/avatar\\\/fe0f6a059fb68d9b3e11bc5850dd4899b1c7492091a3cb6dd9b01b56ad828be2?s=96&d=mm&r=g\",\"caption\":\"Exaudi Redacci\u00f3n\"},\"description\":\"\u00bfQu\u00e9 es Exaudi News? Exaudi News es un medio de comunicaci\u00f3n cat\u00f3lico internacional que informa, forma y transforma, diariamente en espa\u00f1ol, ingl\u00e9s e italiano. A trav\u00e9s de noticias, art\u00edculos de an\u00e1lisis y transmisiones en directo de los eventos del Papa, Exaudi busca fortalecer la unidad de los cristianos y contribuir a la evangelizaci\u00f3n del mundo, siempre guiados por la doctrina social de la Iglesia. Trabajamos para acercar la verdad y los valores cristianos a cada rinc\u00f3n del planeta. \u00a1Ay\u00fadanos a transformar el mundo con Exaudi! En Exaudi creemos que la evangelizaci\u00f3n y la informaci\u00f3n de calidad pueden cambiar vidas. Para continuar con nuestra misi\u00f3n y expandir nuestro alcance, necesitamos tu ayuda. Adem\u00e1s, buscamos personas comprometidas que deseen unirse a nuestro equipo. Con tu apoyo, lograremos llegar a m\u00e1s personas, difundir el mensaje de Cristo y reforzar la unidad de los cristianos. \u00bfTe unes a nuestra misi\u00f3n? Para m\u00e1s informaci\u00f3n sobre c\u00f3mo colaborar, visita Exaudi.org\\\/es o cont\u00e1ctanos directamente: info@exaudi.org Exaudi: Informa, forma y transforma.\",\"sameAs\":[\"https:\\\/\\\/www.facebook.com\\\/ExaudiNoticias\\\/\",\"https:\\\/\\\/www.instagram.com\\\/exaudi_noticias\\\/\",\"https:\\\/\\\/x.com\\\/Exaudi_noticias\",\"https:\\\/\\\/www.youtube.com\\\/@exaudicatholicnews\"],\"url\":\"https:\\\/\\\/exaudi.org\\\/es\\\/author\\\/redaccionexaudi\\\/\"}]}<\/script>\n<!-- \/ Yoast SEO plugin. -->","yoast_head_json":{"title":"El Papa reconoce las virtudes heroicas de los Siervos de Dios &#8211; Exaudi","robots":{"index":"index","follow":"follow","max-snippet":"max-snippet:-1","max-image-preview":"max-image-preview:large","max-video-preview":"max-video-preview:-1"},"canonical":"https:\/\/exaudi.org\/es\/el-papa-reconoce-las-virtudes-heroicas-de-los-siervos-de-dios\/","og_locale":"es_ES","og_type":"article","og_title":"El Papa reconoce las virtudes heroicas de los Siervos de Dios &#8211; Exaudi","og_description":"Promulgaci\u00f3n de los Decretos del Dicasterio para las Causas de los Santos","og_url":"https:\/\/exaudi.org\/es\/el-papa-reconoce-las-virtudes-heroicas-de-los-siervos-de-dios\/","og_site_name":"Exaudi","article_publisher":"https:\/\/www.facebook.com\/ExaudiNews","article_author":"https:\/\/www.facebook.com\/ExaudiNoticias\/","article_published_time":"2023-05-21T07:41:27+00:00","og_image":[{"width":750,"height":422,"url":"https:\/\/exaudi.org\/wp-content\/uploads\/2023\/05\/cq5dam.thumbnail.cropped.750.422-12.jpeg","type":"image\/jpeg"}],"author":"Exaudi Redacci\u00f3n","twitter_card":"summary_large_image","twitter_creator":"@Exaudi_noticias","twitter_site":"@Exaudi_News","twitter_misc":{"Escrito por":"Exaudi Redacci\u00f3n","Tiempo de lectura":"2 minutos"},"schema":{"@context":"https:\/\/schema.org","@graph":[{"@type":"Article","@id":"https:\/\/exaudi.org\/es\/el-papa-reconoce-las-virtudes-heroicas-de-los-siervos-de-dios\/#article","isPartOf":{"@id":"https:\/\/exaudi.org\/es\/el-papa-reconoce-las-virtudes-heroicas-de-los-siervos-de-dios\/"},"author":{"name":"Exaudi Redacci\u00f3n","@id":"https:\/\/exaudi.org\/#\/schema\/person\/f5fc8f063065e38742da7afe15f25df7"},"headline":"El Papa reconoce las virtudes heroicas de los Siervos de Dios","datePublished":"2023-05-21T07:41:27+00:00","mainEntityOfPage":{"@id":"https:\/\/exaudi.org\/es\/el-papa-reconoce-las-virtudes-heroicas-de-los-siervos-de-dios\/"},"wordCount":386,"image":{"@id":"https:\/\/exaudi.org\/es\/el-papa-reconoce-las-virtudes-heroicas-de-los-siervos-de-dios\/#primaryimage"},"thumbnailUrl":"https:\/\/exaudi.org\/wp-content\/uploads\/2023\/05\/cq5dam.thumbnail.cropped.750.422-12.jpeg","keywords":["Causa de los Santos","Dicasterio","Trending"],"articleSection":["Le\u00f3n XIV"],"inLanguage":"es"},{"@type":"WebPage","@id":"https:\/\/exaudi.org\/es\/el-papa-reconoce-las-virtudes-heroicas-de-los-siervos-de-dios\/","url":"https:\/\/exaudi.org\/es\/el-papa-reconoce-las-virtudes-heroicas-de-los-siervos-de-dios\/","name":"El Papa reconoce las virtudes heroicas de los Siervos de Dios &#8211; Exaudi","isPartOf":{"@id":"https:\/\/exaudi.org\/#website"},"primaryImageOfPage":{"@id":"https:\/\/exaudi.org\/es\/el-papa-reconoce-las-virtudes-heroicas-de-los-siervos-de-dios\/#primaryimage"},"image":{"@id":"https:\/\/exaudi.org\/es\/el-papa-reconoce-las-virtudes-heroicas-de-los-siervos-de-dios\/#primaryimage"},"thumbnailUrl":"https:\/\/exaudi.org\/wp-content\/uploads\/2023\/05\/cq5dam.thumbnail.cropped.750.422-12.jpeg","datePublished":"2023-05-21T07:41:27+00:00","author":{"@id":"https:\/\/exaudi.org\/#\/schema\/person\/f5fc8f063065e38742da7afe15f25df7"},"breadcrumb":{"@id":"https:\/\/exaudi.org\/es\/el-papa-reconoce-las-virtudes-heroicas-de-los-siervos-de-dios\/#breadcrumb"},"inLanguage":"es","potentialAction":[{"@type":"ReadAction","target":["https:\/\/exaudi.org\/es\/el-papa-reconoce-las-virtudes-heroicas-de-los-siervos-de-dios\/"]}]},{"@type":"ImageObject","inLanguage":"es","@id":"https:\/\/exaudi.org\/es\/el-papa-reconoce-las-virtudes-heroicas-de-los-siervos-de-dios\/#primaryimage","url":"https:\/\/exaudi.org\/wp-content\/uploads\/2023\/05\/cq5dam.thumbnail.cropped.750.422-12.jpeg","contentUrl":"https:\/\/exaudi.org\/wp-content\/uploads\/2023\/05\/cq5dam.thumbnail.cropped.750.422-12.jpeg","width":750,"height":422,"caption":"Vatican Media"},{"@type":"BreadcrumbList","@id":"https:\/\/exaudi.org\/es\/el-papa-reconoce-las-virtudes-heroicas-de-los-siervos-de-dios\/#breadcrumb","itemListElement":[{"@type":"ListItem","position":1,"name":"Portada","item":"https:\/\/exaudi.org\/es\/"},{"@type":"ListItem","position":2,"name":"El Papa reconoce las virtudes heroicas de los Siervos de Dios"}]},{"@type":"WebSite","@id":"https:\/\/exaudi.org\/#website","url":"https:\/\/exaudi.org\/","name":"Exaudi","description":"News","potentialAction":[{"@type":"SearchAction","target":{"@type":"EntryPoint","urlTemplate":"https:\/\/exaudi.org\/?s={search_term_string}"},"query-input":{"@type":"PropertyValueSpecification","valueRequired":true,"valueName":"search_term_string"}}],"inLanguage":"es"},{"@type":"Person","@id":"https:\/\/exaudi.org\/#\/schema\/person\/f5fc8f063065e38742da7afe15f25df7","name":"Exaudi Redacci\u00f3n","image":{"@type":"ImageObject","inLanguage":"es","@id":"https:\/\/secure.gravatar.com\/avatar\/fe0f6a059fb68d9b3e11bc5850dd4899b1c7492091a3cb6dd9b01b56ad828be2?s=96&d=mm&r=g","url":"https:\/\/secure.gravatar.com\/avatar\/fe0f6a059fb68d9b3e11bc5850dd4899b1c7492091a3cb6dd9b01b56ad828be2?s=96&d=mm&r=g","contentUrl":"https:\/\/secure.gravatar.com\/avatar\/fe0f6a059fb68d9b3e11bc5850dd4899b1c7492091a3cb6dd9b01b56ad828be2?s=96&d=mm&r=g","caption":"Exaudi Redacci\u00f3n"},"description":"\u00bfQu\u00e9 es Exaudi News? Exaudi News es un medio de comunicaci\u00f3n cat\u00f3lico internacional que informa, forma y transforma, diariamente en espa\u00f1ol, ingl\u00e9s e italiano. A trav\u00e9s de noticias, art\u00edculos de an\u00e1lisis y transmisiones en directo de los eventos del Papa, Exaudi busca fortalecer la unidad de los cristianos y contribuir a la evangelizaci\u00f3n del mundo, siempre guiados por la doctrina social de la Iglesia. Trabajamos para acercar la verdad y los valores cristianos a cada rinc\u00f3n del planeta. \u00a1Ay\u00fadanos a transformar el mundo con Exaudi! En Exaudi creemos que la evangelizaci\u00f3n y la informaci\u00f3n de calidad pueden cambiar vidas. Para continuar con nuestra misi\u00f3n y expandir nuestro alcance, necesitamos tu ayuda. Adem\u00e1s, buscamos personas comprometidas que deseen unirse a nuestro equipo. Con tu apoyo, lograremos llegar a m\u00e1s personas, difundir el mensaje de Cristo y reforzar la unidad de los cristianos. \u00bfTe unes a nuestra misi\u00f3n? Para m\u00e1s informaci\u00f3n sobre c\u00f3mo colaborar, visita Exaudi.org\/es o cont\u00e1ctanos directamente: info@exaudi.org Exaudi: Informa, forma y transforma.","sameAs":["https:\/\/www.facebook.com\/ExaudiNoticias\/","https:\/\/www.instagram.com\/exaudi_noticias\/","https:\/\/x.com\/Exaudi_noticias","https:\/\/www.youtube.com\/@exaudicatholicnews"],"url":"https:\/\/exaudi.org\/es\/author\/redaccionexaudi\/"}]}},"jetpack_featured_media_url":"https:\/\/exaudi.org\/wp-content\/uploads\/2023\/05\/cq5dam.thumbnail.cropped.750.422-12.jpeg","jetpack_shortlink":"https:\/\/wp.me\/pgKjF2-jRD","_links":{"self":[{"href":"https:\/\/exaudi.org\/es\/wp-json\/wp\/v2\/posts\/76361","targetHints":{"allow":["GET"]}}],"collection":[{"href":"https:\/\/exaudi.org\/es\/wp-json\/wp\/v2\/posts"}],"about":[{"href":"https:\/\/exaudi.org\/es\/wp-json\/wp\/v2\/types\/post"}],"author":[{"embeddable":true,"href":"https:\/\/exaudi.org\/es\/wp-json\/wp\/v2\/users\/15"}],"replies":[{"embeddable":true,"href":"https:\/\/exaudi.org\/es\/wp-json\/wp\/v2\/comments?post=76361"}],"version-history":[{"count":0,"href":"https:\/\/exaudi.org\/es\/wp-json\/wp\/v2\/posts\/76361\/revisions"}],"wp:featuredmedia":[{"embeddable":true,"href":"https:\/\/exaudi.org\/es\/wp-json\/wp\/v2\/media\/76350"}],"wp:attachment":[{"href":"https:\/\/exaudi.org\/es\/wp-json\/wp\/v2\/media?parent=76361"}],"wp:term":[{"taxonomy":"category","embeddable":true,"href":"https:\/\/exaudi.org\/es\/wp-json\/wp\/v2\/categories?post=76361"},{"taxonomy":"post_tag","embeddable":true,"href":"https:\/\/exaudi.org\/es\/wp-json\/wp\/v2\/tags?post=76361"}],"curies":[{"name":"wp","href":"https:\/\/api.w.org\/{rel}","templated":true}]}}