{"id":76360,"date":"2023-05-21T09:32:50","date_gmt":"2023-05-21T07:32:50","guid":{"rendered":"https:\/\/exaudi.org\/?p=76360"},"modified":"2023-05-21T16:38:15","modified_gmt":"2023-05-21T14:38:15","slug":"el-uso-de-la-energia-atomica-es-un-crimen-contra-cualquier-futuro-posible","status":"publish","type":"post","link":"https:\/\/exaudi.org\/es\/el-uso-de-la-energia-atomica-es-un-crimen-contra-cualquier-futuro-posible\/","title":{"rendered":"\u201cEl uso de la energ\u00eda at\u00f3mica es un crimen contra cualquier futuro posible\u201d"},"content":{"rendered":"<audio class=\"wp-audio-shortcode\" id=\"audio-76360-1\" preload=\"none\" style=\"width: 100%;\" controls=\"controls\"><source type=\"audio\/mpeg\" src=\"https:\/\/exaudi.org\/wp-content\/uploads\/2023\/05\/El-uso-de-la-energia-atomica-es-un-crimen-contra.mp3?_=1\" \/><a href=\"https:\/\/exaudi.org\/wp-content\/uploads\/2023\/05\/El-uso-de-la-energia-atomica-es-un-crimen-contra.mp3\">https:\/\/exaudi.org\/wp-content\/uploads\/2023\/05\/El-uso-de-la-energia-atomica-es-un-crimen-contra.mp3<\/a><\/audio>\n<p>El Papa escribi\u00f3 una carta al obispo de Hiroshima, ciudad que acoge hasta el domingo la cumbre del G7 de las mayores econom\u00edas del mundo:<\/p>\n<p>***<\/p>\n<h3><strong>Carta del Papa<\/strong><\/h3>\n<p>A Su Excelencia Reverend\u00edsima Alexis-Mitsuru Shirahama<\/p>\n<p>Obispo de Hiroshima<\/p>\n<p>Con motivo de la reuni\u00f3n de la cumbre del G7 en Hiroshima para debatir los acuciantes problemas a los que se enfrenta hoy la comunidad mundial, quisiera asegurarle mi cercan\u00eda espiritual y mis oraciones para que la cumbre sea fruct\u00edfera. La elecci\u00f3n de Hiroshima como sede de la reuni\u00f3n es particularmente significativa a la luz de la continua amenaza del uso de armas nucleares. Recuerdo la profunda impresi\u00f3n que me dej\u00f3 una conmovedora <a href=\"https:\/\/www.vatican.va\/content\/francesco\/es\/messages\/pont-messages\/2019\/documents\/papa-francesco_20191124_messaggio-incontropace-hiroshima.html\" target=\"_blank\" rel=\"noopener\">visita al Memorial de la Paz<\/a> durante mi <a href=\"https:\/\/www.vatican.va\/content\/francesco\/it\/travels\/2019\/outside\/documents\/papa-francesco-thailandia-giappone-2019.html\" target=\"_blank\" rel=\"noopener\">viaje a Jap\u00f3n en 2019<\/a>. Estando all\u00ed en oraci\u00f3n silenciosa y pensando en las v\u00edctimas inocentes del ataque nuclear que tuvo lugar d\u00e9cadas antes, quise reiterar la firme convicci\u00f3n de la Santa Sede de que \u00abel uso de la energ\u00eda at\u00f3mica con fines b\u00e9licos es, hoy m\u00e1s que nunca, un crimen, no s\u00f3lo contra el hombre y su dignidad, sino contra cualquier posibilidad de futuro en nuestra casa com\u00fan\u00bb (<a href=\"https:\/\/www.vatican.va\/content\/francesco\/es\/messages\/pont-messages\/2019\/documents\/papa-francesco_20191124_messaggio-incontropace-hiroshima.html\" target=\"_blank\" rel=\"noopener\">Discurso en el Memorial de la Paz, 24 de noviembre de 2019<\/a>).<\/p>\n<p>Es a ese futuro al que los hombres y mujeres responsables miran ahora con preocupaci\u00f3n, especialmente tras la experiencia de una pandemia mundial y la persistencia de conflictos armados en varias regiones, incluida la devastadora guerra que se libra en suelo ucraniano. Los acontecimientos de los \u00faltimos a\u00f1os han puesto de manifiesto que s\u00f3lo juntos, en fraternidad y solidaridad, nuestra familia humana puede tratar de curar las heridas y construir un mundo justo y pac\u00edfico.<\/p>\n<p>En efecto, cada vez es m\u00e1s evidente que, en el mundo multipolar del siglo XXI, la b\u00fasqueda de la paz est\u00e1 estrechamente vinculada a la necesidad de seguridad y a la reflexi\u00f3n sobre los medios m\u00e1s eficaces para garantizarla. Esta reflexi\u00f3n debe tener necesariamente en cuenta el hecho de que la seguridad global debe ser integral, abarcando cuestiones como el acceso a los alimentos y al agua, el respeto del medio ambiente, la asistencia sanitaria, las fuentes de energ\u00eda y la distribuci\u00f3n equitativa de los bienes del mundo. Una concepci\u00f3n integral de la seguridad puede servir para reforzar el multilateralismo y la cooperaci\u00f3n internacional entre actores gubernamentales y no gubernamentales, partiendo de la profunda interconexi\u00f3n de estas cuestiones, lo que hace necesario adoptar, conjuntamente, un enfoque de cooperaci\u00f3n multilateral responsable.<\/p>\n<p>Hiroshima, como \u00abs\u00edmbolo del recuerdo\u00bb, proclama en\u00e9rgicamente la inadecuaci\u00f3n de las armas nucleares para responder eficazmente a las principales amenazas actuales a la paz y garantizar la seguridad nacional e internacional. No hay m\u00e1s que considerar el catastr\u00f3fico impacto humanitario y medioambiental que tendr\u00eda el uso de armas nucleares, as\u00ed como el despilfarro y mal uso de recursos humanos y econ\u00f3micos que conlleva su producci\u00f3n. Tampoco debemos subestimar los efectos del persistente clima de miedo y recelo que genera su mera posesi\u00f3n, que socava el crecimiento de un clima de confianza mutua y di\u00e1logo. En este contexto, las armas nucleares y otras armas de destrucci\u00f3n masiva representan un multiplicador de riesgos que s\u00f3lo da una ilusi\u00f3n de paz.<\/p>\n<p>Asegurando mis oraciones por usted y por quienes est\u00e1n confiados a su cuidado pastoral, me uno a la oraci\u00f3n para que la Cumbre del G7 en Hiroshima demuestre una visi\u00f3n clarividente al sentar las bases de una paz duradera y de una seguridad estable y sostenible a largo plazo. Con gratitud por vuestro compromiso al servicio de la justicia y de la paz, os env\u00edo cordialmente mi bendici\u00f3n.<\/p>\n<p><em>Roma, San Juan de Letr\u00e1n, 19 de mayo de 2023<\/em><\/p>\n<p>FRANCISCO<\/p>\n","protected":false},"excerpt":{"rendered":"<p>La Cumbre del G7: Carta del Papa al Obispo de Hiroshima<\/p>\n","protected":false},"author":15,"featured_media":76355,"comment_status":"closed","ping_status":"closed","sticky":false,"template":"","format":"standard","meta":{"_acf_changed":false,"_crdt_document":"","inline_featured_image":false,"footnotes":""},"categories":[68,118],"tags":[6814,9213,4953],"class_list":["post-76360","post","type-post","status-publish","format-standard","has-post-thumbnail","hentry","category-leon-xiv","category-mensajes","tag-japon","tag-la-cumbre-del-g7-carta-del-papa-al-obispo-de-hiroshima","tag-trending-es"],"acf":[],"yoast_head":"<!-- This site is optimized with the Yoast SEO plugin v27.5 - https:\/\/yoast.com\/product\/yoast-seo-wordpress\/ -->\n<title>\u201cEl uso de la energ\u00eda at\u00f3mica es un crimen contra cualquier futuro posible\u201d &#8211; Exaudi<\/title>\n<meta name=\"robots\" content=\"index, follow, max-snippet:-1, max-image-preview:large, max-video-preview:-1\" \/>\n<link rel=\"canonical\" href=\"https:\/\/exaudi.org\/es\/el-uso-de-la-energia-atomica-es-un-crimen-contra-cualquier-futuro-posible\/\" \/>\n<meta property=\"og:locale\" content=\"es_ES\" \/>\n<meta property=\"og:type\" content=\"article\" \/>\n<meta property=\"og:title\" content=\"\u201cEl uso de la energ\u00eda at\u00f3mica es un crimen contra cualquier futuro posible\u201d &#8211; Exaudi\" \/>\n<meta property=\"og:description\" content=\"La Cumbre del G7: Carta del Papa al Obispo de Hiroshima\" \/>\n<meta property=\"og:url\" content=\"https:\/\/exaudi.org\/es\/el-uso-de-la-energia-atomica-es-un-crimen-contra-cualquier-futuro-posible\/\" \/>\n<meta property=\"og:site_name\" content=\"Exaudi\" \/>\n<meta property=\"article:publisher\" content=\"https:\/\/www.facebook.com\/ExaudiNews\" \/>\n<meta property=\"article:author\" content=\"https:\/\/www.facebook.com\/ExaudiNoticias\/\" \/>\n<meta property=\"article:published_time\" content=\"2023-05-21T07:32:50+00:00\" \/>\n<meta property=\"article:modified_time\" content=\"2023-05-21T14:38:15+00:00\" \/>\n<meta property=\"og:image\" content=\"https:\/\/exaudi.org\/wp-content\/uploads\/2023\/05\/cq5dam.thumbnail.cropped.750.422-13.jpeg\" \/>\n\t<meta property=\"og:image:width\" content=\"750\" \/>\n\t<meta property=\"og:image:height\" content=\"422\" \/>\n\t<meta property=\"og:image:type\" content=\"image\/jpeg\" \/>\n<meta name=\"author\" content=\"Exaudi Redacci\u00f3n\" \/>\n<meta name=\"twitter:card\" content=\"summary_large_image\" \/>\n<meta name=\"twitter:creator\" content=\"@Exaudi_noticias\" \/>\n<meta name=\"twitter:site\" content=\"@Exaudi_News\" \/>\n<meta name=\"twitter:label1\" content=\"Escrito por\" \/>\n\t<meta name=\"twitter:data1\" content=\"Exaudi Redacci\u00f3n\" \/>\n\t<meta name=\"twitter:label2\" content=\"Tiempo de lectura\" \/>\n\t<meta name=\"twitter:data2\" content=\"3 minutos\" \/>\n<script type=\"application\/ld+json\" class=\"yoast-schema-graph\">{\"@context\":\"https:\\\/\\\/schema.org\",\"@graph\":[{\"@type\":\"Article\",\"@id\":\"https:\\\/\\\/exaudi.org\\\/es\\\/el-uso-de-la-energia-atomica-es-un-crimen-contra-cualquier-futuro-posible\\\/#article\",\"isPartOf\":{\"@id\":\"https:\\\/\\\/exaudi.org\\\/es\\\/el-uso-de-la-energia-atomica-es-un-crimen-contra-cualquier-futuro-posible\\\/\"},\"author\":{\"name\":\"Exaudi Redacci\u00f3n\",\"@id\":\"https:\\\/\\\/exaudi.org\\\/#\\\/schema\\\/person\\\/f5fc8f063065e38742da7afe15f25df7\"},\"headline\":\"\u201cEl uso de la energ\u00eda at\u00f3mica es un crimen contra cualquier futuro posible\u201d\",\"datePublished\":\"2023-05-21T07:32:50+00:00\",\"dateModified\":\"2023-05-21T14:38:15+00:00\",\"mainEntityOfPage\":{\"@id\":\"https:\\\/\\\/exaudi.org\\\/es\\\/el-uso-de-la-energia-atomica-es-un-crimen-contra-cualquier-futuro-posible\\\/\"},\"wordCount\":674,\"image\":{\"@id\":\"https:\\\/\\\/exaudi.org\\\/es\\\/el-uso-de-la-energia-atomica-es-un-crimen-contra-cualquier-futuro-posible\\\/#primaryimage\"},\"thumbnailUrl\":\"https:\\\/\\\/exaudi.org\\\/wp-content\\\/uploads\\\/2023\\\/05\\\/cq5dam.thumbnail.cropped.750.422-13.jpeg\",\"keywords\":[\"Jap\u00f3n\",\"La Cumbre del G7: Carta del Papa al Obispo de Hiroshima\",\"Trending\"],\"articleSection\":[\"Le\u00f3n XIV\",\"Mensajes\"],\"inLanguage\":\"es\"},{\"@type\":\"WebPage\",\"@id\":\"https:\\\/\\\/exaudi.org\\\/es\\\/el-uso-de-la-energia-atomica-es-un-crimen-contra-cualquier-futuro-posible\\\/\",\"url\":\"https:\\\/\\\/exaudi.org\\\/es\\\/el-uso-de-la-energia-atomica-es-un-crimen-contra-cualquier-futuro-posible\\\/\",\"name\":\"\u201cEl uso de la energ\u00eda at\u00f3mica es un crimen contra cualquier futuro posible\u201d &#8211; Exaudi\",\"isPartOf\":{\"@id\":\"https:\\\/\\\/exaudi.org\\\/#website\"},\"primaryImageOfPage\":{\"@id\":\"https:\\\/\\\/exaudi.org\\\/es\\\/el-uso-de-la-energia-atomica-es-un-crimen-contra-cualquier-futuro-posible\\\/#primaryimage\"},\"image\":{\"@id\":\"https:\\\/\\\/exaudi.org\\\/es\\\/el-uso-de-la-energia-atomica-es-un-crimen-contra-cualquier-futuro-posible\\\/#primaryimage\"},\"thumbnailUrl\":\"https:\\\/\\\/exaudi.org\\\/wp-content\\\/uploads\\\/2023\\\/05\\\/cq5dam.thumbnail.cropped.750.422-13.jpeg\",\"datePublished\":\"2023-05-21T07:32:50+00:00\",\"dateModified\":\"2023-05-21T14:38:15+00:00\",\"author\":{\"@id\":\"https:\\\/\\\/exaudi.org\\\/#\\\/schema\\\/person\\\/f5fc8f063065e38742da7afe15f25df7\"},\"breadcrumb\":{\"@id\":\"https:\\\/\\\/exaudi.org\\\/es\\\/el-uso-de-la-energia-atomica-es-un-crimen-contra-cualquier-futuro-posible\\\/#breadcrumb\"},\"inLanguage\":\"es\",\"potentialAction\":[{\"@type\":\"ReadAction\",\"target\":[\"https:\\\/\\\/exaudi.org\\\/es\\\/el-uso-de-la-energia-atomica-es-un-crimen-contra-cualquier-futuro-posible\\\/\"]}]},{\"@type\":\"ImageObject\",\"inLanguage\":\"es\",\"@id\":\"https:\\\/\\\/exaudi.org\\\/es\\\/el-uso-de-la-energia-atomica-es-un-crimen-contra-cualquier-futuro-posible\\\/#primaryimage\",\"url\":\"https:\\\/\\\/exaudi.org\\\/wp-content\\\/uploads\\\/2023\\\/05\\\/cq5dam.thumbnail.cropped.750.422-13.jpeg\",\"contentUrl\":\"https:\\\/\\\/exaudi.org\\\/wp-content\\\/uploads\\\/2023\\\/05\\\/cq5dam.thumbnail.cropped.750.422-13.jpeg\",\"width\":750,\"height\":422,\"caption\":\"Vatican Media\"},{\"@type\":\"BreadcrumbList\",\"@id\":\"https:\\\/\\\/exaudi.org\\\/es\\\/el-uso-de-la-energia-atomica-es-un-crimen-contra-cualquier-futuro-posible\\\/#breadcrumb\",\"itemListElement\":[{\"@type\":\"ListItem\",\"position\":1,\"name\":\"Portada\",\"item\":\"https:\\\/\\\/exaudi.org\\\/es\\\/\"},{\"@type\":\"ListItem\",\"position\":2,\"name\":\"\u201cEl uso de la energ\u00eda at\u00f3mica es un crimen contra cualquier futuro posible\u201d\"}]},{\"@type\":\"WebSite\",\"@id\":\"https:\\\/\\\/exaudi.org\\\/#website\",\"url\":\"https:\\\/\\\/exaudi.org\\\/\",\"name\":\"Exaudi\",\"description\":\"News\",\"potentialAction\":[{\"@type\":\"SearchAction\",\"target\":{\"@type\":\"EntryPoint\",\"urlTemplate\":\"https:\\\/\\\/exaudi.org\\\/?s={search_term_string}\"},\"query-input\":{\"@type\":\"PropertyValueSpecification\",\"valueRequired\":true,\"valueName\":\"search_term_string\"}}],\"inLanguage\":\"es\"},{\"@type\":\"Person\",\"@id\":\"https:\\\/\\\/exaudi.org\\\/#\\\/schema\\\/person\\\/f5fc8f063065e38742da7afe15f25df7\",\"name\":\"Exaudi Redacci\u00f3n\",\"image\":{\"@type\":\"ImageObject\",\"inLanguage\":\"es\",\"@id\":\"https:\\\/\\\/secure.gravatar.com\\\/avatar\\\/fe0f6a059fb68d9b3e11bc5850dd4899b1c7492091a3cb6dd9b01b56ad828be2?s=96&d=mm&r=g\",\"url\":\"https:\\\/\\\/secure.gravatar.com\\\/avatar\\\/fe0f6a059fb68d9b3e11bc5850dd4899b1c7492091a3cb6dd9b01b56ad828be2?s=96&d=mm&r=g\",\"contentUrl\":\"https:\\\/\\\/secure.gravatar.com\\\/avatar\\\/fe0f6a059fb68d9b3e11bc5850dd4899b1c7492091a3cb6dd9b01b56ad828be2?s=96&d=mm&r=g\",\"caption\":\"Exaudi Redacci\u00f3n\"},\"description\":\"\u00bfQu\u00e9 es Exaudi News? Exaudi News es un medio de comunicaci\u00f3n cat\u00f3lico internacional que informa, forma y transforma, diariamente en espa\u00f1ol, ingl\u00e9s e italiano. A trav\u00e9s de noticias, art\u00edculos de an\u00e1lisis y transmisiones en directo de los eventos del Papa, Exaudi busca fortalecer la unidad de los cristianos y contribuir a la evangelizaci\u00f3n del mundo, siempre guiados por la doctrina social de la Iglesia. Trabajamos para acercar la verdad y los valores cristianos a cada rinc\u00f3n del planeta. \u00a1Ay\u00fadanos a transformar el mundo con Exaudi! En Exaudi creemos que la evangelizaci\u00f3n y la informaci\u00f3n de calidad pueden cambiar vidas. Para continuar con nuestra misi\u00f3n y expandir nuestro alcance, necesitamos tu ayuda. Adem\u00e1s, buscamos personas comprometidas que deseen unirse a nuestro equipo. Con tu apoyo, lograremos llegar a m\u00e1s personas, difundir el mensaje de Cristo y reforzar la unidad de los cristianos. \u00bfTe unes a nuestra misi\u00f3n? Para m\u00e1s informaci\u00f3n sobre c\u00f3mo colaborar, visita Exaudi.org\\\/es o cont\u00e1ctanos directamente: info@exaudi.org Exaudi: Informa, forma y transforma.\",\"sameAs\":[\"https:\\\/\\\/www.facebook.com\\\/ExaudiNoticias\\\/\",\"https:\\\/\\\/www.instagram.com\\\/exaudi_noticias\\\/\",\"https:\\\/\\\/x.com\\\/Exaudi_noticias\",\"https:\\\/\\\/www.youtube.com\\\/@exaudicatholicnews\"],\"url\":\"https:\\\/\\\/exaudi.org\\\/es\\\/author\\\/redaccionexaudi\\\/\"}]}<\/script>\n<!-- \/ Yoast SEO plugin. -->","yoast_head_json":{"title":"\u201cEl uso de la energ\u00eda at\u00f3mica es un crimen contra cualquier futuro posible\u201d &#8211; Exaudi","robots":{"index":"index","follow":"follow","max-snippet":"max-snippet:-1","max-image-preview":"max-image-preview:large","max-video-preview":"max-video-preview:-1"},"canonical":"https:\/\/exaudi.org\/es\/el-uso-de-la-energia-atomica-es-un-crimen-contra-cualquier-futuro-posible\/","og_locale":"es_ES","og_type":"article","og_title":"\u201cEl uso de la energ\u00eda at\u00f3mica es un crimen contra cualquier futuro posible\u201d &#8211; Exaudi","og_description":"La Cumbre del G7: Carta del Papa al Obispo de Hiroshima","og_url":"https:\/\/exaudi.org\/es\/el-uso-de-la-energia-atomica-es-un-crimen-contra-cualquier-futuro-posible\/","og_site_name":"Exaudi","article_publisher":"https:\/\/www.facebook.com\/ExaudiNews","article_author":"https:\/\/www.facebook.com\/ExaudiNoticias\/","article_published_time":"2023-05-21T07:32:50+00:00","article_modified_time":"2023-05-21T14:38:15+00:00","og_image":[{"width":750,"height":422,"url":"https:\/\/exaudi.org\/wp-content\/uploads\/2023\/05\/cq5dam.thumbnail.cropped.750.422-13.jpeg","type":"image\/jpeg"}],"author":"Exaudi Redacci\u00f3n","twitter_card":"summary_large_image","twitter_creator":"@Exaudi_noticias","twitter_site":"@Exaudi_News","twitter_misc":{"Escrito por":"Exaudi Redacci\u00f3n","Tiempo de lectura":"3 minutos"},"schema":{"@context":"https:\/\/schema.org","@graph":[{"@type":"Article","@id":"https:\/\/exaudi.org\/es\/el-uso-de-la-energia-atomica-es-un-crimen-contra-cualquier-futuro-posible\/#article","isPartOf":{"@id":"https:\/\/exaudi.org\/es\/el-uso-de-la-energia-atomica-es-un-crimen-contra-cualquier-futuro-posible\/"},"author":{"name":"Exaudi Redacci\u00f3n","@id":"https:\/\/exaudi.org\/#\/schema\/person\/f5fc8f063065e38742da7afe15f25df7"},"headline":"\u201cEl uso de la energ\u00eda at\u00f3mica es un crimen contra cualquier futuro posible\u201d","datePublished":"2023-05-21T07:32:50+00:00","dateModified":"2023-05-21T14:38:15+00:00","mainEntityOfPage":{"@id":"https:\/\/exaudi.org\/es\/el-uso-de-la-energia-atomica-es-un-crimen-contra-cualquier-futuro-posible\/"},"wordCount":674,"image":{"@id":"https:\/\/exaudi.org\/es\/el-uso-de-la-energia-atomica-es-un-crimen-contra-cualquier-futuro-posible\/#primaryimage"},"thumbnailUrl":"https:\/\/exaudi.org\/wp-content\/uploads\/2023\/05\/cq5dam.thumbnail.cropped.750.422-13.jpeg","keywords":["Jap\u00f3n","La Cumbre del G7: Carta del Papa al Obispo de Hiroshima","Trending"],"articleSection":["Le\u00f3n XIV","Mensajes"],"inLanguage":"es"},{"@type":"WebPage","@id":"https:\/\/exaudi.org\/es\/el-uso-de-la-energia-atomica-es-un-crimen-contra-cualquier-futuro-posible\/","url":"https:\/\/exaudi.org\/es\/el-uso-de-la-energia-atomica-es-un-crimen-contra-cualquier-futuro-posible\/","name":"\u201cEl uso de la energ\u00eda at\u00f3mica es un crimen contra cualquier futuro posible\u201d &#8211; Exaudi","isPartOf":{"@id":"https:\/\/exaudi.org\/#website"},"primaryImageOfPage":{"@id":"https:\/\/exaudi.org\/es\/el-uso-de-la-energia-atomica-es-un-crimen-contra-cualquier-futuro-posible\/#primaryimage"},"image":{"@id":"https:\/\/exaudi.org\/es\/el-uso-de-la-energia-atomica-es-un-crimen-contra-cualquier-futuro-posible\/#primaryimage"},"thumbnailUrl":"https:\/\/exaudi.org\/wp-content\/uploads\/2023\/05\/cq5dam.thumbnail.cropped.750.422-13.jpeg","datePublished":"2023-05-21T07:32:50+00:00","dateModified":"2023-05-21T14:38:15+00:00","author":{"@id":"https:\/\/exaudi.org\/#\/schema\/person\/f5fc8f063065e38742da7afe15f25df7"},"breadcrumb":{"@id":"https:\/\/exaudi.org\/es\/el-uso-de-la-energia-atomica-es-un-crimen-contra-cualquier-futuro-posible\/#breadcrumb"},"inLanguage":"es","potentialAction":[{"@type":"ReadAction","target":["https:\/\/exaudi.org\/es\/el-uso-de-la-energia-atomica-es-un-crimen-contra-cualquier-futuro-posible\/"]}]},{"@type":"ImageObject","inLanguage":"es","@id":"https:\/\/exaudi.org\/es\/el-uso-de-la-energia-atomica-es-un-crimen-contra-cualquier-futuro-posible\/#primaryimage","url":"https:\/\/exaudi.org\/wp-content\/uploads\/2023\/05\/cq5dam.thumbnail.cropped.750.422-13.jpeg","contentUrl":"https:\/\/exaudi.org\/wp-content\/uploads\/2023\/05\/cq5dam.thumbnail.cropped.750.422-13.jpeg","width":750,"height":422,"caption":"Vatican Media"},{"@type":"BreadcrumbList","@id":"https:\/\/exaudi.org\/es\/el-uso-de-la-energia-atomica-es-un-crimen-contra-cualquier-futuro-posible\/#breadcrumb","itemListElement":[{"@type":"ListItem","position":1,"name":"Portada","item":"https:\/\/exaudi.org\/es\/"},{"@type":"ListItem","position":2,"name":"\u201cEl uso de la energ\u00eda at\u00f3mica es un crimen contra cualquier futuro posible\u201d"}]},{"@type":"WebSite","@id":"https:\/\/exaudi.org\/#website","url":"https:\/\/exaudi.org\/","name":"Exaudi","description":"News","potentialAction":[{"@type":"SearchAction","target":{"@type":"EntryPoint","urlTemplate":"https:\/\/exaudi.org\/?s={search_term_string}"},"query-input":{"@type":"PropertyValueSpecification","valueRequired":true,"valueName":"search_term_string"}}],"inLanguage":"es"},{"@type":"Person","@id":"https:\/\/exaudi.org\/#\/schema\/person\/f5fc8f063065e38742da7afe15f25df7","name":"Exaudi Redacci\u00f3n","image":{"@type":"ImageObject","inLanguage":"es","@id":"https:\/\/secure.gravatar.com\/avatar\/fe0f6a059fb68d9b3e11bc5850dd4899b1c7492091a3cb6dd9b01b56ad828be2?s=96&d=mm&r=g","url":"https:\/\/secure.gravatar.com\/avatar\/fe0f6a059fb68d9b3e11bc5850dd4899b1c7492091a3cb6dd9b01b56ad828be2?s=96&d=mm&r=g","contentUrl":"https:\/\/secure.gravatar.com\/avatar\/fe0f6a059fb68d9b3e11bc5850dd4899b1c7492091a3cb6dd9b01b56ad828be2?s=96&d=mm&r=g","caption":"Exaudi Redacci\u00f3n"},"description":"\u00bfQu\u00e9 es Exaudi News? Exaudi News es un medio de comunicaci\u00f3n cat\u00f3lico internacional que informa, forma y transforma, diariamente en espa\u00f1ol, ingl\u00e9s e italiano. A trav\u00e9s de noticias, art\u00edculos de an\u00e1lisis y transmisiones en directo de los eventos del Papa, Exaudi busca fortalecer la unidad de los cristianos y contribuir a la evangelizaci\u00f3n del mundo, siempre guiados por la doctrina social de la Iglesia. Trabajamos para acercar la verdad y los valores cristianos a cada rinc\u00f3n del planeta. \u00a1Ay\u00fadanos a transformar el mundo con Exaudi! En Exaudi creemos que la evangelizaci\u00f3n y la informaci\u00f3n de calidad pueden cambiar vidas. Para continuar con nuestra misi\u00f3n y expandir nuestro alcance, necesitamos tu ayuda. Adem\u00e1s, buscamos personas comprometidas que deseen unirse a nuestro equipo. Con tu apoyo, lograremos llegar a m\u00e1s personas, difundir el mensaje de Cristo y reforzar la unidad de los cristianos. \u00bfTe unes a nuestra misi\u00f3n? Para m\u00e1s informaci\u00f3n sobre c\u00f3mo colaborar, visita Exaudi.org\/es o cont\u00e1ctanos directamente: info@exaudi.org Exaudi: Informa, forma y transforma.","sameAs":["https:\/\/www.facebook.com\/ExaudiNoticias\/","https:\/\/www.instagram.com\/exaudi_noticias\/","https:\/\/x.com\/Exaudi_noticias","https:\/\/www.youtube.com\/@exaudicatholicnews"],"url":"https:\/\/exaudi.org\/es\/author\/redaccionexaudi\/"}]}},"jetpack_featured_media_url":"https:\/\/exaudi.org\/wp-content\/uploads\/2023\/05\/cq5dam.thumbnail.cropped.750.422-13.jpeg","jetpack_shortlink":"https:\/\/wp.me\/pgKjF2-jRC","_links":{"self":[{"href":"https:\/\/exaudi.org\/es\/wp-json\/wp\/v2\/posts\/76360","targetHints":{"allow":["GET"]}}],"collection":[{"href":"https:\/\/exaudi.org\/es\/wp-json\/wp\/v2\/posts"}],"about":[{"href":"https:\/\/exaudi.org\/es\/wp-json\/wp\/v2\/types\/post"}],"author":[{"embeddable":true,"href":"https:\/\/exaudi.org\/es\/wp-json\/wp\/v2\/users\/15"}],"replies":[{"embeddable":true,"href":"https:\/\/exaudi.org\/es\/wp-json\/wp\/v2\/comments?post=76360"}],"version-history":[{"count":0,"href":"https:\/\/exaudi.org\/es\/wp-json\/wp\/v2\/posts\/76360\/revisions"}],"wp:featuredmedia":[{"embeddable":true,"href":"https:\/\/exaudi.org\/es\/wp-json\/wp\/v2\/media\/76355"}],"wp:attachment":[{"href":"https:\/\/exaudi.org\/es\/wp-json\/wp\/v2\/media?parent=76360"}],"wp:term":[{"taxonomy":"category","embeddable":true,"href":"https:\/\/exaudi.org\/es\/wp-json\/wp\/v2\/categories?post=76360"},{"taxonomy":"post_tag","embeddable":true,"href":"https:\/\/exaudi.org\/es\/wp-json\/wp\/v2\/tags?post=76360"}],"curies":[{"name":"wp","href":"https:\/\/api.w.org\/{rel}","templated":true}]}}