{"id":76305,"date":"2023-05-19T16:19:54","date_gmt":"2023-05-19T14:19:54","guid":{"rendered":"https:\/\/exaudi.org\/?p=76305"},"modified":"2023-05-19T16:19:54","modified_gmt":"2023-05-19T14:19:54","slug":"vaticano-un-coche-fuerza-el-acceso-de-puerta-santa-ana","status":"publish","type":"post","link":"https:\/\/exaudi.org\/es\/vaticano-un-coche-fuerza-el-acceso-de-puerta-santa-ana\/","title":{"rendered":"Vaticano, un coche fuerza el acceso de Puerta Santa Ana"},"content":{"rendered":"<audio class=\"wp-audio-shortcode\" id=\"audio-76305-1\" preload=\"none\" style=\"width: 100%;\" controls=\"controls\"><source type=\"audio\/mpeg\" src=\"https:\/\/exaudi.org\/wp-content\/uploads\/2023\/05\/Vaticano-un-coche-fuerza-el-acceso-de-Puerta.mp3?_=1\" \/><a href=\"https:\/\/exaudi.org\/wp-content\/uploads\/2023\/05\/Vaticano-un-coche-fuerza-el-acceso-de-Puerta.mp3\">https:\/\/exaudi.org\/wp-content\/uploads\/2023\/05\/Vaticano-un-coche-fuerza-el-acceso-de-Puerta.mp3<\/a><\/audio>\n<p>Un hombre que conduc\u00eda un coche forz\u00f3 el acceso por la puerta de Santa Ana en el Vaticano y se dirigi\u00f3 al Patio de San D\u00e1maso, donde fue detenido y bloqueado por los gendarmes. Ocurri\u00f3 en la tarde del 18 de mayo. Lo anunci\u00f3 la Oficina de Prensa del Vaticano, que explica que \u00abpasadas las 20 horas, un coche alcanz\u00f3 la entrada de Santa Ana del Vaticano.\u00a0\u00a0Haciendo caso omiso de las instrucciones que le fueron dadas por el Cuerpo de la Guardia Suiza Pontificia, que le imped\u00eda entrar en el Estado sin las relativas autorizaciones, sali\u00f3 temporalmente de la entrada y, tras maniobrar, volvi\u00f3 a entrar a gran velocidad, forzando los dos pasajes de control, de la Guardia Suiza y del Cuerpo de Gendarmer\u00eda del Estado de la Ciudad del Vaticano\u00bb.<\/p>\n<p>\u00abEn un intento de detener el coche -contin\u00faa el comunicado de la Oficina de Prensa-, el inspector de la Gendarmer\u00eda, que custodiaba el acceso, efectu\u00f3 un disparo de pistola en direcci\u00f3n a los neum\u00e1ticos delanteros del veh\u00edculo. Aunque alcanz\u00f3 al veh\u00edculo en el guardabarros delantero izquierdo, el coche sigui\u00f3 su camino. Como el c\u00f3digo de alarma se difundi\u00f3 r\u00e1pidamente por radio, el guardia cerr\u00f3 la Puerta de la Casa de la Moneda, que permite el acceso a la parte trasera de la Bas\u00edlica de San Pedro, los Jardines Vaticanos y la Plaza Santa Marta\u00bb.<\/p>\n<p>Mientras tanto, el coche lleg\u00f3 al Patio de San D\u00e1maso: \u00abEl conductor baj\u00f3 de forma aut\u00f3noma y fue bloqueado y puesto bajo arresto por el Cuerpo de Gendarmer\u00eda\u00bb, explica la nota. \u00abEl hombre, de unos 40 a\u00f1os, fue examinado inmediatamente por m\u00e9dicos de la Direcci\u00f3n de Salud e Higiene del Estado de la Ciudad del Vaticano, que constataron un grave estado de alteraci\u00f3n psicof\u00edsica\u00bb. El hombre \u00abse encuentra actualmente en una celda de detenci\u00f3n en los nuevos locales del Cuartel de la Gendarmer\u00eda, a disposici\u00f3n de la Autoridad Judicial\u00bb.<\/p>\n","protected":false},"excerpt":{"rendered":"<p>Detenido hombre de 40 a\u00f1os<\/p>\n","protected":false},"author":15,"featured_media":76306,"comment_status":"closed","ping_status":"closed","sticky":false,"template":"","format":"standard","meta":{"_acf_changed":false,"_crdt_document":"","inline_featured_image":false,"footnotes":""},"categories":[132],"tags":[9209,9208,4953,272],"class_list":["post-76305","post","type-post","status-publish","format-standard","has-post-thumbnail","hentry","category-vaticano-es","tag-gendarmeria-2","tag-puerta-de-santa-ana","tag-trending-es","tag-vaticano-es"],"acf":[],"yoast_head":"<!-- This site is optimized with the Yoast SEO plugin v27.5 - https:\/\/yoast.com\/product\/yoast-seo-wordpress\/ -->\n<title>Vaticano, un coche fuerza el acceso de Puerta Santa Ana &#8211; Exaudi<\/title>\n<meta name=\"robots\" content=\"index, follow, max-snippet:-1, max-image-preview:large, max-video-preview:-1\" \/>\n<link rel=\"canonical\" href=\"https:\/\/exaudi.org\/es\/vaticano-un-coche-fuerza-el-acceso-de-puerta-santa-ana\/\" \/>\n<meta property=\"og:locale\" content=\"es_ES\" \/>\n<meta property=\"og:type\" content=\"article\" \/>\n<meta property=\"og:title\" content=\"Vaticano, un coche fuerza el acceso de Puerta Santa Ana &#8211; Exaudi\" \/>\n<meta property=\"og:description\" content=\"Detenido hombre de 40 a\u00f1os\" \/>\n<meta property=\"og:url\" content=\"https:\/\/exaudi.org\/es\/vaticano-un-coche-fuerza-el-acceso-de-puerta-santa-ana\/\" \/>\n<meta property=\"og:site_name\" content=\"Exaudi\" \/>\n<meta property=\"article:publisher\" content=\"https:\/\/www.facebook.com\/ExaudiNews\" \/>\n<meta property=\"article:author\" content=\"https:\/\/www.facebook.com\/ExaudiNoticias\/\" \/>\n<meta property=\"article:published_time\" content=\"2023-05-19T14:19:54+00:00\" \/>\n<meta property=\"og:image\" content=\"https:\/\/exaudi.org\/wp-content\/uploads\/2023\/05\/cq5dam.thumbnail.cropped.750.422-11.jpeg\" \/>\n\t<meta property=\"og:image:width\" content=\"750\" \/>\n\t<meta property=\"og:image:height\" content=\"422\" \/>\n\t<meta property=\"og:image:type\" content=\"image\/jpeg\" \/>\n<meta name=\"author\" content=\"Exaudi Redacci\u00f3n\" \/>\n<meta name=\"twitter:card\" content=\"summary_large_image\" \/>\n<meta name=\"twitter:creator\" content=\"@Exaudi_noticias\" \/>\n<meta name=\"twitter:site\" content=\"@Exaudi_News\" \/>\n<meta name=\"twitter:label1\" content=\"Escrito por\" \/>\n\t<meta name=\"twitter:data1\" content=\"Exaudi Redacci\u00f3n\" \/>\n\t<meta name=\"twitter:label2\" content=\"Tiempo de lectura\" \/>\n\t<meta name=\"twitter:data2\" content=\"2 minutos\" \/>\n<script type=\"application\/ld+json\" class=\"yoast-schema-graph\">{\"@context\":\"https:\\\/\\\/schema.org\",\"@graph\":[{\"@type\":\"Article\",\"@id\":\"https:\\\/\\\/exaudi.org\\\/es\\\/vaticano-un-coche-fuerza-el-acceso-de-puerta-santa-ana\\\/#article\",\"isPartOf\":{\"@id\":\"https:\\\/\\\/exaudi.org\\\/es\\\/vaticano-un-coche-fuerza-el-acceso-de-puerta-santa-ana\\\/\"},\"author\":{\"name\":\"Exaudi Redacci\u00f3n\",\"@id\":\"https:\\\/\\\/exaudi.org\\\/#\\\/schema\\\/person\\\/f5fc8f063065e38742da7afe15f25df7\"},\"headline\":\"Vaticano, un coche fuerza el acceso de Puerta Santa Ana\",\"datePublished\":\"2023-05-19T14:19:54+00:00\",\"mainEntityOfPage\":{\"@id\":\"https:\\\/\\\/exaudi.org\\\/es\\\/vaticano-un-coche-fuerza-el-acceso-de-puerta-santa-ana\\\/\"},\"wordCount\":356,\"image\":{\"@id\":\"https:\\\/\\\/exaudi.org\\\/es\\\/vaticano-un-coche-fuerza-el-acceso-de-puerta-santa-ana\\\/#primaryimage\"},\"thumbnailUrl\":\"https:\\\/\\\/exaudi.org\\\/wp-content\\\/uploads\\\/2023\\\/05\\\/cq5dam.thumbnail.cropped.750.422-11.jpeg\",\"keywords\":[\"Gendarmer\u00eda\",\"Puerta de Santa Ana\",\"Trending\",\"Vaticano\"],\"articleSection\":[\"Vaticano\"],\"inLanguage\":\"es\"},{\"@type\":\"WebPage\",\"@id\":\"https:\\\/\\\/exaudi.org\\\/es\\\/vaticano-un-coche-fuerza-el-acceso-de-puerta-santa-ana\\\/\",\"url\":\"https:\\\/\\\/exaudi.org\\\/es\\\/vaticano-un-coche-fuerza-el-acceso-de-puerta-santa-ana\\\/\",\"name\":\"Vaticano, un coche fuerza el acceso de Puerta Santa Ana &#8211; Exaudi\",\"isPartOf\":{\"@id\":\"https:\\\/\\\/exaudi.org\\\/#website\"},\"primaryImageOfPage\":{\"@id\":\"https:\\\/\\\/exaudi.org\\\/es\\\/vaticano-un-coche-fuerza-el-acceso-de-puerta-santa-ana\\\/#primaryimage\"},\"image\":{\"@id\":\"https:\\\/\\\/exaudi.org\\\/es\\\/vaticano-un-coche-fuerza-el-acceso-de-puerta-santa-ana\\\/#primaryimage\"},\"thumbnailUrl\":\"https:\\\/\\\/exaudi.org\\\/wp-content\\\/uploads\\\/2023\\\/05\\\/cq5dam.thumbnail.cropped.750.422-11.jpeg\",\"datePublished\":\"2023-05-19T14:19:54+00:00\",\"author\":{\"@id\":\"https:\\\/\\\/exaudi.org\\\/#\\\/schema\\\/person\\\/f5fc8f063065e38742da7afe15f25df7\"},\"breadcrumb\":{\"@id\":\"https:\\\/\\\/exaudi.org\\\/es\\\/vaticano-un-coche-fuerza-el-acceso-de-puerta-santa-ana\\\/#breadcrumb\"},\"inLanguage\":\"es\",\"potentialAction\":[{\"@type\":\"ReadAction\",\"target\":[\"https:\\\/\\\/exaudi.org\\\/es\\\/vaticano-un-coche-fuerza-el-acceso-de-puerta-santa-ana\\\/\"]}]},{\"@type\":\"ImageObject\",\"inLanguage\":\"es\",\"@id\":\"https:\\\/\\\/exaudi.org\\\/es\\\/vaticano-un-coche-fuerza-el-acceso-de-puerta-santa-ana\\\/#primaryimage\",\"url\":\"https:\\\/\\\/exaudi.org\\\/wp-content\\\/uploads\\\/2023\\\/05\\\/cq5dam.thumbnail.cropped.750.422-11.jpeg\",\"contentUrl\":\"https:\\\/\\\/exaudi.org\\\/wp-content\\\/uploads\\\/2023\\\/05\\\/cq5dam.thumbnail.cropped.750.422-11.jpeg\",\"width\":750,\"height\":422,\"caption\":\"(C) Vatican Media\"},{\"@type\":\"BreadcrumbList\",\"@id\":\"https:\\\/\\\/exaudi.org\\\/es\\\/vaticano-un-coche-fuerza-el-acceso-de-puerta-santa-ana\\\/#breadcrumb\",\"itemListElement\":[{\"@type\":\"ListItem\",\"position\":1,\"name\":\"Portada\",\"item\":\"https:\\\/\\\/exaudi.org\\\/es\\\/\"},{\"@type\":\"ListItem\",\"position\":2,\"name\":\"Vaticano, un coche fuerza el acceso de Puerta Santa Ana\"}]},{\"@type\":\"WebSite\",\"@id\":\"https:\\\/\\\/exaudi.org\\\/#website\",\"url\":\"https:\\\/\\\/exaudi.org\\\/\",\"name\":\"Exaudi\",\"description\":\"News\",\"potentialAction\":[{\"@type\":\"SearchAction\",\"target\":{\"@type\":\"EntryPoint\",\"urlTemplate\":\"https:\\\/\\\/exaudi.org\\\/?s={search_term_string}\"},\"query-input\":{\"@type\":\"PropertyValueSpecification\",\"valueRequired\":true,\"valueName\":\"search_term_string\"}}],\"inLanguage\":\"es\"},{\"@type\":\"Person\",\"@id\":\"https:\\\/\\\/exaudi.org\\\/#\\\/schema\\\/person\\\/f5fc8f063065e38742da7afe15f25df7\",\"name\":\"Exaudi Redacci\u00f3n\",\"image\":{\"@type\":\"ImageObject\",\"inLanguage\":\"es\",\"@id\":\"https:\\\/\\\/secure.gravatar.com\\\/avatar\\\/fe0f6a059fb68d9b3e11bc5850dd4899b1c7492091a3cb6dd9b01b56ad828be2?s=96&d=mm&r=g\",\"url\":\"https:\\\/\\\/secure.gravatar.com\\\/avatar\\\/fe0f6a059fb68d9b3e11bc5850dd4899b1c7492091a3cb6dd9b01b56ad828be2?s=96&d=mm&r=g\",\"contentUrl\":\"https:\\\/\\\/secure.gravatar.com\\\/avatar\\\/fe0f6a059fb68d9b3e11bc5850dd4899b1c7492091a3cb6dd9b01b56ad828be2?s=96&d=mm&r=g\",\"caption\":\"Exaudi Redacci\u00f3n\"},\"description\":\"\u00bfQu\u00e9 es Exaudi News? Exaudi News es un medio de comunicaci\u00f3n cat\u00f3lico internacional que informa, forma y transforma, diariamente en espa\u00f1ol, ingl\u00e9s e italiano. A trav\u00e9s de noticias, art\u00edculos de an\u00e1lisis y transmisiones en directo de los eventos del Papa, Exaudi busca fortalecer la unidad de los cristianos y contribuir a la evangelizaci\u00f3n del mundo, siempre guiados por la doctrina social de la Iglesia. Trabajamos para acercar la verdad y los valores cristianos a cada rinc\u00f3n del planeta. \u00a1Ay\u00fadanos a transformar el mundo con Exaudi! En Exaudi creemos que la evangelizaci\u00f3n y la informaci\u00f3n de calidad pueden cambiar vidas. Para continuar con nuestra misi\u00f3n y expandir nuestro alcance, necesitamos tu ayuda. Adem\u00e1s, buscamos personas comprometidas que deseen unirse a nuestro equipo. Con tu apoyo, lograremos llegar a m\u00e1s personas, difundir el mensaje de Cristo y reforzar la unidad de los cristianos. \u00bfTe unes a nuestra misi\u00f3n? Para m\u00e1s informaci\u00f3n sobre c\u00f3mo colaborar, visita Exaudi.org\\\/es o cont\u00e1ctanos directamente: info@exaudi.org Exaudi: Informa, forma y transforma.\",\"sameAs\":[\"https:\\\/\\\/www.facebook.com\\\/ExaudiNoticias\\\/\",\"https:\\\/\\\/www.instagram.com\\\/exaudi_noticias\\\/\",\"https:\\\/\\\/x.com\\\/Exaudi_noticias\",\"https:\\\/\\\/www.youtube.com\\\/@exaudicatholicnews\"],\"url\":\"https:\\\/\\\/exaudi.org\\\/es\\\/author\\\/redaccionexaudi\\\/\"}]}<\/script>\n<!-- \/ Yoast SEO plugin. -->","yoast_head_json":{"title":"Vaticano, un coche fuerza el acceso de Puerta Santa Ana &#8211; Exaudi","robots":{"index":"index","follow":"follow","max-snippet":"max-snippet:-1","max-image-preview":"max-image-preview:large","max-video-preview":"max-video-preview:-1"},"canonical":"https:\/\/exaudi.org\/es\/vaticano-un-coche-fuerza-el-acceso-de-puerta-santa-ana\/","og_locale":"es_ES","og_type":"article","og_title":"Vaticano, un coche fuerza el acceso de Puerta Santa Ana &#8211; Exaudi","og_description":"Detenido hombre de 40 a\u00f1os","og_url":"https:\/\/exaudi.org\/es\/vaticano-un-coche-fuerza-el-acceso-de-puerta-santa-ana\/","og_site_name":"Exaudi","article_publisher":"https:\/\/www.facebook.com\/ExaudiNews","article_author":"https:\/\/www.facebook.com\/ExaudiNoticias\/","article_published_time":"2023-05-19T14:19:54+00:00","og_image":[{"width":750,"height":422,"url":"https:\/\/exaudi.org\/wp-content\/uploads\/2023\/05\/cq5dam.thumbnail.cropped.750.422-11.jpeg","type":"image\/jpeg"}],"author":"Exaudi Redacci\u00f3n","twitter_card":"summary_large_image","twitter_creator":"@Exaudi_noticias","twitter_site":"@Exaudi_News","twitter_misc":{"Escrito por":"Exaudi Redacci\u00f3n","Tiempo de lectura":"2 minutos"},"schema":{"@context":"https:\/\/schema.org","@graph":[{"@type":"Article","@id":"https:\/\/exaudi.org\/es\/vaticano-un-coche-fuerza-el-acceso-de-puerta-santa-ana\/#article","isPartOf":{"@id":"https:\/\/exaudi.org\/es\/vaticano-un-coche-fuerza-el-acceso-de-puerta-santa-ana\/"},"author":{"name":"Exaudi Redacci\u00f3n","@id":"https:\/\/exaudi.org\/#\/schema\/person\/f5fc8f063065e38742da7afe15f25df7"},"headline":"Vaticano, un coche fuerza el acceso de Puerta Santa Ana","datePublished":"2023-05-19T14:19:54+00:00","mainEntityOfPage":{"@id":"https:\/\/exaudi.org\/es\/vaticano-un-coche-fuerza-el-acceso-de-puerta-santa-ana\/"},"wordCount":356,"image":{"@id":"https:\/\/exaudi.org\/es\/vaticano-un-coche-fuerza-el-acceso-de-puerta-santa-ana\/#primaryimage"},"thumbnailUrl":"https:\/\/exaudi.org\/wp-content\/uploads\/2023\/05\/cq5dam.thumbnail.cropped.750.422-11.jpeg","keywords":["Gendarmer\u00eda","Puerta de Santa Ana","Trending","Vaticano"],"articleSection":["Vaticano"],"inLanguage":"es"},{"@type":"WebPage","@id":"https:\/\/exaudi.org\/es\/vaticano-un-coche-fuerza-el-acceso-de-puerta-santa-ana\/","url":"https:\/\/exaudi.org\/es\/vaticano-un-coche-fuerza-el-acceso-de-puerta-santa-ana\/","name":"Vaticano, un coche fuerza el acceso de Puerta Santa Ana &#8211; Exaudi","isPartOf":{"@id":"https:\/\/exaudi.org\/#website"},"primaryImageOfPage":{"@id":"https:\/\/exaudi.org\/es\/vaticano-un-coche-fuerza-el-acceso-de-puerta-santa-ana\/#primaryimage"},"image":{"@id":"https:\/\/exaudi.org\/es\/vaticano-un-coche-fuerza-el-acceso-de-puerta-santa-ana\/#primaryimage"},"thumbnailUrl":"https:\/\/exaudi.org\/wp-content\/uploads\/2023\/05\/cq5dam.thumbnail.cropped.750.422-11.jpeg","datePublished":"2023-05-19T14:19:54+00:00","author":{"@id":"https:\/\/exaudi.org\/#\/schema\/person\/f5fc8f063065e38742da7afe15f25df7"},"breadcrumb":{"@id":"https:\/\/exaudi.org\/es\/vaticano-un-coche-fuerza-el-acceso-de-puerta-santa-ana\/#breadcrumb"},"inLanguage":"es","potentialAction":[{"@type":"ReadAction","target":["https:\/\/exaudi.org\/es\/vaticano-un-coche-fuerza-el-acceso-de-puerta-santa-ana\/"]}]},{"@type":"ImageObject","inLanguage":"es","@id":"https:\/\/exaudi.org\/es\/vaticano-un-coche-fuerza-el-acceso-de-puerta-santa-ana\/#primaryimage","url":"https:\/\/exaudi.org\/wp-content\/uploads\/2023\/05\/cq5dam.thumbnail.cropped.750.422-11.jpeg","contentUrl":"https:\/\/exaudi.org\/wp-content\/uploads\/2023\/05\/cq5dam.thumbnail.cropped.750.422-11.jpeg","width":750,"height":422,"caption":"(C) Vatican Media"},{"@type":"BreadcrumbList","@id":"https:\/\/exaudi.org\/es\/vaticano-un-coche-fuerza-el-acceso-de-puerta-santa-ana\/#breadcrumb","itemListElement":[{"@type":"ListItem","position":1,"name":"Portada","item":"https:\/\/exaudi.org\/es\/"},{"@type":"ListItem","position":2,"name":"Vaticano, un coche fuerza el acceso de Puerta Santa Ana"}]},{"@type":"WebSite","@id":"https:\/\/exaudi.org\/#website","url":"https:\/\/exaudi.org\/","name":"Exaudi","description":"News","potentialAction":[{"@type":"SearchAction","target":{"@type":"EntryPoint","urlTemplate":"https:\/\/exaudi.org\/?s={search_term_string}"},"query-input":{"@type":"PropertyValueSpecification","valueRequired":true,"valueName":"search_term_string"}}],"inLanguage":"es"},{"@type":"Person","@id":"https:\/\/exaudi.org\/#\/schema\/person\/f5fc8f063065e38742da7afe15f25df7","name":"Exaudi Redacci\u00f3n","image":{"@type":"ImageObject","inLanguage":"es","@id":"https:\/\/secure.gravatar.com\/avatar\/fe0f6a059fb68d9b3e11bc5850dd4899b1c7492091a3cb6dd9b01b56ad828be2?s=96&d=mm&r=g","url":"https:\/\/secure.gravatar.com\/avatar\/fe0f6a059fb68d9b3e11bc5850dd4899b1c7492091a3cb6dd9b01b56ad828be2?s=96&d=mm&r=g","contentUrl":"https:\/\/secure.gravatar.com\/avatar\/fe0f6a059fb68d9b3e11bc5850dd4899b1c7492091a3cb6dd9b01b56ad828be2?s=96&d=mm&r=g","caption":"Exaudi Redacci\u00f3n"},"description":"\u00bfQu\u00e9 es Exaudi News? Exaudi News es un medio de comunicaci\u00f3n cat\u00f3lico internacional que informa, forma y transforma, diariamente en espa\u00f1ol, ingl\u00e9s e italiano. A trav\u00e9s de noticias, art\u00edculos de an\u00e1lisis y transmisiones en directo de los eventos del Papa, Exaudi busca fortalecer la unidad de los cristianos y contribuir a la evangelizaci\u00f3n del mundo, siempre guiados por la doctrina social de la Iglesia. Trabajamos para acercar la verdad y los valores cristianos a cada rinc\u00f3n del planeta. \u00a1Ay\u00fadanos a transformar el mundo con Exaudi! En Exaudi creemos que la evangelizaci\u00f3n y la informaci\u00f3n de calidad pueden cambiar vidas. Para continuar con nuestra misi\u00f3n y expandir nuestro alcance, necesitamos tu ayuda. Adem\u00e1s, buscamos personas comprometidas que deseen unirse a nuestro equipo. Con tu apoyo, lograremos llegar a m\u00e1s personas, difundir el mensaje de Cristo y reforzar la unidad de los cristianos. \u00bfTe unes a nuestra misi\u00f3n? Para m\u00e1s informaci\u00f3n sobre c\u00f3mo colaborar, visita Exaudi.org\/es o cont\u00e1ctanos directamente: info@exaudi.org Exaudi: Informa, forma y transforma.","sameAs":["https:\/\/www.facebook.com\/ExaudiNoticias\/","https:\/\/www.instagram.com\/exaudi_noticias\/","https:\/\/x.com\/Exaudi_noticias","https:\/\/www.youtube.com\/@exaudicatholicnews"],"url":"https:\/\/exaudi.org\/es\/author\/redaccionexaudi\/"}]}},"jetpack_featured_media_url":"https:\/\/exaudi.org\/wp-content\/uploads\/2023\/05\/cq5dam.thumbnail.cropped.750.422-11.jpeg","jetpack_shortlink":"https:\/\/wp.me\/pgKjF2-jQJ","_links":{"self":[{"href":"https:\/\/exaudi.org\/es\/wp-json\/wp\/v2\/posts\/76305","targetHints":{"allow":["GET"]}}],"collection":[{"href":"https:\/\/exaudi.org\/es\/wp-json\/wp\/v2\/posts"}],"about":[{"href":"https:\/\/exaudi.org\/es\/wp-json\/wp\/v2\/types\/post"}],"author":[{"embeddable":true,"href":"https:\/\/exaudi.org\/es\/wp-json\/wp\/v2\/users\/15"}],"replies":[{"embeddable":true,"href":"https:\/\/exaudi.org\/es\/wp-json\/wp\/v2\/comments?post=76305"}],"version-history":[{"count":0,"href":"https:\/\/exaudi.org\/es\/wp-json\/wp\/v2\/posts\/76305\/revisions"}],"wp:featuredmedia":[{"embeddable":true,"href":"https:\/\/exaudi.org\/es\/wp-json\/wp\/v2\/media\/76306"}],"wp:attachment":[{"href":"https:\/\/exaudi.org\/es\/wp-json\/wp\/v2\/media?parent=76305"}],"wp:term":[{"taxonomy":"category","embeddable":true,"href":"https:\/\/exaudi.org\/es\/wp-json\/wp\/v2\/categories?post=76305"},{"taxonomy":"post_tag","embeddable":true,"href":"https:\/\/exaudi.org\/es\/wp-json\/wp\/v2\/tags?post=76305"}],"curies":[{"name":"wp","href":"https:\/\/api.w.org\/{rel}","templated":true}]}}