{"id":76280,"date":"2023-05-19T09:49:30","date_gmt":"2023-05-19T07:49:30","guid":{"rendered":"https:\/\/exaudi.org\/?p=76280"},"modified":"2023-05-19T10:16:20","modified_gmt":"2023-05-19T08:16:20","slug":"el-despertar-de-la-vocacion-de-la-mujer","status":"publish","type":"post","link":"https:\/\/exaudi.org\/es\/el-despertar-de-la-vocacion-de-la-mujer\/","title":{"rendered":"El despertar de la vocaci\u00f3n de la mujer"},"content":{"rendered":"<audio class=\"wp-audio-shortcode\" id=\"audio-76280-1\" preload=\"none\" style=\"width: 100%;\" controls=\"controls\"><source type=\"audio\/mpeg\" src=\"https:\/\/exaudi.org\/wp-content\/uploads\/2023\/05\/El-despertar-de-la-vocacion-de-la-mujer-La-hora.mp3?_=1\" \/><a href=\"https:\/\/exaudi.org\/wp-content\/uploads\/2023\/05\/El-despertar-de-la-vocacion-de-la-mujer-La-hora.mp3\">https:\/\/exaudi.org\/wp-content\/uploads\/2023\/05\/El-despertar-de-la-vocacion-de-la-mujer-La-hora.mp3<\/a><\/audio>\n<p>Al iniciar esta columna una de las primeros textos de la Carta Apost\u00f3lica <a href=\"https:\/\/exaudi.org\/es\/mulieris-dignitatem\/\" target=\"_blank\" rel=\"noopener\">Mulieris Dignitatem<\/a>, que me impacta es: <em>\u201c<\/em><em>Llega la hora, ha llegado la hora en que la vocaci\u00f3n de la mujer se cumple en plenitud, la hora en que la mujer adquiere en el mundo una influencia, un peso, un poder jam<\/em><em>\u00e1<\/em><em>s alcanzados hasta ahora. Por eso, en este momento en que la humanidad conoce una mutaci\u00f3n tan profunda, las mujeres llenas del esp<\/em><em>\u00ed<\/em><em>ritu del Evangelio pueden ayudar tanto a que la humanidad no decaiga<\/em><em>\u00bb\u201d<\/em><em>.<\/em> Me impacta este texto, porque siento que, desde hace muchos a\u00f1os, siglos\u2026. la mujer ha luchado y sufrido por lograr que se reconozca su dignidad y sus capacidades.<\/p>\n<p>Menciono grandes mujeres que han sido ejemplos dignos de imitar, como: Rosa Vassallo de Bergoglio, Teresa de los Andes, Laura Montoya, Teresa de Calcuta, Barbara Ward, Gabriela Mistral, Edith Stein, Violeta Chamorro, Marguerite Barankitse, Chiara Lubich, Carmen Hern\u00e1ndez, Conchita Cabrera\u2026. Otra parte de la Carta Apost\u00f3lica que me dice mucho\u2026 \u201c<em>Nada es imposible para Dios<\/em><em>\u201d <\/em><em>El Esp<\/em><em>\u00ed<\/em><em>ritu Santo vendr<\/em><em>\u00e1 <\/em><em>sobre ti y el poder del Alt<\/em><em>\u00ed<\/em><em>simo te cubrir<\/em><em>\u00e1 <\/em><em>con su sombra; por eso el que ha de nacer ser<\/em><em>\u00e1 <\/em><em>santo y ser<\/em><em>\u00e1 <\/em><em>llamado Hijo de Dios (&#8230;) ninguna cosa es imposible para Dios<\/em><em>\u00bb<\/em><em>\u201d<\/em> (Lc 1, 31. 37).<\/p>\n<p>Nada es imposible para Dios y lo vemos en el acto solemne de elegir una Madre para su hijo, Teotokos. La Madre de Dios, este es el punto culminante que toda mujer sabe reconocer en Mar\u00eda, la perfecci\u00f3n de ella es la Dignidad y la Vocaci\u00f3n de todas las mujeres.<\/p>\n<p>\u201cHa hecho en mi Maravillas el Poderoso\u201d, este gran descubrimiento que hace Mar\u00eda, del don de su femineidad es el gran desaf\u00edo que tenemos y poseemos todas las mujeres, \u201cla entrega sincera de s\u00ed\u201d.<\/p>\n<p>Mar\u00eda, es el modelo extraordinario que tenemos las mujeres y es nuestra pauta para seguir. Ella nos inspira valores como la fidelidad, la entrega incondicional, la valent\u00eda, la generosidad, la sencillez y nos anima con su capacidad de liderazgo. (reuni\u00f3 a los ap\u00f3stoles cuando estaban temerosos por la muerte de Jes\u00fas), (Hechos 1,12-14).<\/p>\n<p>En el documento queda de manifiesto la relaci\u00f3n de las mujeres con Jes\u00fas, ellas fueron las primeras en llegar al sepulcro, las primeras que lo encuentran vac\u00edo, las primeras que oyen: \u00abNo est\u00e1 aqu\u00ed, ha resucitado como lo hab\u00eda anunciado\u00bb (Mt 28, 6). Son las primeras en abrazarle los pies (cf. Mt 28, 9). Son igualmente las primeras en ser llamadas a anunciar esta verdad a los ap\u00f3stoles (cf. Mt 28, 1-10; Lc 24, 8-11). \u00a0Jes\u00fas nos deja claramente un mensaje a todas las mujeres, que tengamos participaci\u00f3n en todos los \u00e1mbitos de la VIDA.<\/p>\n<p><strong>Superando los prejuicios y estereotipos culturales<\/strong><\/p>\n<p>Estas afirmaciones que hace San Juan Pablo II en su Carta Apost\u00f3lica y que me han impactado positivamente, son una excelente motivaci\u00f3n para unirme a los esfuerzos de la Iglesia por rescatar la Dignidad y la Vocaci\u00f3n de la mujer y liberarla de todo el menosprecio del que ha sido v\u00edctima por siglos.<\/p>\n<p>En la historia de la humanidad se ha desconocido el tremendo aporte que ha hecho la mujer, se ha silenciado su figura y por una deformaci\u00f3n cultural, se le ha responsabilizado de los males del mundo y del pecado cometido por los hombres, como lo podemos ver en el G\u00e9nesis. En efecto, cuando Dios le pregunta a Ad\u00e1n por lo que ha hecho, \u00e9l responsabiliza a Eva, como lo vemos en el siguiente di\u00e1logo \u201cEl Se\u00f1or Dios le pregunt\u00f3: \u00bfQui\u00e9n te hizo saber que estabas desnudo? \u00bfacaso has comido del \u00e1rbol del que te prohib\u00ed comer? Respondi\u00f3 el hombre: La mujer que me diste de compa\u00f1era me ofreci\u00f3 el fruto del \u00e1rbol y com\u00ed\u201d ( Gn 3, 11-12 ). En otro pasaje de la Biblia, en el libro de los jueces, se presenta la historia de Sans\u00f3n, qui\u00e9n es apresado por los filisteos a causa de haber sido traicionado por Dalila, su mujer. Estos acontecimientos as\u00ed relatados dan cuenta de todo un entorno cultural, del que el autor sagrado no pod\u00eda abstraerse, que presentan como recurrentes estos hechos que dejan en un muy mal pie a la mujer. Avanzando en el tiempo, inclusive en la Iglesia se preguntaban si la mujer tendr\u00eda alma y reci\u00e9n en el siglo IV, se afirm\u00f3 que s\u00ed la mujer ten\u00eda alma. En la Edad Media, muchos te\u00f3logos (todos hombres) se preguntaban si la mujer era un ser humano o m\u00e1s bien era un ser inferior. La historia y por lo tanto tambi\u00e9n nuestra Madre Iglesia deben hacerse cargo de tantos perjuicios causados a la mujer.<\/p>\n<p><strong>Compromiso por la Dignidad de la Mujer<\/strong><\/p>\n<p>Es por lo dicho anteriormente que valoro tanto la Carta Apost\u00f3lica \u201c<a href=\"https:\/\/exaudi.org\/es\/mulieris-dignitatem\/\" target=\"_blank\" rel=\"noopener\">Mulieris Dignitatem<\/a>\u201c, porque como contrapartida su autor, en una reflexi\u00f3n l\u00facida y profunda coloca a la mujer en el lugar que Cristo le dio en sus encuentros con todas ellas, seg\u00fan relatan los Evangelios. Encuentros en los que Cristo las trat\u00f3 no solo con respeto, sino tambi\u00e9n con cari\u00f1o y compasi\u00f3n libr\u00e1ndolas de la opresi\u00f3n de la ley que los hombres esgrim\u00edan para acusarlas y condenarlas, como relata el episodio de la mujer ad\u00faltera.<\/p>\n<p>Valoro mucho la historia de tantas mujeres que han vivido con dignidad y valent\u00eda su femineidad.<\/p>\n<p>Todo lo dicho anteriormente me motiva para comprometerme y entregarme a la causa de trabajar por la Dignidad de la Mujer, revalorando sus aportes, transmitiendo sus testimonios y difundiendo las ense\u00f1anzas del actual Magisterio de la Iglesia como una buena noticia que presenta a la mujer en todo su esplendor y\u00a0 plenitud teniendo a la Virgen Mar\u00eda como modelo a ser imitado, en su entrega, en su valent\u00eda y en su decisi\u00f3n de ser la primera disc\u00edpula de Jes\u00fas, su Hijo y nuestro Dios.<\/p>\n<p><em>Blanca Mu\u00f1oz V\u00e1squez<\/em><\/p>\n<p><em>Representante de <a href=\"https:\/\/familiasmundi.org\/\" target=\"_blank\" rel=\"noopener\">Familias Mundi<\/a> en Chile y alumna de la <a href=\"https:\/\/liderescatolicos.es\/\" target=\"_blank\" rel=\"noopener\">Academia Latinoamericana de L\u00edderes Cat\u00f3licos<\/a><\/em><\/p>\n<p><img loading=\"lazy\" decoding=\"async\" class=\"size-full wp-image-76287 aligncenter\" src=\"https:\/\/exaudi.org\/wp-content\/uploads\/2023\/05\/Post-Instagram-Musica-en-directo.jpg\" alt=\"\" width=\"1080\" height=\"1080\" srcset=\"https:\/\/exaudi.org\/wp-content\/uploads\/2023\/05\/Post-Instagram-Musica-en-directo.jpg 1080w, https:\/\/exaudi.org\/wp-content\/uploads\/2023\/05\/Post-Instagram-Musica-en-directo-300x300.jpg 300w, https:\/\/exaudi.org\/wp-content\/uploads\/2023\/05\/Post-Instagram-Musica-en-directo-1024x1024.jpg 1024w, https:\/\/exaudi.org\/wp-content\/uploads\/2023\/05\/Post-Instagram-Musica-en-directo-100x100.jpg?crop=1 100w, https:\/\/exaudi.org\/wp-content\/uploads\/2023\/05\/Post-Instagram-Musica-en-directo-770x770.jpg 770w, https:\/\/exaudi.org\/wp-content\/uploads\/2023\/05\/Post-Instagram-Musica-en-directo-500x500.jpg 500w, https:\/\/exaudi.org\/wp-content\/uploads\/2023\/05\/Post-Instagram-Musica-en-directo-293x293.jpg 293w, https:\/\/exaudi.org\/wp-content\/uploads\/2023\/05\/Post-Instagram-Musica-en-directo-390x390.jpg 390w, https:\/\/exaudi.org\/wp-content\/uploads\/2023\/05\/Post-Instagram-Musica-en-directo-585x585.jpg 585w, https:\/\/exaudi.org\/wp-content\/uploads\/2023\/05\/Post-Instagram-Musica-en-directo-900x900.jpg 900w\" sizes=\"auto, (max-width: 1080px) 100vw, 1080px\" \/><\/p>\n","protected":false},"excerpt":{"rendered":"<p>La hora en que la vocaci\u00f3n de la mujer se cumple en plenitud<\/p>\n","protected":false},"author":107,"featured_media":76281,"comment_status":"closed","ping_status":"closed","sticky":false,"template":"","format":"standard","meta":{"_acf_changed":false,"_crdt_document":"","inline_featured_image":false,"footnotes":""},"categories":[130],"tags":[765,9207,4531,4049,8896,4953,7440],"class_list":["post-76280","post","type-post","status-publish","format-standard","has-post-thumbnail","hentry","category-voces","tag-academia-de-lideres-catolicos","tag-compromiso","tag-dignidad","tag-mujer-es","tag-mulieris-dignitatem","tag-trending-es","tag-vocacion"],"acf":[],"yoast_head":"<!-- This site is optimized with the Yoast SEO plugin v27.4 - https:\/\/yoast.com\/product\/yoast-seo-wordpress\/ -->\n<title>El despertar de la vocaci\u00f3n de la mujer &#8211; Exaudi<\/title>\n<meta name=\"robots\" content=\"index, follow, max-snippet:-1, max-image-preview:large, max-video-preview:-1\" \/>\n<link rel=\"canonical\" href=\"https:\/\/exaudi.org\/es\/el-despertar-de-la-vocacion-de-la-mujer\/\" \/>\n<meta property=\"og:locale\" content=\"es_ES\" \/>\n<meta property=\"og:type\" content=\"article\" \/>\n<meta property=\"og:title\" content=\"El despertar de la vocaci\u00f3n de la mujer &#8211; Exaudi\" \/>\n<meta property=\"og:description\" content=\"La hora en que la vocaci\u00f3n de la mujer se cumple en plenitud\" \/>\n<meta property=\"og:url\" content=\"https:\/\/exaudi.org\/es\/el-despertar-de-la-vocacion-de-la-mujer\/\" \/>\n<meta property=\"og:site_name\" content=\"Exaudi\" \/>\n<meta property=\"article:publisher\" content=\"https:\/\/www.facebook.com\/ExaudiNews\" \/>\n<meta property=\"article:published_time\" content=\"2023-05-19T07:49:30+00:00\" \/>\n<meta property=\"article:modified_time\" content=\"2023-05-19T08:16:20+00:00\" \/>\n<meta property=\"og:image\" content=\"https:\/\/exaudi.org\/wp-content\/uploads\/2023\/05\/Copia-de-Blue-and-White-Modern-Corporate-Business-YouTube-Thumbnail-2.png\" \/>\n\t<meta property=\"og:image:width\" content=\"1280\" \/>\n\t<meta property=\"og:image:height\" content=\"720\" \/>\n\t<meta property=\"og:image:type\" content=\"image\/png\" \/>\n<meta name=\"author\" content=\"Academia de L\u00edderes Cat\u00f3licos\" \/>\n<meta name=\"twitter:card\" content=\"summary_large_image\" \/>\n<meta name=\"twitter:creator\" content=\"@Exaudi_News\" \/>\n<meta name=\"twitter:site\" content=\"@Exaudi_News\" \/>\n<meta name=\"twitter:label1\" content=\"Escrito por\" \/>\n\t<meta name=\"twitter:data1\" content=\"Academia de L\u00edderes Cat\u00f3licos\" \/>\n\t<meta name=\"twitter:label2\" content=\"Tiempo de lectura\" \/>\n\t<meta name=\"twitter:data2\" content=\"5 minutos\" \/>\n<script type=\"application\/ld+json\" class=\"yoast-schema-graph\">{\"@context\":\"https:\\\/\\\/schema.org\",\"@graph\":[{\"@type\":\"Article\",\"@id\":\"https:\\\/\\\/exaudi.org\\\/es\\\/el-despertar-de-la-vocacion-de-la-mujer\\\/#article\",\"isPartOf\":{\"@id\":\"https:\\\/\\\/exaudi.org\\\/es\\\/el-despertar-de-la-vocacion-de-la-mujer\\\/\"},\"author\":{\"name\":\"Academia de L\u00edderes Cat\u00f3licos\",\"@id\":\"https:\\\/\\\/exaudi.org\\\/#\\\/schema\\\/person\\\/334968a332d5dad9f94e08897852c6af\"},\"headline\":\"El despertar de la vocaci\u00f3n de la mujer\",\"datePublished\":\"2023-05-19T07:49:30+00:00\",\"dateModified\":\"2023-05-19T08:16:20+00:00\",\"mainEntityOfPage\":{\"@id\":\"https:\\\/\\\/exaudi.org\\\/es\\\/el-despertar-de-la-vocacion-de-la-mujer\\\/\"},\"wordCount\":1048,\"image\":{\"@id\":\"https:\\\/\\\/exaudi.org\\\/es\\\/el-despertar-de-la-vocacion-de-la-mujer\\\/#primaryimage\"},\"thumbnailUrl\":\"https:\\\/\\\/exaudi.org\\\/wp-content\\\/uploads\\\/2023\\\/05\\\/Copia-de-Blue-and-White-Modern-Corporate-Business-YouTube-Thumbnail-2.png\",\"keywords\":[\"Academia de L\u00edderes Cat\u00f3licos\",\"Compromiso\",\"Dignidad\",\"Mujer\",\"Mulieris Dignitatem\",\"Trending\",\"Vocaci\u00f3n\"],\"articleSection\":[\"Voces\"],\"inLanguage\":\"es\"},{\"@type\":\"WebPage\",\"@id\":\"https:\\\/\\\/exaudi.org\\\/es\\\/el-despertar-de-la-vocacion-de-la-mujer\\\/\",\"url\":\"https:\\\/\\\/exaudi.org\\\/es\\\/el-despertar-de-la-vocacion-de-la-mujer\\\/\",\"name\":\"El despertar de la vocaci\u00f3n de la mujer &#8211; Exaudi\",\"isPartOf\":{\"@id\":\"https:\\\/\\\/exaudi.org\\\/#website\"},\"primaryImageOfPage\":{\"@id\":\"https:\\\/\\\/exaudi.org\\\/es\\\/el-despertar-de-la-vocacion-de-la-mujer\\\/#primaryimage\"},\"image\":{\"@id\":\"https:\\\/\\\/exaudi.org\\\/es\\\/el-despertar-de-la-vocacion-de-la-mujer\\\/#primaryimage\"},\"thumbnailUrl\":\"https:\\\/\\\/exaudi.org\\\/wp-content\\\/uploads\\\/2023\\\/05\\\/Copia-de-Blue-and-White-Modern-Corporate-Business-YouTube-Thumbnail-2.png\",\"datePublished\":\"2023-05-19T07:49:30+00:00\",\"dateModified\":\"2023-05-19T08:16:20+00:00\",\"author\":{\"@id\":\"https:\\\/\\\/exaudi.org\\\/#\\\/schema\\\/person\\\/334968a332d5dad9f94e08897852c6af\"},\"breadcrumb\":{\"@id\":\"https:\\\/\\\/exaudi.org\\\/es\\\/el-despertar-de-la-vocacion-de-la-mujer\\\/#breadcrumb\"},\"inLanguage\":\"es\",\"potentialAction\":[{\"@type\":\"ReadAction\",\"target\":[\"https:\\\/\\\/exaudi.org\\\/es\\\/el-despertar-de-la-vocacion-de-la-mujer\\\/\"]}]},{\"@type\":\"ImageObject\",\"inLanguage\":\"es\",\"@id\":\"https:\\\/\\\/exaudi.org\\\/es\\\/el-despertar-de-la-vocacion-de-la-mujer\\\/#primaryimage\",\"url\":\"https:\\\/\\\/exaudi.org\\\/wp-content\\\/uploads\\\/2023\\\/05\\\/Copia-de-Blue-and-White-Modern-Corporate-Business-YouTube-Thumbnail-2.png\",\"contentUrl\":\"https:\\\/\\\/exaudi.org\\\/wp-content\\\/uploads\\\/2023\\\/05\\\/Copia-de-Blue-and-White-Modern-Corporate-Business-YouTube-Thumbnail-2.png\",\"width\":1280,\"height\":720},{\"@type\":\"BreadcrumbList\",\"@id\":\"https:\\\/\\\/exaudi.org\\\/es\\\/el-despertar-de-la-vocacion-de-la-mujer\\\/#breadcrumb\",\"itemListElement\":[{\"@type\":\"ListItem\",\"position\":1,\"name\":\"Portada\",\"item\":\"https:\\\/\\\/exaudi.org\\\/es\\\/\"},{\"@type\":\"ListItem\",\"position\":2,\"name\":\"El despertar de la vocaci\u00f3n de la mujer\"}]},{\"@type\":\"WebSite\",\"@id\":\"https:\\\/\\\/exaudi.org\\\/#website\",\"url\":\"https:\\\/\\\/exaudi.org\\\/\",\"name\":\"Exaudi\",\"description\":\"News\",\"potentialAction\":[{\"@type\":\"SearchAction\",\"target\":{\"@type\":\"EntryPoint\",\"urlTemplate\":\"https:\\\/\\\/exaudi.org\\\/?s={search_term_string}\"},\"query-input\":{\"@type\":\"PropertyValueSpecification\",\"valueRequired\":true,\"valueName\":\"search_term_string\"}}],\"inLanguage\":\"es\"},{\"@type\":\"Person\",\"@id\":\"https:\\\/\\\/exaudi.org\\\/#\\\/schema\\\/person\\\/334968a332d5dad9f94e08897852c6af\",\"name\":\"Academia de L\u00edderes Cat\u00f3licos\",\"image\":{\"@type\":\"ImageObject\",\"inLanguage\":\"es\",\"@id\":\"https:\\\/\\\/secure.gravatar.com\\\/avatar\\\/80d80b1e34d8fa01f6b95d10e695853ca4ea7e054050e21ad1a15d546d4600ca?s=96&d=mm&r=g\",\"url\":\"https:\\\/\\\/secure.gravatar.com\\\/avatar\\\/80d80b1e34d8fa01f6b95d10e695853ca4ea7e054050e21ad1a15d546d4600ca?s=96&d=mm&r=g\",\"contentUrl\":\"https:\\\/\\\/secure.gravatar.com\\\/avatar\\\/80d80b1e34d8fa01f6b95d10e695853ca4ea7e054050e21ad1a15d546d4600ca?s=96&d=mm&r=g\",\"caption\":\"Academia de L\u00edderes Cat\u00f3licos\"},\"description\":\"Es una fundaci\u00f3n de derecho privado sin fines de lucro que busca formar cat\u00f3licos que a partir de la experiencia cristiana desarrollen su vocaci\u00f3n pol\u00edtica con la ayuda de la Doctrina Social de la Iglesia. La Academia Latinoamericana de L\u00edderes Cat\u00f3licos tiene como misi\u00f3n, formar l\u00edderes desde una perspectiva cat\u00f3lica, arraigados en la fe de la Iglesia, para transformar el mundo social, pol\u00edtico y econ\u00f3mico a la luz de la Doctrina Social de la Iglesia. Formar una nueva generaci\u00f3n de cat\u00f3licos latinoamericanos con responsabilidades pol\u00edticas y sociales para que transformen el rostro del continente al servicio de sus pueblos, a la luz del Magisterio de la Iglesia y de cara a los Jubileos del V Centenario Guadalupano y de los dos mil a\u00f1os de la redenci\u00f3n.\",\"sameAs\":[\"https:\\\/\\\/liderescatolicos.net\\\/\",\"https:\\\/\\\/www.youtube.com\\\/c\\\/LderesCatlicos\"],\"url\":\"https:\\\/\\\/exaudi.org\\\/es\\\/author\\\/academia-de-lideres-catolicos\\\/\"}]}<\/script>\n<!-- \/ Yoast SEO plugin. -->","yoast_head_json":{"title":"El despertar de la vocaci\u00f3n de la mujer &#8211; Exaudi","robots":{"index":"index","follow":"follow","max-snippet":"max-snippet:-1","max-image-preview":"max-image-preview:large","max-video-preview":"max-video-preview:-1"},"canonical":"https:\/\/exaudi.org\/es\/el-despertar-de-la-vocacion-de-la-mujer\/","og_locale":"es_ES","og_type":"article","og_title":"El despertar de la vocaci\u00f3n de la mujer &#8211; Exaudi","og_description":"La hora en que la vocaci\u00f3n de la mujer se cumple en plenitud","og_url":"https:\/\/exaudi.org\/es\/el-despertar-de-la-vocacion-de-la-mujer\/","og_site_name":"Exaudi","article_publisher":"https:\/\/www.facebook.com\/ExaudiNews","article_published_time":"2023-05-19T07:49:30+00:00","article_modified_time":"2023-05-19T08:16:20+00:00","og_image":[{"width":1280,"height":720,"url":"https:\/\/exaudi.org\/wp-content\/uploads\/2023\/05\/Copia-de-Blue-and-White-Modern-Corporate-Business-YouTube-Thumbnail-2.png","type":"image\/png"}],"author":"Academia de L\u00edderes Cat\u00f3licos","twitter_card":"summary_large_image","twitter_creator":"@Exaudi_News","twitter_site":"@Exaudi_News","twitter_misc":{"Escrito por":"Academia de L\u00edderes Cat\u00f3licos","Tiempo de lectura":"5 minutos"},"schema":{"@context":"https:\/\/schema.org","@graph":[{"@type":"Article","@id":"https:\/\/exaudi.org\/es\/el-despertar-de-la-vocacion-de-la-mujer\/#article","isPartOf":{"@id":"https:\/\/exaudi.org\/es\/el-despertar-de-la-vocacion-de-la-mujer\/"},"author":{"name":"Academia de L\u00edderes Cat\u00f3licos","@id":"https:\/\/exaudi.org\/#\/schema\/person\/334968a332d5dad9f94e08897852c6af"},"headline":"El despertar de la vocaci\u00f3n de la mujer","datePublished":"2023-05-19T07:49:30+00:00","dateModified":"2023-05-19T08:16:20+00:00","mainEntityOfPage":{"@id":"https:\/\/exaudi.org\/es\/el-despertar-de-la-vocacion-de-la-mujer\/"},"wordCount":1048,"image":{"@id":"https:\/\/exaudi.org\/es\/el-despertar-de-la-vocacion-de-la-mujer\/#primaryimage"},"thumbnailUrl":"https:\/\/exaudi.org\/wp-content\/uploads\/2023\/05\/Copia-de-Blue-and-White-Modern-Corporate-Business-YouTube-Thumbnail-2.png","keywords":["Academia de L\u00edderes Cat\u00f3licos","Compromiso","Dignidad","Mujer","Mulieris Dignitatem","Trending","Vocaci\u00f3n"],"articleSection":["Voces"],"inLanguage":"es"},{"@type":"WebPage","@id":"https:\/\/exaudi.org\/es\/el-despertar-de-la-vocacion-de-la-mujer\/","url":"https:\/\/exaudi.org\/es\/el-despertar-de-la-vocacion-de-la-mujer\/","name":"El despertar de la vocaci\u00f3n de la mujer &#8211; Exaudi","isPartOf":{"@id":"https:\/\/exaudi.org\/#website"},"primaryImageOfPage":{"@id":"https:\/\/exaudi.org\/es\/el-despertar-de-la-vocacion-de-la-mujer\/#primaryimage"},"image":{"@id":"https:\/\/exaudi.org\/es\/el-despertar-de-la-vocacion-de-la-mujer\/#primaryimage"},"thumbnailUrl":"https:\/\/exaudi.org\/wp-content\/uploads\/2023\/05\/Copia-de-Blue-and-White-Modern-Corporate-Business-YouTube-Thumbnail-2.png","datePublished":"2023-05-19T07:49:30+00:00","dateModified":"2023-05-19T08:16:20+00:00","author":{"@id":"https:\/\/exaudi.org\/#\/schema\/person\/334968a332d5dad9f94e08897852c6af"},"breadcrumb":{"@id":"https:\/\/exaudi.org\/es\/el-despertar-de-la-vocacion-de-la-mujer\/#breadcrumb"},"inLanguage":"es","potentialAction":[{"@type":"ReadAction","target":["https:\/\/exaudi.org\/es\/el-despertar-de-la-vocacion-de-la-mujer\/"]}]},{"@type":"ImageObject","inLanguage":"es","@id":"https:\/\/exaudi.org\/es\/el-despertar-de-la-vocacion-de-la-mujer\/#primaryimage","url":"https:\/\/exaudi.org\/wp-content\/uploads\/2023\/05\/Copia-de-Blue-and-White-Modern-Corporate-Business-YouTube-Thumbnail-2.png","contentUrl":"https:\/\/exaudi.org\/wp-content\/uploads\/2023\/05\/Copia-de-Blue-and-White-Modern-Corporate-Business-YouTube-Thumbnail-2.png","width":1280,"height":720},{"@type":"BreadcrumbList","@id":"https:\/\/exaudi.org\/es\/el-despertar-de-la-vocacion-de-la-mujer\/#breadcrumb","itemListElement":[{"@type":"ListItem","position":1,"name":"Portada","item":"https:\/\/exaudi.org\/es\/"},{"@type":"ListItem","position":2,"name":"El despertar de la vocaci\u00f3n de la mujer"}]},{"@type":"WebSite","@id":"https:\/\/exaudi.org\/#website","url":"https:\/\/exaudi.org\/","name":"Exaudi","description":"News","potentialAction":[{"@type":"SearchAction","target":{"@type":"EntryPoint","urlTemplate":"https:\/\/exaudi.org\/?s={search_term_string}"},"query-input":{"@type":"PropertyValueSpecification","valueRequired":true,"valueName":"search_term_string"}}],"inLanguage":"es"},{"@type":"Person","@id":"https:\/\/exaudi.org\/#\/schema\/person\/334968a332d5dad9f94e08897852c6af","name":"Academia de L\u00edderes Cat\u00f3licos","image":{"@type":"ImageObject","inLanguage":"es","@id":"https:\/\/secure.gravatar.com\/avatar\/80d80b1e34d8fa01f6b95d10e695853ca4ea7e054050e21ad1a15d546d4600ca?s=96&d=mm&r=g","url":"https:\/\/secure.gravatar.com\/avatar\/80d80b1e34d8fa01f6b95d10e695853ca4ea7e054050e21ad1a15d546d4600ca?s=96&d=mm&r=g","contentUrl":"https:\/\/secure.gravatar.com\/avatar\/80d80b1e34d8fa01f6b95d10e695853ca4ea7e054050e21ad1a15d546d4600ca?s=96&d=mm&r=g","caption":"Academia de L\u00edderes Cat\u00f3licos"},"description":"Es una fundaci\u00f3n de derecho privado sin fines de lucro que busca formar cat\u00f3licos que a partir de la experiencia cristiana desarrollen su vocaci\u00f3n pol\u00edtica con la ayuda de la Doctrina Social de la Iglesia. La Academia Latinoamericana de L\u00edderes Cat\u00f3licos tiene como misi\u00f3n, formar l\u00edderes desde una perspectiva cat\u00f3lica, arraigados en la fe de la Iglesia, para transformar el mundo social, pol\u00edtico y econ\u00f3mico a la luz de la Doctrina Social de la Iglesia. Formar una nueva generaci\u00f3n de cat\u00f3licos latinoamericanos con responsabilidades pol\u00edticas y sociales para que transformen el rostro del continente al servicio de sus pueblos, a la luz del Magisterio de la Iglesia y de cara a los Jubileos del V Centenario Guadalupano y de los dos mil a\u00f1os de la redenci\u00f3n.","sameAs":["https:\/\/liderescatolicos.net\/","https:\/\/www.youtube.com\/c\/LderesCatlicos"],"url":"https:\/\/exaudi.org\/es\/author\/academia-de-lideres-catolicos\/"}]}},"jetpack_featured_media_url":"https:\/\/exaudi.org\/wp-content\/uploads\/2023\/05\/Copia-de-Blue-and-White-Modern-Corporate-Business-YouTube-Thumbnail-2.png","jetpack_shortlink":"https:\/\/wp.me\/pgKjF2-jQk","_links":{"self":[{"href":"https:\/\/exaudi.org\/es\/wp-json\/wp\/v2\/posts\/76280","targetHints":{"allow":["GET"]}}],"collection":[{"href":"https:\/\/exaudi.org\/es\/wp-json\/wp\/v2\/posts"}],"about":[{"href":"https:\/\/exaudi.org\/es\/wp-json\/wp\/v2\/types\/post"}],"author":[{"embeddable":true,"href":"https:\/\/exaudi.org\/es\/wp-json\/wp\/v2\/users\/107"}],"replies":[{"embeddable":true,"href":"https:\/\/exaudi.org\/es\/wp-json\/wp\/v2\/comments?post=76280"}],"version-history":[{"count":0,"href":"https:\/\/exaudi.org\/es\/wp-json\/wp\/v2\/posts\/76280\/revisions"}],"wp:featuredmedia":[{"embeddable":true,"href":"https:\/\/exaudi.org\/es\/wp-json\/wp\/v2\/media\/76281"}],"wp:attachment":[{"href":"https:\/\/exaudi.org\/es\/wp-json\/wp\/v2\/media?parent=76280"}],"wp:term":[{"taxonomy":"category","embeddable":true,"href":"https:\/\/exaudi.org\/es\/wp-json\/wp\/v2\/categories?post=76280"},{"taxonomy":"post_tag","embeddable":true,"href":"https:\/\/exaudi.org\/es\/wp-json\/wp\/v2\/tags?post=76280"}],"curies":[{"name":"wp","href":"https:\/\/api.w.org\/{rel}","templated":true}]}}