{"id":76212,"date":"2023-05-17T13:58:04","date_gmt":"2023-05-17T11:58:04","guid":{"rendered":"https:\/\/exaudi.org\/?p=76212"},"modified":"2023-05-17T14:01:36","modified_gmt":"2023-05-17T12:01:36","slug":"enraizados-como-aplicar-la-doctrina-social-de-la-iglesia-a-nuestro-dia-a-dia","status":"publish","type":"post","link":"https:\/\/exaudi.org\/es\/enraizados-como-aplicar-la-doctrina-social-de-la-iglesia-a-nuestro-dia-a-dia\/","title":{"rendered":"Enraizados: \u00abC\u00f3mo aplicar la Doctrina Social de la Iglesia a nuestro d\u00eda a d\u00eda\u00bb"},"content":{"rendered":"<p class=\"ql-align-justify\"><span class=\"ql-font-open_sans\">En el marco de la labor formativa de <a href=\"https:\/\/enraizados.org\/\" target=\"_blank\" rel=\"noopener\"><strong>Enraizados<\/strong><\/a>, el <\/span><strong class=\"ql-font-open_sans\">16 de mayo, en formato online, se celebr\u00f3 una mesa redonda <\/strong><span class=\"ql-font-open_sans\">\u00a0en la que se trat\u00f3 el tema de<\/span><strong class=\"ql-font-open_sans\">\u00a0\u00abLa aplicaci\u00f3n de los principios de la Doctrina Social de la Iglesia al d\u00eda a d\u00eda\u00bb<\/strong><\/p>\n<p class=\"ql-align-justify\"><span class=\"ql-font-open_sans\">Para ello contaron con la presencia de <\/span><strong class=\"ql-font-open_sans\">tres invitados:<\/strong><\/p>\n<ul>\n<li class=\"ql-align-justify\"><strong class=\"ql-font-open_sans\">Miguel G\u00f3mez de Ag\u00fcero, presidente de <a href=\"https:\/\/profesionalesetica.org\/\" target=\"_blank\" rel=\"noopener\">Profesionales por la \u00c9tica<\/a><\/strong><\/li>\n<li class=\"ql-align-justify\"><strong class=\"ql-font-open_sans\">Alicia Latorre Ca\u00f1izares, presidenta de la <a href=\"https:\/\/provida.es\/feapv\/\" target=\"_blank\" rel=\"noopener\">Federaci\u00f3n de Asociaciones Provida<\/a><\/strong><\/li>\n<li class=\"ql-align-justify\"><strong class=\"ql-font-open_sans\">Alberto Ram\u00edrez Puig, director de la agencia de noticias cat\u00f3lica <a href=\"https:\/\/exaudi.org\/es\/\" target=\"_blank\" rel=\"noopener\">Exaudi<\/a><\/strong><\/li>\n<\/ul>\n<p>Porque la fe es para testimoniarla en todos los \u00e1mbitos de la persona, privados y p\u00fablicos tambi\u00e9n. Porque ser cat\u00f3lico implica un compromiso con la realidad temporal donde cada uno de nosotros estamos y porque la construcci\u00f3n de una sociedad que busque el bien com\u00fan es labor de todos.<\/p>\n<p>Nuestros invitados nos contaron c\u00f3mo ellos, en su labor profesional y social aplican estos principios y valores y c\u00f3mo los viven.<\/p>\n<p>La conferencia, para quienes no pudieron seguirla, pueden hacerlo en el canal de youtube:<\/p>\n<p><iframe loading=\"lazy\" title=\"MESA REDONDA ONLINE | C\u00f3mo aplicar la Doctrina Social de la Iglesia a nuestro d\u00eda a d\u00eda\" width=\"500\" height=\"281\" src=\"https:\/\/www.youtube.com\/embed\/AfCeKvrzXJE?feature=oembed\" frameborder=\"0\" allow=\"accelerometer; autoplay; clipboard-write; encrypted-media; gyroscope; picture-in-picture; web-share\" referrerpolicy=\"strict-origin-when-cross-origin\" allowfullscreen><\/iframe><\/p>\n<p>O si quieres escucharla a continuaci\u00f3n:<\/p>\n<audio class=\"wp-audio-shortcode\" id=\"audio-76212-1\" preload=\"none\" style=\"width: 100%;\" controls=\"controls\"><source type=\"audio\/mpeg\" src=\"https:\/\/exaudi.org\/wp-content\/uploads\/2023\/05\/MESA-REDONDA-ONLINE-_-Co\u0301mo-aplicar-la-Doctrina-Social-de-la-Iglesia-a-nuestro-di\u0301a-a-di\u0301a-64-kbps.mp3?_=1\" \/><a href=\"https:\/\/exaudi.org\/wp-content\/uploads\/2023\/05\/MESA-REDONDA-ONLINE-_-Co\u0301mo-aplicar-la-Doctrina-Social-de-la-Iglesia-a-nuestro-di\u0301a-a-di\u0301a-64-kbps.mp3\">https:\/\/exaudi.org\/wp-content\/uploads\/2023\/05\/MESA-REDONDA-ONLINE-_-Co\u0301mo-aplicar-la-Doctrina-Social-de-la-Iglesia-a-nuestro-di\u0301a-a-di\u0301a-64-kbps.mp3<\/a><\/audio>\n<p>&nbsp;<\/p>\n","protected":false},"excerpt":{"rendered":"<p>La aplicaci\u00f3n de los principios de la Doctrina Social de la Iglesia<\/p>\n","protected":false},"author":15,"featured_media":76219,"comment_status":"closed","ping_status":"closed","sticky":false,"template":"","format":"standard","meta":{"_acf_changed":false,"_crdt_document":"","inline_featured_image":false,"footnotes":""},"categories":[74],"tags":[2523,9200,9132,9201,4953],"class_list":["post-76212","post","type-post","status-publish","format-standard","has-post-thumbnail","hentry","category-iglesia-y-mundo","tag-doctrina-social-de-la-iglesia","tag-dsi","tag-enraizados","tag-mesa-redonda","tag-trending-es"],"acf":[],"yoast_head":"<!-- This site is optimized with the Yoast SEO plugin v27.4 - https:\/\/yoast.com\/product\/yoast-seo-wordpress\/ -->\n<title>Enraizados: \u00abC\u00f3mo aplicar la Doctrina Social de la Iglesia a nuestro d\u00eda a d\u00eda\u00bb &#8211; Exaudi<\/title>\n<meta name=\"robots\" content=\"index, follow, max-snippet:-1, max-image-preview:large, max-video-preview:-1\" \/>\n<link rel=\"canonical\" href=\"https:\/\/exaudi.org\/es\/enraizados-como-aplicar-la-doctrina-social-de-la-iglesia-a-nuestro-dia-a-dia\/\" \/>\n<meta property=\"og:locale\" content=\"es_ES\" \/>\n<meta property=\"og:type\" content=\"article\" \/>\n<meta property=\"og:title\" content=\"Enraizados: \u00abC\u00f3mo aplicar la Doctrina Social de la Iglesia a nuestro d\u00eda a d\u00eda\u00bb &#8211; Exaudi\" \/>\n<meta property=\"og:description\" content=\"La aplicaci\u00f3n de los principios de la Doctrina Social de la Iglesia\" \/>\n<meta property=\"og:url\" content=\"https:\/\/exaudi.org\/es\/enraizados-como-aplicar-la-doctrina-social-de-la-iglesia-a-nuestro-dia-a-dia\/\" \/>\n<meta property=\"og:site_name\" content=\"Exaudi\" \/>\n<meta property=\"article:publisher\" content=\"https:\/\/www.facebook.com\/ExaudiNews\" \/>\n<meta property=\"article:author\" content=\"https:\/\/www.facebook.com\/ExaudiNoticias\/\" \/>\n<meta property=\"article:published_time\" content=\"2023-05-17T11:58:04+00:00\" \/>\n<meta property=\"article:modified_time\" content=\"2023-05-17T12:01:36+00:00\" \/>\n<meta property=\"og:image\" content=\"https:\/\/exaudi.org\/wp-content\/uploads\/2023\/05\/cq5dam.thumbnail.cropped.750.422-1-3.jpeg\" \/>\n\t<meta property=\"og:image:width\" content=\"750\" \/>\n\t<meta property=\"og:image:height\" content=\"422\" \/>\n\t<meta property=\"og:image:type\" content=\"image\/jpeg\" \/>\n<meta name=\"author\" content=\"Exaudi Redacci\u00f3n\" \/>\n<meta name=\"twitter:card\" content=\"summary_large_image\" \/>\n<meta name=\"twitter:creator\" content=\"@Exaudi_noticias\" \/>\n<meta name=\"twitter:site\" content=\"@Exaudi_News\" \/>\n<meta name=\"twitter:label1\" content=\"Escrito por\" \/>\n\t<meta name=\"twitter:data1\" content=\"Exaudi Redacci\u00f3n\" \/>\n\t<meta name=\"twitter:label2\" content=\"Tiempo de lectura\" \/>\n\t<meta name=\"twitter:data2\" content=\"1 minuto\" \/>\n<script type=\"application\/ld+json\" class=\"yoast-schema-graph\">{\"@context\":\"https:\\\/\\\/schema.org\",\"@graph\":[{\"@type\":\"Article\",\"@id\":\"https:\\\/\\\/exaudi.org\\\/es\\\/enraizados-como-aplicar-la-doctrina-social-de-la-iglesia-a-nuestro-dia-a-dia\\\/#article\",\"isPartOf\":{\"@id\":\"https:\\\/\\\/exaudi.org\\\/es\\\/enraizados-como-aplicar-la-doctrina-social-de-la-iglesia-a-nuestro-dia-a-dia\\\/\"},\"author\":{\"name\":\"Exaudi Redacci\u00f3n\",\"@id\":\"https:\\\/\\\/exaudi.org\\\/#\\\/schema\\\/person\\\/f5fc8f063065e38742da7afe15f25df7\"},\"headline\":\"Enraizados: \u00abC\u00f3mo aplicar la Doctrina Social de la Iglesia a nuestro d\u00eda a d\u00eda\u00bb\",\"datePublished\":\"2023-05-17T11:58:04+00:00\",\"dateModified\":\"2023-05-17T12:01:36+00:00\",\"mainEntityOfPage\":{\"@id\":\"https:\\\/\\\/exaudi.org\\\/es\\\/enraizados-como-aplicar-la-doctrina-social-de-la-iglesia-a-nuestro-dia-a-dia\\\/\"},\"wordCount\":231,\"image\":{\"@id\":\"https:\\\/\\\/exaudi.org\\\/es\\\/enraizados-como-aplicar-la-doctrina-social-de-la-iglesia-a-nuestro-dia-a-dia\\\/#primaryimage\"},\"thumbnailUrl\":\"https:\\\/\\\/exaudi.org\\\/wp-content\\\/uploads\\\/2023\\\/05\\\/cq5dam.thumbnail.cropped.750.422-1-3.jpeg\",\"keywords\":[\"Doctrina Social de la Iglesia\",\"DSI\",\"Enraizados\",\"Mesa redonda\",\"Trending\"],\"articleSection\":[\"Iglesia y Mundo\"],\"inLanguage\":\"es\"},{\"@type\":\"WebPage\",\"@id\":\"https:\\\/\\\/exaudi.org\\\/es\\\/enraizados-como-aplicar-la-doctrina-social-de-la-iglesia-a-nuestro-dia-a-dia\\\/\",\"url\":\"https:\\\/\\\/exaudi.org\\\/es\\\/enraizados-como-aplicar-la-doctrina-social-de-la-iglesia-a-nuestro-dia-a-dia\\\/\",\"name\":\"Enraizados: \u00abC\u00f3mo aplicar la Doctrina Social de la Iglesia a nuestro d\u00eda a d\u00eda\u00bb &#8211; Exaudi\",\"isPartOf\":{\"@id\":\"https:\\\/\\\/exaudi.org\\\/#website\"},\"primaryImageOfPage\":{\"@id\":\"https:\\\/\\\/exaudi.org\\\/es\\\/enraizados-como-aplicar-la-doctrina-social-de-la-iglesia-a-nuestro-dia-a-dia\\\/#primaryimage\"},\"image\":{\"@id\":\"https:\\\/\\\/exaudi.org\\\/es\\\/enraizados-como-aplicar-la-doctrina-social-de-la-iglesia-a-nuestro-dia-a-dia\\\/#primaryimage\"},\"thumbnailUrl\":\"https:\\\/\\\/exaudi.org\\\/wp-content\\\/uploads\\\/2023\\\/05\\\/cq5dam.thumbnail.cropped.750.422-1-3.jpeg\",\"datePublished\":\"2023-05-17T11:58:04+00:00\",\"dateModified\":\"2023-05-17T12:01:36+00:00\",\"author\":{\"@id\":\"https:\\\/\\\/exaudi.org\\\/#\\\/schema\\\/person\\\/f5fc8f063065e38742da7afe15f25df7\"},\"breadcrumb\":{\"@id\":\"https:\\\/\\\/exaudi.org\\\/es\\\/enraizados-como-aplicar-la-doctrina-social-de-la-iglesia-a-nuestro-dia-a-dia\\\/#breadcrumb\"},\"inLanguage\":\"es\",\"potentialAction\":[{\"@type\":\"ReadAction\",\"target\":[\"https:\\\/\\\/exaudi.org\\\/es\\\/enraizados-como-aplicar-la-doctrina-social-de-la-iglesia-a-nuestro-dia-a-dia\\\/\"]}]},{\"@type\":\"ImageObject\",\"inLanguage\":\"es\",\"@id\":\"https:\\\/\\\/exaudi.org\\\/es\\\/enraizados-como-aplicar-la-doctrina-social-de-la-iglesia-a-nuestro-dia-a-dia\\\/#primaryimage\",\"url\":\"https:\\\/\\\/exaudi.org\\\/wp-content\\\/uploads\\\/2023\\\/05\\\/cq5dam.thumbnail.cropped.750.422-1-3.jpeg\",\"contentUrl\":\"https:\\\/\\\/exaudi.org\\\/wp-content\\\/uploads\\\/2023\\\/05\\\/cq5dam.thumbnail.cropped.750.422-1-3.jpeg\",\"width\":750,\"height\":422},{\"@type\":\"BreadcrumbList\",\"@id\":\"https:\\\/\\\/exaudi.org\\\/es\\\/enraizados-como-aplicar-la-doctrina-social-de-la-iglesia-a-nuestro-dia-a-dia\\\/#breadcrumb\",\"itemListElement\":[{\"@type\":\"ListItem\",\"position\":1,\"name\":\"Portada\",\"item\":\"https:\\\/\\\/exaudi.org\\\/es\\\/\"},{\"@type\":\"ListItem\",\"position\":2,\"name\":\"Enraizados: \u00abC\u00f3mo aplicar la Doctrina Social de la Iglesia a nuestro d\u00eda a d\u00eda\u00bb\"}]},{\"@type\":\"WebSite\",\"@id\":\"https:\\\/\\\/exaudi.org\\\/#website\",\"url\":\"https:\\\/\\\/exaudi.org\\\/\",\"name\":\"Exaudi\",\"description\":\"News\",\"potentialAction\":[{\"@type\":\"SearchAction\",\"target\":{\"@type\":\"EntryPoint\",\"urlTemplate\":\"https:\\\/\\\/exaudi.org\\\/?s={search_term_string}\"},\"query-input\":{\"@type\":\"PropertyValueSpecification\",\"valueRequired\":true,\"valueName\":\"search_term_string\"}}],\"inLanguage\":\"es\"},{\"@type\":\"Person\",\"@id\":\"https:\\\/\\\/exaudi.org\\\/#\\\/schema\\\/person\\\/f5fc8f063065e38742da7afe15f25df7\",\"name\":\"Exaudi Redacci\u00f3n\",\"image\":{\"@type\":\"ImageObject\",\"inLanguage\":\"es\",\"@id\":\"https:\\\/\\\/secure.gravatar.com\\\/avatar\\\/fe0f6a059fb68d9b3e11bc5850dd4899b1c7492091a3cb6dd9b01b56ad828be2?s=96&d=mm&r=g\",\"url\":\"https:\\\/\\\/secure.gravatar.com\\\/avatar\\\/fe0f6a059fb68d9b3e11bc5850dd4899b1c7492091a3cb6dd9b01b56ad828be2?s=96&d=mm&r=g\",\"contentUrl\":\"https:\\\/\\\/secure.gravatar.com\\\/avatar\\\/fe0f6a059fb68d9b3e11bc5850dd4899b1c7492091a3cb6dd9b01b56ad828be2?s=96&d=mm&r=g\",\"caption\":\"Exaudi Redacci\u00f3n\"},\"description\":\"\u00bfQu\u00e9 es Exaudi News? Exaudi News es un medio de comunicaci\u00f3n cat\u00f3lico internacional que informa, forma y transforma, diariamente en espa\u00f1ol, ingl\u00e9s e italiano. A trav\u00e9s de noticias, art\u00edculos de an\u00e1lisis y transmisiones en directo de los eventos del Papa, Exaudi busca fortalecer la unidad de los cristianos y contribuir a la evangelizaci\u00f3n del mundo, siempre guiados por la doctrina social de la Iglesia. Trabajamos para acercar la verdad y los valores cristianos a cada rinc\u00f3n del planeta. \u00a1Ay\u00fadanos a transformar el mundo con Exaudi! En Exaudi creemos que la evangelizaci\u00f3n y la informaci\u00f3n de calidad pueden cambiar vidas. Para continuar con nuestra misi\u00f3n y expandir nuestro alcance, necesitamos tu ayuda. Adem\u00e1s, buscamos personas comprometidas que deseen unirse a nuestro equipo. Con tu apoyo, lograremos llegar a m\u00e1s personas, difundir el mensaje de Cristo y reforzar la unidad de los cristianos. \u00bfTe unes a nuestra misi\u00f3n? Para m\u00e1s informaci\u00f3n sobre c\u00f3mo colaborar, visita Exaudi.org\\\/es o cont\u00e1ctanos directamente: info@exaudi.org Exaudi: Informa, forma y transforma.\",\"sameAs\":[\"https:\\\/\\\/www.facebook.com\\\/ExaudiNoticias\\\/\",\"https:\\\/\\\/www.instagram.com\\\/exaudi_noticias\\\/\",\"https:\\\/\\\/x.com\\\/Exaudi_noticias\",\"https:\\\/\\\/www.youtube.com\\\/@exaudicatholicnews\"],\"url\":\"https:\\\/\\\/exaudi.org\\\/es\\\/author\\\/redaccionexaudi\\\/\"}]}<\/script>\n<!-- \/ Yoast SEO plugin. -->","yoast_head_json":{"title":"Enraizados: \u00abC\u00f3mo aplicar la Doctrina Social de la Iglesia a nuestro d\u00eda a d\u00eda\u00bb &#8211; Exaudi","robots":{"index":"index","follow":"follow","max-snippet":"max-snippet:-1","max-image-preview":"max-image-preview:large","max-video-preview":"max-video-preview:-1"},"canonical":"https:\/\/exaudi.org\/es\/enraizados-como-aplicar-la-doctrina-social-de-la-iglesia-a-nuestro-dia-a-dia\/","og_locale":"es_ES","og_type":"article","og_title":"Enraizados: \u00abC\u00f3mo aplicar la Doctrina Social de la Iglesia a nuestro d\u00eda a d\u00eda\u00bb &#8211; Exaudi","og_description":"La aplicaci\u00f3n de los principios de la Doctrina Social de la Iglesia","og_url":"https:\/\/exaudi.org\/es\/enraizados-como-aplicar-la-doctrina-social-de-la-iglesia-a-nuestro-dia-a-dia\/","og_site_name":"Exaudi","article_publisher":"https:\/\/www.facebook.com\/ExaudiNews","article_author":"https:\/\/www.facebook.com\/ExaudiNoticias\/","article_published_time":"2023-05-17T11:58:04+00:00","article_modified_time":"2023-05-17T12:01:36+00:00","og_image":[{"width":750,"height":422,"url":"https:\/\/exaudi.org\/wp-content\/uploads\/2023\/05\/cq5dam.thumbnail.cropped.750.422-1-3.jpeg","type":"image\/jpeg"}],"author":"Exaudi Redacci\u00f3n","twitter_card":"summary_large_image","twitter_creator":"@Exaudi_noticias","twitter_site":"@Exaudi_News","twitter_misc":{"Escrito por":"Exaudi Redacci\u00f3n","Tiempo de lectura":"1 minuto"},"schema":{"@context":"https:\/\/schema.org","@graph":[{"@type":"Article","@id":"https:\/\/exaudi.org\/es\/enraizados-como-aplicar-la-doctrina-social-de-la-iglesia-a-nuestro-dia-a-dia\/#article","isPartOf":{"@id":"https:\/\/exaudi.org\/es\/enraizados-como-aplicar-la-doctrina-social-de-la-iglesia-a-nuestro-dia-a-dia\/"},"author":{"name":"Exaudi Redacci\u00f3n","@id":"https:\/\/exaudi.org\/#\/schema\/person\/f5fc8f063065e38742da7afe15f25df7"},"headline":"Enraizados: \u00abC\u00f3mo aplicar la Doctrina Social de la Iglesia a nuestro d\u00eda a d\u00eda\u00bb","datePublished":"2023-05-17T11:58:04+00:00","dateModified":"2023-05-17T12:01:36+00:00","mainEntityOfPage":{"@id":"https:\/\/exaudi.org\/es\/enraizados-como-aplicar-la-doctrina-social-de-la-iglesia-a-nuestro-dia-a-dia\/"},"wordCount":231,"image":{"@id":"https:\/\/exaudi.org\/es\/enraizados-como-aplicar-la-doctrina-social-de-la-iglesia-a-nuestro-dia-a-dia\/#primaryimage"},"thumbnailUrl":"https:\/\/exaudi.org\/wp-content\/uploads\/2023\/05\/cq5dam.thumbnail.cropped.750.422-1-3.jpeg","keywords":["Doctrina Social de la Iglesia","DSI","Enraizados","Mesa redonda","Trending"],"articleSection":["Iglesia y Mundo"],"inLanguage":"es"},{"@type":"WebPage","@id":"https:\/\/exaudi.org\/es\/enraizados-como-aplicar-la-doctrina-social-de-la-iglesia-a-nuestro-dia-a-dia\/","url":"https:\/\/exaudi.org\/es\/enraizados-como-aplicar-la-doctrina-social-de-la-iglesia-a-nuestro-dia-a-dia\/","name":"Enraizados: \u00abC\u00f3mo aplicar la Doctrina Social de la Iglesia a nuestro d\u00eda a d\u00eda\u00bb &#8211; Exaudi","isPartOf":{"@id":"https:\/\/exaudi.org\/#website"},"primaryImageOfPage":{"@id":"https:\/\/exaudi.org\/es\/enraizados-como-aplicar-la-doctrina-social-de-la-iglesia-a-nuestro-dia-a-dia\/#primaryimage"},"image":{"@id":"https:\/\/exaudi.org\/es\/enraizados-como-aplicar-la-doctrina-social-de-la-iglesia-a-nuestro-dia-a-dia\/#primaryimage"},"thumbnailUrl":"https:\/\/exaudi.org\/wp-content\/uploads\/2023\/05\/cq5dam.thumbnail.cropped.750.422-1-3.jpeg","datePublished":"2023-05-17T11:58:04+00:00","dateModified":"2023-05-17T12:01:36+00:00","author":{"@id":"https:\/\/exaudi.org\/#\/schema\/person\/f5fc8f063065e38742da7afe15f25df7"},"breadcrumb":{"@id":"https:\/\/exaudi.org\/es\/enraizados-como-aplicar-la-doctrina-social-de-la-iglesia-a-nuestro-dia-a-dia\/#breadcrumb"},"inLanguage":"es","potentialAction":[{"@type":"ReadAction","target":["https:\/\/exaudi.org\/es\/enraizados-como-aplicar-la-doctrina-social-de-la-iglesia-a-nuestro-dia-a-dia\/"]}]},{"@type":"ImageObject","inLanguage":"es","@id":"https:\/\/exaudi.org\/es\/enraizados-como-aplicar-la-doctrina-social-de-la-iglesia-a-nuestro-dia-a-dia\/#primaryimage","url":"https:\/\/exaudi.org\/wp-content\/uploads\/2023\/05\/cq5dam.thumbnail.cropped.750.422-1-3.jpeg","contentUrl":"https:\/\/exaudi.org\/wp-content\/uploads\/2023\/05\/cq5dam.thumbnail.cropped.750.422-1-3.jpeg","width":750,"height":422},{"@type":"BreadcrumbList","@id":"https:\/\/exaudi.org\/es\/enraizados-como-aplicar-la-doctrina-social-de-la-iglesia-a-nuestro-dia-a-dia\/#breadcrumb","itemListElement":[{"@type":"ListItem","position":1,"name":"Portada","item":"https:\/\/exaudi.org\/es\/"},{"@type":"ListItem","position":2,"name":"Enraizados: \u00abC\u00f3mo aplicar la Doctrina Social de la Iglesia a nuestro d\u00eda a d\u00eda\u00bb"}]},{"@type":"WebSite","@id":"https:\/\/exaudi.org\/#website","url":"https:\/\/exaudi.org\/","name":"Exaudi","description":"News","potentialAction":[{"@type":"SearchAction","target":{"@type":"EntryPoint","urlTemplate":"https:\/\/exaudi.org\/?s={search_term_string}"},"query-input":{"@type":"PropertyValueSpecification","valueRequired":true,"valueName":"search_term_string"}}],"inLanguage":"es"},{"@type":"Person","@id":"https:\/\/exaudi.org\/#\/schema\/person\/f5fc8f063065e38742da7afe15f25df7","name":"Exaudi Redacci\u00f3n","image":{"@type":"ImageObject","inLanguage":"es","@id":"https:\/\/secure.gravatar.com\/avatar\/fe0f6a059fb68d9b3e11bc5850dd4899b1c7492091a3cb6dd9b01b56ad828be2?s=96&d=mm&r=g","url":"https:\/\/secure.gravatar.com\/avatar\/fe0f6a059fb68d9b3e11bc5850dd4899b1c7492091a3cb6dd9b01b56ad828be2?s=96&d=mm&r=g","contentUrl":"https:\/\/secure.gravatar.com\/avatar\/fe0f6a059fb68d9b3e11bc5850dd4899b1c7492091a3cb6dd9b01b56ad828be2?s=96&d=mm&r=g","caption":"Exaudi Redacci\u00f3n"},"description":"\u00bfQu\u00e9 es Exaudi News? Exaudi News es un medio de comunicaci\u00f3n cat\u00f3lico internacional que informa, forma y transforma, diariamente en espa\u00f1ol, ingl\u00e9s e italiano. A trav\u00e9s de noticias, art\u00edculos de an\u00e1lisis y transmisiones en directo de los eventos del Papa, Exaudi busca fortalecer la unidad de los cristianos y contribuir a la evangelizaci\u00f3n del mundo, siempre guiados por la doctrina social de la Iglesia. Trabajamos para acercar la verdad y los valores cristianos a cada rinc\u00f3n del planeta. \u00a1Ay\u00fadanos a transformar el mundo con Exaudi! En Exaudi creemos que la evangelizaci\u00f3n y la informaci\u00f3n de calidad pueden cambiar vidas. Para continuar con nuestra misi\u00f3n y expandir nuestro alcance, necesitamos tu ayuda. Adem\u00e1s, buscamos personas comprometidas que deseen unirse a nuestro equipo. Con tu apoyo, lograremos llegar a m\u00e1s personas, difundir el mensaje de Cristo y reforzar la unidad de los cristianos. \u00bfTe unes a nuestra misi\u00f3n? Para m\u00e1s informaci\u00f3n sobre c\u00f3mo colaborar, visita Exaudi.org\/es o cont\u00e1ctanos directamente: info@exaudi.org Exaudi: Informa, forma y transforma.","sameAs":["https:\/\/www.facebook.com\/ExaudiNoticias\/","https:\/\/www.instagram.com\/exaudi_noticias\/","https:\/\/x.com\/Exaudi_noticias","https:\/\/www.youtube.com\/@exaudicatholicnews"],"url":"https:\/\/exaudi.org\/es\/author\/redaccionexaudi\/"}]}},"jetpack_featured_media_url":"https:\/\/exaudi.org\/wp-content\/uploads\/2023\/05\/cq5dam.thumbnail.cropped.750.422-1-3.jpeg","jetpack_shortlink":"https:\/\/wp.me\/pgKjF2-jPe","_links":{"self":[{"href":"https:\/\/exaudi.org\/es\/wp-json\/wp\/v2\/posts\/76212","targetHints":{"allow":["GET"]}}],"collection":[{"href":"https:\/\/exaudi.org\/es\/wp-json\/wp\/v2\/posts"}],"about":[{"href":"https:\/\/exaudi.org\/es\/wp-json\/wp\/v2\/types\/post"}],"author":[{"embeddable":true,"href":"https:\/\/exaudi.org\/es\/wp-json\/wp\/v2\/users\/15"}],"replies":[{"embeddable":true,"href":"https:\/\/exaudi.org\/es\/wp-json\/wp\/v2\/comments?post=76212"}],"version-history":[{"count":0,"href":"https:\/\/exaudi.org\/es\/wp-json\/wp\/v2\/posts\/76212\/revisions"}],"wp:featuredmedia":[{"embeddable":true,"href":"https:\/\/exaudi.org\/es\/wp-json\/wp\/v2\/media\/76219"}],"wp:attachment":[{"href":"https:\/\/exaudi.org\/es\/wp-json\/wp\/v2\/media?parent=76212"}],"wp:term":[{"taxonomy":"category","embeddable":true,"href":"https:\/\/exaudi.org\/es\/wp-json\/wp\/v2\/categories?post=76212"},{"taxonomy":"post_tag","embeddable":true,"href":"https:\/\/exaudi.org\/es\/wp-json\/wp\/v2\/tags?post=76212"}],"curies":[{"name":"wp","href":"https:\/\/api.w.org\/{rel}","templated":true}]}}