{"id":76188,"date":"2023-05-17T10:46:24","date_gmt":"2023-05-17T08:46:24","guid":{"rendered":"https:\/\/exaudi.org\/?p=76188"},"modified":"2023-05-17T10:55:56","modified_gmt":"2023-05-17T08:55:56","slug":"el-cardenal-lazzaro-you-heung-sik-ordenara-25-sacerdotes-del-opus-dei","status":"publish","type":"post","link":"https:\/\/exaudi.org\/es\/el-cardenal-lazzaro-you-heung-sik-ordenara-25-sacerdotes-del-opus-dei\/","title":{"rendered":"El cardenal Lazzaro You Heung-sik ordenar\u00e1 25 sacerdotes del Opus Dei"},"content":{"rendered":"<audio class=\"wp-audio-shortcode\" id=\"audio-76188-1\" preload=\"none\" style=\"width: 100%;\" controls=\"controls\"><source type=\"audio\/mpeg\" src=\"https:\/\/exaudi.org\/wp-content\/uploads\/2023\/05\/El-cardenal-Lazzaro-You-Heung-sik-ordenara-25.mp3?_=1\" \/><a href=\"https:\/\/exaudi.org\/wp-content\/uploads\/2023\/05\/El-cardenal-Lazzaro-You-Heung-sik-ordenara-25.mp3\">https:\/\/exaudi.org\/wp-content\/uploads\/2023\/05\/El-cardenal-Lazzaro-You-Heung-sik-ordenara-25.mp3<\/a><\/audio>\n<p>El cardenal Lazzaro You Heung-sik, Prefecto del Dicasterio para el Clero, ordenar\u00e1 25 sacerdotes de la prelatura del Opus Dei. La ceremonia comenzar\u00e1 a las 10:00 de la ma\u00f1ana y ser\u00e1 retransmitida en directo, por streaming a trav\u00e9s del enlace: <a href=\"http:\/\/www.opusdei.org\/live\" target=\"_blank\" rel=\"noopener\" data-saferedirecturl=\"https:\/\/www.google.com\/url?q=http:\/\/www.opusdei.org\/live&amp;source=gmail&amp;ust=1684399095854000&amp;usg=AOvVaw18JM33gLwnY6stIlr2kSYb\">www.opusdei.org\/live<\/a>.<\/p>\n<p>Entre los nuevos candidatos al sacerdocio hay varios africanos, como\u00a0<b>Vitus Chekwube Ntube<\/b>, que es originario de Anambra (Nigeria). Estudi\u00f3 Bot\u00e1nica en la Universidad de Ibadan. Actualmente, est\u00e1 terminando sus estudios en Roma con una investigaci\u00f3n sobre la contribuci\u00f3n de Joseph Ratzinger a la teolog\u00eda de la religi\u00f3n. \u201cSer sacerdote ser\u00eda una forma de ser colaborador de la Verdad y la Alegr\u00eda, lo que san Agust\u00edn llama el gaudium de veritate, ayudando a todos a descubrir la verdadera alegr\u00eda y la alegr\u00eda de la verdad\u201d.<\/p>\n<p>Otro de los futuros sacerdotes es<b>\u00a0Philip Moss<\/b>, nacido en Ecuador y crecido en Washington DC. Estudi\u00f3 ingenier\u00eda mec\u00e1nica en la University of Notre Dame y trabaj\u00f3 varios a\u00f1os en Nueva York, antes de emprender los estudios teol\u00f3gicos en Roma. \u201cMe hace ilusi\u00f3n \u2013dice Philip\u2013 pensar que dentro de poco trabajar\u00e9 como sacerdote, haciendo Cristo presente en la Iglesia y para toda la humanidad\u201d.<\/p>\n<p><b>Pablo Tevere<\/b>, argentino, contador p\u00fablico de profesi\u00f3n, se traslad\u00f3 en 1997 a Bolivia donde trabaj\u00f3 veinti\u00fan a\u00f1os en proyectos de desarrollo en una de las zonas rurales m\u00e1s pobres del pa\u00eds. \u201cAl llegar a Bolivia me involucr\u00e9 en el sector de la cooperaci\u00f3n al desarrollo, para colaborar en actividades sociales en el Altiplano de Bolivia. Esta zona del pa\u00eds se compone de peque\u00f1as comunidades ind\u00edgenas aymaras en las que se unen la pobreza con la marginaci\u00f3n social por razones \u00e9tnicas. Ahora, con mi nuevo rol, como di\u00e1cono y dentro de pocos d\u00edas como sacerdote, tengo la ilusi\u00f3n de continuar mi trabajo con las personas m\u00e1s desfavorecidas para ayudar en las necesidades del alma, que afectan de un modo m\u00e1s marcado a las personas con carencias materiales y sociales.\u00bb<\/p>\n<p><b>Javier Marrod\u00e1n<\/b>, de Pamplona (Espa\u00f1a) se ordenar\u00e1 despu\u00e9s de una larga trayectoria profesional en el periodismo y la docencia. Trabaj\u00f3 en Diario de Navarra entre 1988 y 2007, y despu\u00e9s en la Facultad de Comunicaci\u00f3n de la Universidad de Navarra, hasta 2019. Cree que puede haber una cierta continuidad en el trabajo pastoral que le espera a partir de ahora: \u201cMe he dedicado durante mucho tiempo a contar historias, y a intentar hacerlo bien \u2014asegura\u2014. Puede haber sido un buen entrenamiento\u201d.<\/p>\n<p>Entre los ordenandos se encuentra el paname\u00f1o\u00a0<b>Giancarlos Candanedo P\u00e1ez<\/b>, abogado y comunicador, quien se dedic\u00f3 al servicio p\u00fablico, la pol\u00edtica y la docencia universitaria. Recuerda que \u201cdesde peque\u00f1o siempre tuve el deseo de servir a mi pa\u00eds a trav\u00e9s de la pol\u00edtica, pero tambi\u00e9n a la Iglesia; pensaba que eso era incompatible. Conocer el mensaje del Opus Dei me hizo ver que todo trabajo honesto se puede y nos puede santificar, tambi\u00e9n la pol\u00edtica y el servicio p\u00fablico\u201d. Y a\u00f1ade: \u201cHoy Dios me pide servirle de otro modo, llevando su Palabra, consuelo y misericordia a todo el mundo. Es una gran responsabilidad que asumo con alegr\u00eda y esperanza\u201d.<\/p>\n<p><b>Jorge Oliveira<\/b>\u00a0procede de Portugal. Tras licenciarse en Ingenier\u00eda Civil en el Instituto Superior T\u00e9cnico ha dedicado su vida profesional a la gesti\u00f3n de proyectos en el sector de la construcci\u00f3n y la banca. Le encanta correr y ha completado cuatro maratones y setenta y dos medias maratones: \u201cNunca pens\u00e9 que Dios me llamar\u00eda para ser sacerdote. S\u00e9 que tengo familia y amigos que rezan por m\u00ed y por los 24 que se ordenar\u00e1n conmigo. Con la mirada en la JMJ de Lisboa y siguiendo el ejemplo del Papa Francisco, me gustar\u00eda que mi vida fuera un servicio alegre a todos, y especialmente a los m\u00e1s j\u00f3venes.\u201d<\/p>\n<p>Los 25 candidatos proceden de Argentina, Brasil, Chile, Costa Rica, Espa\u00f1a, Estados Unidos, M\u00e9xico, Nigeria, Panam\u00e1, Per\u00fa y Portugal. Estos son sus nombres:<\/p>\n<p>Sylvanus Sobechi Elias Asogwa (Nigeria)<br \/>\nRodrigo Ayude Puga (Espa\u00f1a)<br \/>\nAlejandro Bertelsen Simonetti (Chile)<br \/>\nGiancarlos Candanedo P\u00e1ez (Panam\u00e1)<br \/>\n\u00cd\u00f1igo Cort\u00e9s Elorza (Croacia)<br \/>\nJuan Esteban de Sas Rosero (Costa Rica)<br \/>\nH\u00e9ctor Devesa Santacreu (Espa\u00f1a)<br \/>\nPablo Espinosa Malpartida (Espa\u00f1a)<br \/>\nDaniel Alberto Flores Gonz\u00e1lez (M\u00e9xico)<br \/>\nFrancisco de Castilho Monteiro Gil Serrano (Portugal)<br \/>\nRoberto Edgard Hernani G\u00f3mez (Per\u00fa)<br \/>\nJuan Ignacio Izquierdo H\u00fcbner (Chile)<br \/>\nBorja Lle\u00f3 de Nalda (Espa\u00f1a)<br \/>\nAlexandre Madruga da Costa Ara\u00fajo (Brasil)<br \/>\nJavier Marrod\u00e1n Ciordia (Espa\u00f1a)<br \/>\nJos\u00e9 Mar\u00eda Mart\u00ednez Ortega (Espa\u00f1a)<br \/>\nPhilip Moss (Estados Unidos)<br \/>\nVitus Chekwube Ntube (Nigeria)<br \/>\nJorge Oliveira (Portugal)<br \/>\nAgaba Simon Otache (Nigeria)<br \/>\nFerran Parcerisa Pujol (Espa\u00f1a)<br \/>\nUx\u00edo Rojo Otero (Espa\u00f1a)<br \/>\nPablo Taberner Sanchis (Espa\u00f1a)<br \/>\nPablo Osvaldo Tevere (Argentina)<br \/>\nRodrigo Vera Aguilar (M\u00e9xico)<\/p>\n","protected":false},"excerpt":{"rendered":"<p>El pr\u00f3ximo s\u00e1bado 20 de mayo en la bas\u00edlica de San Eugenio (Roma)<\/p>\n","protected":false},"author":15,"featured_media":76189,"comment_status":"closed","ping_status":"closed","sticky":false,"template":"","format":"standard","meta":{"_acf_changed":false,"_crdt_document":"","inline_featured_image":false,"footnotes":""},"categories":[74],"tags":[9199,2448,9196,1781,2718,4953],"class_list":["post-76188","post","type-post","status-publish","format-standard","has-post-thumbnail","hentry","category-iglesia-y-mundo","tag-lazzaro-you-heung-sik-3","tag-opus-dei-es","tag-ordenaciones","tag-ordenaciones-sacerdotales","tag-sacerdotes","tag-trending-es"],"acf":[],"yoast_head":"<!-- This site is optimized with the Yoast SEO plugin v27.4 - https:\/\/yoast.com\/product\/yoast-seo-wordpress\/ -->\n<title>El cardenal Lazzaro You Heung-sik ordenar\u00e1 25 sacerdotes del Opus Dei &#8211; Exaudi<\/title>\n<meta name=\"robots\" content=\"index, follow, max-snippet:-1, max-image-preview:large, max-video-preview:-1\" \/>\n<link rel=\"canonical\" href=\"https:\/\/exaudi.org\/es\/el-cardenal-lazzaro-you-heung-sik-ordenara-25-sacerdotes-del-opus-dei\/\" \/>\n<meta property=\"og:locale\" content=\"es_ES\" \/>\n<meta property=\"og:type\" content=\"article\" \/>\n<meta property=\"og:title\" content=\"El cardenal Lazzaro You Heung-sik ordenar\u00e1 25 sacerdotes del Opus Dei &#8211; Exaudi\" \/>\n<meta property=\"og:description\" content=\"El pr\u00f3ximo s\u00e1bado 20 de mayo en la bas\u00edlica de San Eugenio (Roma)\" \/>\n<meta property=\"og:url\" content=\"https:\/\/exaudi.org\/es\/el-cardenal-lazzaro-you-heung-sik-ordenara-25-sacerdotes-del-opus-dei\/\" \/>\n<meta property=\"og:site_name\" content=\"Exaudi\" \/>\n<meta property=\"article:publisher\" content=\"https:\/\/www.facebook.com\/ExaudiNews\" \/>\n<meta property=\"article:author\" content=\"https:\/\/www.facebook.com\/ExaudiNoticias\/\" \/>\n<meta property=\"article:published_time\" content=\"2023-05-17T08:46:24+00:00\" \/>\n<meta property=\"article:modified_time\" content=\"2023-05-17T08:55:56+00:00\" \/>\n<meta property=\"og:image\" content=\"https:\/\/exaudi.org\/wp-content\/uploads\/2023\/05\/image.jpg\" \/>\n\t<meta property=\"og:image:width\" content=\"1200\" \/>\n\t<meta property=\"og:image:height\" content=\"740\" \/>\n\t<meta property=\"og:image:type\" content=\"image\/jpeg\" \/>\n<meta name=\"author\" content=\"Exaudi Redacci\u00f3n\" \/>\n<meta name=\"twitter:card\" content=\"summary_large_image\" \/>\n<meta name=\"twitter:creator\" content=\"@Exaudi_noticias\" \/>\n<meta name=\"twitter:site\" content=\"@Exaudi_News\" \/>\n<meta name=\"twitter:label1\" content=\"Escrito por\" \/>\n\t<meta name=\"twitter:data1\" content=\"Exaudi Redacci\u00f3n\" \/>\n\t<meta name=\"twitter:label2\" content=\"Tiempo de lectura\" \/>\n\t<meta name=\"twitter:data2\" content=\"4 minutos\" \/>\n<script type=\"application\/ld+json\" class=\"yoast-schema-graph\">{\"@context\":\"https:\\\/\\\/schema.org\",\"@graph\":[{\"@type\":\"Article\",\"@id\":\"https:\\\/\\\/exaudi.org\\\/es\\\/el-cardenal-lazzaro-you-heung-sik-ordenara-25-sacerdotes-del-opus-dei\\\/#article\",\"isPartOf\":{\"@id\":\"https:\\\/\\\/exaudi.org\\\/es\\\/el-cardenal-lazzaro-you-heung-sik-ordenara-25-sacerdotes-del-opus-dei\\\/\"},\"author\":{\"name\":\"Exaudi Redacci\u00f3n\",\"@id\":\"https:\\\/\\\/exaudi.org\\\/#\\\/schema\\\/person\\\/f5fc8f063065e38742da7afe15f25df7\"},\"headline\":\"El cardenal Lazzaro You Heung-sik ordenar\u00e1 25 sacerdotes del Opus Dei\",\"datePublished\":\"2023-05-17T08:46:24+00:00\",\"dateModified\":\"2023-05-17T08:55:56+00:00\",\"mainEntityOfPage\":{\"@id\":\"https:\\\/\\\/exaudi.org\\\/es\\\/el-cardenal-lazzaro-you-heung-sik-ordenara-25-sacerdotes-del-opus-dei\\\/\"},\"wordCount\":851,\"image\":{\"@id\":\"https:\\\/\\\/exaudi.org\\\/es\\\/el-cardenal-lazzaro-you-heung-sik-ordenara-25-sacerdotes-del-opus-dei\\\/#primaryimage\"},\"thumbnailUrl\":\"https:\\\/\\\/exaudi.org\\\/wp-content\\\/uploads\\\/2023\\\/05\\\/image.jpg\",\"keywords\":[\"Lazzaro You Heung-sik\",\"Opus Dei\",\"Ordenaciones\",\"ordenaciones sacerdotales\",\"Sacerdotes\",\"Trending\"],\"articleSection\":[\"Iglesia y Mundo\"],\"inLanguage\":\"es\"},{\"@type\":\"WebPage\",\"@id\":\"https:\\\/\\\/exaudi.org\\\/es\\\/el-cardenal-lazzaro-you-heung-sik-ordenara-25-sacerdotes-del-opus-dei\\\/\",\"url\":\"https:\\\/\\\/exaudi.org\\\/es\\\/el-cardenal-lazzaro-you-heung-sik-ordenara-25-sacerdotes-del-opus-dei\\\/\",\"name\":\"El cardenal Lazzaro You Heung-sik ordenar\u00e1 25 sacerdotes del Opus Dei &#8211; Exaudi\",\"isPartOf\":{\"@id\":\"https:\\\/\\\/exaudi.org\\\/#website\"},\"primaryImageOfPage\":{\"@id\":\"https:\\\/\\\/exaudi.org\\\/es\\\/el-cardenal-lazzaro-you-heung-sik-ordenara-25-sacerdotes-del-opus-dei\\\/#primaryimage\"},\"image\":{\"@id\":\"https:\\\/\\\/exaudi.org\\\/es\\\/el-cardenal-lazzaro-you-heung-sik-ordenara-25-sacerdotes-del-opus-dei\\\/#primaryimage\"},\"thumbnailUrl\":\"https:\\\/\\\/exaudi.org\\\/wp-content\\\/uploads\\\/2023\\\/05\\\/image.jpg\",\"datePublished\":\"2023-05-17T08:46:24+00:00\",\"dateModified\":\"2023-05-17T08:55:56+00:00\",\"author\":{\"@id\":\"https:\\\/\\\/exaudi.org\\\/#\\\/schema\\\/person\\\/f5fc8f063065e38742da7afe15f25df7\"},\"breadcrumb\":{\"@id\":\"https:\\\/\\\/exaudi.org\\\/es\\\/el-cardenal-lazzaro-you-heung-sik-ordenara-25-sacerdotes-del-opus-dei\\\/#breadcrumb\"},\"inLanguage\":\"es\",\"potentialAction\":[{\"@type\":\"ReadAction\",\"target\":[\"https:\\\/\\\/exaudi.org\\\/es\\\/el-cardenal-lazzaro-you-heung-sik-ordenara-25-sacerdotes-del-opus-dei\\\/\"]}]},{\"@type\":\"ImageObject\",\"inLanguage\":\"es\",\"@id\":\"https:\\\/\\\/exaudi.org\\\/es\\\/el-cardenal-lazzaro-you-heung-sik-ordenara-25-sacerdotes-del-opus-dei\\\/#primaryimage\",\"url\":\"https:\\\/\\\/exaudi.org\\\/wp-content\\\/uploads\\\/2023\\\/05\\\/image.jpg\",\"contentUrl\":\"https:\\\/\\\/exaudi.org\\\/wp-content\\\/uploads\\\/2023\\\/05\\\/image.jpg\",\"width\":1200,\"height\":740},{\"@type\":\"BreadcrumbList\",\"@id\":\"https:\\\/\\\/exaudi.org\\\/es\\\/el-cardenal-lazzaro-you-heung-sik-ordenara-25-sacerdotes-del-opus-dei\\\/#breadcrumb\",\"itemListElement\":[{\"@type\":\"ListItem\",\"position\":1,\"name\":\"Portada\",\"item\":\"https:\\\/\\\/exaudi.org\\\/es\\\/\"},{\"@type\":\"ListItem\",\"position\":2,\"name\":\"El cardenal Lazzaro You Heung-sik ordenar\u00e1 25 sacerdotes del Opus Dei\"}]},{\"@type\":\"WebSite\",\"@id\":\"https:\\\/\\\/exaudi.org\\\/#website\",\"url\":\"https:\\\/\\\/exaudi.org\\\/\",\"name\":\"Exaudi\",\"description\":\"News\",\"potentialAction\":[{\"@type\":\"SearchAction\",\"target\":{\"@type\":\"EntryPoint\",\"urlTemplate\":\"https:\\\/\\\/exaudi.org\\\/?s={search_term_string}\"},\"query-input\":{\"@type\":\"PropertyValueSpecification\",\"valueRequired\":true,\"valueName\":\"search_term_string\"}}],\"inLanguage\":\"es\"},{\"@type\":\"Person\",\"@id\":\"https:\\\/\\\/exaudi.org\\\/#\\\/schema\\\/person\\\/f5fc8f063065e38742da7afe15f25df7\",\"name\":\"Exaudi Redacci\u00f3n\",\"image\":{\"@type\":\"ImageObject\",\"inLanguage\":\"es\",\"@id\":\"https:\\\/\\\/secure.gravatar.com\\\/avatar\\\/fe0f6a059fb68d9b3e11bc5850dd4899b1c7492091a3cb6dd9b01b56ad828be2?s=96&d=mm&r=g\",\"url\":\"https:\\\/\\\/secure.gravatar.com\\\/avatar\\\/fe0f6a059fb68d9b3e11bc5850dd4899b1c7492091a3cb6dd9b01b56ad828be2?s=96&d=mm&r=g\",\"contentUrl\":\"https:\\\/\\\/secure.gravatar.com\\\/avatar\\\/fe0f6a059fb68d9b3e11bc5850dd4899b1c7492091a3cb6dd9b01b56ad828be2?s=96&d=mm&r=g\",\"caption\":\"Exaudi Redacci\u00f3n\"},\"description\":\"\u00bfQu\u00e9 es Exaudi News? Exaudi News es un medio de comunicaci\u00f3n cat\u00f3lico internacional que informa, forma y transforma, diariamente en espa\u00f1ol, ingl\u00e9s e italiano. A trav\u00e9s de noticias, art\u00edculos de an\u00e1lisis y transmisiones en directo de los eventos del Papa, Exaudi busca fortalecer la unidad de los cristianos y contribuir a la evangelizaci\u00f3n del mundo, siempre guiados por la doctrina social de la Iglesia. Trabajamos para acercar la verdad y los valores cristianos a cada rinc\u00f3n del planeta. \u00a1Ay\u00fadanos a transformar el mundo con Exaudi! En Exaudi creemos que la evangelizaci\u00f3n y la informaci\u00f3n de calidad pueden cambiar vidas. Para continuar con nuestra misi\u00f3n y expandir nuestro alcance, necesitamos tu ayuda. Adem\u00e1s, buscamos personas comprometidas que deseen unirse a nuestro equipo. Con tu apoyo, lograremos llegar a m\u00e1s personas, difundir el mensaje de Cristo y reforzar la unidad de los cristianos. \u00bfTe unes a nuestra misi\u00f3n? Para m\u00e1s informaci\u00f3n sobre c\u00f3mo colaborar, visita Exaudi.org\\\/es o cont\u00e1ctanos directamente: info@exaudi.org Exaudi: Informa, forma y transforma.\",\"sameAs\":[\"https:\\\/\\\/www.facebook.com\\\/ExaudiNoticias\\\/\",\"https:\\\/\\\/www.instagram.com\\\/exaudi_noticias\\\/\",\"https:\\\/\\\/x.com\\\/Exaudi_noticias\",\"https:\\\/\\\/www.youtube.com\\\/@exaudicatholicnews\"],\"url\":\"https:\\\/\\\/exaudi.org\\\/es\\\/author\\\/redaccionexaudi\\\/\"}]}<\/script>\n<!-- \/ Yoast SEO plugin. -->","yoast_head_json":{"title":"El cardenal Lazzaro You Heung-sik ordenar\u00e1 25 sacerdotes del Opus Dei &#8211; Exaudi","robots":{"index":"index","follow":"follow","max-snippet":"max-snippet:-1","max-image-preview":"max-image-preview:large","max-video-preview":"max-video-preview:-1"},"canonical":"https:\/\/exaudi.org\/es\/el-cardenal-lazzaro-you-heung-sik-ordenara-25-sacerdotes-del-opus-dei\/","og_locale":"es_ES","og_type":"article","og_title":"El cardenal Lazzaro You Heung-sik ordenar\u00e1 25 sacerdotes del Opus Dei &#8211; Exaudi","og_description":"El pr\u00f3ximo s\u00e1bado 20 de mayo en la bas\u00edlica de San Eugenio (Roma)","og_url":"https:\/\/exaudi.org\/es\/el-cardenal-lazzaro-you-heung-sik-ordenara-25-sacerdotes-del-opus-dei\/","og_site_name":"Exaudi","article_publisher":"https:\/\/www.facebook.com\/ExaudiNews","article_author":"https:\/\/www.facebook.com\/ExaudiNoticias\/","article_published_time":"2023-05-17T08:46:24+00:00","article_modified_time":"2023-05-17T08:55:56+00:00","og_image":[{"width":1200,"height":740,"url":"https:\/\/exaudi.org\/wp-content\/uploads\/2023\/05\/image.jpg","type":"image\/jpeg"}],"author":"Exaudi Redacci\u00f3n","twitter_card":"summary_large_image","twitter_creator":"@Exaudi_noticias","twitter_site":"@Exaudi_News","twitter_misc":{"Escrito por":"Exaudi Redacci\u00f3n","Tiempo de lectura":"4 minutos"},"schema":{"@context":"https:\/\/schema.org","@graph":[{"@type":"Article","@id":"https:\/\/exaudi.org\/es\/el-cardenal-lazzaro-you-heung-sik-ordenara-25-sacerdotes-del-opus-dei\/#article","isPartOf":{"@id":"https:\/\/exaudi.org\/es\/el-cardenal-lazzaro-you-heung-sik-ordenara-25-sacerdotes-del-opus-dei\/"},"author":{"name":"Exaudi Redacci\u00f3n","@id":"https:\/\/exaudi.org\/#\/schema\/person\/f5fc8f063065e38742da7afe15f25df7"},"headline":"El cardenal Lazzaro You Heung-sik ordenar\u00e1 25 sacerdotes del Opus Dei","datePublished":"2023-05-17T08:46:24+00:00","dateModified":"2023-05-17T08:55:56+00:00","mainEntityOfPage":{"@id":"https:\/\/exaudi.org\/es\/el-cardenal-lazzaro-you-heung-sik-ordenara-25-sacerdotes-del-opus-dei\/"},"wordCount":851,"image":{"@id":"https:\/\/exaudi.org\/es\/el-cardenal-lazzaro-you-heung-sik-ordenara-25-sacerdotes-del-opus-dei\/#primaryimage"},"thumbnailUrl":"https:\/\/exaudi.org\/wp-content\/uploads\/2023\/05\/image.jpg","keywords":["Lazzaro You Heung-sik","Opus Dei","Ordenaciones","ordenaciones sacerdotales","Sacerdotes","Trending"],"articleSection":["Iglesia y Mundo"],"inLanguage":"es"},{"@type":"WebPage","@id":"https:\/\/exaudi.org\/es\/el-cardenal-lazzaro-you-heung-sik-ordenara-25-sacerdotes-del-opus-dei\/","url":"https:\/\/exaudi.org\/es\/el-cardenal-lazzaro-you-heung-sik-ordenara-25-sacerdotes-del-opus-dei\/","name":"El cardenal Lazzaro You Heung-sik ordenar\u00e1 25 sacerdotes del Opus Dei &#8211; Exaudi","isPartOf":{"@id":"https:\/\/exaudi.org\/#website"},"primaryImageOfPage":{"@id":"https:\/\/exaudi.org\/es\/el-cardenal-lazzaro-you-heung-sik-ordenara-25-sacerdotes-del-opus-dei\/#primaryimage"},"image":{"@id":"https:\/\/exaudi.org\/es\/el-cardenal-lazzaro-you-heung-sik-ordenara-25-sacerdotes-del-opus-dei\/#primaryimage"},"thumbnailUrl":"https:\/\/exaudi.org\/wp-content\/uploads\/2023\/05\/image.jpg","datePublished":"2023-05-17T08:46:24+00:00","dateModified":"2023-05-17T08:55:56+00:00","author":{"@id":"https:\/\/exaudi.org\/#\/schema\/person\/f5fc8f063065e38742da7afe15f25df7"},"breadcrumb":{"@id":"https:\/\/exaudi.org\/es\/el-cardenal-lazzaro-you-heung-sik-ordenara-25-sacerdotes-del-opus-dei\/#breadcrumb"},"inLanguage":"es","potentialAction":[{"@type":"ReadAction","target":["https:\/\/exaudi.org\/es\/el-cardenal-lazzaro-you-heung-sik-ordenara-25-sacerdotes-del-opus-dei\/"]}]},{"@type":"ImageObject","inLanguage":"es","@id":"https:\/\/exaudi.org\/es\/el-cardenal-lazzaro-you-heung-sik-ordenara-25-sacerdotes-del-opus-dei\/#primaryimage","url":"https:\/\/exaudi.org\/wp-content\/uploads\/2023\/05\/image.jpg","contentUrl":"https:\/\/exaudi.org\/wp-content\/uploads\/2023\/05\/image.jpg","width":1200,"height":740},{"@type":"BreadcrumbList","@id":"https:\/\/exaudi.org\/es\/el-cardenal-lazzaro-you-heung-sik-ordenara-25-sacerdotes-del-opus-dei\/#breadcrumb","itemListElement":[{"@type":"ListItem","position":1,"name":"Portada","item":"https:\/\/exaudi.org\/es\/"},{"@type":"ListItem","position":2,"name":"El cardenal Lazzaro You Heung-sik ordenar\u00e1 25 sacerdotes del Opus Dei"}]},{"@type":"WebSite","@id":"https:\/\/exaudi.org\/#website","url":"https:\/\/exaudi.org\/","name":"Exaudi","description":"News","potentialAction":[{"@type":"SearchAction","target":{"@type":"EntryPoint","urlTemplate":"https:\/\/exaudi.org\/?s={search_term_string}"},"query-input":{"@type":"PropertyValueSpecification","valueRequired":true,"valueName":"search_term_string"}}],"inLanguage":"es"},{"@type":"Person","@id":"https:\/\/exaudi.org\/#\/schema\/person\/f5fc8f063065e38742da7afe15f25df7","name":"Exaudi Redacci\u00f3n","image":{"@type":"ImageObject","inLanguage":"es","@id":"https:\/\/secure.gravatar.com\/avatar\/fe0f6a059fb68d9b3e11bc5850dd4899b1c7492091a3cb6dd9b01b56ad828be2?s=96&d=mm&r=g","url":"https:\/\/secure.gravatar.com\/avatar\/fe0f6a059fb68d9b3e11bc5850dd4899b1c7492091a3cb6dd9b01b56ad828be2?s=96&d=mm&r=g","contentUrl":"https:\/\/secure.gravatar.com\/avatar\/fe0f6a059fb68d9b3e11bc5850dd4899b1c7492091a3cb6dd9b01b56ad828be2?s=96&d=mm&r=g","caption":"Exaudi Redacci\u00f3n"},"description":"\u00bfQu\u00e9 es Exaudi News? Exaudi News es un medio de comunicaci\u00f3n cat\u00f3lico internacional que informa, forma y transforma, diariamente en espa\u00f1ol, ingl\u00e9s e italiano. A trav\u00e9s de noticias, art\u00edculos de an\u00e1lisis y transmisiones en directo de los eventos del Papa, Exaudi busca fortalecer la unidad de los cristianos y contribuir a la evangelizaci\u00f3n del mundo, siempre guiados por la doctrina social de la Iglesia. Trabajamos para acercar la verdad y los valores cristianos a cada rinc\u00f3n del planeta. \u00a1Ay\u00fadanos a transformar el mundo con Exaudi! En Exaudi creemos que la evangelizaci\u00f3n y la informaci\u00f3n de calidad pueden cambiar vidas. Para continuar con nuestra misi\u00f3n y expandir nuestro alcance, necesitamos tu ayuda. Adem\u00e1s, buscamos personas comprometidas que deseen unirse a nuestro equipo. Con tu apoyo, lograremos llegar a m\u00e1s personas, difundir el mensaje de Cristo y reforzar la unidad de los cristianos. \u00bfTe unes a nuestra misi\u00f3n? Para m\u00e1s informaci\u00f3n sobre c\u00f3mo colaborar, visita Exaudi.org\/es o cont\u00e1ctanos directamente: info@exaudi.org Exaudi: Informa, forma y transforma.","sameAs":["https:\/\/www.facebook.com\/ExaudiNoticias\/","https:\/\/www.instagram.com\/exaudi_noticias\/","https:\/\/x.com\/Exaudi_noticias","https:\/\/www.youtube.com\/@exaudicatholicnews"],"url":"https:\/\/exaudi.org\/es\/author\/redaccionexaudi\/"}]}},"jetpack_featured_media_url":"https:\/\/exaudi.org\/wp-content\/uploads\/2023\/05\/image.jpg","jetpack_shortlink":"https:\/\/wp.me\/pgKjF2-jOQ","_links":{"self":[{"href":"https:\/\/exaudi.org\/es\/wp-json\/wp\/v2\/posts\/76188","targetHints":{"allow":["GET"]}}],"collection":[{"href":"https:\/\/exaudi.org\/es\/wp-json\/wp\/v2\/posts"}],"about":[{"href":"https:\/\/exaudi.org\/es\/wp-json\/wp\/v2\/types\/post"}],"author":[{"embeddable":true,"href":"https:\/\/exaudi.org\/es\/wp-json\/wp\/v2\/users\/15"}],"replies":[{"embeddable":true,"href":"https:\/\/exaudi.org\/es\/wp-json\/wp\/v2\/comments?post=76188"}],"version-history":[{"count":0,"href":"https:\/\/exaudi.org\/es\/wp-json\/wp\/v2\/posts\/76188\/revisions"}],"wp:featuredmedia":[{"embeddable":true,"href":"https:\/\/exaudi.org\/es\/wp-json\/wp\/v2\/media\/76189"}],"wp:attachment":[{"href":"https:\/\/exaudi.org\/es\/wp-json\/wp\/v2\/media?parent=76188"}],"wp:term":[{"taxonomy":"category","embeddable":true,"href":"https:\/\/exaudi.org\/es\/wp-json\/wp\/v2\/categories?post=76188"},{"taxonomy":"post_tag","embeddable":true,"href":"https:\/\/exaudi.org\/es\/wp-json\/wp\/v2\/tags?post=76188"}],"curies":[{"name":"wp","href":"https:\/\/api.w.org\/{rel}","templated":true}]}}