{"id":76171,"date":"2023-05-17T09:22:51","date_gmt":"2023-05-17T07:22:51","guid":{"rendered":"https:\/\/exaudi.org\/?p=76171"},"modified":"2023-05-17T10:26:21","modified_gmt":"2023-05-17T08:26:21","slug":"yo-no-soy-como-los-demas","status":"publish","type":"post","link":"https:\/\/exaudi.org\/es\/yo-no-soy-como-los-demas\/","title":{"rendered":"\u00a1Yo no soy como los dem\u00e1s!"},"content":{"rendered":"<audio class=\"wp-audio-shortcode\" id=\"audio-76171-1\" preload=\"none\" style=\"width: 100%;\" controls=\"controls\"><source type=\"audio\/mpeg\" src=\"https:\/\/exaudi.org\/wp-content\/uploads\/2023\/05\/Arti\u0301culo-17-mayo.mp3?_=1\" \/><a href=\"https:\/\/exaudi.org\/wp-content\/uploads\/2023\/05\/Arti\u0301culo-17-mayo.mp3\">https:\/\/exaudi.org\/wp-content\/uploads\/2023\/05\/Arti\u0301culo-17-mayo.mp3<\/a><\/audio>\n<p>El\u00a0<a href=\"https:\/\/exaudi.org\/es\/author\/felipearizmendi\/\" target=\"_blank\" rel=\"noopener\">cardenal Felipe Arizmendi<\/a>, obispo em\u00e9rito de San Crist\u00f3bal de Las Casas y responsable de la Doctrina de la Fe en la\u00a0<a href=\"https:\/\/www.cem.org.mx\/\" target=\"_blank\" rel=\"noopener\">Conferencia del Episcopado Mexicano (CEM)<\/a>, ofrece a los lectores de Exaudi su art\u00edculo semanal titulado \u00a1\u201cPrimero los pobres\u201d!<\/p>\n<p>***<\/p>\n<p><strong>MIRAR<\/strong><\/p>\n<p>Es frecuente encontrarnos con personas que se creen mejores que los dem\u00e1s, y que por ello se dedican a ofender y descalificar a quien piensa o act\u00faa en forma diferente.<\/p>\n<p>Cuando esto sucede en un matrimonio, ni el esposo ni la esposa aceptan sus errores, sino que s\u00f3lo culpan a la otra parte, y as\u00ed nunca se puede construir la paz y la armon\u00eda familiar. S\u00f3lo se escuchan ofensas, descalificaciones, insultos y se llega f\u00e1cilmente a una separaci\u00f3n. No hay peor enga\u00f1o que el orgullo, que juzga y condena sin misericordia a los dem\u00e1s, y no advierte sus propios pecados.<\/p>\n<p>En la Iglesia puede pasar lo mismo, cuando un creyente se considera perfecto en su fe, intachable en su vida y muy fiel a Dios, y condena a quienes viven aut\u00e9nticamente su fe pero la expresan de otra manera. Como quienes hacen consistir su religi\u00f3n s\u00f3lo en su compromiso social, siempre importante, pero rechazan a quienes insisten m\u00e1s en la lectura de la Palabra de Dios, en la oraci\u00f3n y en las celebraciones religiosas y lit\u00fargicas, y que tambi\u00e9n practican la justicia y la misericordia con los dem\u00e1s, sobre todo con los pobres. Estas divisiones eclesiales son muy tristes y preocupantes. Esto mismo nos ha pasado entre cat\u00f3licos y protestantes, cuando se insiste s\u00f3lo en la Biblia, o s\u00f3lo en los ritos sacramentales. No es cuesti\u00f3n de separar Biblia y ritos, sino unirlos existencialmente, porque eso es lo que Jes\u00fas nos ense\u00f1\u00f3.<\/p>\n<p>En la pol\u00edtica, esas actitudes vanidosas y dictatoriales de algunos dirigentes son lo que m\u00e1s destruye la paz social, que tanto necesitamos. Hay quienes presumen de ser intachables y culpan a otros partidos y gobiernos de todos los males que padece el pa\u00eds; no aceptan sus propios errores. Si les decimos que tenemos otros datos que contradicen sus afirmaciones, nos insultan y hacen todo cuanto pueden para destruirnos. Y a\u00fan as\u00ed, tienen muchos seguidores que no advierten esa soberbia prepotente tan da\u00f1ina y violatoria de la dignidad humana de quienes vemos la realidad desde otros puntos de vista. \u00a1Quiz\u00e1 sea por los beneficios econ\u00f3micos que reciben! No hay que dejarse comprar por d\u00e1divas gubernamentales y ser libres para escoger las mejores opciones a la hora de elegir.<\/p>\n<p><strong>DISCERNIR<\/strong><\/p>\n<p>El Papa Francisco, en su enc\u00edclica <a href=\"https:\/\/exaudi.org\/es\/gaudete-et-exsultate\/\" target=\"_blank\" rel=\"noopener\"><em>Gaudete et exultate<\/em><\/a> sobre la santidad cristiana, comenta una de las <em>bienaventuranzas <\/em>que proclama Jes\u00fas, la mansedumbre, que es la actitud de una persona apacible, benigna, humilde, paciente:<\/p>\n<p><em>\u201cFelices los mansos, porque heredar\u00e1n la tierra (Mt 5,5). Es una expresi\u00f3n fuerte, en este mundo que desde el inicio es un lugar de enemistad, donde se ri\u00f1e por doquier, donde por todos lados hay odio, donde constantemente clasificamos a los dem\u00e1s por sus ideas, por sus costumbres, y hasta por su forma de hablar o de vestir. En definitiva, es el reino del orgullo y de la vanidad, donde cada uno se cree con el derecho de alzarse por encima de los otros. Sin embargo, aunque parezca imposible, Jes\u00fas propone otro estilo: la mansedumbre. Es lo que \u00e9l practicaba con sus propios disc\u00edpulos y lo que contemplamos en su entrada a Jerusal\u00e9n: \u00abMira a tu rey, que viene a ti, humilde, montado en una borrica\u00bb (Mt 21,5; cf. Za 9,9).<\/em><\/p>\n<p><em>\u00c9l dijo: \u00abAprended de m\u00ed, que soy manso y humilde de coraz\u00f3n, y encontrar\u00e9is descanso para vuestras almas\u00bb (Mt 11,29). Si vivimos tensos, engre\u00eddos ante los dem\u00e1s, terminamos cansados y agotados. Pero cuando miramos sus l\u00edmites y defectos con ternura y mansedumbre, sin sentirnos m\u00e1s que ellos, podemos darles una mano y evitamos desgastar energ\u00edas en lamentos in\u00fatiles. Para santa Teresa de Lisieux \u00abla caridad perfecta consiste en soportar los defectos de los dem\u00e1s, en no escandalizarse de sus debilidades\u201d <\/em>(71-72).<\/p>\n<p><em>\u201cPablo menciona la mansedumbre como un fruto del Esp\u00edritu Santo (cf. Ga 5,23). Propone que, si alguna vez nos preocupan las malas acciones del hermano, nos acerquemos a corregirle, pero \u00abcon esp\u00edritu de mansedumbre\u00bb (Ga 6,1), y recuerda: \u00abPiensa que tambi\u00e9n t\u00fa puedes ser tentado\u00bb (ib\u00edd.). Aun cuando uno defienda su fe y sus convicciones debe hacerlo con mansedumbre (cf. 1 P 3,16), y hasta los adversarios deben ser tratados con mansedumbre (cf. 2 Tm 2,25). En la Iglesia muchas veces nos hemos equivocado por no haber acogido este pedido de la Palabra divina\u201d <\/em>(73).<\/p>\n<p><em>\u201cLa mansedumbre es otra expresi\u00f3n de la pobreza interior, de quien deposita su confianza solo en Dios. De hecho, en la Biblia suele usarse la misma palabra anawin para referirse a los pobres y a los mansos. Alguien podr\u00eda objetar: \u00abSi yo soy tan manso, pensar\u00e1n que soy un necio, que soy tonto o d\u00e9bil\u00bb. Tal vez sea as\u00ed, pero dejemos que los dem\u00e1s piensen esto. Es mejor ser siempre mansos, y se cumplir\u00e1n nuestros mayores anhelos: los mansos \u00abposeer\u00e1n la tierra\u00bb, es decir, ver\u00e1n cumplidas en sus vidas las promesas de Dios. Porque los mansos, m\u00e1s all\u00e1 de lo que digan las circunstancias, esperan en el Se\u00f1or, y los que esperan en el Se\u00f1or poseer\u00e1n la tierra y gozar\u00e1n de inmensa paz (cf. Sal 37,9.11). Al mismo tiempo, el Se\u00f1or conf\u00eda en ellos: \u00abEn ese pondr\u00e9 mis ojos, en el humilde y el abatido, que se estremece ante mis palabras\u00bb (Is 66,2) <\/em>(74).<\/p>\n<p><strong>ACTUAR<\/strong><\/p>\n<p>Pidamos a Dios la virtud de ser mansos, sencillos, pacientes, humildes, amables, benignos, bondadosos, aunque algunos se burlen de nosotros. Ciertamente no hay que permitir que abusen de nosotros, pero no respondamos con insultos y ofensas, ni usemos calificativos condenatorios hacia quienes van por otros leg\u00edtimos caminos.<\/p>\n<p><img loading=\"lazy\" decoding=\"async\" class=\"alignleft size-full wp-image-76185\" src=\"https:\/\/exaudi.org\/wp-content\/uploads\/2023\/05\/Arizmendi.jpg\" alt=\"\" width=\"1080\" height=\"1080\" srcset=\"https:\/\/exaudi.org\/wp-content\/uploads\/2023\/05\/Arizmendi.jpg 1080w, https:\/\/exaudi.org\/wp-content\/uploads\/2023\/05\/Arizmendi-300x300.jpg 300w, https:\/\/exaudi.org\/wp-content\/uploads\/2023\/05\/Arizmendi-1024x1024.jpg 1024w, https:\/\/exaudi.org\/wp-content\/uploads\/2023\/05\/Arizmendi-100x100.jpg?crop=1 100w, https:\/\/exaudi.org\/wp-content\/uploads\/2023\/05\/Arizmendi-770x770.jpg 770w, https:\/\/exaudi.org\/wp-content\/uploads\/2023\/05\/Arizmendi-500x500.jpg 500w, https:\/\/exaudi.org\/wp-content\/uploads\/2023\/05\/Arizmendi-293x293.jpg 293w, https:\/\/exaudi.org\/wp-content\/uploads\/2023\/05\/Arizmendi-390x390.jpg 390w, https:\/\/exaudi.org\/wp-content\/uploads\/2023\/05\/Arizmendi-585x585.jpg 585w, https:\/\/exaudi.org\/wp-content\/uploads\/2023\/05\/Arizmendi-900x900.jpg 900w\" sizes=\"auto, (max-width: 1080px) 100vw, 1080px\" \/><\/p>\n","protected":false},"excerpt":{"rendered":"<p>Pidamos a Dios la virtud de ser mansos, sencillos, pacientes, humildes, amables, benignos, bondadosos<\/p>\n","protected":false},"author":24,"featured_media":76175,"comment_status":"closed","ping_status":"closed","sticky":false,"template":"","format":"standard","meta":{"_acf_changed":false,"_crdt_document":"","inline_featured_image":false,"footnotes":""},"categories":[130],"tags":[9192,9193,9194,9189,9191,9190,4953],"class_list":["post-76171","post","type-post","status-publish","format-standard","has-post-thumbnail","hentry","category-voces","tag-amables","tag-benignos","tag-bondadosos","tag-mansos","tag-pacientes","tag-sencillos","tag-trending-es"],"acf":[],"yoast_head":"<!-- This site is optimized with the Yoast SEO plugin v27.4 - https:\/\/yoast.com\/product\/yoast-seo-wordpress\/ -->\n<title>\u00a1Yo no soy como los dem\u00e1s! &#8211; Exaudi<\/title>\n<meta name=\"robots\" content=\"index, follow, max-snippet:-1, max-image-preview:large, max-video-preview:-1\" \/>\n<link rel=\"canonical\" href=\"https:\/\/exaudi.org\/es\/yo-no-soy-como-los-demas\/\" \/>\n<meta property=\"og:locale\" content=\"es_ES\" \/>\n<meta property=\"og:type\" content=\"article\" \/>\n<meta property=\"og:title\" content=\"\u00a1Yo no soy como los dem\u00e1s! &#8211; Exaudi\" \/>\n<meta property=\"og:description\" content=\"Pidamos a Dios la virtud de ser mansos, sencillos, pacientes, humildes, amables, benignos, bondadosos\" \/>\n<meta property=\"og:url\" content=\"https:\/\/exaudi.org\/es\/yo-no-soy-como-los-demas\/\" \/>\n<meta property=\"og:site_name\" content=\"Exaudi\" \/>\n<meta property=\"article:publisher\" content=\"https:\/\/www.facebook.com\/ExaudiNews\" \/>\n<meta property=\"article:published_time\" content=\"2023-05-17T07:22:51+00:00\" \/>\n<meta property=\"article:modified_time\" content=\"2023-05-17T08:26:21+00:00\" \/>\n<meta property=\"og:image\" content=\"https:\/\/exaudi.org\/wp-content\/uploads\/2023\/05\/pexels-kevin-malik-9017632-scaled.jpg\" \/>\n\t<meta property=\"og:image:width\" content=\"2560\" \/>\n\t<meta property=\"og:image:height\" content=\"1707\" \/>\n\t<meta property=\"og:image:type\" content=\"image\/jpeg\" \/>\n<meta name=\"author\" content=\"Cardenal Felipe Arizmendi\" \/>\n<meta name=\"twitter:card\" content=\"summary_large_image\" \/>\n<meta name=\"twitter:creator\" content=\"@Exaudi_News\" \/>\n<meta name=\"twitter:site\" content=\"@Exaudi_News\" \/>\n<meta name=\"twitter:label1\" content=\"Escrito por\" \/>\n\t<meta name=\"twitter:data1\" content=\"Cardenal Felipe Arizmendi\" \/>\n\t<meta name=\"twitter:label2\" content=\"Tiempo de lectura\" \/>\n\t<meta name=\"twitter:data2\" content=\"5 minutos\" \/>\n<script type=\"application\/ld+json\" class=\"yoast-schema-graph\">{\"@context\":\"https:\\\/\\\/schema.org\",\"@graph\":[{\"@type\":\"Article\",\"@id\":\"https:\\\/\\\/exaudi.org\\\/es\\\/yo-no-soy-como-los-demas\\\/#article\",\"isPartOf\":{\"@id\":\"https:\\\/\\\/exaudi.org\\\/es\\\/yo-no-soy-como-los-demas\\\/\"},\"author\":{\"name\":\"Cardenal Felipe Arizmendi\",\"@id\":\"https:\\\/\\\/exaudi.org\\\/#\\\/schema\\\/person\\\/c7d223f87e58f1105d044d8da1439102\"},\"headline\":\"\u00a1Yo no soy como los dem\u00e1s!\",\"datePublished\":\"2023-05-17T07:22:51+00:00\",\"dateModified\":\"2023-05-17T08:26:21+00:00\",\"mainEntityOfPage\":{\"@id\":\"https:\\\/\\\/exaudi.org\\\/es\\\/yo-no-soy-como-los-demas\\\/\"},\"wordCount\":1029,\"image\":{\"@id\":\"https:\\\/\\\/exaudi.org\\\/es\\\/yo-no-soy-como-los-demas\\\/#primaryimage\"},\"thumbnailUrl\":\"https:\\\/\\\/exaudi.org\\\/wp-content\\\/uploads\\\/2023\\\/05\\\/pexels-kevin-malik-9017632-scaled.jpg\",\"keywords\":[\"amables\",\"benignos\",\"bondadosos\",\"mansos\",\"pacientes\",\"sencillos\",\"Trending\"],\"articleSection\":[\"Voces\"],\"inLanguage\":\"es\"},{\"@type\":\"WebPage\",\"@id\":\"https:\\\/\\\/exaudi.org\\\/es\\\/yo-no-soy-como-los-demas\\\/\",\"url\":\"https:\\\/\\\/exaudi.org\\\/es\\\/yo-no-soy-como-los-demas\\\/\",\"name\":\"\u00a1Yo no soy como los dem\u00e1s! &#8211; Exaudi\",\"isPartOf\":{\"@id\":\"https:\\\/\\\/exaudi.org\\\/#website\"},\"primaryImageOfPage\":{\"@id\":\"https:\\\/\\\/exaudi.org\\\/es\\\/yo-no-soy-como-los-demas\\\/#primaryimage\"},\"image\":{\"@id\":\"https:\\\/\\\/exaudi.org\\\/es\\\/yo-no-soy-como-los-demas\\\/#primaryimage\"},\"thumbnailUrl\":\"https:\\\/\\\/exaudi.org\\\/wp-content\\\/uploads\\\/2023\\\/05\\\/pexels-kevin-malik-9017632-scaled.jpg\",\"datePublished\":\"2023-05-17T07:22:51+00:00\",\"dateModified\":\"2023-05-17T08:26:21+00:00\",\"author\":{\"@id\":\"https:\\\/\\\/exaudi.org\\\/#\\\/schema\\\/person\\\/c7d223f87e58f1105d044d8da1439102\"},\"breadcrumb\":{\"@id\":\"https:\\\/\\\/exaudi.org\\\/es\\\/yo-no-soy-como-los-demas\\\/#breadcrumb\"},\"inLanguage\":\"es\",\"potentialAction\":[{\"@type\":\"ReadAction\",\"target\":[\"https:\\\/\\\/exaudi.org\\\/es\\\/yo-no-soy-como-los-demas\\\/\"]}]},{\"@type\":\"ImageObject\",\"inLanguage\":\"es\",\"@id\":\"https:\\\/\\\/exaudi.org\\\/es\\\/yo-no-soy-como-los-demas\\\/#primaryimage\",\"url\":\"https:\\\/\\\/exaudi.org\\\/wp-content\\\/uploads\\\/2023\\\/05\\\/pexels-kevin-malik-9017632-scaled.jpg\",\"contentUrl\":\"https:\\\/\\\/exaudi.org\\\/wp-content\\\/uploads\\\/2023\\\/05\\\/pexels-kevin-malik-9017632-scaled.jpg\",\"width\":2560,\"height\":1707,\"caption\":\"Pexels\"},{\"@type\":\"BreadcrumbList\",\"@id\":\"https:\\\/\\\/exaudi.org\\\/es\\\/yo-no-soy-como-los-demas\\\/#breadcrumb\",\"itemListElement\":[{\"@type\":\"ListItem\",\"position\":1,\"name\":\"Portada\",\"item\":\"https:\\\/\\\/exaudi.org\\\/es\\\/\"},{\"@type\":\"ListItem\",\"position\":2,\"name\":\"\u00a1Yo no soy como los dem\u00e1s!\"}]},{\"@type\":\"WebSite\",\"@id\":\"https:\\\/\\\/exaudi.org\\\/#website\",\"url\":\"https:\\\/\\\/exaudi.org\\\/\",\"name\":\"Exaudi\",\"description\":\"News\",\"potentialAction\":[{\"@type\":\"SearchAction\",\"target\":{\"@type\":\"EntryPoint\",\"urlTemplate\":\"https:\\\/\\\/exaudi.org\\\/?s={search_term_string}\"},\"query-input\":{\"@type\":\"PropertyValueSpecification\",\"valueRequired\":true,\"valueName\":\"search_term_string\"}}],\"inLanguage\":\"es\"},{\"@type\":\"Person\",\"@id\":\"https:\\\/\\\/exaudi.org\\\/#\\\/schema\\\/person\\\/c7d223f87e58f1105d044d8da1439102\",\"name\":\"Cardenal Felipe Arizmendi\",\"image\":{\"@type\":\"ImageObject\",\"inLanguage\":\"es\",\"@id\":\"https:\\\/\\\/secure.gravatar.com\\\/avatar\\\/4ffc5520d896b86d39346168903de33a17ef0f23d16de0ff45062c1ff422ed2f?s=96&d=mm&r=g\",\"url\":\"https:\\\/\\\/secure.gravatar.com\\\/avatar\\\/4ffc5520d896b86d39346168903de33a17ef0f23d16de0ff45062c1ff422ed2f?s=96&d=mm&r=g\",\"contentUrl\":\"https:\\\/\\\/secure.gravatar.com\\\/avatar\\\/4ffc5520d896b86d39346168903de33a17ef0f23d16de0ff45062c1ff422ed2f?s=96&d=mm&r=g\",\"caption\":\"Cardenal Felipe Arizmendi\"},\"description\":\"Nacido en Chiltepec el 1 de mayo de 1940. Estudi\u00f3 Humanidades y Filosof\u00eda en el Seminario de Toluca, de 1952 a 1959. Curs\u00f3 la Teolog\u00eda en la Universidad Pontificia de Salamanca, Espa\u00f1a, de 1959 a 1963, obteniendo la licenciatura en Teolog\u00eda Dogm\u00e1tica. Por su cuenta, se especializ\u00f3 en Liturgia. Fue ordenado sacerdote el 25 de agosto de 1963 en Toluca. Sirvi\u00f3 como Vicario Parroquial en tres parroquias por tres a\u00f1os y medio y fue p\u00e1rroco de una comunidad ind\u00edgena otom\u00ed, de 1967 a 1970. Fue Director Espiritual del Seminario de Toluca por diez a\u00f1os, y Rector del mismo de 1981 a 1991. El 7 de marzo de 1991, fue ordenado obispo de la di\u00f3cesis de Tapachula, donde estuvo hasta el 30 de abril del a\u00f1o 2000. El 1 de mayo del 2000, inici\u00f3 su ministerio episcopal como XLVI obispo de la di\u00f3cesis de San Crist\u00f3bal de las Casas, Chiapas, una de las di\u00f3cesis m\u00e1s antiguas de M\u00e9xico, erigida en 1539; all\u00ed sirvi\u00f3 por casi 18 a\u00f1os. Ha ocupado diversos cargos en la Conferencia del Episcopado Mexicano y en el CELAM. El 3 de noviembre de 2017, el Papa Francisco le acept\u00f3, por edad, su renuncia al servicio episcopal en esta di\u00f3cesis, que entreg\u00f3 a su sucesor el 3 de enero de 2018. Desde entonces, reside en la ciudad de Toluca. Desde 1979, escribe art\u00edculos de actualidad en varios medios religiosos y civiles. Es autor de varias publicaciones.\",\"url\":\"https:\\\/\\\/exaudi.org\\\/es\\\/author\\\/felipearizmendi\\\/\"}]}<\/script>\n<!-- \/ Yoast SEO plugin. -->","yoast_head_json":{"title":"\u00a1Yo no soy como los dem\u00e1s! &#8211; Exaudi","robots":{"index":"index","follow":"follow","max-snippet":"max-snippet:-1","max-image-preview":"max-image-preview:large","max-video-preview":"max-video-preview:-1"},"canonical":"https:\/\/exaudi.org\/es\/yo-no-soy-como-los-demas\/","og_locale":"es_ES","og_type":"article","og_title":"\u00a1Yo no soy como los dem\u00e1s! &#8211; Exaudi","og_description":"Pidamos a Dios la virtud de ser mansos, sencillos, pacientes, humildes, amables, benignos, bondadosos","og_url":"https:\/\/exaudi.org\/es\/yo-no-soy-como-los-demas\/","og_site_name":"Exaudi","article_publisher":"https:\/\/www.facebook.com\/ExaudiNews","article_published_time":"2023-05-17T07:22:51+00:00","article_modified_time":"2023-05-17T08:26:21+00:00","og_image":[{"width":2560,"height":1707,"url":"https:\/\/exaudi.org\/wp-content\/uploads\/2023\/05\/pexels-kevin-malik-9017632-scaled.jpg","type":"image\/jpeg"}],"author":"Cardenal Felipe Arizmendi","twitter_card":"summary_large_image","twitter_creator":"@Exaudi_News","twitter_site":"@Exaudi_News","twitter_misc":{"Escrito por":"Cardenal Felipe Arizmendi","Tiempo de lectura":"5 minutos"},"schema":{"@context":"https:\/\/schema.org","@graph":[{"@type":"Article","@id":"https:\/\/exaudi.org\/es\/yo-no-soy-como-los-demas\/#article","isPartOf":{"@id":"https:\/\/exaudi.org\/es\/yo-no-soy-como-los-demas\/"},"author":{"name":"Cardenal Felipe Arizmendi","@id":"https:\/\/exaudi.org\/#\/schema\/person\/c7d223f87e58f1105d044d8da1439102"},"headline":"\u00a1Yo no soy como los dem\u00e1s!","datePublished":"2023-05-17T07:22:51+00:00","dateModified":"2023-05-17T08:26:21+00:00","mainEntityOfPage":{"@id":"https:\/\/exaudi.org\/es\/yo-no-soy-como-los-demas\/"},"wordCount":1029,"image":{"@id":"https:\/\/exaudi.org\/es\/yo-no-soy-como-los-demas\/#primaryimage"},"thumbnailUrl":"https:\/\/exaudi.org\/wp-content\/uploads\/2023\/05\/pexels-kevin-malik-9017632-scaled.jpg","keywords":["amables","benignos","bondadosos","mansos","pacientes","sencillos","Trending"],"articleSection":["Voces"],"inLanguage":"es"},{"@type":"WebPage","@id":"https:\/\/exaudi.org\/es\/yo-no-soy-como-los-demas\/","url":"https:\/\/exaudi.org\/es\/yo-no-soy-como-los-demas\/","name":"\u00a1Yo no soy como los dem\u00e1s! &#8211; Exaudi","isPartOf":{"@id":"https:\/\/exaudi.org\/#website"},"primaryImageOfPage":{"@id":"https:\/\/exaudi.org\/es\/yo-no-soy-como-los-demas\/#primaryimage"},"image":{"@id":"https:\/\/exaudi.org\/es\/yo-no-soy-como-los-demas\/#primaryimage"},"thumbnailUrl":"https:\/\/exaudi.org\/wp-content\/uploads\/2023\/05\/pexels-kevin-malik-9017632-scaled.jpg","datePublished":"2023-05-17T07:22:51+00:00","dateModified":"2023-05-17T08:26:21+00:00","author":{"@id":"https:\/\/exaudi.org\/#\/schema\/person\/c7d223f87e58f1105d044d8da1439102"},"breadcrumb":{"@id":"https:\/\/exaudi.org\/es\/yo-no-soy-como-los-demas\/#breadcrumb"},"inLanguage":"es","potentialAction":[{"@type":"ReadAction","target":["https:\/\/exaudi.org\/es\/yo-no-soy-como-los-demas\/"]}]},{"@type":"ImageObject","inLanguage":"es","@id":"https:\/\/exaudi.org\/es\/yo-no-soy-como-los-demas\/#primaryimage","url":"https:\/\/exaudi.org\/wp-content\/uploads\/2023\/05\/pexels-kevin-malik-9017632-scaled.jpg","contentUrl":"https:\/\/exaudi.org\/wp-content\/uploads\/2023\/05\/pexels-kevin-malik-9017632-scaled.jpg","width":2560,"height":1707,"caption":"Pexels"},{"@type":"BreadcrumbList","@id":"https:\/\/exaudi.org\/es\/yo-no-soy-como-los-demas\/#breadcrumb","itemListElement":[{"@type":"ListItem","position":1,"name":"Portada","item":"https:\/\/exaudi.org\/es\/"},{"@type":"ListItem","position":2,"name":"\u00a1Yo no soy como los dem\u00e1s!"}]},{"@type":"WebSite","@id":"https:\/\/exaudi.org\/#website","url":"https:\/\/exaudi.org\/","name":"Exaudi","description":"News","potentialAction":[{"@type":"SearchAction","target":{"@type":"EntryPoint","urlTemplate":"https:\/\/exaudi.org\/?s={search_term_string}"},"query-input":{"@type":"PropertyValueSpecification","valueRequired":true,"valueName":"search_term_string"}}],"inLanguage":"es"},{"@type":"Person","@id":"https:\/\/exaudi.org\/#\/schema\/person\/c7d223f87e58f1105d044d8da1439102","name":"Cardenal Felipe Arizmendi","image":{"@type":"ImageObject","inLanguage":"es","@id":"https:\/\/secure.gravatar.com\/avatar\/4ffc5520d896b86d39346168903de33a17ef0f23d16de0ff45062c1ff422ed2f?s=96&d=mm&r=g","url":"https:\/\/secure.gravatar.com\/avatar\/4ffc5520d896b86d39346168903de33a17ef0f23d16de0ff45062c1ff422ed2f?s=96&d=mm&r=g","contentUrl":"https:\/\/secure.gravatar.com\/avatar\/4ffc5520d896b86d39346168903de33a17ef0f23d16de0ff45062c1ff422ed2f?s=96&d=mm&r=g","caption":"Cardenal Felipe Arizmendi"},"description":"Nacido en Chiltepec el 1 de mayo de 1940. Estudi\u00f3 Humanidades y Filosof\u00eda en el Seminario de Toluca, de 1952 a 1959. Curs\u00f3 la Teolog\u00eda en la Universidad Pontificia de Salamanca, Espa\u00f1a, de 1959 a 1963, obteniendo la licenciatura en Teolog\u00eda Dogm\u00e1tica. Por su cuenta, se especializ\u00f3 en Liturgia. Fue ordenado sacerdote el 25 de agosto de 1963 en Toluca. Sirvi\u00f3 como Vicario Parroquial en tres parroquias por tres a\u00f1os y medio y fue p\u00e1rroco de una comunidad ind\u00edgena otom\u00ed, de 1967 a 1970. Fue Director Espiritual del Seminario de Toluca por diez a\u00f1os, y Rector del mismo de 1981 a 1991. El 7 de marzo de 1991, fue ordenado obispo de la di\u00f3cesis de Tapachula, donde estuvo hasta el 30 de abril del a\u00f1o 2000. El 1 de mayo del 2000, inici\u00f3 su ministerio episcopal como XLVI obispo de la di\u00f3cesis de San Crist\u00f3bal de las Casas, Chiapas, una de las di\u00f3cesis m\u00e1s antiguas de M\u00e9xico, erigida en 1539; all\u00ed sirvi\u00f3 por casi 18 a\u00f1os. Ha ocupado diversos cargos en la Conferencia del Episcopado Mexicano y en el CELAM. El 3 de noviembre de 2017, el Papa Francisco le acept\u00f3, por edad, su renuncia al servicio episcopal en esta di\u00f3cesis, que entreg\u00f3 a su sucesor el 3 de enero de 2018. Desde entonces, reside en la ciudad de Toluca. Desde 1979, escribe art\u00edculos de actualidad en varios medios religiosos y civiles. Es autor de varias publicaciones.","url":"https:\/\/exaudi.org\/es\/author\/felipearizmendi\/"}]}},"jetpack_featured_media_url":"https:\/\/exaudi.org\/wp-content\/uploads\/2023\/05\/pexels-kevin-malik-9017632-scaled.jpg","jetpack_shortlink":"https:\/\/wp.me\/pgKjF2-jOz","_links":{"self":[{"href":"https:\/\/exaudi.org\/es\/wp-json\/wp\/v2\/posts\/76171","targetHints":{"allow":["GET"]}}],"collection":[{"href":"https:\/\/exaudi.org\/es\/wp-json\/wp\/v2\/posts"}],"about":[{"href":"https:\/\/exaudi.org\/es\/wp-json\/wp\/v2\/types\/post"}],"author":[{"embeddable":true,"href":"https:\/\/exaudi.org\/es\/wp-json\/wp\/v2\/users\/24"}],"replies":[{"embeddable":true,"href":"https:\/\/exaudi.org\/es\/wp-json\/wp\/v2\/comments?post=76171"}],"version-history":[{"count":0,"href":"https:\/\/exaudi.org\/es\/wp-json\/wp\/v2\/posts\/76171\/revisions"}],"wp:featuredmedia":[{"embeddable":true,"href":"https:\/\/exaudi.org\/es\/wp-json\/wp\/v2\/media\/76175"}],"wp:attachment":[{"href":"https:\/\/exaudi.org\/es\/wp-json\/wp\/v2\/media?parent=76171"}],"wp:term":[{"taxonomy":"category","embeddable":true,"href":"https:\/\/exaudi.org\/es\/wp-json\/wp\/v2\/categories?post=76171"},{"taxonomy":"post_tag","embeddable":true,"href":"https:\/\/exaudi.org\/es\/wp-json\/wp\/v2\/tags?post=76171"}],"curies":[{"name":"wp","href":"https:\/\/api.w.org\/{rel}","templated":true}]}}