{"id":76100,"date":"2023-05-15T14:41:40","date_gmt":"2023-05-15T12:41:40","guid":{"rendered":"https:\/\/exaudi.org\/?p=76100"},"modified":"2023-05-15T14:57:04","modified_gmt":"2023-05-15T12:57:04","slug":"mons-cavalli-el-papa-francisco-ha-querido-abrir-esta-gracia-transformando-la-parroquia-de-medjugorie-en-lugar-reconocido-de-peregrinacion-y-de-oracion","status":"publish","type":"post","link":"https:\/\/exaudi.org\/es\/mons-cavalli-el-papa-francisco-ha-querido-abrir-esta-gracia-transformando-la-parroquia-de-medjugorie-en-lugar-reconocido-de-peregrinacion-y-de-oracion\/","title":{"rendered":"Mons. Cavalli: El Papa Francisco ha querido abrir esta gracia transformando la parroquia de Medjugorje en lugar reconocido de peregrinaci\u00f3n y de oraci\u00f3n"},"content":{"rendered":"<audio class=\"wp-audio-shortcode\" id=\"audio-76100-1\" preload=\"none\" style=\"width: 100%;\" controls=\"controls\"><source type=\"audio\/mpeg\" src=\"https:\/\/exaudi.org\/wp-content\/uploads\/2023\/05\/Mons-Cavalli-El-Papa-Francisco-ha-querido-abrir_1.mp3?_=1\" \/><a href=\"https:\/\/exaudi.org\/wp-content\/uploads\/2023\/05\/Mons-Cavalli-El-Papa-Francisco-ha-querido-abrir_1.mp3\">https:\/\/exaudi.org\/wp-content\/uploads\/2023\/05\/Mons-Cavalli-El-Papa-Francisco-ha-querido-abrir_1.mp3<\/a><\/audio>\n<p>El arzobispo, ex nuncio apost\u00f3lico y actual visitador apost\u00f3lico con car\u00e1cter especial para la parroquia de Medjugorje, <strong>Mons. Aldo Cavalli,<\/strong>\u00a0ha estado este pasado fin de semana de visita en Barcelona y Madrid.<\/p>\n<p>Invitado por el Presidente de la Conferencia Episcopal Espa\u00f1ola, y Arzobispo de Barcelona, el <strong>Cardenal Omella,\u00a0<\/strong>y organizado por el Centro Medjugorje para Espa\u00f1a e Iberoam\u00e9rica, ha venido para encontrarse con el representante de la Iglesia en Espa\u00f1a y para conocer y animar a los fieles y sacerdotes que han experimentado la acci\u00f3n poderosa de la Gracia en este lugar, que animan las peregrinaciones a este reconocido lugar mariano de oraci\u00f3n y de conversi\u00f3n, y que acompa\u00f1an espiritualmente a los peregrinos a su vuelta.<\/p>\n<p>La visita de Mons. Aldo Cavalli, ha sido la\u00a0<strong>respuesta a la invitaci\u00f3n formal hecha por el Cardenal de Barcelona y Presidente de la Conferencia Episcopal Espa\u00f1ola\u00a0<\/strong>tras su visita a Medjugorje como peregrino en 2022, con ocasi\u00f3n de su pasado XXXII Festival de los J\u00f3venes.<\/p>\n<p>Tras su visita al Cardenal y a los fieles en Barcelona el pasado viernes y s\u00e1bado,\u00a0Mons. Aldo Cavalli, lleg\u00f3 ayer domingo 14 de mayo a Madrid.<\/p>\n<p><img loading=\"lazy\" decoding=\"async\" class=\"wp-image-76114 alignleft\" src=\"https:\/\/exaudi.org\/wp-content\/uploads\/2023\/05\/IMG-20230515-WA0026.jpg\" alt=\"\" width=\"232\" height=\"191\" srcset=\"https:\/\/exaudi.org\/wp-content\/uploads\/2023\/05\/IMG-20230515-WA0026.jpg 849w, https:\/\/exaudi.org\/wp-content\/uploads\/2023\/05\/IMG-20230515-WA0026-300x247.jpg 300w, https:\/\/exaudi.org\/wp-content\/uploads\/2023\/05\/IMG-20230515-WA0026-770x635.jpg 770w, https:\/\/exaudi.org\/wp-content\/uploads\/2023\/05\/IMG-20230515-WA0026-500x412.jpg 500w, https:\/\/exaudi.org\/wp-content\/uploads\/2023\/05\/IMG-20230515-WA0026-293x242.jpg 293w, https:\/\/exaudi.org\/wp-content\/uploads\/2023\/05\/IMG-20230515-WA0026-390x322.jpg 390w\" sizes=\"auto, (max-width: 232px) 100vw, 232px\" \/>El representante del Papa para Medjugorje quiso tener un encuentro con una representaci\u00f3n de pastores y laicos vinculados a<strong> Medjugorie<\/strong>.\u00a0Este tuvo lugar en la\u00a0<strong>Casa de Ejercicios Espirituales de Cristo Rey, de Pozuelo de Alarc\u00f3n<\/strong>, realiz\u00e1ndose en el marco de una comida fraterna. Comenz\u00f3 con una presentaci\u00f3n de los asistentes, entre los que\u00a0<strong>se encontraban laicos y sacerdotes vinculados a Medjugorie<\/strong>, el presidente y miembros de la Fundaci\u00f3n Centro Medjugorie,\u00a0 representantes de asociaciones marianas, periodistas, como\u00a0<strong>Jes\u00fas Garc\u00eda<\/strong>, escritores como\u00a0<strong>Mar\u00eda Vallejo N\u00e1jera<\/strong>, y sacerdotes como<strong>\u00a0Agust\u00edn Jim\u00e9nez<\/strong>, profesor de Teolog\u00eda, miembro de la Sociedad Mariol\u00f3gica Espa\u00f1ola y fundador del Foro Mariano de la di\u00f3cesis de Getafe, el\u00a0<strong>P. Hern\u00e1n Pereda CPCR<\/strong>, o el sacerdote\u00a0<strong>\u00c1lvaro C\u00e1rdenas<\/strong>\u00a0entre otros.<\/p>\n<p><img loading=\"lazy\" decoding=\"async\" class=\" wp-image-76108 alignright\" src=\"https:\/\/exaudi.org\/wp-content\/uploads\/2023\/05\/IMG-20230515-WA0040.jpg\" alt=\"\" width=\"276\" height=\"207\" srcset=\"https:\/\/exaudi.org\/wp-content\/uploads\/2023\/05\/IMG-20230515-WA0040.jpg 936w, https:\/\/exaudi.org\/wp-content\/uploads\/2023\/05\/IMG-20230515-WA0040-300x225.jpg 300w, https:\/\/exaudi.org\/wp-content\/uploads\/2023\/05\/IMG-20230515-WA0040-770x578.jpg 770w, https:\/\/exaudi.org\/wp-content\/uploads\/2023\/05\/IMG-20230515-WA0040-500x375.jpg 500w, https:\/\/exaudi.org\/wp-content\/uploads\/2023\/05\/IMG-20230515-WA0040-293x220.jpg 293w, https:\/\/exaudi.org\/wp-content\/uploads\/2023\/05\/IMG-20230515-WA0040-390x293.jpg 390w\" sizes=\"auto, (max-width: 276px) 100vw, 276px\" \/>Durante la comida Mons. Cavalli comparti\u00f3 con los presentes la presencia particular de la Virgen en Medjugorje y, m\u00e1s all\u00e1 de la situaci\u00f3n concreta de la investigaci\u00f3n del fen\u00f3meno, lo que este lugar representa para la Iglesia: un lugar especial de Gracia al que los peregrinos llegan, en el que rezan, se confiesan para cambiar de vida, y en gran parte de ellos se produce un inicio nuevo, una conversi\u00f3n.<\/p>\n<p><strong>Record\u00f3 que el Papa Francisco ha querido abrir esta gracia a todos, pastores y fieles, transformando la parroquia de Medjugorje en lugar reconocido de peregrinaci\u00f3n y de oraci\u00f3n.<\/strong><\/p>\n<p>Explic\u00f3 tambi\u00e9n la\u00a0prudencia con que la Iglesia afronta siempre estos fen\u00f3menos\u00a0y el\u00a0cuidado pastoral que se ha de ofrecer a los peregrinos.<\/p>\n<p>Ante las resistencias y sospechas del pasado en Espa\u00f1a respecto a Medjugorje, tanto por pastores de la Iglesia como por laicos, el representante del Papa invit\u00f3 a comenzar una etapa nueva, animando a todos los presentes a continuar dando a conocer este lugar particular de gracia y a seguir invitando a peregrinar a \u00e9l, para hacer llegar esta gracia a los pastores y fieles de Espa\u00f1a.<\/p>\n<p><img loading=\"lazy\" decoding=\"async\" class=\"alignleft wp-image-76111\" src=\"https:\/\/exaudi.org\/wp-content\/uploads\/2023\/05\/IMG-20230515-WA0028.jpg\" alt=\"\" width=\"256\" height=\"192\" srcset=\"https:\/\/exaudi.org\/wp-content\/uploads\/2023\/05\/IMG-20230515-WA0028.jpg 1024w, https:\/\/exaudi.org\/wp-content\/uploads\/2023\/05\/IMG-20230515-WA0028-300x225.jpg 300w, https:\/\/exaudi.org\/wp-content\/uploads\/2023\/05\/IMG-20230515-WA0028-770x578.jpg 770w, https:\/\/exaudi.org\/wp-content\/uploads\/2023\/05\/IMG-20230515-WA0028-500x375.jpg 500w, https:\/\/exaudi.org\/wp-content\/uploads\/2023\/05\/IMG-20230515-WA0028-293x220.jpg 293w, https:\/\/exaudi.org\/wp-content\/uploads\/2023\/05\/IMG-20230515-WA0028-390x293.jpg 390w\" sizes=\"auto, (max-width: 256px) 100vw, 256px\" \/>Tras la comida se celebr\u00f3 una\u00a0<strong>vigilia de oraci\u00f3n<\/strong>\u00a0semejante al programa vespertino que se realiza cada d\u00eda en Medjugorie. La vigilia, a la que asisti\u00f3 un gran n\u00famero de fieles, tuvo lugar en el Templo Eucar\u00edstico de Madrid confiado a la Adoraci\u00f3n Nocturna Femenina:\u00a0<strong>San Mart\u00edn de Tours<\/strong>.<\/p>\n<p>Comenz\u00f3 con la\u00a0exposici\u00f3n del Sant\u00edsimo\u00a0y una\u00a0hora santa, presidida por el sacerdote\u00a0<strong>\u00c1lvaro C\u00e1rdenas<\/strong>. Le sigui\u00f3 la contemplaci\u00f3n de los misterios del santo\u00a0<strong>rosario<\/strong>, dirigido por el sacerdote <strong>Agust\u00edn Jim\u00e9nez<\/strong>. Continu\u00f3 con una\u00a0preciosa catequesis mariana\u00a0dirigida por el\u00a0representante del Papa.\u00a0En ella present\u00f3 a los asistentes el papel de la Virgen Mar\u00eda, asociada al Redentor, tanto en el Ap\u00f3stol San Pablo como en el Evangelio de san Juan.<\/p>\n<p>Concluy\u00f3 con la\u00a0celebraci\u00f3n de la misa dominical, en la que\u00a0se\u00f1al\u00f3 la presencia y la actuaci\u00f3n continua del Esp\u00edritu Santo en la Iglesia tras la Ascensi\u00f3n del Se\u00f1or a los cielos.<\/p>\n<p>Para terminar\u00a0el encuentro,\u00a0<strong>el Presidente de la Fundaci\u00f3n Centro Medjugorje, Oriol Vives Fayos, <\/strong>agradeci\u00f3 a los asistentes su participaci\u00f3n,\u00a0anim\u00f3 a continuar dando a conocer Medjugorie, y como representante de esta hermosa iniciativa para Espa\u00f1a e Iberoam\u00e9rica ofreci\u00f3 la ayuda de la Fundaci\u00f3n a todos para juntos hacer llegar la gracia excepcional de Medjugorie a nuestros pastores y fieles.<\/p>\n","protected":false},"excerpt":{"rendered":"<p>Mensaje del representante del Papa en Medjugorje<\/p>\n","protected":false},"author":15,"featured_media":76101,"comment_status":"closed","ping_status":"closed","sticky":false,"template":"","format":"standard","meta":{"_acf_changed":false,"_crdt_document":"","inline_featured_image":false,"footnotes":""},"categories":[74],"tags":[9176,9173,9174,9177,9181,9179,9172,9178,9180,158,9175,4953],"class_list":["post-76100","post","type-post","status-publish","format-standard","has-post-thumbnail","hentry","category-iglesia-y-mundo","tag-agustin-jimenez","tag-aldo-cavalli","tag-alvaro-cardenas","tag-fundacion-centro-medjugorie","tag-jesus-garcia","tag-maria-vallejo-najera","tag-medjugorie","tag-oriol-vives-fayos","tag-p-hernan-pereda-cpcr","tag-papa-francisco","tag-san-martin-de-tours","tag-trending-es"],"acf":[],"yoast_head":"<!-- This site is optimized with the Yoast SEO plugin v27.5 - https:\/\/yoast.com\/product\/yoast-seo-wordpress\/ -->\n<title>Mons. Cavalli: El Papa Francisco ha querido abrir esta gracia transformando la parroquia de Medjugorje en lugar reconocido de peregrinaci\u00f3n y de oraci\u00f3n &#8211; Exaudi<\/title>\n<meta name=\"robots\" content=\"index, follow, max-snippet:-1, max-image-preview:large, max-video-preview:-1\" \/>\n<link rel=\"canonical\" href=\"https:\/\/exaudi.org\/es\/mons-cavalli-el-papa-francisco-ha-querido-abrir-esta-gracia-transformando-la-parroquia-de-medjugorie-en-lugar-reconocido-de-peregrinacion-y-de-oracion\/\" \/>\n<meta property=\"og:locale\" content=\"es_ES\" \/>\n<meta property=\"og:type\" content=\"article\" \/>\n<meta property=\"og:title\" content=\"Mons. Cavalli: El Papa Francisco ha querido abrir esta gracia transformando la parroquia de Medjugorje en lugar reconocido de peregrinaci\u00f3n y de oraci\u00f3n &#8211; Exaudi\" \/>\n<meta property=\"og:description\" content=\"Mensaje del representante del Papa en Medjugorje\" \/>\n<meta property=\"og:url\" content=\"https:\/\/exaudi.org\/es\/mons-cavalli-el-papa-francisco-ha-querido-abrir-esta-gracia-transformando-la-parroquia-de-medjugorie-en-lugar-reconocido-de-peregrinacion-y-de-oracion\/\" \/>\n<meta property=\"og:site_name\" content=\"Exaudi\" \/>\n<meta property=\"article:publisher\" content=\"https:\/\/www.facebook.com\/ExaudiNews\" \/>\n<meta property=\"article:author\" content=\"https:\/\/www.facebook.com\/ExaudiNoticias\/\" \/>\n<meta property=\"article:published_time\" content=\"2023-05-15T12:41:40+00:00\" \/>\n<meta property=\"article:modified_time\" content=\"2023-05-15T12:57:04+00:00\" \/>\n<meta property=\"og:image\" content=\"https:\/\/exaudi.org\/wp-content\/uploads\/2023\/05\/IMG-20230515-WA0027.jpg\" \/>\n\t<meta property=\"og:image:width\" content=\"768\" \/>\n\t<meta property=\"og:image:height\" content=\"1024\" \/>\n\t<meta property=\"og:image:type\" content=\"image\/jpeg\" \/>\n<meta name=\"author\" content=\"Exaudi Redacci\u00f3n\" \/>\n<meta name=\"twitter:card\" content=\"summary_large_image\" \/>\n<meta name=\"twitter:creator\" content=\"@Exaudi_noticias\" \/>\n<meta name=\"twitter:site\" content=\"@Exaudi_News\" \/>\n<meta name=\"twitter:label1\" content=\"Escrito por\" \/>\n\t<meta name=\"twitter:data1\" content=\"Exaudi Redacci\u00f3n\" \/>\n\t<meta name=\"twitter:label2\" content=\"Tiempo de lectura\" \/>\n\t<meta name=\"twitter:data2\" content=\"4 minutos\" \/>\n<script type=\"application\/ld+json\" class=\"yoast-schema-graph\">{\"@context\":\"https:\\\/\\\/schema.org\",\"@graph\":[{\"@type\":\"Article\",\"@id\":\"https:\\\/\\\/exaudi.org\\\/es\\\/mons-cavalli-el-papa-francisco-ha-querido-abrir-esta-gracia-transformando-la-parroquia-de-medjugorie-en-lugar-reconocido-de-peregrinacion-y-de-oracion\\\/#article\",\"isPartOf\":{\"@id\":\"https:\\\/\\\/exaudi.org\\\/es\\\/mons-cavalli-el-papa-francisco-ha-querido-abrir-esta-gracia-transformando-la-parroquia-de-medjugorie-en-lugar-reconocido-de-peregrinacion-y-de-oracion\\\/\"},\"author\":{\"name\":\"Exaudi Redacci\u00f3n\",\"@id\":\"https:\\\/\\\/exaudi.org\\\/#\\\/schema\\\/person\\\/f5fc8f063065e38742da7afe15f25df7\"},\"headline\":\"Mons. Cavalli: El Papa Francisco ha querido abrir esta gracia transformando la parroquia de Medjugorje en lugar reconocido de peregrinaci\u00f3n y de oraci\u00f3n\",\"datePublished\":\"2023-05-15T12:41:40+00:00\",\"dateModified\":\"2023-05-15T12:57:04+00:00\",\"mainEntityOfPage\":{\"@id\":\"https:\\\/\\\/exaudi.org\\\/es\\\/mons-cavalli-el-papa-francisco-ha-querido-abrir-esta-gracia-transformando-la-parroquia-de-medjugorie-en-lugar-reconocido-de-peregrinacion-y-de-oracion\\\/\"},\"wordCount\":813,\"image\":{\"@id\":\"https:\\\/\\\/exaudi.org\\\/es\\\/mons-cavalli-el-papa-francisco-ha-querido-abrir-esta-gracia-transformando-la-parroquia-de-medjugorie-en-lugar-reconocido-de-peregrinacion-y-de-oracion\\\/#primaryimage\"},\"thumbnailUrl\":\"https:\\\/\\\/exaudi.org\\\/wp-content\\\/uploads\\\/2023\\\/05\\\/IMG-20230515-WA0027.jpg\",\"keywords\":[\"Agust\u00edn Jim\u00e9nez\",\"Aldo Cavalli\",\"\u00c1lvaro C\u00e1rdenas\",\"Fundaci\u00f3n\u00a0Centro Medjugorie\",\"Jes\u00fas Garc\u00eda\",\"Mar\u00eda Vallejo N\u00e1jera\",\"Medjugorie\",\"Oriol Vives Fayos\",\"P. Hern\u00e1n Pereda CPCR\",\"papa francisco\",\"San Mart\u00edn de Tours\",\"Trending\"],\"articleSection\":[\"Iglesia y Mundo\"],\"inLanguage\":\"es\"},{\"@type\":\"WebPage\",\"@id\":\"https:\\\/\\\/exaudi.org\\\/es\\\/mons-cavalli-el-papa-francisco-ha-querido-abrir-esta-gracia-transformando-la-parroquia-de-medjugorie-en-lugar-reconocido-de-peregrinacion-y-de-oracion\\\/\",\"url\":\"https:\\\/\\\/exaudi.org\\\/es\\\/mons-cavalli-el-papa-francisco-ha-querido-abrir-esta-gracia-transformando-la-parroquia-de-medjugorie-en-lugar-reconocido-de-peregrinacion-y-de-oracion\\\/\",\"name\":\"Mons. Cavalli: El Papa Francisco ha querido abrir esta gracia transformando la parroquia de Medjugorje en lugar reconocido de peregrinaci\u00f3n y de oraci\u00f3n &#8211; Exaudi\",\"isPartOf\":{\"@id\":\"https:\\\/\\\/exaudi.org\\\/#website\"},\"primaryImageOfPage\":{\"@id\":\"https:\\\/\\\/exaudi.org\\\/es\\\/mons-cavalli-el-papa-francisco-ha-querido-abrir-esta-gracia-transformando-la-parroquia-de-medjugorie-en-lugar-reconocido-de-peregrinacion-y-de-oracion\\\/#primaryimage\"},\"image\":{\"@id\":\"https:\\\/\\\/exaudi.org\\\/es\\\/mons-cavalli-el-papa-francisco-ha-querido-abrir-esta-gracia-transformando-la-parroquia-de-medjugorie-en-lugar-reconocido-de-peregrinacion-y-de-oracion\\\/#primaryimage\"},\"thumbnailUrl\":\"https:\\\/\\\/exaudi.org\\\/wp-content\\\/uploads\\\/2023\\\/05\\\/IMG-20230515-WA0027.jpg\",\"datePublished\":\"2023-05-15T12:41:40+00:00\",\"dateModified\":\"2023-05-15T12:57:04+00:00\",\"author\":{\"@id\":\"https:\\\/\\\/exaudi.org\\\/#\\\/schema\\\/person\\\/f5fc8f063065e38742da7afe15f25df7\"},\"breadcrumb\":{\"@id\":\"https:\\\/\\\/exaudi.org\\\/es\\\/mons-cavalli-el-papa-francisco-ha-querido-abrir-esta-gracia-transformando-la-parroquia-de-medjugorie-en-lugar-reconocido-de-peregrinacion-y-de-oracion\\\/#breadcrumb\"},\"inLanguage\":\"es\",\"potentialAction\":[{\"@type\":\"ReadAction\",\"target\":[\"https:\\\/\\\/exaudi.org\\\/es\\\/mons-cavalli-el-papa-francisco-ha-querido-abrir-esta-gracia-transformando-la-parroquia-de-medjugorie-en-lugar-reconocido-de-peregrinacion-y-de-oracion\\\/\"]}]},{\"@type\":\"ImageObject\",\"inLanguage\":\"es\",\"@id\":\"https:\\\/\\\/exaudi.org\\\/es\\\/mons-cavalli-el-papa-francisco-ha-querido-abrir-esta-gracia-transformando-la-parroquia-de-medjugorie-en-lugar-reconocido-de-peregrinacion-y-de-oracion\\\/#primaryimage\",\"url\":\"https:\\\/\\\/exaudi.org\\\/wp-content\\\/uploads\\\/2023\\\/05\\\/IMG-20230515-WA0027.jpg\",\"contentUrl\":\"https:\\\/\\\/exaudi.org\\\/wp-content\\\/uploads\\\/2023\\\/05\\\/IMG-20230515-WA0027.jpg\",\"width\":768,\"height\":1024,\"caption\":\"Mons. Aldi Cavalli\"},{\"@type\":\"BreadcrumbList\",\"@id\":\"https:\\\/\\\/exaudi.org\\\/es\\\/mons-cavalli-el-papa-francisco-ha-querido-abrir-esta-gracia-transformando-la-parroquia-de-medjugorie-en-lugar-reconocido-de-peregrinacion-y-de-oracion\\\/#breadcrumb\",\"itemListElement\":[{\"@type\":\"ListItem\",\"position\":1,\"name\":\"Portada\",\"item\":\"https:\\\/\\\/exaudi.org\\\/es\\\/\"},{\"@type\":\"ListItem\",\"position\":2,\"name\":\"Mons. Cavalli: El Papa Francisco ha querido abrir esta gracia transformando la parroquia de Medjugorje en lugar reconocido de peregrinaci\u00f3n y de oraci\u00f3n\"}]},{\"@type\":\"WebSite\",\"@id\":\"https:\\\/\\\/exaudi.org\\\/#website\",\"url\":\"https:\\\/\\\/exaudi.org\\\/\",\"name\":\"Exaudi\",\"description\":\"News\",\"potentialAction\":[{\"@type\":\"SearchAction\",\"target\":{\"@type\":\"EntryPoint\",\"urlTemplate\":\"https:\\\/\\\/exaudi.org\\\/?s={search_term_string}\"},\"query-input\":{\"@type\":\"PropertyValueSpecification\",\"valueRequired\":true,\"valueName\":\"search_term_string\"}}],\"inLanguage\":\"es\"},{\"@type\":\"Person\",\"@id\":\"https:\\\/\\\/exaudi.org\\\/#\\\/schema\\\/person\\\/f5fc8f063065e38742da7afe15f25df7\",\"name\":\"Exaudi Redacci\u00f3n\",\"image\":{\"@type\":\"ImageObject\",\"inLanguage\":\"es\",\"@id\":\"https:\\\/\\\/secure.gravatar.com\\\/avatar\\\/fe0f6a059fb68d9b3e11bc5850dd4899b1c7492091a3cb6dd9b01b56ad828be2?s=96&d=mm&r=g\",\"url\":\"https:\\\/\\\/secure.gravatar.com\\\/avatar\\\/fe0f6a059fb68d9b3e11bc5850dd4899b1c7492091a3cb6dd9b01b56ad828be2?s=96&d=mm&r=g\",\"contentUrl\":\"https:\\\/\\\/secure.gravatar.com\\\/avatar\\\/fe0f6a059fb68d9b3e11bc5850dd4899b1c7492091a3cb6dd9b01b56ad828be2?s=96&d=mm&r=g\",\"caption\":\"Exaudi Redacci\u00f3n\"},\"description\":\"\u00bfQu\u00e9 es Exaudi News? Exaudi News es un medio de comunicaci\u00f3n cat\u00f3lico internacional que informa, forma y transforma, diariamente en espa\u00f1ol, ingl\u00e9s e italiano. A trav\u00e9s de noticias, art\u00edculos de an\u00e1lisis y transmisiones en directo de los eventos del Papa, Exaudi busca fortalecer la unidad de los cristianos y contribuir a la evangelizaci\u00f3n del mundo, siempre guiados por la doctrina social de la Iglesia. Trabajamos para acercar la verdad y los valores cristianos a cada rinc\u00f3n del planeta. \u00a1Ay\u00fadanos a transformar el mundo con Exaudi! En Exaudi creemos que la evangelizaci\u00f3n y la informaci\u00f3n de calidad pueden cambiar vidas. Para continuar con nuestra misi\u00f3n y expandir nuestro alcance, necesitamos tu ayuda. Adem\u00e1s, buscamos personas comprometidas que deseen unirse a nuestro equipo. Con tu apoyo, lograremos llegar a m\u00e1s personas, difundir el mensaje de Cristo y reforzar la unidad de los cristianos. \u00bfTe unes a nuestra misi\u00f3n? Para m\u00e1s informaci\u00f3n sobre c\u00f3mo colaborar, visita Exaudi.org\\\/es o cont\u00e1ctanos directamente: info@exaudi.org Exaudi: Informa, forma y transforma.\",\"sameAs\":[\"https:\\\/\\\/www.facebook.com\\\/ExaudiNoticias\\\/\",\"https:\\\/\\\/www.instagram.com\\\/exaudi_noticias\\\/\",\"https:\\\/\\\/x.com\\\/Exaudi_noticias\",\"https:\\\/\\\/www.youtube.com\\\/@exaudicatholicnews\"],\"url\":\"https:\\\/\\\/exaudi.org\\\/es\\\/author\\\/redaccionexaudi\\\/\"}]}<\/script>\n<!-- \/ Yoast SEO plugin. -->","yoast_head_json":{"title":"Mons. Cavalli: El Papa Francisco ha querido abrir esta gracia transformando la parroquia de Medjugorje en lugar reconocido de peregrinaci\u00f3n y de oraci\u00f3n &#8211; Exaudi","robots":{"index":"index","follow":"follow","max-snippet":"max-snippet:-1","max-image-preview":"max-image-preview:large","max-video-preview":"max-video-preview:-1"},"canonical":"https:\/\/exaudi.org\/es\/mons-cavalli-el-papa-francisco-ha-querido-abrir-esta-gracia-transformando-la-parroquia-de-medjugorie-en-lugar-reconocido-de-peregrinacion-y-de-oracion\/","og_locale":"es_ES","og_type":"article","og_title":"Mons. Cavalli: El Papa Francisco ha querido abrir esta gracia transformando la parroquia de Medjugorje en lugar reconocido de peregrinaci\u00f3n y de oraci\u00f3n &#8211; Exaudi","og_description":"Mensaje del representante del Papa en Medjugorje","og_url":"https:\/\/exaudi.org\/es\/mons-cavalli-el-papa-francisco-ha-querido-abrir-esta-gracia-transformando-la-parroquia-de-medjugorie-en-lugar-reconocido-de-peregrinacion-y-de-oracion\/","og_site_name":"Exaudi","article_publisher":"https:\/\/www.facebook.com\/ExaudiNews","article_author":"https:\/\/www.facebook.com\/ExaudiNoticias\/","article_published_time":"2023-05-15T12:41:40+00:00","article_modified_time":"2023-05-15T12:57:04+00:00","og_image":[{"width":768,"height":1024,"url":"https:\/\/exaudi.org\/wp-content\/uploads\/2023\/05\/IMG-20230515-WA0027.jpg","type":"image\/jpeg"}],"author":"Exaudi Redacci\u00f3n","twitter_card":"summary_large_image","twitter_creator":"@Exaudi_noticias","twitter_site":"@Exaudi_News","twitter_misc":{"Escrito por":"Exaudi Redacci\u00f3n","Tiempo de lectura":"4 minutos"},"schema":{"@context":"https:\/\/schema.org","@graph":[{"@type":"Article","@id":"https:\/\/exaudi.org\/es\/mons-cavalli-el-papa-francisco-ha-querido-abrir-esta-gracia-transformando-la-parroquia-de-medjugorie-en-lugar-reconocido-de-peregrinacion-y-de-oracion\/#article","isPartOf":{"@id":"https:\/\/exaudi.org\/es\/mons-cavalli-el-papa-francisco-ha-querido-abrir-esta-gracia-transformando-la-parroquia-de-medjugorie-en-lugar-reconocido-de-peregrinacion-y-de-oracion\/"},"author":{"name":"Exaudi Redacci\u00f3n","@id":"https:\/\/exaudi.org\/#\/schema\/person\/f5fc8f063065e38742da7afe15f25df7"},"headline":"Mons. Cavalli: El Papa Francisco ha querido abrir esta gracia transformando la parroquia de Medjugorje en lugar reconocido de peregrinaci\u00f3n y de oraci\u00f3n","datePublished":"2023-05-15T12:41:40+00:00","dateModified":"2023-05-15T12:57:04+00:00","mainEntityOfPage":{"@id":"https:\/\/exaudi.org\/es\/mons-cavalli-el-papa-francisco-ha-querido-abrir-esta-gracia-transformando-la-parroquia-de-medjugorie-en-lugar-reconocido-de-peregrinacion-y-de-oracion\/"},"wordCount":813,"image":{"@id":"https:\/\/exaudi.org\/es\/mons-cavalli-el-papa-francisco-ha-querido-abrir-esta-gracia-transformando-la-parroquia-de-medjugorie-en-lugar-reconocido-de-peregrinacion-y-de-oracion\/#primaryimage"},"thumbnailUrl":"https:\/\/exaudi.org\/wp-content\/uploads\/2023\/05\/IMG-20230515-WA0027.jpg","keywords":["Agust\u00edn Jim\u00e9nez","Aldo Cavalli","\u00c1lvaro C\u00e1rdenas","Fundaci\u00f3n\u00a0Centro Medjugorie","Jes\u00fas Garc\u00eda","Mar\u00eda Vallejo N\u00e1jera","Medjugorie","Oriol Vives Fayos","P. Hern\u00e1n Pereda CPCR","papa francisco","San Mart\u00edn de Tours","Trending"],"articleSection":["Iglesia y Mundo"],"inLanguage":"es"},{"@type":"WebPage","@id":"https:\/\/exaudi.org\/es\/mons-cavalli-el-papa-francisco-ha-querido-abrir-esta-gracia-transformando-la-parroquia-de-medjugorie-en-lugar-reconocido-de-peregrinacion-y-de-oracion\/","url":"https:\/\/exaudi.org\/es\/mons-cavalli-el-papa-francisco-ha-querido-abrir-esta-gracia-transformando-la-parroquia-de-medjugorie-en-lugar-reconocido-de-peregrinacion-y-de-oracion\/","name":"Mons. Cavalli: El Papa Francisco ha querido abrir esta gracia transformando la parroquia de Medjugorje en lugar reconocido de peregrinaci\u00f3n y de oraci\u00f3n &#8211; Exaudi","isPartOf":{"@id":"https:\/\/exaudi.org\/#website"},"primaryImageOfPage":{"@id":"https:\/\/exaudi.org\/es\/mons-cavalli-el-papa-francisco-ha-querido-abrir-esta-gracia-transformando-la-parroquia-de-medjugorie-en-lugar-reconocido-de-peregrinacion-y-de-oracion\/#primaryimage"},"image":{"@id":"https:\/\/exaudi.org\/es\/mons-cavalli-el-papa-francisco-ha-querido-abrir-esta-gracia-transformando-la-parroquia-de-medjugorie-en-lugar-reconocido-de-peregrinacion-y-de-oracion\/#primaryimage"},"thumbnailUrl":"https:\/\/exaudi.org\/wp-content\/uploads\/2023\/05\/IMG-20230515-WA0027.jpg","datePublished":"2023-05-15T12:41:40+00:00","dateModified":"2023-05-15T12:57:04+00:00","author":{"@id":"https:\/\/exaudi.org\/#\/schema\/person\/f5fc8f063065e38742da7afe15f25df7"},"breadcrumb":{"@id":"https:\/\/exaudi.org\/es\/mons-cavalli-el-papa-francisco-ha-querido-abrir-esta-gracia-transformando-la-parroquia-de-medjugorie-en-lugar-reconocido-de-peregrinacion-y-de-oracion\/#breadcrumb"},"inLanguage":"es","potentialAction":[{"@type":"ReadAction","target":["https:\/\/exaudi.org\/es\/mons-cavalli-el-papa-francisco-ha-querido-abrir-esta-gracia-transformando-la-parroquia-de-medjugorie-en-lugar-reconocido-de-peregrinacion-y-de-oracion\/"]}]},{"@type":"ImageObject","inLanguage":"es","@id":"https:\/\/exaudi.org\/es\/mons-cavalli-el-papa-francisco-ha-querido-abrir-esta-gracia-transformando-la-parroquia-de-medjugorie-en-lugar-reconocido-de-peregrinacion-y-de-oracion\/#primaryimage","url":"https:\/\/exaudi.org\/wp-content\/uploads\/2023\/05\/IMG-20230515-WA0027.jpg","contentUrl":"https:\/\/exaudi.org\/wp-content\/uploads\/2023\/05\/IMG-20230515-WA0027.jpg","width":768,"height":1024,"caption":"Mons. Aldi Cavalli"},{"@type":"BreadcrumbList","@id":"https:\/\/exaudi.org\/es\/mons-cavalli-el-papa-francisco-ha-querido-abrir-esta-gracia-transformando-la-parroquia-de-medjugorie-en-lugar-reconocido-de-peregrinacion-y-de-oracion\/#breadcrumb","itemListElement":[{"@type":"ListItem","position":1,"name":"Portada","item":"https:\/\/exaudi.org\/es\/"},{"@type":"ListItem","position":2,"name":"Mons. Cavalli: El Papa Francisco ha querido abrir esta gracia transformando la parroquia de Medjugorje en lugar reconocido de peregrinaci\u00f3n y de oraci\u00f3n"}]},{"@type":"WebSite","@id":"https:\/\/exaudi.org\/#website","url":"https:\/\/exaudi.org\/","name":"Exaudi","description":"News","potentialAction":[{"@type":"SearchAction","target":{"@type":"EntryPoint","urlTemplate":"https:\/\/exaudi.org\/?s={search_term_string}"},"query-input":{"@type":"PropertyValueSpecification","valueRequired":true,"valueName":"search_term_string"}}],"inLanguage":"es"},{"@type":"Person","@id":"https:\/\/exaudi.org\/#\/schema\/person\/f5fc8f063065e38742da7afe15f25df7","name":"Exaudi Redacci\u00f3n","image":{"@type":"ImageObject","inLanguage":"es","@id":"https:\/\/secure.gravatar.com\/avatar\/fe0f6a059fb68d9b3e11bc5850dd4899b1c7492091a3cb6dd9b01b56ad828be2?s=96&d=mm&r=g","url":"https:\/\/secure.gravatar.com\/avatar\/fe0f6a059fb68d9b3e11bc5850dd4899b1c7492091a3cb6dd9b01b56ad828be2?s=96&d=mm&r=g","contentUrl":"https:\/\/secure.gravatar.com\/avatar\/fe0f6a059fb68d9b3e11bc5850dd4899b1c7492091a3cb6dd9b01b56ad828be2?s=96&d=mm&r=g","caption":"Exaudi Redacci\u00f3n"},"description":"\u00bfQu\u00e9 es Exaudi News? Exaudi News es un medio de comunicaci\u00f3n cat\u00f3lico internacional que informa, forma y transforma, diariamente en espa\u00f1ol, ingl\u00e9s e italiano. A trav\u00e9s de noticias, art\u00edculos de an\u00e1lisis y transmisiones en directo de los eventos del Papa, Exaudi busca fortalecer la unidad de los cristianos y contribuir a la evangelizaci\u00f3n del mundo, siempre guiados por la doctrina social de la Iglesia. Trabajamos para acercar la verdad y los valores cristianos a cada rinc\u00f3n del planeta. \u00a1Ay\u00fadanos a transformar el mundo con Exaudi! En Exaudi creemos que la evangelizaci\u00f3n y la informaci\u00f3n de calidad pueden cambiar vidas. Para continuar con nuestra misi\u00f3n y expandir nuestro alcance, necesitamos tu ayuda. Adem\u00e1s, buscamos personas comprometidas que deseen unirse a nuestro equipo. Con tu apoyo, lograremos llegar a m\u00e1s personas, difundir el mensaje de Cristo y reforzar la unidad de los cristianos. \u00bfTe unes a nuestra misi\u00f3n? Para m\u00e1s informaci\u00f3n sobre c\u00f3mo colaborar, visita Exaudi.org\/es o cont\u00e1ctanos directamente: info@exaudi.org Exaudi: Informa, forma y transforma.","sameAs":["https:\/\/www.facebook.com\/ExaudiNoticias\/","https:\/\/www.instagram.com\/exaudi_noticias\/","https:\/\/x.com\/Exaudi_noticias","https:\/\/www.youtube.com\/@exaudicatholicnews"],"url":"https:\/\/exaudi.org\/es\/author\/redaccionexaudi\/"}]}},"jetpack_featured_media_url":"https:\/\/exaudi.org\/wp-content\/uploads\/2023\/05\/IMG-20230515-WA0027.jpg","jetpack_shortlink":"https:\/\/wp.me\/pgKjF2-jNq","_links":{"self":[{"href":"https:\/\/exaudi.org\/es\/wp-json\/wp\/v2\/posts\/76100","targetHints":{"allow":["GET"]}}],"collection":[{"href":"https:\/\/exaudi.org\/es\/wp-json\/wp\/v2\/posts"}],"about":[{"href":"https:\/\/exaudi.org\/es\/wp-json\/wp\/v2\/types\/post"}],"author":[{"embeddable":true,"href":"https:\/\/exaudi.org\/es\/wp-json\/wp\/v2\/users\/15"}],"replies":[{"embeddable":true,"href":"https:\/\/exaudi.org\/es\/wp-json\/wp\/v2\/comments?post=76100"}],"version-history":[{"count":0,"href":"https:\/\/exaudi.org\/es\/wp-json\/wp\/v2\/posts\/76100\/revisions"}],"wp:featuredmedia":[{"embeddable":true,"href":"https:\/\/exaudi.org\/es\/wp-json\/wp\/v2\/media\/76101"}],"wp:attachment":[{"href":"https:\/\/exaudi.org\/es\/wp-json\/wp\/v2\/media?parent=76100"}],"wp:term":[{"taxonomy":"category","embeddable":true,"href":"https:\/\/exaudi.org\/es\/wp-json\/wp\/v2\/categories?post=76100"},{"taxonomy":"post_tag","embeddable":true,"href":"https:\/\/exaudi.org\/es\/wp-json\/wp\/v2\/tags?post=76100"}],"curies":[{"name":"wp","href":"https:\/\/api.w.org\/{rel}","templated":true}]}}