{"id":76021,"date":"2023-05-14T09:30:46","date_gmt":"2023-05-14T07:30:46","guid":{"rendered":"https:\/\/exaudi.org\/?p=76021"},"modified":"2023-05-20T10:41:08","modified_gmt":"2023-05-20T08:41:08","slug":"yo-le-pedire-al-padre-que-os-de-otro-defensor-comentario-p-jorge-miro","status":"publish","type":"post","link":"https:\/\/exaudi.org\/es\/yo-le-pedire-al-padre-que-os-de-otro-defensor-comentario-p-jorge-miro\/","title":{"rendered":"Yo le pedir\u00e9 al Padre que os d\u00e9 otro defensor: Comentario P. Jorge Mir\u00f3"},"content":{"rendered":"<audio class=\"wp-audio-shortcode\" id=\"audio-76021-1\" preload=\"none\" style=\"width: 100%;\" controls=\"controls\"><source type=\"audio\/mpeg\" src=\"https:\/\/exaudi.org\/wp-content\/uploads\/2023\/05\/Yo-le-pedire-al-Padre-que-os-de-otro-defensor.mp3?_=1\" \/><a href=\"https:\/\/exaudi.org\/wp-content\/uploads\/2023\/05\/Yo-le-pedire-al-Padre-que-os-de-otro-defensor.mp3\">https:\/\/exaudi.org\/wp-content\/uploads\/2023\/05\/Yo-le-pedire-al-Padre-que-os-de-otro-defensor.mp3<\/a><\/audio>\n<p>El padre Jorge Mir\u00f3 comparte con los lectores de Exaudi su comentario sobre el\u00a0<a href=\"https:\/\/www.dominicos.org\/predicacion\/homilia\/14-5-2023\/lecturas\/\" target=\"_blank\" rel=\"noopener\">Evangelio de hoy, 14 de mayo de 202<\/a>3, titulado \u201cYo le pedir\u00e9 al Padre que os d\u00e9 otro defensor\u201d.<\/p>\n<p>***<\/p>\n<p>El Esp\u00edritu Santo que nos enviar\u00e1 Jesucristo Resucitado ocupa el centro de la Palabra de este domingo: <em>Yo le pedir\u00e9 al Padre que os d\u00e9 otro Par\u00e1clito, que est\u00e9 siempre con vosotros, el Esp\u00edritu de la verdad.<\/em><\/p>\n<p>Y es que ser cristiano no es un moralismo ni una ideolog\u00eda. Es vivir la <em>vida en el Esp\u00edritu<\/em>: es vivir una presencia personal, alguien que <em>habita<\/em> en ti; que <em>da testimonio a tu esp\u00edritu de que eres hijo amado de Dios<\/em> (cf. <em>Rom<\/em> 8). El Esp\u00edritu es <em>luz que penetra las almas, fuente del mayor consuelo, dulce hu\u00e9sped del alma, descanso de nuestro esfuerzo, tregua en el duro trabajo, brisa en las horas de fuego, gozo que enjuga las l\u00e1grimas y reconforta en los duelos<\/em> (cf. <em>Secuencia de Pentecost\u00e9s<\/em>).<\/p>\n<p>Ser cristiano no es una obra que has de hacer t\u00fa, en tus fuerzas. Ser cristiano es <em>dejarte hacer<\/em> por el Esp\u00edritu Santo, dejar que \u00c9l reproduzca en ti la imagen de Jesucristo, como \u00c9l quiera. El Esp\u00edritu Santo es el <em>alma <\/em>de la Iglesia, de la vida cristiana.<\/p>\n<p>Sin el Esp\u00edritu Santo: <em>Dios<\/em> est\u00e1 lejano; <em>Cristo<\/em> pertenece al pasado; el <em>Evangelio<\/em> es letra muerta; la <em>Iglesia<\/em> es una simple organizaci\u00f3n; la <em>autoridad<\/em>, una dominaci\u00f3n; la <em>misi\u00f3n<\/em>, mera propaganda; la <em>liturgia<\/em>, un recuerdo muerto; la <em>moral<\/em> <em>cristiana<\/em>, una carga insoportable\u2026<\/p>\n<p>Pero en el Esp\u00edritu Santo: <em>Cristo<\/em> est\u00e1 <em>muerto en la carne, pero vivificado en el Esp\u00edritu; <\/em>el <em>Evangelio<\/em> es una buena noticia; la <em>Iglesia<\/em> es el Cuerpo de Cristo; la <em>autoridad<\/em>, un servicio; la <em>misi\u00f3n<\/em>, un nuevo Pentecost\u00e9s; la <em>liturgia<\/em>, memorial y anticipaci\u00f3n; la <em>moral cristiana<\/em>, gracia y libertad (cf. <em>Ignacio<\/em><em> Hazim<\/em>).<\/p>\n<p>Ser cristiano es un <em>camino<\/em>, el camino del <em>discipulado<\/em>, que comenzamos el d\u00eda de nuestro bautismo y que culminar\u00e1 cuando lleguemos a la meta: el cielo, la vida eterna.<\/p>\n<p>Y este camino lo recorremos de la mano del Se\u00f1or, guiados por el Esp\u00edritu y en compa\u00f1\u00eda de los hermanos que el Se\u00f1or nos dado para vivir la fe.<\/p>\n<p>Adem\u00e1s, la Palabra nos muestra <em>algunos<\/em> <em>signos<\/em> que nos pueden ayudar a <em>discernir<\/em> si estamos abiertos o no a la acci\u00f3n del Esp\u00edritu.<\/p>\n<p>Jesucristo en el centro. El Esp\u00edritu siembre nos lleva a Jesucristo y lo pone en el centro. \u00c9l es el \u00fanico Se\u00f1or. \u00c9l es la piedra angular sobre la que se construye todo. Y el Esp\u00edritu nos lleva a ser fieles al Se\u00f1or, porque va sellando en nuestro coraz\u00f3n la Palabra del Se\u00f1or como una Palabra que tiene vida eterna: e<em>l que acepta mis mandamientos y los guarda, ese me ama.<\/em><\/p>\n<p><em>La ciudad se llen\u00f3 de alegr\u00eda. De muchos pose\u00eddos sal\u00edan los esp\u00edritus inmundos y <\/em><em>muchos paral\u00edticos y lisiados se curaban. <\/em>Ser cristiano es empezar a vivir una vida nueva, nacer de nuevo. No es un mero cambio de look, un maquillaje. Es recibir un coraz\u00f3n nuevo\u2026 Y se manifiesta tambi\u00e9n en la alegr\u00eda. Porque en medio de las dificultades, el Esp\u00edritu <em>mora con vosotros y est\u00e1 en vosotros.<\/em><\/p>\n<p><em>Aclamad al Se\u00f1or, tierra entera, tocad en honor de su nombre, cantad himnos a su <\/em><em>gloria\u2026 <\/em>El que <em>vive en el Esp\u00edritu <\/em>tiene su <em>sabidur\u00eda <\/em>para saborear el amor de Dios en medio de la vida, y de sus labios brota la alabanza, la gratitud.<\/p>\n<p>\u00a1\u00c1nimo! \u00a1Pide el don del Esp\u00edritu Santo! Te enamorar\u00e1 de Jesucristo, te llevar\u00e1 a la Iglesia y te regalar\u00e1 un amor nuevo, como el del Se\u00f1or: gratuito, fiel, generoso, entregado.<\/p>\n<p>\u00a1Ven, Esp\u00edritu Santo!<\/p>\n","protected":false},"excerpt":{"rendered":"<p>Domingo,14 de mayo de 2023<\/p>\n","protected":false},"author":20,"featured_media":56903,"comment_status":"closed","ping_status":"closed","sticky":false,"template":"","format":"standard","meta":{"_acf_changed":false,"_crdt_document":"","inline_featured_image":false,"footnotes":""},"categories":[96,74],"tags":[6691,6281,4953],"class_list":["post-76021","post","type-post","status-publish","format-standard","has-post-thumbnail","hentry","category-espiritualidad","category-iglesia-y-mundo","tag-comentario-evangelio","tag-jorge-miro","tag-trending-es"],"acf":[],"yoast_head":"<!-- This site is optimized with the Yoast SEO plugin v27.5 - https:\/\/yoast.com\/product\/yoast-seo-wordpress\/ -->\n<title>Yo le pedir\u00e9 al Padre que os d\u00e9 otro defensor: Comentario P. Jorge Mir\u00f3 &#8211; Exaudi<\/title>\n<meta name=\"robots\" content=\"index, follow, max-snippet:-1, max-image-preview:large, max-video-preview:-1\" \/>\n<link rel=\"canonical\" href=\"https:\/\/exaudi.org\/es\/yo-le-pedire-al-padre-que-os-de-otro-defensor-comentario-p-jorge-miro\/\" \/>\n<meta property=\"og:locale\" content=\"es_ES\" \/>\n<meta property=\"og:type\" content=\"article\" \/>\n<meta property=\"og:title\" content=\"Yo le pedir\u00e9 al Padre que os d\u00e9 otro defensor: Comentario P. Jorge Mir\u00f3 &#8211; Exaudi\" \/>\n<meta property=\"og:description\" content=\"Domingo,14 de mayo de 2023\" \/>\n<meta property=\"og:url\" content=\"https:\/\/exaudi.org\/es\/yo-le-pedire-al-padre-que-os-de-otro-defensor-comentario-p-jorge-miro\/\" \/>\n<meta property=\"og:site_name\" content=\"Exaudi\" \/>\n<meta property=\"article:publisher\" content=\"https:\/\/www.facebook.com\/ExaudiNews\" \/>\n<meta property=\"article:published_time\" content=\"2023-05-14T07:30:46+00:00\" \/>\n<meta property=\"article:modified_time\" content=\"2023-05-20T08:41:08+00:00\" \/>\n<meta property=\"og:image\" content=\"https:\/\/exaudi.org\/wp-content\/uploads\/2022\/05\/cathopic-Espiritu-Santo-scaled.jpg\" \/>\n\t<meta property=\"og:image:width\" content=\"2560\" \/>\n\t<meta property=\"og:image:height\" content=\"1707\" \/>\n\t<meta property=\"og:image:type\" content=\"image\/jpeg\" \/>\n<meta name=\"author\" content=\"Jorge Mir\u00f3\" \/>\n<meta name=\"twitter:card\" content=\"summary_large_image\" \/>\n<meta name=\"twitter:creator\" content=\"@Exaudi_News\" \/>\n<meta name=\"twitter:site\" content=\"@Exaudi_News\" \/>\n<meta name=\"twitter:label1\" content=\"Escrito por\" \/>\n\t<meta name=\"twitter:data1\" content=\"Jorge Mir\u00f3\" \/>\n\t<meta name=\"twitter:label2\" content=\"Tiempo de lectura\" \/>\n\t<meta name=\"twitter:data2\" content=\"3 minutos\" \/>\n<script type=\"application\/ld+json\" class=\"yoast-schema-graph\">{\"@context\":\"https:\\\/\\\/schema.org\",\"@graph\":[{\"@type\":\"Article\",\"@id\":\"https:\\\/\\\/exaudi.org\\\/es\\\/yo-le-pedire-al-padre-que-os-de-otro-defensor-comentario-p-jorge-miro\\\/#article\",\"isPartOf\":{\"@id\":\"https:\\\/\\\/exaudi.org\\\/es\\\/yo-le-pedire-al-padre-que-os-de-otro-defensor-comentario-p-jorge-miro\\\/\"},\"author\":{\"name\":\"Jorge Mir\u00f3\",\"@id\":\"https:\\\/\\\/exaudi.org\\\/#\\\/schema\\\/person\\\/a258c56b05e63b2b367bdca29e0ed3e3\"},\"headline\":\"Yo le pedir\u00e9 al Padre que os d\u00e9 otro defensor: Comentario P. Jorge Mir\u00f3\",\"datePublished\":\"2023-05-14T07:30:46+00:00\",\"dateModified\":\"2023-05-20T08:41:08+00:00\",\"mainEntityOfPage\":{\"@id\":\"https:\\\/\\\/exaudi.org\\\/es\\\/yo-le-pedire-al-padre-que-os-de-otro-defensor-comentario-p-jorge-miro\\\/\"},\"wordCount\":671,\"image\":{\"@id\":\"https:\\\/\\\/exaudi.org\\\/es\\\/yo-le-pedire-al-padre-que-os-de-otro-defensor-comentario-p-jorge-miro\\\/#primaryimage\"},\"thumbnailUrl\":\"https:\\\/\\\/exaudi.org\\\/wp-content\\\/uploads\\\/2022\\\/05\\\/cathopic-Espiritu-Santo-scaled.jpg\",\"keywords\":[\"Comentario Evangelio\",\"Jorge Mir\u00f3\",\"Trending\"],\"articleSection\":[\"Espiritualidad\",\"Iglesia y Mundo\"],\"inLanguage\":\"es\"},{\"@type\":\"WebPage\",\"@id\":\"https:\\\/\\\/exaudi.org\\\/es\\\/yo-le-pedire-al-padre-que-os-de-otro-defensor-comentario-p-jorge-miro\\\/\",\"url\":\"https:\\\/\\\/exaudi.org\\\/es\\\/yo-le-pedire-al-padre-que-os-de-otro-defensor-comentario-p-jorge-miro\\\/\",\"name\":\"Yo le pedir\u00e9 al Padre que os d\u00e9 otro defensor: Comentario P. Jorge Mir\u00f3 &#8211; Exaudi\",\"isPartOf\":{\"@id\":\"https:\\\/\\\/exaudi.org\\\/#website\"},\"primaryImageOfPage\":{\"@id\":\"https:\\\/\\\/exaudi.org\\\/es\\\/yo-le-pedire-al-padre-que-os-de-otro-defensor-comentario-p-jorge-miro\\\/#primaryimage\"},\"image\":{\"@id\":\"https:\\\/\\\/exaudi.org\\\/es\\\/yo-le-pedire-al-padre-que-os-de-otro-defensor-comentario-p-jorge-miro\\\/#primaryimage\"},\"thumbnailUrl\":\"https:\\\/\\\/exaudi.org\\\/wp-content\\\/uploads\\\/2022\\\/05\\\/cathopic-Espiritu-Santo-scaled.jpg\",\"datePublished\":\"2023-05-14T07:30:46+00:00\",\"dateModified\":\"2023-05-20T08:41:08+00:00\",\"author\":{\"@id\":\"https:\\\/\\\/exaudi.org\\\/#\\\/schema\\\/person\\\/a258c56b05e63b2b367bdca29e0ed3e3\"},\"breadcrumb\":{\"@id\":\"https:\\\/\\\/exaudi.org\\\/es\\\/yo-le-pedire-al-padre-que-os-de-otro-defensor-comentario-p-jorge-miro\\\/#breadcrumb\"},\"inLanguage\":\"es\",\"potentialAction\":[{\"@type\":\"ReadAction\",\"target\":[\"https:\\\/\\\/exaudi.org\\\/es\\\/yo-le-pedire-al-padre-que-os-de-otro-defensor-comentario-p-jorge-miro\\\/\"]}]},{\"@type\":\"ImageObject\",\"inLanguage\":\"es\",\"@id\":\"https:\\\/\\\/exaudi.org\\\/es\\\/yo-le-pedire-al-padre-que-os-de-otro-defensor-comentario-p-jorge-miro\\\/#primaryimage\",\"url\":\"https:\\\/\\\/exaudi.org\\\/wp-content\\\/uploads\\\/2022\\\/05\\\/cathopic-Espiritu-Santo-scaled.jpg\",\"contentUrl\":\"https:\\\/\\\/exaudi.org\\\/wp-content\\\/uploads\\\/2022\\\/05\\\/cathopic-Espiritu-Santo-scaled.jpg\",\"width\":2560,\"height\":1707,\"caption\":\"cathopic \u00a9 Juan Pablo Ar\u00edas\"},{\"@type\":\"BreadcrumbList\",\"@id\":\"https:\\\/\\\/exaudi.org\\\/es\\\/yo-le-pedire-al-padre-que-os-de-otro-defensor-comentario-p-jorge-miro\\\/#breadcrumb\",\"itemListElement\":[{\"@type\":\"ListItem\",\"position\":1,\"name\":\"Portada\",\"item\":\"https:\\\/\\\/exaudi.org\\\/es\\\/\"},{\"@type\":\"ListItem\",\"position\":2,\"name\":\"Yo le pedir\u00e9 al Padre que os d\u00e9 otro defensor: Comentario P. Jorge Mir\u00f3\"}]},{\"@type\":\"WebSite\",\"@id\":\"https:\\\/\\\/exaudi.org\\\/#website\",\"url\":\"https:\\\/\\\/exaudi.org\\\/\",\"name\":\"Exaudi\",\"description\":\"News\",\"potentialAction\":[{\"@type\":\"SearchAction\",\"target\":{\"@type\":\"EntryPoint\",\"urlTemplate\":\"https:\\\/\\\/exaudi.org\\\/?s={search_term_string}\"},\"query-input\":{\"@type\":\"PropertyValueSpecification\",\"valueRequired\":true,\"valueName\":\"search_term_string\"}}],\"inLanguage\":\"es\"},{\"@type\":\"Person\",\"@id\":\"https:\\\/\\\/exaudi.org\\\/#\\\/schema\\\/person\\\/a258c56b05e63b2b367bdca29e0ed3e3\",\"name\":\"Jorge Mir\u00f3\",\"image\":{\"@type\":\"ImageObject\",\"inLanguage\":\"es\",\"@id\":\"https:\\\/\\\/secure.gravatar.com\\\/avatar\\\/f5ea26c436669b01b7b02124bf13596df002525d6f392707d301543be365bd44?s=96&d=mm&r=g\",\"url\":\"https:\\\/\\\/secure.gravatar.com\\\/avatar\\\/f5ea26c436669b01b7b02124bf13596df002525d6f392707d301543be365bd44?s=96&d=mm&r=g\",\"contentUrl\":\"https:\\\/\\\/secure.gravatar.com\\\/avatar\\\/f5ea26c436669b01b7b02124bf13596df002525d6f392707d301543be365bd44?s=96&d=mm&r=g\",\"caption\":\"Jorge Mir\u00f3\"},\"description\":\"Sacerdote de la archidi\u00f3cesis de Valencia y profesor en la Facultad de Ciencias Jur\u00eddicas, Econ\u00f3micas y Sociales de la Universidad Cat\u00f3lica de Valencia\",\"url\":\"https:\\\/\\\/exaudi.org\\\/es\\\/author\\\/jorgemiro\\\/\"}]}<\/script>\n<!-- \/ Yoast SEO plugin. -->","yoast_head_json":{"title":"Yo le pedir\u00e9 al Padre que os d\u00e9 otro defensor: Comentario P. Jorge Mir\u00f3 &#8211; Exaudi","robots":{"index":"index","follow":"follow","max-snippet":"max-snippet:-1","max-image-preview":"max-image-preview:large","max-video-preview":"max-video-preview:-1"},"canonical":"https:\/\/exaudi.org\/es\/yo-le-pedire-al-padre-que-os-de-otro-defensor-comentario-p-jorge-miro\/","og_locale":"es_ES","og_type":"article","og_title":"Yo le pedir\u00e9 al Padre que os d\u00e9 otro defensor: Comentario P. Jorge Mir\u00f3 &#8211; Exaudi","og_description":"Domingo,14 de mayo de 2023","og_url":"https:\/\/exaudi.org\/es\/yo-le-pedire-al-padre-que-os-de-otro-defensor-comentario-p-jorge-miro\/","og_site_name":"Exaudi","article_publisher":"https:\/\/www.facebook.com\/ExaudiNews","article_published_time":"2023-05-14T07:30:46+00:00","article_modified_time":"2023-05-20T08:41:08+00:00","og_image":[{"width":2560,"height":1707,"url":"https:\/\/exaudi.org\/wp-content\/uploads\/2022\/05\/cathopic-Espiritu-Santo-scaled.jpg","type":"image\/jpeg"}],"author":"Jorge Mir\u00f3","twitter_card":"summary_large_image","twitter_creator":"@Exaudi_News","twitter_site":"@Exaudi_News","twitter_misc":{"Escrito por":"Jorge Mir\u00f3","Tiempo de lectura":"3 minutos"},"schema":{"@context":"https:\/\/schema.org","@graph":[{"@type":"Article","@id":"https:\/\/exaudi.org\/es\/yo-le-pedire-al-padre-que-os-de-otro-defensor-comentario-p-jorge-miro\/#article","isPartOf":{"@id":"https:\/\/exaudi.org\/es\/yo-le-pedire-al-padre-que-os-de-otro-defensor-comentario-p-jorge-miro\/"},"author":{"name":"Jorge Mir\u00f3","@id":"https:\/\/exaudi.org\/#\/schema\/person\/a258c56b05e63b2b367bdca29e0ed3e3"},"headline":"Yo le pedir\u00e9 al Padre que os d\u00e9 otro defensor: Comentario P. Jorge Mir\u00f3","datePublished":"2023-05-14T07:30:46+00:00","dateModified":"2023-05-20T08:41:08+00:00","mainEntityOfPage":{"@id":"https:\/\/exaudi.org\/es\/yo-le-pedire-al-padre-que-os-de-otro-defensor-comentario-p-jorge-miro\/"},"wordCount":671,"image":{"@id":"https:\/\/exaudi.org\/es\/yo-le-pedire-al-padre-que-os-de-otro-defensor-comentario-p-jorge-miro\/#primaryimage"},"thumbnailUrl":"https:\/\/exaudi.org\/wp-content\/uploads\/2022\/05\/cathopic-Espiritu-Santo-scaled.jpg","keywords":["Comentario Evangelio","Jorge Mir\u00f3","Trending"],"articleSection":["Espiritualidad","Iglesia y Mundo"],"inLanguage":"es"},{"@type":"WebPage","@id":"https:\/\/exaudi.org\/es\/yo-le-pedire-al-padre-que-os-de-otro-defensor-comentario-p-jorge-miro\/","url":"https:\/\/exaudi.org\/es\/yo-le-pedire-al-padre-que-os-de-otro-defensor-comentario-p-jorge-miro\/","name":"Yo le pedir\u00e9 al Padre que os d\u00e9 otro defensor: Comentario P. Jorge Mir\u00f3 &#8211; Exaudi","isPartOf":{"@id":"https:\/\/exaudi.org\/#website"},"primaryImageOfPage":{"@id":"https:\/\/exaudi.org\/es\/yo-le-pedire-al-padre-que-os-de-otro-defensor-comentario-p-jorge-miro\/#primaryimage"},"image":{"@id":"https:\/\/exaudi.org\/es\/yo-le-pedire-al-padre-que-os-de-otro-defensor-comentario-p-jorge-miro\/#primaryimage"},"thumbnailUrl":"https:\/\/exaudi.org\/wp-content\/uploads\/2022\/05\/cathopic-Espiritu-Santo-scaled.jpg","datePublished":"2023-05-14T07:30:46+00:00","dateModified":"2023-05-20T08:41:08+00:00","author":{"@id":"https:\/\/exaudi.org\/#\/schema\/person\/a258c56b05e63b2b367bdca29e0ed3e3"},"breadcrumb":{"@id":"https:\/\/exaudi.org\/es\/yo-le-pedire-al-padre-que-os-de-otro-defensor-comentario-p-jorge-miro\/#breadcrumb"},"inLanguage":"es","potentialAction":[{"@type":"ReadAction","target":["https:\/\/exaudi.org\/es\/yo-le-pedire-al-padre-que-os-de-otro-defensor-comentario-p-jorge-miro\/"]}]},{"@type":"ImageObject","inLanguage":"es","@id":"https:\/\/exaudi.org\/es\/yo-le-pedire-al-padre-que-os-de-otro-defensor-comentario-p-jorge-miro\/#primaryimage","url":"https:\/\/exaudi.org\/wp-content\/uploads\/2022\/05\/cathopic-Espiritu-Santo-scaled.jpg","contentUrl":"https:\/\/exaudi.org\/wp-content\/uploads\/2022\/05\/cathopic-Espiritu-Santo-scaled.jpg","width":2560,"height":1707,"caption":"cathopic \u00a9 Juan Pablo Ar\u00edas"},{"@type":"BreadcrumbList","@id":"https:\/\/exaudi.org\/es\/yo-le-pedire-al-padre-que-os-de-otro-defensor-comentario-p-jorge-miro\/#breadcrumb","itemListElement":[{"@type":"ListItem","position":1,"name":"Portada","item":"https:\/\/exaudi.org\/es\/"},{"@type":"ListItem","position":2,"name":"Yo le pedir\u00e9 al Padre que os d\u00e9 otro defensor: Comentario P. Jorge Mir\u00f3"}]},{"@type":"WebSite","@id":"https:\/\/exaudi.org\/#website","url":"https:\/\/exaudi.org\/","name":"Exaudi","description":"News","potentialAction":[{"@type":"SearchAction","target":{"@type":"EntryPoint","urlTemplate":"https:\/\/exaudi.org\/?s={search_term_string}"},"query-input":{"@type":"PropertyValueSpecification","valueRequired":true,"valueName":"search_term_string"}}],"inLanguage":"es"},{"@type":"Person","@id":"https:\/\/exaudi.org\/#\/schema\/person\/a258c56b05e63b2b367bdca29e0ed3e3","name":"Jorge Mir\u00f3","image":{"@type":"ImageObject","inLanguage":"es","@id":"https:\/\/secure.gravatar.com\/avatar\/f5ea26c436669b01b7b02124bf13596df002525d6f392707d301543be365bd44?s=96&d=mm&r=g","url":"https:\/\/secure.gravatar.com\/avatar\/f5ea26c436669b01b7b02124bf13596df002525d6f392707d301543be365bd44?s=96&d=mm&r=g","contentUrl":"https:\/\/secure.gravatar.com\/avatar\/f5ea26c436669b01b7b02124bf13596df002525d6f392707d301543be365bd44?s=96&d=mm&r=g","caption":"Jorge Mir\u00f3"},"description":"Sacerdote de la archidi\u00f3cesis de Valencia y profesor en la Facultad de Ciencias Jur\u00eddicas, Econ\u00f3micas y Sociales de la Universidad Cat\u00f3lica de Valencia","url":"https:\/\/exaudi.org\/es\/author\/jorgemiro\/"}]}},"jetpack_featured_media_url":"https:\/\/exaudi.org\/wp-content\/uploads\/2022\/05\/cathopic-Espiritu-Santo-scaled.jpg","jetpack_shortlink":"https:\/\/wp.me\/pgKjF2-jM9","_links":{"self":[{"href":"https:\/\/exaudi.org\/es\/wp-json\/wp\/v2\/posts\/76021","targetHints":{"allow":["GET"]}}],"collection":[{"href":"https:\/\/exaudi.org\/es\/wp-json\/wp\/v2\/posts"}],"about":[{"href":"https:\/\/exaudi.org\/es\/wp-json\/wp\/v2\/types\/post"}],"author":[{"embeddable":true,"href":"https:\/\/exaudi.org\/es\/wp-json\/wp\/v2\/users\/20"}],"replies":[{"embeddable":true,"href":"https:\/\/exaudi.org\/es\/wp-json\/wp\/v2\/comments?post=76021"}],"version-history":[{"count":0,"href":"https:\/\/exaudi.org\/es\/wp-json\/wp\/v2\/posts\/76021\/revisions"}],"wp:featuredmedia":[{"embeddable":true,"href":"https:\/\/exaudi.org\/es\/wp-json\/wp\/v2\/media\/56903"}],"wp:attachment":[{"href":"https:\/\/exaudi.org\/es\/wp-json\/wp\/v2\/media?parent=76021"}],"wp:term":[{"taxonomy":"category","embeddable":true,"href":"https:\/\/exaudi.org\/es\/wp-json\/wp\/v2\/categories?post=76021"},{"taxonomy":"post_tag","embeddable":true,"href":"https:\/\/exaudi.org\/es\/wp-json\/wp\/v2\/tags?post=76021"}],"curies":[{"name":"wp","href":"https:\/\/api.w.org\/{rel}","templated":true}]}}