{"id":75989,"date":"2023-05-12T15:57:49","date_gmt":"2023-05-12T13:57:49","guid":{"rendered":"https:\/\/exaudi.org\/?p=75989"},"modified":"2023-05-12T16:02:52","modified_gmt":"2023-05-12T14:02:52","slug":"libres-se-convierte-en-el-documental-mas-visto-en-espana-en-lo-que-va-del-ano","status":"publish","type":"post","link":"https:\/\/exaudi.org\/es\/libres-se-convierte-en-el-documental-mas-visto-en-espana-en-lo-que-va-del-ano\/","title":{"rendered":"\u00abLIBRES\u00bb se convierte en el documental m\u00e1s visto"},"content":{"rendered":"<audio class=\"wp-audio-shortcode\" id=\"audio-75989-1\" preload=\"none\" style=\"width: 100%;\" controls=\"controls\"><source type=\"audio\/mpeg\" src=\"https:\/\/exaudi.org\/wp-content\/uploads\/2023\/05\/LIBRES-se-convierte-en-el-DOCUMENTAL-MAS-VISTO.mp3?_=1\" \/><a href=\"https:\/\/exaudi.org\/wp-content\/uploads\/2023\/05\/LIBRES-se-convierte-en-el-DOCUMENTAL-MAS-VISTO.mp3\">https:\/\/exaudi.org\/wp-content\/uploads\/2023\/05\/LIBRES-se-convierte-en-el-DOCUMENTAL-MAS-VISTO.mp3<\/a><\/audio>\n<p>Entrando ya en\u00a0su cuarta semana en cines, el documental<em>\u00a0<strong>\u00abLibres\u00bb<\/strong><\/em>\u00a0sigue sorprendiendo\u00a0en las salas desde su estren\u00f3 el pasado 21 de abril\u00a0convirti\u00e9ndose\u00a0en el documental m\u00e1s visto en lo que va del a\u00f1o.<\/p>\n<p><img loading=\"lazy\" decoding=\"async\" class=\"alignleft wp-image-75990\" src=\"https:\/\/exaudi.org\/wp-content\/uploads\/2023\/05\/unnamed-1-1.jpg\" alt=\"\" width=\"165\" height=\"293\" srcset=\"https:\/\/exaudi.org\/wp-content\/uploads\/2023\/05\/unnamed-1-1.jpg 900w, https:\/\/exaudi.org\/wp-content\/uploads\/2023\/05\/unnamed-1-1-169x300.jpg 169w, https:\/\/exaudi.org\/wp-content\/uploads\/2023\/05\/unnamed-1-1-576x1024.jpg 576w, https:\/\/exaudi.org\/wp-content\/uploads\/2023\/05\/unnamed-1-1-770x1369.jpg 770w, https:\/\/exaudi.org\/wp-content\/uploads\/2023\/05\/unnamed-1-1-864x1536.jpg 864w, https:\/\/exaudi.org\/wp-content\/uploads\/2023\/05\/unnamed-1-1-500x889.jpg 500w, https:\/\/exaudi.org\/wp-content\/uploads\/2023\/05\/unnamed-1-1-293x521.jpg 293w, https:\/\/exaudi.org\/wp-content\/uploads\/2023\/05\/unnamed-1-1-390x693.jpg 390w\" sizes=\"auto, (max-width: 165px) 100vw, 165px\" \/>Tras el an\u00e1lisis de las cifras publicadas diariamente en la plataforma de estad\u00edsticas cinematogr\u00e1ficas Comscore, se puede afirmar que\u00a0<strong><em>\u00abLibres\u00bb<\/em><\/strong>\u00a0realmente est\u00e1 rompiendo esquemas y\u00a0se acerca a los 50.000 espectadores. Ya en m\u00e1s de\u00a0cuatro ocasiones, la pel\u00edcula ha sido posicionada en entre las 10 m\u00e1s taquilleras a nivel nacional.<\/p>\n<p>Para poder ser vista tambi\u00e9n en ciudades donde cientos\u00a0de personas\u00a0han pedido la pel\u00edcula, los monasterios, seminarios, auditorios, entre otros, han servido tambi\u00e9n de salas improvisadas de cine.<\/p>\n<p>Este fin de semana, por ejemplo, llegar\u00e1 a Zaragoza en la casa de las Religiosas Ang\u00e9licas y en Huesca en Teatro Salesiano,\u00a0las entradas est\u00e1n disponibles en\u00a0\u00a0<a href=\"http:\/\/www.boscoencuentros.com\/\" target=\"_blank\" rel=\"noopener noreferrer\" data-saferedirecturl=\"https:\/\/www.google.com\/url?q=http:\/\/www.boscoencuentros.com&amp;source=gmail&amp;ust=1683985057601000&amp;usg=AOvVaw20Fop82Tc1b2F_PaX3DHqc\">boscoencuentros.com<\/a><a href=\"https:\/\/www.boscoencuentros.com\/\" target=\"_blank\" rel=\"noopener noreferrer\" data-saferedirecturl=\"https:\/\/www.google.com\/url?q=https:\/\/www.boscoencuentros.com\/&amp;source=gmail&amp;ust=1683985057601000&amp;usg=AOvVaw0EcP-BpPcxZvJLMQN6fZPm\">\u00a0<\/a><\/p>\n<p><strong><em>\u00abLibres\u00bb<\/em><\/strong>\u00a0seguir\u00e1 en cartelera y contin\u00faa ingresando en nuevas ciudades del pa\u00eds, para conocer las salas ingrese a\u00a0<a href=\"https:\/\/libreslapelicula.com\/\" target=\"_blank\" rel=\"noopener noreferrer\" data-saferedirecturl=\"https:\/\/www.google.com\/url?q=https:\/\/libreslapelicula.com\/&amp;source=gmail&amp;ust=1683985057601000&amp;usg=AOvVaw0AIv2HhVCLEsoM-id886VY\">www.libreslapelicula.com<\/a><\/p>\n<h2>Trailer:<\/h2>\n<p><iframe loading=\"lazy\" title=\"\ud83c\udf3f &quot;LIBRES&quot; - Un viaje hacia el interior del Hombre | TRAILER Oficial\" width=\"500\" height=\"281\" src=\"https:\/\/www.youtube.com\/embed\/uUAaUwfLUhE?start=1&#038;feature=oembed\" frameborder=\"0\" allow=\"accelerometer; autoplay; clipboard-write; encrypted-media; gyroscope; picture-in-picture; web-share\" referrerpolicy=\"strict-origin-when-cross-origin\" allowfullscreen><\/iframe><\/p>\n<p><strong><img loading=\"lazy\" decoding=\"async\" class=\"alignleft wp-image-75972\" src=\"https:\/\/exaudi.org\/wp-content\/uploads\/2023\/05\/unnamed.jpg\" alt=\"\" width=\"212\" height=\"318\" srcset=\"https:\/\/exaudi.org\/wp-content\/uploads\/2023\/05\/unnamed.jpg 800w, https:\/\/exaudi.org\/wp-content\/uploads\/2023\/05\/unnamed-200x300.jpg 200w, https:\/\/exaudi.org\/wp-content\/uploads\/2023\/05\/unnamed-683x1024.jpg 683w, https:\/\/exaudi.org\/wp-content\/uploads\/2023\/05\/unnamed-770x1155.jpg 770w, https:\/\/exaudi.org\/wp-content\/uploads\/2023\/05\/unnamed-500x750.jpg 500w, https:\/\/exaudi.org\/wp-content\/uploads\/2023\/05\/unnamed-293x440.jpg 293w, https:\/\/exaudi.org\/wp-content\/uploads\/2023\/05\/unnamed-390x585.jpg 390w\" sizes=\"auto, (max-width: 212px) 100vw, 212px\" \/> <img loading=\"lazy\" decoding=\"async\" class=\"alignleft wp-image-75969\" src=\"https:\/\/exaudi.org\/wp-content\/uploads\/2023\/05\/unnamed-1.jpg\" alt=\"\" width=\"213\" height=\"320\" srcset=\"https:\/\/exaudi.org\/wp-content\/uploads\/2023\/05\/unnamed-1.jpg 800w, https:\/\/exaudi.org\/wp-content\/uploads\/2023\/05\/unnamed-1-200x300.jpg 200w, https:\/\/exaudi.org\/wp-content\/uploads\/2023\/05\/unnamed-1-683x1024.jpg 683w, https:\/\/exaudi.org\/wp-content\/uploads\/2023\/05\/unnamed-1-770x1155.jpg 770w, https:\/\/exaudi.org\/wp-content\/uploads\/2023\/05\/unnamed-1-500x750.jpg 500w, https:\/\/exaudi.org\/wp-content\/uploads\/2023\/05\/unnamed-1-293x440.jpg 293w, https:\/\/exaudi.org\/wp-content\/uploads\/2023\/05\/unnamed-1-390x585.jpg 390w\" sizes=\"auto, (max-width: 213px) 100vw, 213px\" \/>SINOPSIS<\/strong><\/p>\n<p>El ser humano es un perfecto equilibrio entre cuerpo, mente y alma. Desde hace siglos Espa\u00f1a ha sido cuna de la Contemplaci\u00f3n.\u00a0<em>Libres<\/em>\u00a0es un viaje al interior del hombre en el que hemos logrado el permiso para entrar y hablar con personas que rara vez pronuncian palabra y lugares que permanecen cerrados para el mundo:\u00a0<em>LOS MONASTERIOS<\/em>.<\/p>\n<p>Esta es nuestra oportunidad de conocer\u00a0qu\u00e9 lleva a una persona en pleno siglo XXI a decidir encerrarse entre cuatro muros por el resto de su vida. C\u00f3mo es su d\u00eda a d\u00eda, sus motivaciones, su vinculaci\u00f3n con la naturaleza pura y su vida exterior, que mucho tiene que ver con la interior.<\/p>\n<p><strong><u>SOBRE BOSCO FILMS<\/u><\/strong><\/p>\n<p><a href=\"https:\/\/www.boscofilms.es\/\" target=\"_blank\" rel=\"noopener\">BOSCO FILMS<\/a> es una empresa que nace en 2017 con la idea de traer aire fresco a la industria del cine. Busca pel\u00edculas de alta calidad art\u00edstica, con historias que\u00a0defiendan los valores humanos. Su inter\u00e9s es el cine que invita a crecer y a sacar lo mejor de cada uno, el cine que deja huella en el espectador como el m\u00e1s robusto de los \u00e1rboles: fresco, vivo y que a la vez permanece firme ante el paso del tiempo.\u00a0 A finales de 2021 comienza a distribuir internacionalmente al cerrar acuerdos directos con salas de exhibici\u00f3n en 15 pa\u00edses de Am\u00e9rica Latina. En 2022 inicia andadura en Estados Unidos con su primer t\u00edtulo \u00abVIVO\u00bb.<\/p>\n<p><u><strong>SOBRE VARIOPINTO<\/strong><\/u><\/p>\n<p><a href=\"https:\/\/variopinto.tv\/\" target=\"_blank\" rel=\"noopener\">Variopinto<\/a>. Empresa creativa y de producci\u00f3n audiovisual. Creadores de contenido audiovisual desde el concepto hasta la pieza final. Un h\u00edbrido entre agencia y productora centrada exclusivamente en el mundo de la imagen.<\/p>\n<p><img loading=\"lazy\" decoding=\"async\" class=\"alignleft wp-image-75987\" src=\"https:\/\/exaudi.org\/wp-content\/uploads\/2023\/05\/unnamed-2-1.jpg\" alt=\"\" width=\"290\" height=\"163\" srcset=\"https:\/\/exaudi.org\/wp-content\/uploads\/2023\/05\/unnamed-2-1.jpg 1200w, https:\/\/exaudi.org\/wp-content\/uploads\/2023\/05\/unnamed-2-1-300x169.jpg 300w, https:\/\/exaudi.org\/wp-content\/uploads\/2023\/05\/unnamed-2-1-1024x576.jpg 1024w, https:\/\/exaudi.org\/wp-content\/uploads\/2023\/05\/unnamed-2-1-770x433.jpg 770w, https:\/\/exaudi.org\/wp-content\/uploads\/2023\/05\/unnamed-2-1-500x281.jpg 500w, https:\/\/exaudi.org\/wp-content\/uploads\/2023\/05\/unnamed-2-1-293x165.jpg 293w, https:\/\/exaudi.org\/wp-content\/uploads\/2023\/05\/unnamed-2-1-390x219.jpg 390w\" sizes=\"auto, (max-width: 290px) 100vw, 290px\" \/> <img loading=\"lazy\" decoding=\"async\" class=\"alignleft wp-image-75984\" src=\"https:\/\/exaudi.org\/wp-content\/uploads\/2023\/05\/unnamed.png\" alt=\"\" width=\"297\" height=\"161\" srcset=\"https:\/\/exaudi.org\/wp-content\/uploads\/2023\/05\/unnamed.png 378w, https:\/\/exaudi.org\/wp-content\/uploads\/2023\/05\/unnamed-300x163.png 300w, https:\/\/exaudi.org\/wp-content\/uploads\/2023\/05\/unnamed-293x159.png 293w\" sizes=\"auto, (max-width: 297px) 100vw, 297px\" \/><\/p>\n","protected":false},"excerpt":{"rendered":"<p>En Espa\u00f1a en lo que va del a\u00f1o<\/p>\n","protected":false},"author":15,"featured_media":74302,"comment_status":"closed","ping_status":"closed","sticky":false,"template":"","format":"standard","meta":{"_acf_changed":false,"_crdt_document":"","inline_featured_image":false,"footnotes":""},"categories":[74],"tags":[2068,1670,8908,4953,9147,8910],"class_list":["post-75989","post","type-post","status-publish","format-standard","has-post-thumbnail","hentry","category-iglesia-y-mundo","tag-bosco-films","tag-documental","tag-libres","tag-trending-es","tag-variopinto-2","tag-variopinto-producciones"],"acf":[],"yoast_head":"<!-- This site is optimized with the Yoast SEO plugin v27.4 - https:\/\/yoast.com\/product\/yoast-seo-wordpress\/ -->\n<title>&quot;LIBRES&quot; se convierte en el documental m\u00e1s visto &#8211; Exaudi<\/title>\n<meta name=\"robots\" content=\"index, follow, max-snippet:-1, max-image-preview:large, max-video-preview:-1\" \/>\n<link rel=\"canonical\" href=\"https:\/\/exaudi.org\/es\/libres-se-convierte-en-el-documental-mas-visto-en-espana-en-lo-que-va-del-ano\/\" \/>\n<meta property=\"og:locale\" content=\"es_ES\" \/>\n<meta property=\"og:type\" content=\"article\" \/>\n<meta property=\"og:title\" content=\"&quot;LIBRES&quot; se convierte en el documental m\u00e1s visto &#8211; Exaudi\" \/>\n<meta property=\"og:description\" content=\"En Espa\u00f1a en lo que va del a\u00f1o\" \/>\n<meta property=\"og:url\" content=\"https:\/\/exaudi.org\/es\/libres-se-convierte-en-el-documental-mas-visto-en-espana-en-lo-que-va-del-ano\/\" \/>\n<meta property=\"og:site_name\" content=\"Exaudi\" \/>\n<meta property=\"article:publisher\" content=\"https:\/\/www.facebook.com\/ExaudiNews\" \/>\n<meta property=\"article:author\" content=\"https:\/\/www.facebook.com\/ExaudiNoticias\/\" \/>\n<meta property=\"article:published_time\" content=\"2023-05-12T13:57:49+00:00\" \/>\n<meta property=\"article:modified_time\" content=\"2023-05-12T14:02:52+00:00\" \/>\n<meta property=\"og:image\" content=\"https:\/\/exaudi.org\/wp-content\/uploads\/2023\/04\/Libres.jpg\" \/>\n\t<meta property=\"og:image:width\" content=\"1207\" \/>\n\t<meta property=\"og:image:height\" content=\"870\" \/>\n\t<meta property=\"og:image:type\" content=\"image\/jpeg\" \/>\n<meta name=\"author\" content=\"Exaudi Redacci\u00f3n\" \/>\n<meta name=\"twitter:card\" content=\"summary_large_image\" \/>\n<meta name=\"twitter:creator\" content=\"@Exaudi_noticias\" \/>\n<meta name=\"twitter:site\" content=\"@Exaudi_News\" \/>\n<meta name=\"twitter:label1\" content=\"Escrito por\" \/>\n\t<meta name=\"twitter:data1\" content=\"Exaudi Redacci\u00f3n\" \/>\n\t<meta name=\"twitter:label2\" content=\"Tiempo de lectura\" \/>\n\t<meta name=\"twitter:data2\" content=\"2 minutos\" \/>\n<script type=\"application\/ld+json\" class=\"yoast-schema-graph\">{\"@context\":\"https:\\\/\\\/schema.org\",\"@graph\":[{\"@type\":\"Article\",\"@id\":\"https:\\\/\\\/exaudi.org\\\/es\\\/libres-se-convierte-en-el-documental-mas-visto-en-espana-en-lo-que-va-del-ano\\\/#article\",\"isPartOf\":{\"@id\":\"https:\\\/\\\/exaudi.org\\\/es\\\/libres-se-convierte-en-el-documental-mas-visto-en-espana-en-lo-que-va-del-ano\\\/\"},\"author\":{\"name\":\"Exaudi Redacci\u00f3n\",\"@id\":\"https:\\\/\\\/exaudi.org\\\/#\\\/schema\\\/person\\\/f5fc8f063065e38742da7afe15f25df7\"},\"headline\":\"\u00abLIBRES\u00bb se convierte en el documental m\u00e1s visto\",\"datePublished\":\"2023-05-12T13:57:49+00:00\",\"dateModified\":\"2023-05-12T14:02:52+00:00\",\"mainEntityOfPage\":{\"@id\":\"https:\\\/\\\/exaudi.org\\\/es\\\/libres-se-convierte-en-el-documental-mas-visto-en-espana-en-lo-que-va-del-ano\\\/\"},\"wordCount\":484,\"image\":{\"@id\":\"https:\\\/\\\/exaudi.org\\\/es\\\/libres-se-convierte-en-el-documental-mas-visto-en-espana-en-lo-que-va-del-ano\\\/#primaryimage\"},\"thumbnailUrl\":\"https:\\\/\\\/exaudi.org\\\/wp-content\\\/uploads\\\/2023\\\/04\\\/Libres.jpg\",\"keywords\":[\"Bosco Films\",\"Documental\",\"Libres\",\"Trending\",\"Variopinto\",\"Variopinto producciones\"],\"articleSection\":[\"Iglesia y Mundo\"],\"inLanguage\":\"es\"},{\"@type\":\"WebPage\",\"@id\":\"https:\\\/\\\/exaudi.org\\\/es\\\/libres-se-convierte-en-el-documental-mas-visto-en-espana-en-lo-que-va-del-ano\\\/\",\"url\":\"https:\\\/\\\/exaudi.org\\\/es\\\/libres-se-convierte-en-el-documental-mas-visto-en-espana-en-lo-que-va-del-ano\\\/\",\"name\":\"\\\"LIBRES\\\" se convierte en el documental m\u00e1s visto &#8211; Exaudi\",\"isPartOf\":{\"@id\":\"https:\\\/\\\/exaudi.org\\\/#website\"},\"primaryImageOfPage\":{\"@id\":\"https:\\\/\\\/exaudi.org\\\/es\\\/libres-se-convierte-en-el-documental-mas-visto-en-espana-en-lo-que-va-del-ano\\\/#primaryimage\"},\"image\":{\"@id\":\"https:\\\/\\\/exaudi.org\\\/es\\\/libres-se-convierte-en-el-documental-mas-visto-en-espana-en-lo-que-va-del-ano\\\/#primaryimage\"},\"thumbnailUrl\":\"https:\\\/\\\/exaudi.org\\\/wp-content\\\/uploads\\\/2023\\\/04\\\/Libres.jpg\",\"datePublished\":\"2023-05-12T13:57:49+00:00\",\"dateModified\":\"2023-05-12T14:02:52+00:00\",\"author\":{\"@id\":\"https:\\\/\\\/exaudi.org\\\/#\\\/schema\\\/person\\\/f5fc8f063065e38742da7afe15f25df7\"},\"breadcrumb\":{\"@id\":\"https:\\\/\\\/exaudi.org\\\/es\\\/libres-se-convierte-en-el-documental-mas-visto-en-espana-en-lo-que-va-del-ano\\\/#breadcrumb\"},\"inLanguage\":\"es\",\"potentialAction\":[{\"@type\":\"ReadAction\",\"target\":[\"https:\\\/\\\/exaudi.org\\\/es\\\/libres-se-convierte-en-el-documental-mas-visto-en-espana-en-lo-que-va-del-ano\\\/\"]}]},{\"@type\":\"ImageObject\",\"inLanguage\":\"es\",\"@id\":\"https:\\\/\\\/exaudi.org\\\/es\\\/libres-se-convierte-en-el-documental-mas-visto-en-espana-en-lo-que-va-del-ano\\\/#primaryimage\",\"url\":\"https:\\\/\\\/exaudi.org\\\/wp-content\\\/uploads\\\/2023\\\/04\\\/Libres.jpg\",\"contentUrl\":\"https:\\\/\\\/exaudi.org\\\/wp-content\\\/uploads\\\/2023\\\/04\\\/Libres.jpg\",\"width\":1207,\"height\":870},{\"@type\":\"BreadcrumbList\",\"@id\":\"https:\\\/\\\/exaudi.org\\\/es\\\/libres-se-convierte-en-el-documental-mas-visto-en-espana-en-lo-que-va-del-ano\\\/#breadcrumb\",\"itemListElement\":[{\"@type\":\"ListItem\",\"position\":1,\"name\":\"Portada\",\"item\":\"https:\\\/\\\/exaudi.org\\\/es\\\/\"},{\"@type\":\"ListItem\",\"position\":2,\"name\":\"\u00abLIBRES\u00bb se convierte en el documental m\u00e1s visto\"}]},{\"@type\":\"WebSite\",\"@id\":\"https:\\\/\\\/exaudi.org\\\/#website\",\"url\":\"https:\\\/\\\/exaudi.org\\\/\",\"name\":\"Exaudi\",\"description\":\"News\",\"potentialAction\":[{\"@type\":\"SearchAction\",\"target\":{\"@type\":\"EntryPoint\",\"urlTemplate\":\"https:\\\/\\\/exaudi.org\\\/?s={search_term_string}\"},\"query-input\":{\"@type\":\"PropertyValueSpecification\",\"valueRequired\":true,\"valueName\":\"search_term_string\"}}],\"inLanguage\":\"es\"},{\"@type\":\"Person\",\"@id\":\"https:\\\/\\\/exaudi.org\\\/#\\\/schema\\\/person\\\/f5fc8f063065e38742da7afe15f25df7\",\"name\":\"Exaudi Redacci\u00f3n\",\"image\":{\"@type\":\"ImageObject\",\"inLanguage\":\"es\",\"@id\":\"https:\\\/\\\/secure.gravatar.com\\\/avatar\\\/fe0f6a059fb68d9b3e11bc5850dd4899b1c7492091a3cb6dd9b01b56ad828be2?s=96&d=mm&r=g\",\"url\":\"https:\\\/\\\/secure.gravatar.com\\\/avatar\\\/fe0f6a059fb68d9b3e11bc5850dd4899b1c7492091a3cb6dd9b01b56ad828be2?s=96&d=mm&r=g\",\"contentUrl\":\"https:\\\/\\\/secure.gravatar.com\\\/avatar\\\/fe0f6a059fb68d9b3e11bc5850dd4899b1c7492091a3cb6dd9b01b56ad828be2?s=96&d=mm&r=g\",\"caption\":\"Exaudi Redacci\u00f3n\"},\"description\":\"\u00bfQu\u00e9 es Exaudi News? Exaudi News es un medio de comunicaci\u00f3n cat\u00f3lico internacional que informa, forma y transforma, diariamente en espa\u00f1ol, ingl\u00e9s e italiano. A trav\u00e9s de noticias, art\u00edculos de an\u00e1lisis y transmisiones en directo de los eventos del Papa, Exaudi busca fortalecer la unidad de los cristianos y contribuir a la evangelizaci\u00f3n del mundo, siempre guiados por la doctrina social de la Iglesia. Trabajamos para acercar la verdad y los valores cristianos a cada rinc\u00f3n del planeta. \u00a1Ay\u00fadanos a transformar el mundo con Exaudi! En Exaudi creemos que la evangelizaci\u00f3n y la informaci\u00f3n de calidad pueden cambiar vidas. Para continuar con nuestra misi\u00f3n y expandir nuestro alcance, necesitamos tu ayuda. Adem\u00e1s, buscamos personas comprometidas que deseen unirse a nuestro equipo. Con tu apoyo, lograremos llegar a m\u00e1s personas, difundir el mensaje de Cristo y reforzar la unidad de los cristianos. \u00bfTe unes a nuestra misi\u00f3n? Para m\u00e1s informaci\u00f3n sobre c\u00f3mo colaborar, visita Exaudi.org\\\/es o cont\u00e1ctanos directamente: info@exaudi.org Exaudi: Informa, forma y transforma.\",\"sameAs\":[\"https:\\\/\\\/www.facebook.com\\\/ExaudiNoticias\\\/\",\"https:\\\/\\\/www.instagram.com\\\/exaudi_noticias\\\/\",\"https:\\\/\\\/x.com\\\/Exaudi_noticias\",\"https:\\\/\\\/www.youtube.com\\\/@exaudicatholicnews\"],\"url\":\"https:\\\/\\\/exaudi.org\\\/es\\\/author\\\/redaccionexaudi\\\/\"}]}<\/script>\n<!-- \/ Yoast SEO plugin. -->","yoast_head_json":{"title":"\"LIBRES\" se convierte en el documental m\u00e1s visto &#8211; Exaudi","robots":{"index":"index","follow":"follow","max-snippet":"max-snippet:-1","max-image-preview":"max-image-preview:large","max-video-preview":"max-video-preview:-1"},"canonical":"https:\/\/exaudi.org\/es\/libres-se-convierte-en-el-documental-mas-visto-en-espana-en-lo-que-va-del-ano\/","og_locale":"es_ES","og_type":"article","og_title":"\"LIBRES\" se convierte en el documental m\u00e1s visto &#8211; Exaudi","og_description":"En Espa\u00f1a en lo que va del a\u00f1o","og_url":"https:\/\/exaudi.org\/es\/libres-se-convierte-en-el-documental-mas-visto-en-espana-en-lo-que-va-del-ano\/","og_site_name":"Exaudi","article_publisher":"https:\/\/www.facebook.com\/ExaudiNews","article_author":"https:\/\/www.facebook.com\/ExaudiNoticias\/","article_published_time":"2023-05-12T13:57:49+00:00","article_modified_time":"2023-05-12T14:02:52+00:00","og_image":[{"width":1207,"height":870,"url":"https:\/\/exaudi.org\/wp-content\/uploads\/2023\/04\/Libres.jpg","type":"image\/jpeg"}],"author":"Exaudi Redacci\u00f3n","twitter_card":"summary_large_image","twitter_creator":"@Exaudi_noticias","twitter_site":"@Exaudi_News","twitter_misc":{"Escrito por":"Exaudi Redacci\u00f3n","Tiempo de lectura":"2 minutos"},"schema":{"@context":"https:\/\/schema.org","@graph":[{"@type":"Article","@id":"https:\/\/exaudi.org\/es\/libres-se-convierte-en-el-documental-mas-visto-en-espana-en-lo-que-va-del-ano\/#article","isPartOf":{"@id":"https:\/\/exaudi.org\/es\/libres-se-convierte-en-el-documental-mas-visto-en-espana-en-lo-que-va-del-ano\/"},"author":{"name":"Exaudi Redacci\u00f3n","@id":"https:\/\/exaudi.org\/#\/schema\/person\/f5fc8f063065e38742da7afe15f25df7"},"headline":"\u00abLIBRES\u00bb se convierte en el documental m\u00e1s visto","datePublished":"2023-05-12T13:57:49+00:00","dateModified":"2023-05-12T14:02:52+00:00","mainEntityOfPage":{"@id":"https:\/\/exaudi.org\/es\/libres-se-convierte-en-el-documental-mas-visto-en-espana-en-lo-que-va-del-ano\/"},"wordCount":484,"image":{"@id":"https:\/\/exaudi.org\/es\/libres-se-convierte-en-el-documental-mas-visto-en-espana-en-lo-que-va-del-ano\/#primaryimage"},"thumbnailUrl":"https:\/\/exaudi.org\/wp-content\/uploads\/2023\/04\/Libres.jpg","keywords":["Bosco Films","Documental","Libres","Trending","Variopinto","Variopinto producciones"],"articleSection":["Iglesia y Mundo"],"inLanguage":"es"},{"@type":"WebPage","@id":"https:\/\/exaudi.org\/es\/libres-se-convierte-en-el-documental-mas-visto-en-espana-en-lo-que-va-del-ano\/","url":"https:\/\/exaudi.org\/es\/libres-se-convierte-en-el-documental-mas-visto-en-espana-en-lo-que-va-del-ano\/","name":"\"LIBRES\" se convierte en el documental m\u00e1s visto &#8211; Exaudi","isPartOf":{"@id":"https:\/\/exaudi.org\/#website"},"primaryImageOfPage":{"@id":"https:\/\/exaudi.org\/es\/libres-se-convierte-en-el-documental-mas-visto-en-espana-en-lo-que-va-del-ano\/#primaryimage"},"image":{"@id":"https:\/\/exaudi.org\/es\/libres-se-convierte-en-el-documental-mas-visto-en-espana-en-lo-que-va-del-ano\/#primaryimage"},"thumbnailUrl":"https:\/\/exaudi.org\/wp-content\/uploads\/2023\/04\/Libres.jpg","datePublished":"2023-05-12T13:57:49+00:00","dateModified":"2023-05-12T14:02:52+00:00","author":{"@id":"https:\/\/exaudi.org\/#\/schema\/person\/f5fc8f063065e38742da7afe15f25df7"},"breadcrumb":{"@id":"https:\/\/exaudi.org\/es\/libres-se-convierte-en-el-documental-mas-visto-en-espana-en-lo-que-va-del-ano\/#breadcrumb"},"inLanguage":"es","potentialAction":[{"@type":"ReadAction","target":["https:\/\/exaudi.org\/es\/libres-se-convierte-en-el-documental-mas-visto-en-espana-en-lo-que-va-del-ano\/"]}]},{"@type":"ImageObject","inLanguage":"es","@id":"https:\/\/exaudi.org\/es\/libres-se-convierte-en-el-documental-mas-visto-en-espana-en-lo-que-va-del-ano\/#primaryimage","url":"https:\/\/exaudi.org\/wp-content\/uploads\/2023\/04\/Libres.jpg","contentUrl":"https:\/\/exaudi.org\/wp-content\/uploads\/2023\/04\/Libres.jpg","width":1207,"height":870},{"@type":"BreadcrumbList","@id":"https:\/\/exaudi.org\/es\/libres-se-convierte-en-el-documental-mas-visto-en-espana-en-lo-que-va-del-ano\/#breadcrumb","itemListElement":[{"@type":"ListItem","position":1,"name":"Portada","item":"https:\/\/exaudi.org\/es\/"},{"@type":"ListItem","position":2,"name":"\u00abLIBRES\u00bb se convierte en el documental m\u00e1s visto"}]},{"@type":"WebSite","@id":"https:\/\/exaudi.org\/#website","url":"https:\/\/exaudi.org\/","name":"Exaudi","description":"News","potentialAction":[{"@type":"SearchAction","target":{"@type":"EntryPoint","urlTemplate":"https:\/\/exaudi.org\/?s={search_term_string}"},"query-input":{"@type":"PropertyValueSpecification","valueRequired":true,"valueName":"search_term_string"}}],"inLanguage":"es"},{"@type":"Person","@id":"https:\/\/exaudi.org\/#\/schema\/person\/f5fc8f063065e38742da7afe15f25df7","name":"Exaudi Redacci\u00f3n","image":{"@type":"ImageObject","inLanguage":"es","@id":"https:\/\/secure.gravatar.com\/avatar\/fe0f6a059fb68d9b3e11bc5850dd4899b1c7492091a3cb6dd9b01b56ad828be2?s=96&d=mm&r=g","url":"https:\/\/secure.gravatar.com\/avatar\/fe0f6a059fb68d9b3e11bc5850dd4899b1c7492091a3cb6dd9b01b56ad828be2?s=96&d=mm&r=g","contentUrl":"https:\/\/secure.gravatar.com\/avatar\/fe0f6a059fb68d9b3e11bc5850dd4899b1c7492091a3cb6dd9b01b56ad828be2?s=96&d=mm&r=g","caption":"Exaudi Redacci\u00f3n"},"description":"\u00bfQu\u00e9 es Exaudi News? Exaudi News es un medio de comunicaci\u00f3n cat\u00f3lico internacional que informa, forma y transforma, diariamente en espa\u00f1ol, ingl\u00e9s e italiano. A trav\u00e9s de noticias, art\u00edculos de an\u00e1lisis y transmisiones en directo de los eventos del Papa, Exaudi busca fortalecer la unidad de los cristianos y contribuir a la evangelizaci\u00f3n del mundo, siempre guiados por la doctrina social de la Iglesia. Trabajamos para acercar la verdad y los valores cristianos a cada rinc\u00f3n del planeta. \u00a1Ay\u00fadanos a transformar el mundo con Exaudi! En Exaudi creemos que la evangelizaci\u00f3n y la informaci\u00f3n de calidad pueden cambiar vidas. Para continuar con nuestra misi\u00f3n y expandir nuestro alcance, necesitamos tu ayuda. Adem\u00e1s, buscamos personas comprometidas que deseen unirse a nuestro equipo. Con tu apoyo, lograremos llegar a m\u00e1s personas, difundir el mensaje de Cristo y reforzar la unidad de los cristianos. \u00bfTe unes a nuestra misi\u00f3n? Para m\u00e1s informaci\u00f3n sobre c\u00f3mo colaborar, visita Exaudi.org\/es o cont\u00e1ctanos directamente: info@exaudi.org Exaudi: Informa, forma y transforma.","sameAs":["https:\/\/www.facebook.com\/ExaudiNoticias\/","https:\/\/www.instagram.com\/exaudi_noticias\/","https:\/\/x.com\/Exaudi_noticias","https:\/\/www.youtube.com\/@exaudicatholicnews"],"url":"https:\/\/exaudi.org\/es\/author\/redaccionexaudi\/"}]}},"jetpack_featured_media_url":"https:\/\/exaudi.org\/wp-content\/uploads\/2023\/04\/Libres.jpg","jetpack_shortlink":"https:\/\/wp.me\/pgKjF2-jLD","_links":{"self":[{"href":"https:\/\/exaudi.org\/es\/wp-json\/wp\/v2\/posts\/75989","targetHints":{"allow":["GET"]}}],"collection":[{"href":"https:\/\/exaudi.org\/es\/wp-json\/wp\/v2\/posts"}],"about":[{"href":"https:\/\/exaudi.org\/es\/wp-json\/wp\/v2\/types\/post"}],"author":[{"embeddable":true,"href":"https:\/\/exaudi.org\/es\/wp-json\/wp\/v2\/users\/15"}],"replies":[{"embeddable":true,"href":"https:\/\/exaudi.org\/es\/wp-json\/wp\/v2\/comments?post=75989"}],"version-history":[{"count":0,"href":"https:\/\/exaudi.org\/es\/wp-json\/wp\/v2\/posts\/75989\/revisions"}],"wp:featuredmedia":[{"embeddable":true,"href":"https:\/\/exaudi.org\/es\/wp-json\/wp\/v2\/media\/74302"}],"wp:attachment":[{"href":"https:\/\/exaudi.org\/es\/wp-json\/wp\/v2\/media?parent=75989"}],"wp:term":[{"taxonomy":"category","embeddable":true,"href":"https:\/\/exaudi.org\/es\/wp-json\/wp\/v2\/categories?post=75989"},{"taxonomy":"post_tag","embeddable":true,"href":"https:\/\/exaudi.org\/es\/wp-json\/wp\/v2\/tags?post=75989"}],"curies":[{"name":"wp","href":"https:\/\/api.w.org\/{rel}","templated":true}]}}