{"id":75952,"date":"2023-05-12T10:00:04","date_gmt":"2023-05-12T08:00:04","guid":{"rendered":"https:\/\/exaudi.org\/?p=75952"},"modified":"2023-05-12T10:06:00","modified_gmt":"2023-05-12T08:06:00","slug":"el-tribunal-constitucional-confirma-su-posicion-de-considerar-el-aborto-como-un-derecho","status":"publish","type":"post","link":"https:\/\/exaudi.org\/es\/el-tribunal-constitucional-confirma-su-posicion-de-considerar-el-aborto-como-un-derecho\/","title":{"rendered":"El Tribunal Constitucional confirma su posici\u00f3n de considerar el aborto como un derecho"},"content":{"rendered":"<audio class=\"wp-audio-shortcode\" id=\"audio-75952-1\" preload=\"none\" style=\"width: 100%;\" controls=\"controls\"><source type=\"audio\/mpeg\" src=\"https:\/\/exaudi.org\/wp-content\/uploads\/2023\/05\/El-Tribunal-Constitucional-confirma-su-posicion-de.mp3?_=1\" \/><a href=\"https:\/\/exaudi.org\/wp-content\/uploads\/2023\/05\/El-Tribunal-Constitucional-confirma-su-posicion-de.mp3\">https:\/\/exaudi.org\/wp-content\/uploads\/2023\/05\/El-Tribunal-Constitucional-confirma-su-posicion-de.mp3<\/a><\/audio>\n<p>El Pleno del Tribunal Constitucional (TC) ha aprobado, trece a\u00f1os despu\u00e9s, la sentencia que avala \u00edntegramente la reforma de la ley del aborto de 2010.<\/p>\n<p>Este posicionamiento del TC desprotege totalmente al nasciturus, al considerar que el no nacido no encarna un valor fundamental, el de la vida humana, y que, por tanto, no es titular del derecho a la vida, bien constitucionalmente protegido por el art\u00edculo 15 de la Constituci\u00f3n Espa\u00f1ola (CE).<\/p>\n<p>Se promueve as\u00ed la definitiva consagraci\u00f3n de la muerte del\u00a0<strong><a href=\"https:\/\/www.observatoriobioetica.org\/2017\/04\/estatuto-biologico-del-embrion-humano-3\/15982\" target=\"_blank\" rel=\"noopener\">embri\u00f3n o el feto<\/a>\u00a0<\/strong>como un derecho de la sociedad en general y de la mujer gestante en particular, incluidas las menores de edad que pueden abortar sin necesidad del permiso parental.<\/p>\n<p>Cuando un tribunal, como ahora ocurre con el TC, sentencia injustamente, porque lo hace contra los derechos de los m\u00e1s d\u00e9biles, que son a los que m\u00e1s deber\u00eda proteger, se aleja diametralmente de su funci\u00f3n primera: hacer valer los derechos que nos protegen, de manera especial a los que no pueden protegerse a s\u00ed mismos, como es el caso del nasciturus.<\/p>\n<p>Y ante una injusticia como la actual, no podemos permanecer c\u00f3mplices con nuestro silencio.\u00a0 El que una mayor\u00eda conformada acepte como moralmente bueno lo que un tribunal que sentencia injustamente considera l\u00edcito, no nos exime de defender la verdad, la dignidad humana y la necesidad de no hacer da\u00f1o, porque el aborto da\u00f1a a quien mata, el feto, y a quien le gesta, su madre.<\/p>\n<p>\u00bfPuede defenderse la verdad a contracorriente, si nadie se aventura a definir qu\u00e9 es la verdad? \u00bfExiste una verdad que constituya un eje moral que nos permita discernir lo bueno de lo malo? \u00bfO ser\u00e1 bueno lo legalmente aceptado y malo lo legalmente reprobado?<\/p>\n<p>Paso a puntualizar algunas evidencias -verdades- que parecen haber sido ignoradas por los que sentencian de manera injusta, cuyo desprecio o ignorancia empujan fatalmente a decisiones maleficentes:<\/p>\n<p><strong><a href=\"https:\/\/www.observatoriobioetica.org\/2017\/04\/estatuto-biologico-del-embrion-humano-3\/15982\" target=\"_blank\" rel=\"noopener\">La evidencia cient\u00edfica<\/a><\/strong>\u00a0confirma, sin paliativos, la existencia de una vida humana a partir del momento de la fecundaci\u00f3n. Los avances en el conocimiento del desarrollo embrionario no permiten establecer ning\u00fan cambio en cuanto a la naturaleza de este ser humano.<\/p>\n<p>Un aborto no es s\u00f3lo la \u201cinterrupci\u00f3n voluntaria del embarazo\u201d sino un acto simple y cruel de interrupci\u00f3n de una vida humana. El feto, en el claustro materno no forma parte de la sustantividad ni de ning\u00fan \u00f3rgano de la madre, aunque dependa de \u00e9sta para su propio desarrollo.<\/p>\n<p>Negar el derecho a la vida a un ser humano por ser inmaduro supone arrogarse la capacidad de otorgar o retirar la dignidad merecedora de derechos a los individuos m\u00e1s fr\u00e1giles e indefensos, cuyos precedentes hist\u00f3ricos han resultado devastadores en todo caso. Frente al \u00abtodos tienen derecho a la vida\u00bb,\u00a0<em>e<\/em>l derecho a la vida ya no es para \u201ctodos\u201d, sino solo para los nacidos. Se da paso as\u00ed, a una desigualdad y\/o discriminaci\u00f3n entre vidas humanas que merecen o no ser protegidas.<\/p>\n<p>El aborto constituye un atentado no solo\u00a0<a href=\"https:\/\/www.observatoriobioetica.org\/2019\/01\/embarazo-aborto-espontaneo-y-provocado-su-influencia-en-la-salud-y-en-la-mortalidad-de-las-madres\/29655\" target=\"_blank\" rel=\"noopener\"><strong>contra la vida del nasciturus<\/strong><\/a>, sino tambi\u00e9n contra la salud de su madre, como evidencian numerosos trabajos cient\u00edficos. Por lo tanto, no puede afirmarse que el aborto contribuya a la salud en ning\u00fan caso de ninguno de los implicados, ni puede justificarse en nombre de la libertad de la mujer, que no puede disponer de la vida de su hijo.<\/p>\n<p>Considerar el aborto como un derecho de la mujer constituye una perversi\u00f3n: negar el derecho a la vida de algunos para afirmar el derecho de otros a extinguirla supone un grave atentado contra la dignidad humana.<\/p>\n<p>No facilitar a las mujeres que experimentan un embarazo no deseado toda la informaci\u00f3n relativa a la naturaleza del aborto y sus consecuencias, as\u00ed como de las alternativas que le permitan continuar con la gestaci\u00f3n, es atentar contra su autonom\u00eda y su capacidad de decisi\u00f3n libre.<\/p>\n<p>Las mayor\u00edas tambi\u00e9n se equivocan. En este caso es la mayor\u00eda de un tribunal, el TC. Y lo grave de estos errores es que mueven a nuevas distorsiones en otras mayor\u00edas que interpretan como certidumbres los errores de otros, por generalizados o mayoritarios. Una conciencia bien formada, que discierna el bien del mal, el favor del da\u00f1o, debe constituirse como el verdadero espacio de la libertad, que alza su voz ante la injusticia, aunque sea esta promovida por una mayor\u00eda confundida.<\/p>\n<p><strong>*Ver art\u00edculo relacionado:\u00a0<a href=\"https:\/\/www.observatoriobioetica.org\/2023\/02\/el-observatorio-de-bioetica-de-la-universidad-catolica-de-valencia-ucv-y-civica-invitan-a-sumarse-a-un-manifiesto-ante-el-pronunciamiento-del-tribunal-constitucional-sobre-el-del-aborto\/41186\" target=\"_blank\" rel=\"noopener\">El Observatorio de Bio\u00e9tica de la UCV y CIVICA publican un manifiesto ante el pronunciamiento del Tribunal Constitucional sobre el recurso a la Ley del aborto<\/a><\/strong><\/p>\n<p>Julio Tudela<\/p>\n<p><a href=\"https:\/\/www.observatoriobioetica.org\/\" target=\"_blank\" rel=\"noopener\">Observatorio de Bio\u00e9tica<\/a><\/p>\n<p>Instituto Ciencias de la Vida<\/p>\n<p>Universidad Cat\u00f3lica de Valencia<\/p>\n<h5><a href=\"https:\/\/www.lasprovincias.es\/opinion\/julio-tudela-observatorio-de-bioetica-de-la-universidad-catolica-de-valencia-tc-despoja-nasciturus-derecho-vida-20230511001825-nt.html\" target=\"_blank\" rel=\"noopener\">*Art\u00edculo publicado en el diario \u00abLas Provincias\u00bb el 11 de mayo de 2023.<\/a><\/h5>\n<p><img loading=\"lazy\" decoding=\"async\" class=\"size-full wp-image-75963 aligncenter\" src=\"https:\/\/exaudi.org\/wp-content\/uploads\/2023\/05\/Voces-2-1.jpg\" alt=\"\" width=\"1080\" height=\"1080\" srcset=\"https:\/\/exaudi.org\/wp-content\/uploads\/2023\/05\/Voces-2-1.jpg 1080w, https:\/\/exaudi.org\/wp-content\/uploads\/2023\/05\/Voces-2-1-300x300.jpg 300w, https:\/\/exaudi.org\/wp-content\/uploads\/2023\/05\/Voces-2-1-1024x1024.jpg 1024w, https:\/\/exaudi.org\/wp-content\/uploads\/2023\/05\/Voces-2-1-100x100.jpg?crop=1 100w, https:\/\/exaudi.org\/wp-content\/uploads\/2023\/05\/Voces-2-1-770x770.jpg 770w, https:\/\/exaudi.org\/wp-content\/uploads\/2023\/05\/Voces-2-1-500x500.jpg 500w, https:\/\/exaudi.org\/wp-content\/uploads\/2023\/05\/Voces-2-1-293x293.jpg 293w, https:\/\/exaudi.org\/wp-content\/uploads\/2023\/05\/Voces-2-1-390x390.jpg 390w, https:\/\/exaudi.org\/wp-content\/uploads\/2023\/05\/Voces-2-1-585x585.jpg 585w, https:\/\/exaudi.org\/wp-content\/uploads\/2023\/05\/Voces-2-1-900x900.jpg 900w\" sizes=\"auto, (max-width: 1080px) 100vw, 1080px\" \/><\/p>\n","protected":false},"excerpt":{"rendered":"<p>Y as\u00ed despojar al nasciturus del derecho a la vida<\/p>\n","protected":false},"author":87,"featured_media":75956,"comment_status":"closed","ping_status":"closed","sticky":false,"template":"","format":"standard","meta":{"_acf_changed":false,"_crdt_document":"","inline_featured_image":false,"footnotes":""},"categories":[130],"tags":[1121,728,7637,1008,4953,8412],"class_list":["post-75952","post","type-post","status-publish","format-standard","has-post-thumbnail","hentry","category-voces","tag-aborto","tag-bioetica","tag-derecho","tag-espana","tag-trending-es","tag-tribunal-constitucional"],"acf":[],"yoast_head":"<!-- This site is optimized with the Yoast SEO plugin v27.4 - https:\/\/yoast.com\/product\/yoast-seo-wordpress\/ -->\n<title>El Tribunal Constitucional confirma su posici\u00f3n de considerar el aborto como un derecho &#8211; Exaudi<\/title>\n<meta name=\"robots\" content=\"index, follow, max-snippet:-1, max-image-preview:large, max-video-preview:-1\" \/>\n<link rel=\"canonical\" href=\"https:\/\/exaudi.org\/es\/el-tribunal-constitucional-confirma-su-posicion-de-considerar-el-aborto-como-un-derecho\/\" \/>\n<meta property=\"og:locale\" content=\"es_ES\" \/>\n<meta property=\"og:type\" content=\"article\" \/>\n<meta property=\"og:title\" content=\"El Tribunal Constitucional confirma su posici\u00f3n de considerar el aborto como un derecho &#8211; Exaudi\" \/>\n<meta property=\"og:description\" content=\"Y as\u00ed despojar al nasciturus del derecho a la vida\" \/>\n<meta property=\"og:url\" content=\"https:\/\/exaudi.org\/es\/el-tribunal-constitucional-confirma-su-posicion-de-considerar-el-aborto-como-un-derecho\/\" \/>\n<meta property=\"og:site_name\" content=\"Exaudi\" \/>\n<meta property=\"article:publisher\" content=\"https:\/\/www.facebook.com\/ExaudiNews\" \/>\n<meta property=\"article:author\" content=\"https:\/\/www.facebook.com\/observatoriodebioetica\/\" \/>\n<meta property=\"article:published_time\" content=\"2023-05-12T08:00:04+00:00\" \/>\n<meta property=\"article:modified_time\" content=\"2023-05-12T08:06:00+00:00\" \/>\n<meta property=\"og:image\" content=\"https:\/\/exaudi.org\/wp-content\/uploads\/2023\/05\/pexels-emma-bauso-16579288-scaled.jpg\" \/>\n\t<meta property=\"og:image:width\" content=\"2560\" \/>\n\t<meta property=\"og:image:height\" content=\"1703\" \/>\n\t<meta property=\"og:image:type\" content=\"image\/jpeg\" \/>\n<meta name=\"author\" content=\"Observatorio de Bio\u00e9tica UCV\" \/>\n<meta name=\"twitter:card\" content=\"summary_large_image\" \/>\n<meta name=\"twitter:creator\" content=\"@obioetica\" \/>\n<meta name=\"twitter:site\" content=\"@Exaudi_News\" \/>\n<meta name=\"twitter:label1\" content=\"Escrito por\" \/>\n\t<meta name=\"twitter:data1\" content=\"Observatorio de Bio\u00e9tica UCV\" \/>\n\t<meta name=\"twitter:label2\" content=\"Tiempo de lectura\" \/>\n\t<meta name=\"twitter:data2\" content=\"4 minutos\" \/>\n<script type=\"application\/ld+json\" class=\"yoast-schema-graph\">{\"@context\":\"https:\\\/\\\/schema.org\",\"@graph\":[{\"@type\":\"Article\",\"@id\":\"https:\\\/\\\/exaudi.org\\\/es\\\/el-tribunal-constitucional-confirma-su-posicion-de-considerar-el-aborto-como-un-derecho\\\/#article\",\"isPartOf\":{\"@id\":\"https:\\\/\\\/exaudi.org\\\/es\\\/el-tribunal-constitucional-confirma-su-posicion-de-considerar-el-aborto-como-un-derecho\\\/\"},\"author\":{\"name\":\"Observatorio de Bio\u00e9tica UCV\",\"@id\":\"https:\\\/\\\/exaudi.org\\\/#\\\/schema\\\/person\\\/05d1c06e56ecb5490e9bff0d27026595\"},\"headline\":\"El Tribunal Constitucional confirma su posici\u00f3n de considerar el aborto como un derecho\",\"datePublished\":\"2023-05-12T08:00:04+00:00\",\"dateModified\":\"2023-05-12T08:06:00+00:00\",\"mainEntityOfPage\":{\"@id\":\"https:\\\/\\\/exaudi.org\\\/es\\\/el-tribunal-constitucional-confirma-su-posicion-de-considerar-el-aborto-como-un-derecho\\\/\"},\"wordCount\":839,\"image\":{\"@id\":\"https:\\\/\\\/exaudi.org\\\/es\\\/el-tribunal-constitucional-confirma-su-posicion-de-considerar-el-aborto-como-un-derecho\\\/#primaryimage\"},\"thumbnailUrl\":\"https:\\\/\\\/exaudi.org\\\/wp-content\\\/uploads\\\/2023\\\/05\\\/pexels-emma-bauso-16579288-scaled.jpg\",\"keywords\":[\"Aborto\",\"Bio\u00e9tica\",\"Derecho\",\"Espa\u00f1a\",\"Trending\",\"tribunal constitucional\"],\"articleSection\":[\"Voces\"],\"inLanguage\":\"es\"},{\"@type\":\"WebPage\",\"@id\":\"https:\\\/\\\/exaudi.org\\\/es\\\/el-tribunal-constitucional-confirma-su-posicion-de-considerar-el-aborto-como-un-derecho\\\/\",\"url\":\"https:\\\/\\\/exaudi.org\\\/es\\\/el-tribunal-constitucional-confirma-su-posicion-de-considerar-el-aborto-como-un-derecho\\\/\",\"name\":\"El Tribunal Constitucional confirma su posici\u00f3n de considerar el aborto como un derecho &#8211; Exaudi\",\"isPartOf\":{\"@id\":\"https:\\\/\\\/exaudi.org\\\/#website\"},\"primaryImageOfPage\":{\"@id\":\"https:\\\/\\\/exaudi.org\\\/es\\\/el-tribunal-constitucional-confirma-su-posicion-de-considerar-el-aborto-como-un-derecho\\\/#primaryimage\"},\"image\":{\"@id\":\"https:\\\/\\\/exaudi.org\\\/es\\\/el-tribunal-constitucional-confirma-su-posicion-de-considerar-el-aborto-como-un-derecho\\\/#primaryimage\"},\"thumbnailUrl\":\"https:\\\/\\\/exaudi.org\\\/wp-content\\\/uploads\\\/2023\\\/05\\\/pexels-emma-bauso-16579288-scaled.jpg\",\"datePublished\":\"2023-05-12T08:00:04+00:00\",\"dateModified\":\"2023-05-12T08:06:00+00:00\",\"author\":{\"@id\":\"https:\\\/\\\/exaudi.org\\\/#\\\/schema\\\/person\\\/05d1c06e56ecb5490e9bff0d27026595\"},\"breadcrumb\":{\"@id\":\"https:\\\/\\\/exaudi.org\\\/es\\\/el-tribunal-constitucional-confirma-su-posicion-de-considerar-el-aborto-como-un-derecho\\\/#breadcrumb\"},\"inLanguage\":\"es\",\"potentialAction\":[{\"@type\":\"ReadAction\",\"target\":[\"https:\\\/\\\/exaudi.org\\\/es\\\/el-tribunal-constitucional-confirma-su-posicion-de-considerar-el-aborto-como-un-derecho\\\/\"]}]},{\"@type\":\"ImageObject\",\"inLanguage\":\"es\",\"@id\":\"https:\\\/\\\/exaudi.org\\\/es\\\/el-tribunal-constitucional-confirma-su-posicion-de-considerar-el-aborto-como-un-derecho\\\/#primaryimage\",\"url\":\"https:\\\/\\\/exaudi.org\\\/wp-content\\\/uploads\\\/2023\\\/05\\\/pexels-emma-bauso-16579288-scaled.jpg\",\"contentUrl\":\"https:\\\/\\\/exaudi.org\\\/wp-content\\\/uploads\\\/2023\\\/05\\\/pexels-emma-bauso-16579288-scaled.jpg\",\"width\":2560,\"height\":1703,\"caption\":\"(C) Pexels - Beb\u00e9\"},{\"@type\":\"BreadcrumbList\",\"@id\":\"https:\\\/\\\/exaudi.org\\\/es\\\/el-tribunal-constitucional-confirma-su-posicion-de-considerar-el-aborto-como-un-derecho\\\/#breadcrumb\",\"itemListElement\":[{\"@type\":\"ListItem\",\"position\":1,\"name\":\"Portada\",\"item\":\"https:\\\/\\\/exaudi.org\\\/es\\\/\"},{\"@type\":\"ListItem\",\"position\":2,\"name\":\"El Tribunal Constitucional confirma su posici\u00f3n de considerar el aborto como un derecho\"}]},{\"@type\":\"WebSite\",\"@id\":\"https:\\\/\\\/exaudi.org\\\/#website\",\"url\":\"https:\\\/\\\/exaudi.org\\\/\",\"name\":\"Exaudi\",\"description\":\"News\",\"potentialAction\":[{\"@type\":\"SearchAction\",\"target\":{\"@type\":\"EntryPoint\",\"urlTemplate\":\"https:\\\/\\\/exaudi.org\\\/?s={search_term_string}\"},\"query-input\":{\"@type\":\"PropertyValueSpecification\",\"valueRequired\":true,\"valueName\":\"search_term_string\"}}],\"inLanguage\":\"es\"},{\"@type\":\"Person\",\"@id\":\"https:\\\/\\\/exaudi.org\\\/#\\\/schema\\\/person\\\/05d1c06e56ecb5490e9bff0d27026595\",\"name\":\"Observatorio de Bio\u00e9tica UCV\",\"image\":{\"@type\":\"ImageObject\",\"inLanguage\":\"es\",\"@id\":\"https:\\\/\\\/secure.gravatar.com\\\/avatar\\\/086563f59595a89fb0851de25d712a03657b1cdfa8af3c9cd0a1ee122fc5d596?s=96&d=mm&r=g\",\"url\":\"https:\\\/\\\/secure.gravatar.com\\\/avatar\\\/086563f59595a89fb0851de25d712a03657b1cdfa8af3c9cd0a1ee122fc5d596?s=96&d=mm&r=g\",\"contentUrl\":\"https:\\\/\\\/secure.gravatar.com\\\/avatar\\\/086563f59595a89fb0851de25d712a03657b1cdfa8af3c9cd0a1ee122fc5d596?s=96&d=mm&r=g\",\"caption\":\"Observatorio de Bio\u00e9tica UCV\"},\"description\":\"El Observatorio de Bio\u00e9tica se encuentra dentro del Instituto Ciencias de la vida de la Universidad Cat\u00f3lica de Valencia \u201cSan Vicente M\u00e1rtir\u201d . En el trasfondo de sus publicaciones, se defiende la vida humana desde la fecundaci\u00f3n a la muerte natural y la dignidad de la persona, teniendo como objetivo aunar esfuerzos para difundir la cultura de la vida como la define la Evangelium Vitae.\",\"sameAs\":[\"https:\\\/\\\/www.observatoriobioetica.org\\\/\",\"https:\\\/\\\/www.facebook.com\\\/observatoriodebioetica\\\/\",\"https:\\\/\\\/x.com\\\/obioetica\",\"https:\\\/\\\/www.youtube.com\\\/channel\\\/UC_Tr4WS5-TXoNo5e1MdQc7w\"],\"url\":\"https:\\\/\\\/exaudi.org\\\/es\\\/author\\\/observatoriodebioeticaucv\\\/\"}]}<\/script>\n<!-- \/ Yoast SEO plugin. -->","yoast_head_json":{"title":"El Tribunal Constitucional confirma su posici\u00f3n de considerar el aborto como un derecho &#8211; Exaudi","robots":{"index":"index","follow":"follow","max-snippet":"max-snippet:-1","max-image-preview":"max-image-preview:large","max-video-preview":"max-video-preview:-1"},"canonical":"https:\/\/exaudi.org\/es\/el-tribunal-constitucional-confirma-su-posicion-de-considerar-el-aborto-como-un-derecho\/","og_locale":"es_ES","og_type":"article","og_title":"El Tribunal Constitucional confirma su posici\u00f3n de considerar el aborto como un derecho &#8211; Exaudi","og_description":"Y as\u00ed despojar al nasciturus del derecho a la vida","og_url":"https:\/\/exaudi.org\/es\/el-tribunal-constitucional-confirma-su-posicion-de-considerar-el-aborto-como-un-derecho\/","og_site_name":"Exaudi","article_publisher":"https:\/\/www.facebook.com\/ExaudiNews","article_author":"https:\/\/www.facebook.com\/observatoriodebioetica\/","article_published_time":"2023-05-12T08:00:04+00:00","article_modified_time":"2023-05-12T08:06:00+00:00","og_image":[{"width":2560,"height":1703,"url":"https:\/\/exaudi.org\/wp-content\/uploads\/2023\/05\/pexels-emma-bauso-16579288-scaled.jpg","type":"image\/jpeg"}],"author":"Observatorio de Bio\u00e9tica UCV","twitter_card":"summary_large_image","twitter_creator":"@obioetica","twitter_site":"@Exaudi_News","twitter_misc":{"Escrito por":"Observatorio de Bio\u00e9tica UCV","Tiempo de lectura":"4 minutos"},"schema":{"@context":"https:\/\/schema.org","@graph":[{"@type":"Article","@id":"https:\/\/exaudi.org\/es\/el-tribunal-constitucional-confirma-su-posicion-de-considerar-el-aborto-como-un-derecho\/#article","isPartOf":{"@id":"https:\/\/exaudi.org\/es\/el-tribunal-constitucional-confirma-su-posicion-de-considerar-el-aborto-como-un-derecho\/"},"author":{"name":"Observatorio de Bio\u00e9tica UCV","@id":"https:\/\/exaudi.org\/#\/schema\/person\/05d1c06e56ecb5490e9bff0d27026595"},"headline":"El Tribunal Constitucional confirma su posici\u00f3n de considerar el aborto como un derecho","datePublished":"2023-05-12T08:00:04+00:00","dateModified":"2023-05-12T08:06:00+00:00","mainEntityOfPage":{"@id":"https:\/\/exaudi.org\/es\/el-tribunal-constitucional-confirma-su-posicion-de-considerar-el-aborto-como-un-derecho\/"},"wordCount":839,"image":{"@id":"https:\/\/exaudi.org\/es\/el-tribunal-constitucional-confirma-su-posicion-de-considerar-el-aborto-como-un-derecho\/#primaryimage"},"thumbnailUrl":"https:\/\/exaudi.org\/wp-content\/uploads\/2023\/05\/pexels-emma-bauso-16579288-scaled.jpg","keywords":["Aborto","Bio\u00e9tica","Derecho","Espa\u00f1a","Trending","tribunal constitucional"],"articleSection":["Voces"],"inLanguage":"es"},{"@type":"WebPage","@id":"https:\/\/exaudi.org\/es\/el-tribunal-constitucional-confirma-su-posicion-de-considerar-el-aborto-como-un-derecho\/","url":"https:\/\/exaudi.org\/es\/el-tribunal-constitucional-confirma-su-posicion-de-considerar-el-aborto-como-un-derecho\/","name":"El Tribunal Constitucional confirma su posici\u00f3n de considerar el aborto como un derecho &#8211; Exaudi","isPartOf":{"@id":"https:\/\/exaudi.org\/#website"},"primaryImageOfPage":{"@id":"https:\/\/exaudi.org\/es\/el-tribunal-constitucional-confirma-su-posicion-de-considerar-el-aborto-como-un-derecho\/#primaryimage"},"image":{"@id":"https:\/\/exaudi.org\/es\/el-tribunal-constitucional-confirma-su-posicion-de-considerar-el-aborto-como-un-derecho\/#primaryimage"},"thumbnailUrl":"https:\/\/exaudi.org\/wp-content\/uploads\/2023\/05\/pexels-emma-bauso-16579288-scaled.jpg","datePublished":"2023-05-12T08:00:04+00:00","dateModified":"2023-05-12T08:06:00+00:00","author":{"@id":"https:\/\/exaudi.org\/#\/schema\/person\/05d1c06e56ecb5490e9bff0d27026595"},"breadcrumb":{"@id":"https:\/\/exaudi.org\/es\/el-tribunal-constitucional-confirma-su-posicion-de-considerar-el-aborto-como-un-derecho\/#breadcrumb"},"inLanguage":"es","potentialAction":[{"@type":"ReadAction","target":["https:\/\/exaudi.org\/es\/el-tribunal-constitucional-confirma-su-posicion-de-considerar-el-aborto-como-un-derecho\/"]}]},{"@type":"ImageObject","inLanguage":"es","@id":"https:\/\/exaudi.org\/es\/el-tribunal-constitucional-confirma-su-posicion-de-considerar-el-aborto-como-un-derecho\/#primaryimage","url":"https:\/\/exaudi.org\/wp-content\/uploads\/2023\/05\/pexels-emma-bauso-16579288-scaled.jpg","contentUrl":"https:\/\/exaudi.org\/wp-content\/uploads\/2023\/05\/pexels-emma-bauso-16579288-scaled.jpg","width":2560,"height":1703,"caption":"(C) Pexels - Beb\u00e9"},{"@type":"BreadcrumbList","@id":"https:\/\/exaudi.org\/es\/el-tribunal-constitucional-confirma-su-posicion-de-considerar-el-aborto-como-un-derecho\/#breadcrumb","itemListElement":[{"@type":"ListItem","position":1,"name":"Portada","item":"https:\/\/exaudi.org\/es\/"},{"@type":"ListItem","position":2,"name":"El Tribunal Constitucional confirma su posici\u00f3n de considerar el aborto como un derecho"}]},{"@type":"WebSite","@id":"https:\/\/exaudi.org\/#website","url":"https:\/\/exaudi.org\/","name":"Exaudi","description":"News","potentialAction":[{"@type":"SearchAction","target":{"@type":"EntryPoint","urlTemplate":"https:\/\/exaudi.org\/?s={search_term_string}"},"query-input":{"@type":"PropertyValueSpecification","valueRequired":true,"valueName":"search_term_string"}}],"inLanguage":"es"},{"@type":"Person","@id":"https:\/\/exaudi.org\/#\/schema\/person\/05d1c06e56ecb5490e9bff0d27026595","name":"Observatorio de Bio\u00e9tica UCV","image":{"@type":"ImageObject","inLanguage":"es","@id":"https:\/\/secure.gravatar.com\/avatar\/086563f59595a89fb0851de25d712a03657b1cdfa8af3c9cd0a1ee122fc5d596?s=96&d=mm&r=g","url":"https:\/\/secure.gravatar.com\/avatar\/086563f59595a89fb0851de25d712a03657b1cdfa8af3c9cd0a1ee122fc5d596?s=96&d=mm&r=g","contentUrl":"https:\/\/secure.gravatar.com\/avatar\/086563f59595a89fb0851de25d712a03657b1cdfa8af3c9cd0a1ee122fc5d596?s=96&d=mm&r=g","caption":"Observatorio de Bio\u00e9tica UCV"},"description":"El Observatorio de Bio\u00e9tica se encuentra dentro del Instituto Ciencias de la vida de la Universidad Cat\u00f3lica de Valencia \u201cSan Vicente M\u00e1rtir\u201d . En el trasfondo de sus publicaciones, se defiende la vida humana desde la fecundaci\u00f3n a la muerte natural y la dignidad de la persona, teniendo como objetivo aunar esfuerzos para difundir la cultura de la vida como la define la Evangelium Vitae.","sameAs":["https:\/\/www.observatoriobioetica.org\/","https:\/\/www.facebook.com\/observatoriodebioetica\/","https:\/\/x.com\/obioetica","https:\/\/www.youtube.com\/channel\/UC_Tr4WS5-TXoNo5e1MdQc7w"],"url":"https:\/\/exaudi.org\/es\/author\/observatoriodebioeticaucv\/"}]}},"jetpack_featured_media_url":"https:\/\/exaudi.org\/wp-content\/uploads\/2023\/05\/pexels-emma-bauso-16579288-scaled.jpg","jetpack_shortlink":"https:\/\/wp.me\/pgKjF2-jL2","_links":{"self":[{"href":"https:\/\/exaudi.org\/es\/wp-json\/wp\/v2\/posts\/75952","targetHints":{"allow":["GET"]}}],"collection":[{"href":"https:\/\/exaudi.org\/es\/wp-json\/wp\/v2\/posts"}],"about":[{"href":"https:\/\/exaudi.org\/es\/wp-json\/wp\/v2\/types\/post"}],"author":[{"embeddable":true,"href":"https:\/\/exaudi.org\/es\/wp-json\/wp\/v2\/users\/87"}],"replies":[{"embeddable":true,"href":"https:\/\/exaudi.org\/es\/wp-json\/wp\/v2\/comments?post=75952"}],"version-history":[{"count":0,"href":"https:\/\/exaudi.org\/es\/wp-json\/wp\/v2\/posts\/75952\/revisions"}],"wp:featuredmedia":[{"embeddable":true,"href":"https:\/\/exaudi.org\/es\/wp-json\/wp\/v2\/media\/75956"}],"wp:attachment":[{"href":"https:\/\/exaudi.org\/es\/wp-json\/wp\/v2\/media?parent=75952"}],"wp:term":[{"taxonomy":"category","embeddable":true,"href":"https:\/\/exaudi.org\/es\/wp-json\/wp\/v2\/categories?post=75952"},{"taxonomy":"post_tag","embeddable":true,"href":"https:\/\/exaudi.org\/es\/wp-json\/wp\/v2\/tags?post=75952"}],"curies":[{"name":"wp","href":"https:\/\/api.w.org\/{rel}","templated":true}]}}