{"id":75945,"date":"2023-05-12T09:47:10","date_gmt":"2023-05-12T07:47:10","guid":{"rendered":"https:\/\/exaudi.org\/?p=75945"},"modified":"2023-05-12T09:50:42","modified_gmt":"2023-05-12T07:50:42","slug":"ikumeni-jovenes-que-transforman-la-realidad","status":"publish","type":"post","link":"https:\/\/exaudi.org\/es\/ikumeni-jovenes-que-transforman-la-realidad\/","title":{"rendered":"Ikum\u00e9ni, j\u00f3venes que transforman la realidad"},"content":{"rendered":"<audio class=\"wp-audio-shortcode\" id=\"audio-75945-1\" preload=\"none\" style=\"width: 100%;\" controls=\"controls\"><source type=\"audio\/mpeg\" src=\"https:\/\/exaudi.org\/wp-content\/uploads\/2023\/05\/Ikumeni-jovenes-que-transforman-la-realidad.mp3?_=1\" \/><a href=\"https:\/\/exaudi.org\/wp-content\/uploads\/2023\/05\/Ikumeni-jovenes-que-transforman-la-realidad.mp3\">https:\/\/exaudi.org\/wp-content\/uploads\/2023\/05\/Ikumeni-jovenes-que-transforman-la-realidad.mp3<\/a><\/audio>\n<p><a href=\"https:\/\/ikumeni.org\/\" target=\"_blank\" rel=\"noopener\"><strong>Ikum\u00e9ni<\/strong><\/a>, el <strong>Laboratorio de Buenas Pr\u00e1cticas Ecum\u00e9nicas e Interreligiosas<em>, <\/em><\/strong>realiz\u00f3 hoy un webinar titulado:<strong><em> \u201c3 Buenas Pr\u00e1cticas que transforman la realidad &#8211; \u00a1Testimonios que contagian esperanza!\u201d. <\/em><\/strong>Coordinado por <a href=\"https:\/\/creas.org\/\" target=\"_blank\" rel=\"noopener\"><strong>CREAS<\/strong><\/a><strong><em>, <\/em><\/strong>el objetivo del encuentro fue compartir experiencias concretas de buenas pr\u00e1cticas ecum\u00e9nicas e interreligiosas de j\u00f3venes de Am\u00e9rica Latina y el Caribe y que ya est\u00e1n transformando sus comunidades donde viven.<\/p>\n<p><strong>Humberto Shikiya, <\/strong>el vicepresidente de <strong>CREAS, <\/strong>expres\u00f3: \u00ab<em>Estas buenas pr\u00e1cticas son de mucha inspiraci\u00f3n. Hay tres elementos que hacen al desarrollo de las buenas pr\u00e1cticas: movilizar capacidades y los recursos; los v\u00ednculos y las relaciones que se forjan; y el intercambio de saberes y aprendizajes rec\u00edprocos. Poner la fe en acci\u00f3n es poner en pr\u00e1ctica el amor. Ustedes salieron del \u00abLaboratorio\u00bb para ir al encuentro del pr\u00f3jimo y dejarse transformar y construir juntos esperanza<\/em>\u00ab.<\/p>\n<p><strong>Intercambio de experiencias <\/strong><\/p>\n<p><em>\u00bfQu\u00e9 procesos de transformaci\u00f3n est\u00e1s realizando con tu comunidad para generar esperanza en este tiempo? <\/em>Esta pregunta fue el disparador para que cada joven respondiera y compartiera la experiencia de su buena pr\u00e1ctica. Por ejemplo, en El Salvador, j\u00f3venes universitarios de diversas iglesias est\u00e1n enfocados en un proceso de <strong>desarrollo sostenible<\/strong> para una comunidad de campesinos que trabaja con el cultivo de la vainilla; por otro lado, en Colombia, j\u00f3venes de distintas denominaciones cristianas comparten un proyecto de <strong>misi\u00f3n y promoci\u00f3n humana<\/strong>; y entre Argentina y Colombia j\u00f3venes cat\u00f3licos y musulmanes, impulsan una iniciativa social para promover <strong>la construcci\u00f3n de paz<\/strong>.<\/p>\n<p>Todas estas experiencias compartidas sirvieron de inspiraci\u00f3n y motivaci\u00f3n para que otros j\u00f3venes sigan el mismo camino y se animen a formar parte de la propuesta de Ikum\u00e9ni de este a\u00f1o.<\/p>\n<p>Ikum\u00e9ni se trata de un <strong>itinerario formativo<\/strong> dirigido a <strong>j\u00f3venes cristianos<\/strong>, entre 18 y 35 a\u00f1os, pertenecientes a distintas denominaciones cristianas de <strong>Am\u00e9rica Latina y el Caribe,<\/strong> que buscan trabajar por un mundo m\u00e1s justo y fraterno por medio de la realizaci\u00f3n de <a href=\"https:\/\/ikumeni.org\/laboratorio-de-buenas-practicas\/\" target=\"_blank\" rel=\"noopener\"><strong>buenas pr\u00e1cticas<\/strong><\/a><strong> ecum\u00e9nicas <\/strong>e<strong> interreligiosas<\/strong>. A trav\u00e9s de su <a href=\"https:\/\/youtu.be\/ieqgyCD9xtw\" target=\"_blank\" rel=\"noopener\"><strong>v\u00eddeo institucional<\/strong><\/a> se puede entrever su esp\u00edritu y misi\u00f3n.<\/p>\n<p><strong>Tercera edici\u00f3n del curso Ikum\u00e9ni<\/strong><\/p>\n<p>Ya hay m\u00e1s de 90 j\u00f3venes inscriptos para la <a href=\"https:\/\/ikumeni.org\/se-parte-de-ikumeni\/\" target=\"_blank\" rel=\"noopener\"><strong>Tercera Edici\u00f3n de Ikum\u00e9ni<\/strong><\/a> que comenzar\u00e1 el pr\u00f3ximo 1 de junio. Las <a href=\"https:\/\/ikumeni.org\/se-parte-de-ikumeni\/\" target=\"_blank\" rel=\"noopener\"><strong>inscripciones<\/strong><\/a> est\u00e1n abiertas hasta el pr\u00f3ximo 12 de mayo.<\/p>\n<p>En sus dos ediciones anteriores formaron a m\u00e1s de 120 j\u00f3venes de Colombia, Argentina, Chile, Bolivia, Per\u00fa, El Salvador, M\u00e9xico, Nicaragua, Guatemala, Ecuador, Puerto Rico y Cuba. El curso ser\u00e1 bajo una modalidad de encuentros virtuales sincr\u00f3nicos v\u00eda Zoom y un encuentro presencial en el que los j\u00f3venes presentar\u00e1n el dise\u00f1o de la buena pr\u00e1ctica.<\/p>\n<p>Para los que est\u00e1n con ganas de vivir esta experiencia formativa podr\u00e1n anotarse a trav\u00e9s del <a href=\"https:\/\/docs.google.com\/forms\/d\/e\/1FAIpQLSdcs6RwvbEP42pwfmwjmpZTIQqaOj_f5USlPbYGUFtIlqE6lg\/viewform\" target=\"_blank\" rel=\"noopener\"><strong>formulario<\/strong><\/a> que est\u00e1 en la web de <a href=\"https:\/\/ikumeni.org\/se-parte-de-ikumeni\/\" target=\"_blank\" rel=\"noopener\"><strong>Ikum\u00e9ni<\/strong><\/a>. Es un programa becado y est\u00e1 certificado por el <strong>CELAM<\/strong> &#8211; <strong>CEBITEPAL<\/strong> &#8211; <strong>CUR Unireformada<\/strong> &#8211; <strong>Qonakuy<\/strong> y <strong>CREAS<\/strong> &#8211; <strong>Ikum\u00e9ni, <\/strong>y cuenta con la colaboraci\u00f3n de <strong>C\u00e1ritas Am\u00e9rica Latina y el Caribe, <\/strong>el <strong>Movimiento de los Focolares, <\/strong>la <strong>Conferencia Episcopal de Colombia<\/strong>, la <strong>Comisi\u00f3n Episcopal para J\u00f3venes y Laicos de Per\u00fa<\/strong>, y <strong>Sum\u00e1 Fraternidad<\/strong>.<\/p>\n","protected":false},"excerpt":{"rendered":"<p>Buenas pr\u00e1cticas que inspiran esperanza <\/p>\n","protected":false},"author":15,"featured_media":75946,"comment_status":"closed","ping_status":"closed","sticky":false,"template":"","format":"standard","meta":{"_acf_changed":false,"_crdt_document":"","inline_featured_image":false,"footnotes":""},"categories":[74,100],"tags":[9142,9141,624,3489,4953],"class_list":["post-75945","post","type-post","status-publish","format-standard","has-post-thumbnail","hentry","category-iglesia-y-mundo","category-jovenes","tag-buenas-practicas","tag-creas","tag-esperanza","tag-ikumeni","tag-trending-es"],"acf":[],"yoast_head":"<!-- This site is optimized with the Yoast SEO plugin v27.4 - https:\/\/yoast.com\/product\/yoast-seo-wordpress\/ -->\n<title>Ikum\u00e9ni, j\u00f3venes que transforman la realidad &#8211; Exaudi<\/title>\n<meta name=\"robots\" content=\"index, follow, max-snippet:-1, max-image-preview:large, max-video-preview:-1\" \/>\n<link rel=\"canonical\" href=\"https:\/\/exaudi.org\/es\/ikumeni-jovenes-que-transforman-la-realidad\/\" \/>\n<meta property=\"og:locale\" content=\"es_ES\" \/>\n<meta property=\"og:type\" content=\"article\" \/>\n<meta property=\"og:title\" content=\"Ikum\u00e9ni, j\u00f3venes que transforman la realidad &#8211; Exaudi\" \/>\n<meta property=\"og:description\" content=\"Buenas pr\u00e1cticas que inspiran esperanza\" \/>\n<meta property=\"og:url\" content=\"https:\/\/exaudi.org\/es\/ikumeni-jovenes-que-transforman-la-realidad\/\" \/>\n<meta property=\"og:site_name\" content=\"Exaudi\" \/>\n<meta property=\"article:publisher\" content=\"https:\/\/www.facebook.com\/ExaudiNews\" \/>\n<meta property=\"article:author\" content=\"https:\/\/www.facebook.com\/ExaudiNoticias\/\" \/>\n<meta property=\"article:published_time\" content=\"2023-05-12T07:47:10+00:00\" \/>\n<meta property=\"article:modified_time\" content=\"2023-05-12T07:50:42+00:00\" \/>\n<meta property=\"og:image\" content=\"https:\/\/exaudi.org\/wp-content\/uploads\/2023\/05\/Buena-Practica-Construccion-de-Paz-Credits-Ikumeni-CREAS-2.jpg\" \/>\n\t<meta property=\"og:image:width\" content=\"1440\" \/>\n\t<meta property=\"og:image:height\" content=\"1080\" \/>\n\t<meta property=\"og:image:type\" content=\"image\/jpeg\" \/>\n<meta name=\"author\" content=\"Exaudi Redacci\u00f3n\" \/>\n<meta name=\"twitter:card\" content=\"summary_large_image\" \/>\n<meta name=\"twitter:creator\" content=\"@Exaudi_noticias\" \/>\n<meta name=\"twitter:site\" content=\"@Exaudi_News\" \/>\n<meta name=\"twitter:label1\" content=\"Escrito por\" \/>\n\t<meta name=\"twitter:data1\" content=\"Exaudi Redacci\u00f3n\" \/>\n\t<meta name=\"twitter:label2\" content=\"Tiempo de lectura\" \/>\n\t<meta name=\"twitter:data2\" content=\"3 minutos\" \/>\n<script type=\"application\/ld+json\" class=\"yoast-schema-graph\">{\"@context\":\"https:\\\/\\\/schema.org\",\"@graph\":[{\"@type\":\"Article\",\"@id\":\"https:\\\/\\\/exaudi.org\\\/es\\\/ikumeni-jovenes-que-transforman-la-realidad\\\/#article\",\"isPartOf\":{\"@id\":\"https:\\\/\\\/exaudi.org\\\/es\\\/ikumeni-jovenes-que-transforman-la-realidad\\\/\"},\"author\":{\"name\":\"Exaudi Redacci\u00f3n\",\"@id\":\"https:\\\/\\\/exaudi.org\\\/#\\\/schema\\\/person\\\/f5fc8f063065e38742da7afe15f25df7\"},\"headline\":\"Ikum\u00e9ni, j\u00f3venes que transforman la realidad\",\"datePublished\":\"2023-05-12T07:47:10+00:00\",\"dateModified\":\"2023-05-12T07:50:42+00:00\",\"mainEntityOfPage\":{\"@id\":\"https:\\\/\\\/exaudi.org\\\/es\\\/ikumeni-jovenes-que-transforman-la-realidad\\\/\"},\"wordCount\":583,\"image\":{\"@id\":\"https:\\\/\\\/exaudi.org\\\/es\\\/ikumeni-jovenes-que-transforman-la-realidad\\\/#primaryimage\"},\"thumbnailUrl\":\"https:\\\/\\\/exaudi.org\\\/wp-content\\\/uploads\\\/2023\\\/05\\\/Buena-Practica-Construccion-de-Paz-Credits-Ikumeni-CREAS-2.jpg\",\"keywords\":[\"Buenas Pr\u00e1cticas\",\"CREAS\",\"Esperanza\",\"Ikum\u00e9ni\",\"Trending\"],\"articleSection\":[\"Iglesia y Mundo\",\"J\u00f3venes\"],\"inLanguage\":\"es\"},{\"@type\":\"WebPage\",\"@id\":\"https:\\\/\\\/exaudi.org\\\/es\\\/ikumeni-jovenes-que-transforman-la-realidad\\\/\",\"url\":\"https:\\\/\\\/exaudi.org\\\/es\\\/ikumeni-jovenes-que-transforman-la-realidad\\\/\",\"name\":\"Ikum\u00e9ni, j\u00f3venes que transforman la realidad &#8211; Exaudi\",\"isPartOf\":{\"@id\":\"https:\\\/\\\/exaudi.org\\\/#website\"},\"primaryImageOfPage\":{\"@id\":\"https:\\\/\\\/exaudi.org\\\/es\\\/ikumeni-jovenes-que-transforman-la-realidad\\\/#primaryimage\"},\"image\":{\"@id\":\"https:\\\/\\\/exaudi.org\\\/es\\\/ikumeni-jovenes-que-transforman-la-realidad\\\/#primaryimage\"},\"thumbnailUrl\":\"https:\\\/\\\/exaudi.org\\\/wp-content\\\/uploads\\\/2023\\\/05\\\/Buena-Practica-Construccion-de-Paz-Credits-Ikumeni-CREAS-2.jpg\",\"datePublished\":\"2023-05-12T07:47:10+00:00\",\"dateModified\":\"2023-05-12T07:50:42+00:00\",\"author\":{\"@id\":\"https:\\\/\\\/exaudi.org\\\/#\\\/schema\\\/person\\\/f5fc8f063065e38742da7afe15f25df7\"},\"breadcrumb\":{\"@id\":\"https:\\\/\\\/exaudi.org\\\/es\\\/ikumeni-jovenes-que-transforman-la-realidad\\\/#breadcrumb\"},\"inLanguage\":\"es\",\"potentialAction\":[{\"@type\":\"ReadAction\",\"target\":[\"https:\\\/\\\/exaudi.org\\\/es\\\/ikumeni-jovenes-que-transforman-la-realidad\\\/\"]}]},{\"@type\":\"ImageObject\",\"inLanguage\":\"es\",\"@id\":\"https:\\\/\\\/exaudi.org\\\/es\\\/ikumeni-jovenes-que-transforman-la-realidad\\\/#primaryimage\",\"url\":\"https:\\\/\\\/exaudi.org\\\/wp-content\\\/uploads\\\/2023\\\/05\\\/Buena-Practica-Construccion-de-Paz-Credits-Ikumeni-CREAS-2.jpg\",\"contentUrl\":\"https:\\\/\\\/exaudi.org\\\/wp-content\\\/uploads\\\/2023\\\/05\\\/Buena-Practica-Construccion-de-Paz-Credits-Ikumeni-CREAS-2.jpg\",\"width\":1440,\"height\":1080},{\"@type\":\"BreadcrumbList\",\"@id\":\"https:\\\/\\\/exaudi.org\\\/es\\\/ikumeni-jovenes-que-transforman-la-realidad\\\/#breadcrumb\",\"itemListElement\":[{\"@type\":\"ListItem\",\"position\":1,\"name\":\"Portada\",\"item\":\"https:\\\/\\\/exaudi.org\\\/es\\\/\"},{\"@type\":\"ListItem\",\"position\":2,\"name\":\"Ikum\u00e9ni, j\u00f3venes que transforman la realidad\"}]},{\"@type\":\"WebSite\",\"@id\":\"https:\\\/\\\/exaudi.org\\\/#website\",\"url\":\"https:\\\/\\\/exaudi.org\\\/\",\"name\":\"Exaudi\",\"description\":\"News\",\"potentialAction\":[{\"@type\":\"SearchAction\",\"target\":{\"@type\":\"EntryPoint\",\"urlTemplate\":\"https:\\\/\\\/exaudi.org\\\/?s={search_term_string}\"},\"query-input\":{\"@type\":\"PropertyValueSpecification\",\"valueRequired\":true,\"valueName\":\"search_term_string\"}}],\"inLanguage\":\"es\"},{\"@type\":\"Person\",\"@id\":\"https:\\\/\\\/exaudi.org\\\/#\\\/schema\\\/person\\\/f5fc8f063065e38742da7afe15f25df7\",\"name\":\"Exaudi Redacci\u00f3n\",\"image\":{\"@type\":\"ImageObject\",\"inLanguage\":\"es\",\"@id\":\"https:\\\/\\\/secure.gravatar.com\\\/avatar\\\/fe0f6a059fb68d9b3e11bc5850dd4899b1c7492091a3cb6dd9b01b56ad828be2?s=96&d=mm&r=g\",\"url\":\"https:\\\/\\\/secure.gravatar.com\\\/avatar\\\/fe0f6a059fb68d9b3e11bc5850dd4899b1c7492091a3cb6dd9b01b56ad828be2?s=96&d=mm&r=g\",\"contentUrl\":\"https:\\\/\\\/secure.gravatar.com\\\/avatar\\\/fe0f6a059fb68d9b3e11bc5850dd4899b1c7492091a3cb6dd9b01b56ad828be2?s=96&d=mm&r=g\",\"caption\":\"Exaudi Redacci\u00f3n\"},\"description\":\"\u00bfQu\u00e9 es Exaudi News? Exaudi News es un medio de comunicaci\u00f3n cat\u00f3lico internacional que informa, forma y transforma, diariamente en espa\u00f1ol, ingl\u00e9s e italiano. A trav\u00e9s de noticias, art\u00edculos de an\u00e1lisis y transmisiones en directo de los eventos del Papa, Exaudi busca fortalecer la unidad de los cristianos y contribuir a la evangelizaci\u00f3n del mundo, siempre guiados por la doctrina social de la Iglesia. Trabajamos para acercar la verdad y los valores cristianos a cada rinc\u00f3n del planeta. \u00a1Ay\u00fadanos a transformar el mundo con Exaudi! En Exaudi creemos que la evangelizaci\u00f3n y la informaci\u00f3n de calidad pueden cambiar vidas. Para continuar con nuestra misi\u00f3n y expandir nuestro alcance, necesitamos tu ayuda. Adem\u00e1s, buscamos personas comprometidas que deseen unirse a nuestro equipo. Con tu apoyo, lograremos llegar a m\u00e1s personas, difundir el mensaje de Cristo y reforzar la unidad de los cristianos. \u00bfTe unes a nuestra misi\u00f3n? Para m\u00e1s informaci\u00f3n sobre c\u00f3mo colaborar, visita Exaudi.org\\\/es o cont\u00e1ctanos directamente: info@exaudi.org Exaudi: Informa, forma y transforma.\",\"sameAs\":[\"https:\\\/\\\/www.facebook.com\\\/ExaudiNoticias\\\/\",\"https:\\\/\\\/www.instagram.com\\\/exaudi_noticias\\\/\",\"https:\\\/\\\/x.com\\\/Exaudi_noticias\",\"https:\\\/\\\/www.youtube.com\\\/@exaudicatholicnews\"],\"url\":\"https:\\\/\\\/exaudi.org\\\/es\\\/author\\\/redaccionexaudi\\\/\"}]}<\/script>\n<!-- \/ Yoast SEO plugin. -->","yoast_head_json":{"title":"Ikum\u00e9ni, j\u00f3venes que transforman la realidad &#8211; Exaudi","robots":{"index":"index","follow":"follow","max-snippet":"max-snippet:-1","max-image-preview":"max-image-preview:large","max-video-preview":"max-video-preview:-1"},"canonical":"https:\/\/exaudi.org\/es\/ikumeni-jovenes-que-transforman-la-realidad\/","og_locale":"es_ES","og_type":"article","og_title":"Ikum\u00e9ni, j\u00f3venes que transforman la realidad &#8211; Exaudi","og_description":"Buenas pr\u00e1cticas que inspiran esperanza","og_url":"https:\/\/exaudi.org\/es\/ikumeni-jovenes-que-transforman-la-realidad\/","og_site_name":"Exaudi","article_publisher":"https:\/\/www.facebook.com\/ExaudiNews","article_author":"https:\/\/www.facebook.com\/ExaudiNoticias\/","article_published_time":"2023-05-12T07:47:10+00:00","article_modified_time":"2023-05-12T07:50:42+00:00","og_image":[{"width":1440,"height":1080,"url":"https:\/\/exaudi.org\/wp-content\/uploads\/2023\/05\/Buena-Practica-Construccion-de-Paz-Credits-Ikumeni-CREAS-2.jpg","type":"image\/jpeg"}],"author":"Exaudi Redacci\u00f3n","twitter_card":"summary_large_image","twitter_creator":"@Exaudi_noticias","twitter_site":"@Exaudi_News","twitter_misc":{"Escrito por":"Exaudi Redacci\u00f3n","Tiempo de lectura":"3 minutos"},"schema":{"@context":"https:\/\/schema.org","@graph":[{"@type":"Article","@id":"https:\/\/exaudi.org\/es\/ikumeni-jovenes-que-transforman-la-realidad\/#article","isPartOf":{"@id":"https:\/\/exaudi.org\/es\/ikumeni-jovenes-que-transforman-la-realidad\/"},"author":{"name":"Exaudi Redacci\u00f3n","@id":"https:\/\/exaudi.org\/#\/schema\/person\/f5fc8f063065e38742da7afe15f25df7"},"headline":"Ikum\u00e9ni, j\u00f3venes que transforman la realidad","datePublished":"2023-05-12T07:47:10+00:00","dateModified":"2023-05-12T07:50:42+00:00","mainEntityOfPage":{"@id":"https:\/\/exaudi.org\/es\/ikumeni-jovenes-que-transforman-la-realidad\/"},"wordCount":583,"image":{"@id":"https:\/\/exaudi.org\/es\/ikumeni-jovenes-que-transforman-la-realidad\/#primaryimage"},"thumbnailUrl":"https:\/\/exaudi.org\/wp-content\/uploads\/2023\/05\/Buena-Practica-Construccion-de-Paz-Credits-Ikumeni-CREAS-2.jpg","keywords":["Buenas Pr\u00e1cticas","CREAS","Esperanza","Ikum\u00e9ni","Trending"],"articleSection":["Iglesia y Mundo","J\u00f3venes"],"inLanguage":"es"},{"@type":"WebPage","@id":"https:\/\/exaudi.org\/es\/ikumeni-jovenes-que-transforman-la-realidad\/","url":"https:\/\/exaudi.org\/es\/ikumeni-jovenes-que-transforman-la-realidad\/","name":"Ikum\u00e9ni, j\u00f3venes que transforman la realidad &#8211; Exaudi","isPartOf":{"@id":"https:\/\/exaudi.org\/#website"},"primaryImageOfPage":{"@id":"https:\/\/exaudi.org\/es\/ikumeni-jovenes-que-transforman-la-realidad\/#primaryimage"},"image":{"@id":"https:\/\/exaudi.org\/es\/ikumeni-jovenes-que-transforman-la-realidad\/#primaryimage"},"thumbnailUrl":"https:\/\/exaudi.org\/wp-content\/uploads\/2023\/05\/Buena-Practica-Construccion-de-Paz-Credits-Ikumeni-CREAS-2.jpg","datePublished":"2023-05-12T07:47:10+00:00","dateModified":"2023-05-12T07:50:42+00:00","author":{"@id":"https:\/\/exaudi.org\/#\/schema\/person\/f5fc8f063065e38742da7afe15f25df7"},"breadcrumb":{"@id":"https:\/\/exaudi.org\/es\/ikumeni-jovenes-que-transforman-la-realidad\/#breadcrumb"},"inLanguage":"es","potentialAction":[{"@type":"ReadAction","target":["https:\/\/exaudi.org\/es\/ikumeni-jovenes-que-transforman-la-realidad\/"]}]},{"@type":"ImageObject","inLanguage":"es","@id":"https:\/\/exaudi.org\/es\/ikumeni-jovenes-que-transforman-la-realidad\/#primaryimage","url":"https:\/\/exaudi.org\/wp-content\/uploads\/2023\/05\/Buena-Practica-Construccion-de-Paz-Credits-Ikumeni-CREAS-2.jpg","contentUrl":"https:\/\/exaudi.org\/wp-content\/uploads\/2023\/05\/Buena-Practica-Construccion-de-Paz-Credits-Ikumeni-CREAS-2.jpg","width":1440,"height":1080},{"@type":"BreadcrumbList","@id":"https:\/\/exaudi.org\/es\/ikumeni-jovenes-que-transforman-la-realidad\/#breadcrumb","itemListElement":[{"@type":"ListItem","position":1,"name":"Portada","item":"https:\/\/exaudi.org\/es\/"},{"@type":"ListItem","position":2,"name":"Ikum\u00e9ni, j\u00f3venes que transforman la realidad"}]},{"@type":"WebSite","@id":"https:\/\/exaudi.org\/#website","url":"https:\/\/exaudi.org\/","name":"Exaudi","description":"News","potentialAction":[{"@type":"SearchAction","target":{"@type":"EntryPoint","urlTemplate":"https:\/\/exaudi.org\/?s={search_term_string}"},"query-input":{"@type":"PropertyValueSpecification","valueRequired":true,"valueName":"search_term_string"}}],"inLanguage":"es"},{"@type":"Person","@id":"https:\/\/exaudi.org\/#\/schema\/person\/f5fc8f063065e38742da7afe15f25df7","name":"Exaudi Redacci\u00f3n","image":{"@type":"ImageObject","inLanguage":"es","@id":"https:\/\/secure.gravatar.com\/avatar\/fe0f6a059fb68d9b3e11bc5850dd4899b1c7492091a3cb6dd9b01b56ad828be2?s=96&d=mm&r=g","url":"https:\/\/secure.gravatar.com\/avatar\/fe0f6a059fb68d9b3e11bc5850dd4899b1c7492091a3cb6dd9b01b56ad828be2?s=96&d=mm&r=g","contentUrl":"https:\/\/secure.gravatar.com\/avatar\/fe0f6a059fb68d9b3e11bc5850dd4899b1c7492091a3cb6dd9b01b56ad828be2?s=96&d=mm&r=g","caption":"Exaudi Redacci\u00f3n"},"description":"\u00bfQu\u00e9 es Exaudi News? Exaudi News es un medio de comunicaci\u00f3n cat\u00f3lico internacional que informa, forma y transforma, diariamente en espa\u00f1ol, ingl\u00e9s e italiano. A trav\u00e9s de noticias, art\u00edculos de an\u00e1lisis y transmisiones en directo de los eventos del Papa, Exaudi busca fortalecer la unidad de los cristianos y contribuir a la evangelizaci\u00f3n del mundo, siempre guiados por la doctrina social de la Iglesia. Trabajamos para acercar la verdad y los valores cristianos a cada rinc\u00f3n del planeta. \u00a1Ay\u00fadanos a transformar el mundo con Exaudi! En Exaudi creemos que la evangelizaci\u00f3n y la informaci\u00f3n de calidad pueden cambiar vidas. Para continuar con nuestra misi\u00f3n y expandir nuestro alcance, necesitamos tu ayuda. Adem\u00e1s, buscamos personas comprometidas que deseen unirse a nuestro equipo. Con tu apoyo, lograremos llegar a m\u00e1s personas, difundir el mensaje de Cristo y reforzar la unidad de los cristianos. \u00bfTe unes a nuestra misi\u00f3n? Para m\u00e1s informaci\u00f3n sobre c\u00f3mo colaborar, visita Exaudi.org\/es o cont\u00e1ctanos directamente: info@exaudi.org Exaudi: Informa, forma y transforma.","sameAs":["https:\/\/www.facebook.com\/ExaudiNoticias\/","https:\/\/www.instagram.com\/exaudi_noticias\/","https:\/\/x.com\/Exaudi_noticias","https:\/\/www.youtube.com\/@exaudicatholicnews"],"url":"https:\/\/exaudi.org\/es\/author\/redaccionexaudi\/"}]}},"jetpack_featured_media_url":"https:\/\/exaudi.org\/wp-content\/uploads\/2023\/05\/Buena-Practica-Construccion-de-Paz-Credits-Ikumeni-CREAS-2.jpg","jetpack_shortlink":"https:\/\/wp.me\/pgKjF2-jKV","_links":{"self":[{"href":"https:\/\/exaudi.org\/es\/wp-json\/wp\/v2\/posts\/75945","targetHints":{"allow":["GET"]}}],"collection":[{"href":"https:\/\/exaudi.org\/es\/wp-json\/wp\/v2\/posts"}],"about":[{"href":"https:\/\/exaudi.org\/es\/wp-json\/wp\/v2\/types\/post"}],"author":[{"embeddable":true,"href":"https:\/\/exaudi.org\/es\/wp-json\/wp\/v2\/users\/15"}],"replies":[{"embeddable":true,"href":"https:\/\/exaudi.org\/es\/wp-json\/wp\/v2\/comments?post=75945"}],"version-history":[{"count":0,"href":"https:\/\/exaudi.org\/es\/wp-json\/wp\/v2\/posts\/75945\/revisions"}],"wp:featuredmedia":[{"embeddable":true,"href":"https:\/\/exaudi.org\/es\/wp-json\/wp\/v2\/media\/75946"}],"wp:attachment":[{"href":"https:\/\/exaudi.org\/es\/wp-json\/wp\/v2\/media?parent=75945"}],"wp:term":[{"taxonomy":"category","embeddable":true,"href":"https:\/\/exaudi.org\/es\/wp-json\/wp\/v2\/categories?post=75945"},{"taxonomy":"post_tag","embeddable":true,"href":"https:\/\/exaudi.org\/es\/wp-json\/wp\/v2\/tags?post=75945"}],"curies":[{"name":"wp","href":"https:\/\/api.w.org\/{rel}","templated":true}]}}