{"id":75842,"date":"2023-05-10T16:43:20","date_gmt":"2023-05-10T14:43:20","guid":{"rendered":"https:\/\/exaudi.org\/?p=75842"},"modified":"2023-05-10T16:53:47","modified_gmt":"2023-05-10T14:53:47","slug":"el-papa-y-el-patriarca-tawadros-ii-dia-de-la-amistad-copto-catolica","status":"publish","type":"post","link":"https:\/\/exaudi.org\/es\/el-papa-y-el-patriarca-tawadros-ii-dia-de-la-amistad-copto-catolica\/","title":{"rendered":"El Papa y el Patriarca Tawadros II: \u201cD\u00eda de la Amistad Copto-Cat\u00f3lica\u201d"},"content":{"rendered":"<audio class=\"wp-audio-shortcode\" id=\"audio-75842-1\" preload=\"none\" style=\"width: 100%;\" controls=\"controls\"><source type=\"audio\/mpeg\" src=\"https:\/\/exaudi.org\/wp-content\/uploads\/2023\/05\/El-Papa-y-el-Patriarca-Tawadros-II-Dia-de-la.mp3?_=1\" \/><a href=\"https:\/\/exaudi.org\/wp-content\/uploads\/2023\/05\/El-Papa-y-el-Patriarca-Tawadros-II-Dia-de-la.mp3\">https:\/\/exaudi.org\/wp-content\/uploads\/2023\/05\/El-Papa-y-el-Patriarca-Tawadros-II-Dia-de-la.mp3<\/a><\/audio>\n<p>La Audiencia General de esta ma\u00f1ana. mi\u00e9rcoles 10 de mayo de 2023, ha tenido lugar a las 9:00 horas en la Plaza de San Pedro, donde el Santo Padre Francisco se reuni\u00f3 con grupos de peregrinos y fieles de Italia y de todas partes del mundo.<\/p>\n<p>No se pronunci\u00f3 la catequesis prevista.<\/p>\n<p>En la audiencia general estuvo presente Su Santidad Tawadros II, Patriarca copto ortodoxo de Alejandr\u00eda, que acudi\u00f3 a Roma invitado por el Papa Francisco para conmemorar el 50\u00ba aniversario del hist\u00f3rico encuentro entre San Pablo y Roma. aniversario del hist\u00f3rico encuentro entre San Pablo VI y el Papa Shenouda III.<\/p>\n<p>Tras el discurso de homenaje de Su Santidad Tawadros II, el Papa le dirigi\u00f3 un saludo.<\/p>\n<p>Al final de la Audiencia General, el Santo Padre y Su Santidad Tawadros II recitaron el <em>Pater Noster<\/em> e impartieron la Bendici\u00f3n a los fieles presentes.<\/p>\n<p>Saludo del Santo Padre Francisco a Su Santidad Tawadros II<\/p>\n<p>***<\/p>\n<h3><strong>Palabras del Papa<\/strong><\/h3>\n<p>Hermanos y hermanas<\/p>\n<p>Saludo hoy con gran alegr\u00eda a Su Santidad Tawadros II, Papa de Alejandr\u00eda y Patriarca de la Sede de San Marcos, y a la distinguida delegaci\u00f3n que le acompa\u00f1a.<\/p>\n<p>Su Santidad Tawadros acept\u00f3 mi invitaci\u00f3n de venir a Roma para celebrar conmigo el 50 aniversario del hist\u00f3rico encuentro entre el Papa San Pablo VI y el Papa Shenouda III en 1973. Este fue el primer encuentro entre un Obispo de Roma y un Patriarca de la Iglesia Ortodoxa Copta, que culmin\u00f3 con la firma de una memorable declaraci\u00f3n cristol\u00f3gica conjunta el 10 de mayo. En recuerdo de este acontecimiento, Su Santidad Tawadros vino a verme por primera vez el 10 de mayo de hace diez a\u00f1os, unos meses despu\u00e9s de su elecci\u00f3n y la m\u00eda, y me propuso celebrar cada 10 de mayo el \u00abD\u00eda de la Amistad Copto-Cat\u00f3lica\u00bb que celebramos cada a\u00f1o desde entonces.<\/p>\n<p>Nos llamamos por tel\u00e9fono, nos enviamos saludos y seguimos siendo buenos hermanos, \u00a1no nos peleamos!<\/p>\n<p>Querido amigo y hermano Tawadros, te agradezco que hayas aceptado mi invitaci\u00f3n en este doble aniversario, y rezo para que la luz del Esp\u00edritu Santo ilumine tu visita a Roma, los importantes encuentros que mantendr\u00e1s aqu\u00ed y, sobre todo, nuestras conversaciones personales. Os agradezco sinceramente vuestro compromiso en favor de la creciente amistad entre la Iglesia copta ortodoxa y la Iglesia cat\u00f3lica.<\/p>\n<p>Santidad, queridos obispos y amigos todos, junto con vosotros imploro a Dios todopoderoso, por intercesi\u00f3n de los santos y m\u00e1rtires de la Iglesia copta, que nos ayude a crecer en comuni\u00f3n, en un \u00fanico y santo v\u00ednculo de fe, esperanza y amor cristiano. Y hablando de los m\u00e1rtires de la Iglesia copta, que son tambi\u00e9n los nuestros, quiero recordar a los m\u00e1rtires de la playa de Libia, convertidos en m\u00e1rtires hace algunos a\u00f1os.<\/p>\n<p>Pido a todos los presentes que recen a Dios para que bendiga la visita del Papa Tawadros a Roma y proteja a toda la Iglesia copta ortodoxa. Que esta visita nos acerque al bendito d\u00eda en que seremos uno en Cristo. Gracias.<\/p>\n<p><b>Saludos:<\/b><\/p>\n<p>Saludo cordialmente a los peregrinos de lengua espa\u00f1ola. Pidamos al Se\u00f1or, por intercesi\u00f3n de los santos pastores de la Iglesia \u2014como san Juan de \u00c1vila, cuya memoria hoy celebramos\u2014, que nos ayude a extender siempre los horizontes de nuestra misi\u00f3n y nos fortalezca para amarlo y servirlo en toda circunstancia. Que Jes\u00fas los bendiga y la Virgen Santa los cuide. Muchas gracias.<\/p>\n<p>&nbsp;<\/p>\n<p><iframe loading=\"lazy\" title=\"Audiencia General - 10 mayo 2023 - Papa Francisco\" width=\"500\" height=\"281\" src=\"https:\/\/www.youtube.com\/embed\/_uEr60uQa78?feature=oembed\" frameborder=\"0\" allow=\"accelerometer; autoplay; clipboard-write; encrypted-media; gyroscope; picture-in-picture; web-share\" referrerpolicy=\"strict-origin-when-cross-origin\" allowfullscreen><\/iframe><\/p>\n","protected":false},"excerpt":{"rendered":"<p>Audiencia General<\/p>\n","protected":false},"author":15,"featured_media":75843,"comment_status":"closed","ping_status":"closed","sticky":false,"template":"","format":"standard","meta":{"_acf_changed":false,"_crdt_document":"","inline_featured_image":false,"footnotes":""},"categories":[112,68],"tags":[179,2419,9127],"class_list":["post-75842","post","type-post","status-publish","format-standard","has-post-thumbnail","hentry","category-audiencia-general","category-leon-xiv","tag-audiencia-general","tag-featured","tag-su-santidad-tawadros-ii"],"acf":[],"yoast_head":"<!-- This site is optimized with the Yoast SEO plugin v27.5 - https:\/\/yoast.com\/product\/yoast-seo-wordpress\/ -->\n<title>El Papa y el Patriarca Tawadros II: \u201cD\u00eda de la Amistad Copto-Cat\u00f3lica\u201d &#8211; Exaudi<\/title>\n<meta name=\"robots\" content=\"index, follow, max-snippet:-1, max-image-preview:large, max-video-preview:-1\" \/>\n<link rel=\"canonical\" href=\"https:\/\/exaudi.org\/es\/el-papa-y-el-patriarca-tawadros-ii-dia-de-la-amistad-copto-catolica\/\" \/>\n<meta property=\"og:locale\" content=\"es_ES\" \/>\n<meta property=\"og:type\" content=\"article\" \/>\n<meta property=\"og:title\" content=\"El Papa y el Patriarca Tawadros II: \u201cD\u00eda de la Amistad Copto-Cat\u00f3lica\u201d &#8211; Exaudi\" \/>\n<meta property=\"og:description\" content=\"Audiencia General\" \/>\n<meta property=\"og:url\" content=\"https:\/\/exaudi.org\/es\/el-papa-y-el-patriarca-tawadros-ii-dia-de-la-amistad-copto-catolica\/\" \/>\n<meta property=\"og:site_name\" content=\"Exaudi\" \/>\n<meta property=\"article:publisher\" content=\"https:\/\/www.facebook.com\/ExaudiNews\" \/>\n<meta property=\"article:author\" content=\"https:\/\/www.facebook.com\/ExaudiNoticias\/\" \/>\n<meta property=\"article:published_time\" content=\"2023-05-10T14:43:20+00:00\" \/>\n<meta property=\"article:modified_time\" content=\"2023-05-10T14:53:47+00:00\" \/>\n<meta property=\"og:image\" content=\"https:\/\/exaudi.org\/wp-content\/uploads\/2023\/05\/Audiencia-General-10-mayo-2023.jpeg\" \/>\n\t<meta property=\"og:image:width\" content=\"800\" \/>\n\t<meta property=\"og:image:height\" content=\"533\" \/>\n\t<meta property=\"og:image:type\" content=\"image\/jpeg\" \/>\n<meta name=\"author\" content=\"Exaudi Redacci\u00f3n\" \/>\n<meta name=\"twitter:card\" content=\"summary_large_image\" \/>\n<meta name=\"twitter:creator\" content=\"@Exaudi_noticias\" \/>\n<meta name=\"twitter:site\" content=\"@Exaudi_News\" \/>\n<meta name=\"twitter:label1\" content=\"Escrito por\" \/>\n\t<meta name=\"twitter:data1\" content=\"Exaudi Redacci\u00f3n\" \/>\n\t<meta name=\"twitter:label2\" content=\"Tiempo de lectura\" \/>\n\t<meta name=\"twitter:data2\" content=\"3 minutos\" \/>\n<script type=\"application\/ld+json\" class=\"yoast-schema-graph\">{\"@context\":\"https:\\\/\\\/schema.org\",\"@graph\":[{\"@type\":\"Article\",\"@id\":\"https:\\\/\\\/exaudi.org\\\/es\\\/el-papa-y-el-patriarca-tawadros-ii-dia-de-la-amistad-copto-catolica\\\/#article\",\"isPartOf\":{\"@id\":\"https:\\\/\\\/exaudi.org\\\/es\\\/el-papa-y-el-patriarca-tawadros-ii-dia-de-la-amistad-copto-catolica\\\/\"},\"author\":{\"name\":\"Exaudi Redacci\u00f3n\",\"@id\":\"https:\\\/\\\/exaudi.org\\\/#\\\/schema\\\/person\\\/f5fc8f063065e38742da7afe15f25df7\"},\"headline\":\"El Papa y el Patriarca Tawadros II: \u201cD\u00eda de la Amistad Copto-Cat\u00f3lica\u201d\",\"datePublished\":\"2023-05-10T14:43:20+00:00\",\"dateModified\":\"2023-05-10T14:53:47+00:00\",\"mainEntityOfPage\":{\"@id\":\"https:\\\/\\\/exaudi.org\\\/es\\\/el-papa-y-el-patriarca-tawadros-ii-dia-de-la-amistad-copto-catolica\\\/\"},\"wordCount\":625,\"image\":{\"@id\":\"https:\\\/\\\/exaudi.org\\\/es\\\/el-papa-y-el-patriarca-tawadros-ii-dia-de-la-amistad-copto-catolica\\\/#primaryimage\"},\"thumbnailUrl\":\"https:\\\/\\\/exaudi.org\\\/wp-content\\\/uploads\\\/2023\\\/05\\\/Audiencia-General-10-mayo-2023.jpeg\",\"keywords\":[\"audiencia general\",\"Featured\",\"Su Santidad Tawadros II\"],\"articleSection\":[\"Audiencia General\",\"Le\u00f3n XIV\"],\"inLanguage\":\"es\"},{\"@type\":\"WebPage\",\"@id\":\"https:\\\/\\\/exaudi.org\\\/es\\\/el-papa-y-el-patriarca-tawadros-ii-dia-de-la-amistad-copto-catolica\\\/\",\"url\":\"https:\\\/\\\/exaudi.org\\\/es\\\/el-papa-y-el-patriarca-tawadros-ii-dia-de-la-amistad-copto-catolica\\\/\",\"name\":\"El Papa y el Patriarca Tawadros II: \u201cD\u00eda de la Amistad Copto-Cat\u00f3lica\u201d &#8211; Exaudi\",\"isPartOf\":{\"@id\":\"https:\\\/\\\/exaudi.org\\\/#website\"},\"primaryImageOfPage\":{\"@id\":\"https:\\\/\\\/exaudi.org\\\/es\\\/el-papa-y-el-patriarca-tawadros-ii-dia-de-la-amistad-copto-catolica\\\/#primaryimage\"},\"image\":{\"@id\":\"https:\\\/\\\/exaudi.org\\\/es\\\/el-papa-y-el-patriarca-tawadros-ii-dia-de-la-amistad-copto-catolica\\\/#primaryimage\"},\"thumbnailUrl\":\"https:\\\/\\\/exaudi.org\\\/wp-content\\\/uploads\\\/2023\\\/05\\\/Audiencia-General-10-mayo-2023.jpeg\",\"datePublished\":\"2023-05-10T14:43:20+00:00\",\"dateModified\":\"2023-05-10T14:53:47+00:00\",\"author\":{\"@id\":\"https:\\\/\\\/exaudi.org\\\/#\\\/schema\\\/person\\\/f5fc8f063065e38742da7afe15f25df7\"},\"breadcrumb\":{\"@id\":\"https:\\\/\\\/exaudi.org\\\/es\\\/el-papa-y-el-patriarca-tawadros-ii-dia-de-la-amistad-copto-catolica\\\/#breadcrumb\"},\"inLanguage\":\"es\",\"potentialAction\":[{\"@type\":\"ReadAction\",\"target\":[\"https:\\\/\\\/exaudi.org\\\/es\\\/el-papa-y-el-patriarca-tawadros-ii-dia-de-la-amistad-copto-catolica\\\/\"]}]},{\"@type\":\"ImageObject\",\"inLanguage\":\"es\",\"@id\":\"https:\\\/\\\/exaudi.org\\\/es\\\/el-papa-y-el-patriarca-tawadros-ii-dia-de-la-amistad-copto-catolica\\\/#primaryimage\",\"url\":\"https:\\\/\\\/exaudi.org\\\/wp-content\\\/uploads\\\/2023\\\/05\\\/Audiencia-General-10-mayo-2023.jpeg\",\"contentUrl\":\"https:\\\/\\\/exaudi.org\\\/wp-content\\\/uploads\\\/2023\\\/05\\\/Audiencia-General-10-mayo-2023.jpeg\",\"width\":800,\"height\":533},{\"@type\":\"BreadcrumbList\",\"@id\":\"https:\\\/\\\/exaudi.org\\\/es\\\/el-papa-y-el-patriarca-tawadros-ii-dia-de-la-amistad-copto-catolica\\\/#breadcrumb\",\"itemListElement\":[{\"@type\":\"ListItem\",\"position\":1,\"name\":\"Portada\",\"item\":\"https:\\\/\\\/exaudi.org\\\/es\\\/\"},{\"@type\":\"ListItem\",\"position\":2,\"name\":\"El Papa y el Patriarca Tawadros II: \u201cD\u00eda de la Amistad Copto-Cat\u00f3lica\u201d\"}]},{\"@type\":\"WebSite\",\"@id\":\"https:\\\/\\\/exaudi.org\\\/#website\",\"url\":\"https:\\\/\\\/exaudi.org\\\/\",\"name\":\"Exaudi\",\"description\":\"News\",\"potentialAction\":[{\"@type\":\"SearchAction\",\"target\":{\"@type\":\"EntryPoint\",\"urlTemplate\":\"https:\\\/\\\/exaudi.org\\\/?s={search_term_string}\"},\"query-input\":{\"@type\":\"PropertyValueSpecification\",\"valueRequired\":true,\"valueName\":\"search_term_string\"}}],\"inLanguage\":\"es\"},{\"@type\":\"Person\",\"@id\":\"https:\\\/\\\/exaudi.org\\\/#\\\/schema\\\/person\\\/f5fc8f063065e38742da7afe15f25df7\",\"name\":\"Exaudi Redacci\u00f3n\",\"image\":{\"@type\":\"ImageObject\",\"inLanguage\":\"es\",\"@id\":\"https:\\\/\\\/secure.gravatar.com\\\/avatar\\\/fe0f6a059fb68d9b3e11bc5850dd4899b1c7492091a3cb6dd9b01b56ad828be2?s=96&d=mm&r=g\",\"url\":\"https:\\\/\\\/secure.gravatar.com\\\/avatar\\\/fe0f6a059fb68d9b3e11bc5850dd4899b1c7492091a3cb6dd9b01b56ad828be2?s=96&d=mm&r=g\",\"contentUrl\":\"https:\\\/\\\/secure.gravatar.com\\\/avatar\\\/fe0f6a059fb68d9b3e11bc5850dd4899b1c7492091a3cb6dd9b01b56ad828be2?s=96&d=mm&r=g\",\"caption\":\"Exaudi Redacci\u00f3n\"},\"description\":\"\u00bfQu\u00e9 es Exaudi News? Exaudi News es un medio de comunicaci\u00f3n cat\u00f3lico internacional que informa, forma y transforma, diariamente en espa\u00f1ol, ingl\u00e9s e italiano. A trav\u00e9s de noticias, art\u00edculos de an\u00e1lisis y transmisiones en directo de los eventos del Papa, Exaudi busca fortalecer la unidad de los cristianos y contribuir a la evangelizaci\u00f3n del mundo, siempre guiados por la doctrina social de la Iglesia. Trabajamos para acercar la verdad y los valores cristianos a cada rinc\u00f3n del planeta. \u00a1Ay\u00fadanos a transformar el mundo con Exaudi! En Exaudi creemos que la evangelizaci\u00f3n y la informaci\u00f3n de calidad pueden cambiar vidas. Para continuar con nuestra misi\u00f3n y expandir nuestro alcance, necesitamos tu ayuda. Adem\u00e1s, buscamos personas comprometidas que deseen unirse a nuestro equipo. Con tu apoyo, lograremos llegar a m\u00e1s personas, difundir el mensaje de Cristo y reforzar la unidad de los cristianos. \u00bfTe unes a nuestra misi\u00f3n? Para m\u00e1s informaci\u00f3n sobre c\u00f3mo colaborar, visita Exaudi.org\\\/es o cont\u00e1ctanos directamente: info@exaudi.org Exaudi: Informa, forma y transforma.\",\"sameAs\":[\"https:\\\/\\\/www.facebook.com\\\/ExaudiNoticias\\\/\",\"https:\\\/\\\/www.instagram.com\\\/exaudi_noticias\\\/\",\"https:\\\/\\\/x.com\\\/Exaudi_noticias\",\"https:\\\/\\\/www.youtube.com\\\/@exaudicatholicnews\"],\"url\":\"https:\\\/\\\/exaudi.org\\\/es\\\/author\\\/redaccionexaudi\\\/\"}]}<\/script>\n<!-- \/ Yoast SEO plugin. -->","yoast_head_json":{"title":"El Papa y el Patriarca Tawadros II: \u201cD\u00eda de la Amistad Copto-Cat\u00f3lica\u201d &#8211; Exaudi","robots":{"index":"index","follow":"follow","max-snippet":"max-snippet:-1","max-image-preview":"max-image-preview:large","max-video-preview":"max-video-preview:-1"},"canonical":"https:\/\/exaudi.org\/es\/el-papa-y-el-patriarca-tawadros-ii-dia-de-la-amistad-copto-catolica\/","og_locale":"es_ES","og_type":"article","og_title":"El Papa y el Patriarca Tawadros II: \u201cD\u00eda de la Amistad Copto-Cat\u00f3lica\u201d &#8211; Exaudi","og_description":"Audiencia General","og_url":"https:\/\/exaudi.org\/es\/el-papa-y-el-patriarca-tawadros-ii-dia-de-la-amistad-copto-catolica\/","og_site_name":"Exaudi","article_publisher":"https:\/\/www.facebook.com\/ExaudiNews","article_author":"https:\/\/www.facebook.com\/ExaudiNoticias\/","article_published_time":"2023-05-10T14:43:20+00:00","article_modified_time":"2023-05-10T14:53:47+00:00","og_image":[{"width":800,"height":533,"url":"https:\/\/exaudi.org\/wp-content\/uploads\/2023\/05\/Audiencia-General-10-mayo-2023.jpeg","type":"image\/jpeg"}],"author":"Exaudi Redacci\u00f3n","twitter_card":"summary_large_image","twitter_creator":"@Exaudi_noticias","twitter_site":"@Exaudi_News","twitter_misc":{"Escrito por":"Exaudi Redacci\u00f3n","Tiempo de lectura":"3 minutos"},"schema":{"@context":"https:\/\/schema.org","@graph":[{"@type":"Article","@id":"https:\/\/exaudi.org\/es\/el-papa-y-el-patriarca-tawadros-ii-dia-de-la-amistad-copto-catolica\/#article","isPartOf":{"@id":"https:\/\/exaudi.org\/es\/el-papa-y-el-patriarca-tawadros-ii-dia-de-la-amistad-copto-catolica\/"},"author":{"name":"Exaudi Redacci\u00f3n","@id":"https:\/\/exaudi.org\/#\/schema\/person\/f5fc8f063065e38742da7afe15f25df7"},"headline":"El Papa y el Patriarca Tawadros II: \u201cD\u00eda de la Amistad Copto-Cat\u00f3lica\u201d","datePublished":"2023-05-10T14:43:20+00:00","dateModified":"2023-05-10T14:53:47+00:00","mainEntityOfPage":{"@id":"https:\/\/exaudi.org\/es\/el-papa-y-el-patriarca-tawadros-ii-dia-de-la-amistad-copto-catolica\/"},"wordCount":625,"image":{"@id":"https:\/\/exaudi.org\/es\/el-papa-y-el-patriarca-tawadros-ii-dia-de-la-amistad-copto-catolica\/#primaryimage"},"thumbnailUrl":"https:\/\/exaudi.org\/wp-content\/uploads\/2023\/05\/Audiencia-General-10-mayo-2023.jpeg","keywords":["audiencia general","Featured","Su Santidad Tawadros II"],"articleSection":["Audiencia General","Le\u00f3n XIV"],"inLanguage":"es"},{"@type":"WebPage","@id":"https:\/\/exaudi.org\/es\/el-papa-y-el-patriarca-tawadros-ii-dia-de-la-amistad-copto-catolica\/","url":"https:\/\/exaudi.org\/es\/el-papa-y-el-patriarca-tawadros-ii-dia-de-la-amistad-copto-catolica\/","name":"El Papa y el Patriarca Tawadros II: \u201cD\u00eda de la Amistad Copto-Cat\u00f3lica\u201d &#8211; Exaudi","isPartOf":{"@id":"https:\/\/exaudi.org\/#website"},"primaryImageOfPage":{"@id":"https:\/\/exaudi.org\/es\/el-papa-y-el-patriarca-tawadros-ii-dia-de-la-amistad-copto-catolica\/#primaryimage"},"image":{"@id":"https:\/\/exaudi.org\/es\/el-papa-y-el-patriarca-tawadros-ii-dia-de-la-amistad-copto-catolica\/#primaryimage"},"thumbnailUrl":"https:\/\/exaudi.org\/wp-content\/uploads\/2023\/05\/Audiencia-General-10-mayo-2023.jpeg","datePublished":"2023-05-10T14:43:20+00:00","dateModified":"2023-05-10T14:53:47+00:00","author":{"@id":"https:\/\/exaudi.org\/#\/schema\/person\/f5fc8f063065e38742da7afe15f25df7"},"breadcrumb":{"@id":"https:\/\/exaudi.org\/es\/el-papa-y-el-patriarca-tawadros-ii-dia-de-la-amistad-copto-catolica\/#breadcrumb"},"inLanguage":"es","potentialAction":[{"@type":"ReadAction","target":["https:\/\/exaudi.org\/es\/el-papa-y-el-patriarca-tawadros-ii-dia-de-la-amistad-copto-catolica\/"]}]},{"@type":"ImageObject","inLanguage":"es","@id":"https:\/\/exaudi.org\/es\/el-papa-y-el-patriarca-tawadros-ii-dia-de-la-amistad-copto-catolica\/#primaryimage","url":"https:\/\/exaudi.org\/wp-content\/uploads\/2023\/05\/Audiencia-General-10-mayo-2023.jpeg","contentUrl":"https:\/\/exaudi.org\/wp-content\/uploads\/2023\/05\/Audiencia-General-10-mayo-2023.jpeg","width":800,"height":533},{"@type":"BreadcrumbList","@id":"https:\/\/exaudi.org\/es\/el-papa-y-el-patriarca-tawadros-ii-dia-de-la-amistad-copto-catolica\/#breadcrumb","itemListElement":[{"@type":"ListItem","position":1,"name":"Portada","item":"https:\/\/exaudi.org\/es\/"},{"@type":"ListItem","position":2,"name":"El Papa y el Patriarca Tawadros II: \u201cD\u00eda de la Amistad Copto-Cat\u00f3lica\u201d"}]},{"@type":"WebSite","@id":"https:\/\/exaudi.org\/#website","url":"https:\/\/exaudi.org\/","name":"Exaudi","description":"News","potentialAction":[{"@type":"SearchAction","target":{"@type":"EntryPoint","urlTemplate":"https:\/\/exaudi.org\/?s={search_term_string}"},"query-input":{"@type":"PropertyValueSpecification","valueRequired":true,"valueName":"search_term_string"}}],"inLanguage":"es"},{"@type":"Person","@id":"https:\/\/exaudi.org\/#\/schema\/person\/f5fc8f063065e38742da7afe15f25df7","name":"Exaudi Redacci\u00f3n","image":{"@type":"ImageObject","inLanguage":"es","@id":"https:\/\/secure.gravatar.com\/avatar\/fe0f6a059fb68d9b3e11bc5850dd4899b1c7492091a3cb6dd9b01b56ad828be2?s=96&d=mm&r=g","url":"https:\/\/secure.gravatar.com\/avatar\/fe0f6a059fb68d9b3e11bc5850dd4899b1c7492091a3cb6dd9b01b56ad828be2?s=96&d=mm&r=g","contentUrl":"https:\/\/secure.gravatar.com\/avatar\/fe0f6a059fb68d9b3e11bc5850dd4899b1c7492091a3cb6dd9b01b56ad828be2?s=96&d=mm&r=g","caption":"Exaudi Redacci\u00f3n"},"description":"\u00bfQu\u00e9 es Exaudi News? Exaudi News es un medio de comunicaci\u00f3n cat\u00f3lico internacional que informa, forma y transforma, diariamente en espa\u00f1ol, ingl\u00e9s e italiano. A trav\u00e9s de noticias, art\u00edculos de an\u00e1lisis y transmisiones en directo de los eventos del Papa, Exaudi busca fortalecer la unidad de los cristianos y contribuir a la evangelizaci\u00f3n del mundo, siempre guiados por la doctrina social de la Iglesia. Trabajamos para acercar la verdad y los valores cristianos a cada rinc\u00f3n del planeta. \u00a1Ay\u00fadanos a transformar el mundo con Exaudi! En Exaudi creemos que la evangelizaci\u00f3n y la informaci\u00f3n de calidad pueden cambiar vidas. Para continuar con nuestra misi\u00f3n y expandir nuestro alcance, necesitamos tu ayuda. Adem\u00e1s, buscamos personas comprometidas que deseen unirse a nuestro equipo. Con tu apoyo, lograremos llegar a m\u00e1s personas, difundir el mensaje de Cristo y reforzar la unidad de los cristianos. \u00bfTe unes a nuestra misi\u00f3n? Para m\u00e1s informaci\u00f3n sobre c\u00f3mo colaborar, visita Exaudi.org\/es o cont\u00e1ctanos directamente: info@exaudi.org Exaudi: Informa, forma y transforma.","sameAs":["https:\/\/www.facebook.com\/ExaudiNoticias\/","https:\/\/www.instagram.com\/exaudi_noticias\/","https:\/\/x.com\/Exaudi_noticias","https:\/\/www.youtube.com\/@exaudicatholicnews"],"url":"https:\/\/exaudi.org\/es\/author\/redaccionexaudi\/"}]}},"jetpack_featured_media_url":"https:\/\/exaudi.org\/wp-content\/uploads\/2023\/05\/Audiencia-General-10-mayo-2023.jpeg","jetpack_shortlink":"https:\/\/wp.me\/pgKjF2-jJg","_links":{"self":[{"href":"https:\/\/exaudi.org\/es\/wp-json\/wp\/v2\/posts\/75842","targetHints":{"allow":["GET"]}}],"collection":[{"href":"https:\/\/exaudi.org\/es\/wp-json\/wp\/v2\/posts"}],"about":[{"href":"https:\/\/exaudi.org\/es\/wp-json\/wp\/v2\/types\/post"}],"author":[{"embeddable":true,"href":"https:\/\/exaudi.org\/es\/wp-json\/wp\/v2\/users\/15"}],"replies":[{"embeddable":true,"href":"https:\/\/exaudi.org\/es\/wp-json\/wp\/v2\/comments?post=75842"}],"version-history":[{"count":0,"href":"https:\/\/exaudi.org\/es\/wp-json\/wp\/v2\/posts\/75842\/revisions"}],"wp:featuredmedia":[{"embeddable":true,"href":"https:\/\/exaudi.org\/es\/wp-json\/wp\/v2\/media\/75843"}],"wp:attachment":[{"href":"https:\/\/exaudi.org\/es\/wp-json\/wp\/v2\/media?parent=75842"}],"wp:term":[{"taxonomy":"category","embeddable":true,"href":"https:\/\/exaudi.org\/es\/wp-json\/wp\/v2\/categories?post=75842"},{"taxonomy":"post_tag","embeddable":true,"href":"https:\/\/exaudi.org\/es\/wp-json\/wp\/v2\/tags?post=75842"}],"curies":[{"name":"wp","href":"https:\/\/api.w.org\/{rel}","templated":true}]}}