{"id":75817,"date":"2023-05-10T09:48:56","date_gmt":"2023-05-10T07:48:56","guid":{"rendered":"https:\/\/exaudi.org\/?p=75817"},"modified":"2023-05-10T09:48:56","modified_gmt":"2023-05-10T07:48:56","slug":"arranca-la-primera-escuela-de-lideres-en-la-arquidiocesis-de-valencia","status":"publish","type":"post","link":"https:\/\/exaudi.org\/es\/arranca-la-primera-escuela-de-lideres-en-la-arquidiocesis-de-valencia\/","title":{"rendered":"Arranca la primera escuela de l\u00edderes en la Arquidi\u00f3cesis de Valencia"},"content":{"rendered":"<audio class=\"wp-audio-shortcode\" id=\"audio-75817-1\" preload=\"none\" style=\"width: 100%;\" controls=\"controls\"><source type=\"audio\/mpeg\" src=\"https:\/\/exaudi.org\/wp-content\/uploads\/2023\/05\/Arranca-la-primera-escuela-de-lideres-en-la.mp3?_=1\" \/><a href=\"https:\/\/exaudi.org\/wp-content\/uploads\/2023\/05\/Arranca-la-primera-escuela-de-lideres-en-la.mp3\">https:\/\/exaudi.org\/wp-content\/uploads\/2023\/05\/Arranca-la-primera-escuela-de-lideres-en-la.mp3<\/a><\/audio>\n<p>En la Arquidi\u00f3cesis de Valencia, Venezuela, se ha puesto en marcha la primera escuela de l\u00edderes cat\u00f3licos. Este programa de formaci\u00f3n es el resultado de una colaboraci\u00f3n entre Gaudium, Instituto de Estudios Teol\u00f3gicos, ACN \u2013 Ayuda a la Iglesia que Sufre, y la Universidad Finis Terrae de Chile. La escuela propone una serie de temas relevantes en los \u00e1mbitos de liderazgo, pol\u00edtica y sociedad, con el objetivo de formar l\u00edderes capaces de promover el bien com\u00fan a trav\u00e9s de los principios y valores de la Doctrina Social de la Iglesia.<\/p>\n<p><img loading=\"lazy\" decoding=\"async\" class=\"alignleft wp-image-75821\" src=\"https:\/\/exaudi.org\/wp-content\/uploads\/2023\/05\/IMG-20230508-WA0008.jpg\" alt=\"\" width=\"187\" height=\"141\" srcset=\"https:\/\/exaudi.org\/wp-content\/uploads\/2023\/05\/IMG-20230508-WA0008.jpg 1000w, https:\/\/exaudi.org\/wp-content\/uploads\/2023\/05\/IMG-20230508-WA0008-300x225.jpg 300w, https:\/\/exaudi.org\/wp-content\/uploads\/2023\/05\/IMG-20230508-WA0008-770x578.jpg 770w, https:\/\/exaudi.org\/wp-content\/uploads\/2023\/05\/IMG-20230508-WA0008-500x375.jpg 500w, https:\/\/exaudi.org\/wp-content\/uploads\/2023\/05\/IMG-20230508-WA0008-293x220.jpg 293w, https:\/\/exaudi.org\/wp-content\/uploads\/2023\/05\/IMG-20230508-WA0008-390x293.jpg 390w\" sizes=\"auto, (max-width: 187px) 100vw, 187px\" \/>El programa de formaci\u00f3n se lleva a cabo a trav\u00e9s de sesiones semanales, con una duraci\u00f3n total de 54 horas acad\u00e9micas, bajo la modalidad semipresencial a trav\u00e9s de la plataforma Zoom. La primera promoci\u00f3n se inici\u00f3 el s\u00e1bado 6 de mayo y se extender\u00e1 hasta el 30 de junio. Los participantes recibir\u00e1n herramientas necesarias para ejercer un liderazgo efectivo y comprometerse en la transformaci\u00f3n de la sociedad.<\/p>\n<p><img loading=\"lazy\" decoding=\"async\" class=\" wp-image-75824 alignright\" src=\"https:\/\/exaudi.org\/wp-content\/uploads\/2023\/05\/IMG-20230506-WA0087.jpg\" alt=\"\" width=\"305\" height=\"228\" srcset=\"https:\/\/exaudi.org\/wp-content\/uploads\/2023\/05\/IMG-20230506-WA0087.jpg 1000w, https:\/\/exaudi.org\/wp-content\/uploads\/2023\/05\/IMG-20230506-WA0087-300x225.jpg 300w, https:\/\/exaudi.org\/wp-content\/uploads\/2023\/05\/IMG-20230506-WA0087-770x578.jpg 770w, https:\/\/exaudi.org\/wp-content\/uploads\/2023\/05\/IMG-20230506-WA0087-500x375.jpg 500w, https:\/\/exaudi.org\/wp-content\/uploads\/2023\/05\/IMG-20230506-WA0087-293x220.jpg 293w, https:\/\/exaudi.org\/wp-content\/uploads\/2023\/05\/IMG-20230506-WA0087-390x293.jpg 390w\" sizes=\"auto, (max-width: 305px) 100vw, 305px\" \/>El Padre Luis Eduardo Mart\u00ednez, director de la Escuela de l\u00edderes cat\u00f3licos de Valencia en Venezuela, destac\u00f3 la importancia de esta iniciativa, <strong><em>que busca formar l\u00edderes capaces de pensar en el bien com\u00fan desde los principios y valores de la Doctrina Social de la Iglesia<\/em><\/strong>. Para el padre Mart\u00ednez, <strong><em>los l\u00edderes cat\u00f3licos pueden transformar la pol\u00edtica desde una nueva antropolog\u00eda y definir la econom\u00eda venezolana desde una concepci\u00f3n m\u00e1s humana y tierna, tal como lo define el Papa Francisco<\/em><\/strong>. Adem\u00e1s, destac\u00f3 que la formaci\u00f3n de l\u00edderes cat\u00f3licos <strong><em>no solo tiene el objetivo de formar a las generaciones futuras, sino tambi\u00e9n a las presentes, para que el pa\u00eds retome el rumbo del progreso, la libertad, la justicia y la conciencia pol\u00edtica.<\/em><\/strong><\/p>\n<p>La Escuela de L\u00edderes Cat\u00f3licos de la Arquidi\u00f3cesis de Valencia forma parte de la Academia Latinoamericana de L\u00edderes Cat\u00f3licos, un centro de formaci\u00f3n internacional presente en 38 di\u00f3cesis de 11 pa\u00edses de Am\u00e9rica.<\/p>\n","protected":false},"excerpt":{"rendered":"<p>Este centro fue fundado en Chile en 2006 y ha expandido sus actividades a varios pa\u00edses de Am\u00e9rica y Europa, incluyendo Estados Unidos, M\u00e9xico, Colombia y Espa\u00f1a, entre otros.<\/p>\n","protected":false},"author":15,"featured_media":75818,"comment_status":"closed","ping_status":"closed","sticky":false,"template":"","format":"standard","meta":{"_acf_changed":false,"_crdt_document":"","inline_featured_image":false,"footnotes":""},"categories":[74],"tags":[765,9122,9120,9124,9123,4953,9121],"class_list":["post-75817","post","type-post","status-publish","format-standard","has-post-thumbnail","hentry","category-iglesia-y-mundo","tag-academia-de-lideres-catolicos","tag-acn-ayuda-a-la-iglesia-que-sufre","tag-arquidiocesis-de-valencia","tag-gaudium","tag-instituto-de-estudios-teologicos","tag-trending-es","tag-universidad-finis-terrae-de-chile"],"acf":[],"yoast_head":"<!-- This site is optimized with the Yoast SEO plugin v27.5 - https:\/\/yoast.com\/product\/yoast-seo-wordpress\/ -->\n<title>Arranca la primera escuela de l\u00edderes en la Arquidi\u00f3cesis de Valencia &#8211; Exaudi<\/title>\n<meta name=\"robots\" content=\"index, follow, max-snippet:-1, max-image-preview:large, max-video-preview:-1\" \/>\n<link rel=\"canonical\" href=\"https:\/\/exaudi.org\/es\/arranca-la-primera-escuela-de-lideres-en-la-arquidiocesis-de-valencia\/\" \/>\n<meta property=\"og:locale\" content=\"es_ES\" \/>\n<meta property=\"og:type\" content=\"article\" \/>\n<meta property=\"og:title\" content=\"Arranca la primera escuela de l\u00edderes en la Arquidi\u00f3cesis de Valencia &#8211; Exaudi\" \/>\n<meta property=\"og:description\" content=\"Este centro fue fundado en Chile en 2006 y ha expandido sus actividades a varios pa\u00edses de Am\u00e9rica y Europa, incluyendo Estados Unidos, M\u00e9xico, Colombia y Espa\u00f1a, entre otros.\" \/>\n<meta property=\"og:url\" content=\"https:\/\/exaudi.org\/es\/arranca-la-primera-escuela-de-lideres-en-la-arquidiocesis-de-valencia\/\" \/>\n<meta property=\"og:site_name\" content=\"Exaudi\" \/>\n<meta property=\"article:publisher\" content=\"https:\/\/www.facebook.com\/ExaudiNews\" \/>\n<meta property=\"article:author\" content=\"https:\/\/www.facebook.com\/ExaudiNoticias\/\" \/>\n<meta property=\"article:published_time\" content=\"2023-05-10T07:48:56+00:00\" \/>\n<meta property=\"og:image\" content=\"https:\/\/exaudi.org\/wp-content\/uploads\/2023\/05\/IMG-20230506-WA0086.jpg\" \/>\n\t<meta property=\"og:image:width\" content=\"1080\" \/>\n\t<meta property=\"og:image:height\" content=\"1080\" \/>\n\t<meta property=\"og:image:type\" content=\"image\/jpeg\" \/>\n<meta name=\"author\" content=\"Exaudi Redacci\u00f3n\" \/>\n<meta name=\"twitter:card\" content=\"summary_large_image\" \/>\n<meta name=\"twitter:creator\" content=\"@Exaudi_noticias\" \/>\n<meta name=\"twitter:site\" content=\"@Exaudi_News\" \/>\n<meta name=\"twitter:label1\" content=\"Escrito por\" \/>\n\t<meta name=\"twitter:data1\" content=\"Exaudi Redacci\u00f3n\" \/>\n\t<meta name=\"twitter:label2\" content=\"Tiempo de lectura\" \/>\n\t<meta name=\"twitter:data2\" content=\"2 minutos\" \/>\n<script type=\"application\/ld+json\" class=\"yoast-schema-graph\">{\"@context\":\"https:\\\/\\\/schema.org\",\"@graph\":[{\"@type\":\"Article\",\"@id\":\"https:\\\/\\\/exaudi.org\\\/es\\\/arranca-la-primera-escuela-de-lideres-en-la-arquidiocesis-de-valencia\\\/#article\",\"isPartOf\":{\"@id\":\"https:\\\/\\\/exaudi.org\\\/es\\\/arranca-la-primera-escuela-de-lideres-en-la-arquidiocesis-de-valencia\\\/\"},\"author\":{\"name\":\"Exaudi Redacci\u00f3n\",\"@id\":\"https:\\\/\\\/exaudi.org\\\/#\\\/schema\\\/person\\\/f5fc8f063065e38742da7afe15f25df7\"},\"headline\":\"Arranca la primera escuela de l\u00edderes en la Arquidi\u00f3cesis de Valencia\",\"datePublished\":\"2023-05-10T07:48:56+00:00\",\"mainEntityOfPage\":{\"@id\":\"https:\\\/\\\/exaudi.org\\\/es\\\/arranca-la-primera-escuela-de-lideres-en-la-arquidiocesis-de-valencia\\\/\"},\"wordCount\":375,\"image\":{\"@id\":\"https:\\\/\\\/exaudi.org\\\/es\\\/arranca-la-primera-escuela-de-lideres-en-la-arquidiocesis-de-valencia\\\/#primaryimage\"},\"thumbnailUrl\":\"https:\\\/\\\/exaudi.org\\\/wp-content\\\/uploads\\\/2023\\\/05\\\/IMG-20230506-WA0086.jpg\",\"keywords\":[\"Academia de L\u00edderes Cat\u00f3licos\",\"ACN \u2013 Ayuda a la Iglesia que Sufre\",\"Arquidi\u00f3cesis de Valencia\",\"Gaudium\",\"Instituto de Estudios Teol\u00f3gicos\",\"Trending\",\"Universidad Finis Terrae de Chile\"],\"articleSection\":[\"Iglesia y Mundo\"],\"inLanguage\":\"es\"},{\"@type\":\"WebPage\",\"@id\":\"https:\\\/\\\/exaudi.org\\\/es\\\/arranca-la-primera-escuela-de-lideres-en-la-arquidiocesis-de-valencia\\\/\",\"url\":\"https:\\\/\\\/exaudi.org\\\/es\\\/arranca-la-primera-escuela-de-lideres-en-la-arquidiocesis-de-valencia\\\/\",\"name\":\"Arranca la primera escuela de l\u00edderes en la Arquidi\u00f3cesis de Valencia &#8211; Exaudi\",\"isPartOf\":{\"@id\":\"https:\\\/\\\/exaudi.org\\\/#website\"},\"primaryImageOfPage\":{\"@id\":\"https:\\\/\\\/exaudi.org\\\/es\\\/arranca-la-primera-escuela-de-lideres-en-la-arquidiocesis-de-valencia\\\/#primaryimage\"},\"image\":{\"@id\":\"https:\\\/\\\/exaudi.org\\\/es\\\/arranca-la-primera-escuela-de-lideres-en-la-arquidiocesis-de-valencia\\\/#primaryimage\"},\"thumbnailUrl\":\"https:\\\/\\\/exaudi.org\\\/wp-content\\\/uploads\\\/2023\\\/05\\\/IMG-20230506-WA0086.jpg\",\"datePublished\":\"2023-05-10T07:48:56+00:00\",\"author\":{\"@id\":\"https:\\\/\\\/exaudi.org\\\/#\\\/schema\\\/person\\\/f5fc8f063065e38742da7afe15f25df7\"},\"breadcrumb\":{\"@id\":\"https:\\\/\\\/exaudi.org\\\/es\\\/arranca-la-primera-escuela-de-lideres-en-la-arquidiocesis-de-valencia\\\/#breadcrumb\"},\"inLanguage\":\"es\",\"potentialAction\":[{\"@type\":\"ReadAction\",\"target\":[\"https:\\\/\\\/exaudi.org\\\/es\\\/arranca-la-primera-escuela-de-lideres-en-la-arquidiocesis-de-valencia\\\/\"]}]},{\"@type\":\"ImageObject\",\"inLanguage\":\"es\",\"@id\":\"https:\\\/\\\/exaudi.org\\\/es\\\/arranca-la-primera-escuela-de-lideres-en-la-arquidiocesis-de-valencia\\\/#primaryimage\",\"url\":\"https:\\\/\\\/exaudi.org\\\/wp-content\\\/uploads\\\/2023\\\/05\\\/IMG-20230506-WA0086.jpg\",\"contentUrl\":\"https:\\\/\\\/exaudi.org\\\/wp-content\\\/uploads\\\/2023\\\/05\\\/IMG-20230506-WA0086.jpg\",\"width\":1080,\"height\":1080},{\"@type\":\"BreadcrumbList\",\"@id\":\"https:\\\/\\\/exaudi.org\\\/es\\\/arranca-la-primera-escuela-de-lideres-en-la-arquidiocesis-de-valencia\\\/#breadcrumb\",\"itemListElement\":[{\"@type\":\"ListItem\",\"position\":1,\"name\":\"Portada\",\"item\":\"https:\\\/\\\/exaudi.org\\\/es\\\/\"},{\"@type\":\"ListItem\",\"position\":2,\"name\":\"Arranca la primera escuela de l\u00edderes en la Arquidi\u00f3cesis de Valencia\"}]},{\"@type\":\"WebSite\",\"@id\":\"https:\\\/\\\/exaudi.org\\\/#website\",\"url\":\"https:\\\/\\\/exaudi.org\\\/\",\"name\":\"Exaudi\",\"description\":\"News\",\"potentialAction\":[{\"@type\":\"SearchAction\",\"target\":{\"@type\":\"EntryPoint\",\"urlTemplate\":\"https:\\\/\\\/exaudi.org\\\/?s={search_term_string}\"},\"query-input\":{\"@type\":\"PropertyValueSpecification\",\"valueRequired\":true,\"valueName\":\"search_term_string\"}}],\"inLanguage\":\"es\"},{\"@type\":\"Person\",\"@id\":\"https:\\\/\\\/exaudi.org\\\/#\\\/schema\\\/person\\\/f5fc8f063065e38742da7afe15f25df7\",\"name\":\"Exaudi Redacci\u00f3n\",\"image\":{\"@type\":\"ImageObject\",\"inLanguage\":\"es\",\"@id\":\"https:\\\/\\\/secure.gravatar.com\\\/avatar\\\/fe0f6a059fb68d9b3e11bc5850dd4899b1c7492091a3cb6dd9b01b56ad828be2?s=96&d=mm&r=g\",\"url\":\"https:\\\/\\\/secure.gravatar.com\\\/avatar\\\/fe0f6a059fb68d9b3e11bc5850dd4899b1c7492091a3cb6dd9b01b56ad828be2?s=96&d=mm&r=g\",\"contentUrl\":\"https:\\\/\\\/secure.gravatar.com\\\/avatar\\\/fe0f6a059fb68d9b3e11bc5850dd4899b1c7492091a3cb6dd9b01b56ad828be2?s=96&d=mm&r=g\",\"caption\":\"Exaudi Redacci\u00f3n\"},\"description\":\"\u00bfQu\u00e9 es Exaudi News? Exaudi News es un medio de comunicaci\u00f3n cat\u00f3lico internacional que informa, forma y transforma, diariamente en espa\u00f1ol, ingl\u00e9s e italiano. A trav\u00e9s de noticias, art\u00edculos de an\u00e1lisis y transmisiones en directo de los eventos del Papa, Exaudi busca fortalecer la unidad de los cristianos y contribuir a la evangelizaci\u00f3n del mundo, siempre guiados por la doctrina social de la Iglesia. Trabajamos para acercar la verdad y los valores cristianos a cada rinc\u00f3n del planeta. \u00a1Ay\u00fadanos a transformar el mundo con Exaudi! En Exaudi creemos que la evangelizaci\u00f3n y la informaci\u00f3n de calidad pueden cambiar vidas. Para continuar con nuestra misi\u00f3n y expandir nuestro alcance, necesitamos tu ayuda. Adem\u00e1s, buscamos personas comprometidas que deseen unirse a nuestro equipo. Con tu apoyo, lograremos llegar a m\u00e1s personas, difundir el mensaje de Cristo y reforzar la unidad de los cristianos. \u00bfTe unes a nuestra misi\u00f3n? Para m\u00e1s informaci\u00f3n sobre c\u00f3mo colaborar, visita Exaudi.org\\\/es o cont\u00e1ctanos directamente: info@exaudi.org Exaudi: Informa, forma y transforma.\",\"sameAs\":[\"https:\\\/\\\/www.facebook.com\\\/ExaudiNoticias\\\/\",\"https:\\\/\\\/www.instagram.com\\\/exaudi_noticias\\\/\",\"https:\\\/\\\/x.com\\\/Exaudi_noticias\",\"https:\\\/\\\/www.youtube.com\\\/@exaudicatholicnews\"],\"url\":\"https:\\\/\\\/exaudi.org\\\/es\\\/author\\\/redaccionexaudi\\\/\"}]}<\/script>\n<!-- \/ Yoast SEO plugin. -->","yoast_head_json":{"title":"Arranca la primera escuela de l\u00edderes en la Arquidi\u00f3cesis de Valencia &#8211; Exaudi","robots":{"index":"index","follow":"follow","max-snippet":"max-snippet:-1","max-image-preview":"max-image-preview:large","max-video-preview":"max-video-preview:-1"},"canonical":"https:\/\/exaudi.org\/es\/arranca-la-primera-escuela-de-lideres-en-la-arquidiocesis-de-valencia\/","og_locale":"es_ES","og_type":"article","og_title":"Arranca la primera escuela de l\u00edderes en la Arquidi\u00f3cesis de Valencia &#8211; Exaudi","og_description":"Este centro fue fundado en Chile en 2006 y ha expandido sus actividades a varios pa\u00edses de Am\u00e9rica y Europa, incluyendo Estados Unidos, M\u00e9xico, Colombia y Espa\u00f1a, entre otros.","og_url":"https:\/\/exaudi.org\/es\/arranca-la-primera-escuela-de-lideres-en-la-arquidiocesis-de-valencia\/","og_site_name":"Exaudi","article_publisher":"https:\/\/www.facebook.com\/ExaudiNews","article_author":"https:\/\/www.facebook.com\/ExaudiNoticias\/","article_published_time":"2023-05-10T07:48:56+00:00","og_image":[{"width":1080,"height":1080,"url":"https:\/\/exaudi.org\/wp-content\/uploads\/2023\/05\/IMG-20230506-WA0086.jpg","type":"image\/jpeg"}],"author":"Exaudi Redacci\u00f3n","twitter_card":"summary_large_image","twitter_creator":"@Exaudi_noticias","twitter_site":"@Exaudi_News","twitter_misc":{"Escrito por":"Exaudi Redacci\u00f3n","Tiempo de lectura":"2 minutos"},"schema":{"@context":"https:\/\/schema.org","@graph":[{"@type":"Article","@id":"https:\/\/exaudi.org\/es\/arranca-la-primera-escuela-de-lideres-en-la-arquidiocesis-de-valencia\/#article","isPartOf":{"@id":"https:\/\/exaudi.org\/es\/arranca-la-primera-escuela-de-lideres-en-la-arquidiocesis-de-valencia\/"},"author":{"name":"Exaudi Redacci\u00f3n","@id":"https:\/\/exaudi.org\/#\/schema\/person\/f5fc8f063065e38742da7afe15f25df7"},"headline":"Arranca la primera escuela de l\u00edderes en la Arquidi\u00f3cesis de Valencia","datePublished":"2023-05-10T07:48:56+00:00","mainEntityOfPage":{"@id":"https:\/\/exaudi.org\/es\/arranca-la-primera-escuela-de-lideres-en-la-arquidiocesis-de-valencia\/"},"wordCount":375,"image":{"@id":"https:\/\/exaudi.org\/es\/arranca-la-primera-escuela-de-lideres-en-la-arquidiocesis-de-valencia\/#primaryimage"},"thumbnailUrl":"https:\/\/exaudi.org\/wp-content\/uploads\/2023\/05\/IMG-20230506-WA0086.jpg","keywords":["Academia de L\u00edderes Cat\u00f3licos","ACN \u2013 Ayuda a la Iglesia que Sufre","Arquidi\u00f3cesis de Valencia","Gaudium","Instituto de Estudios Teol\u00f3gicos","Trending","Universidad Finis Terrae de Chile"],"articleSection":["Iglesia y Mundo"],"inLanguage":"es"},{"@type":"WebPage","@id":"https:\/\/exaudi.org\/es\/arranca-la-primera-escuela-de-lideres-en-la-arquidiocesis-de-valencia\/","url":"https:\/\/exaudi.org\/es\/arranca-la-primera-escuela-de-lideres-en-la-arquidiocesis-de-valencia\/","name":"Arranca la primera escuela de l\u00edderes en la Arquidi\u00f3cesis de Valencia &#8211; Exaudi","isPartOf":{"@id":"https:\/\/exaudi.org\/#website"},"primaryImageOfPage":{"@id":"https:\/\/exaudi.org\/es\/arranca-la-primera-escuela-de-lideres-en-la-arquidiocesis-de-valencia\/#primaryimage"},"image":{"@id":"https:\/\/exaudi.org\/es\/arranca-la-primera-escuela-de-lideres-en-la-arquidiocesis-de-valencia\/#primaryimage"},"thumbnailUrl":"https:\/\/exaudi.org\/wp-content\/uploads\/2023\/05\/IMG-20230506-WA0086.jpg","datePublished":"2023-05-10T07:48:56+00:00","author":{"@id":"https:\/\/exaudi.org\/#\/schema\/person\/f5fc8f063065e38742da7afe15f25df7"},"breadcrumb":{"@id":"https:\/\/exaudi.org\/es\/arranca-la-primera-escuela-de-lideres-en-la-arquidiocesis-de-valencia\/#breadcrumb"},"inLanguage":"es","potentialAction":[{"@type":"ReadAction","target":["https:\/\/exaudi.org\/es\/arranca-la-primera-escuela-de-lideres-en-la-arquidiocesis-de-valencia\/"]}]},{"@type":"ImageObject","inLanguage":"es","@id":"https:\/\/exaudi.org\/es\/arranca-la-primera-escuela-de-lideres-en-la-arquidiocesis-de-valencia\/#primaryimage","url":"https:\/\/exaudi.org\/wp-content\/uploads\/2023\/05\/IMG-20230506-WA0086.jpg","contentUrl":"https:\/\/exaudi.org\/wp-content\/uploads\/2023\/05\/IMG-20230506-WA0086.jpg","width":1080,"height":1080},{"@type":"BreadcrumbList","@id":"https:\/\/exaudi.org\/es\/arranca-la-primera-escuela-de-lideres-en-la-arquidiocesis-de-valencia\/#breadcrumb","itemListElement":[{"@type":"ListItem","position":1,"name":"Portada","item":"https:\/\/exaudi.org\/es\/"},{"@type":"ListItem","position":2,"name":"Arranca la primera escuela de l\u00edderes en la Arquidi\u00f3cesis de Valencia"}]},{"@type":"WebSite","@id":"https:\/\/exaudi.org\/#website","url":"https:\/\/exaudi.org\/","name":"Exaudi","description":"News","potentialAction":[{"@type":"SearchAction","target":{"@type":"EntryPoint","urlTemplate":"https:\/\/exaudi.org\/?s={search_term_string}"},"query-input":{"@type":"PropertyValueSpecification","valueRequired":true,"valueName":"search_term_string"}}],"inLanguage":"es"},{"@type":"Person","@id":"https:\/\/exaudi.org\/#\/schema\/person\/f5fc8f063065e38742da7afe15f25df7","name":"Exaudi Redacci\u00f3n","image":{"@type":"ImageObject","inLanguage":"es","@id":"https:\/\/secure.gravatar.com\/avatar\/fe0f6a059fb68d9b3e11bc5850dd4899b1c7492091a3cb6dd9b01b56ad828be2?s=96&d=mm&r=g","url":"https:\/\/secure.gravatar.com\/avatar\/fe0f6a059fb68d9b3e11bc5850dd4899b1c7492091a3cb6dd9b01b56ad828be2?s=96&d=mm&r=g","contentUrl":"https:\/\/secure.gravatar.com\/avatar\/fe0f6a059fb68d9b3e11bc5850dd4899b1c7492091a3cb6dd9b01b56ad828be2?s=96&d=mm&r=g","caption":"Exaudi Redacci\u00f3n"},"description":"\u00bfQu\u00e9 es Exaudi News? Exaudi News es un medio de comunicaci\u00f3n cat\u00f3lico internacional que informa, forma y transforma, diariamente en espa\u00f1ol, ingl\u00e9s e italiano. A trav\u00e9s de noticias, art\u00edculos de an\u00e1lisis y transmisiones en directo de los eventos del Papa, Exaudi busca fortalecer la unidad de los cristianos y contribuir a la evangelizaci\u00f3n del mundo, siempre guiados por la doctrina social de la Iglesia. Trabajamos para acercar la verdad y los valores cristianos a cada rinc\u00f3n del planeta. \u00a1Ay\u00fadanos a transformar el mundo con Exaudi! En Exaudi creemos que la evangelizaci\u00f3n y la informaci\u00f3n de calidad pueden cambiar vidas. Para continuar con nuestra misi\u00f3n y expandir nuestro alcance, necesitamos tu ayuda. Adem\u00e1s, buscamos personas comprometidas que deseen unirse a nuestro equipo. Con tu apoyo, lograremos llegar a m\u00e1s personas, difundir el mensaje de Cristo y reforzar la unidad de los cristianos. \u00bfTe unes a nuestra misi\u00f3n? Para m\u00e1s informaci\u00f3n sobre c\u00f3mo colaborar, visita Exaudi.org\/es o cont\u00e1ctanos directamente: info@exaudi.org Exaudi: Informa, forma y transforma.","sameAs":["https:\/\/www.facebook.com\/ExaudiNoticias\/","https:\/\/www.instagram.com\/exaudi_noticias\/","https:\/\/x.com\/Exaudi_noticias","https:\/\/www.youtube.com\/@exaudicatholicnews"],"url":"https:\/\/exaudi.org\/es\/author\/redaccionexaudi\/"}]}},"jetpack_featured_media_url":"https:\/\/exaudi.org\/wp-content\/uploads\/2023\/05\/IMG-20230506-WA0086.jpg","jetpack_shortlink":"https:\/\/wp.me\/pgKjF2-jIR","_links":{"self":[{"href":"https:\/\/exaudi.org\/es\/wp-json\/wp\/v2\/posts\/75817","targetHints":{"allow":["GET"]}}],"collection":[{"href":"https:\/\/exaudi.org\/es\/wp-json\/wp\/v2\/posts"}],"about":[{"href":"https:\/\/exaudi.org\/es\/wp-json\/wp\/v2\/types\/post"}],"author":[{"embeddable":true,"href":"https:\/\/exaudi.org\/es\/wp-json\/wp\/v2\/users\/15"}],"replies":[{"embeddable":true,"href":"https:\/\/exaudi.org\/es\/wp-json\/wp\/v2\/comments?post=75817"}],"version-history":[{"count":0,"href":"https:\/\/exaudi.org\/es\/wp-json\/wp\/v2\/posts\/75817\/revisions"}],"wp:featuredmedia":[{"embeddable":true,"href":"https:\/\/exaudi.org\/es\/wp-json\/wp\/v2\/media\/75818"}],"wp:attachment":[{"href":"https:\/\/exaudi.org\/es\/wp-json\/wp\/v2\/media?parent=75817"}],"wp:term":[{"taxonomy":"category","embeddable":true,"href":"https:\/\/exaudi.org\/es\/wp-json\/wp\/v2\/categories?post=75817"},{"taxonomy":"post_tag","embeddable":true,"href":"https:\/\/exaudi.org\/es\/wp-json\/wp\/v2\/tags?post=75817"}],"curies":[{"name":"wp","href":"https:\/\/api.w.org\/{rel}","templated":true}]}}