{"id":75632,"date":"2023-05-08T09:33:45","date_gmt":"2023-05-08T07:33:45","guid":{"rendered":"https:\/\/exaudi.org\/?p=75632"},"modified":"2023-05-07T12:39:28","modified_gmt":"2023-05-07T10:39:28","slug":"universidades-catolicas","status":"publish","type":"post","link":"https:\/\/exaudi.org\/es\/universidades-catolicas\/","title":{"rendered":"Universidades Cat\u00f3licas"},"content":{"rendered":"<audio class=\"wp-audio-shortcode\" id=\"audio-75632-1\" preload=\"none\" style=\"width: 100%;\" controls=\"controls\"><source type=\"audio\/mpeg\" src=\"https:\/\/exaudi.org\/wp-content\/uploads\/2023\/05\/Universidades-Catolicas-Vuestra-tarea-es.mp3?_=1\" \/><a href=\"https:\/\/exaudi.org\/wp-content\/uploads\/2023\/05\/Universidades-Catolicas-Vuestra-tarea-es.mp3\">https:\/\/exaudi.org\/wp-content\/uploads\/2023\/05\/Universidades-Catolicas-Vuestra-tarea-es.mp3<\/a><\/audio>\n<p>\u201cSi la palabra \u201cuniversidad\u201d deriva de \u201cuniverso\u201d, es decir, el \u201cconjunto de todas las cosas\u201d, el adjetivo \u201ccat\u00f3lica\u201d la refuerza y la inspira. \u201cCat\u00f3lico\u201d, en efecto, significa \u201cseg\u00fan el todo\u201d, \u201ca partir del todo\u201d. Y aqu\u00ed ya hay como una referencia a la armon\u00eda. Vuestra tarea es contribuir a formar mentes cat\u00f3licas\u2026 ser \u201ccat\u00f3lico\u201d significa tener una visi\u00f3n panor\u00e1mica sobre el misterio de Cristo y del mundo, sobre el misterio del hombre y de la mujer. Necesitamos mentes, corazones, manos a la altura del panorama de la realidad, no de la estrechez de las ideolog\u00edas.\u201d El Papa pronunci\u00f3 este discurso recientemente a la <em>Organizaci\u00f3n de Universidades Cat\u00f3licas de Am\u00e9rica Latina y el Caribe<\/em>. El presente texto busca comentar las palabras del Papa, para sacar sus consecuencias y hacer examen sobre el papel real que est\u00e1n desarrollando las universidades cat\u00f3licas en nuestro entorno.<\/p>\n<p>\u201cVuestra tarea es contribuir a formar mentes cat\u00f3licas\u201d. He ah\u00ed el primer punto claramente indicado por el Papa. \u00bfQu\u00e9 significa una mente cat\u00f3lica? Quiz\u00e1 nos ayuden las palabras de san Josemar\u00eda, escritas en un libro de aforismos espirituales llamado <em>Surco<\/em> (n. 428):<\/p>\n<p>\u201cPara ti, que deseas formarte una mentalidad cat\u00f3lica, universal, transcribo algunas caracter\u00edsticas: &#8212; amplitud de horizontes, y una profundizaci\u00f3n en\u00e9rgica, en lo permanentemente vivo de la ortodoxia cat\u00f3lica; &#8212; af\u00e1n recto y sano \u2013nunca frivolidad- de renovar las doctrinas t\u00edpicas del pensamiento tradicional, en la filosof\u00eda y en la interpretaci\u00f3n de la historia\u2026; &#8212; una cuidadosa atenci\u00f3n a las orientaciones de la ciencia y del pensamiento contempor\u00e1neos; &#8212; y una actitud positiva y abierta, ante la transformaci\u00f3n actual de las estructuras sociales y de las formas de vida\u201d<\/p>\n<p>Es decir, lo primero, para formar una mentalidad cat\u00f3lica, es profundizar en nuestra propia identidad. Es conocerla. Parece obvio, pero me recuerda un comentario de un te\u00f3logo, poco tiempo despu\u00e9s de la publicaci\u00f3n del <em>Catecismo de la Iglesia Cat\u00f3lica<\/em>: \u201cser\u00eda deseable que por lo menos los obispos lo conocieran\u201d -ahora, con el <em>Camino Sinodal Alem\u00e1n<\/em>, muchos nos cuestionamos si lo conocen, si lo han le\u00eddo al menos-, pero esa es una aspiraci\u00f3n minimalista. Lo ideal ser\u00eda que lo conocieran y fuera punto de referencia constante, los alumnos y profesores de las Universidades Cat\u00f3licas. Como bien se\u00f1ala el punto de <em>Surco<\/em>, ese ser\u00eda el primer paso, pero no es \u00fanico ni excluyente. Incluye todo lo dem\u00e1s, una mentalidad universal, abierta a la ciencia y a la cultura contempor\u00e1neas.<\/p>\n<p>\u201cTener una visi\u00f3n panor\u00e1mica sobre el misterio de Cristo y del mundo, sobre el misterio del hombre y de la mujer\u201d. Es decir, poseer una cultura cat\u00f3lica. Una visi\u00f3n unitaria y arm\u00f3nica de la realidad hilvanada por el esp\u00edritu cat\u00f3lico, que integra, armoniza y ordena nuestros conocimientos. Eso es la cultura, un pensamiento arm\u00f3nico, y no la mera acumulaci\u00f3n de datos. \u00bfPero no es esta una visi\u00f3n tendenciosa? No, es una perspectiva, desde la que estamos parados, que refleja nuestra identidad y puede proporcionar una valiosa aportaci\u00f3n al mundo en su devenir hist\u00f3rico; una aportaci\u00f3n que es hoy, m\u00e1s que nunca, necesaria. Eso supone que las Universidades Cat\u00f3licas no claudiquen a la tentaci\u00f3n de camuflar su identidad o comprar acr\u00edticamente la oferta relativista hoy imperante.<\/p>\n<p>Por \u00faltimo, el Papa se\u00f1ala: \u201cNecesitamos mentes, corazones, manos a la altura del panorama de la realidad, no de la estrechez de las ideolog\u00edas\u201d. Es decir, nos invita a abrirnos a toda la realidad, no a resguardarnos en la estrechura de una ideolog\u00eda, que nos proporciona una seguridad -la de la moda- que es ef\u00edmera por ser falsa; tiene poca durada en la historia. La Universidades Cat\u00f3licas han durado siglos, las ideolog\u00edas van y vienen: en el siglo XX tuvimos el nazismo y el comunismo, hoy la <em>Ideolog\u00eda de G\u00e9nero<\/em>. Pero todas, en su apariencia de verdad, esconden una premisa falsa, inconfesada, que las hace caer con el tiempo, pues como dice el refr\u00e1n: \u201cla mentira tiene patas cortas\u201d.\u00a0 Por eso, una mentalidad cr\u00edtica, un pensamiento universitario, debe estar acostumbrado a no quedarse en la superficie de las tormentas, en el sucederse de las modas, sino que debe estar adiestrado para a ir m\u00e1s a fondo y examinar las doctrinas, con la piedra de toque del catolicismo. Con la \u201cnariz cat\u00f3lica\u201d, en expresi\u00f3n de san Josemar\u00eda, para discernir -palabra muy querida por el Papa Francisco- qu\u00e9 es lo bueno y qued\u00e1rselo, mientras por otra parte se desecha lo nocivo, lo superficial, lo enga\u00f1oso. Es el gran servicio a la verdad, a la humanidad y al hombre que deber\u00eda ofrecer la Universidad Cat\u00f3lica.<\/p>\n","protected":false},"excerpt":{"rendered":"<p>\u201cVuestra tarea es contribuir a formar mentes cat\u00f3licas\u201d<\/p>\n","protected":false},"author":116,"featured_media":75636,"comment_status":"closed","ping_status":"closed","sticky":false,"template":"","format":"standard","meta":{"_acf_changed":false,"_crdt_document":"","inline_featured_image":false,"footnotes":""},"categories":[130],"tags":[7168,4953,7097,9091],"class_list":["post-75632","post","type-post","status-publish","format-standard","has-post-thumbnail","hentry","category-voces","tag-catolico","tag-trending-es","tag-universidad","tag-universidades-catolicas"],"acf":[],"yoast_head":"<!-- This site is optimized with the Yoast SEO plugin v27.5 - https:\/\/yoast.com\/product\/yoast-seo-wordpress\/ -->\n<title>Universidades Cat\u00f3licas &#8211; Exaudi<\/title>\n<meta name=\"robots\" content=\"index, follow, max-snippet:-1, max-image-preview:large, max-video-preview:-1\" \/>\n<link rel=\"canonical\" href=\"https:\/\/exaudi.org\/es\/universidades-catolicas\/\" \/>\n<meta property=\"og:locale\" content=\"es_ES\" \/>\n<meta property=\"og:type\" content=\"article\" \/>\n<meta property=\"og:title\" content=\"Universidades Cat\u00f3licas &#8211; Exaudi\" \/>\n<meta property=\"og:description\" content=\"\u201cVuestra tarea es contribuir a formar mentes cat\u00f3licas\u201d\" \/>\n<meta property=\"og:url\" content=\"https:\/\/exaudi.org\/es\/universidades-catolicas\/\" \/>\n<meta property=\"og:site_name\" content=\"Exaudi\" \/>\n<meta property=\"article:publisher\" content=\"https:\/\/www.facebook.com\/ExaudiNews\" \/>\n<meta property=\"article:published_time\" content=\"2023-05-08T07:33:45+00:00\" \/>\n<meta property=\"og:image\" content=\"https:\/\/exaudi.org\/wp-content\/uploads\/2023\/05\/pexels-pixabay-289737-scaled.jpg\" \/>\n\t<meta property=\"og:image:width\" content=\"2560\" \/>\n\t<meta property=\"og:image:height\" content=\"1708\" \/>\n\t<meta property=\"og:image:type\" content=\"image\/jpeg\" \/>\n<meta name=\"author\" content=\"Salvador Fabre\" \/>\n<meta name=\"twitter:card\" content=\"summary_large_image\" \/>\n<meta name=\"twitter:creator\" content=\"@Exaudi_News\" \/>\n<meta name=\"twitter:site\" content=\"@Exaudi_News\" \/>\n<meta name=\"twitter:label1\" content=\"Escrito por\" \/>\n\t<meta name=\"twitter:data1\" content=\"Salvador Fabre\" \/>\n\t<meta name=\"twitter:label2\" content=\"Tiempo de lectura\" \/>\n\t<meta name=\"twitter:data2\" content=\"4 minutos\" \/>\n<script type=\"application\/ld+json\" class=\"yoast-schema-graph\">{\"@context\":\"https:\\\/\\\/schema.org\",\"@graph\":[{\"@type\":\"Article\",\"@id\":\"https:\\\/\\\/exaudi.org\\\/es\\\/universidades-catolicas\\\/#article\",\"isPartOf\":{\"@id\":\"https:\\\/\\\/exaudi.org\\\/es\\\/universidades-catolicas\\\/\"},\"author\":{\"name\":\"Salvador Fabre\",\"@id\":\"https:\\\/\\\/exaudi.org\\\/#\\\/schema\\\/person\\\/29b1dbd9f3952eecacfc704ca1a473a8\"},\"headline\":\"Universidades Cat\u00f3licas\",\"datePublished\":\"2023-05-08T07:33:45+00:00\",\"mainEntityOfPage\":{\"@id\":\"https:\\\/\\\/exaudi.org\\\/es\\\/universidades-catolicas\\\/\"},\"wordCount\":837,\"image\":{\"@id\":\"https:\\\/\\\/exaudi.org\\\/es\\\/universidades-catolicas\\\/#primaryimage\"},\"thumbnailUrl\":\"https:\\\/\\\/exaudi.org\\\/wp-content\\\/uploads\\\/2023\\\/05\\\/pexels-pixabay-289737-scaled.jpg\",\"keywords\":[\"Cat\u00f3lico\",\"Trending\",\"Universidad\",\"Universidades Cat\u00f3licas\"],\"articleSection\":[\"Voces\"],\"inLanguage\":\"es\"},{\"@type\":\"WebPage\",\"@id\":\"https:\\\/\\\/exaudi.org\\\/es\\\/universidades-catolicas\\\/\",\"url\":\"https:\\\/\\\/exaudi.org\\\/es\\\/universidades-catolicas\\\/\",\"name\":\"Universidades Cat\u00f3licas &#8211; Exaudi\",\"isPartOf\":{\"@id\":\"https:\\\/\\\/exaudi.org\\\/#website\"},\"primaryImageOfPage\":{\"@id\":\"https:\\\/\\\/exaudi.org\\\/es\\\/universidades-catolicas\\\/#primaryimage\"},\"image\":{\"@id\":\"https:\\\/\\\/exaudi.org\\\/es\\\/universidades-catolicas\\\/#primaryimage\"},\"thumbnailUrl\":\"https:\\\/\\\/exaudi.org\\\/wp-content\\\/uploads\\\/2023\\\/05\\\/pexels-pixabay-289737-scaled.jpg\",\"datePublished\":\"2023-05-08T07:33:45+00:00\",\"author\":{\"@id\":\"https:\\\/\\\/exaudi.org\\\/#\\\/schema\\\/person\\\/29b1dbd9f3952eecacfc704ca1a473a8\"},\"breadcrumb\":{\"@id\":\"https:\\\/\\\/exaudi.org\\\/es\\\/universidades-catolicas\\\/#breadcrumb\"},\"inLanguage\":\"es\",\"potentialAction\":[{\"@type\":\"ReadAction\",\"target\":[\"https:\\\/\\\/exaudi.org\\\/es\\\/universidades-catolicas\\\/\"]}]},{\"@type\":\"ImageObject\",\"inLanguage\":\"es\",\"@id\":\"https:\\\/\\\/exaudi.org\\\/es\\\/universidades-catolicas\\\/#primaryimage\",\"url\":\"https:\\\/\\\/exaudi.org\\\/wp-content\\\/uploads\\\/2023\\\/05\\\/pexels-pixabay-289737-scaled.jpg\",\"contentUrl\":\"https:\\\/\\\/exaudi.org\\\/wp-content\\\/uploads\\\/2023\\\/05\\\/pexels-pixabay-289737-scaled.jpg\",\"width\":2560,\"height\":1708,\"caption\":\"(C) Pexels\"},{\"@type\":\"BreadcrumbList\",\"@id\":\"https:\\\/\\\/exaudi.org\\\/es\\\/universidades-catolicas\\\/#breadcrumb\",\"itemListElement\":[{\"@type\":\"ListItem\",\"position\":1,\"name\":\"Portada\",\"item\":\"https:\\\/\\\/exaudi.org\\\/es\\\/\"},{\"@type\":\"ListItem\",\"position\":2,\"name\":\"Universidades Cat\u00f3licas\"}]},{\"@type\":\"WebSite\",\"@id\":\"https:\\\/\\\/exaudi.org\\\/#website\",\"url\":\"https:\\\/\\\/exaudi.org\\\/\",\"name\":\"Exaudi\",\"description\":\"News\",\"potentialAction\":[{\"@type\":\"SearchAction\",\"target\":{\"@type\":\"EntryPoint\",\"urlTemplate\":\"https:\\\/\\\/exaudi.org\\\/?s={search_term_string}\"},\"query-input\":{\"@type\":\"PropertyValueSpecification\",\"valueRequired\":true,\"valueName\":\"search_term_string\"}}],\"inLanguage\":\"es\"},{\"@type\":\"Person\",\"@id\":\"https:\\\/\\\/exaudi.org\\\/#\\\/schema\\\/person\\\/29b1dbd9f3952eecacfc704ca1a473a8\",\"name\":\"Salvador Fabre\",\"image\":{\"@type\":\"ImageObject\",\"inLanguage\":\"es\",\"@id\":\"https:\\\/\\\/secure.gravatar.com\\\/avatar\\\/8d1a5a78ba86b9a8255e1c5b454943b9168b1dc31a275487309b73b631a7ac5d?s=96&d=mm&r=g\",\"url\":\"https:\\\/\\\/secure.gravatar.com\\\/avatar\\\/8d1a5a78ba86b9a8255e1c5b454943b9168b1dc31a275487309b73b631a7ac5d?s=96&d=mm&r=g\",\"contentUrl\":\"https:\\\/\\\/secure.gravatar.com\\\/avatar\\\/8d1a5a78ba86b9a8255e1c5b454943b9168b1dc31a275487309b73b631a7ac5d?s=96&d=mm&r=g\",\"caption\":\"Salvador Fabre\"},\"description\":\"Doctor en filosof\u00eda - Pensar en Cristiano\",\"url\":\"https:\\\/\\\/exaudi.org\\\/es\\\/author\\\/dr-salvador-fabre\\\/\"}]}<\/script>\n<!-- \/ Yoast SEO plugin. -->","yoast_head_json":{"title":"Universidades Cat\u00f3licas &#8211; Exaudi","robots":{"index":"index","follow":"follow","max-snippet":"max-snippet:-1","max-image-preview":"max-image-preview:large","max-video-preview":"max-video-preview:-1"},"canonical":"https:\/\/exaudi.org\/es\/universidades-catolicas\/","og_locale":"es_ES","og_type":"article","og_title":"Universidades Cat\u00f3licas &#8211; Exaudi","og_description":"\u201cVuestra tarea es contribuir a formar mentes cat\u00f3licas\u201d","og_url":"https:\/\/exaudi.org\/es\/universidades-catolicas\/","og_site_name":"Exaudi","article_publisher":"https:\/\/www.facebook.com\/ExaudiNews","article_published_time":"2023-05-08T07:33:45+00:00","og_image":[{"width":2560,"height":1708,"url":"https:\/\/exaudi.org\/wp-content\/uploads\/2023\/05\/pexels-pixabay-289737-scaled.jpg","type":"image\/jpeg"}],"author":"Salvador Fabre","twitter_card":"summary_large_image","twitter_creator":"@Exaudi_News","twitter_site":"@Exaudi_News","twitter_misc":{"Escrito por":"Salvador Fabre","Tiempo de lectura":"4 minutos"},"schema":{"@context":"https:\/\/schema.org","@graph":[{"@type":"Article","@id":"https:\/\/exaudi.org\/es\/universidades-catolicas\/#article","isPartOf":{"@id":"https:\/\/exaudi.org\/es\/universidades-catolicas\/"},"author":{"name":"Salvador Fabre","@id":"https:\/\/exaudi.org\/#\/schema\/person\/29b1dbd9f3952eecacfc704ca1a473a8"},"headline":"Universidades Cat\u00f3licas","datePublished":"2023-05-08T07:33:45+00:00","mainEntityOfPage":{"@id":"https:\/\/exaudi.org\/es\/universidades-catolicas\/"},"wordCount":837,"image":{"@id":"https:\/\/exaudi.org\/es\/universidades-catolicas\/#primaryimage"},"thumbnailUrl":"https:\/\/exaudi.org\/wp-content\/uploads\/2023\/05\/pexels-pixabay-289737-scaled.jpg","keywords":["Cat\u00f3lico","Trending","Universidad","Universidades Cat\u00f3licas"],"articleSection":["Voces"],"inLanguage":"es"},{"@type":"WebPage","@id":"https:\/\/exaudi.org\/es\/universidades-catolicas\/","url":"https:\/\/exaudi.org\/es\/universidades-catolicas\/","name":"Universidades Cat\u00f3licas &#8211; Exaudi","isPartOf":{"@id":"https:\/\/exaudi.org\/#website"},"primaryImageOfPage":{"@id":"https:\/\/exaudi.org\/es\/universidades-catolicas\/#primaryimage"},"image":{"@id":"https:\/\/exaudi.org\/es\/universidades-catolicas\/#primaryimage"},"thumbnailUrl":"https:\/\/exaudi.org\/wp-content\/uploads\/2023\/05\/pexels-pixabay-289737-scaled.jpg","datePublished":"2023-05-08T07:33:45+00:00","author":{"@id":"https:\/\/exaudi.org\/#\/schema\/person\/29b1dbd9f3952eecacfc704ca1a473a8"},"breadcrumb":{"@id":"https:\/\/exaudi.org\/es\/universidades-catolicas\/#breadcrumb"},"inLanguage":"es","potentialAction":[{"@type":"ReadAction","target":["https:\/\/exaudi.org\/es\/universidades-catolicas\/"]}]},{"@type":"ImageObject","inLanguage":"es","@id":"https:\/\/exaudi.org\/es\/universidades-catolicas\/#primaryimage","url":"https:\/\/exaudi.org\/wp-content\/uploads\/2023\/05\/pexels-pixabay-289737-scaled.jpg","contentUrl":"https:\/\/exaudi.org\/wp-content\/uploads\/2023\/05\/pexels-pixabay-289737-scaled.jpg","width":2560,"height":1708,"caption":"(C) Pexels"},{"@type":"BreadcrumbList","@id":"https:\/\/exaudi.org\/es\/universidades-catolicas\/#breadcrumb","itemListElement":[{"@type":"ListItem","position":1,"name":"Portada","item":"https:\/\/exaudi.org\/es\/"},{"@type":"ListItem","position":2,"name":"Universidades Cat\u00f3licas"}]},{"@type":"WebSite","@id":"https:\/\/exaudi.org\/#website","url":"https:\/\/exaudi.org\/","name":"Exaudi","description":"News","potentialAction":[{"@type":"SearchAction","target":{"@type":"EntryPoint","urlTemplate":"https:\/\/exaudi.org\/?s={search_term_string}"},"query-input":{"@type":"PropertyValueSpecification","valueRequired":true,"valueName":"search_term_string"}}],"inLanguage":"es"},{"@type":"Person","@id":"https:\/\/exaudi.org\/#\/schema\/person\/29b1dbd9f3952eecacfc704ca1a473a8","name":"Salvador Fabre","image":{"@type":"ImageObject","inLanguage":"es","@id":"https:\/\/secure.gravatar.com\/avatar\/8d1a5a78ba86b9a8255e1c5b454943b9168b1dc31a275487309b73b631a7ac5d?s=96&d=mm&r=g","url":"https:\/\/secure.gravatar.com\/avatar\/8d1a5a78ba86b9a8255e1c5b454943b9168b1dc31a275487309b73b631a7ac5d?s=96&d=mm&r=g","contentUrl":"https:\/\/secure.gravatar.com\/avatar\/8d1a5a78ba86b9a8255e1c5b454943b9168b1dc31a275487309b73b631a7ac5d?s=96&d=mm&r=g","caption":"Salvador Fabre"},"description":"Doctor en filosof\u00eda - Pensar en Cristiano","url":"https:\/\/exaudi.org\/es\/author\/dr-salvador-fabre\/"}]}},"jetpack_featured_media_url":"https:\/\/exaudi.org\/wp-content\/uploads\/2023\/05\/pexels-pixabay-289737-scaled.jpg","jetpack_shortlink":"https:\/\/wp.me\/pgKjF2-jFS","_links":{"self":[{"href":"https:\/\/exaudi.org\/es\/wp-json\/wp\/v2\/posts\/75632","targetHints":{"allow":["GET"]}}],"collection":[{"href":"https:\/\/exaudi.org\/es\/wp-json\/wp\/v2\/posts"}],"about":[{"href":"https:\/\/exaudi.org\/es\/wp-json\/wp\/v2\/types\/post"}],"author":[{"embeddable":true,"href":"https:\/\/exaudi.org\/es\/wp-json\/wp\/v2\/users\/116"}],"replies":[{"embeddable":true,"href":"https:\/\/exaudi.org\/es\/wp-json\/wp\/v2\/comments?post=75632"}],"version-history":[{"count":0,"href":"https:\/\/exaudi.org\/es\/wp-json\/wp\/v2\/posts\/75632\/revisions"}],"wp:featuredmedia":[{"embeddable":true,"href":"https:\/\/exaudi.org\/es\/wp-json\/wp\/v2\/media\/75636"}],"wp:attachment":[{"href":"https:\/\/exaudi.org\/es\/wp-json\/wp\/v2\/media?parent=75632"}],"wp:term":[{"taxonomy":"category","embeddable":true,"href":"https:\/\/exaudi.org\/es\/wp-json\/wp\/v2\/categories?post=75632"},{"taxonomy":"post_tag","embeddable":true,"href":"https:\/\/exaudi.org\/es\/wp-json\/wp\/v2\/tags?post=75632"}],"curies":[{"name":"wp","href":"https:\/\/api.w.org\/{rel}","templated":true}]}}