{"id":75489,"date":"2023-05-04T13:10:07","date_gmt":"2023-05-04T11:10:07","guid":{"rendered":"https:\/\/exaudi.org\/?p=75489"},"modified":"2023-05-05T08:57:32","modified_gmt":"2023-05-05T06:57:32","slug":"videomensaje-del-papa-francisco-a-los-jovenes","status":"publish","type":"post","link":"https:\/\/exaudi.org\/es\/videomensaje-del-papa-francisco-a-los-jovenes\/","title":{"rendered":"Papa Francisco: \u00abAcudid a la JMJ llenos de esperanza\u00bb"},"content":{"rendered":"<audio class=\"wp-audio-shortcode\" id=\"audio-75489-1\" preload=\"none\" style=\"width: 100%;\" controls=\"controls\"><source type=\"audio\/mpeg\" src=\"https:\/\/exaudi.org\/wp-content\/uploads\/2023\/05\/Videomensaje-del-Papa-Francisco-a-los-jovenes-a-tres-meses-de-la-JMJ-Lisboa-2023.mp3?_=1\" \/><a href=\"https:\/\/exaudi.org\/wp-content\/uploads\/2023\/05\/Videomensaje-del-Papa-Francisco-a-los-jovenes-a-tres-meses-de-la-JMJ-Lisboa-2023.mp3\">https:\/\/exaudi.org\/wp-content\/uploads\/2023\/05\/Videomensaje-del-Papa-Francisco-a-los-jovenes-a-tres-meses-de-la-JMJ-Lisboa-2023.mp3<\/a><\/audio>\n<p>El Papa Francisco manda un mensaje a los j\u00f3venes a tres meses de la JMJ de Lisboa 2023<\/p>\n<p><strong>Texto del Videomensaje en espa\u00f1ol<\/strong><\/p>\n<p><em>\u00abQueridos j\u00f3venes, ustedes se est\u00e1n preparando para la Jornada Mundial de la Juventud.<\/em><\/p>\n<p><em>Faltan 3 meses. Imagino las cosas que tendr\u00e1n em la cabeza; que c\u00f3mo le van a hacer, c\u00f3mo van a pedir la licencia del trabajo, del estudio, c\u00f3mo van a hacer para lograr lo que<\/em><br \/>\n<em>les falta para el pasaje, tantas preocupaciones, pero siempre mirando ese horizonte, esa ilusi\u00f3n. Es una ilusi\u00f3n. Participar de la jornada es una cosa linda y uno cuando lo siente<\/em><br \/>\n<em>tiene la ilusi\u00f3n de participar all\u00ed.<\/em><\/p>\n<p><em>Prep\u00e1rense con esa ilusi\u00f3n, pongan esperanza, pongan esperanza, porque se crece mucho en una Jornada as\u00ed. Nosotros no nos damos cuenta, pero quedan las cosas dentro, quedan<\/em><br \/>\n<em>los valores que hemos encontrado dentro, las relaciones que hemos tenido con otros j\u00f3venes de otros pa\u00edses, los encuentros, todo queda dentro y sobre todo ver la fuerza<\/em><br \/>\n<em>juvenil, la Iglesia tiene fuerza de joven.<\/em><\/p>\n<p><em>As\u00ed que adelante. Primero un secreto, para prepararse bien, conviene mirar a las ra\u00edces, traten de encontrarse con los ancianos. Muchos de ustedes tienen abuelos, visiten a los<\/em><br \/>\n<em>abuelos y preg\u00fantenles, \u201c\u00bfEn tu tiempo hab\u00eda Jornada de la Juventud?\u201d. \u201cNo\u201d, seguro.<\/em><\/p>\n<p><em>\u201c\u00bfY a vos qu\u00e9 te parece que tengo que hacer yo?\u201d. Hablen un poco con los abuelos. Por eso les van a dar sabidur\u00eda, pero ustedes siempre adelante.<\/em><\/p>\n<p><em>Los espero en Lisboa.<\/em><\/p>\n<p><em>Ciao!\u00bb<\/em><\/p>\n<p><iframe loading=\"lazy\" title=\"Videomensaje del Papa Francisco a los j\u00f3venes a tres meses de la JMJ Lisboa 2023\" width=\"500\" height=\"281\" src=\"https:\/\/www.youtube.com\/embed\/s_6K9c0AOrA?feature=oembed\" frameborder=\"0\" allow=\"accelerometer; autoplay; clipboard-write; encrypted-media; gyroscope; picture-in-picture; web-share\" referrerpolicy=\"strict-origin-when-cross-origin\" allowfullscreen><\/iframe><\/p>\n","protected":false},"excerpt":{"rendered":"<p>Videomensaje a los j\u00f3venes de la JMJ Lisboa 2023<\/p>\n","protected":false},"author":15,"featured_media":69331,"comment_status":"closed","ping_status":"closed","sticky":false,"template":"","format":"standard","meta":{"_acf_changed":false,"_crdt_document":"","inline_featured_image":false,"footnotes":""},"categories":[154,68],"tags":[7351,7352,3527,158,4953],"class_list":["post-75489","post","type-post","status-publish","format-standard","has-post-thumbnail","hentry","category-jmj","category-leon-xiv","tag-jmj","tag-jmj-lisboa-2023","tag-lisboa-es","tag-papa-francisco","tag-trending-es"],"acf":[],"yoast_head":"<!-- This site is optimized with the Yoast SEO plugin v27.4 - https:\/\/yoast.com\/product\/yoast-seo-wordpress\/ -->\n<title>Papa Francisco: &quot;Acudid a la JMJ llenos de esperanza&quot; &#8211; Exaudi<\/title>\n<meta name=\"robots\" content=\"index, follow, max-snippet:-1, max-image-preview:large, max-video-preview:-1\" \/>\n<link rel=\"canonical\" href=\"https:\/\/exaudi.org\/es\/videomensaje-del-papa-francisco-a-los-jovenes\/\" \/>\n<meta property=\"og:locale\" content=\"es_ES\" \/>\n<meta property=\"og:type\" content=\"article\" \/>\n<meta property=\"og:title\" content=\"Papa Francisco: &quot;Acudid a la JMJ llenos de esperanza&quot; &#8211; Exaudi\" \/>\n<meta property=\"og:description\" content=\"Videomensaje a los j\u00f3venes de la JMJ Lisboa 2023\" \/>\n<meta property=\"og:url\" content=\"https:\/\/exaudi.org\/es\/videomensaje-del-papa-francisco-a-los-jovenes\/\" \/>\n<meta property=\"og:site_name\" content=\"Exaudi\" \/>\n<meta property=\"article:publisher\" content=\"https:\/\/www.facebook.com\/ExaudiNews\" \/>\n<meta property=\"article:author\" content=\"https:\/\/www.facebook.com\/ExaudiNoticias\/\" \/>\n<meta property=\"article:published_time\" content=\"2023-05-04T11:10:07+00:00\" \/>\n<meta property=\"article:modified_time\" content=\"2023-05-05T06:57:32+00:00\" \/>\n<meta property=\"og:image\" content=\"https:\/\/exaudi.org\/wp-content\/uploads\/2023\/01\/Papa-Francisco-2.jpeg\" \/>\n\t<meta property=\"og:image:width\" content=\"805\" \/>\n\t<meta property=\"og:image:height\" content=\"453\" \/>\n\t<meta property=\"og:image:type\" content=\"image\/jpeg\" \/>\n<meta name=\"author\" content=\"Exaudi Redacci\u00f3n\" \/>\n<meta name=\"twitter:card\" content=\"summary_large_image\" \/>\n<meta name=\"twitter:creator\" content=\"@Exaudi_noticias\" \/>\n<meta name=\"twitter:site\" content=\"@Exaudi_News\" \/>\n<meta name=\"twitter:label1\" content=\"Escrito por\" \/>\n\t<meta name=\"twitter:data1\" content=\"Exaudi Redacci\u00f3n\" \/>\n\t<meta name=\"twitter:label2\" content=\"Tiempo de lectura\" \/>\n\t<meta name=\"twitter:data2\" content=\"2 minutos\" \/>\n<script type=\"application\/ld+json\" class=\"yoast-schema-graph\">{\"@context\":\"https:\\\/\\\/schema.org\",\"@graph\":[{\"@type\":\"Article\",\"@id\":\"https:\\\/\\\/exaudi.org\\\/es\\\/videomensaje-del-papa-francisco-a-los-jovenes\\\/#article\",\"isPartOf\":{\"@id\":\"https:\\\/\\\/exaudi.org\\\/es\\\/videomensaje-del-papa-francisco-a-los-jovenes\\\/\"},\"author\":{\"name\":\"Exaudi Redacci\u00f3n\",\"@id\":\"https:\\\/\\\/exaudi.org\\\/#\\\/schema\\\/person\\\/f5fc8f063065e38742da7afe15f25df7\"},\"headline\":\"Papa Francisco: \u00abAcudid a la JMJ llenos de esperanza\u00bb\",\"datePublished\":\"2023-05-04T11:10:07+00:00\",\"dateModified\":\"2023-05-05T06:57:32+00:00\",\"mainEntityOfPage\":{\"@id\":\"https:\\\/\\\/exaudi.org\\\/es\\\/videomensaje-del-papa-francisco-a-los-jovenes\\\/\"},\"wordCount\":286,\"image\":{\"@id\":\"https:\\\/\\\/exaudi.org\\\/es\\\/videomensaje-del-papa-francisco-a-los-jovenes\\\/#primaryimage\"},\"thumbnailUrl\":\"https:\\\/\\\/exaudi.org\\\/wp-content\\\/uploads\\\/2023\\\/01\\\/Papa-Francisco-2.jpeg\",\"keywords\":[\"JMJ\",\"JMJ Lisboa 2023\",\"lisboa\",\"papa francisco\",\"Trending\"],\"articleSection\":[\"JMJ\",\"Le\u00f3n XIV\"],\"inLanguage\":\"es\"},{\"@type\":\"WebPage\",\"@id\":\"https:\\\/\\\/exaudi.org\\\/es\\\/videomensaje-del-papa-francisco-a-los-jovenes\\\/\",\"url\":\"https:\\\/\\\/exaudi.org\\\/es\\\/videomensaje-del-papa-francisco-a-los-jovenes\\\/\",\"name\":\"Papa Francisco: \\\"Acudid a la JMJ llenos de esperanza\\\" &#8211; Exaudi\",\"isPartOf\":{\"@id\":\"https:\\\/\\\/exaudi.org\\\/#website\"},\"primaryImageOfPage\":{\"@id\":\"https:\\\/\\\/exaudi.org\\\/es\\\/videomensaje-del-papa-francisco-a-los-jovenes\\\/#primaryimage\"},\"image\":{\"@id\":\"https:\\\/\\\/exaudi.org\\\/es\\\/videomensaje-del-papa-francisco-a-los-jovenes\\\/#primaryimage\"},\"thumbnailUrl\":\"https:\\\/\\\/exaudi.org\\\/wp-content\\\/uploads\\\/2023\\\/01\\\/Papa-Francisco-2.jpeg\",\"datePublished\":\"2023-05-04T11:10:07+00:00\",\"dateModified\":\"2023-05-05T06:57:32+00:00\",\"author\":{\"@id\":\"https:\\\/\\\/exaudi.org\\\/#\\\/schema\\\/person\\\/f5fc8f063065e38742da7afe15f25df7\"},\"breadcrumb\":{\"@id\":\"https:\\\/\\\/exaudi.org\\\/es\\\/videomensaje-del-papa-francisco-a-los-jovenes\\\/#breadcrumb\"},\"inLanguage\":\"es\",\"potentialAction\":[{\"@type\":\"ReadAction\",\"target\":[\"https:\\\/\\\/exaudi.org\\\/es\\\/videomensaje-del-papa-francisco-a-los-jovenes\\\/\"]}]},{\"@type\":\"ImageObject\",\"inLanguage\":\"es\",\"@id\":\"https:\\\/\\\/exaudi.org\\\/es\\\/videomensaje-del-papa-francisco-a-los-jovenes\\\/#primaryimage\",\"url\":\"https:\\\/\\\/exaudi.org\\\/wp-content\\\/uploads\\\/2023\\\/01\\\/Papa-Francisco-2.jpeg\",\"contentUrl\":\"https:\\\/\\\/exaudi.org\\\/wp-content\\\/uploads\\\/2023\\\/01\\\/Papa-Francisco-2.jpeg\",\"width\":805,\"height\":453,\"caption\":\"Papa Francisco \u00a9 Vatican Media\"},{\"@type\":\"BreadcrumbList\",\"@id\":\"https:\\\/\\\/exaudi.org\\\/es\\\/videomensaje-del-papa-francisco-a-los-jovenes\\\/#breadcrumb\",\"itemListElement\":[{\"@type\":\"ListItem\",\"position\":1,\"name\":\"Portada\",\"item\":\"https:\\\/\\\/exaudi.org\\\/es\\\/\"},{\"@type\":\"ListItem\",\"position\":2,\"name\":\"Papa Francisco: \u00abAcudid a la JMJ llenos de esperanza\u00bb\"}]},{\"@type\":\"WebSite\",\"@id\":\"https:\\\/\\\/exaudi.org\\\/#website\",\"url\":\"https:\\\/\\\/exaudi.org\\\/\",\"name\":\"Exaudi\",\"description\":\"News\",\"potentialAction\":[{\"@type\":\"SearchAction\",\"target\":{\"@type\":\"EntryPoint\",\"urlTemplate\":\"https:\\\/\\\/exaudi.org\\\/?s={search_term_string}\"},\"query-input\":{\"@type\":\"PropertyValueSpecification\",\"valueRequired\":true,\"valueName\":\"search_term_string\"}}],\"inLanguage\":\"es\"},{\"@type\":\"Person\",\"@id\":\"https:\\\/\\\/exaudi.org\\\/#\\\/schema\\\/person\\\/f5fc8f063065e38742da7afe15f25df7\",\"name\":\"Exaudi Redacci\u00f3n\",\"image\":{\"@type\":\"ImageObject\",\"inLanguage\":\"es\",\"@id\":\"https:\\\/\\\/secure.gravatar.com\\\/avatar\\\/fe0f6a059fb68d9b3e11bc5850dd4899b1c7492091a3cb6dd9b01b56ad828be2?s=96&d=mm&r=g\",\"url\":\"https:\\\/\\\/secure.gravatar.com\\\/avatar\\\/fe0f6a059fb68d9b3e11bc5850dd4899b1c7492091a3cb6dd9b01b56ad828be2?s=96&d=mm&r=g\",\"contentUrl\":\"https:\\\/\\\/secure.gravatar.com\\\/avatar\\\/fe0f6a059fb68d9b3e11bc5850dd4899b1c7492091a3cb6dd9b01b56ad828be2?s=96&d=mm&r=g\",\"caption\":\"Exaudi Redacci\u00f3n\"},\"description\":\"\u00bfQu\u00e9 es Exaudi News? Exaudi News es un medio de comunicaci\u00f3n cat\u00f3lico internacional que informa, forma y transforma, diariamente en espa\u00f1ol, ingl\u00e9s e italiano. A trav\u00e9s de noticias, art\u00edculos de an\u00e1lisis y transmisiones en directo de los eventos del Papa, Exaudi busca fortalecer la unidad de los cristianos y contribuir a la evangelizaci\u00f3n del mundo, siempre guiados por la doctrina social de la Iglesia. Trabajamos para acercar la verdad y los valores cristianos a cada rinc\u00f3n del planeta. \u00a1Ay\u00fadanos a transformar el mundo con Exaudi! En Exaudi creemos que la evangelizaci\u00f3n y la informaci\u00f3n de calidad pueden cambiar vidas. Para continuar con nuestra misi\u00f3n y expandir nuestro alcance, necesitamos tu ayuda. Adem\u00e1s, buscamos personas comprometidas que deseen unirse a nuestro equipo. Con tu apoyo, lograremos llegar a m\u00e1s personas, difundir el mensaje de Cristo y reforzar la unidad de los cristianos. \u00bfTe unes a nuestra misi\u00f3n? Para m\u00e1s informaci\u00f3n sobre c\u00f3mo colaborar, visita Exaudi.org\\\/es o cont\u00e1ctanos directamente: info@exaudi.org Exaudi: Informa, forma y transforma.\",\"sameAs\":[\"https:\\\/\\\/www.facebook.com\\\/ExaudiNoticias\\\/\",\"https:\\\/\\\/www.instagram.com\\\/exaudi_noticias\\\/\",\"https:\\\/\\\/x.com\\\/Exaudi_noticias\",\"https:\\\/\\\/www.youtube.com\\\/@exaudicatholicnews\"],\"url\":\"https:\\\/\\\/exaudi.org\\\/es\\\/author\\\/redaccionexaudi\\\/\"}]}<\/script>\n<!-- \/ Yoast SEO plugin. -->","yoast_head_json":{"title":"Papa Francisco: \"Acudid a la JMJ llenos de esperanza\" &#8211; Exaudi","robots":{"index":"index","follow":"follow","max-snippet":"max-snippet:-1","max-image-preview":"max-image-preview:large","max-video-preview":"max-video-preview:-1"},"canonical":"https:\/\/exaudi.org\/es\/videomensaje-del-papa-francisco-a-los-jovenes\/","og_locale":"es_ES","og_type":"article","og_title":"Papa Francisco: \"Acudid a la JMJ llenos de esperanza\" &#8211; Exaudi","og_description":"Videomensaje a los j\u00f3venes de la JMJ Lisboa 2023","og_url":"https:\/\/exaudi.org\/es\/videomensaje-del-papa-francisco-a-los-jovenes\/","og_site_name":"Exaudi","article_publisher":"https:\/\/www.facebook.com\/ExaudiNews","article_author":"https:\/\/www.facebook.com\/ExaudiNoticias\/","article_published_time":"2023-05-04T11:10:07+00:00","article_modified_time":"2023-05-05T06:57:32+00:00","og_image":[{"width":805,"height":453,"url":"https:\/\/exaudi.org\/wp-content\/uploads\/2023\/01\/Papa-Francisco-2.jpeg","type":"image\/jpeg"}],"author":"Exaudi Redacci\u00f3n","twitter_card":"summary_large_image","twitter_creator":"@Exaudi_noticias","twitter_site":"@Exaudi_News","twitter_misc":{"Escrito por":"Exaudi Redacci\u00f3n","Tiempo de lectura":"2 minutos"},"schema":{"@context":"https:\/\/schema.org","@graph":[{"@type":"Article","@id":"https:\/\/exaudi.org\/es\/videomensaje-del-papa-francisco-a-los-jovenes\/#article","isPartOf":{"@id":"https:\/\/exaudi.org\/es\/videomensaje-del-papa-francisco-a-los-jovenes\/"},"author":{"name":"Exaudi Redacci\u00f3n","@id":"https:\/\/exaudi.org\/#\/schema\/person\/f5fc8f063065e38742da7afe15f25df7"},"headline":"Papa Francisco: \u00abAcudid a la JMJ llenos de esperanza\u00bb","datePublished":"2023-05-04T11:10:07+00:00","dateModified":"2023-05-05T06:57:32+00:00","mainEntityOfPage":{"@id":"https:\/\/exaudi.org\/es\/videomensaje-del-papa-francisco-a-los-jovenes\/"},"wordCount":286,"image":{"@id":"https:\/\/exaudi.org\/es\/videomensaje-del-papa-francisco-a-los-jovenes\/#primaryimage"},"thumbnailUrl":"https:\/\/exaudi.org\/wp-content\/uploads\/2023\/01\/Papa-Francisco-2.jpeg","keywords":["JMJ","JMJ Lisboa 2023","lisboa","papa francisco","Trending"],"articleSection":["JMJ","Le\u00f3n XIV"],"inLanguage":"es"},{"@type":"WebPage","@id":"https:\/\/exaudi.org\/es\/videomensaje-del-papa-francisco-a-los-jovenes\/","url":"https:\/\/exaudi.org\/es\/videomensaje-del-papa-francisco-a-los-jovenes\/","name":"Papa Francisco: \"Acudid a la JMJ llenos de esperanza\" &#8211; Exaudi","isPartOf":{"@id":"https:\/\/exaudi.org\/#website"},"primaryImageOfPage":{"@id":"https:\/\/exaudi.org\/es\/videomensaje-del-papa-francisco-a-los-jovenes\/#primaryimage"},"image":{"@id":"https:\/\/exaudi.org\/es\/videomensaje-del-papa-francisco-a-los-jovenes\/#primaryimage"},"thumbnailUrl":"https:\/\/exaudi.org\/wp-content\/uploads\/2023\/01\/Papa-Francisco-2.jpeg","datePublished":"2023-05-04T11:10:07+00:00","dateModified":"2023-05-05T06:57:32+00:00","author":{"@id":"https:\/\/exaudi.org\/#\/schema\/person\/f5fc8f063065e38742da7afe15f25df7"},"breadcrumb":{"@id":"https:\/\/exaudi.org\/es\/videomensaje-del-papa-francisco-a-los-jovenes\/#breadcrumb"},"inLanguage":"es","potentialAction":[{"@type":"ReadAction","target":["https:\/\/exaudi.org\/es\/videomensaje-del-papa-francisco-a-los-jovenes\/"]}]},{"@type":"ImageObject","inLanguage":"es","@id":"https:\/\/exaudi.org\/es\/videomensaje-del-papa-francisco-a-los-jovenes\/#primaryimage","url":"https:\/\/exaudi.org\/wp-content\/uploads\/2023\/01\/Papa-Francisco-2.jpeg","contentUrl":"https:\/\/exaudi.org\/wp-content\/uploads\/2023\/01\/Papa-Francisco-2.jpeg","width":805,"height":453,"caption":"Papa Francisco \u00a9 Vatican Media"},{"@type":"BreadcrumbList","@id":"https:\/\/exaudi.org\/es\/videomensaje-del-papa-francisco-a-los-jovenes\/#breadcrumb","itemListElement":[{"@type":"ListItem","position":1,"name":"Portada","item":"https:\/\/exaudi.org\/es\/"},{"@type":"ListItem","position":2,"name":"Papa Francisco: \u00abAcudid a la JMJ llenos de esperanza\u00bb"}]},{"@type":"WebSite","@id":"https:\/\/exaudi.org\/#website","url":"https:\/\/exaudi.org\/","name":"Exaudi","description":"News","potentialAction":[{"@type":"SearchAction","target":{"@type":"EntryPoint","urlTemplate":"https:\/\/exaudi.org\/?s={search_term_string}"},"query-input":{"@type":"PropertyValueSpecification","valueRequired":true,"valueName":"search_term_string"}}],"inLanguage":"es"},{"@type":"Person","@id":"https:\/\/exaudi.org\/#\/schema\/person\/f5fc8f063065e38742da7afe15f25df7","name":"Exaudi Redacci\u00f3n","image":{"@type":"ImageObject","inLanguage":"es","@id":"https:\/\/secure.gravatar.com\/avatar\/fe0f6a059fb68d9b3e11bc5850dd4899b1c7492091a3cb6dd9b01b56ad828be2?s=96&d=mm&r=g","url":"https:\/\/secure.gravatar.com\/avatar\/fe0f6a059fb68d9b3e11bc5850dd4899b1c7492091a3cb6dd9b01b56ad828be2?s=96&d=mm&r=g","contentUrl":"https:\/\/secure.gravatar.com\/avatar\/fe0f6a059fb68d9b3e11bc5850dd4899b1c7492091a3cb6dd9b01b56ad828be2?s=96&d=mm&r=g","caption":"Exaudi Redacci\u00f3n"},"description":"\u00bfQu\u00e9 es Exaudi News? Exaudi News es un medio de comunicaci\u00f3n cat\u00f3lico internacional que informa, forma y transforma, diariamente en espa\u00f1ol, ingl\u00e9s e italiano. A trav\u00e9s de noticias, art\u00edculos de an\u00e1lisis y transmisiones en directo de los eventos del Papa, Exaudi busca fortalecer la unidad de los cristianos y contribuir a la evangelizaci\u00f3n del mundo, siempre guiados por la doctrina social de la Iglesia. Trabajamos para acercar la verdad y los valores cristianos a cada rinc\u00f3n del planeta. \u00a1Ay\u00fadanos a transformar el mundo con Exaudi! En Exaudi creemos que la evangelizaci\u00f3n y la informaci\u00f3n de calidad pueden cambiar vidas. Para continuar con nuestra misi\u00f3n y expandir nuestro alcance, necesitamos tu ayuda. Adem\u00e1s, buscamos personas comprometidas que deseen unirse a nuestro equipo. Con tu apoyo, lograremos llegar a m\u00e1s personas, difundir el mensaje de Cristo y reforzar la unidad de los cristianos. \u00bfTe unes a nuestra misi\u00f3n? Para m\u00e1s informaci\u00f3n sobre c\u00f3mo colaborar, visita Exaudi.org\/es o cont\u00e1ctanos directamente: info@exaudi.org Exaudi: Informa, forma y transforma.","sameAs":["https:\/\/www.facebook.com\/ExaudiNoticias\/","https:\/\/www.instagram.com\/exaudi_noticias\/","https:\/\/x.com\/Exaudi_noticias","https:\/\/www.youtube.com\/@exaudicatholicnews"],"url":"https:\/\/exaudi.org\/es\/author\/redaccionexaudi\/"}]}},"jetpack_featured_media_url":"https:\/\/exaudi.org\/wp-content\/uploads\/2023\/01\/Papa-Francisco-2.jpeg","jetpack_shortlink":"https:\/\/wp.me\/pgKjF2-jDz","_links":{"self":[{"href":"https:\/\/exaudi.org\/es\/wp-json\/wp\/v2\/posts\/75489","targetHints":{"allow":["GET"]}}],"collection":[{"href":"https:\/\/exaudi.org\/es\/wp-json\/wp\/v2\/posts"}],"about":[{"href":"https:\/\/exaudi.org\/es\/wp-json\/wp\/v2\/types\/post"}],"author":[{"embeddable":true,"href":"https:\/\/exaudi.org\/es\/wp-json\/wp\/v2\/users\/15"}],"replies":[{"embeddable":true,"href":"https:\/\/exaudi.org\/es\/wp-json\/wp\/v2\/comments?post=75489"}],"version-history":[{"count":0,"href":"https:\/\/exaudi.org\/es\/wp-json\/wp\/v2\/posts\/75489\/revisions"}],"wp:featuredmedia":[{"embeddable":true,"href":"https:\/\/exaudi.org\/es\/wp-json\/wp\/v2\/media\/69331"}],"wp:attachment":[{"href":"https:\/\/exaudi.org\/es\/wp-json\/wp\/v2\/media?parent=75489"}],"wp:term":[{"taxonomy":"category","embeddable":true,"href":"https:\/\/exaudi.org\/es\/wp-json\/wp\/v2\/categories?post=75489"},{"taxonomy":"post_tag","embeddable":true,"href":"https:\/\/exaudi.org\/es\/wp-json\/wp\/v2\/tags?post=75489"}],"curies":[{"name":"wp","href":"https:\/\/api.w.org\/{rel}","templated":true}]}}