{"id":75455,"date":"2023-05-03T16:29:44","date_gmt":"2023-05-03T14:29:44","guid":{"rendered":"https:\/\/exaudi.org\/?p=75455"},"modified":"2023-05-04T17:08:10","modified_gmt":"2023-05-04T15:08:10","slug":"catequesis-del-papa-sobre-su-viaje-a-hungria","status":"publish","type":"post","link":"https:\/\/exaudi.org\/es\/catequesis-del-papa-sobre-su-viaje-a-hungria\/","title":{"rendered":"Catequesis del Papa sobre su Viaje a Hungr\u00eda"},"content":{"rendered":"<div class=\"testo\">\n<div class=\"text parbase vaticanrichtext\">\n<audio class=\"wp-audio-shortcode\" id=\"audio-75455-1\" preload=\"none\" style=\"width: 100%;\" controls=\"controls\"><source type=\"audio\/mpeg\" src=\"https:\/\/exaudi.org\/wp-content\/uploads\/2023\/05\/Catequesis-del-Papa-sobre-su-Viaje-a-Hungria.mp3?_=1\" \/><a href=\"https:\/\/exaudi.org\/wp-content\/uploads\/2023\/05\/Catequesis-del-Papa-sobre-su-Viaje-a-Hungria.mp3\">https:\/\/exaudi.org\/wp-content\/uploads\/2023\/05\/Catequesis-del-Papa-sobre-su-Viaje-a-Hungria.mp3<\/a><\/audio>\n<p>La Audiencia General de este mi\u00e9rcoles 3 de mayo de 2023, ha tenido lugar a las 9.00 horas en la Plaza de San Pedro, donde el Santo Padre Francisco se ha reunido con los grupos de peregrinos y fieles procedentes de Italia y de todo el mundo.<\/p>\n<p>En su discurso en italiano, el Papa centra su meditaci\u00f3n en su reciente Viaje Apost\u00f3lico a Hungr\u00eda.<\/p>\n<p>Tras resumir su catequesis en las distintas lenguas, el Santo Padre dirigi\u00f3 especiales expresiones de saludo a los fieles presentes.<\/p>\n<p>***<\/p>\n<p><b><i>La Audiencia General concluye con el rezo del <em>Pater Noster<\/em> y la Bendici\u00f3n El viaje a Hungr\u00eda<\/i><\/b><\/p>\n<p><i>Queridos hermanos y hermanas, \u00a1buenos d\u00edas!<\/i><\/p>\n<p>Hace tres d\u00edas regres\u00e9 del\u00a0<a href=\"https:\/\/www.vatican.va\/content\/francesco\/es\/travels\/2023\/outside\/documents\/ungheria-2023.html\">viaje a Hungr\u00eda<\/a>. Deseo dar las gracias a todos aquellos que han preparado y acompa\u00f1ado esta visita con la oraci\u00f3n, y renovar mi reconocimiento a las autoridades, a la Iglesia local y al pueblo h\u00fangaro, un pueblo valiente y rico de memoria. Durante mi estancia en Budapest pude sentir el afecto de todos los h\u00fangaros. Hoy quisiera hablaros de esta visita a trav\u00e9s de dos im\u00e1genes:\u00a0<i>las ra\u00edces<\/i>\u00a0y\u00a0<i>los puentes<\/i>.<\/p>\n<p><i>Las ra\u00edces<\/i>. Fui como peregrino a un pueblo cuya historia \u2014como dijo\u00a0<a href=\"https:\/\/www.vatican.va\/content\/john-paul-ii\/es\/travels\/1996\/travels\/documents\/trav_ungheria-1996.html\">san Juan Pablo II<\/a>\u2014 ha estado marcada por \u00abmuchos santos y h\u00e9roes, rodeados de multitudes de gente humilde y trabajadora\u00bb (<i>Discurso con ocasi\u00f3n de la ceremonia de bienvenida,\u00a0<\/i>Budapest, 6 de septiembre de 1996)<i>.\u00a0<\/i>Realmente es verdad: he visto mucha gente sencilla y trabajadora custodiar con orgullo el v\u00ednculo con las propias ra\u00edces. Y entre estas ra\u00edces, como evidenciaron los testimonios durante los encuentros\u00a0<a href=\"https:\/\/www.vatican.va\/content\/francesco\/es\/events\/event.dir.html\/content\/vaticanevents\/es\/2023\/4\/28\/ungheria-clero.html\">con la Iglesia local<\/a>\u00a0y\u00a0<a href=\"https:\/\/www.vatican.va\/content\/francesco\/es\/events\/event.dir.html\/content\/vaticanevents\/es\/2023\/4\/29\/ungheria-giovani.html\">con los j\u00f3venes<\/a>, est\u00e1n sobre todo los santos: santos que han dado la vida por el pueblo, santos que han testimoniado el Evangelio del amor, y que han sido luz en los momentos de oscuridad; muchos santos del pasado que hoy exhortan a superar el riesgo del derrotismo y el miedo del ma\u00f1ana, recordando que\u00a0<i>Cristo es nuestro futuro<\/i>. Los santos nos recuerdan esto: Cristo es nuestro futuro.<\/p>\n<p>Las s\u00f3lidas ra\u00edces cristianas del pueblo h\u00fangaro han sido puestas a prueba. Su fe fue probada por el fuego. Durante la persecuci\u00f3n atea del siglo XX, de hecho, los cristianos fueron golpeados violentamente, con obispos, sacerdotes, religiosos y laicos asesinados o privados de la libertad. Y mientras se intentaba talar el \u00e1rbol de la fe, las ra\u00edces permanec\u00edan intactas: se manten\u00eda una Iglesia oculta, pero viva, fuerte, con la fuerza del Evangelio. Y en Hungr\u00eda esta \u00faltima persecuci\u00f3n, opresi\u00f3n comunista fue precedida de la nazi, con la tr\u00e1gica deportaci\u00f3n de mucha poblaci\u00f3n jud\u00eda. Pero en ese atroz genocidio muchos destacaron por la resistencia y la capacidad de proteger a las v\u00edctimas, y esto fue posible porque las ra\u00edces de la vida juntos eran firmes. Nosotros en Roma tenemos una buena poetisa h\u00fangara que ha pasado todas estas pruebas y cuenta a los j\u00f3venes la necesidad de luchar por un ideal, para no ser vencidos por las persecuciones, por el des\u00e1nimo. Esta poetisa cumple hoy 92 a\u00f1os: \u00a1muchas felicidades, Edith Bruck!<\/p>\n<p>Pero tambi\u00e9n hoy, como surgi\u00f3 en los encuentros con los j\u00f3venes y con el mundo de la cultura, la libertad est\u00e1 amenazada. \u00bfC\u00f3mo? Sobre todo con los guantes blancos, de un consumismo que anestesia, por lo que nos conformamos con un poco de bienestar material y, olvidando el pasado, se \u201cflota\u201d en un presente hecho a escala del individuo. Esta es la persecuci\u00f3n peligrosa de la mundanidad, llevada adelante por el consumismo. Pero cuando lo \u00fanico que cuenta es pensar en s\u00ed y hacer lo que se quiera, las ra\u00edces se ahogan. Es un problema que tiene que ver con toda Europa, donde dedicarse a los otros, sentirse comunidad, sentir la belleza de so\u00f1ar juntos y crear familias numerosas est\u00e1 en crisis. Toda Europa est\u00e1 en crisis. Reflexionemos entonces sobre la importancia de custodiar las ra\u00edces, porque s\u00f3lo profundizando las ramas crecer\u00e1n hacia lo alto y dar\u00e1n frutos. Cada uno de nosotros puede preguntarse, tambi\u00e9n como pueblo, cada uno de nosotros: \u00bfcu\u00e1les son las ra\u00edces m\u00e1s importantes de mi vida? \u00bfD\u00f3nde estoy arraigado? \u00bfLas recuerdo, las cuido?<\/p>\n<p>Despu\u00e9s de las ra\u00edces la segunda imagen: los\u00a0<i>puentes<\/i>. Budapest, nacida hace 150 a\u00f1os de la uni\u00f3n de tres ciudades, es c\u00e9lebre por los puentes que la atraviesan y unen las partes. Esto ha recordado, especialmente en los encuentros\u00a0<a href=\"https:\/\/www.vatican.va\/content\/francesco\/es\/events\/event.dir.html\/content\/vaticanevents\/es\/2023\/4\/28\/ungheria-autorita.html\">con las autoridades<\/a>, la importancia de construir puentes de paz entre pueblos diversos. Es, en particular, la vocaci\u00f3n de Europa, llamada, como \u201cpuente de paz\u201d, a incluir las diferencias y a acoger a quien llama a sus puertas. Hermoso, en este sentido, el puente humanitario creado por tantos refugiados de la cercana Ucrania, que he podido encontrar, admirando tambi\u00e9n la gran red de caridad de la Iglesia h\u00fangara.<\/p>\n<p>El pa\u00eds adem\u00e1s est\u00e1 muy comprometido en la construcci\u00f3n de \u201cpuentes para el ma\u00f1ana\u201d: su atenci\u00f3n por el cuidado ecol\u00f3gico \u2014y esto es algo muy, muy hermoso de Hungr\u00eda\u2014 el cuidado ecol\u00f3gico y por el futuro sostenible es grande, y se trabaja para edificar puentes entre las generaciones, entre los ancianos y los j\u00f3venes, desaf\u00edo hoy irrenunciable para todos. Adem\u00e1s, hay otros puentes que la Iglesia, como surgi\u00f3 en el correspondiente encuentro, est\u00e1 llamada a tender hacia el hombre de hoy, porque el anuncio de Cristo no puede consistir solo en la repetici\u00f3n del pasado, sino que siempre necesita ser actualizado, para poder ayudar a las mujeres y a los hombres de nuestro tiempo a redescubrir a Jes\u00fas. Y, finalmente, recordando con gratitud los hermosos momentos lit\u00fargicos, la\u00a0<a href=\"https:\/\/www.youtube.com\/watch?v=B0no9q9KyzA\">oraci\u00f3n con la comunidad greco-cat\u00f3lica<\/a>\u00a0y la\u00a0<a href=\"https:\/\/www.vatican.va\/content\/francesco\/es\/events\/event.dir.html\/content\/vaticanevents\/es\/2023\/4\/30\/ungheria-messa.html\">solemne celebraci\u00f3n eucar\u00edstica<\/a>\u00a0con tanta participaci\u00f3n, pienso en la belleza de crear puentes entre los creyentes: el domingo en la misa estaban presentes cristianos de varios ritos y pa\u00edses, y de diferentes confesiones, que en Hungr\u00eda trabajan bien juntos. Construir puentes, puentes de armon\u00eda y puentes de unidad.<\/p>\n<p>Me conmovi\u00f3, en esta visita, la importancia de la m\u00fasica, que es un rasgo caracter\u00edstico de la cultura h\u00fangara.<\/p>\n<p>Finalmente me gusta recordar, al inicio del mes de mayo, que los h\u00fangaros son muy devotos de la Santa Madre de Dios. Consagrados a ella por el primer rey, san Esteban, por respeto estaban acostumbrados a dirigirse a ella sin pronunciar el nombre, llam\u00e1ndola s\u00f3lo con el t\u00edtulo de la reina. A la Reina de Hungr\u00eda encomendamos este querido pa\u00eds, a la Reina de la paz encomendamos la construcci\u00f3n de\u00a0<i>puentes<\/i>\u00a0en el mundo, a la Reina del cielo, que aclamamos en este tiempo pascual, encomendamos nuestros corazones para que est\u00e9n\u00a0<i>arraigados<\/i>\u00a0en el amor de Dios.<\/p>\n<hr align=\"center\" size=\"1\" width=\"70%\" \/>\n<p>&nbsp;<\/p>\n<p><b>Saludos:<\/b><\/p>\n<p>Saludo cordialmente a los peregrinos de lengua espa\u00f1ola, especialmente a los sacerdotes Legionarios de Cristo que fueron ordenados el s\u00e1bado pasado y a sus familias. En este mes de mayo pidamos a Mar\u00eda, Reina de la paz, que nos ense\u00f1e a construir en el mundo puentes de amor y fraternidad. Que Jes\u00fas los bendiga y la Virgen Santa los cuide. Muchas gracias.<\/p>\n<hr align=\"center\" size=\"1\" width=\"70%\" \/>\n<p>&nbsp;<\/p>\n<p><b>Resumen le\u00eddo por el Santo Padre en espa\u00f1ol<\/b><\/p>\n<p><i>Queridos hermanos y hermanas:<\/i><\/p>\n<p>El domingo pasado regres\u00e9 del\u00a0<a href=\"https:\/\/www.vatican.va\/content\/francesco\/es\/travels\/2023\/outside\/documents\/ungheria-2023.html\">viaje a Hungr\u00eda<\/a>, que tuvo como lema \u201cCristo es nuestro futuro\u201d. Agradezco a todas las personas que colaboraron para hacer posible esta visita, y a quienes me acompa\u00f1aron con su oraci\u00f3n. De modo especial agradezco a todas las autoridades, a la se\u00f1ora Presidenta, ministros y dem\u00e1s dirigentes, el modo como me han recibido. Quisiera destacar dos im\u00e1genes que, en cierto modo, resumen este viaje:\u00a0<i>las ra\u00edces<\/i>\u00a0y\u00a0<i>los puentes<\/i>. En Hungr\u00eda encontr\u00e9 un pueblo con profundas ra\u00edces cristianas; entre ellas, el testimonio de los santos, que fueron luces para sus hermanos y hermanas en los momentos de oscuridad.<\/p>\n<p>Sin embargo, las ra\u00edces cristianas \u2014hoy como ayer\u2014 siguen siendo amenazadas; no s\u00f3lo en Hungr\u00eda sino en toda Europa. Por eso, es importante reflexionar sobre el origen de nuestra vida y de nuestros pueblos, para que se encuentre su verdadero sentido y se den buenos frutos. Otra imagen que nos invita a reflexionar son los puentes, que renuevan la llamada a conectar a las personas, abriendo as\u00ed nuevos caminos al Evangelio, para que todos puedan conocer a Cristo y experimentar su amor.<\/p>\n<\/div>\n<div class=\"content parsys\"><\/div>\n<\/div>\n<p><iframe loading=\"lazy\" title=\"Audiencia General - 03 mayo 2023 - Papa Francisco\" width=\"500\" height=\"281\" src=\"https:\/\/www.youtube.com\/embed\/Z9Sr8Be3ABo?feature=oembed\" frameborder=\"0\" allow=\"accelerometer; autoplay; clipboard-write; encrypted-media; gyroscope; picture-in-picture; web-share\" referrerpolicy=\"strict-origin-when-cross-origin\" allowfullscreen><\/iframe><\/p>\n<hr \/>\n","protected":false},"excerpt":{"rendered":"<p>Audiencia General<\/p>\n","protected":false},"author":15,"featured_media":75462,"comment_status":"closed","ping_status":"closed","sticky":false,"template":"","format":"standard","meta":{"_acf_changed":false,"_crdt_document":"","inline_featured_image":false,"footnotes":""},"categories":[112,68],"tags":[179,6313,2419],"class_list":["post-75455","post","type-post","status-publish","format-standard","has-post-thumbnail","hentry","category-audiencia-general","category-leon-xiv","tag-audiencia-general","tag-catequesis-papa","tag-featured"],"acf":[],"yoast_head":"<!-- This site is optimized with the Yoast SEO plugin v27.4 - https:\/\/yoast.com\/product\/yoast-seo-wordpress\/ -->\n<title>Catequesis del Papa sobre su Viaje a Hungr\u00eda &#8211; Exaudi<\/title>\n<meta name=\"robots\" content=\"index, follow, max-snippet:-1, max-image-preview:large, max-video-preview:-1\" \/>\n<link rel=\"canonical\" href=\"https:\/\/exaudi.org\/es\/catequesis-del-papa-sobre-su-viaje-a-hungria\/\" \/>\n<meta property=\"og:locale\" content=\"es_ES\" \/>\n<meta property=\"og:type\" content=\"article\" \/>\n<meta property=\"og:title\" content=\"Catequesis del Papa sobre su Viaje a Hungr\u00eda &#8211; Exaudi\" \/>\n<meta property=\"og:description\" content=\"Audiencia General\" \/>\n<meta property=\"og:url\" content=\"https:\/\/exaudi.org\/es\/catequesis-del-papa-sobre-su-viaje-a-hungria\/\" \/>\n<meta property=\"og:site_name\" content=\"Exaudi\" \/>\n<meta property=\"article:publisher\" content=\"https:\/\/www.facebook.com\/ExaudiNews\" \/>\n<meta property=\"article:author\" content=\"https:\/\/www.facebook.com\/ExaudiNoticias\/\" \/>\n<meta property=\"article:published_time\" content=\"2023-05-03T14:29:44+00:00\" \/>\n<meta property=\"article:modified_time\" content=\"2023-05-04T15:08:10+00:00\" \/>\n<meta property=\"og:image\" content=\"https:\/\/exaudi.org\/wp-content\/uploads\/2023\/05\/Catequesis-del-Papa-7.jpeg\" \/>\n\t<meta property=\"og:image:width\" content=\"800\" \/>\n\t<meta property=\"og:image:height\" content=\"533\" \/>\n\t<meta property=\"og:image:type\" content=\"image\/jpeg\" \/>\n<meta name=\"author\" content=\"Exaudi Redacci\u00f3n\" \/>\n<meta name=\"twitter:card\" content=\"summary_large_image\" \/>\n<meta name=\"twitter:creator\" content=\"@Exaudi_noticias\" \/>\n<meta name=\"twitter:site\" content=\"@Exaudi_News\" \/>\n<meta name=\"twitter:label1\" content=\"Escrito por\" \/>\n\t<meta name=\"twitter:data1\" content=\"Exaudi Redacci\u00f3n\" \/>\n\t<meta name=\"twitter:label2\" content=\"Tiempo de lectura\" \/>\n\t<meta name=\"twitter:data2\" content=\"7 minutos\" \/>\n<script type=\"application\/ld+json\" class=\"yoast-schema-graph\">{\"@context\":\"https:\\\/\\\/schema.org\",\"@graph\":[{\"@type\":\"Article\",\"@id\":\"https:\\\/\\\/exaudi.org\\\/es\\\/catequesis-del-papa-sobre-su-viaje-a-hungria\\\/#article\",\"isPartOf\":{\"@id\":\"https:\\\/\\\/exaudi.org\\\/es\\\/catequesis-del-papa-sobre-su-viaje-a-hungria\\\/\"},\"author\":{\"name\":\"Exaudi Redacci\u00f3n\",\"@id\":\"https:\\\/\\\/exaudi.org\\\/#\\\/schema\\\/person\\\/f5fc8f063065e38742da7afe15f25df7\"},\"headline\":\"Catequesis del Papa sobre su Viaje a Hungr\u00eda\",\"datePublished\":\"2023-05-03T14:29:44+00:00\",\"dateModified\":\"2023-05-04T15:08:10+00:00\",\"mainEntityOfPage\":{\"@id\":\"https:\\\/\\\/exaudi.org\\\/es\\\/catequesis-del-papa-sobre-su-viaje-a-hungria\\\/\"},\"wordCount\":1489,\"image\":{\"@id\":\"https:\\\/\\\/exaudi.org\\\/es\\\/catequesis-del-papa-sobre-su-viaje-a-hungria\\\/#primaryimage\"},\"thumbnailUrl\":\"https:\\\/\\\/exaudi.org\\\/wp-content\\\/uploads\\\/2023\\\/05\\\/Catequesis-del-Papa-7.jpeg\",\"keywords\":[\"audiencia general\",\"Catequesis Papa\",\"Featured\"],\"articleSection\":[\"Audiencia General\",\"Le\u00f3n XIV\"],\"inLanguage\":\"es\"},{\"@type\":\"WebPage\",\"@id\":\"https:\\\/\\\/exaudi.org\\\/es\\\/catequesis-del-papa-sobre-su-viaje-a-hungria\\\/\",\"url\":\"https:\\\/\\\/exaudi.org\\\/es\\\/catequesis-del-papa-sobre-su-viaje-a-hungria\\\/\",\"name\":\"Catequesis del Papa sobre su Viaje a Hungr\u00eda &#8211; Exaudi\",\"isPartOf\":{\"@id\":\"https:\\\/\\\/exaudi.org\\\/#website\"},\"primaryImageOfPage\":{\"@id\":\"https:\\\/\\\/exaudi.org\\\/es\\\/catequesis-del-papa-sobre-su-viaje-a-hungria\\\/#primaryimage\"},\"image\":{\"@id\":\"https:\\\/\\\/exaudi.org\\\/es\\\/catequesis-del-papa-sobre-su-viaje-a-hungria\\\/#primaryimage\"},\"thumbnailUrl\":\"https:\\\/\\\/exaudi.org\\\/wp-content\\\/uploads\\\/2023\\\/05\\\/Catequesis-del-Papa-7.jpeg\",\"datePublished\":\"2023-05-03T14:29:44+00:00\",\"dateModified\":\"2023-05-04T15:08:10+00:00\",\"author\":{\"@id\":\"https:\\\/\\\/exaudi.org\\\/#\\\/schema\\\/person\\\/f5fc8f063065e38742da7afe15f25df7\"},\"breadcrumb\":{\"@id\":\"https:\\\/\\\/exaudi.org\\\/es\\\/catequesis-del-papa-sobre-su-viaje-a-hungria\\\/#breadcrumb\"},\"inLanguage\":\"es\",\"potentialAction\":[{\"@type\":\"ReadAction\",\"target\":[\"https:\\\/\\\/exaudi.org\\\/es\\\/catequesis-del-papa-sobre-su-viaje-a-hungria\\\/\"]}]},{\"@type\":\"ImageObject\",\"inLanguage\":\"es\",\"@id\":\"https:\\\/\\\/exaudi.org\\\/es\\\/catequesis-del-papa-sobre-su-viaje-a-hungria\\\/#primaryimage\",\"url\":\"https:\\\/\\\/exaudi.org\\\/wp-content\\\/uploads\\\/2023\\\/05\\\/Catequesis-del-Papa-7.jpeg\",\"contentUrl\":\"https:\\\/\\\/exaudi.org\\\/wp-content\\\/uploads\\\/2023\\\/05\\\/Catequesis-del-Papa-7.jpeg\",\"width\":800,\"height\":533},{\"@type\":\"BreadcrumbList\",\"@id\":\"https:\\\/\\\/exaudi.org\\\/es\\\/catequesis-del-papa-sobre-su-viaje-a-hungria\\\/#breadcrumb\",\"itemListElement\":[{\"@type\":\"ListItem\",\"position\":1,\"name\":\"Portada\",\"item\":\"https:\\\/\\\/exaudi.org\\\/es\\\/\"},{\"@type\":\"ListItem\",\"position\":2,\"name\":\"Catequesis del Papa sobre su Viaje a Hungr\u00eda\"}]},{\"@type\":\"WebSite\",\"@id\":\"https:\\\/\\\/exaudi.org\\\/#website\",\"url\":\"https:\\\/\\\/exaudi.org\\\/\",\"name\":\"Exaudi\",\"description\":\"News\",\"potentialAction\":[{\"@type\":\"SearchAction\",\"target\":{\"@type\":\"EntryPoint\",\"urlTemplate\":\"https:\\\/\\\/exaudi.org\\\/?s={search_term_string}\"},\"query-input\":{\"@type\":\"PropertyValueSpecification\",\"valueRequired\":true,\"valueName\":\"search_term_string\"}}],\"inLanguage\":\"es\"},{\"@type\":\"Person\",\"@id\":\"https:\\\/\\\/exaudi.org\\\/#\\\/schema\\\/person\\\/f5fc8f063065e38742da7afe15f25df7\",\"name\":\"Exaudi Redacci\u00f3n\",\"image\":{\"@type\":\"ImageObject\",\"inLanguage\":\"es\",\"@id\":\"https:\\\/\\\/secure.gravatar.com\\\/avatar\\\/fe0f6a059fb68d9b3e11bc5850dd4899b1c7492091a3cb6dd9b01b56ad828be2?s=96&d=mm&r=g\",\"url\":\"https:\\\/\\\/secure.gravatar.com\\\/avatar\\\/fe0f6a059fb68d9b3e11bc5850dd4899b1c7492091a3cb6dd9b01b56ad828be2?s=96&d=mm&r=g\",\"contentUrl\":\"https:\\\/\\\/secure.gravatar.com\\\/avatar\\\/fe0f6a059fb68d9b3e11bc5850dd4899b1c7492091a3cb6dd9b01b56ad828be2?s=96&d=mm&r=g\",\"caption\":\"Exaudi Redacci\u00f3n\"},\"description\":\"\u00bfQu\u00e9 es Exaudi News? Exaudi News es un medio de comunicaci\u00f3n cat\u00f3lico internacional que informa, forma y transforma, diariamente en espa\u00f1ol, ingl\u00e9s e italiano. A trav\u00e9s de noticias, art\u00edculos de an\u00e1lisis y transmisiones en directo de los eventos del Papa, Exaudi busca fortalecer la unidad de los cristianos y contribuir a la evangelizaci\u00f3n del mundo, siempre guiados por la doctrina social de la Iglesia. Trabajamos para acercar la verdad y los valores cristianos a cada rinc\u00f3n del planeta. \u00a1Ay\u00fadanos a transformar el mundo con Exaudi! En Exaudi creemos que la evangelizaci\u00f3n y la informaci\u00f3n de calidad pueden cambiar vidas. Para continuar con nuestra misi\u00f3n y expandir nuestro alcance, necesitamos tu ayuda. Adem\u00e1s, buscamos personas comprometidas que deseen unirse a nuestro equipo. Con tu apoyo, lograremos llegar a m\u00e1s personas, difundir el mensaje de Cristo y reforzar la unidad de los cristianos. \u00bfTe unes a nuestra misi\u00f3n? Para m\u00e1s informaci\u00f3n sobre c\u00f3mo colaborar, visita Exaudi.org\\\/es o cont\u00e1ctanos directamente: info@exaudi.org Exaudi: Informa, forma y transforma.\",\"sameAs\":[\"https:\\\/\\\/www.facebook.com\\\/ExaudiNoticias\\\/\",\"https:\\\/\\\/www.instagram.com\\\/exaudi_noticias\\\/\",\"https:\\\/\\\/x.com\\\/Exaudi_noticias\",\"https:\\\/\\\/www.youtube.com\\\/@exaudicatholicnews\"],\"url\":\"https:\\\/\\\/exaudi.org\\\/es\\\/author\\\/redaccionexaudi\\\/\"}]}<\/script>\n<!-- \/ Yoast SEO plugin. -->","yoast_head_json":{"title":"Catequesis del Papa sobre su Viaje a Hungr\u00eda &#8211; Exaudi","robots":{"index":"index","follow":"follow","max-snippet":"max-snippet:-1","max-image-preview":"max-image-preview:large","max-video-preview":"max-video-preview:-1"},"canonical":"https:\/\/exaudi.org\/es\/catequesis-del-papa-sobre-su-viaje-a-hungria\/","og_locale":"es_ES","og_type":"article","og_title":"Catequesis del Papa sobre su Viaje a Hungr\u00eda &#8211; Exaudi","og_description":"Audiencia General","og_url":"https:\/\/exaudi.org\/es\/catequesis-del-papa-sobre-su-viaje-a-hungria\/","og_site_name":"Exaudi","article_publisher":"https:\/\/www.facebook.com\/ExaudiNews","article_author":"https:\/\/www.facebook.com\/ExaudiNoticias\/","article_published_time":"2023-05-03T14:29:44+00:00","article_modified_time":"2023-05-04T15:08:10+00:00","og_image":[{"width":800,"height":533,"url":"https:\/\/exaudi.org\/wp-content\/uploads\/2023\/05\/Catequesis-del-Papa-7.jpeg","type":"image\/jpeg"}],"author":"Exaudi Redacci\u00f3n","twitter_card":"summary_large_image","twitter_creator":"@Exaudi_noticias","twitter_site":"@Exaudi_News","twitter_misc":{"Escrito por":"Exaudi Redacci\u00f3n","Tiempo de lectura":"7 minutos"},"schema":{"@context":"https:\/\/schema.org","@graph":[{"@type":"Article","@id":"https:\/\/exaudi.org\/es\/catequesis-del-papa-sobre-su-viaje-a-hungria\/#article","isPartOf":{"@id":"https:\/\/exaudi.org\/es\/catequesis-del-papa-sobre-su-viaje-a-hungria\/"},"author":{"name":"Exaudi Redacci\u00f3n","@id":"https:\/\/exaudi.org\/#\/schema\/person\/f5fc8f063065e38742da7afe15f25df7"},"headline":"Catequesis del Papa sobre su Viaje a Hungr\u00eda","datePublished":"2023-05-03T14:29:44+00:00","dateModified":"2023-05-04T15:08:10+00:00","mainEntityOfPage":{"@id":"https:\/\/exaudi.org\/es\/catequesis-del-papa-sobre-su-viaje-a-hungria\/"},"wordCount":1489,"image":{"@id":"https:\/\/exaudi.org\/es\/catequesis-del-papa-sobre-su-viaje-a-hungria\/#primaryimage"},"thumbnailUrl":"https:\/\/exaudi.org\/wp-content\/uploads\/2023\/05\/Catequesis-del-Papa-7.jpeg","keywords":["audiencia general","Catequesis Papa","Featured"],"articleSection":["Audiencia General","Le\u00f3n XIV"],"inLanguage":"es"},{"@type":"WebPage","@id":"https:\/\/exaudi.org\/es\/catequesis-del-papa-sobre-su-viaje-a-hungria\/","url":"https:\/\/exaudi.org\/es\/catequesis-del-papa-sobre-su-viaje-a-hungria\/","name":"Catequesis del Papa sobre su Viaje a Hungr\u00eda &#8211; Exaudi","isPartOf":{"@id":"https:\/\/exaudi.org\/#website"},"primaryImageOfPage":{"@id":"https:\/\/exaudi.org\/es\/catequesis-del-papa-sobre-su-viaje-a-hungria\/#primaryimage"},"image":{"@id":"https:\/\/exaudi.org\/es\/catequesis-del-papa-sobre-su-viaje-a-hungria\/#primaryimage"},"thumbnailUrl":"https:\/\/exaudi.org\/wp-content\/uploads\/2023\/05\/Catequesis-del-Papa-7.jpeg","datePublished":"2023-05-03T14:29:44+00:00","dateModified":"2023-05-04T15:08:10+00:00","author":{"@id":"https:\/\/exaudi.org\/#\/schema\/person\/f5fc8f063065e38742da7afe15f25df7"},"breadcrumb":{"@id":"https:\/\/exaudi.org\/es\/catequesis-del-papa-sobre-su-viaje-a-hungria\/#breadcrumb"},"inLanguage":"es","potentialAction":[{"@type":"ReadAction","target":["https:\/\/exaudi.org\/es\/catequesis-del-papa-sobre-su-viaje-a-hungria\/"]}]},{"@type":"ImageObject","inLanguage":"es","@id":"https:\/\/exaudi.org\/es\/catequesis-del-papa-sobre-su-viaje-a-hungria\/#primaryimage","url":"https:\/\/exaudi.org\/wp-content\/uploads\/2023\/05\/Catequesis-del-Papa-7.jpeg","contentUrl":"https:\/\/exaudi.org\/wp-content\/uploads\/2023\/05\/Catequesis-del-Papa-7.jpeg","width":800,"height":533},{"@type":"BreadcrumbList","@id":"https:\/\/exaudi.org\/es\/catequesis-del-papa-sobre-su-viaje-a-hungria\/#breadcrumb","itemListElement":[{"@type":"ListItem","position":1,"name":"Portada","item":"https:\/\/exaudi.org\/es\/"},{"@type":"ListItem","position":2,"name":"Catequesis del Papa sobre su Viaje a Hungr\u00eda"}]},{"@type":"WebSite","@id":"https:\/\/exaudi.org\/#website","url":"https:\/\/exaudi.org\/","name":"Exaudi","description":"News","potentialAction":[{"@type":"SearchAction","target":{"@type":"EntryPoint","urlTemplate":"https:\/\/exaudi.org\/?s={search_term_string}"},"query-input":{"@type":"PropertyValueSpecification","valueRequired":true,"valueName":"search_term_string"}}],"inLanguage":"es"},{"@type":"Person","@id":"https:\/\/exaudi.org\/#\/schema\/person\/f5fc8f063065e38742da7afe15f25df7","name":"Exaudi Redacci\u00f3n","image":{"@type":"ImageObject","inLanguage":"es","@id":"https:\/\/secure.gravatar.com\/avatar\/fe0f6a059fb68d9b3e11bc5850dd4899b1c7492091a3cb6dd9b01b56ad828be2?s=96&d=mm&r=g","url":"https:\/\/secure.gravatar.com\/avatar\/fe0f6a059fb68d9b3e11bc5850dd4899b1c7492091a3cb6dd9b01b56ad828be2?s=96&d=mm&r=g","contentUrl":"https:\/\/secure.gravatar.com\/avatar\/fe0f6a059fb68d9b3e11bc5850dd4899b1c7492091a3cb6dd9b01b56ad828be2?s=96&d=mm&r=g","caption":"Exaudi Redacci\u00f3n"},"description":"\u00bfQu\u00e9 es Exaudi News? Exaudi News es un medio de comunicaci\u00f3n cat\u00f3lico internacional que informa, forma y transforma, diariamente en espa\u00f1ol, ingl\u00e9s e italiano. A trav\u00e9s de noticias, art\u00edculos de an\u00e1lisis y transmisiones en directo de los eventos del Papa, Exaudi busca fortalecer la unidad de los cristianos y contribuir a la evangelizaci\u00f3n del mundo, siempre guiados por la doctrina social de la Iglesia. Trabajamos para acercar la verdad y los valores cristianos a cada rinc\u00f3n del planeta. \u00a1Ay\u00fadanos a transformar el mundo con Exaudi! En Exaudi creemos que la evangelizaci\u00f3n y la informaci\u00f3n de calidad pueden cambiar vidas. Para continuar con nuestra misi\u00f3n y expandir nuestro alcance, necesitamos tu ayuda. Adem\u00e1s, buscamos personas comprometidas que deseen unirse a nuestro equipo. Con tu apoyo, lograremos llegar a m\u00e1s personas, difundir el mensaje de Cristo y reforzar la unidad de los cristianos. \u00bfTe unes a nuestra misi\u00f3n? Para m\u00e1s informaci\u00f3n sobre c\u00f3mo colaborar, visita Exaudi.org\/es o cont\u00e1ctanos directamente: info@exaudi.org Exaudi: Informa, forma y transforma.","sameAs":["https:\/\/www.facebook.com\/ExaudiNoticias\/","https:\/\/www.instagram.com\/exaudi_noticias\/","https:\/\/x.com\/Exaudi_noticias","https:\/\/www.youtube.com\/@exaudicatholicnews"],"url":"https:\/\/exaudi.org\/es\/author\/redaccionexaudi\/"}]}},"jetpack_featured_media_url":"https:\/\/exaudi.org\/wp-content\/uploads\/2023\/05\/Catequesis-del-Papa-7.jpeg","jetpack_shortlink":"https:\/\/wp.me\/pgKjF2-jD1","_links":{"self":[{"href":"https:\/\/exaudi.org\/es\/wp-json\/wp\/v2\/posts\/75455","targetHints":{"allow":["GET"]}}],"collection":[{"href":"https:\/\/exaudi.org\/es\/wp-json\/wp\/v2\/posts"}],"about":[{"href":"https:\/\/exaudi.org\/es\/wp-json\/wp\/v2\/types\/post"}],"author":[{"embeddable":true,"href":"https:\/\/exaudi.org\/es\/wp-json\/wp\/v2\/users\/15"}],"replies":[{"embeddable":true,"href":"https:\/\/exaudi.org\/es\/wp-json\/wp\/v2\/comments?post=75455"}],"version-history":[{"count":0,"href":"https:\/\/exaudi.org\/es\/wp-json\/wp\/v2\/posts\/75455\/revisions"}],"wp:featuredmedia":[{"embeddable":true,"href":"https:\/\/exaudi.org\/es\/wp-json\/wp\/v2\/media\/75462"}],"wp:attachment":[{"href":"https:\/\/exaudi.org\/es\/wp-json\/wp\/v2\/media?parent=75455"}],"wp:term":[{"taxonomy":"category","embeddable":true,"href":"https:\/\/exaudi.org\/es\/wp-json\/wp\/v2\/categories?post=75455"},{"taxonomy":"post_tag","embeddable":true,"href":"https:\/\/exaudi.org\/es\/wp-json\/wp\/v2\/tags?post=75455"}],"curies":[{"name":"wp","href":"https:\/\/api.w.org\/{rel}","templated":true}]}}