{"id":75441,"date":"2023-05-03T16:14:57","date_gmt":"2023-05-03T14:14:57","guid":{"rendered":"https:\/\/exaudi.org\/?p=75441"},"modified":"2023-05-03T17:04:27","modified_gmt":"2023-05-03T15:04:27","slug":"la-grandeza-del-sacerdocio","status":"publish","type":"post","link":"https:\/\/exaudi.org\/es\/la-grandeza-del-sacerdocio\/","title":{"rendered":"La grandeza del sacerdocio"},"content":{"rendered":"<audio class=\"wp-audio-shortcode\" id=\"audio-75441-1\" preload=\"none\" style=\"width: 100%;\" controls=\"controls\"><source type=\"audio\/mpeg\" src=\"https:\/\/exaudi.org\/wp-content\/uploads\/2023\/05\/La-grandeza-del-sacerdocio-Mision-en_1.mp3?_=1\" \/><a href=\"https:\/\/exaudi.org\/wp-content\/uploads\/2023\/05\/La-grandeza-del-sacerdocio-Mision-en_1.mp3\">https:\/\/exaudi.org\/wp-content\/uploads\/2023\/05\/La-grandeza-del-sacerdocio-Mision-en_1.mp3<\/a><\/audio>\n<p>Mucho se ha escrito recientemente, debido a los esc\u00e1ndalos en a Iglesia, sobre la fragilidad del hombre, del sacerdote. Muy poco, sin embargo, sobre la grandeza del sacerdocio cat\u00f3lico. Si bien no podemos obviar las flaquezas de algunos sacerdotes, ser\u00eda injusto meter a todos los que son perseverantemente fieles a su vocaci\u00f3n en el mismo saco. Y es justo hacer una reflexi\u00f3n, ahora que padecemos una aguda crisis vocacional, en el inexplicable hecho de que un joven -la mayor parte de las veces- lo deje todo por seguir a Cristo m\u00e1s de cerca y servir a su Iglesia.<\/p>\n<p>Queda ya lejano aquel 16 de junio de 2009, cuando Benedicto XVI escribi\u00f3 su carta, conmemorando el 150 aniversario del fallecimiento del Santo Cura de Ars, convocando al \u201cA\u00f1o Sacerdotal.\u201d A\u00f1o que el <em>New York Times<\/em> se encarg\u00f3 de hacer verdaderamente tormentoso para la Iglesia, pero que, a m\u00e1s profundidad, por encima de las tormentas superficiales, nos record\u00f3 a todos los cat\u00f3licos, el inigualable tesoro que tenemos en la Iglesia gracias al sacerdocio y la impresionante e inmerecida gracia que supone recibirlo. Quienes alcanzan esta comprensi\u00f3n, consideran poco dar la vida \u201cy mil vidas que tuvieran\u201d, para seguir un ideal tan grande, aunque luego, con el paso de los a\u00f1os, se encuentren con la evidencia de su propia fragilidad que contrasta vivamente con el inconmensurable don de Dios.<\/p>\n<p>Benedicto XVI cita en esa carta, con frecuencia a san Juan Mar\u00eda Vianney, quien da una sint\u00e9tica definici\u00f3n del sacerdocio: \u201cEl Sacerdocio es el amor del Coraz\u00f3n de Jes\u00fas.\u201d Un poco m\u00e1s adelante vuelve a citar al santo de Ars, patrono de todos los sacerdotes, especialmente de los p\u00e1rrocos, quien afirma: \u201c\u00a1Oh, qu\u00e9 grande es el sacerdote! Si se diese cuenta, morir\u00eda\u2026 Dios le obedece: pronuncia dos palabras y Nuestro Se\u00f1or baja del cielo al o\u00edr su voz y se encierra en una peque\u00f1a hostia.\u201d La grandeza del sacerdocio est\u00e1 vinculada al \u201cMisterio de Fe\u201d, es decir a la Eucarist\u00eda. Ninguna realidad humana es m\u00e1s grande que la capacidad, otorgada gratuitamente por Dios, de celebrar la Misa, de consagrar el pan y el vino para que se conviertan en el Cuerpo y la Sangre de Cristo y, en esa l\u00ednea, de perdonar los pecados, y volver limpia un alma que estaba manchada y aprisionada por el mal.<\/p>\n<p>Mucho se ha discutido, sobre todo despu\u00e9s del Concilio Vaticano II sobre la identidad del sacerdote (como si no hubiera dejado una clara pauta el decreto <em>Presbyterorum Ordinis<\/em>, emanado por el mismo concilio). Es el momento de volver la mirada a los grandes santos sacerdotes que nos han precedido. Indudablemente que el tesoro -insisto de intento- m\u00e1s grande que tienen es la Eucarist\u00eda. Existe un trinomio indisoluble entre Sacerdocio, Eucarist\u00eda e Iglesia. Como bien vio san Juan Pablo II: \u201cla Iglesia hace la Eucarist\u00eda y la Eucarist\u00eda hace a la Iglesia.\u201d San Juan Mar\u00eda Vianney y san P\u00edo de Pietrelcina, nos han dejado ejemplo del sacrificio, casi hasta una especie de \u201cmartirio\u201d por desvivirse en la impartici\u00f3n del sacramento de la penitencia. \u00bfQu\u00e9 es lo m\u00e1s grande que tiene entre manos el sacerdote, lo que s\u00f3lo \u00e9l puede hacer? Celebrar la Misa, dar a Jes\u00fas a su Iglesia y prestarle sus palabras a Jes\u00fas para consagrar y perdonar los pecados.<\/p>\n<p>Con esto no quiero caer en una visi\u00f3n \u201csacramentalista\u201d del sacerdocio, como si fuera exclusiva y excluyente. Al contrario, es quiz\u00e1 la parte m\u00e1s importante del pastel, pero no la \u00fanica. La clave la tenemos en la Sagrada Escrituras, en las \u00faltimas palabras de Jes\u00fas seg\u00fan san Mateo: \u201cvayan por todo el mundo y prediquen el evangelio, bautiz\u00e1ndolos en el nombre del Padre y del Hijo y del Esp\u00edritu Santo.\u201d Es decir, la funci\u00f3n sacerdotal es doble: por un lado, administrar los sacramentos, pero por otro, predicar la palabra de Dios, el Evangelio, la buena nueva. Eso podr\u00eda complementarse con la misi\u00f3n de los di\u00e1conos, en los <em>Hechos de los Ap\u00f3stoles<\/em>, dedicados a la atenci\u00f3n de las viudas y los hu\u00e9rfanos, es decir, a las obras de misericordia.<\/p>\n<p>Por eso, es imprescindible que, al pensar en el sacerdocio, m\u00e1s que mirar a los que han ca\u00eddo, causando tanto mal en las almas, miremos a los testigos de la grandeza del sacerdocio, a los santos, que se han desgastado por predicar la palabra de Dios, administrar los sacramentos y vivir las obras de misericordia, como los ya mencionados san Juan Mar\u00eda Vianney, san P\u00edo de Pietrelcina, pero tambi\u00e9n san Dami\u00e1n de Molokai, san Maximiliano Mar\u00eda Kolbe o san Josemar\u00eda Escriv\u00e1 entre otros.<\/p>\n<p>No debemos, sin embargo, dejar caer en saco roto las dolorosas ense\u00f1anzas que nos ha tra\u00eddo el siglo XXI. La idea angelical del sacerdote se ha quebrado para siempre. Ahora tomamos conciencia de que son hombres, de carne y hueso, que tienen que luchar por la santidad y por ser fieles a Dios cada d\u00eda de su vida. En esto ha puesto su acento el magisterio de Francisco, para animar a los sacerdotes que se enfrentan con el drama de conciliar su propia flaqueza con la grandeza de su misi\u00f3n. Basta para ello leer la homil\u00eda maravillosa que hizo este a\u00f1o en la <em>Misa Crismal<\/em>, el Jueves Santo con los sacerdotes de Roma. Con esta conciencia, se le pide al pueblo fiel, apoyo, cari\u00f1o, comprensi\u00f3n y vela por sus sacerdotes y, sobre todo, oraci\u00f3n por su fidelidad y para que vengan nuevas vocaciones.<\/p>\n<p>Por todos estos motivos, Exaudi quiere regalar este bot\u00f3n de muestra de la labor sacerdotal a todos sus lectores, el documental \u00ab<strong>Misi\u00f3n en Battambang<\/strong>\u00ab, sobre el trabajo que realiza con ni\u00f1os de Camboya, Kike Figaredo S.J., sacerdote jesuita espa\u00f1ol, Prefecto Apost\u00f3lico de Battambang y, desde marzo de 2014, es miembro de la Congregaci\u00f3n para los Institutos de Vida Consagrada y las Sociedades de Vida Apost\u00f3lica, y <a href=\"https:\/\/sauceong.org\/\" target=\"_blank\" rel=\"noopener\">SAUCE ONG<\/a>.<\/p>\n<p>El documental muestra no solo el trabajo que realizan Kike Figaredo y SAUCE ONG en Camboya sino tambi\u00e9n c\u00f3mo responder a las necesidades de las personas que viven en los m\u00e1rgenes de la sociedad y c\u00f3mo colaborar para transformar sus vidas. Es un documental esperanzador que narra la historia de 5 ni\u00f1os y ni\u00f1as camboyanos v\u00edctimas de la guerra, de las minas antipersona, de la pobreza e injusticia. Hoy son ni\u00f1os que pueden imaginar un futuro esperanzador.<\/p>\n<p>Las historias de Sameth, Toi, Wanari, Pailou y Sokmali os van a emocionar:<\/p>\n<p><a href=\"https:\/\/www.mitele.es\/documentales\/mision-battambang-41_1008910090001\/player\/\" target=\"_blank\" rel=\"noopener\">Enlace para ver el documental<\/a><\/p>\n<p><img loading=\"lazy\" decoding=\"async\" class=\"size-full wp-image-75442 aligncenter\" src=\"https:\/\/exaudi.org\/wp-content\/uploads\/2023\/05\/mbc.jpeg\" alt=\"\" width=\"700\" height=\"1000\" srcset=\"https:\/\/exaudi.org\/wp-content\/uploads\/2023\/05\/mbc.jpeg 700w, https:\/\/exaudi.org\/wp-content\/uploads\/2023\/05\/mbc-210x300.jpeg 210w, https:\/\/exaudi.org\/wp-content\/uploads\/2023\/05\/mbc-500x714.jpeg 500w, https:\/\/exaudi.org\/wp-content\/uploads\/2023\/05\/mbc-293x419.jpeg 293w, https:\/\/exaudi.org\/wp-content\/uploads\/2023\/05\/mbc-390x557.jpeg 390w\" sizes=\"auto, (max-width: 700px) 100vw, 700px\" \/><\/p>\n","protected":false},"excerpt":{"rendered":"<p>\u00abMisi\u00f3n en Battambang\u00bb, c\u00f3mo responder a las necesidades de las personas que viven en los m\u00e1rgenes de la sociedad y c\u00f3mo colaborar para transformar sus vidas<\/p>\n","protected":false},"author":116,"featured_media":75445,"comment_status":"closed","ping_status":"closed","sticky":false,"template":"","format":"standard","meta":{"_acf_changed":false,"_crdt_document":"","inline_featured_image":false,"footnotes":""},"categories":[74,130],"tags":[507,9062,2900,9063,1603,1926,9064,4953,7440],"class_list":["post-75441","post","type-post","status-publish","format-standard","has-post-thumbnail","hentry","category-iglesia-y-mundo","category-voces","tag-congregacion-para-los-institutos-de-vida-consagrada-y-las-sociedades-de-vida-apostolica","tag-kike-figaredo","tag-mision","tag-mision-en-battambang","tag-sacerdocio","tag-sacerdote","tag-sauce-ong","tag-trending-es","tag-vocacion"],"acf":[],"yoast_head":"<!-- This site is optimized with the Yoast SEO plugin v27.4 - https:\/\/yoast.com\/product\/yoast-seo-wordpress\/ -->\n<title>La grandeza del sacerdocio &#8211; Exaudi<\/title>\n<meta name=\"robots\" content=\"index, follow, max-snippet:-1, max-image-preview:large, max-video-preview:-1\" \/>\n<link rel=\"canonical\" href=\"https:\/\/exaudi.org\/es\/la-grandeza-del-sacerdocio\/\" \/>\n<meta property=\"og:locale\" content=\"es_ES\" \/>\n<meta property=\"og:type\" content=\"article\" \/>\n<meta property=\"og:title\" content=\"La grandeza del sacerdocio &#8211; Exaudi\" \/>\n<meta property=\"og:description\" content=\"&quot;Misi\u00f3n en Battambang&quot;, c\u00f3mo responder a las necesidades de las personas que viven en los m\u00e1rgenes de la sociedad y c\u00f3mo colaborar para transformar sus vidas\" \/>\n<meta property=\"og:url\" content=\"https:\/\/exaudi.org\/es\/la-grandeza-del-sacerdocio\/\" \/>\n<meta property=\"og:site_name\" content=\"Exaudi\" \/>\n<meta property=\"article:publisher\" content=\"https:\/\/www.facebook.com\/ExaudiNews\" \/>\n<meta property=\"article:published_time\" content=\"2023-05-03T14:14:57+00:00\" \/>\n<meta property=\"article:modified_time\" content=\"2023-05-03T15:04:27+00:00\" \/>\n<meta property=\"og:image\" content=\"https:\/\/exaudi.org\/wp-content\/uploads\/2023\/05\/pexels-cottonbro-studio-9614062-scaled.jpg\" \/>\n\t<meta property=\"og:image:width\" content=\"2560\" \/>\n\t<meta property=\"og:image:height\" content=\"1707\" \/>\n\t<meta property=\"og:image:type\" content=\"image\/jpeg\" \/>\n<meta name=\"author\" content=\"Salvador Fabre\" \/>\n<meta name=\"twitter:card\" content=\"summary_large_image\" \/>\n<meta name=\"twitter:creator\" content=\"@Exaudi_News\" \/>\n<meta name=\"twitter:site\" content=\"@Exaudi_News\" \/>\n<meta name=\"twitter:label1\" content=\"Escrito por\" \/>\n\t<meta name=\"twitter:data1\" content=\"Salvador Fabre\" \/>\n\t<meta name=\"twitter:label2\" content=\"Tiempo de lectura\" \/>\n\t<meta name=\"twitter:data2\" content=\"6 minutos\" \/>\n<script type=\"application\/ld+json\" class=\"yoast-schema-graph\">{\"@context\":\"https:\\\/\\\/schema.org\",\"@graph\":[{\"@type\":\"Article\",\"@id\":\"https:\\\/\\\/exaudi.org\\\/es\\\/la-grandeza-del-sacerdocio\\\/#article\",\"isPartOf\":{\"@id\":\"https:\\\/\\\/exaudi.org\\\/es\\\/la-grandeza-del-sacerdocio\\\/\"},\"author\":{\"name\":\"Salvador Fabre\",\"@id\":\"https:\\\/\\\/exaudi.org\\\/#\\\/schema\\\/person\\\/29b1dbd9f3952eecacfc704ca1a473a8\"},\"headline\":\"La grandeza del sacerdocio\",\"datePublished\":\"2023-05-03T14:14:57+00:00\",\"dateModified\":\"2023-05-03T15:04:27+00:00\",\"mainEntityOfPage\":{\"@id\":\"https:\\\/\\\/exaudi.org\\\/es\\\/la-grandeza-del-sacerdocio\\\/\"},\"wordCount\":1154,\"image\":{\"@id\":\"https:\\\/\\\/exaudi.org\\\/es\\\/la-grandeza-del-sacerdocio\\\/#primaryimage\"},\"thumbnailUrl\":\"https:\\\/\\\/exaudi.org\\\/wp-content\\\/uploads\\\/2023\\\/05\\\/pexels-cottonbro-studio-9614062-scaled.jpg\",\"keywords\":[\"Congregaci\u00f3n para los Institutos de Vida Consagrada y las Sociedades de Vida Apost\u00f3lica\",\"Kike Figaredo\",\"Misi\u00f3n\",\"Misi\u00f3n en Battambang\",\"Sacerdocio\",\"Sacerdote\",\"SAUCE ONG\",\"Trending\",\"Vocaci\u00f3n\"],\"articleSection\":[\"Iglesia y Mundo\",\"Voces\"],\"inLanguage\":\"es\"},{\"@type\":\"WebPage\",\"@id\":\"https:\\\/\\\/exaudi.org\\\/es\\\/la-grandeza-del-sacerdocio\\\/\",\"url\":\"https:\\\/\\\/exaudi.org\\\/es\\\/la-grandeza-del-sacerdocio\\\/\",\"name\":\"La grandeza del sacerdocio &#8211; Exaudi\",\"isPartOf\":{\"@id\":\"https:\\\/\\\/exaudi.org\\\/#website\"},\"primaryImageOfPage\":{\"@id\":\"https:\\\/\\\/exaudi.org\\\/es\\\/la-grandeza-del-sacerdocio\\\/#primaryimage\"},\"image\":{\"@id\":\"https:\\\/\\\/exaudi.org\\\/es\\\/la-grandeza-del-sacerdocio\\\/#primaryimage\"},\"thumbnailUrl\":\"https:\\\/\\\/exaudi.org\\\/wp-content\\\/uploads\\\/2023\\\/05\\\/pexels-cottonbro-studio-9614062-scaled.jpg\",\"datePublished\":\"2023-05-03T14:14:57+00:00\",\"dateModified\":\"2023-05-03T15:04:27+00:00\",\"author\":{\"@id\":\"https:\\\/\\\/exaudi.org\\\/#\\\/schema\\\/person\\\/29b1dbd9f3952eecacfc704ca1a473a8\"},\"breadcrumb\":{\"@id\":\"https:\\\/\\\/exaudi.org\\\/es\\\/la-grandeza-del-sacerdocio\\\/#breadcrumb\"},\"inLanguage\":\"es\",\"potentialAction\":[{\"@type\":\"ReadAction\",\"target\":[\"https:\\\/\\\/exaudi.org\\\/es\\\/la-grandeza-del-sacerdocio\\\/\"]}]},{\"@type\":\"ImageObject\",\"inLanguage\":\"es\",\"@id\":\"https:\\\/\\\/exaudi.org\\\/es\\\/la-grandeza-del-sacerdocio\\\/#primaryimage\",\"url\":\"https:\\\/\\\/exaudi.org\\\/wp-content\\\/uploads\\\/2023\\\/05\\\/pexels-cottonbro-studio-9614062-scaled.jpg\",\"contentUrl\":\"https:\\\/\\\/exaudi.org\\\/wp-content\\\/uploads\\\/2023\\\/05\\\/pexels-cottonbro-studio-9614062-scaled.jpg\",\"width\":2560,\"height\":1707,\"caption\":\"(C) Pexels\"},{\"@type\":\"BreadcrumbList\",\"@id\":\"https:\\\/\\\/exaudi.org\\\/es\\\/la-grandeza-del-sacerdocio\\\/#breadcrumb\",\"itemListElement\":[{\"@type\":\"ListItem\",\"position\":1,\"name\":\"Portada\",\"item\":\"https:\\\/\\\/exaudi.org\\\/es\\\/\"},{\"@type\":\"ListItem\",\"position\":2,\"name\":\"La grandeza del sacerdocio\"}]},{\"@type\":\"WebSite\",\"@id\":\"https:\\\/\\\/exaudi.org\\\/#website\",\"url\":\"https:\\\/\\\/exaudi.org\\\/\",\"name\":\"Exaudi\",\"description\":\"News\",\"potentialAction\":[{\"@type\":\"SearchAction\",\"target\":{\"@type\":\"EntryPoint\",\"urlTemplate\":\"https:\\\/\\\/exaudi.org\\\/?s={search_term_string}\"},\"query-input\":{\"@type\":\"PropertyValueSpecification\",\"valueRequired\":true,\"valueName\":\"search_term_string\"}}],\"inLanguage\":\"es\"},{\"@type\":\"Person\",\"@id\":\"https:\\\/\\\/exaudi.org\\\/#\\\/schema\\\/person\\\/29b1dbd9f3952eecacfc704ca1a473a8\",\"name\":\"Salvador Fabre\",\"image\":{\"@type\":\"ImageObject\",\"inLanguage\":\"es\",\"@id\":\"https:\\\/\\\/secure.gravatar.com\\\/avatar\\\/8d1a5a78ba86b9a8255e1c5b454943b9168b1dc31a275487309b73b631a7ac5d?s=96&d=mm&r=g\",\"url\":\"https:\\\/\\\/secure.gravatar.com\\\/avatar\\\/8d1a5a78ba86b9a8255e1c5b454943b9168b1dc31a275487309b73b631a7ac5d?s=96&d=mm&r=g\",\"contentUrl\":\"https:\\\/\\\/secure.gravatar.com\\\/avatar\\\/8d1a5a78ba86b9a8255e1c5b454943b9168b1dc31a275487309b73b631a7ac5d?s=96&d=mm&r=g\",\"caption\":\"Salvador Fabre\"},\"description\":\"Doctor en filosof\u00eda - Pensar en Cristiano\",\"url\":\"https:\\\/\\\/exaudi.org\\\/es\\\/author\\\/dr-salvador-fabre\\\/\"}]}<\/script>\n<!-- \/ Yoast SEO plugin. -->","yoast_head_json":{"title":"La grandeza del sacerdocio &#8211; Exaudi","robots":{"index":"index","follow":"follow","max-snippet":"max-snippet:-1","max-image-preview":"max-image-preview:large","max-video-preview":"max-video-preview:-1"},"canonical":"https:\/\/exaudi.org\/es\/la-grandeza-del-sacerdocio\/","og_locale":"es_ES","og_type":"article","og_title":"La grandeza del sacerdocio &#8211; Exaudi","og_description":"\"Misi\u00f3n en Battambang\", c\u00f3mo responder a las necesidades de las personas que viven en los m\u00e1rgenes de la sociedad y c\u00f3mo colaborar para transformar sus vidas","og_url":"https:\/\/exaudi.org\/es\/la-grandeza-del-sacerdocio\/","og_site_name":"Exaudi","article_publisher":"https:\/\/www.facebook.com\/ExaudiNews","article_published_time":"2023-05-03T14:14:57+00:00","article_modified_time":"2023-05-03T15:04:27+00:00","og_image":[{"width":2560,"height":1707,"url":"https:\/\/exaudi.org\/wp-content\/uploads\/2023\/05\/pexels-cottonbro-studio-9614062-scaled.jpg","type":"image\/jpeg"}],"author":"Salvador Fabre","twitter_card":"summary_large_image","twitter_creator":"@Exaudi_News","twitter_site":"@Exaudi_News","twitter_misc":{"Escrito por":"Salvador Fabre","Tiempo de lectura":"6 minutos"},"schema":{"@context":"https:\/\/schema.org","@graph":[{"@type":"Article","@id":"https:\/\/exaudi.org\/es\/la-grandeza-del-sacerdocio\/#article","isPartOf":{"@id":"https:\/\/exaudi.org\/es\/la-grandeza-del-sacerdocio\/"},"author":{"name":"Salvador Fabre","@id":"https:\/\/exaudi.org\/#\/schema\/person\/29b1dbd9f3952eecacfc704ca1a473a8"},"headline":"La grandeza del sacerdocio","datePublished":"2023-05-03T14:14:57+00:00","dateModified":"2023-05-03T15:04:27+00:00","mainEntityOfPage":{"@id":"https:\/\/exaudi.org\/es\/la-grandeza-del-sacerdocio\/"},"wordCount":1154,"image":{"@id":"https:\/\/exaudi.org\/es\/la-grandeza-del-sacerdocio\/#primaryimage"},"thumbnailUrl":"https:\/\/exaudi.org\/wp-content\/uploads\/2023\/05\/pexels-cottonbro-studio-9614062-scaled.jpg","keywords":["Congregaci\u00f3n para los Institutos de Vida Consagrada y las Sociedades de Vida Apost\u00f3lica","Kike Figaredo","Misi\u00f3n","Misi\u00f3n en Battambang","Sacerdocio","Sacerdote","SAUCE ONG","Trending","Vocaci\u00f3n"],"articleSection":["Iglesia y Mundo","Voces"],"inLanguage":"es"},{"@type":"WebPage","@id":"https:\/\/exaudi.org\/es\/la-grandeza-del-sacerdocio\/","url":"https:\/\/exaudi.org\/es\/la-grandeza-del-sacerdocio\/","name":"La grandeza del sacerdocio &#8211; Exaudi","isPartOf":{"@id":"https:\/\/exaudi.org\/#website"},"primaryImageOfPage":{"@id":"https:\/\/exaudi.org\/es\/la-grandeza-del-sacerdocio\/#primaryimage"},"image":{"@id":"https:\/\/exaudi.org\/es\/la-grandeza-del-sacerdocio\/#primaryimage"},"thumbnailUrl":"https:\/\/exaudi.org\/wp-content\/uploads\/2023\/05\/pexels-cottonbro-studio-9614062-scaled.jpg","datePublished":"2023-05-03T14:14:57+00:00","dateModified":"2023-05-03T15:04:27+00:00","author":{"@id":"https:\/\/exaudi.org\/#\/schema\/person\/29b1dbd9f3952eecacfc704ca1a473a8"},"breadcrumb":{"@id":"https:\/\/exaudi.org\/es\/la-grandeza-del-sacerdocio\/#breadcrumb"},"inLanguage":"es","potentialAction":[{"@type":"ReadAction","target":["https:\/\/exaudi.org\/es\/la-grandeza-del-sacerdocio\/"]}]},{"@type":"ImageObject","inLanguage":"es","@id":"https:\/\/exaudi.org\/es\/la-grandeza-del-sacerdocio\/#primaryimage","url":"https:\/\/exaudi.org\/wp-content\/uploads\/2023\/05\/pexels-cottonbro-studio-9614062-scaled.jpg","contentUrl":"https:\/\/exaudi.org\/wp-content\/uploads\/2023\/05\/pexels-cottonbro-studio-9614062-scaled.jpg","width":2560,"height":1707,"caption":"(C) Pexels"},{"@type":"BreadcrumbList","@id":"https:\/\/exaudi.org\/es\/la-grandeza-del-sacerdocio\/#breadcrumb","itemListElement":[{"@type":"ListItem","position":1,"name":"Portada","item":"https:\/\/exaudi.org\/es\/"},{"@type":"ListItem","position":2,"name":"La grandeza del sacerdocio"}]},{"@type":"WebSite","@id":"https:\/\/exaudi.org\/#website","url":"https:\/\/exaudi.org\/","name":"Exaudi","description":"News","potentialAction":[{"@type":"SearchAction","target":{"@type":"EntryPoint","urlTemplate":"https:\/\/exaudi.org\/?s={search_term_string}"},"query-input":{"@type":"PropertyValueSpecification","valueRequired":true,"valueName":"search_term_string"}}],"inLanguage":"es"},{"@type":"Person","@id":"https:\/\/exaudi.org\/#\/schema\/person\/29b1dbd9f3952eecacfc704ca1a473a8","name":"Salvador Fabre","image":{"@type":"ImageObject","inLanguage":"es","@id":"https:\/\/secure.gravatar.com\/avatar\/8d1a5a78ba86b9a8255e1c5b454943b9168b1dc31a275487309b73b631a7ac5d?s=96&d=mm&r=g","url":"https:\/\/secure.gravatar.com\/avatar\/8d1a5a78ba86b9a8255e1c5b454943b9168b1dc31a275487309b73b631a7ac5d?s=96&d=mm&r=g","contentUrl":"https:\/\/secure.gravatar.com\/avatar\/8d1a5a78ba86b9a8255e1c5b454943b9168b1dc31a275487309b73b631a7ac5d?s=96&d=mm&r=g","caption":"Salvador Fabre"},"description":"Doctor en filosof\u00eda - Pensar en Cristiano","url":"https:\/\/exaudi.org\/es\/author\/dr-salvador-fabre\/"}]}},"jetpack_featured_media_url":"https:\/\/exaudi.org\/wp-content\/uploads\/2023\/05\/pexels-cottonbro-studio-9614062-scaled.jpg","jetpack_shortlink":"https:\/\/wp.me\/pgKjF2-jCN","_links":{"self":[{"href":"https:\/\/exaudi.org\/es\/wp-json\/wp\/v2\/posts\/75441","targetHints":{"allow":["GET"]}}],"collection":[{"href":"https:\/\/exaudi.org\/es\/wp-json\/wp\/v2\/posts"}],"about":[{"href":"https:\/\/exaudi.org\/es\/wp-json\/wp\/v2\/types\/post"}],"author":[{"embeddable":true,"href":"https:\/\/exaudi.org\/es\/wp-json\/wp\/v2\/users\/116"}],"replies":[{"embeddable":true,"href":"https:\/\/exaudi.org\/es\/wp-json\/wp\/v2\/comments?post=75441"}],"version-history":[{"count":0,"href":"https:\/\/exaudi.org\/es\/wp-json\/wp\/v2\/posts\/75441\/revisions"}],"wp:featuredmedia":[{"embeddable":true,"href":"https:\/\/exaudi.org\/es\/wp-json\/wp\/v2\/media\/75445"}],"wp:attachment":[{"href":"https:\/\/exaudi.org\/es\/wp-json\/wp\/v2\/media?parent=75441"}],"wp:term":[{"taxonomy":"category","embeddable":true,"href":"https:\/\/exaudi.org\/es\/wp-json\/wp\/v2\/categories?post=75441"},{"taxonomy":"post_tag","embeddable":true,"href":"https:\/\/exaudi.org\/es\/wp-json\/wp\/v2\/tags?post=75441"}],"curies":[{"name":"wp","href":"https:\/\/api.w.org\/{rel}","templated":true}]}}