{"id":75317,"date":"2023-04-30T22:13:16","date_gmt":"2023-04-30T20:13:16","guid":{"rendered":"https:\/\/exaudi.org\/?p=75317"},"modified":"2023-04-30T22:16:29","modified_gmt":"2023-04-30T20:16:29","slug":"hungria-ceremonia-de-despedida-del-papa","status":"publish","type":"post","link":"https:\/\/exaudi.org\/es\/hungria-ceremonia-de-despedida-del-papa\/","title":{"rendered":"Hungr\u00eda: ceremonia de despedida del Papa"},"content":{"rendered":"<h3><strong>Ceremonia de despedida de Hungr\u00eda en el Aeropuerto Internacional Ferenc Liszt de Budapest<\/strong><\/h3>\n<p>Al t\u00e9rmino del Encuentro con el mundo universitario y cultural en la Universidad Cat\u00f3lica P\u00e9ter P\u00e1zm\u00e1ny, el Santo Padre Francisco se traslad\u00f3 al Aeropuerto Internacional Ferenc Liszt de Budapest para la ceremonia de despedida de Hungr\u00eda.<\/p>\n<p>A su llegada, el Papa fue recibido por la Presidenta de la Rep\u00fablica, la Excma. Sra. Katalin Nov\u00e1k, al pie del avi\u00f3n. A continuaci\u00f3n, tras los saludos de las respectivas Delegaciones y Seguidores locales, el Papa Francisco embarc\u00f3 en un neo\/ITA Airways A320 y parti\u00f3 de regreso a Italia.<\/p>\n<p>El avi\u00f3n que transportaba al Santo Padre en su regreso del Viaje Apost\u00f3lico a Hungr\u00eda despeg\u00f3 del Aeropuerto Internacional Ferenc Liszt de Budapest a las 18:08 y aterriz\u00f3 en el Aeropuerto Internacional Leonardo da Vinci Fiumicino de Roma a las 19:25.<\/p>\n<p>Telegrama al Presidente de la Rep\u00fablica de Hungr\u00eda<\/p>\n<p>Inmediatamente despu\u00e9s de su salida por v\u00eda a\u00e9rea de Budapest, el Santo Padre Francisco envi\u00f3 el siguiente telegrama a la Presidenta de la Rep\u00fablica, Excma. Sra. Katalin Nov\u00e1k<\/p>\n<p>SU EXCELENCIA KATALIN NOV\u00c1K<br \/>\nPRESIDENTE DE HUNGR\u00cdA<br \/>\nBUDAPEST<\/p>\n<p>AL DEJAR HUNGR\u00cdA AL T\u00c9RMINO DE MI VIAJE APOST\u00d3LICO, EXPRESO UNA VEZ M\u00c1S MI M\u00c1S SINCERA GRATITUD A SU EXCELENCIA, A LAS AUTORIDADES CIVILES Y A TODOS SUS CONCIUDADANOS POR SU C\u00c1LIDA ACOGIDA Y AMABLE HOSPITALIDAD. CON LA RENOVADA SEGURIDAD DE MIS ORACIONES, INVOCO SOBRE LA NACI\u00d3N LAS BENDICIONES DE DIOS TODOPODEROSO PARA LA UNIDAD, LA FRATERNIDAD Y LA PAZ.<\/p>\n<p>FRANCIS PP.<\/p>\n<p>[Texto original: ingl\u00e9s].<\/p>\n<p>Telegramas a los Jefes de Estado en el vuelo a\u00e9reo de Budapest a Roma<\/p>\n<p>Durante el viaje a\u00e9reo de Budapest a Roma, sobrevolando Croacia y regresando a Italia, el Papa Francisco envi\u00f3 los siguientes telegramas a los respectivos Jefes de Estado:<\/p>\n<p>Sobrevuelo Croacia<\/p>\n<p>SU EXCELENCIA ZORAN MILANOVI\u0106<br \/>\nPRESIDENTE DE LA REP\u00daBLICA DE CROACIA<br \/>\nZAGREB<\/p>\n<p>SOBREVOLANDO SU PA\u00cdS DESPU\u00c9S DE MI VIAJE APOST\u00d3LICO A HUNGR\u00cdA, RENUEVO CON GUSTO MI MENSAJE DE BUENOS DESEOS A SU EXCELENCIA Y AL PUEBLO CROATA Y LE ASEGURO MIS ORACIONES POR EL BIENESTAR DE LA NACI\u00d3N.<\/p>\n<p>FRANCIS PP.<\/p>\n<p>Texto original: ingl\u00e9s]<\/p>\n<p>Italia &#8211; llegada<\/p>\n<p>A SU EXCELENCIA<br \/>\nON. SERGIO MATTARELLA<br \/>\nPRESIDENTE DE LA REP\u00daBLICA ITALIANA<br \/>\nPALACIO DEL QUIRINAL 00187 ROMA<\/p>\n<p>DE REGRESO DE MI VIAJE APOST\u00d3LICO A HUNGR\u00cdA, DONDE ME HE ENCONTRADO CON PERSONAS DESEOSAS DE CONSTRUIR LA CONVIVENCIA CIVIL Y LA PAZ ENTRE LOS PUEBLOS SOBRE LA BASE DE LOS VALORES EVANG\u00c9LICOS, LE FORMULO CORDIALMENTE A USTED, SE\u00d1OR PRESIDENTE, Y A LA QUERIDA NACI\u00d3N ITALIANA, FERVIENTES DESEOS DE SERENIDAD Y PROSPERIDAD, ASEGUR\u00c1NDOLE MIS CONSTANTES ORACIONES.<\/p>\n<p>FRANCISCUS PP.<\/p>\n","protected":false},"excerpt":{"rendered":"<p>Regreso del viaje apost\u00f3lico a Roma<\/p>\n","protected":false},"author":15,"featured_media":75315,"comment_status":"closed","ping_status":"closed","sticky":false,"template":"","format":"standard","meta":{"_acf_changed":false,"_crdt_document":"","inline_featured_image":false,"footnotes":""},"categories":[68,120],"tags":[9036,2870,158,4953,5843],"class_list":["post-75317","post","type-post","status-publish","format-standard","has-post-thumbnail","hentry","category-leon-xiv","category-viajes","tag-despedida","tag-hungria","tag-papa-francisco","tag-trending-es","tag-viaje-apostolico"],"acf":[],"yoast_head":"<!-- This site is optimized with the Yoast SEO plugin v27.5 - https:\/\/yoast.com\/product\/yoast-seo-wordpress\/ -->\n<title>Hungr\u00eda: ceremonia de despedida del Papa &#8211; Exaudi<\/title>\n<meta name=\"robots\" content=\"index, follow, max-snippet:-1, max-image-preview:large, max-video-preview:-1\" \/>\n<link rel=\"canonical\" href=\"https:\/\/exaudi.org\/es\/hungria-ceremonia-de-despedida-del-papa\/\" \/>\n<meta property=\"og:locale\" content=\"es_ES\" \/>\n<meta property=\"og:type\" content=\"article\" \/>\n<meta property=\"og:title\" content=\"Hungr\u00eda: ceremonia de despedida del Papa &#8211; Exaudi\" \/>\n<meta property=\"og:description\" content=\"Regreso del viaje apost\u00f3lico a Roma\" \/>\n<meta property=\"og:url\" content=\"https:\/\/exaudi.org\/es\/hungria-ceremonia-de-despedida-del-papa\/\" \/>\n<meta property=\"og:site_name\" content=\"Exaudi\" \/>\n<meta property=\"article:publisher\" content=\"https:\/\/www.facebook.com\/ExaudiNews\" \/>\n<meta property=\"article:author\" content=\"https:\/\/www.facebook.com\/ExaudiNoticias\/\" \/>\n<meta property=\"article:published_time\" content=\"2023-04-30T20:13:16+00:00\" \/>\n<meta property=\"article:modified_time\" content=\"2023-04-30T20:16:29+00:00\" \/>\n<meta property=\"og:image\" content=\"https:\/\/exaudi.org\/wp-content\/uploads\/2023\/04\/cq5dam.thumbnail.cropped.750.422-25.jpeg\" \/>\n\t<meta property=\"og:image:width\" content=\"750\" \/>\n\t<meta property=\"og:image:height\" content=\"422\" \/>\n\t<meta property=\"og:image:type\" content=\"image\/jpeg\" \/>\n<meta name=\"author\" content=\"Exaudi Redacci\u00f3n\" \/>\n<meta name=\"twitter:card\" content=\"summary_large_image\" \/>\n<meta name=\"twitter:creator\" content=\"@Exaudi_noticias\" \/>\n<meta name=\"twitter:site\" content=\"@Exaudi_News\" \/>\n<meta name=\"twitter:label1\" content=\"Escrito por\" \/>\n\t<meta name=\"twitter:data1\" content=\"Exaudi Redacci\u00f3n\" \/>\n\t<meta name=\"twitter:label2\" content=\"Tiempo de lectura\" \/>\n\t<meta name=\"twitter:data2\" content=\"2 minutos\" \/>\n<script type=\"application\/ld+json\" class=\"yoast-schema-graph\">{\"@context\":\"https:\\\/\\\/schema.org\",\"@graph\":[{\"@type\":\"Article\",\"@id\":\"https:\\\/\\\/exaudi.org\\\/es\\\/hungria-ceremonia-de-despedida-del-papa\\\/#article\",\"isPartOf\":{\"@id\":\"https:\\\/\\\/exaudi.org\\\/es\\\/hungria-ceremonia-de-despedida-del-papa\\\/\"},\"author\":{\"name\":\"Exaudi Redacci\u00f3n\",\"@id\":\"https:\\\/\\\/exaudi.org\\\/#\\\/schema\\\/person\\\/f5fc8f063065e38742da7afe15f25df7\"},\"headline\":\"Hungr\u00eda: ceremonia de despedida del Papa\",\"datePublished\":\"2023-04-30T20:13:16+00:00\",\"dateModified\":\"2023-04-30T20:16:29+00:00\",\"mainEntityOfPage\":{\"@id\":\"https:\\\/\\\/exaudi.org\\\/es\\\/hungria-ceremonia-de-despedida-del-papa\\\/\"},\"wordCount\":472,\"image\":{\"@id\":\"https:\\\/\\\/exaudi.org\\\/es\\\/hungria-ceremonia-de-despedida-del-papa\\\/#primaryimage\"},\"thumbnailUrl\":\"https:\\\/\\\/exaudi.org\\\/wp-content\\\/uploads\\\/2023\\\/04\\\/cq5dam.thumbnail.cropped.750.422-25.jpeg\",\"keywords\":[\"Despedida\",\"Hungr\u00eda\",\"papa francisco\",\"Trending\",\"Viaje Apost\u00f3lico\"],\"articleSection\":[\"Le\u00f3n XIV\",\"Viajes\"],\"inLanguage\":\"es\"},{\"@type\":\"WebPage\",\"@id\":\"https:\\\/\\\/exaudi.org\\\/es\\\/hungria-ceremonia-de-despedida-del-papa\\\/\",\"url\":\"https:\\\/\\\/exaudi.org\\\/es\\\/hungria-ceremonia-de-despedida-del-papa\\\/\",\"name\":\"Hungr\u00eda: ceremonia de despedida del Papa &#8211; Exaudi\",\"isPartOf\":{\"@id\":\"https:\\\/\\\/exaudi.org\\\/#website\"},\"primaryImageOfPage\":{\"@id\":\"https:\\\/\\\/exaudi.org\\\/es\\\/hungria-ceremonia-de-despedida-del-papa\\\/#primaryimage\"},\"image\":{\"@id\":\"https:\\\/\\\/exaudi.org\\\/es\\\/hungria-ceremonia-de-despedida-del-papa\\\/#primaryimage\"},\"thumbnailUrl\":\"https:\\\/\\\/exaudi.org\\\/wp-content\\\/uploads\\\/2023\\\/04\\\/cq5dam.thumbnail.cropped.750.422-25.jpeg\",\"datePublished\":\"2023-04-30T20:13:16+00:00\",\"dateModified\":\"2023-04-30T20:16:29+00:00\",\"author\":{\"@id\":\"https:\\\/\\\/exaudi.org\\\/#\\\/schema\\\/person\\\/f5fc8f063065e38742da7afe15f25df7\"},\"breadcrumb\":{\"@id\":\"https:\\\/\\\/exaudi.org\\\/es\\\/hungria-ceremonia-de-despedida-del-papa\\\/#breadcrumb\"},\"inLanguage\":\"es\",\"potentialAction\":[{\"@type\":\"ReadAction\",\"target\":[\"https:\\\/\\\/exaudi.org\\\/es\\\/hungria-ceremonia-de-despedida-del-papa\\\/\"]}]},{\"@type\":\"ImageObject\",\"inLanguage\":\"es\",\"@id\":\"https:\\\/\\\/exaudi.org\\\/es\\\/hungria-ceremonia-de-despedida-del-papa\\\/#primaryimage\",\"url\":\"https:\\\/\\\/exaudi.org\\\/wp-content\\\/uploads\\\/2023\\\/04\\\/cq5dam.thumbnail.cropped.750.422-25.jpeg\",\"contentUrl\":\"https:\\\/\\\/exaudi.org\\\/wp-content\\\/uploads\\\/2023\\\/04\\\/cq5dam.thumbnail.cropped.750.422-25.jpeg\",\"width\":750,\"height\":422,\"caption\":\"Vatican Media\"},{\"@type\":\"BreadcrumbList\",\"@id\":\"https:\\\/\\\/exaudi.org\\\/es\\\/hungria-ceremonia-de-despedida-del-papa\\\/#breadcrumb\",\"itemListElement\":[{\"@type\":\"ListItem\",\"position\":1,\"name\":\"Portada\",\"item\":\"https:\\\/\\\/exaudi.org\\\/es\\\/\"},{\"@type\":\"ListItem\",\"position\":2,\"name\":\"Hungr\u00eda: ceremonia de despedida del Papa\"}]},{\"@type\":\"WebSite\",\"@id\":\"https:\\\/\\\/exaudi.org\\\/#website\",\"url\":\"https:\\\/\\\/exaudi.org\\\/\",\"name\":\"Exaudi\",\"description\":\"News\",\"potentialAction\":[{\"@type\":\"SearchAction\",\"target\":{\"@type\":\"EntryPoint\",\"urlTemplate\":\"https:\\\/\\\/exaudi.org\\\/?s={search_term_string}\"},\"query-input\":{\"@type\":\"PropertyValueSpecification\",\"valueRequired\":true,\"valueName\":\"search_term_string\"}}],\"inLanguage\":\"es\"},{\"@type\":\"Person\",\"@id\":\"https:\\\/\\\/exaudi.org\\\/#\\\/schema\\\/person\\\/f5fc8f063065e38742da7afe15f25df7\",\"name\":\"Exaudi Redacci\u00f3n\",\"image\":{\"@type\":\"ImageObject\",\"inLanguage\":\"es\",\"@id\":\"https:\\\/\\\/secure.gravatar.com\\\/avatar\\\/fe0f6a059fb68d9b3e11bc5850dd4899b1c7492091a3cb6dd9b01b56ad828be2?s=96&d=mm&r=g\",\"url\":\"https:\\\/\\\/secure.gravatar.com\\\/avatar\\\/fe0f6a059fb68d9b3e11bc5850dd4899b1c7492091a3cb6dd9b01b56ad828be2?s=96&d=mm&r=g\",\"contentUrl\":\"https:\\\/\\\/secure.gravatar.com\\\/avatar\\\/fe0f6a059fb68d9b3e11bc5850dd4899b1c7492091a3cb6dd9b01b56ad828be2?s=96&d=mm&r=g\",\"caption\":\"Exaudi Redacci\u00f3n\"},\"description\":\"\u00bfQu\u00e9 es Exaudi News? Exaudi News es un medio de comunicaci\u00f3n cat\u00f3lico internacional que informa, forma y transforma, diariamente en espa\u00f1ol, ingl\u00e9s e italiano. A trav\u00e9s de noticias, art\u00edculos de an\u00e1lisis y transmisiones en directo de los eventos del Papa, Exaudi busca fortalecer la unidad de los cristianos y contribuir a la evangelizaci\u00f3n del mundo, siempre guiados por la doctrina social de la Iglesia. Trabajamos para acercar la verdad y los valores cristianos a cada rinc\u00f3n del planeta. \u00a1Ay\u00fadanos a transformar el mundo con Exaudi! En Exaudi creemos que la evangelizaci\u00f3n y la informaci\u00f3n de calidad pueden cambiar vidas. Para continuar con nuestra misi\u00f3n y expandir nuestro alcance, necesitamos tu ayuda. Adem\u00e1s, buscamos personas comprometidas que deseen unirse a nuestro equipo. Con tu apoyo, lograremos llegar a m\u00e1s personas, difundir el mensaje de Cristo y reforzar la unidad de los cristianos. \u00bfTe unes a nuestra misi\u00f3n? Para m\u00e1s informaci\u00f3n sobre c\u00f3mo colaborar, visita Exaudi.org\\\/es o cont\u00e1ctanos directamente: info@exaudi.org Exaudi: Informa, forma y transforma.\",\"sameAs\":[\"https:\\\/\\\/www.facebook.com\\\/ExaudiNoticias\\\/\",\"https:\\\/\\\/www.instagram.com\\\/exaudi_noticias\\\/\",\"https:\\\/\\\/x.com\\\/Exaudi_noticias\",\"https:\\\/\\\/www.youtube.com\\\/@exaudicatholicnews\"],\"url\":\"https:\\\/\\\/exaudi.org\\\/es\\\/author\\\/redaccionexaudi\\\/\"}]}<\/script>\n<!-- \/ Yoast SEO plugin. -->","yoast_head_json":{"title":"Hungr\u00eda: ceremonia de despedida del Papa &#8211; Exaudi","robots":{"index":"index","follow":"follow","max-snippet":"max-snippet:-1","max-image-preview":"max-image-preview:large","max-video-preview":"max-video-preview:-1"},"canonical":"https:\/\/exaudi.org\/es\/hungria-ceremonia-de-despedida-del-papa\/","og_locale":"es_ES","og_type":"article","og_title":"Hungr\u00eda: ceremonia de despedida del Papa &#8211; Exaudi","og_description":"Regreso del viaje apost\u00f3lico a Roma","og_url":"https:\/\/exaudi.org\/es\/hungria-ceremonia-de-despedida-del-papa\/","og_site_name":"Exaudi","article_publisher":"https:\/\/www.facebook.com\/ExaudiNews","article_author":"https:\/\/www.facebook.com\/ExaudiNoticias\/","article_published_time":"2023-04-30T20:13:16+00:00","article_modified_time":"2023-04-30T20:16:29+00:00","og_image":[{"width":750,"height":422,"url":"https:\/\/exaudi.org\/wp-content\/uploads\/2023\/04\/cq5dam.thumbnail.cropped.750.422-25.jpeg","type":"image\/jpeg"}],"author":"Exaudi Redacci\u00f3n","twitter_card":"summary_large_image","twitter_creator":"@Exaudi_noticias","twitter_site":"@Exaudi_News","twitter_misc":{"Escrito por":"Exaudi Redacci\u00f3n","Tiempo de lectura":"2 minutos"},"schema":{"@context":"https:\/\/schema.org","@graph":[{"@type":"Article","@id":"https:\/\/exaudi.org\/es\/hungria-ceremonia-de-despedida-del-papa\/#article","isPartOf":{"@id":"https:\/\/exaudi.org\/es\/hungria-ceremonia-de-despedida-del-papa\/"},"author":{"name":"Exaudi Redacci\u00f3n","@id":"https:\/\/exaudi.org\/#\/schema\/person\/f5fc8f063065e38742da7afe15f25df7"},"headline":"Hungr\u00eda: ceremonia de despedida del Papa","datePublished":"2023-04-30T20:13:16+00:00","dateModified":"2023-04-30T20:16:29+00:00","mainEntityOfPage":{"@id":"https:\/\/exaudi.org\/es\/hungria-ceremonia-de-despedida-del-papa\/"},"wordCount":472,"image":{"@id":"https:\/\/exaudi.org\/es\/hungria-ceremonia-de-despedida-del-papa\/#primaryimage"},"thumbnailUrl":"https:\/\/exaudi.org\/wp-content\/uploads\/2023\/04\/cq5dam.thumbnail.cropped.750.422-25.jpeg","keywords":["Despedida","Hungr\u00eda","papa francisco","Trending","Viaje Apost\u00f3lico"],"articleSection":["Le\u00f3n XIV","Viajes"],"inLanguage":"es"},{"@type":"WebPage","@id":"https:\/\/exaudi.org\/es\/hungria-ceremonia-de-despedida-del-papa\/","url":"https:\/\/exaudi.org\/es\/hungria-ceremonia-de-despedida-del-papa\/","name":"Hungr\u00eda: ceremonia de despedida del Papa &#8211; Exaudi","isPartOf":{"@id":"https:\/\/exaudi.org\/#website"},"primaryImageOfPage":{"@id":"https:\/\/exaudi.org\/es\/hungria-ceremonia-de-despedida-del-papa\/#primaryimage"},"image":{"@id":"https:\/\/exaudi.org\/es\/hungria-ceremonia-de-despedida-del-papa\/#primaryimage"},"thumbnailUrl":"https:\/\/exaudi.org\/wp-content\/uploads\/2023\/04\/cq5dam.thumbnail.cropped.750.422-25.jpeg","datePublished":"2023-04-30T20:13:16+00:00","dateModified":"2023-04-30T20:16:29+00:00","author":{"@id":"https:\/\/exaudi.org\/#\/schema\/person\/f5fc8f063065e38742da7afe15f25df7"},"breadcrumb":{"@id":"https:\/\/exaudi.org\/es\/hungria-ceremonia-de-despedida-del-papa\/#breadcrumb"},"inLanguage":"es","potentialAction":[{"@type":"ReadAction","target":["https:\/\/exaudi.org\/es\/hungria-ceremonia-de-despedida-del-papa\/"]}]},{"@type":"ImageObject","inLanguage":"es","@id":"https:\/\/exaudi.org\/es\/hungria-ceremonia-de-despedida-del-papa\/#primaryimage","url":"https:\/\/exaudi.org\/wp-content\/uploads\/2023\/04\/cq5dam.thumbnail.cropped.750.422-25.jpeg","contentUrl":"https:\/\/exaudi.org\/wp-content\/uploads\/2023\/04\/cq5dam.thumbnail.cropped.750.422-25.jpeg","width":750,"height":422,"caption":"Vatican Media"},{"@type":"BreadcrumbList","@id":"https:\/\/exaudi.org\/es\/hungria-ceremonia-de-despedida-del-papa\/#breadcrumb","itemListElement":[{"@type":"ListItem","position":1,"name":"Portada","item":"https:\/\/exaudi.org\/es\/"},{"@type":"ListItem","position":2,"name":"Hungr\u00eda: ceremonia de despedida del Papa"}]},{"@type":"WebSite","@id":"https:\/\/exaudi.org\/#website","url":"https:\/\/exaudi.org\/","name":"Exaudi","description":"News","potentialAction":[{"@type":"SearchAction","target":{"@type":"EntryPoint","urlTemplate":"https:\/\/exaudi.org\/?s={search_term_string}"},"query-input":{"@type":"PropertyValueSpecification","valueRequired":true,"valueName":"search_term_string"}}],"inLanguage":"es"},{"@type":"Person","@id":"https:\/\/exaudi.org\/#\/schema\/person\/f5fc8f063065e38742da7afe15f25df7","name":"Exaudi Redacci\u00f3n","image":{"@type":"ImageObject","inLanguage":"es","@id":"https:\/\/secure.gravatar.com\/avatar\/fe0f6a059fb68d9b3e11bc5850dd4899b1c7492091a3cb6dd9b01b56ad828be2?s=96&d=mm&r=g","url":"https:\/\/secure.gravatar.com\/avatar\/fe0f6a059fb68d9b3e11bc5850dd4899b1c7492091a3cb6dd9b01b56ad828be2?s=96&d=mm&r=g","contentUrl":"https:\/\/secure.gravatar.com\/avatar\/fe0f6a059fb68d9b3e11bc5850dd4899b1c7492091a3cb6dd9b01b56ad828be2?s=96&d=mm&r=g","caption":"Exaudi Redacci\u00f3n"},"description":"\u00bfQu\u00e9 es Exaudi News? Exaudi News es un medio de comunicaci\u00f3n cat\u00f3lico internacional que informa, forma y transforma, diariamente en espa\u00f1ol, ingl\u00e9s e italiano. A trav\u00e9s de noticias, art\u00edculos de an\u00e1lisis y transmisiones en directo de los eventos del Papa, Exaudi busca fortalecer la unidad de los cristianos y contribuir a la evangelizaci\u00f3n del mundo, siempre guiados por la doctrina social de la Iglesia. Trabajamos para acercar la verdad y los valores cristianos a cada rinc\u00f3n del planeta. \u00a1Ay\u00fadanos a transformar el mundo con Exaudi! En Exaudi creemos que la evangelizaci\u00f3n y la informaci\u00f3n de calidad pueden cambiar vidas. Para continuar con nuestra misi\u00f3n y expandir nuestro alcance, necesitamos tu ayuda. Adem\u00e1s, buscamos personas comprometidas que deseen unirse a nuestro equipo. Con tu apoyo, lograremos llegar a m\u00e1s personas, difundir el mensaje de Cristo y reforzar la unidad de los cristianos. \u00bfTe unes a nuestra misi\u00f3n? Para m\u00e1s informaci\u00f3n sobre c\u00f3mo colaborar, visita Exaudi.org\/es o cont\u00e1ctanos directamente: info@exaudi.org Exaudi: Informa, forma y transforma.","sameAs":["https:\/\/www.facebook.com\/ExaudiNoticias\/","https:\/\/www.instagram.com\/exaudi_noticias\/","https:\/\/x.com\/Exaudi_noticias","https:\/\/www.youtube.com\/@exaudicatholicnews"],"url":"https:\/\/exaudi.org\/es\/author\/redaccionexaudi\/"}]}},"jetpack_featured_media_url":"https:\/\/exaudi.org\/wp-content\/uploads\/2023\/04\/cq5dam.thumbnail.cropped.750.422-25.jpeg","jetpack_shortlink":"https:\/\/wp.me\/pgKjF2-jAN","_links":{"self":[{"href":"https:\/\/exaudi.org\/es\/wp-json\/wp\/v2\/posts\/75317","targetHints":{"allow":["GET"]}}],"collection":[{"href":"https:\/\/exaudi.org\/es\/wp-json\/wp\/v2\/posts"}],"about":[{"href":"https:\/\/exaudi.org\/es\/wp-json\/wp\/v2\/types\/post"}],"author":[{"embeddable":true,"href":"https:\/\/exaudi.org\/es\/wp-json\/wp\/v2\/users\/15"}],"replies":[{"embeddable":true,"href":"https:\/\/exaudi.org\/es\/wp-json\/wp\/v2\/comments?post=75317"}],"version-history":[{"count":0,"href":"https:\/\/exaudi.org\/es\/wp-json\/wp\/v2\/posts\/75317\/revisions"}],"wp:featuredmedia":[{"embeddable":true,"href":"https:\/\/exaudi.org\/es\/wp-json\/wp\/v2\/media\/75315"}],"wp:attachment":[{"href":"https:\/\/exaudi.org\/es\/wp-json\/wp\/v2\/media?parent=75317"}],"wp:term":[{"taxonomy":"category","embeddable":true,"href":"https:\/\/exaudi.org\/es\/wp-json\/wp\/v2\/categories?post=75317"},{"taxonomy":"post_tag","embeddable":true,"href":"https:\/\/exaudi.org\/es\/wp-json\/wp\/v2\/tags?post=75317"}],"curies":[{"name":"wp","href":"https:\/\/api.w.org\/{rel}","templated":true}]}}