{"id":75279,"date":"2023-04-30T14:54:45","date_gmt":"2023-04-30T12:54:45","guid":{"rendered":"https:\/\/exaudi.org\/?p=75279"},"modified":"2023-04-30T14:55:50","modified_gmt":"2023-04-30T12:55:50","slug":"francisco-den-a-los-jovenes-un-futuro-de-paz-y-esperanza-no-de-guerra","status":"publish","type":"post","link":"https:\/\/exaudi.org\/es\/francisco-den-a-los-jovenes-un-futuro-de-paz-y-esperanza-no-de-guerra\/","title":{"rendered":"Francisco: Den a los j\u00f3venes un futuro de paz y esperanza, no de guerra"},"content":{"rendered":"<audio class=\"wp-audio-shortcode\" id=\"audio-75279-1\" preload=\"none\" style=\"width: 100%;\" controls=\"controls\"><source type=\"audio\/mpeg\" src=\"https:\/\/exaudi.org\/wp-content\/uploads\/2023\/04\/Francisco-Den-a-los-jovenes-un-futuro-de-paz-y.mp3?_=1\" \/><a href=\"https:\/\/exaudi.org\/wp-content\/uploads\/2023\/04\/Francisco-Den-a-los-jovenes-un-futuro-de-paz-y.mp3\">https:\/\/exaudi.org\/wp-content\/uploads\/2023\/04\/Francisco-Den-a-los-jovenes-un-futuro-de-paz-y.mp3<\/a><\/audio>\n<p>De pie, ante el icono de la Virgen, Magna Domina Hungarorum, venerada como patrona y protectora de Hungr\u00eda, el Papa elev\u00f3 una s\u00faplica universal por el continente europeo, desgarrado por conflictos, divisiones, tensiones, perspectivas nefastas para el futuro.<\/p>\n<div>\n<div class=\"article__embed article__embed--border embed_style\">\n<blockquote><p>\u201cSant\u00edsima Virgen, mira a los pueblos que m\u00e1s sufren. Mira sobre todo al cercano y martirizado pueblo ucraniano y al pueblo ruso, consagrados a ti\u201d<\/p><\/blockquote>\n<\/div>\n<\/div>\n<p>El Papa rez\u00f3 el Regina Caeli con los 50.000 fieles congregados en la plaza Kossuth Lajos de Budapest, \u00faltimo acto de la ma\u00f1ana antes de trasladarse a la Nunciatura. Antes de la oraci\u00f3n mariana, se dirigi\u00f3 a la Virgen, a cuyo Coraz\u00f3n Inmaculado, el 25 de marzo de 2022, hab\u00eda consagrado Rusia y Ucrania, implorando el fin del conflicto. Y hoy volvi\u00f3 a pedir su intercesi\u00f3n.<\/p>\n<div>\n<div class=\"article__embed article__embed--border embed_style\">\n<blockquote><p>\u201cDesde esta gran ciudad y desde este noble pa\u00eds quisiera confiar de nuevo a su coraz\u00f3n la fe y el futuro de todo el continente europeo, en el que he estado pensando estos d\u00edas y, de modo particular, la causa de la paz\u201d<\/p><\/blockquote>\n<\/div>\n<\/div>\n<figure id=\"attachment_75283\" aria-describedby=\"caption-attachment-75283\" style=\"width: 750px\" class=\"wp-caption alignleft\"><img loading=\"lazy\" decoding=\"async\" class=\"size-full wp-image-75283\" src=\"https:\/\/exaudi.org\/wp-content\/uploads\/2023\/04\/cq5dam.thumbnail.cropped.750.422-24.jpeg\" alt=\"(C) Vatican Media\" width=\"750\" height=\"422\" srcset=\"https:\/\/exaudi.org\/wp-content\/uploads\/2023\/04\/cq5dam.thumbnail.cropped.750.422-24.jpeg 750w, https:\/\/exaudi.org\/wp-content\/uploads\/2023\/04\/cq5dam.thumbnail.cropped.750.422-24-300x169.jpeg 300w, https:\/\/exaudi.org\/wp-content\/uploads\/2023\/04\/cq5dam.thumbnail.cropped.750.422-24-500x281.jpeg 500w, https:\/\/exaudi.org\/wp-content\/uploads\/2023\/04\/cq5dam.thumbnail.cropped.750.422-24-293x165.jpeg 293w, https:\/\/exaudi.org\/wp-content\/uploads\/2023\/04\/cq5dam.thumbnail.cropped.750.422-24-390x219.jpeg 390w\" sizes=\"auto, (max-width: 750px) 100vw, 750px\" \/><figcaption id=\"caption-attachment-75283\" class=\"wp-caption-text\">(C) Vatican Media<\/figcaption><\/figure>\n<p>\u201cT\u00fa eres la Reina de la paz, continu\u00f3 el Obispo de Roma, infunde en los corazones de los hombres y de los responsables de las naciones el deseo de construir la paz, de dar a las j\u00f3venes generaciones un futuro de esperanza, no de guerra; un futuro lleno de cunas, no de tumbas; un mundo de hermanos, no de muros\u201d.<\/p>\n<div>\n<div class=\"article__embed article__embed--unwrap article__embed--photo\"><\/div>\n<\/div>\n<p>Antes de dirigirse a la Madre de Dios, el Pont\u00edfice agradeci\u00f3 a sus hermanos obispos, sacerdotes, consagradas y\u00a0 consagrados, \u201cy a todo el amado pueblo h\u00fangaro, por la acogida y el afecto que he sentido en estos d\u00edas\u201d. Manifest\u00f3 tambi\u00e9n su gratitud \u201ca los que han venido desde lejos y a los que han trabajado tanto y tan bien por esta visita.<\/p>\n<p><i>A todos les digo\u201d:\u00a0 k\u00f6sz\u00f6n\u00f6m, Isten fizesse! [\u00a1gracias, que Dios los recompense!]<\/i><\/p>\n<p>El Papa no olvid\u00f3 a los enfermos y los ancianos, a quienes no pudieron estar presentes, a quienes se sienten solos y han perdido la fe en Dios y la esperanza en la vida. \u201cEstoy cerca de ustedes, rezo por ustedes y los bendigo\u201d, les asegur\u00f3.<\/p>\n<h2><b>En primer lugar la caridad<\/b><\/h2>\n<p>A los diplom\u00e1ticos y a los hermanos y hermanas de otras confesiones cristianas, el Papa les agradeci\u00f3 \u201cpor su presencia\u201d y \u201cporque en este pa\u00eds diversas confesiones y religiones se encuentran y se sostienen rec\u00edprocamente\u201d. Y a\u00f1adi\u00f3:<\/p>\n<div>\n<div class=\"article__embed article__embed--border embed_style\">\n<blockquote><p>\u201cEs hermoso que las fronteras no representen barreras que separan, sino zonas de contacto; y que los creyentes en Cristo pongan en primer lugar la caridad que une y no las diferencias hist\u00f3ricas, culturales y religiosas que dividen. Nos congrega el Evangelio y es volviendo all\u00ed, a las fuentes, donde el camino entre los cristianos proseguir\u00e1 seg\u00fan la voluntad de Jes\u00fas, Buen Pastor, que nos quiere unidos en un solo reba\u00f1o\u201d<\/p><\/blockquote>\n<\/div>\n<\/div>\n<p>Finalmente, la oraci\u00f3n a la Virgen Mar\u00eda:<\/p>\n<div>\n<div class=\"article__embed article__embed--border embed_style\">\n<blockquote><p>\u201cAcudimos a ti, Santa Madre de Dios: despu\u00e9s de la resurrecci\u00f3n de Jes\u00fas acompa\u00f1aste los primeros pasos de la comunidad cristiana, haci\u00e9ndola perseverante y un\u00e1nime en la oraci\u00f3n. As\u00ed mantuviste unidos a los creyentes, preservando la unidad con tu ejemplo d\u00f3cil y servicial. Te pedimos por la Iglesia en Europa, para que encuentre la fuerza de la oraci\u00f3n; para que descubra en ti la humildad y la obediencia, el ardor del testimonio y la belleza del anuncio. A ti te encomendamos esta Iglesia y este pa\u00eds. T\u00fa, que exultaste por tu Hijo resucitado, llena nuestros corazones de su alegr\u00eda.\u201d<\/p><\/blockquote>\n<\/div>\n<\/div>\n<div>\n<aside class=\"article__readmore\">\n<div class=\"teaser--labelEvidence teaser teaser--type-video \">\n<article>\n<div class=\"teaser__labelWrapper\"><\/div>\n<div class=\"teaser__contentWrapper\">\n<div class=\"teaser__info\">\n<div class=\"vn_social_inline_share_toolbox\" data-description=\"\" data-title=\"El Papa en Hungr\u00eda: Como Jes\u00fas, seamos puertas abiertas \" data-url=\"https:\/\/www.vaticannews.va\/es\/papa\/news\/2023-04\/papa-francisco-hungria-como-jesus-seamos-puertas-abiertas.html\" data-media=\"https:\/\/www.vaticannews.va\/content\/dam\/vaticannews\/agenzie\/images\/srv\/2023\/04\/28\/2023-04-28-viaggio-apostolico-in-ungheria\/1682843314094.JPG\/_jcr_content\/renditions\/cq5dam.thumbnail.cropped.500.281.jpeg\"><a title=\"El Papa en Hungr\u00eda: Como Jes\u00fas, seamos puertas abiertas \" href=\"https:\/\/exaudi.org\/es\/papa-francisco-como-jesus-seamos-puertas-abiertas\/\" target=\"_blank\" rel=\"noopener\">El Papa en Hungr\u00eda: Como Jes\u00fas, seamos puertas abiertas<\/a><\/div>\n<\/div>\n<\/div>\n<\/article>\n<\/div>\n<\/aside>\n<\/div>\n<p>Tras rezar a Mar\u00eda, el Papa salud\u00f3 a todos los fieles con estas palabras:<\/p>\n<p><i>Queridos hermanos y hermanas, les deseo que difundan la alegr\u00eda de Cristo: Isten \u00e9ltessen! [\u00a1Felicidades!]. Agradecido por estos d\u00edas, los llevo en el coraz\u00f3n y les pido que recen por m\u00ed. Isten \u00e1ld meg a magyart! [\u00a1Que Dios bendiga a los h\u00fangaros!]<\/i><\/p>\n<p><iframe loading=\"lazy\" title=\"Santa Misa - 41\u00ba Viaje Apost\u00f3lico - Papa Francisco\" width=\"500\" height=\"281\" src=\"https:\/\/www.youtube.com\/embed\/zl7pPLf9DUE?feature=oembed\" frameborder=\"0\" allow=\"accelerometer; autoplay; clipboard-write; encrypted-media; gyroscope; picture-in-picture; web-share\" referrerpolicy=\"strict-origin-when-cross-origin\" allowfullscreen><\/iframe><\/p>\n","protected":false},"excerpt":{"rendered":"<p>En el Regina Caeli, el Papa rez\u00f3 a la Virgen encomend\u00e1ndole al pueblo h\u00fangaro, el futuro de todo el continente europeo y, en especial, a los pueblos ucraniano y ruso \u00abconsagrados a Ti\u00bb<\/p>\n","protected":false},"author":15,"featured_media":75280,"comment_status":"closed","ping_status":"closed","sticky":false,"template":"","format":"standard","meta":{"_acf_changed":false,"_crdt_document":"","inline_featured_image":false,"footnotes":""},"categories":[68,1387,120,126],"tags":[764,2870,1855,158,625,2468,4953,1235],"class_list":["post-75279","post","type-post","status-publish","format-standard","has-post-thumbnail","hentry","category-leon-xiv","category-regina-coeli-es","category-viajes","category-viajes-papales","tag-europa","tag-hungria","tag-jovenes","tag-papa-francisco","tag-paz","tag-regina-coeli-es","tag-trending-es","tag-ucrania"],"acf":[],"yoast_head":"<!-- This site is optimized with the Yoast SEO plugin v27.5 - https:\/\/yoast.com\/product\/yoast-seo-wordpress\/ -->\n<title>Francisco: Den a los j\u00f3venes un futuro de paz y esperanza, no de guerra &#8211; Exaudi<\/title>\n<meta name=\"robots\" content=\"index, follow, max-snippet:-1, max-image-preview:large, max-video-preview:-1\" \/>\n<link rel=\"canonical\" href=\"https:\/\/exaudi.org\/es\/francisco-den-a-los-jovenes-un-futuro-de-paz-y-esperanza-no-de-guerra\/\" \/>\n<meta property=\"og:locale\" content=\"es_ES\" \/>\n<meta property=\"og:type\" content=\"article\" \/>\n<meta property=\"og:title\" content=\"Francisco: Den a los j\u00f3venes un futuro de paz y esperanza, no de guerra &#8211; Exaudi\" \/>\n<meta property=\"og:description\" content=\"En el Regina Caeli, el Papa rez\u00f3 a la Virgen encomend\u00e1ndole al pueblo h\u00fangaro, el futuro de todo el continente europeo y, en especial, a los pueblos ucraniano y ruso &quot;consagrados a Ti&quot;\" \/>\n<meta property=\"og:url\" content=\"https:\/\/exaudi.org\/es\/francisco-den-a-los-jovenes-un-futuro-de-paz-y-esperanza-no-de-guerra\/\" \/>\n<meta property=\"og:site_name\" content=\"Exaudi\" \/>\n<meta property=\"article:publisher\" content=\"https:\/\/www.facebook.com\/ExaudiNews\" \/>\n<meta property=\"article:author\" content=\"https:\/\/www.facebook.com\/ExaudiNoticias\/\" \/>\n<meta property=\"article:published_time\" content=\"2023-04-30T12:54:45+00:00\" \/>\n<meta property=\"article:modified_time\" content=\"2023-04-30T12:55:50+00:00\" \/>\n<meta property=\"og:image\" content=\"https:\/\/exaudi.org\/wp-content\/uploads\/2023\/04\/cq5dam.thumbnail.cropped.750.422-1-18.jpeg\" \/>\n\t<meta property=\"og:image:width\" content=\"750\" \/>\n\t<meta property=\"og:image:height\" content=\"422\" \/>\n\t<meta property=\"og:image:type\" content=\"image\/jpeg\" \/>\n<meta name=\"author\" content=\"Exaudi Redacci\u00f3n\" \/>\n<meta name=\"twitter:card\" content=\"summary_large_image\" \/>\n<meta name=\"twitter:creator\" content=\"@Exaudi_noticias\" \/>\n<meta name=\"twitter:site\" content=\"@Exaudi_News\" \/>\n<meta name=\"twitter:label1\" content=\"Escrito por\" \/>\n\t<meta name=\"twitter:data1\" content=\"Exaudi Redacci\u00f3n\" \/>\n\t<meta name=\"twitter:label2\" content=\"Tiempo de lectura\" \/>\n\t<meta name=\"twitter:data2\" content=\"4 minutos\" \/>\n<script type=\"application\/ld+json\" class=\"yoast-schema-graph\">{\"@context\":\"https:\\\/\\\/schema.org\",\"@graph\":[{\"@type\":\"Article\",\"@id\":\"https:\\\/\\\/exaudi.org\\\/es\\\/francisco-den-a-los-jovenes-un-futuro-de-paz-y-esperanza-no-de-guerra\\\/#article\",\"isPartOf\":{\"@id\":\"https:\\\/\\\/exaudi.org\\\/es\\\/francisco-den-a-los-jovenes-un-futuro-de-paz-y-esperanza-no-de-guerra\\\/\"},\"author\":{\"name\":\"Exaudi Redacci\u00f3n\",\"@id\":\"https:\\\/\\\/exaudi.org\\\/#\\\/schema\\\/person\\\/f5fc8f063065e38742da7afe15f25df7\"},\"headline\":\"Francisco: Den a los j\u00f3venes un futuro de paz y esperanza, no de guerra\",\"datePublished\":\"2023-04-30T12:54:45+00:00\",\"dateModified\":\"2023-04-30T12:55:50+00:00\",\"mainEntityOfPage\":{\"@id\":\"https:\\\/\\\/exaudi.org\\\/es\\\/francisco-den-a-los-jovenes-un-futuro-de-paz-y-esperanza-no-de-guerra\\\/\"},\"wordCount\":725,\"image\":{\"@id\":\"https:\\\/\\\/exaudi.org\\\/es\\\/francisco-den-a-los-jovenes-un-futuro-de-paz-y-esperanza-no-de-guerra\\\/#primaryimage\"},\"thumbnailUrl\":\"https:\\\/\\\/exaudi.org\\\/wp-content\\\/uploads\\\/2023\\\/04\\\/cq5dam.thumbnail.cropped.750.422-1-18.jpeg\",\"keywords\":[\"Europa\",\"Hungr\u00eda\",\"J\u00f3venes\",\"papa francisco\",\"Paz\",\"regina coeli\",\"Trending\",\"Ucrania\"],\"articleSection\":[\"Le\u00f3n XIV\",\"Regina Coeli\",\"Viajes\",\"Viajes Papales\"],\"inLanguage\":\"es\"},{\"@type\":\"WebPage\",\"@id\":\"https:\\\/\\\/exaudi.org\\\/es\\\/francisco-den-a-los-jovenes-un-futuro-de-paz-y-esperanza-no-de-guerra\\\/\",\"url\":\"https:\\\/\\\/exaudi.org\\\/es\\\/francisco-den-a-los-jovenes-un-futuro-de-paz-y-esperanza-no-de-guerra\\\/\",\"name\":\"Francisco: Den a los j\u00f3venes un futuro de paz y esperanza, no de guerra &#8211; Exaudi\",\"isPartOf\":{\"@id\":\"https:\\\/\\\/exaudi.org\\\/#website\"},\"primaryImageOfPage\":{\"@id\":\"https:\\\/\\\/exaudi.org\\\/es\\\/francisco-den-a-los-jovenes-un-futuro-de-paz-y-esperanza-no-de-guerra\\\/#primaryimage\"},\"image\":{\"@id\":\"https:\\\/\\\/exaudi.org\\\/es\\\/francisco-den-a-los-jovenes-un-futuro-de-paz-y-esperanza-no-de-guerra\\\/#primaryimage\"},\"thumbnailUrl\":\"https:\\\/\\\/exaudi.org\\\/wp-content\\\/uploads\\\/2023\\\/04\\\/cq5dam.thumbnail.cropped.750.422-1-18.jpeg\",\"datePublished\":\"2023-04-30T12:54:45+00:00\",\"dateModified\":\"2023-04-30T12:55:50+00:00\",\"author\":{\"@id\":\"https:\\\/\\\/exaudi.org\\\/#\\\/schema\\\/person\\\/f5fc8f063065e38742da7afe15f25df7\"},\"breadcrumb\":{\"@id\":\"https:\\\/\\\/exaudi.org\\\/es\\\/francisco-den-a-los-jovenes-un-futuro-de-paz-y-esperanza-no-de-guerra\\\/#breadcrumb\"},\"inLanguage\":\"es\",\"potentialAction\":[{\"@type\":\"ReadAction\",\"target\":[\"https:\\\/\\\/exaudi.org\\\/es\\\/francisco-den-a-los-jovenes-un-futuro-de-paz-y-esperanza-no-de-guerra\\\/\"]}]},{\"@type\":\"ImageObject\",\"inLanguage\":\"es\",\"@id\":\"https:\\\/\\\/exaudi.org\\\/es\\\/francisco-den-a-los-jovenes-un-futuro-de-paz-y-esperanza-no-de-guerra\\\/#primaryimage\",\"url\":\"https:\\\/\\\/exaudi.org\\\/wp-content\\\/uploads\\\/2023\\\/04\\\/cq5dam.thumbnail.cropped.750.422-1-18.jpeg\",\"contentUrl\":\"https:\\\/\\\/exaudi.org\\\/wp-content\\\/uploads\\\/2023\\\/04\\\/cq5dam.thumbnail.cropped.750.422-1-18.jpeg\",\"width\":750,\"height\":422,\"caption\":\"(C) Vatican Media\"},{\"@type\":\"BreadcrumbList\",\"@id\":\"https:\\\/\\\/exaudi.org\\\/es\\\/francisco-den-a-los-jovenes-un-futuro-de-paz-y-esperanza-no-de-guerra\\\/#breadcrumb\",\"itemListElement\":[{\"@type\":\"ListItem\",\"position\":1,\"name\":\"Portada\",\"item\":\"https:\\\/\\\/exaudi.org\\\/es\\\/\"},{\"@type\":\"ListItem\",\"position\":2,\"name\":\"Francisco: Den a los j\u00f3venes un futuro de paz y esperanza, no de guerra\"}]},{\"@type\":\"WebSite\",\"@id\":\"https:\\\/\\\/exaudi.org\\\/#website\",\"url\":\"https:\\\/\\\/exaudi.org\\\/\",\"name\":\"Exaudi\",\"description\":\"News\",\"potentialAction\":[{\"@type\":\"SearchAction\",\"target\":{\"@type\":\"EntryPoint\",\"urlTemplate\":\"https:\\\/\\\/exaudi.org\\\/?s={search_term_string}\"},\"query-input\":{\"@type\":\"PropertyValueSpecification\",\"valueRequired\":true,\"valueName\":\"search_term_string\"}}],\"inLanguage\":\"es\"},{\"@type\":\"Person\",\"@id\":\"https:\\\/\\\/exaudi.org\\\/#\\\/schema\\\/person\\\/f5fc8f063065e38742da7afe15f25df7\",\"name\":\"Exaudi Redacci\u00f3n\",\"image\":{\"@type\":\"ImageObject\",\"inLanguage\":\"es\",\"@id\":\"https:\\\/\\\/secure.gravatar.com\\\/avatar\\\/fe0f6a059fb68d9b3e11bc5850dd4899b1c7492091a3cb6dd9b01b56ad828be2?s=96&d=mm&r=g\",\"url\":\"https:\\\/\\\/secure.gravatar.com\\\/avatar\\\/fe0f6a059fb68d9b3e11bc5850dd4899b1c7492091a3cb6dd9b01b56ad828be2?s=96&d=mm&r=g\",\"contentUrl\":\"https:\\\/\\\/secure.gravatar.com\\\/avatar\\\/fe0f6a059fb68d9b3e11bc5850dd4899b1c7492091a3cb6dd9b01b56ad828be2?s=96&d=mm&r=g\",\"caption\":\"Exaudi Redacci\u00f3n\"},\"description\":\"\u00bfQu\u00e9 es Exaudi News? Exaudi News es un medio de comunicaci\u00f3n cat\u00f3lico internacional que informa, forma y transforma, diariamente en espa\u00f1ol, ingl\u00e9s e italiano. A trav\u00e9s de noticias, art\u00edculos de an\u00e1lisis y transmisiones en directo de los eventos del Papa, Exaudi busca fortalecer la unidad de los cristianos y contribuir a la evangelizaci\u00f3n del mundo, siempre guiados por la doctrina social de la Iglesia. Trabajamos para acercar la verdad y los valores cristianos a cada rinc\u00f3n del planeta. \u00a1Ay\u00fadanos a transformar el mundo con Exaudi! En Exaudi creemos que la evangelizaci\u00f3n y la informaci\u00f3n de calidad pueden cambiar vidas. Para continuar con nuestra misi\u00f3n y expandir nuestro alcance, necesitamos tu ayuda. Adem\u00e1s, buscamos personas comprometidas que deseen unirse a nuestro equipo. Con tu apoyo, lograremos llegar a m\u00e1s personas, difundir el mensaje de Cristo y reforzar la unidad de los cristianos. \u00bfTe unes a nuestra misi\u00f3n? Para m\u00e1s informaci\u00f3n sobre c\u00f3mo colaborar, visita Exaudi.org\\\/es o cont\u00e1ctanos directamente: info@exaudi.org Exaudi: Informa, forma y transforma.\",\"sameAs\":[\"https:\\\/\\\/www.facebook.com\\\/ExaudiNoticias\\\/\",\"https:\\\/\\\/www.instagram.com\\\/exaudi_noticias\\\/\",\"https:\\\/\\\/x.com\\\/Exaudi_noticias\",\"https:\\\/\\\/www.youtube.com\\\/@exaudicatholicnews\"],\"url\":\"https:\\\/\\\/exaudi.org\\\/es\\\/author\\\/redaccionexaudi\\\/\"}]}<\/script>\n<!-- \/ Yoast SEO plugin. -->","yoast_head_json":{"title":"Francisco: Den a los j\u00f3venes un futuro de paz y esperanza, no de guerra &#8211; Exaudi","robots":{"index":"index","follow":"follow","max-snippet":"max-snippet:-1","max-image-preview":"max-image-preview:large","max-video-preview":"max-video-preview:-1"},"canonical":"https:\/\/exaudi.org\/es\/francisco-den-a-los-jovenes-un-futuro-de-paz-y-esperanza-no-de-guerra\/","og_locale":"es_ES","og_type":"article","og_title":"Francisco: Den a los j\u00f3venes un futuro de paz y esperanza, no de guerra &#8211; Exaudi","og_description":"En el Regina Caeli, el Papa rez\u00f3 a la Virgen encomend\u00e1ndole al pueblo h\u00fangaro, el futuro de todo el continente europeo y, en especial, a los pueblos ucraniano y ruso \"consagrados a Ti\"","og_url":"https:\/\/exaudi.org\/es\/francisco-den-a-los-jovenes-un-futuro-de-paz-y-esperanza-no-de-guerra\/","og_site_name":"Exaudi","article_publisher":"https:\/\/www.facebook.com\/ExaudiNews","article_author":"https:\/\/www.facebook.com\/ExaudiNoticias\/","article_published_time":"2023-04-30T12:54:45+00:00","article_modified_time":"2023-04-30T12:55:50+00:00","og_image":[{"width":750,"height":422,"url":"https:\/\/exaudi.org\/wp-content\/uploads\/2023\/04\/cq5dam.thumbnail.cropped.750.422-1-18.jpeg","type":"image\/jpeg"}],"author":"Exaudi Redacci\u00f3n","twitter_card":"summary_large_image","twitter_creator":"@Exaudi_noticias","twitter_site":"@Exaudi_News","twitter_misc":{"Escrito por":"Exaudi Redacci\u00f3n","Tiempo de lectura":"4 minutos"},"schema":{"@context":"https:\/\/schema.org","@graph":[{"@type":"Article","@id":"https:\/\/exaudi.org\/es\/francisco-den-a-los-jovenes-un-futuro-de-paz-y-esperanza-no-de-guerra\/#article","isPartOf":{"@id":"https:\/\/exaudi.org\/es\/francisco-den-a-los-jovenes-un-futuro-de-paz-y-esperanza-no-de-guerra\/"},"author":{"name":"Exaudi Redacci\u00f3n","@id":"https:\/\/exaudi.org\/#\/schema\/person\/f5fc8f063065e38742da7afe15f25df7"},"headline":"Francisco: Den a los j\u00f3venes un futuro de paz y esperanza, no de guerra","datePublished":"2023-04-30T12:54:45+00:00","dateModified":"2023-04-30T12:55:50+00:00","mainEntityOfPage":{"@id":"https:\/\/exaudi.org\/es\/francisco-den-a-los-jovenes-un-futuro-de-paz-y-esperanza-no-de-guerra\/"},"wordCount":725,"image":{"@id":"https:\/\/exaudi.org\/es\/francisco-den-a-los-jovenes-un-futuro-de-paz-y-esperanza-no-de-guerra\/#primaryimage"},"thumbnailUrl":"https:\/\/exaudi.org\/wp-content\/uploads\/2023\/04\/cq5dam.thumbnail.cropped.750.422-1-18.jpeg","keywords":["Europa","Hungr\u00eda","J\u00f3venes","papa francisco","Paz","regina coeli","Trending","Ucrania"],"articleSection":["Le\u00f3n XIV","Regina Coeli","Viajes","Viajes Papales"],"inLanguage":"es"},{"@type":"WebPage","@id":"https:\/\/exaudi.org\/es\/francisco-den-a-los-jovenes-un-futuro-de-paz-y-esperanza-no-de-guerra\/","url":"https:\/\/exaudi.org\/es\/francisco-den-a-los-jovenes-un-futuro-de-paz-y-esperanza-no-de-guerra\/","name":"Francisco: Den a los j\u00f3venes un futuro de paz y esperanza, no de guerra &#8211; Exaudi","isPartOf":{"@id":"https:\/\/exaudi.org\/#website"},"primaryImageOfPage":{"@id":"https:\/\/exaudi.org\/es\/francisco-den-a-los-jovenes-un-futuro-de-paz-y-esperanza-no-de-guerra\/#primaryimage"},"image":{"@id":"https:\/\/exaudi.org\/es\/francisco-den-a-los-jovenes-un-futuro-de-paz-y-esperanza-no-de-guerra\/#primaryimage"},"thumbnailUrl":"https:\/\/exaudi.org\/wp-content\/uploads\/2023\/04\/cq5dam.thumbnail.cropped.750.422-1-18.jpeg","datePublished":"2023-04-30T12:54:45+00:00","dateModified":"2023-04-30T12:55:50+00:00","author":{"@id":"https:\/\/exaudi.org\/#\/schema\/person\/f5fc8f063065e38742da7afe15f25df7"},"breadcrumb":{"@id":"https:\/\/exaudi.org\/es\/francisco-den-a-los-jovenes-un-futuro-de-paz-y-esperanza-no-de-guerra\/#breadcrumb"},"inLanguage":"es","potentialAction":[{"@type":"ReadAction","target":["https:\/\/exaudi.org\/es\/francisco-den-a-los-jovenes-un-futuro-de-paz-y-esperanza-no-de-guerra\/"]}]},{"@type":"ImageObject","inLanguage":"es","@id":"https:\/\/exaudi.org\/es\/francisco-den-a-los-jovenes-un-futuro-de-paz-y-esperanza-no-de-guerra\/#primaryimage","url":"https:\/\/exaudi.org\/wp-content\/uploads\/2023\/04\/cq5dam.thumbnail.cropped.750.422-1-18.jpeg","contentUrl":"https:\/\/exaudi.org\/wp-content\/uploads\/2023\/04\/cq5dam.thumbnail.cropped.750.422-1-18.jpeg","width":750,"height":422,"caption":"(C) Vatican Media"},{"@type":"BreadcrumbList","@id":"https:\/\/exaudi.org\/es\/francisco-den-a-los-jovenes-un-futuro-de-paz-y-esperanza-no-de-guerra\/#breadcrumb","itemListElement":[{"@type":"ListItem","position":1,"name":"Portada","item":"https:\/\/exaudi.org\/es\/"},{"@type":"ListItem","position":2,"name":"Francisco: Den a los j\u00f3venes un futuro de paz y esperanza, no de guerra"}]},{"@type":"WebSite","@id":"https:\/\/exaudi.org\/#website","url":"https:\/\/exaudi.org\/","name":"Exaudi","description":"News","potentialAction":[{"@type":"SearchAction","target":{"@type":"EntryPoint","urlTemplate":"https:\/\/exaudi.org\/?s={search_term_string}"},"query-input":{"@type":"PropertyValueSpecification","valueRequired":true,"valueName":"search_term_string"}}],"inLanguage":"es"},{"@type":"Person","@id":"https:\/\/exaudi.org\/#\/schema\/person\/f5fc8f063065e38742da7afe15f25df7","name":"Exaudi Redacci\u00f3n","image":{"@type":"ImageObject","inLanguage":"es","@id":"https:\/\/secure.gravatar.com\/avatar\/fe0f6a059fb68d9b3e11bc5850dd4899b1c7492091a3cb6dd9b01b56ad828be2?s=96&d=mm&r=g","url":"https:\/\/secure.gravatar.com\/avatar\/fe0f6a059fb68d9b3e11bc5850dd4899b1c7492091a3cb6dd9b01b56ad828be2?s=96&d=mm&r=g","contentUrl":"https:\/\/secure.gravatar.com\/avatar\/fe0f6a059fb68d9b3e11bc5850dd4899b1c7492091a3cb6dd9b01b56ad828be2?s=96&d=mm&r=g","caption":"Exaudi Redacci\u00f3n"},"description":"\u00bfQu\u00e9 es Exaudi News? Exaudi News es un medio de comunicaci\u00f3n cat\u00f3lico internacional que informa, forma y transforma, diariamente en espa\u00f1ol, ingl\u00e9s e italiano. A trav\u00e9s de noticias, art\u00edculos de an\u00e1lisis y transmisiones en directo de los eventos del Papa, Exaudi busca fortalecer la unidad de los cristianos y contribuir a la evangelizaci\u00f3n del mundo, siempre guiados por la doctrina social de la Iglesia. Trabajamos para acercar la verdad y los valores cristianos a cada rinc\u00f3n del planeta. \u00a1Ay\u00fadanos a transformar el mundo con Exaudi! En Exaudi creemos que la evangelizaci\u00f3n y la informaci\u00f3n de calidad pueden cambiar vidas. Para continuar con nuestra misi\u00f3n y expandir nuestro alcance, necesitamos tu ayuda. Adem\u00e1s, buscamos personas comprometidas que deseen unirse a nuestro equipo. Con tu apoyo, lograremos llegar a m\u00e1s personas, difundir el mensaje de Cristo y reforzar la unidad de los cristianos. \u00bfTe unes a nuestra misi\u00f3n? Para m\u00e1s informaci\u00f3n sobre c\u00f3mo colaborar, visita Exaudi.org\/es o cont\u00e1ctanos directamente: info@exaudi.org Exaudi: Informa, forma y transforma.","sameAs":["https:\/\/www.facebook.com\/ExaudiNoticias\/","https:\/\/www.instagram.com\/exaudi_noticias\/","https:\/\/x.com\/Exaudi_noticias","https:\/\/www.youtube.com\/@exaudicatholicnews"],"url":"https:\/\/exaudi.org\/es\/author\/redaccionexaudi\/"}]}},"jetpack_featured_media_url":"https:\/\/exaudi.org\/wp-content\/uploads\/2023\/04\/cq5dam.thumbnail.cropped.750.422-1-18.jpeg","jetpack_shortlink":"https:\/\/wp.me\/pgKjF2-jAb","_links":{"self":[{"href":"https:\/\/exaudi.org\/es\/wp-json\/wp\/v2\/posts\/75279","targetHints":{"allow":["GET"]}}],"collection":[{"href":"https:\/\/exaudi.org\/es\/wp-json\/wp\/v2\/posts"}],"about":[{"href":"https:\/\/exaudi.org\/es\/wp-json\/wp\/v2\/types\/post"}],"author":[{"embeddable":true,"href":"https:\/\/exaudi.org\/es\/wp-json\/wp\/v2\/users\/15"}],"replies":[{"embeddable":true,"href":"https:\/\/exaudi.org\/es\/wp-json\/wp\/v2\/comments?post=75279"}],"version-history":[{"count":0,"href":"https:\/\/exaudi.org\/es\/wp-json\/wp\/v2\/posts\/75279\/revisions"}],"wp:featuredmedia":[{"embeddable":true,"href":"https:\/\/exaudi.org\/es\/wp-json\/wp\/v2\/media\/75280"}],"wp:attachment":[{"href":"https:\/\/exaudi.org\/es\/wp-json\/wp\/v2\/media?parent=75279"}],"wp:term":[{"taxonomy":"category","embeddable":true,"href":"https:\/\/exaudi.org\/es\/wp-json\/wp\/v2\/categories?post=75279"},{"taxonomy":"post_tag","embeddable":true,"href":"https:\/\/exaudi.org\/es\/wp-json\/wp\/v2\/tags?post=75279"}],"curies":[{"name":"wp","href":"https:\/\/api.w.org\/{rel}","templated":true}]}}