{"id":75244,"date":"2023-04-30T13:36:24","date_gmt":"2023-04-30T11:36:24","guid":{"rendered":"https:\/\/exaudi.org\/?p=75244"},"modified":"2023-04-30T14:19:11","modified_gmt":"2023-04-30T12:19:11","slug":"el-poder-de-una-mujer","status":"publish","type":"post","link":"https:\/\/exaudi.org\/es\/el-poder-de-una-mujer\/","title":{"rendered":"El poder de una mujer"},"content":{"rendered":"<audio class=\"wp-audio-shortcode\" id=\"audio-75244-1\" preload=\"none\" style=\"width: 100%;\" controls=\"controls\"><source type=\"audio\/mpeg\" src=\"https:\/\/exaudi.org\/wp-content\/uploads\/2023\/04\/El-poder-de-una-mujer-Un-ejemplo-de-carisma-en.mp3?_=1\" \/><a href=\"https:\/\/exaudi.org\/wp-content\/uploads\/2023\/04\/El-poder-de-una-mujer-Un-ejemplo-de-carisma-en.mp3\">https:\/\/exaudi.org\/wp-content\/uploads\/2023\/04\/El-poder-de-una-mujer-Un-ejemplo-de-carisma-en.mp3<\/a><\/audio>\n<p><span style=\"font-weight: 400\">Hay dos equ\u00edvocos fundamentales a los cuales quiere responder esta historia real: que la mujer en la Iglesia ha estado hist\u00f3ricamente relegada, carente de poder, o de \u201cempoderamiento\u201d como dir\u00edamos hoy; y que la Edad Media era una \u00e9poca oscurantista, donde la mujer no contaba para nada. La vida de santa Catalina de Siena desmiente ambos supuestos. Cabr\u00eda a\u00f1adir un tercero: que la contemplaci\u00f3n, la vida m\u00edstica nos lleva a desentendernos de los avatares de este mundo, pues tenemos la mirada y el coraz\u00f3n, puesto en el venidero. Tambi\u00e9n la vida de esta santa quiebra dicho paradigma.<\/span><\/p>\n<p><span style=\"font-weight: 400\">Santa Catalina de Siena vivi\u00f3 muy pocos a\u00f1os, pero tuvo una vida muy intensa. Nace en 1347 y muere en el 1380, es decir, hacia el ocaso del a Edad Media. Sin embargo, su mensaje goza de una perenne actualidad, m\u00e1s a\u00fan, de una palpitante actualidad, pues encarnar\u00eda lo que podr\u00edamos llamar una \u00abluchadora social\u00bb. Efectivamente Catalina luch\u00f3 en un primer momento contra la pobreza y a favor del desarrollo y del protagonismo de la mujer en su ciudad, m\u00e1s tarde por la paz en Italia entre las distintas ciudades enemigas, y por la paz dentro de la Iglesia. Esas cuatro luchas de Catalina: contra la pobreza, para promover a la mujer, por la paz en el mundo y en la Iglesia son plenamente actuales, y por ellos podemos ponerlas bajo su patrocinio.<\/span><\/p>\n<p><span style=\"font-weight: 400\">Santa Catalina desarroll\u00f3 una intensa labor epistolar, para conseguir dos fines fundamentales: la paz entre las diversas ciudades italianas y la vuelta a Roma del Papa, que llevaba a\u00f1os viviendo en Avi\u00f1\u00f3n, Francia. Enviada como embajadora de Florencia ante el Papa para implorar la paz con los Estados Pontificios, consigue la vuelta del Papa Gregorio XI a Roma en 1377, y la paz de Florencia con el Papa Urbano VI, su sucesor.<\/span><\/p>\n<p><span style=\"font-weight: 400\">Como puede verse, Catalina estuvo plenamente inmersa en las aventuras de su tempo, en los problemas pol\u00edticos y eclesiales. Fue el instrumento de Dios para conseguir el fin del papado en Avign\u00f3n (una serie de 7 papas gobernaron la Iglesia desde esa ciudad) y le toc\u00f3 ver con dolor c\u00f3mo se produc\u00eda el famoso \u201cCisma de Occidente\u201d, la elecci\u00f3n doble de pont\u00edfices, que entre 1378 y 1417 se disputaron el dominio de la Iglesia, llegando a ser incluso 3 papas en 1410. Ante esa disyuntiva ella apoy\u00f3 a Urbano VI como Papa aut\u00e9ntico.<\/span><\/p>\n<p><span style=\"font-weight: 400\">Pero, independientemente de los detalles de la historia, lo que vemos en la vida de Catalina es a una mujer protagonista de cambios reales en la sociedad y la Iglesia. Consigue la paz entre diversas ciudades italianas y la vuelta del papado a Roma. Es decir, influye decisivamente en el curso de la historia en plena Edad Media, al tiempo que se desvive por los pobres y por la participaci\u00f3n de la mujer en la vida de su sociedad.<\/span><\/p>\n<p><span style=\"font-weight: 400\">Su funci\u00f3n es \u00fanica en la historia de la Iglesia, hasta ahora, pero puede tener una cierta continuidad en un futuro cercano. Catalina represent\u00f3 la voz de la conciencia para el Papa, la voz del Esp\u00edritu Santo que le imploraba volver a Roma, para no ser el Papa de un pa\u00eds, Francia, sino de la Iglesia universal. En efecto, \u201cromanidad\u201d quiere decir universalidad o catolicidad, una de las notas esenciales queridas por Dios para su Iglesia, y que se hab\u00eda perdido por casi setenta a\u00f1os. Su \u00fanica autoridad era moral -la fama de su santidad-, no ten\u00eda nombramientos especiales, pero influ\u00eda directamente en la cabeza de la Iglesia.<\/span><\/p>\n<p><span style=\"font-weight: 400\">Ahora el Papa pide a la mujer una mayor participaci\u00f3n en la vida de la Iglesia, el pr\u00f3ximo s\u00ednodo de obispos, ya no ser\u00e1 solo de obispos, sino tambi\u00e9n de laicos, y el Papa pidi\u00f3 expresamente que la mitad fueran mujeres. SU funci\u00f3n es como la de santa Catalina, asesorar al Papa, aconsejarlo. En efecto, tener el carisma petrino no lo vuelve perfecto, y muchas veces, precisamente por la importancia de su cargo, est\u00e1 m\u00e1s necesitado del consejo que el com\u00fan de los mortales; consejo que muchas veces puede venir de una mujer, como en el caso de nuestra santa. Digamos entonces que la participaci\u00f3n de la mujer en el gobierno de la Iglesia en primer lugar y en el desarrollo de la sociedad (la lucha por la paz, contra la pobreza y por la promoci\u00f3n de la mujer), no es de \u00edndole jer\u00e1rquico -como quieren quienes propugnan la ordenaci\u00f3n sacerdotal femenina- sino carism\u00e1tico, como lo vivi\u00f3 santa Catalina y en su estela multitud de mujeres a lo largo de la historia.<\/span><\/p>\n<p>&nbsp;<\/p>\n","protected":false},"excerpt":{"rendered":"<p>Un ejemplo de carisma en la Iglesia<\/p>\n","protected":false},"author":116,"featured_media":75246,"comment_status":"closed","ping_status":"closed","sticky":false,"template":"","format":"standard","meta":{"_acf_changed":false,"_crdt_document":"","inline_featured_image":false,"footnotes":""},"categories":[130],"tags":[6613,4049,159,1984,1716,4953],"class_list":["post-75244","post","type-post","status-publish","format-standard","has-post-thumbnail","hentry","category-voces","tag-carisma","tag-mujer-es","tag-mujeres","tag-santa-catalina-de-siena","tag-santidad","tag-trending-es"],"acf":[],"yoast_head":"<!-- This site is optimized with the Yoast SEO plugin v27.5 - https:\/\/yoast.com\/product\/yoast-seo-wordpress\/ -->\n<title>El poder de una mujer &#8211; Exaudi<\/title>\n<meta name=\"robots\" content=\"index, follow, max-snippet:-1, max-image-preview:large, max-video-preview:-1\" \/>\n<link rel=\"canonical\" href=\"https:\/\/exaudi.org\/es\/el-poder-de-una-mujer\/\" \/>\n<meta property=\"og:locale\" content=\"es_ES\" \/>\n<meta property=\"og:type\" content=\"article\" \/>\n<meta property=\"og:title\" content=\"El poder de una mujer &#8211; Exaudi\" \/>\n<meta property=\"og:description\" content=\"Un ejemplo de carisma en la Iglesia\" \/>\n<meta property=\"og:url\" content=\"https:\/\/exaudi.org\/es\/el-poder-de-una-mujer\/\" \/>\n<meta property=\"og:site_name\" content=\"Exaudi\" \/>\n<meta property=\"article:publisher\" content=\"https:\/\/www.facebook.com\/ExaudiNews\" \/>\n<meta property=\"article:published_time\" content=\"2023-04-30T11:36:24+00:00\" \/>\n<meta property=\"article:modified_time\" content=\"2023-04-30T12:19:11+00:00\" \/>\n<meta property=\"og:image\" content=\"https:\/\/exaudi.org\/wp-content\/uploads\/2023\/04\/Santa-Catalina-siena_2336476368_15531678_660x371.jpg\" \/>\n\t<meta property=\"og:image:width\" content=\"660\" \/>\n\t<meta property=\"og:image:height\" content=\"371\" \/>\n\t<meta property=\"og:image:type\" content=\"image\/jpeg\" \/>\n<meta name=\"author\" content=\"Salvador Fabre\" \/>\n<meta name=\"twitter:card\" content=\"summary_large_image\" \/>\n<meta name=\"twitter:creator\" content=\"@Exaudi_News\" \/>\n<meta name=\"twitter:site\" content=\"@Exaudi_News\" \/>\n<meta name=\"twitter:label1\" content=\"Escrito por\" \/>\n\t<meta name=\"twitter:data1\" content=\"Salvador Fabre\" \/>\n\t<meta name=\"twitter:label2\" content=\"Tiempo de lectura\" \/>\n\t<meta name=\"twitter:data2\" content=\"4 minutos\" \/>\n<script type=\"application\/ld+json\" class=\"yoast-schema-graph\">{\"@context\":\"https:\\\/\\\/schema.org\",\"@graph\":[{\"@type\":\"Article\",\"@id\":\"https:\\\/\\\/exaudi.org\\\/es\\\/el-poder-de-una-mujer\\\/#article\",\"isPartOf\":{\"@id\":\"https:\\\/\\\/exaudi.org\\\/es\\\/el-poder-de-una-mujer\\\/\"},\"author\":{\"name\":\"Salvador Fabre\",\"@id\":\"https:\\\/\\\/exaudi.org\\\/#\\\/schema\\\/person\\\/29b1dbd9f3952eecacfc704ca1a473a8\"},\"headline\":\"El poder de una mujer\",\"datePublished\":\"2023-04-30T11:36:24+00:00\",\"dateModified\":\"2023-04-30T12:19:11+00:00\",\"mainEntityOfPage\":{\"@id\":\"https:\\\/\\\/exaudi.org\\\/es\\\/el-poder-de-una-mujer\\\/\"},\"wordCount\":806,\"image\":{\"@id\":\"https:\\\/\\\/exaudi.org\\\/es\\\/el-poder-de-una-mujer\\\/#primaryimage\"},\"thumbnailUrl\":\"https:\\\/\\\/exaudi.org\\\/wp-content\\\/uploads\\\/2023\\\/04\\\/Santa-Catalina-siena_2336476368_15531678_660x371.jpg\",\"keywords\":[\"carisma\",\"Mujer\",\"mujeres\",\"Santa Catalina de Siena\",\"Santidad\",\"Trending\"],\"articleSection\":[\"Voces\"],\"inLanguage\":\"es\"},{\"@type\":\"WebPage\",\"@id\":\"https:\\\/\\\/exaudi.org\\\/es\\\/el-poder-de-una-mujer\\\/\",\"url\":\"https:\\\/\\\/exaudi.org\\\/es\\\/el-poder-de-una-mujer\\\/\",\"name\":\"El poder de una mujer &#8211; Exaudi\",\"isPartOf\":{\"@id\":\"https:\\\/\\\/exaudi.org\\\/#website\"},\"primaryImageOfPage\":{\"@id\":\"https:\\\/\\\/exaudi.org\\\/es\\\/el-poder-de-una-mujer\\\/#primaryimage\"},\"image\":{\"@id\":\"https:\\\/\\\/exaudi.org\\\/es\\\/el-poder-de-una-mujer\\\/#primaryimage\"},\"thumbnailUrl\":\"https:\\\/\\\/exaudi.org\\\/wp-content\\\/uploads\\\/2023\\\/04\\\/Santa-Catalina-siena_2336476368_15531678_660x371.jpg\",\"datePublished\":\"2023-04-30T11:36:24+00:00\",\"dateModified\":\"2023-04-30T12:19:11+00:00\",\"author\":{\"@id\":\"https:\\\/\\\/exaudi.org\\\/#\\\/schema\\\/person\\\/29b1dbd9f3952eecacfc704ca1a473a8\"},\"breadcrumb\":{\"@id\":\"https:\\\/\\\/exaudi.org\\\/es\\\/el-poder-de-una-mujer\\\/#breadcrumb\"},\"inLanguage\":\"es\",\"potentialAction\":[{\"@type\":\"ReadAction\",\"target\":[\"https:\\\/\\\/exaudi.org\\\/es\\\/el-poder-de-una-mujer\\\/\"]}]},{\"@type\":\"ImageObject\",\"inLanguage\":\"es\",\"@id\":\"https:\\\/\\\/exaudi.org\\\/es\\\/el-poder-de-una-mujer\\\/#primaryimage\",\"url\":\"https:\\\/\\\/exaudi.org\\\/wp-content\\\/uploads\\\/2023\\\/04\\\/Santa-Catalina-siena_2336476368_15531678_660x371.jpg\",\"contentUrl\":\"https:\\\/\\\/exaudi.org\\\/wp-content\\\/uploads\\\/2023\\\/04\\\/Santa-Catalina-siena_2336476368_15531678_660x371.jpg\",\"width\":660,\"height\":371},{\"@type\":\"BreadcrumbList\",\"@id\":\"https:\\\/\\\/exaudi.org\\\/es\\\/el-poder-de-una-mujer\\\/#breadcrumb\",\"itemListElement\":[{\"@type\":\"ListItem\",\"position\":1,\"name\":\"Portada\",\"item\":\"https:\\\/\\\/exaudi.org\\\/es\\\/\"},{\"@type\":\"ListItem\",\"position\":2,\"name\":\"El poder de una mujer\"}]},{\"@type\":\"WebSite\",\"@id\":\"https:\\\/\\\/exaudi.org\\\/#website\",\"url\":\"https:\\\/\\\/exaudi.org\\\/\",\"name\":\"Exaudi\",\"description\":\"News\",\"potentialAction\":[{\"@type\":\"SearchAction\",\"target\":{\"@type\":\"EntryPoint\",\"urlTemplate\":\"https:\\\/\\\/exaudi.org\\\/?s={search_term_string}\"},\"query-input\":{\"@type\":\"PropertyValueSpecification\",\"valueRequired\":true,\"valueName\":\"search_term_string\"}}],\"inLanguage\":\"es\"},{\"@type\":\"Person\",\"@id\":\"https:\\\/\\\/exaudi.org\\\/#\\\/schema\\\/person\\\/29b1dbd9f3952eecacfc704ca1a473a8\",\"name\":\"Salvador Fabre\",\"image\":{\"@type\":\"ImageObject\",\"inLanguage\":\"es\",\"@id\":\"https:\\\/\\\/secure.gravatar.com\\\/avatar\\\/8d1a5a78ba86b9a8255e1c5b454943b9168b1dc31a275487309b73b631a7ac5d?s=96&d=mm&r=g\",\"url\":\"https:\\\/\\\/secure.gravatar.com\\\/avatar\\\/8d1a5a78ba86b9a8255e1c5b454943b9168b1dc31a275487309b73b631a7ac5d?s=96&d=mm&r=g\",\"contentUrl\":\"https:\\\/\\\/secure.gravatar.com\\\/avatar\\\/8d1a5a78ba86b9a8255e1c5b454943b9168b1dc31a275487309b73b631a7ac5d?s=96&d=mm&r=g\",\"caption\":\"Salvador Fabre\"},\"description\":\"Doctor en filosof\u00eda - Pensar en Cristiano\",\"url\":\"https:\\\/\\\/exaudi.org\\\/es\\\/author\\\/dr-salvador-fabre\\\/\"}]}<\/script>\n<!-- \/ Yoast SEO plugin. -->","yoast_head_json":{"title":"El poder de una mujer &#8211; Exaudi","robots":{"index":"index","follow":"follow","max-snippet":"max-snippet:-1","max-image-preview":"max-image-preview:large","max-video-preview":"max-video-preview:-1"},"canonical":"https:\/\/exaudi.org\/es\/el-poder-de-una-mujer\/","og_locale":"es_ES","og_type":"article","og_title":"El poder de una mujer &#8211; Exaudi","og_description":"Un ejemplo de carisma en la Iglesia","og_url":"https:\/\/exaudi.org\/es\/el-poder-de-una-mujer\/","og_site_name":"Exaudi","article_publisher":"https:\/\/www.facebook.com\/ExaudiNews","article_published_time":"2023-04-30T11:36:24+00:00","article_modified_time":"2023-04-30T12:19:11+00:00","og_image":[{"width":660,"height":371,"url":"https:\/\/exaudi.org\/wp-content\/uploads\/2023\/04\/Santa-Catalina-siena_2336476368_15531678_660x371.jpg","type":"image\/jpeg"}],"author":"Salvador Fabre","twitter_card":"summary_large_image","twitter_creator":"@Exaudi_News","twitter_site":"@Exaudi_News","twitter_misc":{"Escrito por":"Salvador Fabre","Tiempo de lectura":"4 minutos"},"schema":{"@context":"https:\/\/schema.org","@graph":[{"@type":"Article","@id":"https:\/\/exaudi.org\/es\/el-poder-de-una-mujer\/#article","isPartOf":{"@id":"https:\/\/exaudi.org\/es\/el-poder-de-una-mujer\/"},"author":{"name":"Salvador Fabre","@id":"https:\/\/exaudi.org\/#\/schema\/person\/29b1dbd9f3952eecacfc704ca1a473a8"},"headline":"El poder de una mujer","datePublished":"2023-04-30T11:36:24+00:00","dateModified":"2023-04-30T12:19:11+00:00","mainEntityOfPage":{"@id":"https:\/\/exaudi.org\/es\/el-poder-de-una-mujer\/"},"wordCount":806,"image":{"@id":"https:\/\/exaudi.org\/es\/el-poder-de-una-mujer\/#primaryimage"},"thumbnailUrl":"https:\/\/exaudi.org\/wp-content\/uploads\/2023\/04\/Santa-Catalina-siena_2336476368_15531678_660x371.jpg","keywords":["carisma","Mujer","mujeres","Santa Catalina de Siena","Santidad","Trending"],"articleSection":["Voces"],"inLanguage":"es"},{"@type":"WebPage","@id":"https:\/\/exaudi.org\/es\/el-poder-de-una-mujer\/","url":"https:\/\/exaudi.org\/es\/el-poder-de-una-mujer\/","name":"El poder de una mujer &#8211; Exaudi","isPartOf":{"@id":"https:\/\/exaudi.org\/#website"},"primaryImageOfPage":{"@id":"https:\/\/exaudi.org\/es\/el-poder-de-una-mujer\/#primaryimage"},"image":{"@id":"https:\/\/exaudi.org\/es\/el-poder-de-una-mujer\/#primaryimage"},"thumbnailUrl":"https:\/\/exaudi.org\/wp-content\/uploads\/2023\/04\/Santa-Catalina-siena_2336476368_15531678_660x371.jpg","datePublished":"2023-04-30T11:36:24+00:00","dateModified":"2023-04-30T12:19:11+00:00","author":{"@id":"https:\/\/exaudi.org\/#\/schema\/person\/29b1dbd9f3952eecacfc704ca1a473a8"},"breadcrumb":{"@id":"https:\/\/exaudi.org\/es\/el-poder-de-una-mujer\/#breadcrumb"},"inLanguage":"es","potentialAction":[{"@type":"ReadAction","target":["https:\/\/exaudi.org\/es\/el-poder-de-una-mujer\/"]}]},{"@type":"ImageObject","inLanguage":"es","@id":"https:\/\/exaudi.org\/es\/el-poder-de-una-mujer\/#primaryimage","url":"https:\/\/exaudi.org\/wp-content\/uploads\/2023\/04\/Santa-Catalina-siena_2336476368_15531678_660x371.jpg","contentUrl":"https:\/\/exaudi.org\/wp-content\/uploads\/2023\/04\/Santa-Catalina-siena_2336476368_15531678_660x371.jpg","width":660,"height":371},{"@type":"BreadcrumbList","@id":"https:\/\/exaudi.org\/es\/el-poder-de-una-mujer\/#breadcrumb","itemListElement":[{"@type":"ListItem","position":1,"name":"Portada","item":"https:\/\/exaudi.org\/es\/"},{"@type":"ListItem","position":2,"name":"El poder de una mujer"}]},{"@type":"WebSite","@id":"https:\/\/exaudi.org\/#website","url":"https:\/\/exaudi.org\/","name":"Exaudi","description":"News","potentialAction":[{"@type":"SearchAction","target":{"@type":"EntryPoint","urlTemplate":"https:\/\/exaudi.org\/?s={search_term_string}"},"query-input":{"@type":"PropertyValueSpecification","valueRequired":true,"valueName":"search_term_string"}}],"inLanguage":"es"},{"@type":"Person","@id":"https:\/\/exaudi.org\/#\/schema\/person\/29b1dbd9f3952eecacfc704ca1a473a8","name":"Salvador Fabre","image":{"@type":"ImageObject","inLanguage":"es","@id":"https:\/\/secure.gravatar.com\/avatar\/8d1a5a78ba86b9a8255e1c5b454943b9168b1dc31a275487309b73b631a7ac5d?s=96&d=mm&r=g","url":"https:\/\/secure.gravatar.com\/avatar\/8d1a5a78ba86b9a8255e1c5b454943b9168b1dc31a275487309b73b631a7ac5d?s=96&d=mm&r=g","contentUrl":"https:\/\/secure.gravatar.com\/avatar\/8d1a5a78ba86b9a8255e1c5b454943b9168b1dc31a275487309b73b631a7ac5d?s=96&d=mm&r=g","caption":"Salvador Fabre"},"description":"Doctor en filosof\u00eda - Pensar en Cristiano","url":"https:\/\/exaudi.org\/es\/author\/dr-salvador-fabre\/"}]}},"jetpack_featured_media_url":"https:\/\/exaudi.org\/wp-content\/uploads\/2023\/04\/Santa-Catalina-siena_2336476368_15531678_660x371.jpg","jetpack_shortlink":"https:\/\/wp.me\/pgKjF2-jzC","_links":{"self":[{"href":"https:\/\/exaudi.org\/es\/wp-json\/wp\/v2\/posts\/75244","targetHints":{"allow":["GET"]}}],"collection":[{"href":"https:\/\/exaudi.org\/es\/wp-json\/wp\/v2\/posts"}],"about":[{"href":"https:\/\/exaudi.org\/es\/wp-json\/wp\/v2\/types\/post"}],"author":[{"embeddable":true,"href":"https:\/\/exaudi.org\/es\/wp-json\/wp\/v2\/users\/116"}],"replies":[{"embeddable":true,"href":"https:\/\/exaudi.org\/es\/wp-json\/wp\/v2\/comments?post=75244"}],"version-history":[{"count":0,"href":"https:\/\/exaudi.org\/es\/wp-json\/wp\/v2\/posts\/75244\/revisions"}],"wp:featuredmedia":[{"embeddable":true,"href":"https:\/\/exaudi.org\/es\/wp-json\/wp\/v2\/media\/75246"}],"wp:attachment":[{"href":"https:\/\/exaudi.org\/es\/wp-json\/wp\/v2\/media?parent=75244"}],"wp:term":[{"taxonomy":"category","embeddable":true,"href":"https:\/\/exaudi.org\/es\/wp-json\/wp\/v2\/categories?post=75244"},{"taxonomy":"post_tag","embeddable":true,"href":"https:\/\/exaudi.org\/es\/wp-json\/wp\/v2\/tags?post=75244"}],"curies":[{"name":"wp","href":"https:\/\/api.w.org\/{rel}","templated":true}]}}