{"id":75238,"date":"2023-04-30T08:34:54","date_gmt":"2023-04-30T06:34:54","guid":{"rendered":"https:\/\/exaudi.org\/?p=75238"},"modified":"2023-04-30T08:34:54","modified_gmt":"2023-04-30T06:34:54","slug":"yo-soy-la-puerta-de-las-ovejas-comentario-p-jorge-miro","status":"publish","type":"post","link":"https:\/\/exaudi.org\/es\/yo-soy-la-puerta-de-las-ovejas-comentario-p-jorge-miro\/","title":{"rendered":"Yo soy la puerta de las ovejas: Comentario P. Jorge Mir\u00f3"},"content":{"rendered":"<p>El padre Jorge Mir\u00f3 comparte con los lectores de Exaudi su comentario sobre el <a href=\"https:\/\/www.dominicos.org\/predicacion\/homilia\/30-4-2023\/lecturas\/\" target=\"_blank\" rel=\"noopener\">Evangelio de hoy, 30 de abril de 2023<\/a>, titulado \u201c<em>Yo soy la puerta de las ovejas<\/em>\u201d.<\/p>\n<p>***<\/p>\n<p>El cuarto Domingo de Pascua es el del Buen Pastor: Jesucristo es el <em>Buen Pastor<\/em> que cuida de <em>sus<\/em> ovejas, que da la vida por ellas, que las conoce y es conocido por ellas.<\/p>\n<p>Esta comparaci\u00f3n nos hace comprender de una manera sencilla y profunda cu\u00e1l es la <em>relaci\u00f3n<\/em> que Jesucristo quiere tener <em>contigo<\/em>.<\/p>\n<p>La fe no es una teor\u00eda, ni una ideolog\u00eda: es una <em>vida<\/em>, una vida de amistad, <em>de comuni\u00f3n con el Se\u00f1or<\/em>. Dice Benedicto XVI que <em>se comienza a ser cristiano por el encuentro con un acontecimiento, con una Persona, que da un nuevo horizonte a la vida<\/em> (cf. <em>DCE<\/em> 1).<\/p>\n<p>Cuando uno acoge de verdad el Evangelio, cuando uno se encuentra con Jesucristo, su vida cambia. No por el propio esfuerzo, sino por la acci\u00f3n del Esp\u00edritu Santo en el coraz\u00f3n del hombre.<\/p>\n<p>Porque Jesucristo es el Buen Pastor. \u00c9l es el maestro y el Se\u00f1or. \u00c9l es <em>el<\/em> camino, <em>la<\/em> verdad y <em>la<\/em> vida.<\/p>\n<p>Jesucristo es la piedra angular, <em>ning\u00fan otro puede salvar: <\/em><em>Yo soy la puerta: quien entre por m\u00ed se salvar\u00e1 y podr\u00e1 entrar y salir, y encontrar\u00e1 pastos<\/em>. No busques la vida en los \u00eddolos, que ah\u00ed no la encontrar\u00e1s.<\/p>\n<p>Nosotros somos las <em>ovejas<\/em>. Es decir, debemos <em>seguir al Pastor<\/em>, debemos <em>escuchar su voz<\/em>, con mansedumbre, con docilidad, con confianza, obedeciendo al Pastor. Sin escuchar la voz de los <em>extra\u00f1os<\/em>&#8230;<\/p>\n<p>\u00bfC\u00f3mo est\u00e1 tu relaci\u00f3n con Jesucristo, el Buen Pastor? \u00bfEscuchas su voz? \u00bfEres d\u00f3cil a su palabra, a su ense\u00f1anza? \u00bfHaces m\u00e1s caso a la voz de los <em>extra\u00f1os<\/em> que a la voz de Jesucristo?<\/p>\n<p>Hemos de tener una actitud de <em>mansedumbre<\/em>, dej\u00e1ndonos llevar por el Buen Pastor, aunque a veces no le comprendamos, pero fi\u00e1ndonos siempre de quien sabemos que nos ama m\u00e1s que nadie y quiere para nosotros la felicidad y la vida eterna.<\/p>\n<p>Dos <em>signos<\/em> de esta acogida de Jesucristo nos muestra la Palabra de hoy: la <em>conversi\u00f3n<\/em> y el <em>testimonio<\/em>.<\/p>\n<p>En la primera lectura contemplamos c\u00f3mo los que acogen la predicaci\u00f3n de Pedro, enseguida preguntan: \u00bf<em>qu\u00e9 tenemos que<\/em> <em>hacer<\/em>?<\/p>\n<p>Y \u00e9l les contesta: <em>Convert\u00edos y bautizaos\u2026 y recibir\u00e9is el don del Esp\u00edritu Santo<\/em>.<\/p>\n<p>El hombre, recreado por la palabra y por el Esp\u00edritu es ya una criatura nueva, que no vive para el pecado, no sigue ya sus pasiones, ni los criterios del mundo, sino que obedece a la Palabra del Se\u00f1or, que tiene vida eterna: vive bajo la gu\u00eda del Esp\u00edritu Santo.<\/p>\n<p>Adem\u00e1s, Jesucristo ha confiado a la Iglesia la misi\u00f3n de <em>pastorear<\/em> al reba\u00f1o del Pueblo de Dios.<\/p>\n<p>Es <em>el Papa<\/em>, y <em>los Obispos<\/em> en comuni\u00f3n con El, quienes tienen que pastorear el reba\u00f1o. De esta misi\u00f3n participan tambi\u00e9n los <em>sacerdotes<\/em> en la medida en que son colaboradores de los Obispos y reciben de ellos la misi\u00f3n pastoral, y tambi\u00e9n los <em>laicos<\/em> en la medida en que reciben de la Iglesia la misi\u00f3n para participar en la tarea pastoral (cf. <em>Catecismo<\/em>, 910s).<\/p>\n<p>Por ello, nos hemos de preguntar si estamos escuchando la voz de la Iglesia, si estamos en comuni\u00f3n con ella, si somos d\u00f3ciles a su ense\u00f1anza.<\/p>\n<p>Tambi\u00e9n hemos de pedirle al Se\u00f1or que nos <em>d\u00e9 pastores seg\u00fan su coraz\u00f3n<\/em>, que haga suscitar entre nosotros j\u00f3venes valientes, capaces de aceptar el reto de entregarse totalmente por Jesucristo en la misi\u00f3n de cuidar y guiar al reba\u00f1o.<\/p>\n<p>Tambi\u00e9n debemos preguntarnos hoy c\u00f3mo estamos viviendo nuestra <em>misi\u00f3n<\/em> pastoral los que tenemos alguna responsabilidad sobre los dem\u00e1s: sacerdotes, padres, padrinos, maestros, catequistas, educadores.<\/p>\n<p>\u00a1Ven, Esp\u00edritu Santo!<\/p>\n","protected":false},"excerpt":{"rendered":"<p>Domingo, 30 de abril de 2023<\/p>\n","protected":false},"author":20,"featured_media":75239,"comment_status":"closed","ping_status":"closed","sticky":false,"template":"","format":"standard","meta":{"_acf_changed":false,"_crdt_document":"","inline_featured_image":false,"footnotes":""},"categories":[96],"tags":[368,9030,6281],"class_list":["post-75238","post","type-post","status-publish","format-standard","has-post-thumbnail","hentry","category-espiritualidad","tag-comentario-del-evangelio","tag-el-buen-pastor","tag-jorge-miro"],"acf":[],"yoast_head":"<!-- This site is optimized with the Yoast SEO plugin v27.5 - https:\/\/yoast.com\/product\/yoast-seo-wordpress\/ -->\n<title>Yo soy la puerta de las ovejas: Comentario P. Jorge Mir\u00f3 &#8211; Exaudi<\/title>\n<meta name=\"robots\" content=\"index, follow, max-snippet:-1, max-image-preview:large, max-video-preview:-1\" \/>\n<link rel=\"canonical\" href=\"https:\/\/exaudi.org\/es\/yo-soy-la-puerta-de-las-ovejas-comentario-p-jorge-miro\/\" \/>\n<meta property=\"og:locale\" content=\"es_ES\" \/>\n<meta property=\"og:type\" content=\"article\" \/>\n<meta property=\"og:title\" content=\"Yo soy la puerta de las ovejas: Comentario P. Jorge Mir\u00f3 &#8211; Exaudi\" \/>\n<meta property=\"og:description\" content=\"Domingo, 30 de abril de 2023\" \/>\n<meta property=\"og:url\" content=\"https:\/\/exaudi.org\/es\/yo-soy-la-puerta-de-las-ovejas-comentario-p-jorge-miro\/\" \/>\n<meta property=\"og:site_name\" content=\"Exaudi\" \/>\n<meta property=\"article:publisher\" content=\"https:\/\/www.facebook.com\/ExaudiNews\" \/>\n<meta property=\"article:published_time\" content=\"2023-04-30T06:34:54+00:00\" \/>\n<meta property=\"og:image\" content=\"https:\/\/exaudi.org\/wp-content\/uploads\/2023\/04\/El-Buen-Pastor-scaled.jpg\" \/>\n\t<meta property=\"og:image:width\" content=\"2153\" \/>\n\t<meta property=\"og:image:height\" content=\"2560\" \/>\n\t<meta property=\"og:image:type\" content=\"image\/jpeg\" \/>\n<meta name=\"author\" content=\"Jorge Mir\u00f3\" \/>\n<meta name=\"twitter:card\" content=\"summary_large_image\" \/>\n<meta name=\"twitter:creator\" content=\"@Exaudi_News\" \/>\n<meta name=\"twitter:site\" content=\"@Exaudi_News\" \/>\n<meta name=\"twitter:label1\" content=\"Escrito por\" \/>\n\t<meta name=\"twitter:data1\" content=\"Jorge Mir\u00f3\" \/>\n\t<meta name=\"twitter:label2\" content=\"Tiempo de lectura\" \/>\n\t<meta name=\"twitter:data2\" content=\"3 minutos\" \/>\n<script type=\"application\/ld+json\" class=\"yoast-schema-graph\">{\"@context\":\"https:\\\/\\\/schema.org\",\"@graph\":[{\"@type\":\"Article\",\"@id\":\"https:\\\/\\\/exaudi.org\\\/es\\\/yo-soy-la-puerta-de-las-ovejas-comentario-p-jorge-miro\\\/#article\",\"isPartOf\":{\"@id\":\"https:\\\/\\\/exaudi.org\\\/es\\\/yo-soy-la-puerta-de-las-ovejas-comentario-p-jorge-miro\\\/\"},\"author\":{\"name\":\"Jorge Mir\u00f3\",\"@id\":\"https:\\\/\\\/exaudi.org\\\/#\\\/schema\\\/person\\\/a258c56b05e63b2b367bdca29e0ed3e3\"},\"headline\":\"Yo soy la puerta de las ovejas: Comentario P. Jorge Mir\u00f3\",\"datePublished\":\"2023-04-30T06:34:54+00:00\",\"mainEntityOfPage\":{\"@id\":\"https:\\\/\\\/exaudi.org\\\/es\\\/yo-soy-la-puerta-de-las-ovejas-comentario-p-jorge-miro\\\/\"},\"wordCount\":674,\"image\":{\"@id\":\"https:\\\/\\\/exaudi.org\\\/es\\\/yo-soy-la-puerta-de-las-ovejas-comentario-p-jorge-miro\\\/#primaryimage\"},\"thumbnailUrl\":\"https:\\\/\\\/exaudi.org\\\/wp-content\\\/uploads\\\/2023\\\/04\\\/El-Buen-Pastor-scaled.jpg\",\"keywords\":[\"Comentario del Evangelio\",\"El Buen Pastor\",\"Jorge Mir\u00f3\"],\"articleSection\":[\"Espiritualidad\"],\"inLanguage\":\"es\"},{\"@type\":\"WebPage\",\"@id\":\"https:\\\/\\\/exaudi.org\\\/es\\\/yo-soy-la-puerta-de-las-ovejas-comentario-p-jorge-miro\\\/\",\"url\":\"https:\\\/\\\/exaudi.org\\\/es\\\/yo-soy-la-puerta-de-las-ovejas-comentario-p-jorge-miro\\\/\",\"name\":\"Yo soy la puerta de las ovejas: Comentario P. Jorge Mir\u00f3 &#8211; Exaudi\",\"isPartOf\":{\"@id\":\"https:\\\/\\\/exaudi.org\\\/#website\"},\"primaryImageOfPage\":{\"@id\":\"https:\\\/\\\/exaudi.org\\\/es\\\/yo-soy-la-puerta-de-las-ovejas-comentario-p-jorge-miro\\\/#primaryimage\"},\"image\":{\"@id\":\"https:\\\/\\\/exaudi.org\\\/es\\\/yo-soy-la-puerta-de-las-ovejas-comentario-p-jorge-miro\\\/#primaryimage\"},\"thumbnailUrl\":\"https:\\\/\\\/exaudi.org\\\/wp-content\\\/uploads\\\/2023\\\/04\\\/El-Buen-Pastor-scaled.jpg\",\"datePublished\":\"2023-04-30T06:34:54+00:00\",\"author\":{\"@id\":\"https:\\\/\\\/exaudi.org\\\/#\\\/schema\\\/person\\\/a258c56b05e63b2b367bdca29e0ed3e3\"},\"breadcrumb\":{\"@id\":\"https:\\\/\\\/exaudi.org\\\/es\\\/yo-soy-la-puerta-de-las-ovejas-comentario-p-jorge-miro\\\/#breadcrumb\"},\"inLanguage\":\"es\",\"potentialAction\":[{\"@type\":\"ReadAction\",\"target\":[\"https:\\\/\\\/exaudi.org\\\/es\\\/yo-soy-la-puerta-de-las-ovejas-comentario-p-jorge-miro\\\/\"]}]},{\"@type\":\"ImageObject\",\"inLanguage\":\"es\",\"@id\":\"https:\\\/\\\/exaudi.org\\\/es\\\/yo-soy-la-puerta-de-las-ovejas-comentario-p-jorge-miro\\\/#primaryimage\",\"url\":\"https:\\\/\\\/exaudi.org\\\/wp-content\\\/uploads\\\/2023\\\/04\\\/El-Buen-Pastor-scaled.jpg\",\"contentUrl\":\"https:\\\/\\\/exaudi.org\\\/wp-content\\\/uploads\\\/2023\\\/04\\\/El-Buen-Pastor-scaled.jpg\",\"width\":2153,\"height\":2560,\"caption\":\"El Buen Pastor \u00a9 Cathopic\"},{\"@type\":\"BreadcrumbList\",\"@id\":\"https:\\\/\\\/exaudi.org\\\/es\\\/yo-soy-la-puerta-de-las-ovejas-comentario-p-jorge-miro\\\/#breadcrumb\",\"itemListElement\":[{\"@type\":\"ListItem\",\"position\":1,\"name\":\"Portada\",\"item\":\"https:\\\/\\\/exaudi.org\\\/es\\\/\"},{\"@type\":\"ListItem\",\"position\":2,\"name\":\"Yo soy la puerta de las ovejas: Comentario P. Jorge Mir\u00f3\"}]},{\"@type\":\"WebSite\",\"@id\":\"https:\\\/\\\/exaudi.org\\\/#website\",\"url\":\"https:\\\/\\\/exaudi.org\\\/\",\"name\":\"Exaudi\",\"description\":\"News\",\"potentialAction\":[{\"@type\":\"SearchAction\",\"target\":{\"@type\":\"EntryPoint\",\"urlTemplate\":\"https:\\\/\\\/exaudi.org\\\/?s={search_term_string}\"},\"query-input\":{\"@type\":\"PropertyValueSpecification\",\"valueRequired\":true,\"valueName\":\"search_term_string\"}}],\"inLanguage\":\"es\"},{\"@type\":\"Person\",\"@id\":\"https:\\\/\\\/exaudi.org\\\/#\\\/schema\\\/person\\\/a258c56b05e63b2b367bdca29e0ed3e3\",\"name\":\"Jorge Mir\u00f3\",\"image\":{\"@type\":\"ImageObject\",\"inLanguage\":\"es\",\"@id\":\"https:\\\/\\\/secure.gravatar.com\\\/avatar\\\/f5ea26c436669b01b7b02124bf13596df002525d6f392707d301543be365bd44?s=96&d=mm&r=g\",\"url\":\"https:\\\/\\\/secure.gravatar.com\\\/avatar\\\/f5ea26c436669b01b7b02124bf13596df002525d6f392707d301543be365bd44?s=96&d=mm&r=g\",\"contentUrl\":\"https:\\\/\\\/secure.gravatar.com\\\/avatar\\\/f5ea26c436669b01b7b02124bf13596df002525d6f392707d301543be365bd44?s=96&d=mm&r=g\",\"caption\":\"Jorge Mir\u00f3\"},\"description\":\"Sacerdote de la archidi\u00f3cesis de Valencia y profesor en la Facultad de Ciencias Jur\u00eddicas, Econ\u00f3micas y Sociales de la Universidad Cat\u00f3lica de Valencia\",\"url\":\"https:\\\/\\\/exaudi.org\\\/es\\\/author\\\/jorgemiro\\\/\"}]}<\/script>\n<!-- \/ Yoast SEO plugin. -->","yoast_head_json":{"title":"Yo soy la puerta de las ovejas: Comentario P. Jorge Mir\u00f3 &#8211; Exaudi","robots":{"index":"index","follow":"follow","max-snippet":"max-snippet:-1","max-image-preview":"max-image-preview:large","max-video-preview":"max-video-preview:-1"},"canonical":"https:\/\/exaudi.org\/es\/yo-soy-la-puerta-de-las-ovejas-comentario-p-jorge-miro\/","og_locale":"es_ES","og_type":"article","og_title":"Yo soy la puerta de las ovejas: Comentario P. Jorge Mir\u00f3 &#8211; Exaudi","og_description":"Domingo, 30 de abril de 2023","og_url":"https:\/\/exaudi.org\/es\/yo-soy-la-puerta-de-las-ovejas-comentario-p-jorge-miro\/","og_site_name":"Exaudi","article_publisher":"https:\/\/www.facebook.com\/ExaudiNews","article_published_time":"2023-04-30T06:34:54+00:00","og_image":[{"width":2153,"height":2560,"url":"https:\/\/exaudi.org\/wp-content\/uploads\/2023\/04\/El-Buen-Pastor-scaled.jpg","type":"image\/jpeg"}],"author":"Jorge Mir\u00f3","twitter_card":"summary_large_image","twitter_creator":"@Exaudi_News","twitter_site":"@Exaudi_News","twitter_misc":{"Escrito por":"Jorge Mir\u00f3","Tiempo de lectura":"3 minutos"},"schema":{"@context":"https:\/\/schema.org","@graph":[{"@type":"Article","@id":"https:\/\/exaudi.org\/es\/yo-soy-la-puerta-de-las-ovejas-comentario-p-jorge-miro\/#article","isPartOf":{"@id":"https:\/\/exaudi.org\/es\/yo-soy-la-puerta-de-las-ovejas-comentario-p-jorge-miro\/"},"author":{"name":"Jorge Mir\u00f3","@id":"https:\/\/exaudi.org\/#\/schema\/person\/a258c56b05e63b2b367bdca29e0ed3e3"},"headline":"Yo soy la puerta de las ovejas: Comentario P. Jorge Mir\u00f3","datePublished":"2023-04-30T06:34:54+00:00","mainEntityOfPage":{"@id":"https:\/\/exaudi.org\/es\/yo-soy-la-puerta-de-las-ovejas-comentario-p-jorge-miro\/"},"wordCount":674,"image":{"@id":"https:\/\/exaudi.org\/es\/yo-soy-la-puerta-de-las-ovejas-comentario-p-jorge-miro\/#primaryimage"},"thumbnailUrl":"https:\/\/exaudi.org\/wp-content\/uploads\/2023\/04\/El-Buen-Pastor-scaled.jpg","keywords":["Comentario del Evangelio","El Buen Pastor","Jorge Mir\u00f3"],"articleSection":["Espiritualidad"],"inLanguage":"es"},{"@type":"WebPage","@id":"https:\/\/exaudi.org\/es\/yo-soy-la-puerta-de-las-ovejas-comentario-p-jorge-miro\/","url":"https:\/\/exaudi.org\/es\/yo-soy-la-puerta-de-las-ovejas-comentario-p-jorge-miro\/","name":"Yo soy la puerta de las ovejas: Comentario P. Jorge Mir\u00f3 &#8211; Exaudi","isPartOf":{"@id":"https:\/\/exaudi.org\/#website"},"primaryImageOfPage":{"@id":"https:\/\/exaudi.org\/es\/yo-soy-la-puerta-de-las-ovejas-comentario-p-jorge-miro\/#primaryimage"},"image":{"@id":"https:\/\/exaudi.org\/es\/yo-soy-la-puerta-de-las-ovejas-comentario-p-jorge-miro\/#primaryimage"},"thumbnailUrl":"https:\/\/exaudi.org\/wp-content\/uploads\/2023\/04\/El-Buen-Pastor-scaled.jpg","datePublished":"2023-04-30T06:34:54+00:00","author":{"@id":"https:\/\/exaudi.org\/#\/schema\/person\/a258c56b05e63b2b367bdca29e0ed3e3"},"breadcrumb":{"@id":"https:\/\/exaudi.org\/es\/yo-soy-la-puerta-de-las-ovejas-comentario-p-jorge-miro\/#breadcrumb"},"inLanguage":"es","potentialAction":[{"@type":"ReadAction","target":["https:\/\/exaudi.org\/es\/yo-soy-la-puerta-de-las-ovejas-comentario-p-jorge-miro\/"]}]},{"@type":"ImageObject","inLanguage":"es","@id":"https:\/\/exaudi.org\/es\/yo-soy-la-puerta-de-las-ovejas-comentario-p-jorge-miro\/#primaryimage","url":"https:\/\/exaudi.org\/wp-content\/uploads\/2023\/04\/El-Buen-Pastor-scaled.jpg","contentUrl":"https:\/\/exaudi.org\/wp-content\/uploads\/2023\/04\/El-Buen-Pastor-scaled.jpg","width":2153,"height":2560,"caption":"El Buen Pastor \u00a9 Cathopic"},{"@type":"BreadcrumbList","@id":"https:\/\/exaudi.org\/es\/yo-soy-la-puerta-de-las-ovejas-comentario-p-jorge-miro\/#breadcrumb","itemListElement":[{"@type":"ListItem","position":1,"name":"Portada","item":"https:\/\/exaudi.org\/es\/"},{"@type":"ListItem","position":2,"name":"Yo soy la puerta de las ovejas: Comentario P. Jorge Mir\u00f3"}]},{"@type":"WebSite","@id":"https:\/\/exaudi.org\/#website","url":"https:\/\/exaudi.org\/","name":"Exaudi","description":"News","potentialAction":[{"@type":"SearchAction","target":{"@type":"EntryPoint","urlTemplate":"https:\/\/exaudi.org\/?s={search_term_string}"},"query-input":{"@type":"PropertyValueSpecification","valueRequired":true,"valueName":"search_term_string"}}],"inLanguage":"es"},{"@type":"Person","@id":"https:\/\/exaudi.org\/#\/schema\/person\/a258c56b05e63b2b367bdca29e0ed3e3","name":"Jorge Mir\u00f3","image":{"@type":"ImageObject","inLanguage":"es","@id":"https:\/\/secure.gravatar.com\/avatar\/f5ea26c436669b01b7b02124bf13596df002525d6f392707d301543be365bd44?s=96&d=mm&r=g","url":"https:\/\/secure.gravatar.com\/avatar\/f5ea26c436669b01b7b02124bf13596df002525d6f392707d301543be365bd44?s=96&d=mm&r=g","contentUrl":"https:\/\/secure.gravatar.com\/avatar\/f5ea26c436669b01b7b02124bf13596df002525d6f392707d301543be365bd44?s=96&d=mm&r=g","caption":"Jorge Mir\u00f3"},"description":"Sacerdote de la archidi\u00f3cesis de Valencia y profesor en la Facultad de Ciencias Jur\u00eddicas, Econ\u00f3micas y Sociales de la Universidad Cat\u00f3lica de Valencia","url":"https:\/\/exaudi.org\/es\/author\/jorgemiro\/"}]}},"jetpack_featured_media_url":"https:\/\/exaudi.org\/wp-content\/uploads\/2023\/04\/El-Buen-Pastor-scaled.jpg","jetpack_shortlink":"https:\/\/wp.me\/pgKjF2-jzw","_links":{"self":[{"href":"https:\/\/exaudi.org\/es\/wp-json\/wp\/v2\/posts\/75238","targetHints":{"allow":["GET"]}}],"collection":[{"href":"https:\/\/exaudi.org\/es\/wp-json\/wp\/v2\/posts"}],"about":[{"href":"https:\/\/exaudi.org\/es\/wp-json\/wp\/v2\/types\/post"}],"author":[{"embeddable":true,"href":"https:\/\/exaudi.org\/es\/wp-json\/wp\/v2\/users\/20"}],"replies":[{"embeddable":true,"href":"https:\/\/exaudi.org\/es\/wp-json\/wp\/v2\/comments?post=75238"}],"version-history":[{"count":0,"href":"https:\/\/exaudi.org\/es\/wp-json\/wp\/v2\/posts\/75238\/revisions"}],"wp:featuredmedia":[{"embeddable":true,"href":"https:\/\/exaudi.org\/es\/wp-json\/wp\/v2\/media\/75239"}],"wp:attachment":[{"href":"https:\/\/exaudi.org\/es\/wp-json\/wp\/v2\/media?parent=75238"}],"wp:term":[{"taxonomy":"category","embeddable":true,"href":"https:\/\/exaudi.org\/es\/wp-json\/wp\/v2\/categories?post=75238"},{"taxonomy":"post_tag","embeddable":true,"href":"https:\/\/exaudi.org\/es\/wp-json\/wp\/v2\/tags?post=75238"}],"curies":[{"name":"wp","href":"https:\/\/api.w.org\/{rel}","templated":true}]}}