{"id":75233,"date":"2023-04-29T20:59:05","date_gmt":"2023-04-29T18:59:05","guid":{"rendered":"https:\/\/exaudi.org\/?p=75233"},"modified":"2023-04-30T14:17:34","modified_gmt":"2023-04-30T12:17:34","slug":"el-papa-a-los-jovenes-inviertan-en-los-grandes-objetivos-de-la-vida","status":"publish","type":"post","link":"https:\/\/exaudi.org\/es\/el-papa-a-los-jovenes-inviertan-en-los-grandes-objetivos-de-la-vida\/","title":{"rendered":"El Papa a los j\u00f3venes: \u00a1inviertan en los grandes objetivos de la vida!"},"content":{"rendered":"<audio class=\"wp-audio-shortcode\" id=\"audio-75233-1\" preload=\"none\" style=\"width: 100%;\" controls=\"controls\"><source type=\"audio\/mpeg\" src=\"https:\/\/exaudi.org\/wp-content\/uploads\/2023\/04\/El-Papa-a-los-jovenes-\u00a1inviertan-en-los-grandes.mp3?_=1\" \/><a href=\"https:\/\/exaudi.org\/wp-content\/uploads\/2023\/04\/El-Papa-a-los-jovenes-\u00a1inviertan-en-los-grandes.mp3\">https:\/\/exaudi.org\/wp-content\/uploads\/2023\/04\/El-Papa-a-los-jovenes-\u00a1inviertan-en-los-grandes.mp3<\/a><\/audio>\n<p>A las 15.50 horas de esta tarde, el Santo Padre Francisco ha salido de la Nunciatura Apost\u00f3lica en Budapest y se ha trasladado en coche al Papp L\u00e1szl\u00f3 Budapest Sportar\u00e9na para el encuentro con los j\u00f3venes.<\/p>\n<p>A su llegada, tras cambiar de coche y despu\u00e9s de dar unas vueltas en el coche el\u00e9ctrico entre los presentes, el Papa es recibido por el Obispo encargado de la Pastoral Juvenil, S.E. Mons. Ferenc Pal\u00e1nki, Obispo de Debrecen-Ny\u00edregyh\u00e1za, mientras se entona una canci\u00f3n.<\/p>\n<p>A continuaci\u00f3n, tras el discurso de saludo del Obispo, la representaci\u00f3n de una danza tradicional y los testimonios de dos j\u00f3venes, un joven de la comunidad greco-cat\u00f3lica y un estudiante universitario, el Papa Francisco pronunci\u00f3 su discurso.<\/p>\n<p>***<\/p>\n<h3><strong>Discurso del Papa<\/strong><\/h3>\n<p>\u00a1Dics\u00e9rtess\u00e9k to J\u00e9zus Krisztus! [\u00a1Alabado sea Jesucristo!]<\/p>\n<p>Queridos hermanos y hermanas, quiero daros las gracias. [Gracias por bailar, gracias por cantar, por vuestros valientes testimonios, y gracias a cada uno de vosotros por estar aqu\u00ed: \u00a1estoy feliz de estar con vosotros! Gracias a vosotros.<\/p>\n<p>El obispo Ferenc nos dijo que la juventud es una \u00e9poca de grandes preguntas y grandes respuestas. Es verdad, y es importante que haya alguien que provoque y escuche vuestras preguntas, y que no os d\u00e9 respuestas f\u00e1ciles, respuestas preempaquetadas, sino que os ayude a desafiar sin miedo la aventura de la vida en busca de grandes respuestas. Las respuestas prefabricadas no ayudan, no hacen feliz. As\u00ed lo hizo Jes\u00fas. Bertal\u00e1n, dec\u00edas que Jes\u00fas no es un personaje de un libro de cuentos o el superh\u00e9roe de un c\u00f3mic, y es verdad: Cristo es Dios en carne, es el Dios vivo que se hace cercano a nosotros; es el Amigo, el mejor de los amigos, es el Hermano, el mejor de los hermanos, y es muy bueno haciendo preguntas. En el Evangelio, de hecho, \u00c9l, que es el Maestro, hace preguntas antes de dar respuestas. Pienso en cuando se enfrenta a aquella mujer ad\u00faltera a la que todos acusaban. Jes\u00fas interviene, los que la acusaban se marchan y \u00c9l se queda a solas con ella. Entonces le pregunta con dulzura: \u00abMujer, \u00bfd\u00f3nde est\u00e1n? \u00bfNadie te ha condenado?\u00bb (Jn 8,10). Ella responde: \u00ab\u00a1Nadie, Se\u00f1or!\u00bb (v. 11). Y as\u00ed, al decir esto, comprende que Dios no quiere condenar, sino perdonar. M\u00e9tete esto en la cabeza: Dios no quiere condenar, sino perdonar. Dios siempre perdona. \u00bfC\u00f3mo se dice en h\u00fangaro \u00abDios siempre perdona\u00bb? [el traductor lo dice en h\u00fangaro y el Papa hace que los j\u00f3venes lo repitan] \u00a1No lo olvid\u00e9is! \u00a1\u00c9l est\u00e1 dispuesto a levantarnos en cada ca\u00edda! Con \u00c9l, por tanto, nunca debemos tener miedo de caminar y avanzar en la vida. Pensemos tambi\u00e9n en Mar\u00eda Magdalena, que en la ma\u00f1ana de Pascua fue la primera en ver a Jes\u00fas resucitado, y aquella mujer ten\u00eda una historia. Estaba llorando junto al sepulcro vac\u00edo y Jes\u00fas le pregunt\u00f3: \u00abMujer, \u00bfpor qu\u00e9 lloras? \u00bfA qui\u00e9n buscas?\u00bb (Jn 20,15). Y as\u00ed, conmovida hasta la m\u00e9dula, Mar\u00eda Magdalena le abre su coraz\u00f3n, le cuenta su angustia, le revela sus deseos y su amor: \u00ab\u00bfD\u00f3nde est\u00e1 el Se\u00f1or?\u00bb.<\/p>\n<p>Veamos el primer encuentro de Jes\u00fas con los que iban a ser sus disc\u00edpulos. Dos de ellos, dirigidos por Juan el Bautista, van tras \u00e9l. El Se\u00f1or se vuelve y hace una sola pregunta: \u00ab\u00bfQu\u00e9 busc\u00e1is?\u00bb (Jn 1,38). Yo tambi\u00e9n hago una pregunta, y cada uno responde en su coraz\u00f3n, en silencio. Mi pregunta es: \u00ab\u00bfQu\u00e9 buscas? \u00bfQu\u00e9 buscas en la vida? \u00bfQu\u00e9 buscas en tu coraz\u00f3n?\u00bb. En silencio, cada uno responde en su interior. \u00bfQu\u00e9 busco? Jes\u00fas no predica tanto, no, hace camino, hace camino junto a cada uno de nosotros; Jes\u00fas camina cerca de cada uno de nosotros. No quiere que sus disc\u00edpulos sean colegiales que repiten una lecci\u00f3n, sino que sean j\u00f3venes libres que caminan, compa\u00f1eros de un Dios que escucha, que atiende sus necesidades y est\u00e1 atento a sus sue\u00f1os. Entonces, despu\u00e9s de mucho tiempo, dos j\u00f3venes disc\u00edpulos resbalan mal -\u00a1los disc\u00edpulos de Jes\u00fas resbalaban mucho! &#8211; y hacen una petici\u00f3n equivocada a Jes\u00fas, a saber, que est\u00e9n a su derecha y a su izquierda cuando se convierta en rey &#8211; \u00a1quer\u00edan subir! Pero es interesante ver que Jes\u00fas no les reprende por atreverse, no les dice: \u00ab\u00a1C\u00f3mo os atrev\u00e9is, dejad de so\u00f1ar esas cosas!\u00bb. No, Jes\u00fas no aplasta sus sue\u00f1os, sino que les corrige sobre c\u00f3mo realizarlos; acepta su deseo de llegar a lo m\u00e1s alto -eso es bueno-, pero insiste en una cosa, para que la recuerden bien: uno no se hace grande pasando por encima de los dem\u00e1s, sino rebaj\u00e1ndose hacia los dem\u00e1s; no a costa de los dem\u00e1s, sino sirviendo a los dem\u00e1s (cf. Mc 10,35-45). [pide al traductor que repita la \u00faltima frase en h\u00fangaro] \u00bfLo hab\u00e9is entendido? Como veis, amigos, Jes\u00fas se alegra de que alcancemos grandes metas, no nos quiere vagos y perezosos, no nos quiere silenciosos y t\u00edmidos, nos quiere vivos, activos, protagonistas de la historia. Y nunca deval\u00faa nuestras expectativas sino que, al contrario, eleva el list\u00f3n de nuestros deseos. Jes\u00fas estar\u00eda de acuerdo con un proverbio suyo, que espero pronunciar bien: Aki mer az nyer [El que se atreve gana].<\/p>\n<p><img loading=\"lazy\" decoding=\"async\" class=\"size-medium wp-image-75234 alignleft\" src=\"https:\/\/exaudi.org\/wp-content\/uploads\/2023\/04\/Hungria-1-300x200.jpeg\" alt=\"\" width=\"300\" height=\"200\" srcset=\"https:\/\/exaudi.org\/wp-content\/uploads\/2023\/04\/Hungria-1-300x200.jpeg 300w, https:\/\/exaudi.org\/wp-content\/uploads\/2023\/04\/Hungria-1-770x513.jpeg 770w, https:\/\/exaudi.org\/wp-content\/uploads\/2023\/04\/Hungria-1-360x240.jpeg?crop=1 360w, https:\/\/exaudi.org\/wp-content\/uploads\/2023\/04\/Hungria-1-500x333.jpeg 500w, https:\/\/exaudi.org\/wp-content\/uploads\/2023\/04\/Hungria-1-370x247.jpeg 370w, https:\/\/exaudi.org\/wp-content\/uploads\/2023\/04\/Hungria-1-293x195.jpeg 293w, https:\/\/exaudi.org\/wp-content\/uploads\/2023\/04\/Hungria-1-120x80.jpeg 120w, https:\/\/exaudi.org\/wp-content\/uploads\/2023\/04\/Hungria-1-240x160.jpeg 240w, https:\/\/exaudi.org\/wp-content\/uploads\/2023\/04\/Hungria-1-390x260.jpeg 390w, https:\/\/exaudi.org\/wp-content\/uploads\/2023\/04\/Hungria-1.jpeg 800w\" sizes=\"auto, (max-width: 300px) 100vw, 300px\" \/>Te preguntar\u00e1s: \u00bfc\u00f3mo se llega a ser un ganador en la vida? Hay dos pasos b\u00e1sicos, como en el deporte: primero, apuntar alto; segundo, entrenar. Apunta alto. Dime, \u00bftienes talento? Seguro que lo tienes, \u00a1todos lo tenemos! No lo dejes de lado pensando que todo lo que necesitas para ser feliz es lo m\u00ednimo: un t\u00edtulo, un trabajo para ganar dinero, un poco de diversi\u00f3n&#8230; No, \u00a1pon en juego lo que tienes! \u00bfTienes una buena cualidad? Invierte en ello, sin miedo, \u00a1adelante! \u00bfSientes en tu coraz\u00f3n que tienes una capacidad que puede hacer bien a muchos? \u00bfSientes que es bueno amar al Se\u00f1or, crear una familia numerosa, ayudar a los necesitados? Adelante, no pienses que son deseos inalcanzables, \u00a1invierte en las grandes metas de la vida! Esta es la primera: apunta alto. Y la segunda: f\u00f3rmate. \u00bfC\u00f3mo? En di\u00e1logo con Jes\u00fas, que es el mejor entrenador posible. \u00c9l te escucha, \u00c9l te motiva, \u00c9l cree en ti, \u00a1ya sabes!, Jes\u00fas cree en ti, \u00c9l sabe sacar lo mejor de ti. Y siempre te invita a hacer equipo: nunca solo, sino con otros: eso es muy importante. Si quieres madurar y crecer en la vida, hazlo formando equipo en la comunidad, teniendo experiencias comunes. Pienso, por ejemplo, en las Jornadas Mundiales de la Juventud, y aprovecho para invitaros a la pr\u00f3xima, que ser\u00e1 en Portugal, en Lisboa, a principios de agosto. Hoy, sin embargo, existe la gran tentaci\u00f3n de contentarse con un tel\u00e9fono m\u00f3vil y algunos amigos, \u00a1no mucho, por favor! Pero, aunque sea lo que muchos hacen, aunque sea lo que a uno le apetece, no sirve de nada. No puedes encerrarte en un grupito de amigos y hablar s\u00f3lo por el m\u00f3vil: eso es -perm\u00edtaseme la palabra- un poco tonto.<\/p>\n<p>Tambi\u00e9n hay un elemento importante en el entrenamiento, y t\u00fa, Krisztina, nos lo has recordado diciendo que entre mil carreras, tanto frenes\u00ed y tanta velocidad, hay una cosa esencial de la que carecen hoy los j\u00f3venes, y tambi\u00e9n los adultos. Dijiste: \u00abNo nos damos tiempo para el silencio en medio del ruido, porque tenemos miedo a la soledad y entonces todos los d\u00edas acabamos cansados\u00bb. T\u00fa lo has dicho, Krisztina: gracias. Me gustar\u00eda decirte: en esto, no tengas miedo de ir contra corriente, de encontrar cada d\u00eda un tiempo de silencio para pararte a rezar. Hoy todo os dice que deb\u00e9is ser r\u00e1pidos, eficaces, pr\u00e1cticamente perfectos, \u00a1como m\u00e1quinas! Pero, queridos, \u00a1no somos m\u00e1quinas! Y entonces nos damos cuenta de que a menudo nos quedamos sin gasolina y no sabemos qu\u00e9 hacer. Es tan bueno poder parar a repostar, a recargar las pilas. Pero cuidado: no sumergirte en tus propias melancol\u00edas o rumiar tus tristezas, no pensar en qui\u00e9n me hizo esto o aquello, haciendo teor\u00edas sobre c\u00f3mo se comportan los dem\u00e1s; \u00a1no, eso no es bueno! Esto es veneno, esto no se hace.<\/p>\n<p>El silencio es el terreno en el que cultivar relaciones beneficiosas, porque nos permite confiar a Jes\u00fas lo que vivimos, llevarle rostros y nombres, echar en \u00c9l nuestras angustias, pasar revista a nuestros amigos y rezar una oraci\u00f3n por ellos. El silencio nos da la oportunidad de leer una p\u00e1gina del Evangelio que hable de nuestra vida, de adorar a Dios, encontrando as\u00ed la paz en nuestro coraz\u00f3n. El silencio te permite coger un libro que no tienes que leer, pero que te ayuda a leer el alma humana, a observar la naturaleza para no estar s\u00f3lo en contacto con las cosas hechas por los hombres y descubrir la belleza que nos rodea. Pero el silencio no es pegarse al m\u00f3vil y a las redes sociales; no, por favor: la vida es real, no virtual, no sucede en una pantalla, \u00a1la vida sucede en el mundo! Por favor, \u00a1no virtualicemos la vida! Repito: no virtualicen la vida, que es concreta. \u00bfEntendido?<img loading=\"lazy\" decoding=\"async\" class=\"size-medium wp-image-75223 alignright\" src=\"https:\/\/exaudi.org\/wp-content\/uploads\/2023\/04\/cq5dam.web_.800.800-1-9-300x200.jpeg\" alt=\"\" width=\"300\" height=\"200\" srcset=\"https:\/\/exaudi.org\/wp-content\/uploads\/2023\/04\/cq5dam.web_.800.800-1-9-300x200.jpeg 300w, https:\/\/exaudi.org\/wp-content\/uploads\/2023\/04\/cq5dam.web_.800.800-1-9-770x513.jpeg 770w, https:\/\/exaudi.org\/wp-content\/uploads\/2023\/04\/cq5dam.web_.800.800-1-9-360x240.jpeg?crop=1 360w, https:\/\/exaudi.org\/wp-content\/uploads\/2023\/04\/cq5dam.web_.800.800-1-9-500x333.jpeg 500w, https:\/\/exaudi.org\/wp-content\/uploads\/2023\/04\/cq5dam.web_.800.800-1-9-370x247.jpeg 370w, https:\/\/exaudi.org\/wp-content\/uploads\/2023\/04\/cq5dam.web_.800.800-1-9-293x195.jpeg 293w, https:\/\/exaudi.org\/wp-content\/uploads\/2023\/04\/cq5dam.web_.800.800-1-9-120x80.jpeg 120w, https:\/\/exaudi.org\/wp-content\/uploads\/2023\/04\/cq5dam.web_.800.800-1-9-240x160.jpeg 240w, https:\/\/exaudi.org\/wp-content\/uploads\/2023\/04\/cq5dam.web_.800.800-1-9-390x260.jpeg 390w, https:\/\/exaudi.org\/wp-content\/uploads\/2023\/04\/cq5dam.web_.800.800-1-9.jpeg 800w\" sizes=\"auto, (max-width: 300px) 100vw, 300px\" \/><\/p>\n<p>El silencio, pues, es la puerta de la oraci\u00f3n y la oraci\u00f3n es la puerta del amor. D\u00f3ra, quiero darte las gracias porque has hablado de la fe como de una historia de amor -esto es hermoso, \u00e9sta es tu experiencia-, en la que cada d\u00eda te enfrentas a las dificultades de la adolescencia, pero sabes que hay Alguien contigo, Alguien para ti, y que ese Alguien, Jes\u00fas, no tiene miedo de superar contigo cada obst\u00e1culo que encuentres. La oraci\u00f3n te ayuda a hacerlo, porque es un di\u00e1logo con Jes\u00fas, como la Misa es un encuentro con \u00c9l, y la Confesi\u00f3n es el abrazo que recibes de \u00c9l. Me viene a la mente el gran m\u00fasico Ferenc Liszt. Durante la limpieza de su piano, se encontraron unas cuentas de rosario que tal vez hab\u00edan ca\u00eddo en el instrumento al romperse. Es una pista que nos hace pensar c\u00f3mo, antes de una composici\u00f3n o de una interpretaci\u00f3n, quiz\u00e1 incluso despu\u00e9s de un momento de diversi\u00f3n al piano, era habitual en \u00e9l rezar: hablaba con el Se\u00f1or, hablaba con la Virgen de lo que amaba y pon\u00eda su arte y sus talentos en oraci\u00f3n. \u00a1Rezar no es aburrido! Somos nosotros los que la hacemos aburrida. Orar es un encuentro, un encuentro con el Se\u00f1or: eso es hermoso. Y cuando reces, no tengas miedo de llevar a Jes\u00fas todo lo que pasa en tu mundo interior: tus afectos, miedos, problemas, expectativas, recuerdos, esperanzas, todo, incluso los pecados. \u00c9l lo comprende todo. La oraci\u00f3n es un di\u00e1logo de vida, la oraci\u00f3n es vida. Bertalan, hoy no has tenido verg\u00fcenza de contar a todos la angustia que a veces te paraliza y las luchas para acercarte a la fe. Qu\u00e9 hermoso cuando se tiene la valent\u00eda de la verdad, que no es demostrar que nunca se tiene miedo, sino abrirse y compartir las fragilidades con el Se\u00f1or y con los dem\u00e1s, sin esconderse, sin disfrazarse, sin usar m\u00e1scaras. Gracias por tu testimonio, Bertal\u00e1n, \u00a1gracias! El Se\u00f1or, como nos dice el Evangelio en cada p\u00e1gina, no hace grandes cosas con personas extraordinarias, sino con personas reales, limitadas como nosotros. En cambio, los que conf\u00edan en sus propias capacidades y viven de las apariencias para parecer buenos, alejan a Dios de su coraz\u00f3n porque s\u00f3lo se preocupan de s\u00ed mismos. Jes\u00fas con sus preguntas, con su amor, con su Esp\u00edritu, escarba en nosotros para hacernos personas reales. Y hoy hay tanta necesidad de personas aut\u00e9nticas. Dejad que os diga una cosa: \u00bfsab\u00e9is cu\u00e1l es el peligro hoy? El de ser una persona falsa. Por favor, \u00a1nunca una persona falsa, siempre una persona real, con tu propia verdad! \u00abEh, Padre, me averg\u00fcenzo porque mi realidad no es buena, sabes, Padre, tengo mis cosas dentro&#8230;\u00bb. Mira hacia delante, hacia el Se\u00f1or, \u00a1ten valor! El Se\u00f1or nos quiere como somos, como somos ahora, nos quiere bien como somos. \u00a1\u00c1nimo y adelante! No tengas miedo de tus miserias.<\/p>\n<p><img loading=\"lazy\" decoding=\"async\" class=\"alignright size-medium wp-image-75226\" src=\"https:\/\/exaudi.org\/wp-content\/uploads\/2023\/04\/cq5dam.web_.800.800-2-4-300x200.jpeg\" alt=\"\" width=\"300\" height=\"200\" srcset=\"https:\/\/exaudi.org\/wp-content\/uploads\/2023\/04\/cq5dam.web_.800.800-2-4-300x200.jpeg 300w, https:\/\/exaudi.org\/wp-content\/uploads\/2023\/04\/cq5dam.web_.800.800-2-4-770x513.jpeg 770w, https:\/\/exaudi.org\/wp-content\/uploads\/2023\/04\/cq5dam.web_.800.800-2-4-360x240.jpeg?crop=1 360w, https:\/\/exaudi.org\/wp-content\/uploads\/2023\/04\/cq5dam.web_.800.800-2-4-500x333.jpeg 500w, https:\/\/exaudi.org\/wp-content\/uploads\/2023\/04\/cq5dam.web_.800.800-2-4-370x247.jpeg 370w, https:\/\/exaudi.org\/wp-content\/uploads\/2023\/04\/cq5dam.web_.800.800-2-4-293x195.jpeg 293w, https:\/\/exaudi.org\/wp-content\/uploads\/2023\/04\/cq5dam.web_.800.800-2-4-120x80.jpeg 120w, https:\/\/exaudi.org\/wp-content\/uploads\/2023\/04\/cq5dam.web_.800.800-2-4-240x160.jpeg 240w, https:\/\/exaudi.org\/wp-content\/uploads\/2023\/04\/cq5dam.web_.800.800-2-4-390x260.jpeg 390w, https:\/\/exaudi.org\/wp-content\/uploads\/2023\/04\/cq5dam.web_.800.800-2-4.jpeg 800w\" sizes=\"auto, (max-width: 300px) 100vw, 300px\" \/>Y a este respecto, nos ha impresionado lo que has dicho, T\u00f3dor, empezando por tu nombre, que llevas en honor del Beato Teodoro, gran confesor de la fe que nos llama a no vivir a medias. Has querido \u00abdar la alarma\u00bb, diciendo que el celo por la misi\u00f3n est\u00e1 anestesiado por el hecho de que vivimos en la seguridad y la comodidad, mientras que a pocos kil\u00f3metros de aqu\u00ed la guerra y el sufrimiento est\u00e1n a la orden del d\u00eda. He aqu\u00ed, pues, la invitaci\u00f3n: tomar la vida en nuestras manos para ayudar al mundo a vivir en paz. Pregunt\u00e9monos, cada uno de nosotros: \u00bfqu\u00e9 hago por los dem\u00e1s, qu\u00e9 hago por la sociedad, qu\u00e9 hago por la Iglesia, qu\u00e9 hago por mis enemigos? \u00bfVivo pensando en mi propio bien o me juego por alguien, sin calcular mis propios intereses? Por favor, interrogu\u00e9monos sobre nuestra gratuidad, sobre nuestra capacidad de amar, de amar seg\u00fan Jes\u00fas, es decir, de amar y servir.<\/p>\n<p>Queridos amigos, hay una \u00faltima cosa que quisiera compartir con vosotros, una p\u00e1gina del Evangelio que resume lo que venimos diciendo. Hace un a\u00f1o y medio estuve aqu\u00ed para el Congreso eucar\u00edstico; en el Evangelio de Juan, en el cap\u00edtulo 6, hay una hermosa p\u00e1gina eucar\u00edstica que tiene a un joven en el centro. Habla de un joven que estaba entre la multitud escuchando a Jes\u00fas. Probablemente sab\u00eda que la reuni\u00f3n iba a durar mucho tiempo y hab\u00eda sido previsor: se hab\u00eda tra\u00eddo el almuerzo -\u00bfte has tra\u00eddo t\u00fa un bocadillo? Pero Jes\u00fas siente compasi\u00f3n por la multitud -eran m\u00e1s de 5.000- y quiere darles de comer; as\u00ed que, a su estilo, hace preguntas a los disc\u00edpulos para liberar su energ\u00eda. Le pregunta a uno de ellos c\u00f3mo hacerlo y le sale una respuesta \u00abcontable\u00bb: \u00abDoscientos denarios de pan no bastan ni para que cada uno reciba un pedazo\u00bb (Jn 6,7). Como diciendo: matem\u00e1ticamente imposible. Otro, mientras tanto, ve a aquel muchacho y hace una observaci\u00f3n, pero de nuevo pesimista: \u00abHay aqu\u00ed un muchacho que tiene cinco panes de cebada y dos peces; pero \u00bfqu\u00e9 es esto para tanta gente?\u00bb (v. 9). En cambio, esos cinco panes y esos dos peces le bastan a Jes\u00fas, le sobran y le bastan para realizar el famoso milagro de la multiplicaci\u00f3n de los panes. Cada uno de nosotros, las peque\u00f1as cosas que tenemos, incluso nuestros pecados, son suficientes para Jes\u00fas. \u00bfY qu\u00e9 debemos hacer? Dejarlas en manos de Jes\u00fas: eso basta.<\/p>\n<p>Sin embargo, el Evangelio no menciona un detalle, que deja a nuestra imaginaci\u00f3n: \u00bfc\u00f3mo convencieron los disc\u00edpulos a aquel joven para que diera todo lo que ten\u00eda? Tal vez le habr\u00e1n pedido su almuerzo y \u00e9l habr\u00e1 mirado a su alrededor, viendo a miles de personas. Y quiz\u00e1, como ellos, habr\u00e1 respondido diciendo: \u00abNo basta, \u00bfpor qu\u00e9 me lo ped\u00eds y no os ocup\u00e1is vosotros, que sois disc\u00edpulos de Jes\u00fas? \u00bfQui\u00e9n soy yo?\u00bb. Entonces, tal vez, le habr\u00e1n dicho que era el propio Jes\u00fas quien preguntaba. Y \u00c9l hace una cosa extraordinaria: se f\u00eda. Aquel muchacho, que hab\u00eda almorzado para s\u00ed mismo, conf\u00eda, lo da todo, no guarda nada para s\u00ed. Hab\u00eda venido a recibir de Jes\u00fas y se encuentra d\u00e1ndole a Jes\u00fas. Pero as\u00ed es como se produce el milagro. Viene del compartir: la multiplicaci\u00f3n obrada por Jes\u00fas comienza con el compartir de aquel joven con \u00c9l y para los dem\u00e1s. Lo poco de aquel joven en manos de Jes\u00fas se convierte en mucho. Es ah\u00ed a donde conduce la fe: a la libertad de dar, al entusiasmo de dar, a la superaci\u00f3n de los miedos, \u00a1a ponerse en juego! Amigos, cada uno de vosotros es precioso para Jes\u00fas, \u00a1y tambi\u00e9n para m\u00ed! Recordad que nadie puede ocupar vuestro lugar en la historia del mundo, en la historia de la Iglesia, nadie puede hacer lo que s\u00f3lo vosotros pod\u00e9is hacer. As\u00ed que ayud\u00e9monos mutuamente a creer que somos amados y preciosos, que estamos hechos para grandes cosas. Recemos por ello y anim\u00e9monos mutuamente. Y acordaos tambi\u00e9n de hacerme el bien con vuestras oraciones. \u00a1K\u00f6sz\u00f6n\u00f6m! [\u00a1Gracias!]<\/p>\n<p><iframe loading=\"lazy\" title=\"Encuentro del Papa con los J\u00f3venes - 41 Viaje Apost\u00f3lico - Papa Francisco\" width=\"500\" height=\"281\" src=\"https:\/\/www.youtube.com\/embed\/ypcHcLj4Dxk?feature=oembed\" frameborder=\"0\" allow=\"accelerometer; autoplay; clipboard-write; encrypted-media; gyroscope; picture-in-picture; web-share\" referrerpolicy=\"strict-origin-when-cross-origin\" allowfullscreen><\/iframe><\/p>\n","protected":false},"excerpt":{"rendered":"<p>Papp L\u00e1szl\u00f3 Budapest Sportar\u00e9na: Encuentro con los j\u00f3venes<\/p>\n","protected":false},"author":15,"featured_media":75220,"comment_status":"closed","ping_status":"closed","sticky":false,"template":"","format":"standard","meta":{"_acf_changed":false,"_crdt_document":"","inline_featured_image":false,"footnotes":""},"categories":[124,68],"tags":[2870,1855,158,4953,5843],"class_list":["post-75233","post","type-post","status-publish","format-standard","has-post-thumbnail","hentry","category-discursos","category-leon-xiv","tag-hungria","tag-jovenes","tag-papa-francisco","tag-trending-es","tag-viaje-apostolico"],"acf":[],"yoast_head":"<!-- This site is optimized with the Yoast SEO plugin v27.4 - https:\/\/yoast.com\/product\/yoast-seo-wordpress\/ -->\n<title>El Papa a los j\u00f3venes: \u00a1inviertan en los grandes objetivos de la vida! &#8211; Exaudi<\/title>\n<meta name=\"robots\" content=\"index, follow, max-snippet:-1, max-image-preview:large, max-video-preview:-1\" \/>\n<link rel=\"canonical\" href=\"https:\/\/exaudi.org\/es\/el-papa-a-los-jovenes-inviertan-en-los-grandes-objetivos-de-la-vida\/\" \/>\n<meta property=\"og:locale\" content=\"es_ES\" \/>\n<meta property=\"og:type\" content=\"article\" \/>\n<meta property=\"og:title\" content=\"El Papa a los j\u00f3venes: \u00a1inviertan en los grandes objetivos de la vida! &#8211; Exaudi\" \/>\n<meta property=\"og:description\" content=\"Papp L\u00e1szl\u00f3 Budapest Sportar\u00e9na: Encuentro con los j\u00f3venes\" \/>\n<meta property=\"og:url\" content=\"https:\/\/exaudi.org\/es\/el-papa-a-los-jovenes-inviertan-en-los-grandes-objetivos-de-la-vida\/\" \/>\n<meta property=\"og:site_name\" content=\"Exaudi\" \/>\n<meta property=\"article:publisher\" content=\"https:\/\/www.facebook.com\/ExaudiNews\" \/>\n<meta property=\"article:author\" content=\"https:\/\/www.facebook.com\/ExaudiNoticias\/\" \/>\n<meta property=\"article:published_time\" content=\"2023-04-29T18:59:05+00:00\" \/>\n<meta property=\"article:modified_time\" content=\"2023-04-30T12:17:34+00:00\" \/>\n<meta property=\"og:image\" content=\"https:\/\/exaudi.org\/wp-content\/uploads\/2023\/04\/cq5dam.web_.800.800-15.jpeg\" \/>\n\t<meta property=\"og:image:width\" content=\"800\" \/>\n\t<meta property=\"og:image:height\" content=\"533\" \/>\n\t<meta property=\"og:image:type\" content=\"image\/jpeg\" \/>\n<meta name=\"author\" content=\"Exaudi Redacci\u00f3n\" \/>\n<meta name=\"twitter:card\" content=\"summary_large_image\" \/>\n<meta name=\"twitter:creator\" content=\"@Exaudi_noticias\" \/>\n<meta name=\"twitter:site\" content=\"@Exaudi_News\" \/>\n<meta name=\"twitter:label1\" content=\"Escrito por\" \/>\n\t<meta name=\"twitter:data1\" content=\"Exaudi Redacci\u00f3n\" \/>\n\t<meta name=\"twitter:label2\" content=\"Tiempo de lectura\" \/>\n\t<meta name=\"twitter:data2\" content=\"13 minutos\" \/>\n<script type=\"application\/ld+json\" class=\"yoast-schema-graph\">{\"@context\":\"https:\\\/\\\/schema.org\",\"@graph\":[{\"@type\":\"Article\",\"@id\":\"https:\\\/\\\/exaudi.org\\\/es\\\/el-papa-a-los-jovenes-inviertan-en-los-grandes-objetivos-de-la-vida\\\/#article\",\"isPartOf\":{\"@id\":\"https:\\\/\\\/exaudi.org\\\/es\\\/el-papa-a-los-jovenes-inviertan-en-los-grandes-objetivos-de-la-vida\\\/\"},\"author\":{\"name\":\"Exaudi Redacci\u00f3n\",\"@id\":\"https:\\\/\\\/exaudi.org\\\/#\\\/schema\\\/person\\\/f5fc8f063065e38742da7afe15f25df7\"},\"headline\":\"El Papa a los j\u00f3venes: \u00a1inviertan en los grandes objetivos de la vida!\",\"datePublished\":\"2023-04-29T18:59:05+00:00\",\"dateModified\":\"2023-04-30T12:17:34+00:00\",\"mainEntityOfPage\":{\"@id\":\"https:\\\/\\\/exaudi.org\\\/es\\\/el-papa-a-los-jovenes-inviertan-en-los-grandes-objetivos-de-la-vida\\\/\"},\"wordCount\":2926,\"image\":{\"@id\":\"https:\\\/\\\/exaudi.org\\\/es\\\/el-papa-a-los-jovenes-inviertan-en-los-grandes-objetivos-de-la-vida\\\/#primaryimage\"},\"thumbnailUrl\":\"https:\\\/\\\/exaudi.org\\\/wp-content\\\/uploads\\\/2023\\\/04\\\/cq5dam.web_.800.800-15.jpeg\",\"keywords\":[\"Hungr\u00eda\",\"J\u00f3venes\",\"papa francisco\",\"Trending\",\"Viaje Apost\u00f3lico\"],\"articleSection\":[\"Discursos\",\"Le\u00f3n XIV\"],\"inLanguage\":\"es\"},{\"@type\":\"WebPage\",\"@id\":\"https:\\\/\\\/exaudi.org\\\/es\\\/el-papa-a-los-jovenes-inviertan-en-los-grandes-objetivos-de-la-vida\\\/\",\"url\":\"https:\\\/\\\/exaudi.org\\\/es\\\/el-papa-a-los-jovenes-inviertan-en-los-grandes-objetivos-de-la-vida\\\/\",\"name\":\"El Papa a los j\u00f3venes: \u00a1inviertan en los grandes objetivos de la vida! &#8211; Exaudi\",\"isPartOf\":{\"@id\":\"https:\\\/\\\/exaudi.org\\\/#website\"},\"primaryImageOfPage\":{\"@id\":\"https:\\\/\\\/exaudi.org\\\/es\\\/el-papa-a-los-jovenes-inviertan-en-los-grandes-objetivos-de-la-vida\\\/#primaryimage\"},\"image\":{\"@id\":\"https:\\\/\\\/exaudi.org\\\/es\\\/el-papa-a-los-jovenes-inviertan-en-los-grandes-objetivos-de-la-vida\\\/#primaryimage\"},\"thumbnailUrl\":\"https:\\\/\\\/exaudi.org\\\/wp-content\\\/uploads\\\/2023\\\/04\\\/cq5dam.web_.800.800-15.jpeg\",\"datePublished\":\"2023-04-29T18:59:05+00:00\",\"dateModified\":\"2023-04-30T12:17:34+00:00\",\"author\":{\"@id\":\"https:\\\/\\\/exaudi.org\\\/#\\\/schema\\\/person\\\/f5fc8f063065e38742da7afe15f25df7\"},\"breadcrumb\":{\"@id\":\"https:\\\/\\\/exaudi.org\\\/es\\\/el-papa-a-los-jovenes-inviertan-en-los-grandes-objetivos-de-la-vida\\\/#breadcrumb\"},\"inLanguage\":\"es\",\"potentialAction\":[{\"@type\":\"ReadAction\",\"target\":[\"https:\\\/\\\/exaudi.org\\\/es\\\/el-papa-a-los-jovenes-inviertan-en-los-grandes-objetivos-de-la-vida\\\/\"]}]},{\"@type\":\"ImageObject\",\"inLanguage\":\"es\",\"@id\":\"https:\\\/\\\/exaudi.org\\\/es\\\/el-papa-a-los-jovenes-inviertan-en-los-grandes-objetivos-de-la-vida\\\/#primaryimage\",\"url\":\"https:\\\/\\\/exaudi.org\\\/wp-content\\\/uploads\\\/2023\\\/04\\\/cq5dam.web_.800.800-15.jpeg\",\"contentUrl\":\"https:\\\/\\\/exaudi.org\\\/wp-content\\\/uploads\\\/2023\\\/04\\\/cq5dam.web_.800.800-15.jpeg\",\"width\":800,\"height\":533,\"caption\":\"Vatican Media\"},{\"@type\":\"BreadcrumbList\",\"@id\":\"https:\\\/\\\/exaudi.org\\\/es\\\/el-papa-a-los-jovenes-inviertan-en-los-grandes-objetivos-de-la-vida\\\/#breadcrumb\",\"itemListElement\":[{\"@type\":\"ListItem\",\"position\":1,\"name\":\"Portada\",\"item\":\"https:\\\/\\\/exaudi.org\\\/es\\\/\"},{\"@type\":\"ListItem\",\"position\":2,\"name\":\"El Papa a los j\u00f3venes: \u00a1inviertan en los grandes objetivos de la vida!\"}]},{\"@type\":\"WebSite\",\"@id\":\"https:\\\/\\\/exaudi.org\\\/#website\",\"url\":\"https:\\\/\\\/exaudi.org\\\/\",\"name\":\"Exaudi\",\"description\":\"News\",\"potentialAction\":[{\"@type\":\"SearchAction\",\"target\":{\"@type\":\"EntryPoint\",\"urlTemplate\":\"https:\\\/\\\/exaudi.org\\\/?s={search_term_string}\"},\"query-input\":{\"@type\":\"PropertyValueSpecification\",\"valueRequired\":true,\"valueName\":\"search_term_string\"}}],\"inLanguage\":\"es\"},{\"@type\":\"Person\",\"@id\":\"https:\\\/\\\/exaudi.org\\\/#\\\/schema\\\/person\\\/f5fc8f063065e38742da7afe15f25df7\",\"name\":\"Exaudi Redacci\u00f3n\",\"image\":{\"@type\":\"ImageObject\",\"inLanguage\":\"es\",\"@id\":\"https:\\\/\\\/secure.gravatar.com\\\/avatar\\\/fe0f6a059fb68d9b3e11bc5850dd4899b1c7492091a3cb6dd9b01b56ad828be2?s=96&d=mm&r=g\",\"url\":\"https:\\\/\\\/secure.gravatar.com\\\/avatar\\\/fe0f6a059fb68d9b3e11bc5850dd4899b1c7492091a3cb6dd9b01b56ad828be2?s=96&d=mm&r=g\",\"contentUrl\":\"https:\\\/\\\/secure.gravatar.com\\\/avatar\\\/fe0f6a059fb68d9b3e11bc5850dd4899b1c7492091a3cb6dd9b01b56ad828be2?s=96&d=mm&r=g\",\"caption\":\"Exaudi Redacci\u00f3n\"},\"description\":\"\u00bfQu\u00e9 es Exaudi News? Exaudi News es un medio de comunicaci\u00f3n cat\u00f3lico internacional que informa, forma y transforma, diariamente en espa\u00f1ol, ingl\u00e9s e italiano. A trav\u00e9s de noticias, art\u00edculos de an\u00e1lisis y transmisiones en directo de los eventos del Papa, Exaudi busca fortalecer la unidad de los cristianos y contribuir a la evangelizaci\u00f3n del mundo, siempre guiados por la doctrina social de la Iglesia. Trabajamos para acercar la verdad y los valores cristianos a cada rinc\u00f3n del planeta. \u00a1Ay\u00fadanos a transformar el mundo con Exaudi! En Exaudi creemos que la evangelizaci\u00f3n y la informaci\u00f3n de calidad pueden cambiar vidas. Para continuar con nuestra misi\u00f3n y expandir nuestro alcance, necesitamos tu ayuda. Adem\u00e1s, buscamos personas comprometidas que deseen unirse a nuestro equipo. Con tu apoyo, lograremos llegar a m\u00e1s personas, difundir el mensaje de Cristo y reforzar la unidad de los cristianos. \u00bfTe unes a nuestra misi\u00f3n? Para m\u00e1s informaci\u00f3n sobre c\u00f3mo colaborar, visita Exaudi.org\\\/es o cont\u00e1ctanos directamente: info@exaudi.org Exaudi: Informa, forma y transforma.\",\"sameAs\":[\"https:\\\/\\\/www.facebook.com\\\/ExaudiNoticias\\\/\",\"https:\\\/\\\/www.instagram.com\\\/exaudi_noticias\\\/\",\"https:\\\/\\\/x.com\\\/Exaudi_noticias\",\"https:\\\/\\\/www.youtube.com\\\/@exaudicatholicnews\"],\"url\":\"https:\\\/\\\/exaudi.org\\\/es\\\/author\\\/redaccionexaudi\\\/\"}]}<\/script>\n<!-- \/ Yoast SEO plugin. -->","yoast_head_json":{"title":"El Papa a los j\u00f3venes: \u00a1inviertan en los grandes objetivos de la vida! &#8211; Exaudi","robots":{"index":"index","follow":"follow","max-snippet":"max-snippet:-1","max-image-preview":"max-image-preview:large","max-video-preview":"max-video-preview:-1"},"canonical":"https:\/\/exaudi.org\/es\/el-papa-a-los-jovenes-inviertan-en-los-grandes-objetivos-de-la-vida\/","og_locale":"es_ES","og_type":"article","og_title":"El Papa a los j\u00f3venes: \u00a1inviertan en los grandes objetivos de la vida! &#8211; Exaudi","og_description":"Papp L\u00e1szl\u00f3 Budapest Sportar\u00e9na: Encuentro con los j\u00f3venes","og_url":"https:\/\/exaudi.org\/es\/el-papa-a-los-jovenes-inviertan-en-los-grandes-objetivos-de-la-vida\/","og_site_name":"Exaudi","article_publisher":"https:\/\/www.facebook.com\/ExaudiNews","article_author":"https:\/\/www.facebook.com\/ExaudiNoticias\/","article_published_time":"2023-04-29T18:59:05+00:00","article_modified_time":"2023-04-30T12:17:34+00:00","og_image":[{"width":800,"height":533,"url":"https:\/\/exaudi.org\/wp-content\/uploads\/2023\/04\/cq5dam.web_.800.800-15.jpeg","type":"image\/jpeg"}],"author":"Exaudi Redacci\u00f3n","twitter_card":"summary_large_image","twitter_creator":"@Exaudi_noticias","twitter_site":"@Exaudi_News","twitter_misc":{"Escrito por":"Exaudi Redacci\u00f3n","Tiempo de lectura":"13 minutos"},"schema":{"@context":"https:\/\/schema.org","@graph":[{"@type":"Article","@id":"https:\/\/exaudi.org\/es\/el-papa-a-los-jovenes-inviertan-en-los-grandes-objetivos-de-la-vida\/#article","isPartOf":{"@id":"https:\/\/exaudi.org\/es\/el-papa-a-los-jovenes-inviertan-en-los-grandes-objetivos-de-la-vida\/"},"author":{"name":"Exaudi Redacci\u00f3n","@id":"https:\/\/exaudi.org\/#\/schema\/person\/f5fc8f063065e38742da7afe15f25df7"},"headline":"El Papa a los j\u00f3venes: \u00a1inviertan en los grandes objetivos de la vida!","datePublished":"2023-04-29T18:59:05+00:00","dateModified":"2023-04-30T12:17:34+00:00","mainEntityOfPage":{"@id":"https:\/\/exaudi.org\/es\/el-papa-a-los-jovenes-inviertan-en-los-grandes-objetivos-de-la-vida\/"},"wordCount":2926,"image":{"@id":"https:\/\/exaudi.org\/es\/el-papa-a-los-jovenes-inviertan-en-los-grandes-objetivos-de-la-vida\/#primaryimage"},"thumbnailUrl":"https:\/\/exaudi.org\/wp-content\/uploads\/2023\/04\/cq5dam.web_.800.800-15.jpeg","keywords":["Hungr\u00eda","J\u00f3venes","papa francisco","Trending","Viaje Apost\u00f3lico"],"articleSection":["Discursos","Le\u00f3n XIV"],"inLanguage":"es"},{"@type":"WebPage","@id":"https:\/\/exaudi.org\/es\/el-papa-a-los-jovenes-inviertan-en-los-grandes-objetivos-de-la-vida\/","url":"https:\/\/exaudi.org\/es\/el-papa-a-los-jovenes-inviertan-en-los-grandes-objetivos-de-la-vida\/","name":"El Papa a los j\u00f3venes: \u00a1inviertan en los grandes objetivos de la vida! &#8211; Exaudi","isPartOf":{"@id":"https:\/\/exaudi.org\/#website"},"primaryImageOfPage":{"@id":"https:\/\/exaudi.org\/es\/el-papa-a-los-jovenes-inviertan-en-los-grandes-objetivos-de-la-vida\/#primaryimage"},"image":{"@id":"https:\/\/exaudi.org\/es\/el-papa-a-los-jovenes-inviertan-en-los-grandes-objetivos-de-la-vida\/#primaryimage"},"thumbnailUrl":"https:\/\/exaudi.org\/wp-content\/uploads\/2023\/04\/cq5dam.web_.800.800-15.jpeg","datePublished":"2023-04-29T18:59:05+00:00","dateModified":"2023-04-30T12:17:34+00:00","author":{"@id":"https:\/\/exaudi.org\/#\/schema\/person\/f5fc8f063065e38742da7afe15f25df7"},"breadcrumb":{"@id":"https:\/\/exaudi.org\/es\/el-papa-a-los-jovenes-inviertan-en-los-grandes-objetivos-de-la-vida\/#breadcrumb"},"inLanguage":"es","potentialAction":[{"@type":"ReadAction","target":["https:\/\/exaudi.org\/es\/el-papa-a-los-jovenes-inviertan-en-los-grandes-objetivos-de-la-vida\/"]}]},{"@type":"ImageObject","inLanguage":"es","@id":"https:\/\/exaudi.org\/es\/el-papa-a-los-jovenes-inviertan-en-los-grandes-objetivos-de-la-vida\/#primaryimage","url":"https:\/\/exaudi.org\/wp-content\/uploads\/2023\/04\/cq5dam.web_.800.800-15.jpeg","contentUrl":"https:\/\/exaudi.org\/wp-content\/uploads\/2023\/04\/cq5dam.web_.800.800-15.jpeg","width":800,"height":533,"caption":"Vatican Media"},{"@type":"BreadcrumbList","@id":"https:\/\/exaudi.org\/es\/el-papa-a-los-jovenes-inviertan-en-los-grandes-objetivos-de-la-vida\/#breadcrumb","itemListElement":[{"@type":"ListItem","position":1,"name":"Portada","item":"https:\/\/exaudi.org\/es\/"},{"@type":"ListItem","position":2,"name":"El Papa a los j\u00f3venes: \u00a1inviertan en los grandes objetivos de la vida!"}]},{"@type":"WebSite","@id":"https:\/\/exaudi.org\/#website","url":"https:\/\/exaudi.org\/","name":"Exaudi","description":"News","potentialAction":[{"@type":"SearchAction","target":{"@type":"EntryPoint","urlTemplate":"https:\/\/exaudi.org\/?s={search_term_string}"},"query-input":{"@type":"PropertyValueSpecification","valueRequired":true,"valueName":"search_term_string"}}],"inLanguage":"es"},{"@type":"Person","@id":"https:\/\/exaudi.org\/#\/schema\/person\/f5fc8f063065e38742da7afe15f25df7","name":"Exaudi Redacci\u00f3n","image":{"@type":"ImageObject","inLanguage":"es","@id":"https:\/\/secure.gravatar.com\/avatar\/fe0f6a059fb68d9b3e11bc5850dd4899b1c7492091a3cb6dd9b01b56ad828be2?s=96&d=mm&r=g","url":"https:\/\/secure.gravatar.com\/avatar\/fe0f6a059fb68d9b3e11bc5850dd4899b1c7492091a3cb6dd9b01b56ad828be2?s=96&d=mm&r=g","contentUrl":"https:\/\/secure.gravatar.com\/avatar\/fe0f6a059fb68d9b3e11bc5850dd4899b1c7492091a3cb6dd9b01b56ad828be2?s=96&d=mm&r=g","caption":"Exaudi Redacci\u00f3n"},"description":"\u00bfQu\u00e9 es Exaudi News? Exaudi News es un medio de comunicaci\u00f3n cat\u00f3lico internacional que informa, forma y transforma, diariamente en espa\u00f1ol, ingl\u00e9s e italiano. A trav\u00e9s de noticias, art\u00edculos de an\u00e1lisis y transmisiones en directo de los eventos del Papa, Exaudi busca fortalecer la unidad de los cristianos y contribuir a la evangelizaci\u00f3n del mundo, siempre guiados por la doctrina social de la Iglesia. Trabajamos para acercar la verdad y los valores cristianos a cada rinc\u00f3n del planeta. \u00a1Ay\u00fadanos a transformar el mundo con Exaudi! En Exaudi creemos que la evangelizaci\u00f3n y la informaci\u00f3n de calidad pueden cambiar vidas. Para continuar con nuestra misi\u00f3n y expandir nuestro alcance, necesitamos tu ayuda. Adem\u00e1s, buscamos personas comprometidas que deseen unirse a nuestro equipo. Con tu apoyo, lograremos llegar a m\u00e1s personas, difundir el mensaje de Cristo y reforzar la unidad de los cristianos. \u00bfTe unes a nuestra misi\u00f3n? Para m\u00e1s informaci\u00f3n sobre c\u00f3mo colaborar, visita Exaudi.org\/es o cont\u00e1ctanos directamente: info@exaudi.org Exaudi: Informa, forma y transforma.","sameAs":["https:\/\/www.facebook.com\/ExaudiNoticias\/","https:\/\/www.instagram.com\/exaudi_noticias\/","https:\/\/x.com\/Exaudi_noticias","https:\/\/www.youtube.com\/@exaudicatholicnews"],"url":"https:\/\/exaudi.org\/es\/author\/redaccionexaudi\/"}]}},"jetpack_featured_media_url":"https:\/\/exaudi.org\/wp-content\/uploads\/2023\/04\/cq5dam.web_.800.800-15.jpeg","jetpack_shortlink":"https:\/\/wp.me\/pgKjF2-jzr","_links":{"self":[{"href":"https:\/\/exaudi.org\/es\/wp-json\/wp\/v2\/posts\/75233","targetHints":{"allow":["GET"]}}],"collection":[{"href":"https:\/\/exaudi.org\/es\/wp-json\/wp\/v2\/posts"}],"about":[{"href":"https:\/\/exaudi.org\/es\/wp-json\/wp\/v2\/types\/post"}],"author":[{"embeddable":true,"href":"https:\/\/exaudi.org\/es\/wp-json\/wp\/v2\/users\/15"}],"replies":[{"embeddable":true,"href":"https:\/\/exaudi.org\/es\/wp-json\/wp\/v2\/comments?post=75233"}],"version-history":[{"count":0,"href":"https:\/\/exaudi.org\/es\/wp-json\/wp\/v2\/posts\/75233\/revisions"}],"wp:featuredmedia":[{"embeddable":true,"href":"https:\/\/exaudi.org\/es\/wp-json\/wp\/v2\/media\/75220"}],"wp:attachment":[{"href":"https:\/\/exaudi.org\/es\/wp-json\/wp\/v2\/media?parent=75233"}],"wp:term":[{"taxonomy":"category","embeddable":true,"href":"https:\/\/exaudi.org\/es\/wp-json\/wp\/v2\/categories?post=75233"},{"taxonomy":"post_tag","embeddable":true,"href":"https:\/\/exaudi.org\/es\/wp-json\/wp\/v2\/tags?post=75233"}],"curies":[{"name":"wp","href":"https:\/\/api.w.org\/{rel}","templated":true}]}}