{"id":75188,"date":"2023-04-29T15:31:45","date_gmt":"2023-04-29T13:31:45","guid":{"rendered":"https:\/\/exaudi.org\/?p=75188"},"modified":"2023-04-30T14:18:21","modified_gmt":"2023-04-30T12:18:21","slug":"el-papa-santa-isabel-hablaba-el-lenguaje-de-la-caridad","status":"publish","type":"post","link":"https:\/\/exaudi.org\/es\/el-papa-santa-isabel-hablaba-el-lenguaje-de-la-caridad\/","title":{"rendered":"El Papa: santa Isabel hablaba el lenguaje de la caridad"},"content":{"rendered":"<div>\n<section class=\"lmt__side_container lmt__side_container--target\" data-testid=\"translator-target\" aria-labelledby=\"translation-results-heading\">\n<div class=\"lmt__textarea_container focus lmt__textarea_container--focus\">\n<div class=\"lmt__inner_textarea_container\" title=\"Haz clic en una palabra para mostrar traducciones alternativas\">\n<div role=\"textbox\" aria-labelledby=\"translation-results-heading\">\n<audio class=\"wp-audio-shortcode\" id=\"audio-75188-1\" preload=\"none\" style=\"width: 100%;\" controls=\"controls\"><source type=\"audio\/mpeg\" src=\"https:\/\/exaudi.org\/wp-content\/uploads\/2023\/04\/El-Papa-santa-Isabel-hablaba-el-lenguaje-de-la.mp3?_=1\" \/><a href=\"https:\/\/exaudi.org\/wp-content\/uploads\/2023\/04\/El-Papa-santa-Isabel-hablaba-el-lenguaje-de-la.mp3\">https:\/\/exaudi.org\/wp-content\/uploads\/2023\/04\/El-Papa-santa-Isabel-hablaba-el-lenguaje-de-la.mp3<\/a><\/audio>\n<p><span class=\" --l --r bg-[#E1F0F5] text-[#25282D] aligned-sentence-highlight sentence_highlight\"><span class=\"--l --r hover:bg-[#B4DAE8]\">A<\/span> <span class=\"--l --r hover:bg-[#B4DAE8]\">las<\/span> <span class=\"--l --r hover:bg-[#B4DAE8]\">8.30<\/span> <span class=\"--l --r hover:bg-[#B4DAE8]\">de<\/span> <span class=\"--l --r hover:bg-[#B4DAE8]\">esta<\/span> <span class=\"--l --r hover:bg-[#B4DAE8]\">ma\u00f1ana<\/span><span class=\"--l --r hover:bg-[#B4DAE8]\">,<\/span> <span class=\"--l --r hover:bg-[#B4DAE8]\">tras<\/span> <span class=\"--l --r hover:bg-[#B4DAE8]\">celebrar<\/span> <span class=\"--l --r hover:bg-[#B4DAE8]\">la<\/span> <span class=\"--l --r hover:bg-[#B4DAE8]\">Santa<\/span> <span class=\"--l --r hover:bg-[#B4DAE8]\">Misa<\/span> <span class=\"--l --r hover:bg-[#B4DAE8]\">en<\/span> <span class=\"--l --r hover:bg-[#B4DAE8]\">privado<\/span><span class=\"--l --r hover:bg-[#B4DAE8]\">,<\/span> <span class=\"--l --r hover:bg-[#B4DAE8]\">el<\/span> <span class=\"--l --r hover:bg-[#B4DAE8]\">Santo<\/span> <span class=\"--l --r hover:bg-[#B4DAE8]\">Padre <\/span><\/span><span class=\"--l --r sentence_highlight\"><span class=\"--l --r hover:bg-[#B4DAE8]\">Francisco<\/span> <span class=\"--l --r hover:bg-[#B4DAE8]\">dej\u00f3<\/span> <span class=\"--l --r hover:bg-[#B4DAE8]\">la<\/span> <span class=\"--l --r hover:bg-[#B4DAE8]\">Nunciatura<\/span> <span class=\"--l --r hover:bg-[#B4DAE8]\">Apost\u00f3lica<\/span> <span class=\"--l --r hover:bg-[#B4DAE8]\">en<\/span> <span class=\"--l --r hover:bg-[#B4DAE8]\">Budapest<\/span> <span class=\"--l --r hover:bg-[#B4DAE8]\">y<\/span> <span class=\"--l --r hover:bg-[#B4DAE8]\">se<\/span> <span class=\"--l --r hover:bg-[#B4DAE8]\">traslad\u00f3<\/span> <span class=\"--l --r hover:bg-[#B4DAE8]\">en<\/span> <span class=\"--l --r hover:bg-[#B4DAE8]\">coche<\/span> <span class=\"--l --r hover:bg-[#B4DAE8]\">al<\/span> <span class=\"--l --r hover:bg-[#B4DAE8]\">Instituto<\/span> <span class=\"--l --r hover:bg-[#B4DAE8]\">Beato<\/span> <span class=\"--l --r hover:bg-[#B4DAE8]\">L\u00e1szl\u00f3 <\/span><\/span><span class=\"--l --r sentence_highlight\"><span class=\"--l --r hover:bg-[#B4DAE8]\">Batthy\u00e1ny<\/span><span class=\"--l --r hover:bg-[#B4DAE8]\">&#8211;<\/span><span class=\"--l --r hover:bg-[#B4DAE8]\">Strattmann<\/span><span class=\"--l --r hover:bg-[#B4DAE8]\">.<\/span><\/span><\/p>\n<p><span class=\"--l --r sentence_highlight\"><span class=\"--l --r hover:bg-[#B4DAE8]\">A<\/span> <span class=\"--l --r hover:bg-[#B4DAE8]\">su<\/span> <span class=\"--l --r hover:bg-[#B4DAE8]\">llegada<\/span><span class=\"--l --r hover:bg-[#B4DAE8]\">,<\/span> <span class=\"--l --r hover:bg-[#B4DAE8]\">a<\/span> <span class=\"--l --r hover:bg-[#B4DAE8]\">las<\/span> <span class=\"--l --r hover:bg-[#B4DAE8]\">8.45<\/span> <span class=\"--l --r hover:bg-[#B4DAE8]\">horas<\/span><span class=\"--l --r hover:bg-[#B4DAE8]\">,<\/span> <span class=\"--l --r hover:bg-[#B4DAE8]\">el<\/span> <span class=\"--l --r hover:bg-[#B4DAE8]\">Papa<\/span> <span class=\"--l --r hover:bg-[#B4DAE8]\">es<\/span> <span class=\"--l --r hover:bg-[#B4DAE8]\">recibido<\/span> <span class=\"--l --r hover:bg-[#B4DAE8]\">en<\/span> <span class=\"--l --r hover:bg-[#B4DAE8]\">la<\/span> <span class=\"--l --r hover:bg-[#B4DAE8]\">entrada<\/span> <span class=\"--l --r hover:bg-[#B4DAE8]\">principal<\/span> <span class=\"--l --r hover:bg-[#B4DAE8]\">por<\/span> <span class=\"--l --r hover:bg-[#B4DAE8]\">el<\/span> <span class=\"--l --r hover:bg-[#B4DAE8]\">Director<\/span> <span class=\"--l --r hover:bg-[#B4DAE8]\">Gy\u00f6rgy <\/span><\/span><span class=\"--l --r sentence_highlight\"><span class=\"--l --r hover:bg-[#B4DAE8]\">Inotay<\/span><span class=\"--l --r hover:bg-[#B4DAE8]\">,<\/span> <span class=\"--l --r hover:bg-[#B4DAE8]\">quien<\/span><span class=\"--l --r hover:bg-[#B4DAE8]\">,<\/span> <span class=\"--l --r hover:bg-[#B4DAE8]\">mientras<\/span> <span class=\"--l --r hover:bg-[#B4DAE8]\">caminan<\/span> <span class=\"--l --r hover:bg-[#B4DAE8]\">juntos<\/span> <span class=\"--l --r hover:bg-[#B4DAE8]\">hacia<\/span> <span class=\"--l --r hover:bg-[#B4DAE8]\">el<\/span> <span class=\"--l --r hover:bg-[#B4DAE8]\">refectorio<\/span><span class=\"--l --r hover:bg-[#B4DAE8]\">,<\/span> <span class=\"--l --r hover:bg-[#B4DAE8]\">muestra<\/span> <span class=\"--l --r hover:bg-[#B4DAE8]\">al<\/span> <span class=\"--l --r hover:bg-[#B4DAE8]\">Santo<\/span> <span class=\"--l --r hover:bg-[#B4DAE8]\">Padre<\/span> <span class=\"--l --r hover:bg-[#B4DAE8]\">algunas<\/span> <span class=\"--l --r hover:bg-[#B4DAE8]\">aulas<\/span> <span class=\"--l --r hover:bg-[#B4DAE8]\">de<\/span> <span class=\"--l --r hover:bg-[#B4DAE8]\">la <\/span><\/span><span class=\"--l --r sentence_highlight\"><span class=\"--l --r hover:bg-[#B4DAE8]\">estructura<\/span><span class=\"--l --r hover:bg-[#B4DAE8]\">.<\/span><\/span><\/p>\n<p><span class=\"--l --r sentence_highlight\"><span class=\"--l --r hover:bg-[#B4DAE8]\">A<\/span> <span class=\"--l --r hover:bg-[#B4DAE8]\">continuaci\u00f3n<\/span><span class=\"--l --r hover:bg-[#B4DAE8]\">,<\/span> <span class=\"--l --r hover:bg-[#B4DAE8]\">el<\/span> <span class=\"--l --r hover:bg-[#B4DAE8]\">Director<\/span> <span class=\"--l --r hover:bg-[#B4DAE8]\">dirige<\/span> <span class=\"--l --r hover:bg-[#B4DAE8]\">un<\/span> <span class=\"--l --r hover:bg-[#B4DAE8]\">breve<\/span> <span class=\"--l --r hover:bg-[#B4DAE8]\">saludo<\/span> <span class=\"--l --r hover:bg-[#B4DAE8]\">de<\/span> <span class=\"--l --r hover:bg-[#B4DAE8]\">bienvenida<\/span> <span class=\"--l --r hover:bg-[#B4DAE8]\">al<\/span> <span class=\"--l --r hover:bg-[#B4DAE8]\">Santo<\/span> <span class=\"--l --r hover:bg-[#B4DAE8]\">Padre<\/span><span class=\"--l --r hover:bg-[#B4DAE8]\">,<\/span> <span class=\"--l --r hover:bg-[#B4DAE8]\">seguido<\/span> <span class=\"--l --r hover:bg-[#B4DAE8]\">del<\/span> <span class=\"--l --r hover:bg-[#B4DAE8]\">canto <\/span><\/span><span class=\"--l --r sentence_highlight\"><span class=\"--l --r hover:bg-[#B4DAE8]\">del<\/span> <span class=\"--l --r hover:bg-[#B4DAE8]\">Ave<\/span> <span class=\"--l --r hover:bg-[#B4DAE8]\">Mar\u00eda<\/span><span class=\"--l --r hover:bg-[#B4DAE8]\">,<\/span> <span class=\"--l --r hover:bg-[#B4DAE8]\">la<\/span> <span class=\"--l --r hover:bg-[#B4DAE8]\">interpretaci\u00f3n<\/span> <span class=\"--l --r hover:bg-[#B4DAE8]\">de<\/span> <span class=\"--l --r hover:bg-[#B4DAE8]\">una<\/span> <span class=\"--l --r hover:bg-[#B4DAE8]\">pieza<\/span> <span class=\"--l --r hover:bg-[#B4DAE8]\">con<\/span> <span class=\"--l --r hover:bg-[#B4DAE8]\">flauta<\/span> <span class=\"--l --r hover:bg-[#B4DAE8]\">de<\/span> <span class=\"--l --r hover:bg-[#B4DAE8]\">ni\u00f1a<\/span><span class=\"--l --r hover:bg-[#B4DAE8]\">,<\/span> <span class=\"--l --r hover:bg-[#B4DAE8]\">el<\/span> <span class=\"--l --r hover:bg-[#B4DAE8]\">canto<\/span> <span class=\"--l --r hover:bg-[#B4DAE8]\">del<\/span> <span class=\"--l --r hover:bg-[#B4DAE8]\">Himno<\/span> <span class=\"--l --r hover:bg-[#B4DAE8]\">a<\/span> <span class=\"--l --r hover:bg-[#B4DAE8]\">la<\/span> <span class=\"--l --r hover:bg-[#B4DAE8]\">Caridad<\/span> <span class=\"--l --r hover:bg-[#B4DAE8]\">y\u00a0 <\/span><\/span><span class=\"--l --r sentence_highlight\"><span class=\"--l --r hover:bg-[#B4DAE8]\">el<\/span> <span class=\"--l --r hover:bg-[#B4DAE8]\">himno<\/span> <span class=\"--l --r hover:bg-[#B4DAE8]\">de<\/span> <span class=\"--l --r hover:bg-[#B4DAE8]\">acci\u00f3n<\/span> <span class=\"--l --r hover:bg-[#B4DAE8]\">de<\/span> <span class=\"--l --r hover:bg-[#B4DAE8]\">gracias<\/span><span class=\"--l --r hover:bg-[#B4DAE8]\">.<\/span><\/span><\/p>\n<p><span class=\"--l --r sentence_highlight\"><span class=\"--l --r hover:bg-[#B4DAE8]\">Tras<\/span> <span class=\"--l --r hover:bg-[#B4DAE8]\">el<\/span> <span class=\"--l --r hover:bg-[#B4DAE8]\">intercambio<\/span> <span class=\"--l --r hover:bg-[#B4DAE8]\">de<\/span> <span class=\"--l --r hover:bg-[#B4DAE8]\">regalos<\/span><span class=\"--l --r hover:bg-[#B4DAE8]\">,<\/span> <span class=\"--l --r hover:bg-[#B4DAE8]\">el<\/span> <span class=\"--l --r hover:bg-[#B4DAE8]\">rezo<\/span> <span class=\"--l --r hover:bg-[#B4DAE8]\">del<\/span> <span class=\"--l --r hover:bg-[#B4DAE8]\">Padre<\/span> <span class=\"--l --r hover:bg-[#B4DAE8]\">Nuestro<\/span> <span class=\"--l --r hover:bg-[#B4DAE8]\">y<\/span> <span class=\"--l --r hover:bg-[#B4DAE8]\">la<\/span> <span class=\"--l --r hover:bg-[#B4DAE8]\">bendici\u00f3n<\/span> <span class=\"--l --r hover:bg-[#B4DAE8]\">final<\/span><span class=\"--l --r hover:bg-[#B4DAE8]\">,<\/span> <span class=\"--l --r hover:bg-[#B4DAE8]\">antes<\/span> <span class=\"--l --r hover:bg-[#B4DAE8]\">de<\/span> <span class=\"--l --r hover:bg-[#B4DAE8]\">abandonar <\/span><\/span><span class=\"--l --r sentence_highlight\"><span class=\"--l --r hover:bg-[#B4DAE8]\">la<\/span> <span class=\"--l --r hover:bg-[#B4DAE8]\">estructura<\/span><span class=\"--l --r hover:bg-[#B4DAE8]\">,<\/span> <span class=\"--l --r hover:bg-[#B4DAE8]\">el<\/span> <span class=\"--l --r hover:bg-[#B4DAE8]\">Director<\/span> <span class=\"--l --r hover:bg-[#B4DAE8]\">acompa\u00f1a<\/span> <span class=\"--l --r hover:bg-[#B4DAE8]\">al<\/span> <span class=\"--l --r hover:bg-[#B4DAE8]\">Papa<\/span> <span class=\"--l --r hover:bg-[#B4DAE8]\">a<\/span> <span class=\"--l --r hover:bg-[#B4DAE8]\">la<\/span> <span class=\"--l --r hover:bg-[#B4DAE8]\">Sala<\/span> <span class=\"--l --r hover:bg-[#B4DAE8]\">de<\/span> <span class=\"--l --r hover:bg-[#B4DAE8]\">Trabajo<\/span> <span class=\"--l --r hover:bg-[#B4DAE8]\">de<\/span> <span class=\"--l --r hover:bg-[#B4DAE8]\">la<\/span> <span class=\"--l --r hover:bg-[#B4DAE8]\">planta<\/span> <span class=\"--l --r hover:bg-[#B4DAE8]\">baja<\/span><span class=\"--l --r hover:bg-[#B4DAE8]\">,<\/span> <span class=\"--l --r hover:bg-[#B4DAE8]\">donde<\/span> <span class=\"--l --r hover:bg-[#B4DAE8]\">se<\/span> <span class=\"--l --r hover:bg-[#B4DAE8]\">re\u00fane <\/span><\/span><span class=\"--l --r sentence_highlight\"><span class=\"--l --r hover:bg-[#B4DAE8]\">y saluda<\/span>\u00a0<\/span><span class=\"--l --r sentence_highlight\"><span class=\"--l --r hover:bg-[#B4DAE8]\">brevemente<\/span> <span class=\"--l --r hover:bg-[#B4DAE8]\">a<\/span> <span class=\"--l --r hover:bg-[#B4DAE8]\">los<\/span> <span class=\"--l --r hover:bg-[#B4DAE8]\">empleados<\/span> <span class=\"--l --r hover:bg-[#B4DAE8]\">del<\/span> <span class=\"--l --r hover:bg-[#B4DAE8]\">Instituto<\/span><\/span><\/p>\n<p>En su segundo d\u00eda de Viaje Apost\u00f3lico en Hungr\u00eda, el Papa se re\u00fane con los pobres y refugiados en la Iglesia de Santa Isabel y pide compasi\u00f3n hacia todos, en especial hacia quienes est\u00e1n marcados por la pobreza, la enfermedad y el dolor. \u201cNecesitamos una Iglesia que hable con fluidez el lenguaje de la caridad\u201d<\/p>\n<\/div>\n<\/div>\n<\/div>\n<\/section>\n<\/div>\n<div><\/div>\n<div>***<\/div>\n<h3><strong>Palabras del Papa<\/strong><\/h3>\n<p>Queridos hermanos y hermanas, \u00a1buenos d\u00edas!<\/p>\n<p>Me siento feliz de estar aqu\u00ed entre ustedes. Gracias, Mons. Antal, por sus palabras de bienvenida y gracias por haber recordado el generoso servicio que la Iglesia h\u00fangara realiza para y con los pobres. Los pobres y los necesitados \u2014no lo olvidemos nunca\u2014 est\u00e1n en el coraz\u00f3n del Evangelio: Jes\u00fas, en efecto, vino \u00aba llevar la Buena Noticia a los pobres\u00bb (<i>Lc<\/i>\u00a04,18). Ellos, entonces, nos indican un desaf\u00edo apasionante, para que la fe que profesamos no sea prisionera de un culto alejado de la vida y no se convierta en presa de una especie de \u201cego\u00edsmo espiritual\u201d, es decir, de una espiritualidad que me construyo a la medida de mi tranquilidad interior y de mi satisfacci\u00f3n. La fe verdadera, en cambio, es aquella que incomoda, que arriesga, que hace salir al encuentro de los pobres y capacita para hablar con la vida\u00a0<i>el lenguaje de la caridad<\/i>. Como afirma san Pablo, podemos hablar muchas lenguas, poseer sabidur\u00eda y riquezas, pero si no tenemos caridad no poseemos nada y no somos nada (cf.\u00a0<i>1 Co<\/i>\u00a013,1-13).<\/p>\n<p>El lenguaje de la caridad. Fue la lengua hablada por santa Isabel, a quien este pueblo profesa gran devoci\u00f3n y afecto. Al llegar esta ma\u00f1ana, vi en la plaza su estatua, con la base que la representa mientras recibe el cord\u00f3n de la orden franciscana y, al mismo tiempo, ofrece agua para saciar la sed de un pobre. Es una hermosa imagen de la fe. Quien \u201cse une a Dios\u201d, como hizo san Francisco de As\u00eds, en quien Isabel se inspir\u00f3, se abre a la caridad hacia el pobre, porque \u00abel que dice: \u201cAmo a Dios\u201d, y no ama a su hermano, es un mentiroso. \u00bfC\u00f3mo puede amar a Dios, a quien no ve, el que no ama a su hermano, a quien ve?\u00bb (<i>1<\/i>\u00a0<i>Jn<\/i>\u00a04,20). Santa Isabel, hija del rey, hab\u00eda crecido en la comodidad de una vida de corte, en un ambiente lujoso y privilegiado; sin embargo, conmovida y transformada por el encuentro con Cristo, pronto sinti\u00f3 rechazo hacia las riquezas y las vanidades del mundo, advirtiendo el deseo de despojarse de ellas y de cuidar a los necesitados. As\u00ed, no s\u00f3lo gast\u00f3 sus bienes, sino tambi\u00e9n su vida en favor de los \u00faltimos, de los leprosos y de los enfermos, hasta llegar a curarlos personalmente y a llevarlos sobre sus propios hombros. Ese es el lenguaje de la caridad.<\/p>\n<p>Brigitta, a quien agradezco su testimonio, tambi\u00e9n nos habl\u00f3 de ello. Tantas privaciones, tanto sufrimiento, tanto trabajo duro para tratar de salir adelante y no hacer faltar el pan a sus hijos y, en el momento m\u00e1s dram\u00e1tico, el Se\u00f1or vino a su encuentro para socorrerla. Pero\u00a0\u2014lo hemos escuchado de sus propios labios\u2014, \u00bfc\u00f3mo intervino el Se\u00f1or? \u00c9l, que escucha el grito del pobre, \u00abhace justicia a los oprimidos y da pan a los hambrientos\u00bb y \u00abendereza a los que est\u00e1n encorvados\u00bb (<i>Sal<\/i>\u00a0146,7-8), casi nunca llega resolviendo nuestros problemas desde arriba, sino que se hace cercano con el abrazo de su ternura, inspirando la compasi\u00f3n de hermanos que se dan cuenta de ellos y no permanecen indiferentes. Brigitta nos dijo que pudo experimentar la cercan\u00eda del Se\u00f1or gracias a la Iglesia greco-cat\u00f3lica; a tantas personas que se prodigaron para ayudarla, animarla, encontrarle un trabajo y sostenerla en las necesidades materiales y en el camino de la fe. Este es el testimonio que se nos pide: la compasi\u00f3n hacia todos, especialmente hacia los que est\u00e1n marcados por la pobreza, la enfermedad y el dolor. Compasi\u00f3n que quiere decir \u201cpadecer con\u201d. Necesitamos una Iglesia que hable con fluidez el lenguaje de la caridad, idioma universal que todos escuchan y comprenden, incluso los m\u00e1s alejados, incluso los que no creen.<\/p>\n<p>Y a este prop\u00f3sito, expreso mi gratitud a la Iglesia h\u00fangara por el esfuerzo realizado en la caridad, un compromiso extenso: han creado una red que conecta a muchos agentes pastorales, a muchos voluntarios, a las C\u00e1ritas parroquiales y diocesanas, y tambi\u00e9n a grupos de oraci\u00f3n, comunidades de creyentes y organizaciones pertenecientes a otras confesiones, pero unidas en esa comuni\u00f3n ecum\u00e9nica que brota precisamente de la caridad. Y gracias por el modo con que han acogido \u2014no s\u00f3lo con generosidad sino tambi\u00e9n con entusiasmo\u2014 a muchos refugiados procedentes de Ucrania. Escuch\u00e9 conmovido el testimonio de Oleg y su familia; vuestro \u201cviaje hacia el futuro\u201d \u2014un futuro diferente, lejos de los horrores de la guerra\u2014 comenz\u00f3 en realidad con un \u201cviaje en la memoria\u201d, porque Oleg record\u00f3 la c\u00e1lida bienvenida que recibi\u00f3 en Hungr\u00eda hace a\u00f1os, cuando vino a trabajar como cocinero. La memoria de esa experiencia lo anim\u00f3 a emprender el viaje con su familia y a venir aqu\u00ed a Budapest, donde encontr\u00f3 una generosa hospitalidad. El recuerdo del amor recibido reaviva la esperanza, anima a emprender nuevos caminos de vida. En efecto, tambi\u00e9n en el dolor y en el sufrimiento se encuentra la valent\u00eda de seguir adelante cuando se ha recibido el b\u00e1lsamo del amor: y esta es la fuerza que ayuda a creer que no todo est\u00e1 perdido y que un futuro diferente es posible. El amor que Jes\u00fas nos da y que nos manda vivir contribuye entonces a extirpar de la sociedad, de las ciudades y de los lugares donde vivimos, los males de la indiferencia \u2014es una peste la indiferencia\u2014 y del ego\u00edsmo, y reaviva la esperanza de una humanidad nueva, m\u00e1s justa y fraterna, donde todos puedan sentirse en casa.<\/p>\n<p>Lamentablemente, un gran n\u00famero de personas tambi\u00e9n aqu\u00ed est\u00e1n literalmente sin hogar: muchas hermanas y hermanos marcados por la fragilidad \u2014solos, con diversas dificultades f\u00edsicas y mentales, destruidos por el veneno de la droga, que han salido de la c\u00e1rcel o han sido abandonados por ser ancianos\u2014 est\u00e1n afectados por formas graves de pobreza material, cultural y espiritual, y no tienen un techo o una casa donde vivir. Zolt\u00e1n y su esposa Anna nos han dado su testimonio sobre esta gran tragedia: gracias por sus palabras. Y gracias por haber acogido esa moci\u00f3n del Esp\u00edritu Santo que los ha llevado, con valent\u00eda y generosidad, a construir un centro para acoger a personas sin techo. Me ha impresionado escuchar que, junto con las necesidades materiales, prestan atenci\u00f3n a la historia y a la dignidad herida de las personas, haci\u00e9ndose cargo de su soledad, de su fatiga de sentirse amadas y bienvenidas en el mundo. Anna nos dijo que \u00abes Jes\u00fas, la Palabra viva, que sana sus corazones y sus relaciones, porque la persona se reconstruye desde dentro\u00bb; es decir, renace, cuando experimenta que a los ojos de Dios es amada y bendecida. Esto vale para toda la Iglesia: \u00a1no es suficiente dar el pan que alimenta el est\u00f3mago, es necesario alimentar el coraz\u00f3n de las personas! La caridad no es una simple asistencia material y social, sino que se preocupa de toda la persona y desea volver a ponerla en pie con el amor de Jes\u00fas: un amor que ayuda a recuperar belleza y dignidad.<\/p>\n<p>Hacer caridad significa tener la valent\u00eda de mirar a los ojos. T\u00fa no puedes ayudar a alguien mirando hacia otro lado. Para hacer caridad se necesita la valent\u00eda de tocar. T\u00fa no puedes arrojar la limosna desde lejos sin tocar. Tocar y mirar. Y as\u00ed, tocando y mirando, comienzas un camino, un camino con esa persona necesitada, que te har\u00e1 entender cu\u00e1n necesitado est\u00e1s t\u00fa de la mirada y de la mano del Se\u00f1or.<\/p>\n<p>Hermanos y hermanas, los animo a hablar siempre el lenguaje de la caridad. La estatua que hay en esta plaza representa el milagro m\u00e1s famoso de santa Isabel: se cuenta que, una vez, el Se\u00f1or transform\u00f3 en rosas el pan que llevaba a los necesitados. Es as\u00ed tambi\u00e9n para ustedes: cuando se empe\u00f1an en llevar el pan a los hambrientos, el Se\u00f1or hace florecer la alegr\u00eda y perfuma vuestra existencia con el amor que dan. Hermanos y hermanas, les deseo que lleven siempre el perfume de la caridad a la Iglesia y a su pa\u00eds. Y les pido, por favor, que sigan rezando por m\u00ed.<\/p>\n<p><iframe loading=\"lazy\" title=\"Encuentro con los Pobres y refugiados - 41 Viaje Apost\u00f3lico - Papa Francisco\" width=\"500\" height=\"281\" src=\"https:\/\/www.youtube.com\/embed\/6aeM4nu9oQs?feature=oembed\" frameborder=\"0\" allow=\"accelerometer; autoplay; clipboard-write; encrypted-media; gyroscope; picture-in-picture; web-share\" referrerpolicy=\"strict-origin-when-cross-origin\" allowfullscreen><\/iframe><\/p>\n","protected":false},"excerpt":{"rendered":"<p>El Papa se re\u00fane con los pobres y refugiados<\/p>\n","protected":false},"author":15,"featured_media":75189,"comment_status":"closed","ping_status":"closed","sticky":false,"template":"","format":"standard","meta":{"_acf_changed":false,"_crdt_document":"","inline_featured_image":false,"footnotes":""},"categories":[116,68],"tags":[9024,158,4953,9023],"class_list":["post-75188","post","type-post","status-publish","format-standard","has-post-thumbnail","hentry","category-encuentros","category-leon-xiv","tag-encuentro-con-pobres-y-refugiados","tag-papa-francisco","tag-trending-es","tag-viaje-a-hungria"],"acf":[],"yoast_head":"<!-- This site is optimized with the Yoast SEO plugin v27.4 - https:\/\/yoast.com\/product\/yoast-seo-wordpress\/ -->\n<title>El Papa: santa Isabel hablaba el lenguaje de la caridad &#8211; Exaudi<\/title>\n<meta name=\"robots\" content=\"index, follow, max-snippet:-1, max-image-preview:large, max-video-preview:-1\" \/>\n<link rel=\"canonical\" href=\"https:\/\/exaudi.org\/es\/el-papa-santa-isabel-hablaba-el-lenguaje-de-la-caridad\/\" \/>\n<meta property=\"og:locale\" content=\"es_ES\" \/>\n<meta property=\"og:type\" content=\"article\" \/>\n<meta property=\"og:title\" content=\"El Papa: santa Isabel hablaba el lenguaje de la caridad &#8211; Exaudi\" \/>\n<meta property=\"og:description\" content=\"El Papa se re\u00fane con los pobres y refugiados\" \/>\n<meta property=\"og:url\" content=\"https:\/\/exaudi.org\/es\/el-papa-santa-isabel-hablaba-el-lenguaje-de-la-caridad\/\" \/>\n<meta property=\"og:site_name\" content=\"Exaudi\" \/>\n<meta property=\"article:publisher\" content=\"https:\/\/www.facebook.com\/ExaudiNews\" \/>\n<meta property=\"article:author\" content=\"https:\/\/www.facebook.com\/ExaudiNoticias\/\" \/>\n<meta property=\"article:published_time\" content=\"2023-04-29T13:31:45+00:00\" \/>\n<meta property=\"article:modified_time\" content=\"2023-04-30T12:18:21+00:00\" \/>\n<meta property=\"og:image\" content=\"https:\/\/exaudi.org\/wp-content\/uploads\/2023\/04\/Hungria.jpeg\" \/>\n\t<meta property=\"og:image:width\" content=\"800\" \/>\n\t<meta property=\"og:image:height\" content=\"533\" \/>\n\t<meta property=\"og:image:type\" content=\"image\/jpeg\" \/>\n<meta name=\"author\" content=\"Exaudi Redacci\u00f3n\" \/>\n<meta name=\"twitter:card\" content=\"summary_large_image\" \/>\n<meta name=\"twitter:creator\" content=\"@Exaudi_noticias\" \/>\n<meta name=\"twitter:site\" content=\"@Exaudi_News\" \/>\n<meta name=\"twitter:label1\" content=\"Escrito por\" \/>\n\t<meta name=\"twitter:data1\" content=\"Exaudi Redacci\u00f3n\" \/>\n\t<meta name=\"twitter:label2\" content=\"Tiempo de lectura\" \/>\n\t<meta name=\"twitter:data2\" content=\"8 minutos\" \/>\n<script type=\"application\/ld+json\" class=\"yoast-schema-graph\">{\"@context\":\"https:\\\/\\\/schema.org\",\"@graph\":[{\"@type\":\"Article\",\"@id\":\"https:\\\/\\\/exaudi.org\\\/es\\\/el-papa-santa-isabel-hablaba-el-lenguaje-de-la-caridad\\\/#article\",\"isPartOf\":{\"@id\":\"https:\\\/\\\/exaudi.org\\\/es\\\/el-papa-santa-isabel-hablaba-el-lenguaje-de-la-caridad\\\/\"},\"author\":{\"name\":\"Exaudi Redacci\u00f3n\",\"@id\":\"https:\\\/\\\/exaudi.org\\\/#\\\/schema\\\/person\\\/f5fc8f063065e38742da7afe15f25df7\"},\"headline\":\"El Papa: santa Isabel hablaba el lenguaje de la caridad\",\"datePublished\":\"2023-04-29T13:31:45+00:00\",\"dateModified\":\"2023-04-30T12:18:21+00:00\",\"mainEntityOfPage\":{\"@id\":\"https:\\\/\\\/exaudi.org\\\/es\\\/el-papa-santa-isabel-hablaba-el-lenguaje-de-la-caridad\\\/\"},\"wordCount\":1677,\"image\":{\"@id\":\"https:\\\/\\\/exaudi.org\\\/es\\\/el-papa-santa-isabel-hablaba-el-lenguaje-de-la-caridad\\\/#primaryimage\"},\"thumbnailUrl\":\"https:\\\/\\\/exaudi.org\\\/wp-content\\\/uploads\\\/2023\\\/04\\\/Hungria.jpeg\",\"keywords\":[\"encuentro con pobres y refugiados\",\"papa francisco\",\"Trending\",\"Viaje a Hungr\u00eda\"],\"articleSection\":[\"Encuentros\",\"Le\u00f3n XIV\"],\"inLanguage\":\"es\"},{\"@type\":\"WebPage\",\"@id\":\"https:\\\/\\\/exaudi.org\\\/es\\\/el-papa-santa-isabel-hablaba-el-lenguaje-de-la-caridad\\\/\",\"url\":\"https:\\\/\\\/exaudi.org\\\/es\\\/el-papa-santa-isabel-hablaba-el-lenguaje-de-la-caridad\\\/\",\"name\":\"El Papa: santa Isabel hablaba el lenguaje de la caridad &#8211; Exaudi\",\"isPartOf\":{\"@id\":\"https:\\\/\\\/exaudi.org\\\/#website\"},\"primaryImageOfPage\":{\"@id\":\"https:\\\/\\\/exaudi.org\\\/es\\\/el-papa-santa-isabel-hablaba-el-lenguaje-de-la-caridad\\\/#primaryimage\"},\"image\":{\"@id\":\"https:\\\/\\\/exaudi.org\\\/es\\\/el-papa-santa-isabel-hablaba-el-lenguaje-de-la-caridad\\\/#primaryimage\"},\"thumbnailUrl\":\"https:\\\/\\\/exaudi.org\\\/wp-content\\\/uploads\\\/2023\\\/04\\\/Hungria.jpeg\",\"datePublished\":\"2023-04-29T13:31:45+00:00\",\"dateModified\":\"2023-04-30T12:18:21+00:00\",\"author\":{\"@id\":\"https:\\\/\\\/exaudi.org\\\/#\\\/schema\\\/person\\\/f5fc8f063065e38742da7afe15f25df7\"},\"breadcrumb\":{\"@id\":\"https:\\\/\\\/exaudi.org\\\/es\\\/el-papa-santa-isabel-hablaba-el-lenguaje-de-la-caridad\\\/#breadcrumb\"},\"inLanguage\":\"es\",\"potentialAction\":[{\"@type\":\"ReadAction\",\"target\":[\"https:\\\/\\\/exaudi.org\\\/es\\\/el-papa-santa-isabel-hablaba-el-lenguaje-de-la-caridad\\\/\"]}]},{\"@type\":\"ImageObject\",\"inLanguage\":\"es\",\"@id\":\"https:\\\/\\\/exaudi.org\\\/es\\\/el-papa-santa-isabel-hablaba-el-lenguaje-de-la-caridad\\\/#primaryimage\",\"url\":\"https:\\\/\\\/exaudi.org\\\/wp-content\\\/uploads\\\/2023\\\/04\\\/Hungria.jpeg\",\"contentUrl\":\"https:\\\/\\\/exaudi.org\\\/wp-content\\\/uploads\\\/2023\\\/04\\\/Hungria.jpeg\",\"width\":800,\"height\":533,\"caption\":\"viaje a Hungr\u00eda \u00a9 Vatican Media\"},{\"@type\":\"BreadcrumbList\",\"@id\":\"https:\\\/\\\/exaudi.org\\\/es\\\/el-papa-santa-isabel-hablaba-el-lenguaje-de-la-caridad\\\/#breadcrumb\",\"itemListElement\":[{\"@type\":\"ListItem\",\"position\":1,\"name\":\"Portada\",\"item\":\"https:\\\/\\\/exaudi.org\\\/es\\\/\"},{\"@type\":\"ListItem\",\"position\":2,\"name\":\"El Papa: santa Isabel hablaba el lenguaje de la caridad\"}]},{\"@type\":\"WebSite\",\"@id\":\"https:\\\/\\\/exaudi.org\\\/#website\",\"url\":\"https:\\\/\\\/exaudi.org\\\/\",\"name\":\"Exaudi\",\"description\":\"News\",\"potentialAction\":[{\"@type\":\"SearchAction\",\"target\":{\"@type\":\"EntryPoint\",\"urlTemplate\":\"https:\\\/\\\/exaudi.org\\\/?s={search_term_string}\"},\"query-input\":{\"@type\":\"PropertyValueSpecification\",\"valueRequired\":true,\"valueName\":\"search_term_string\"}}],\"inLanguage\":\"es\"},{\"@type\":\"Person\",\"@id\":\"https:\\\/\\\/exaudi.org\\\/#\\\/schema\\\/person\\\/f5fc8f063065e38742da7afe15f25df7\",\"name\":\"Exaudi Redacci\u00f3n\",\"image\":{\"@type\":\"ImageObject\",\"inLanguage\":\"es\",\"@id\":\"https:\\\/\\\/secure.gravatar.com\\\/avatar\\\/fe0f6a059fb68d9b3e11bc5850dd4899b1c7492091a3cb6dd9b01b56ad828be2?s=96&d=mm&r=g\",\"url\":\"https:\\\/\\\/secure.gravatar.com\\\/avatar\\\/fe0f6a059fb68d9b3e11bc5850dd4899b1c7492091a3cb6dd9b01b56ad828be2?s=96&d=mm&r=g\",\"contentUrl\":\"https:\\\/\\\/secure.gravatar.com\\\/avatar\\\/fe0f6a059fb68d9b3e11bc5850dd4899b1c7492091a3cb6dd9b01b56ad828be2?s=96&d=mm&r=g\",\"caption\":\"Exaudi Redacci\u00f3n\"},\"description\":\"\u00bfQu\u00e9 es Exaudi News? Exaudi News es un medio de comunicaci\u00f3n cat\u00f3lico internacional que informa, forma y transforma, diariamente en espa\u00f1ol, ingl\u00e9s e italiano. A trav\u00e9s de noticias, art\u00edculos de an\u00e1lisis y transmisiones en directo de los eventos del Papa, Exaudi busca fortalecer la unidad de los cristianos y contribuir a la evangelizaci\u00f3n del mundo, siempre guiados por la doctrina social de la Iglesia. Trabajamos para acercar la verdad y los valores cristianos a cada rinc\u00f3n del planeta. \u00a1Ay\u00fadanos a transformar el mundo con Exaudi! En Exaudi creemos que la evangelizaci\u00f3n y la informaci\u00f3n de calidad pueden cambiar vidas. Para continuar con nuestra misi\u00f3n y expandir nuestro alcance, necesitamos tu ayuda. Adem\u00e1s, buscamos personas comprometidas que deseen unirse a nuestro equipo. Con tu apoyo, lograremos llegar a m\u00e1s personas, difundir el mensaje de Cristo y reforzar la unidad de los cristianos. \u00bfTe unes a nuestra misi\u00f3n? Para m\u00e1s informaci\u00f3n sobre c\u00f3mo colaborar, visita Exaudi.org\\\/es o cont\u00e1ctanos directamente: info@exaudi.org Exaudi: Informa, forma y transforma.\",\"sameAs\":[\"https:\\\/\\\/www.facebook.com\\\/ExaudiNoticias\\\/\",\"https:\\\/\\\/www.instagram.com\\\/exaudi_noticias\\\/\",\"https:\\\/\\\/x.com\\\/Exaudi_noticias\",\"https:\\\/\\\/www.youtube.com\\\/@exaudicatholicnews\"],\"url\":\"https:\\\/\\\/exaudi.org\\\/es\\\/author\\\/redaccionexaudi\\\/\"}]}<\/script>\n<!-- \/ Yoast SEO plugin. -->","yoast_head_json":{"title":"El Papa: santa Isabel hablaba el lenguaje de la caridad &#8211; Exaudi","robots":{"index":"index","follow":"follow","max-snippet":"max-snippet:-1","max-image-preview":"max-image-preview:large","max-video-preview":"max-video-preview:-1"},"canonical":"https:\/\/exaudi.org\/es\/el-papa-santa-isabel-hablaba-el-lenguaje-de-la-caridad\/","og_locale":"es_ES","og_type":"article","og_title":"El Papa: santa Isabel hablaba el lenguaje de la caridad &#8211; Exaudi","og_description":"El Papa se re\u00fane con los pobres y refugiados","og_url":"https:\/\/exaudi.org\/es\/el-papa-santa-isabel-hablaba-el-lenguaje-de-la-caridad\/","og_site_name":"Exaudi","article_publisher":"https:\/\/www.facebook.com\/ExaudiNews","article_author":"https:\/\/www.facebook.com\/ExaudiNoticias\/","article_published_time":"2023-04-29T13:31:45+00:00","article_modified_time":"2023-04-30T12:18:21+00:00","og_image":[{"width":800,"height":533,"url":"https:\/\/exaudi.org\/wp-content\/uploads\/2023\/04\/Hungria.jpeg","type":"image\/jpeg"}],"author":"Exaudi Redacci\u00f3n","twitter_card":"summary_large_image","twitter_creator":"@Exaudi_noticias","twitter_site":"@Exaudi_News","twitter_misc":{"Escrito por":"Exaudi Redacci\u00f3n","Tiempo de lectura":"8 minutos"},"schema":{"@context":"https:\/\/schema.org","@graph":[{"@type":"Article","@id":"https:\/\/exaudi.org\/es\/el-papa-santa-isabel-hablaba-el-lenguaje-de-la-caridad\/#article","isPartOf":{"@id":"https:\/\/exaudi.org\/es\/el-papa-santa-isabel-hablaba-el-lenguaje-de-la-caridad\/"},"author":{"name":"Exaudi Redacci\u00f3n","@id":"https:\/\/exaudi.org\/#\/schema\/person\/f5fc8f063065e38742da7afe15f25df7"},"headline":"El Papa: santa Isabel hablaba el lenguaje de la caridad","datePublished":"2023-04-29T13:31:45+00:00","dateModified":"2023-04-30T12:18:21+00:00","mainEntityOfPage":{"@id":"https:\/\/exaudi.org\/es\/el-papa-santa-isabel-hablaba-el-lenguaje-de-la-caridad\/"},"wordCount":1677,"image":{"@id":"https:\/\/exaudi.org\/es\/el-papa-santa-isabel-hablaba-el-lenguaje-de-la-caridad\/#primaryimage"},"thumbnailUrl":"https:\/\/exaudi.org\/wp-content\/uploads\/2023\/04\/Hungria.jpeg","keywords":["encuentro con pobres y refugiados","papa francisco","Trending","Viaje a Hungr\u00eda"],"articleSection":["Encuentros","Le\u00f3n XIV"],"inLanguage":"es"},{"@type":"WebPage","@id":"https:\/\/exaudi.org\/es\/el-papa-santa-isabel-hablaba-el-lenguaje-de-la-caridad\/","url":"https:\/\/exaudi.org\/es\/el-papa-santa-isabel-hablaba-el-lenguaje-de-la-caridad\/","name":"El Papa: santa Isabel hablaba el lenguaje de la caridad &#8211; Exaudi","isPartOf":{"@id":"https:\/\/exaudi.org\/#website"},"primaryImageOfPage":{"@id":"https:\/\/exaudi.org\/es\/el-papa-santa-isabel-hablaba-el-lenguaje-de-la-caridad\/#primaryimage"},"image":{"@id":"https:\/\/exaudi.org\/es\/el-papa-santa-isabel-hablaba-el-lenguaje-de-la-caridad\/#primaryimage"},"thumbnailUrl":"https:\/\/exaudi.org\/wp-content\/uploads\/2023\/04\/Hungria.jpeg","datePublished":"2023-04-29T13:31:45+00:00","dateModified":"2023-04-30T12:18:21+00:00","author":{"@id":"https:\/\/exaudi.org\/#\/schema\/person\/f5fc8f063065e38742da7afe15f25df7"},"breadcrumb":{"@id":"https:\/\/exaudi.org\/es\/el-papa-santa-isabel-hablaba-el-lenguaje-de-la-caridad\/#breadcrumb"},"inLanguage":"es","potentialAction":[{"@type":"ReadAction","target":["https:\/\/exaudi.org\/es\/el-papa-santa-isabel-hablaba-el-lenguaje-de-la-caridad\/"]}]},{"@type":"ImageObject","inLanguage":"es","@id":"https:\/\/exaudi.org\/es\/el-papa-santa-isabel-hablaba-el-lenguaje-de-la-caridad\/#primaryimage","url":"https:\/\/exaudi.org\/wp-content\/uploads\/2023\/04\/Hungria.jpeg","contentUrl":"https:\/\/exaudi.org\/wp-content\/uploads\/2023\/04\/Hungria.jpeg","width":800,"height":533,"caption":"viaje a Hungr\u00eda \u00a9 Vatican Media"},{"@type":"BreadcrumbList","@id":"https:\/\/exaudi.org\/es\/el-papa-santa-isabel-hablaba-el-lenguaje-de-la-caridad\/#breadcrumb","itemListElement":[{"@type":"ListItem","position":1,"name":"Portada","item":"https:\/\/exaudi.org\/es\/"},{"@type":"ListItem","position":2,"name":"El Papa: santa Isabel hablaba el lenguaje de la caridad"}]},{"@type":"WebSite","@id":"https:\/\/exaudi.org\/#website","url":"https:\/\/exaudi.org\/","name":"Exaudi","description":"News","potentialAction":[{"@type":"SearchAction","target":{"@type":"EntryPoint","urlTemplate":"https:\/\/exaudi.org\/?s={search_term_string}"},"query-input":{"@type":"PropertyValueSpecification","valueRequired":true,"valueName":"search_term_string"}}],"inLanguage":"es"},{"@type":"Person","@id":"https:\/\/exaudi.org\/#\/schema\/person\/f5fc8f063065e38742da7afe15f25df7","name":"Exaudi Redacci\u00f3n","image":{"@type":"ImageObject","inLanguage":"es","@id":"https:\/\/secure.gravatar.com\/avatar\/fe0f6a059fb68d9b3e11bc5850dd4899b1c7492091a3cb6dd9b01b56ad828be2?s=96&d=mm&r=g","url":"https:\/\/secure.gravatar.com\/avatar\/fe0f6a059fb68d9b3e11bc5850dd4899b1c7492091a3cb6dd9b01b56ad828be2?s=96&d=mm&r=g","contentUrl":"https:\/\/secure.gravatar.com\/avatar\/fe0f6a059fb68d9b3e11bc5850dd4899b1c7492091a3cb6dd9b01b56ad828be2?s=96&d=mm&r=g","caption":"Exaudi Redacci\u00f3n"},"description":"\u00bfQu\u00e9 es Exaudi News? Exaudi News es un medio de comunicaci\u00f3n cat\u00f3lico internacional que informa, forma y transforma, diariamente en espa\u00f1ol, ingl\u00e9s e italiano. A trav\u00e9s de noticias, art\u00edculos de an\u00e1lisis y transmisiones en directo de los eventos del Papa, Exaudi busca fortalecer la unidad de los cristianos y contribuir a la evangelizaci\u00f3n del mundo, siempre guiados por la doctrina social de la Iglesia. Trabajamos para acercar la verdad y los valores cristianos a cada rinc\u00f3n del planeta. \u00a1Ay\u00fadanos a transformar el mundo con Exaudi! En Exaudi creemos que la evangelizaci\u00f3n y la informaci\u00f3n de calidad pueden cambiar vidas. Para continuar con nuestra misi\u00f3n y expandir nuestro alcance, necesitamos tu ayuda. Adem\u00e1s, buscamos personas comprometidas que deseen unirse a nuestro equipo. Con tu apoyo, lograremos llegar a m\u00e1s personas, difundir el mensaje de Cristo y reforzar la unidad de los cristianos. \u00bfTe unes a nuestra misi\u00f3n? Para m\u00e1s informaci\u00f3n sobre c\u00f3mo colaborar, visita Exaudi.org\/es o cont\u00e1ctanos directamente: info@exaudi.org Exaudi: Informa, forma y transforma.","sameAs":["https:\/\/www.facebook.com\/ExaudiNoticias\/","https:\/\/www.instagram.com\/exaudi_noticias\/","https:\/\/x.com\/Exaudi_noticias","https:\/\/www.youtube.com\/@exaudicatholicnews"],"url":"https:\/\/exaudi.org\/es\/author\/redaccionexaudi\/"}]}},"jetpack_featured_media_url":"https:\/\/exaudi.org\/wp-content\/uploads\/2023\/04\/Hungria.jpeg","jetpack_shortlink":"https:\/\/wp.me\/pgKjF2-jyI","_links":{"self":[{"href":"https:\/\/exaudi.org\/es\/wp-json\/wp\/v2\/posts\/75188","targetHints":{"allow":["GET"]}}],"collection":[{"href":"https:\/\/exaudi.org\/es\/wp-json\/wp\/v2\/posts"}],"about":[{"href":"https:\/\/exaudi.org\/es\/wp-json\/wp\/v2\/types\/post"}],"author":[{"embeddable":true,"href":"https:\/\/exaudi.org\/es\/wp-json\/wp\/v2\/users\/15"}],"replies":[{"embeddable":true,"href":"https:\/\/exaudi.org\/es\/wp-json\/wp\/v2\/comments?post=75188"}],"version-history":[{"count":0,"href":"https:\/\/exaudi.org\/es\/wp-json\/wp\/v2\/posts\/75188\/revisions"}],"wp:featuredmedia":[{"embeddable":true,"href":"https:\/\/exaudi.org\/es\/wp-json\/wp\/v2\/media\/75189"}],"wp:attachment":[{"href":"https:\/\/exaudi.org\/es\/wp-json\/wp\/v2\/media?parent=75188"}],"wp:term":[{"taxonomy":"category","embeddable":true,"href":"https:\/\/exaudi.org\/es\/wp-json\/wp\/v2\/categories?post=75188"},{"taxonomy":"post_tag","embeddable":true,"href":"https:\/\/exaudi.org\/es\/wp-json\/wp\/v2\/tags?post=75188"}],"curies":[{"name":"wp","href":"https:\/\/api.w.org\/{rel}","templated":true}]}}