{"id":75165,"date":"2023-04-29T09:15:21","date_gmt":"2023-04-29T07:15:21","guid":{"rendered":"https:\/\/exaudi.org\/?p=75165"},"modified":"2023-04-29T09:29:17","modified_gmt":"2023-04-29T07:29:17","slug":"la-iglesia-en-hungria-de-testimonio-de-una-acogida-con-profecia","status":"publish","type":"post","link":"https:\/\/exaudi.org\/es\/la-iglesia-en-hungria-de-testimonio-de-una-acogida-con-profecia\/","title":{"rendered":"La Iglesia en Hungr\u00eda d\u00e9 testimonio de una \u201cacogida con profec\u00eda\u201d"},"content":{"rendered":"<audio class=\"wp-audio-shortcode\" id=\"audio-75165-1\" preload=\"none\" style=\"width: 100%;\" controls=\"controls\"><source type=\"audio\/mpeg\" src=\"https:\/\/exaudi.org\/wp-content\/uploads\/2023\/04\/La-Iglesia-en-Hungria-de-testimonio-de-una.mp3?_=1\" \/><a href=\"https:\/\/exaudi.org\/wp-content\/uploads\/2023\/04\/La-Iglesia-en-Hungria-de-testimonio-de-una.mp3\">https:\/\/exaudi.org\/wp-content\/uploads\/2023\/04\/La-Iglesia-en-Hungria-de-testimonio-de-una.mp3<\/a><\/audio>\n<p>\u201cLa primera pastoral es el testimonio de comuni\u00f3n, porque Dios es comuni\u00f3n y est\u00e1 presente ah\u00ed donde hay caridad fraterna. Superemos las divisiones humanas para trabajar juntos en la vi\u00f1a del Se\u00f1or\u201d, esta fue la exhortaci\u00f3n del Papa Francisco a los Obispos, sacerdotes, di\u00e1conos, consagrados, seminaristas y agentes pastorales h\u00fangaros, con quienes se reuni\u00f3 este viernes, 28 de abril, en la Concatedral de San Esteban de Budapest, en el marco de su Viaje Apost\u00f3lico a Hungr\u00eda.<\/p>\n<h2><b>Cristo resucitado, centro de la historia, es el futuro<\/b><\/h2>\n<p>Despu\u00e9s de recordar su anterior visita a este pa\u00eds, con ocasi\u00f3n de la clausura del 52\u00ba Congreso Eucar\u00edstico Internacional, en septiembre de 2021, el Santo Padre se refiri\u00f3 al deseo de los cat\u00f3licos de Hungr\u00eda expresado en la frase: \u201cEn este mundo cambiante queremos testimoniar que Cristo es nuestro futuro\u201d. Al respecto el Pont\u00edfice se\u00f1al\u00f3 que, esta es una de las exigencias m\u00e1s importantes para nosotros, que debemos saber interpretar los cambios y las transformaciones de nuestro tiempo, tratando de afrontar los desaf\u00edos pastorales de la mejor manera posible. Pero esto s\u00f3lo es posible mirando a Cristo como nuestro futuro.<\/p>\n<p><i>\u201cContemplando en este tiempo pascual su gloria, la de Aquel que es \u00abel Primero y el \u00daltimo\u00bb (Ap 1,17), podemos mirar las tormentas que a veces azotan nuestro mundo, los cambios r\u00e1pidos y continuos de la sociedad y la misma crisis de fe en Occidente con una mirada que no cede a la resignaci\u00f3n y que no pierde de vista la centralidad de la Pascua: Cristo resucitado, centro de la historia, es el futuro\u201d.<\/i><\/p>\n<h2><b>Dos tentaciones de las cuales cuidarnos en la Iglesia<\/b><\/h2>\n<p><img loading=\"lazy\" decoding=\"async\" class=\"alignleft  wp-image-75170\" src=\"https:\/\/exaudi.org\/wp-content\/uploads\/2023\/04\/Sin-titulo-1-2.jpg\" alt=\"(C) Vatican Media\" width=\"261\" height=\"173\" srcset=\"https:\/\/exaudi.org\/wp-content\/uploads\/2023\/04\/Sin-titulo-1-2.jpg 792w, https:\/\/exaudi.org\/wp-content\/uploads\/2023\/04\/Sin-titulo-1-2-300x199.jpg 300w, https:\/\/exaudi.org\/wp-content\/uploads\/2023\/04\/Sin-titulo-1-2-770x510.jpg 770w, https:\/\/exaudi.org\/wp-content\/uploads\/2023\/04\/Sin-titulo-1-2-360x240.jpg?crop=1 360w, https:\/\/exaudi.org\/wp-content\/uploads\/2023\/04\/Sin-titulo-1-2-500x331.jpg 500w, https:\/\/exaudi.org\/wp-content\/uploads\/2023\/04\/Sin-titulo-1-2-370x247.jpg 370w, https:\/\/exaudi.org\/wp-content\/uploads\/2023\/04\/Sin-titulo-1-2-293x194.jpg 293w, https:\/\/exaudi.org\/wp-content\/uploads\/2023\/04\/Sin-titulo-1-2-120x80.jpg 120w, https:\/\/exaudi.org\/wp-content\/uploads\/2023\/04\/Sin-titulo-1-2-240x160.jpg 240w, https:\/\/exaudi.org\/wp-content\/uploads\/2023\/04\/Sin-titulo-1-2-390x259.jpg 390w\" sizes=\"auto, (max-width: 261px) 100vw, 261px\" \/>A los miembros de la Iglesia en Hungr\u00eda, el Papa Francisco les dijo que, si olvidamos que nuestra vida, aunque marcada por la fragilidad, est\u00e1 puesta firmemente en las manos de Cristo resucitado, tambi\u00e9n nosotros, pastores y laicos, buscaremos medios e instrumentos humanos para defendernos del mundo, encerr\u00e1ndonos en nuestros confortables y tranquilos oasis religiosos; o, por el contrario, nos adaptaremos a los vientos cambiantes de la mundanidad y, entonces, nuestro cristianismo perder\u00e1 vigor y dejaremos de ser sal de la tierra.<\/p>\n<p><i>\u201cEstas son, pues, las dos interpretaciones \u2014dir\u00eda yo, las dos tentaciones\u2014 de las que siempre debemos cuidarnos como Iglesia. Primero, una lectura catastrofista de la historia presente, que se alimenta del derrotismo de quienes repiten que todo est\u00e1 perdido, que ya no existen los valores del pasado, que no sabemos d\u00f3nde iremos a parar. Es hermoso que el Rvdo. S\u00e1ndor haya expresado su gratitud a Dios, que lo ha \u201cliberado del derrotismo\u201d. Y luego, est\u00e1 el otro riesgo, el de la lectura ingenua de la propia \u00e9poca, que en cambio se basa en la comodidad del conformismo y nos hace creer que al fin de cuentas todo est\u00e1 bien, que el mundo ha cambiado y debemos adaptarnos\u201d.<\/i><\/p>\n<div>\n<div class=\"article__embed article__embed--border embed_style\">\n<blockquote>\n<p style=\"text-align: center\">\u201cAs\u00ed, contra el derrotismo catastrofista y el conformismo mundano, el Evangelio nos da ojos nuevos, nos da la gracia del discernimiento para entrar en nuestro tiempo con actitud de acogida, pero tambi\u00e9n con esp\u00edritu prof\u00e9tico. Por tanto, con acogida prof\u00e9tica\u201d<\/p>\n<\/blockquote>\n<\/div>\n<\/div>\n<h2><b>Estamos llamados a una acogida con profec\u00eda<\/b><\/h2>\n<p><img loading=\"lazy\" decoding=\"async\" class=\" wp-image-75176 alignright\" src=\"https:\/\/exaudi.org\/wp-content\/uploads\/2023\/04\/Sin-titulo-3.jpg\" alt=\"(C) Vatican Media\" width=\"247\" height=\"164\" srcset=\"https:\/\/exaudi.org\/wp-content\/uploads\/2023\/04\/Sin-titulo-3.jpg 792w, https:\/\/exaudi.org\/wp-content\/uploads\/2023\/04\/Sin-titulo-3-300x199.jpg 300w, https:\/\/exaudi.org\/wp-content\/uploads\/2023\/04\/Sin-titulo-3-770x510.jpg 770w, https:\/\/exaudi.org\/wp-content\/uploads\/2023\/04\/Sin-titulo-3-360x240.jpg?crop=1 360w, https:\/\/exaudi.org\/wp-content\/uploads\/2023\/04\/Sin-titulo-3-500x331.jpg 500w, https:\/\/exaudi.org\/wp-content\/uploads\/2023\/04\/Sin-titulo-3-370x247.jpg 370w, https:\/\/exaudi.org\/wp-content\/uploads\/2023\/04\/Sin-titulo-3-293x194.jpg 293w, https:\/\/exaudi.org\/wp-content\/uploads\/2023\/04\/Sin-titulo-3-120x80.jpg 120w, https:\/\/exaudi.org\/wp-content\/uploads\/2023\/04\/Sin-titulo-3-240x160.jpg 240w, https:\/\/exaudi.org\/wp-content\/uploads\/2023\/04\/Sin-titulo-3-390x259.jpg 390w\" sizes=\"auto, (max-width: 247px) 100vw, 247px\" \/>A este respecto, el Santo Padre les propuso una imagen utilizada por Jes\u00fas: la de la higuera (cf. Mc 13,28-29). \u00abAprendan esta comparaci\u00f3n, tomada de la higuera: cuando sus ramas se hacen flexibles y brotan las hojas, ustedes se dan cuenta de que se acerca el verano. As\u00ed tambi\u00e9n, cuando vean que suceden todas estas cosas, sepan que el fin est\u00e1 cerca, a la puerta\u00bb (vv. 28-29).<\/p>\n<p><i>\u201cPor consiguiente, estamos llamados a acoger como una planta fecunda el tiempo en que vivimos, con sus cambios y sus desaf\u00edos, porque a trav\u00e9s de todo esto \u2014dice el Evangelio\u2014 el Se\u00f1or se acerca. Y mientras tanto, estamos llamados a cultivar la \u00e9poca que nos ha tocado, a leerla, a sembrar el Evangelio, a podar las ramas secas del mal, a dar fruto. estamos llamados a una acogida con profec\u00eda\u201d.<\/i><\/p>\n<h2><b>Reconocer los signos de la presencia de Dios en la realidad<\/b><\/h2>\n<p><img loading=\"lazy\" decoding=\"async\" class=\"alignleft  wp-image-75179\" src=\"https:\/\/exaudi.org\/wp-content\/uploads\/2023\/04\/Sin-titulo-4.jpg\" alt=\"(C) Vatican Media\" width=\"293\" height=\"194\" srcset=\"https:\/\/exaudi.org\/wp-content\/uploads\/2023\/04\/Sin-titulo-4.jpg 792w, https:\/\/exaudi.org\/wp-content\/uploads\/2023\/04\/Sin-titulo-4-300x199.jpg 300w, https:\/\/exaudi.org\/wp-content\/uploads\/2023\/04\/Sin-titulo-4-770x510.jpg 770w, https:\/\/exaudi.org\/wp-content\/uploads\/2023\/04\/Sin-titulo-4-360x240.jpg?crop=1 360w, https:\/\/exaudi.org\/wp-content\/uploads\/2023\/04\/Sin-titulo-4-500x331.jpg 500w, https:\/\/exaudi.org\/wp-content\/uploads\/2023\/04\/Sin-titulo-4-293x194.jpg 293w, https:\/\/exaudi.org\/wp-content\/uploads\/2023\/04\/Sin-titulo-4-120x80.jpg 120w, https:\/\/exaudi.org\/wp-content\/uploads\/2023\/04\/Sin-titulo-4-240x160.jpg 240w, https:\/\/exaudi.org\/wp-content\/uploads\/2023\/04\/Sin-titulo-4-390x259.jpg 390w\" sizes=\"auto, (max-width: 293px) 100vw, 293px\" \/>Pero, la acogida prof\u00e9tica, precis\u00f3 el Obispo de Roma, supone aprender a reconocer los signos de la presencia de Dios en la realidad, incluso all\u00ed donde no aparece expl\u00edcitamente marcada por el esp\u00edritu cristiano y nos sale al encuentro con ese car\u00e1cter que nos provoca y nos interpela. Y, al mismo tiempo, se trata de interpretarlo todo a la luz del Evangelio, sin mundanizarse, sino como anunciadores y testigos de la profec\u00eda cristiana.<\/p>\n<p><i>\u201cVemos que tambi\u00e9n en este pa\u00eds, donde la tradici\u00f3n de fe permanece firmemente arraigada, presenciamos la difusi\u00f3n del secularismo y de cuanto lo acompa\u00f1a, que a menudo amenaza la integridad y la belleza de la familia, expone a los j\u00f3venes a modelos de vida marcados por el materialismo y el hedonismo, y polariza el debate sobre las nuevas cuestiones y los nuevos desaf\u00edos. Y entonces la tentaci\u00f3n puede ser la de volverse r\u00edgidos, encerrarse y adoptar una actitud de \u2018combatientes\u2019. Pero tales realidades pueden representar oportunidades para nosotros los cristianos, porque estimulan la fe y la profundizaci\u00f3n de algunos temas; nos invitan a preguntarnos c\u00f3mo estos desaf\u00edos pueden entrar en di\u00e1logo con el Evangelio, a buscar nuevos caminos, instrumentos y lenguajes\u201d.<\/i><\/p>\n<h2><b>Escuchar las preguntas y los retos sin miedo ni rigidez<\/b><\/h2>\n<p><img loading=\"lazy\" decoding=\"async\" class=\" wp-image-75173 alignright\" src=\"https:\/\/exaudi.org\/wp-content\/uploads\/2023\/04\/Sin-titulo-2-1.jpg\" alt=\"(C) Vatican Media\" width=\"368\" height=\"244\" srcset=\"https:\/\/exaudi.org\/wp-content\/uploads\/2023\/04\/Sin-titulo-2-1.jpg 792w, https:\/\/exaudi.org\/wp-content\/uploads\/2023\/04\/Sin-titulo-2-1-300x199.jpg 300w, https:\/\/exaudi.org\/wp-content\/uploads\/2023\/04\/Sin-titulo-2-1-770x510.jpg 770w, https:\/\/exaudi.org\/wp-content\/uploads\/2023\/04\/Sin-titulo-2-1-360x240.jpg?crop=1 360w, https:\/\/exaudi.org\/wp-content\/uploads\/2023\/04\/Sin-titulo-2-1-500x331.jpg 500w, https:\/\/exaudi.org\/wp-content\/uploads\/2023\/04\/Sin-titulo-2-1-293x194.jpg 293w, https:\/\/exaudi.org\/wp-content\/uploads\/2023\/04\/Sin-titulo-2-1-120x80.jpg 120w, https:\/\/exaudi.org\/wp-content\/uploads\/2023\/04\/Sin-titulo-2-1-240x160.jpg 240w, https:\/\/exaudi.org\/wp-content\/uploads\/2023\/04\/Sin-titulo-2-1-390x259.jpg 390w\" sizes=\"auto, (max-width: 368px) 100vw, 368px\" \/>El compromiso de entrar en di\u00e1logo con las situaciones de hoy, indic\u00f3 el Santo Padre, exige que la Comunidad cristiana est\u00e9 presente y d\u00e9 testimonio, que sea capaz de escuchar las preguntas y los retos sin miedo ni rigidez. Esto no es f\u00e1cil en la situaci\u00f3n actual, subray\u00f3 el Papa, porque tampoco faltan las dificultades internas, como la sobrecarga de trabajo de los sacerdotes.<\/p>\n<p><i>\u201cEn efecto, por una parte, las exigencias de la vida parroquial y pastoral son numerosas, pero, por otra, las vocaciones disminuyen y los sacerdotes son pocos, a menudo de edad avanzada y presenta algunos signos de cansancio. Se trata de una condici\u00f3n com\u00fan a muchas realidades europeas, respecto a la cual es importante que todos \u2014pastores y laicos\u2014 se sientan corresponsables; ante todo en la oraci\u00f3n, porque las respuestas vienen del Se\u00f1or y no del mundo; del Sagrario y no del ordenador. Y luego, en la pasi\u00f3n por la pastoral vocacional, buscando el modo de ofrecer con entusiasmo a los j\u00f3venes la fascinaci\u00f3n de seguir a Jes\u00fas tambi\u00e9n en la especial consagraci\u00f3n\u201d.<\/i><\/p>\n<h2><b>Es necesario comenzar una reflexi\u00f3n eclesial<\/b><\/h2>\n<p><img loading=\"lazy\" decoding=\"async\" class=\"alignleft  wp-image-75182\" src=\"https:\/\/exaudi.org\/wp-content\/uploads\/2023\/04\/Sin-titulo-5.jpg\" alt=\"\" width=\"291\" height=\"193\" srcset=\"https:\/\/exaudi.org\/wp-content\/uploads\/2023\/04\/Sin-titulo-5.jpg 792w, https:\/\/exaudi.org\/wp-content\/uploads\/2023\/04\/Sin-titulo-5-300x199.jpg 300w, https:\/\/exaudi.org\/wp-content\/uploads\/2023\/04\/Sin-titulo-5-770x510.jpg 770w, https:\/\/exaudi.org\/wp-content\/uploads\/2023\/04\/Sin-titulo-5-360x240.jpg?crop=1 360w, https:\/\/exaudi.org\/wp-content\/uploads\/2023\/04\/Sin-titulo-5-500x331.jpg 500w, https:\/\/exaudi.org\/wp-content\/uploads\/2023\/04\/Sin-titulo-5-370x247.jpg 370w, https:\/\/exaudi.org\/wp-content\/uploads\/2023\/04\/Sin-titulo-5-293x194.jpg 293w, https:\/\/exaudi.org\/wp-content\/uploads\/2023\/04\/Sin-titulo-5-120x80.jpg 120w, https:\/\/exaudi.org\/wp-content\/uploads\/2023\/04\/Sin-titulo-5-240x160.jpg 240w, https:\/\/exaudi.org\/wp-content\/uploads\/2023\/04\/Sin-titulo-5-390x259.jpg 390w\" sizes=\"auto, (max-width: 291px) 100vw, 291px\" \/>Y comentando el testimonio de una religiosa, el Papa Francisco se\u00f1al\u00f3 que, para \u201cdiscutir con Jes\u00fas\u201d, como lo cont\u00f3 la hermana Krisztina, se necesita quien escuche y ayude a discutir bien con el Se\u00f1or. Es necesario comenzar una reflexi\u00f3n eclesial \u2014sinodal, que debemos hacer todos juntos\u2014 para actualizar la vida pastoral, sin conformarse con repetir el pasado y sin tener miedo a reconfigurar la parroquia en el territorio, sino haciendo de la evangelizaci\u00f3n una prioridad e iniciando una colaboraci\u00f3n activa entre sacerdotes, catequistas, agentes de pastoral y profesores.<\/p>\n<p><i>\u201cBusquen las formas posibles para colaborar con alegr\u00eda en la causa del Evangelio y lleven adelante juntos, cada uno con su propio carisma, la pastoral como anuncio kerigm\u00e1tico. En este sentido, fue bonito lo que nos dijo Dorina sobre la necesidad de llegar al pr\u00f3jimo a trav\u00e9s de la narraci\u00f3n, de la comunicaci\u00f3n, tocando la vida cotidiana. Y les agradezco a los di\u00e1conos y catequistas, que desempe\u00f1an aqu\u00ed un papel decisivo en la transmisi\u00f3n de la fe a las j\u00f3venes generaciones, y a todos aquellos, profesores y formadores, que est\u00e1n comprometidos generosamente en el campo de la educaci\u00f3n\u201d.<\/i><\/p>\n<h2><b>La primera pastoral es el testimonio de comuni\u00f3n<\/b><\/h2>\n<p>A los miembros de la Iglesia en Hungr\u00eda, el Pont\u00edfice les indic\u00f3 que, una buena pastoral es posible si somos capaces de vivir el mandamiento del amor que el Se\u00f1or nos ha dado y que es don de su Esp\u00edritu. Pero, si estamos distanciados o divididos, agreg\u00f3 el Papa, si nos volvemos r\u00edgidos en nuestras posiciones y en los grupos, no damos fruto.<\/p>\n<p><i>\u201cCausa tristeza cuando nos dividimos porque, en vez de jugar en equipo, jugamos al juego del enemigo: obispos desconectados entre s\u00ed, sacerdotes en tensi\u00f3n con el obispo, sacerdotes mayores en conflicto con los m\u00e1s j\u00f3venes, diocesanos con religiosos, presb\u00edteros con laicos, latinos con griegos; nos polarizamos en temas que afectan a la vida de la Iglesia, pero tambi\u00e9n en aspectos pol\u00edticos y sociales, atrincher\u00e1ndonos en posiciones ideol\u00f3gicas. No, por favor; la primera pastoral es el testimonio de comuni\u00f3n, porque Dios es comuni\u00f3n y est\u00e1 presente ah\u00ed donde hay caridad fraterna. Superemos las divisiones humanas para trabajar juntos en la vi\u00f1a del Se\u00f1or. Sumerj\u00e1monos en el esp\u00edritu del Evangelio, arraigu\u00e9monos en la oraci\u00f3n, especialmente en la adoraci\u00f3n y en la escucha de la Palabra de Dios, cultivemos la formaci\u00f3n permanente, la fraternidad, la cercan\u00eda y la atenci\u00f3n a los dem\u00e1s\u201d.<\/i><\/p>\n<h2><b>Tener miradas y enfoques misericordiosos y compasivos<\/b><\/h2>\n<p>Al comentar las palabras de don J\u00f3zsef, un sacerdote h\u00fangaro que record\u00f3 la entrega y el ministerio de su hermano, el beato J\u00e1nos Brenner, b\u00e1rbaramente asesinado con tan s\u00f3lo 26 a\u00f1os, el Papa Francisco dijo que, tratemos de no ser r\u00edgidos, sino de tener miradas y enfoques misericordiosos y compasivos.<\/p>\n<p><i>\u201c\u00a1Cu\u00e1ntos testigos y confesores de la fe tuvo este pueblo durante los totalitarismos del siglo pasado! El beato J\u00e1nos experiment\u00f3 en su propia piel muchos sufrimientos; habr\u00eda sido f\u00e1cil para \u00e9l guardar rencor, encerrarse en s\u00ed mismo, volverse r\u00edgido. En cambio, fue un buen pastor. Esto se nos pide a todos, especialmente a los sacerdotes, una mirada misericordiosa, un coraz\u00f3n compasivo, que perdona siempre, siempre, que ayuda a recomenzar, que acoge y no juzga, anima y no critica, sirve y no murmura\u201d.<\/i><\/p>\n<p><iframe loading=\"lazy\" title=\"Encuentro con Religiosos - 41 Viaje Apost\u00f3lico - Papa Francisco\" width=\"500\" height=\"281\" src=\"https:\/\/www.youtube.com\/embed\/Xe6SLKyCC-M?feature=oembed\" frameborder=\"0\" allow=\"accelerometer; autoplay; clipboard-write; encrypted-media; gyroscope; picture-in-picture; web-share\" referrerpolicy=\"strict-origin-when-cross-origin\" allowfullscreen><\/iframe><\/p>\n<h2><b>Transmitir el consuelo del Se\u00f1or en las situaciones de dolor<\/b><\/h2>\n<p>Asimismo, al referirse a uno de los problemas que afecta a la Iglesia de Hungr\u00eda, que es el de la acogida a los migrantes y refugiados, el Santo Padre dijo que esto, nos ejercita para la acogida prof\u00e9tica, para transmitir el consuelo del Se\u00f1or en las situaciones de dolor y pobreza del mundo, acompa\u00f1ando a los cristianos perseguidos, a los migrantes que buscan hospitalidad, a las personas de otras etnias, a cualquiera que lo necesite. Y propuso como ejemplo de santidad, a san Mart\u00edn.<\/p>\n<p><i>\u201cSu gesto de compartir la capa con el pobre es mucho m\u00e1s que una obra de caridad; es la imagen de la Iglesia hacia la que hay que tender, es lo que la Iglesia de Hungr\u00eda puede llevar como profec\u00eda al coraz\u00f3n de Europa: misericordia y cercan\u00eda. Pero quisiera recordar tambi\u00e9n a san Esteban, cuya reliquia est\u00e1 aqu\u00ed junto a m\u00ed. \u00c9l, que fue el primero en confiar la naci\u00f3n a la Madre de Dios, que fue un intr\u00e9pido evangelizador y fundador de monasterios y abad\u00edas, sab\u00eda tambi\u00e9n escuchar y dialogar con todos y ocuparse de los pobres; por ellos baj\u00f3 los impuestos e iba a dar limosna disfrazado para no ser reconocido. Esta es la Iglesia que debemos so\u00f1ar, capaz de escucha rec\u00edproca, de di\u00e1logo, de atenci\u00f3n a los m\u00e1s d\u00e9biles; acogedora para con todos y valiente para llevar a cada uno la profec\u00eda del Evangelio\u201d.<\/i><\/p>\n<h2><b>Nunca se dejen vencer por el cansancio interior<\/b><\/h2>\n<p>Finalmente, el Papa Francisco record\u00f3 al cardenal Mindszenty, que cre\u00eda en el poder de la oraci\u00f3n, hasta el punto de que a\u00fan hoy, casi como un dicho popular, se repite aqu\u00ed: \u201cSi hay un mill\u00f3n de h\u00fangaros rezando, no temer\u00e9 al futuro\u201d.<\/p>\n<p><i>\u201cSean acogedores, sean testigos de la profec\u00eda del Evangelio, pero sobre todo sean mujeres y hombres de oraci\u00f3n, porque la historia y el futuro dependen de ello. Les doy las gracias por su fe y su fidelidad, por todo lo bueno que tienen y que hacen. No puedo olvidar el testimonio valiente y paciente de las hermanas h\u00fangaras de la Sociedad de Jes\u00fas, a las que conoc\u00ed en Argentina, despu\u00e9s de que abandonaran Hungr\u00eda durante la persecuci\u00f3n religiosa. Me hicieron mucho bien\u201d.<\/i><\/p>\n<p><img loading=\"lazy\" decoding=\"async\" class=\"size-full wp-image-75109 aligncenter\" src=\"https:\/\/exaudi.org\/wp-content\/uploads\/2023\/04\/Anuncio.jpg\" alt=\"\" width=\"850\" height=\"850\" srcset=\"https:\/\/exaudi.org\/wp-content\/uploads\/2023\/04\/Anuncio.jpg 850w, https:\/\/exaudi.org\/wp-content\/uploads\/2023\/04\/Anuncio-300x300.jpg 300w, https:\/\/exaudi.org\/wp-content\/uploads\/2023\/04\/Anuncio-100x100.jpg?crop=1 100w, https:\/\/exaudi.org\/wp-content\/uploads\/2023\/04\/Anuncio-770x770.jpg 770w, https:\/\/exaudi.org\/wp-content\/uploads\/2023\/04\/Anuncio-500x500.jpg 500w, https:\/\/exaudi.org\/wp-content\/uploads\/2023\/04\/Anuncio-293x293.jpg 293w, https:\/\/exaudi.org\/wp-content\/uploads\/2023\/04\/Anuncio-390x390.jpg 390w, https:\/\/exaudi.org\/wp-content\/uploads\/2023\/04\/Anuncio-585x585.jpg 585w\" sizes=\"auto, (max-width: 850px) 100vw, 850px\" \/><\/p>\n<p>&nbsp;<\/p>\n","protected":false},"excerpt":{"rendered":"<p>El Santo Padre se reuni\u00f3 con los Obispos, sacerdotes, di\u00e1conos, consagrados, seminaristas y agentes pastorales de Hungr\u00eda, en la Concatedral de San Esteban de Budapest<\/p>\n","protected":false},"author":15,"featured_media":75166,"comment_status":"closed","ping_status":"closed","sticky":false,"template":"","format":"standard","meta":{"_acf_changed":false,"_crdt_document":"","inline_featured_image":false,"footnotes":""},"categories":[68,120],"tags":[9013,2872,2419,2870,158,794,2718,2791],"class_list":["post-75165","post","type-post","status-publish","format-standard","has-post-thumbnail","hentry","category-leon-xiv","category-viajes","tag-41o-viaje-apostolico","tag-budapest-es","tag-featured","tag-hungria","tag-papa-francisco","tag-religiosos","tag-sacerdotes","tag-seminaristas"],"acf":[],"yoast_head":"<!-- This site is optimized with the Yoast SEO plugin v27.5 - https:\/\/yoast.com\/product\/yoast-seo-wordpress\/ -->\n<title>La Iglesia en Hungr\u00eda d\u00e9 testimonio de una \u201cacogida con profec\u00eda\u201d &#8211; Exaudi<\/title>\n<meta name=\"robots\" content=\"index, follow, max-snippet:-1, max-image-preview:large, max-video-preview:-1\" \/>\n<link rel=\"canonical\" href=\"https:\/\/exaudi.org\/es\/la-iglesia-en-hungria-de-testimonio-de-una-acogida-con-profecia\/\" \/>\n<meta property=\"og:locale\" content=\"es_ES\" \/>\n<meta property=\"og:type\" content=\"article\" \/>\n<meta property=\"og:title\" content=\"La Iglesia en Hungr\u00eda d\u00e9 testimonio de una \u201cacogida con profec\u00eda\u201d &#8211; Exaudi\" \/>\n<meta property=\"og:description\" content=\"El Santo Padre se reuni\u00f3 con los Obispos, sacerdotes, di\u00e1conos, consagrados, seminaristas y agentes pastorales de Hungr\u00eda, en la Concatedral de San Esteban de Budapest\" \/>\n<meta property=\"og:url\" content=\"https:\/\/exaudi.org\/es\/la-iglesia-en-hungria-de-testimonio-de-una-acogida-con-profecia\/\" \/>\n<meta property=\"og:site_name\" content=\"Exaudi\" \/>\n<meta property=\"article:publisher\" content=\"https:\/\/www.facebook.com\/ExaudiNews\" \/>\n<meta property=\"article:author\" content=\"https:\/\/www.facebook.com\/ExaudiNoticias\/\" \/>\n<meta property=\"article:published_time\" content=\"2023-04-29T07:15:21+00:00\" \/>\n<meta property=\"article:modified_time\" content=\"2023-04-29T07:29:17+00:00\" \/>\n<meta property=\"og:image\" content=\"https:\/\/exaudi.org\/wp-content\/uploads\/2023\/04\/cq5dam.thumbnail.cropped.750.422-3-2.jpeg\" \/>\n\t<meta property=\"og:image:width\" content=\"750\" \/>\n\t<meta property=\"og:image:height\" content=\"422\" \/>\n\t<meta property=\"og:image:type\" content=\"image\/jpeg\" \/>\n<meta name=\"author\" content=\"Exaudi Redacci\u00f3n\" \/>\n<meta name=\"twitter:card\" content=\"summary_large_image\" \/>\n<meta name=\"twitter:creator\" content=\"@Exaudi_noticias\" \/>\n<meta name=\"twitter:site\" content=\"@Exaudi_News\" \/>\n<meta name=\"twitter:label1\" content=\"Escrito por\" \/>\n\t<meta name=\"twitter:data1\" content=\"Exaudi Redacci\u00f3n\" \/>\n\t<meta name=\"twitter:label2\" content=\"Tiempo de lectura\" \/>\n\t<meta name=\"twitter:data2\" content=\"11 minutos\" \/>\n<script type=\"application\/ld+json\" class=\"yoast-schema-graph\">{\"@context\":\"https:\\\/\\\/schema.org\",\"@graph\":[{\"@type\":\"Article\",\"@id\":\"https:\\\/\\\/exaudi.org\\\/es\\\/la-iglesia-en-hungria-de-testimonio-de-una-acogida-con-profecia\\\/#article\",\"isPartOf\":{\"@id\":\"https:\\\/\\\/exaudi.org\\\/es\\\/la-iglesia-en-hungria-de-testimonio-de-una-acogida-con-profecia\\\/\"},\"author\":{\"name\":\"Exaudi Redacci\u00f3n\",\"@id\":\"https:\\\/\\\/exaudi.org\\\/#\\\/schema\\\/person\\\/f5fc8f063065e38742da7afe15f25df7\"},\"headline\":\"La Iglesia en Hungr\u00eda d\u00e9 testimonio de una \u201cacogida con profec\u00eda\u201d\",\"datePublished\":\"2023-04-29T07:15:21+00:00\",\"dateModified\":\"2023-04-29T07:29:17+00:00\",\"mainEntityOfPage\":{\"@id\":\"https:\\\/\\\/exaudi.org\\\/es\\\/la-iglesia-en-hungria-de-testimonio-de-una-acogida-con-profecia\\\/\"},\"wordCount\":2146,\"image\":{\"@id\":\"https:\\\/\\\/exaudi.org\\\/es\\\/la-iglesia-en-hungria-de-testimonio-de-una-acogida-con-profecia\\\/#primaryimage\"},\"thumbnailUrl\":\"https:\\\/\\\/exaudi.org\\\/wp-content\\\/uploads\\\/2023\\\/04\\\/cq5dam.thumbnail.cropped.750.422-3-2.jpeg\",\"keywords\":[\"41\u00ba viaje apost\u00f3lico\",\"Budapest\",\"Featured\",\"Hungr\u00eda\",\"papa francisco\",\"Religiosos\",\"Sacerdotes\",\"Seminaristas\"],\"articleSection\":[\"Le\u00f3n XIV\",\"Viajes\"],\"inLanguage\":\"es\"},{\"@type\":\"WebPage\",\"@id\":\"https:\\\/\\\/exaudi.org\\\/es\\\/la-iglesia-en-hungria-de-testimonio-de-una-acogida-con-profecia\\\/\",\"url\":\"https:\\\/\\\/exaudi.org\\\/es\\\/la-iglesia-en-hungria-de-testimonio-de-una-acogida-con-profecia\\\/\",\"name\":\"La Iglesia en Hungr\u00eda d\u00e9 testimonio de una \u201cacogida con profec\u00eda\u201d &#8211; Exaudi\",\"isPartOf\":{\"@id\":\"https:\\\/\\\/exaudi.org\\\/#website\"},\"primaryImageOfPage\":{\"@id\":\"https:\\\/\\\/exaudi.org\\\/es\\\/la-iglesia-en-hungria-de-testimonio-de-una-acogida-con-profecia\\\/#primaryimage\"},\"image\":{\"@id\":\"https:\\\/\\\/exaudi.org\\\/es\\\/la-iglesia-en-hungria-de-testimonio-de-una-acogida-con-profecia\\\/#primaryimage\"},\"thumbnailUrl\":\"https:\\\/\\\/exaudi.org\\\/wp-content\\\/uploads\\\/2023\\\/04\\\/cq5dam.thumbnail.cropped.750.422-3-2.jpeg\",\"datePublished\":\"2023-04-29T07:15:21+00:00\",\"dateModified\":\"2023-04-29T07:29:17+00:00\",\"author\":{\"@id\":\"https:\\\/\\\/exaudi.org\\\/#\\\/schema\\\/person\\\/f5fc8f063065e38742da7afe15f25df7\"},\"breadcrumb\":{\"@id\":\"https:\\\/\\\/exaudi.org\\\/es\\\/la-iglesia-en-hungria-de-testimonio-de-una-acogida-con-profecia\\\/#breadcrumb\"},\"inLanguage\":\"es\",\"potentialAction\":[{\"@type\":\"ReadAction\",\"target\":[\"https:\\\/\\\/exaudi.org\\\/es\\\/la-iglesia-en-hungria-de-testimonio-de-una-acogida-con-profecia\\\/\"]}]},{\"@type\":\"ImageObject\",\"inLanguage\":\"es\",\"@id\":\"https:\\\/\\\/exaudi.org\\\/es\\\/la-iglesia-en-hungria-de-testimonio-de-una-acogida-con-profecia\\\/#primaryimage\",\"url\":\"https:\\\/\\\/exaudi.org\\\/wp-content\\\/uploads\\\/2023\\\/04\\\/cq5dam.thumbnail.cropped.750.422-3-2.jpeg\",\"contentUrl\":\"https:\\\/\\\/exaudi.org\\\/wp-content\\\/uploads\\\/2023\\\/04\\\/cq5dam.thumbnail.cropped.750.422-3-2.jpeg\",\"width\":750,\"height\":422,\"caption\":\"(C) Vatican Media\"},{\"@type\":\"BreadcrumbList\",\"@id\":\"https:\\\/\\\/exaudi.org\\\/es\\\/la-iglesia-en-hungria-de-testimonio-de-una-acogida-con-profecia\\\/#breadcrumb\",\"itemListElement\":[{\"@type\":\"ListItem\",\"position\":1,\"name\":\"Portada\",\"item\":\"https:\\\/\\\/exaudi.org\\\/es\\\/\"},{\"@type\":\"ListItem\",\"position\":2,\"name\":\"La Iglesia en Hungr\u00eda d\u00e9 testimonio de una \u201cacogida con profec\u00eda\u201d\"}]},{\"@type\":\"WebSite\",\"@id\":\"https:\\\/\\\/exaudi.org\\\/#website\",\"url\":\"https:\\\/\\\/exaudi.org\\\/\",\"name\":\"Exaudi\",\"description\":\"News\",\"potentialAction\":[{\"@type\":\"SearchAction\",\"target\":{\"@type\":\"EntryPoint\",\"urlTemplate\":\"https:\\\/\\\/exaudi.org\\\/?s={search_term_string}\"},\"query-input\":{\"@type\":\"PropertyValueSpecification\",\"valueRequired\":true,\"valueName\":\"search_term_string\"}}],\"inLanguage\":\"es\"},{\"@type\":\"Person\",\"@id\":\"https:\\\/\\\/exaudi.org\\\/#\\\/schema\\\/person\\\/f5fc8f063065e38742da7afe15f25df7\",\"name\":\"Exaudi Redacci\u00f3n\",\"image\":{\"@type\":\"ImageObject\",\"inLanguage\":\"es\",\"@id\":\"https:\\\/\\\/secure.gravatar.com\\\/avatar\\\/fe0f6a059fb68d9b3e11bc5850dd4899b1c7492091a3cb6dd9b01b56ad828be2?s=96&d=mm&r=g\",\"url\":\"https:\\\/\\\/secure.gravatar.com\\\/avatar\\\/fe0f6a059fb68d9b3e11bc5850dd4899b1c7492091a3cb6dd9b01b56ad828be2?s=96&d=mm&r=g\",\"contentUrl\":\"https:\\\/\\\/secure.gravatar.com\\\/avatar\\\/fe0f6a059fb68d9b3e11bc5850dd4899b1c7492091a3cb6dd9b01b56ad828be2?s=96&d=mm&r=g\",\"caption\":\"Exaudi Redacci\u00f3n\"},\"description\":\"\u00bfQu\u00e9 es Exaudi News? Exaudi News es un medio de comunicaci\u00f3n cat\u00f3lico internacional que informa, forma y transforma, diariamente en espa\u00f1ol, ingl\u00e9s e italiano. A trav\u00e9s de noticias, art\u00edculos de an\u00e1lisis y transmisiones en directo de los eventos del Papa, Exaudi busca fortalecer la unidad de los cristianos y contribuir a la evangelizaci\u00f3n del mundo, siempre guiados por la doctrina social de la Iglesia. Trabajamos para acercar la verdad y los valores cristianos a cada rinc\u00f3n del planeta. \u00a1Ay\u00fadanos a transformar el mundo con Exaudi! En Exaudi creemos que la evangelizaci\u00f3n y la informaci\u00f3n de calidad pueden cambiar vidas. Para continuar con nuestra misi\u00f3n y expandir nuestro alcance, necesitamos tu ayuda. Adem\u00e1s, buscamos personas comprometidas que deseen unirse a nuestro equipo. Con tu apoyo, lograremos llegar a m\u00e1s personas, difundir el mensaje de Cristo y reforzar la unidad de los cristianos. \u00bfTe unes a nuestra misi\u00f3n? Para m\u00e1s informaci\u00f3n sobre c\u00f3mo colaborar, visita Exaudi.org\\\/es o cont\u00e1ctanos directamente: info@exaudi.org Exaudi: Informa, forma y transforma.\",\"sameAs\":[\"https:\\\/\\\/www.facebook.com\\\/ExaudiNoticias\\\/\",\"https:\\\/\\\/www.instagram.com\\\/exaudi_noticias\\\/\",\"https:\\\/\\\/x.com\\\/Exaudi_noticias\",\"https:\\\/\\\/www.youtube.com\\\/@exaudicatholicnews\"],\"url\":\"https:\\\/\\\/exaudi.org\\\/es\\\/author\\\/redaccionexaudi\\\/\"}]}<\/script>\n<!-- \/ Yoast SEO plugin. -->","yoast_head_json":{"title":"La Iglesia en Hungr\u00eda d\u00e9 testimonio de una \u201cacogida con profec\u00eda\u201d &#8211; Exaudi","robots":{"index":"index","follow":"follow","max-snippet":"max-snippet:-1","max-image-preview":"max-image-preview:large","max-video-preview":"max-video-preview:-1"},"canonical":"https:\/\/exaudi.org\/es\/la-iglesia-en-hungria-de-testimonio-de-una-acogida-con-profecia\/","og_locale":"es_ES","og_type":"article","og_title":"La Iglesia en Hungr\u00eda d\u00e9 testimonio de una \u201cacogida con profec\u00eda\u201d &#8211; Exaudi","og_description":"El Santo Padre se reuni\u00f3 con los Obispos, sacerdotes, di\u00e1conos, consagrados, seminaristas y agentes pastorales de Hungr\u00eda, en la Concatedral de San Esteban de Budapest","og_url":"https:\/\/exaudi.org\/es\/la-iglesia-en-hungria-de-testimonio-de-una-acogida-con-profecia\/","og_site_name":"Exaudi","article_publisher":"https:\/\/www.facebook.com\/ExaudiNews","article_author":"https:\/\/www.facebook.com\/ExaudiNoticias\/","article_published_time":"2023-04-29T07:15:21+00:00","article_modified_time":"2023-04-29T07:29:17+00:00","og_image":[{"width":750,"height":422,"url":"https:\/\/exaudi.org\/wp-content\/uploads\/2023\/04\/cq5dam.thumbnail.cropped.750.422-3-2.jpeg","type":"image\/jpeg"}],"author":"Exaudi Redacci\u00f3n","twitter_card":"summary_large_image","twitter_creator":"@Exaudi_noticias","twitter_site":"@Exaudi_News","twitter_misc":{"Escrito por":"Exaudi Redacci\u00f3n","Tiempo de lectura":"11 minutos"},"schema":{"@context":"https:\/\/schema.org","@graph":[{"@type":"Article","@id":"https:\/\/exaudi.org\/es\/la-iglesia-en-hungria-de-testimonio-de-una-acogida-con-profecia\/#article","isPartOf":{"@id":"https:\/\/exaudi.org\/es\/la-iglesia-en-hungria-de-testimonio-de-una-acogida-con-profecia\/"},"author":{"name":"Exaudi Redacci\u00f3n","@id":"https:\/\/exaudi.org\/#\/schema\/person\/f5fc8f063065e38742da7afe15f25df7"},"headline":"La Iglesia en Hungr\u00eda d\u00e9 testimonio de una \u201cacogida con profec\u00eda\u201d","datePublished":"2023-04-29T07:15:21+00:00","dateModified":"2023-04-29T07:29:17+00:00","mainEntityOfPage":{"@id":"https:\/\/exaudi.org\/es\/la-iglesia-en-hungria-de-testimonio-de-una-acogida-con-profecia\/"},"wordCount":2146,"image":{"@id":"https:\/\/exaudi.org\/es\/la-iglesia-en-hungria-de-testimonio-de-una-acogida-con-profecia\/#primaryimage"},"thumbnailUrl":"https:\/\/exaudi.org\/wp-content\/uploads\/2023\/04\/cq5dam.thumbnail.cropped.750.422-3-2.jpeg","keywords":["41\u00ba viaje apost\u00f3lico","Budapest","Featured","Hungr\u00eda","papa francisco","Religiosos","Sacerdotes","Seminaristas"],"articleSection":["Le\u00f3n XIV","Viajes"],"inLanguage":"es"},{"@type":"WebPage","@id":"https:\/\/exaudi.org\/es\/la-iglesia-en-hungria-de-testimonio-de-una-acogida-con-profecia\/","url":"https:\/\/exaudi.org\/es\/la-iglesia-en-hungria-de-testimonio-de-una-acogida-con-profecia\/","name":"La Iglesia en Hungr\u00eda d\u00e9 testimonio de una \u201cacogida con profec\u00eda\u201d &#8211; Exaudi","isPartOf":{"@id":"https:\/\/exaudi.org\/#website"},"primaryImageOfPage":{"@id":"https:\/\/exaudi.org\/es\/la-iglesia-en-hungria-de-testimonio-de-una-acogida-con-profecia\/#primaryimage"},"image":{"@id":"https:\/\/exaudi.org\/es\/la-iglesia-en-hungria-de-testimonio-de-una-acogida-con-profecia\/#primaryimage"},"thumbnailUrl":"https:\/\/exaudi.org\/wp-content\/uploads\/2023\/04\/cq5dam.thumbnail.cropped.750.422-3-2.jpeg","datePublished":"2023-04-29T07:15:21+00:00","dateModified":"2023-04-29T07:29:17+00:00","author":{"@id":"https:\/\/exaudi.org\/#\/schema\/person\/f5fc8f063065e38742da7afe15f25df7"},"breadcrumb":{"@id":"https:\/\/exaudi.org\/es\/la-iglesia-en-hungria-de-testimonio-de-una-acogida-con-profecia\/#breadcrumb"},"inLanguage":"es","potentialAction":[{"@type":"ReadAction","target":["https:\/\/exaudi.org\/es\/la-iglesia-en-hungria-de-testimonio-de-una-acogida-con-profecia\/"]}]},{"@type":"ImageObject","inLanguage":"es","@id":"https:\/\/exaudi.org\/es\/la-iglesia-en-hungria-de-testimonio-de-una-acogida-con-profecia\/#primaryimage","url":"https:\/\/exaudi.org\/wp-content\/uploads\/2023\/04\/cq5dam.thumbnail.cropped.750.422-3-2.jpeg","contentUrl":"https:\/\/exaudi.org\/wp-content\/uploads\/2023\/04\/cq5dam.thumbnail.cropped.750.422-3-2.jpeg","width":750,"height":422,"caption":"(C) Vatican Media"},{"@type":"BreadcrumbList","@id":"https:\/\/exaudi.org\/es\/la-iglesia-en-hungria-de-testimonio-de-una-acogida-con-profecia\/#breadcrumb","itemListElement":[{"@type":"ListItem","position":1,"name":"Portada","item":"https:\/\/exaudi.org\/es\/"},{"@type":"ListItem","position":2,"name":"La Iglesia en Hungr\u00eda d\u00e9 testimonio de una \u201cacogida con profec\u00eda\u201d"}]},{"@type":"WebSite","@id":"https:\/\/exaudi.org\/#website","url":"https:\/\/exaudi.org\/","name":"Exaudi","description":"News","potentialAction":[{"@type":"SearchAction","target":{"@type":"EntryPoint","urlTemplate":"https:\/\/exaudi.org\/?s={search_term_string}"},"query-input":{"@type":"PropertyValueSpecification","valueRequired":true,"valueName":"search_term_string"}}],"inLanguage":"es"},{"@type":"Person","@id":"https:\/\/exaudi.org\/#\/schema\/person\/f5fc8f063065e38742da7afe15f25df7","name":"Exaudi Redacci\u00f3n","image":{"@type":"ImageObject","inLanguage":"es","@id":"https:\/\/secure.gravatar.com\/avatar\/fe0f6a059fb68d9b3e11bc5850dd4899b1c7492091a3cb6dd9b01b56ad828be2?s=96&d=mm&r=g","url":"https:\/\/secure.gravatar.com\/avatar\/fe0f6a059fb68d9b3e11bc5850dd4899b1c7492091a3cb6dd9b01b56ad828be2?s=96&d=mm&r=g","contentUrl":"https:\/\/secure.gravatar.com\/avatar\/fe0f6a059fb68d9b3e11bc5850dd4899b1c7492091a3cb6dd9b01b56ad828be2?s=96&d=mm&r=g","caption":"Exaudi Redacci\u00f3n"},"description":"\u00bfQu\u00e9 es Exaudi News? Exaudi News es un medio de comunicaci\u00f3n cat\u00f3lico internacional que informa, forma y transforma, diariamente en espa\u00f1ol, ingl\u00e9s e italiano. A trav\u00e9s de noticias, art\u00edculos de an\u00e1lisis y transmisiones en directo de los eventos del Papa, Exaudi busca fortalecer la unidad de los cristianos y contribuir a la evangelizaci\u00f3n del mundo, siempre guiados por la doctrina social de la Iglesia. Trabajamos para acercar la verdad y los valores cristianos a cada rinc\u00f3n del planeta. \u00a1Ay\u00fadanos a transformar el mundo con Exaudi! En Exaudi creemos que la evangelizaci\u00f3n y la informaci\u00f3n de calidad pueden cambiar vidas. Para continuar con nuestra misi\u00f3n y expandir nuestro alcance, necesitamos tu ayuda. Adem\u00e1s, buscamos personas comprometidas que deseen unirse a nuestro equipo. Con tu apoyo, lograremos llegar a m\u00e1s personas, difundir el mensaje de Cristo y reforzar la unidad de los cristianos. \u00bfTe unes a nuestra misi\u00f3n? Para m\u00e1s informaci\u00f3n sobre c\u00f3mo colaborar, visita Exaudi.org\/es o cont\u00e1ctanos directamente: info@exaudi.org Exaudi: Informa, forma y transforma.","sameAs":["https:\/\/www.facebook.com\/ExaudiNoticias\/","https:\/\/www.instagram.com\/exaudi_noticias\/","https:\/\/x.com\/Exaudi_noticias","https:\/\/www.youtube.com\/@exaudicatholicnews"],"url":"https:\/\/exaudi.org\/es\/author\/redaccionexaudi\/"}]}},"jetpack_featured_media_url":"https:\/\/exaudi.org\/wp-content\/uploads\/2023\/04\/cq5dam.thumbnail.cropped.750.422-3-2.jpeg","jetpack_shortlink":"https:\/\/wp.me\/pgKjF2-jyl","_links":{"self":[{"href":"https:\/\/exaudi.org\/es\/wp-json\/wp\/v2\/posts\/75165","targetHints":{"allow":["GET"]}}],"collection":[{"href":"https:\/\/exaudi.org\/es\/wp-json\/wp\/v2\/posts"}],"about":[{"href":"https:\/\/exaudi.org\/es\/wp-json\/wp\/v2\/types\/post"}],"author":[{"embeddable":true,"href":"https:\/\/exaudi.org\/es\/wp-json\/wp\/v2\/users\/15"}],"replies":[{"embeddable":true,"href":"https:\/\/exaudi.org\/es\/wp-json\/wp\/v2\/comments?post=75165"}],"version-history":[{"count":0,"href":"https:\/\/exaudi.org\/es\/wp-json\/wp\/v2\/posts\/75165\/revisions"}],"wp:featuredmedia":[{"embeddable":true,"href":"https:\/\/exaudi.org\/es\/wp-json\/wp\/v2\/media\/75166"}],"wp:attachment":[{"href":"https:\/\/exaudi.org\/es\/wp-json\/wp\/v2\/media?parent=75165"}],"wp:term":[{"taxonomy":"category","embeddable":true,"href":"https:\/\/exaudi.org\/es\/wp-json\/wp\/v2\/categories?post=75165"},{"taxonomy":"post_tag","embeddable":true,"href":"https:\/\/exaudi.org\/es\/wp-json\/wp\/v2\/tags?post=75165"}],"curies":[{"name":"wp","href":"https:\/\/api.w.org\/{rel}","templated":true}]}}